{"id":93016,"date":"2013-10-30T19:28:49","date_gmt":"2013-10-30T18:28:49","guid":{"rendered":"https:\/\/sandzakpress.net\/arhiva\/?p=93016"},"modified":"2013-10-30T19:28:56","modified_gmt":"2013-10-30T18:28:56","slug":"srpski-reis-zilkic-molio-indonezane-da-ne-priznaju-nezavisnost-kosova","status":"publish","type":"post","link":"https:\/\/sandzakpress.net\/arhiva\/srpski-reis-zilkic-molio-indonezane-da-ne-priznaju-nezavisnost-kosova\/","title":{"rendered":"Srpski &#8220;reis&#8221; Zilki\u0107 molio Indone\u017eane da ne priznaju nezavisnost Kosova"},"content":{"rendered":"<p><img decoding=\"async\" class=\"alignleft\" alt=\"Adem-Zilkich-foto-BETA\" src=\"http:\/\/sandzaklive.rs\/images\/Ostalo\/Adem-Zilkich-foto-BETA.jpg\" width=\"410\" \/><strong>Sjeverni Sand\u017eak &#8211; Kako prenosi agencija Tanjug, proteklih dana u posjetu Indoneziji bili su srpski pstrijar Irinej. Patrijar Irinej sa sobom je poveo srpskog reisa Adema Zilki\u0107a. Izvje\u0161taj Tanjuga otkriva da je Zilki\u0107eva uloga bila jednostavna, on je po uputama patrijarha Irineja trebao ubijediti doma\u0107ine, prije svega indonezijsku islamsku ulemu, da u\u010dine sve da Indonezija ne prizna nezavisnost Kosova, pi\u0161e Saff.<\/strong><\/p>\n<p>\u201eZilki\u0107 je bio izri\u010dit da problemi na Kosovu nisu vjerske ve\u0107 nacionalne prirode. On je prijateljima iz Indonezije poru\u010dio da budu obazrivi i ne podlegnu jednostrano progla\u0161enoj kosovskoj nezavisnosti. Kao musliman on je zamolio predstavnike Nadlatul ulame (najve\u0107a islamska organizacija u Indoneziji) da podr\u017ee svoju vladu u dosljednom stavu oko kosovskog pitanja.<\/p>\n<p>(Saff)<\/p>\n","protected":false},"excerpt":{"rendered":"<p>Sjeverni Sand\u017eak &#8211; Kako prenosi agencija Tanjug, proteklih dana u posjetu Indoneziji bili su srpski pstrijar Irinej. Patrijar Irinej sa sobom je poveo srpskog reisa Adema Zilki\u0107a. Izvje\u0161taj Tanjuga otkriva da je Zilki\u0107eva uloga bila jednostavna, on je po uputama patrijarha Irineja trebao ubijediti doma\u0107ine, prije svega indonezijsku islamsku ulemu, da u\u010dine sve da Indonezija [&hellip;]<\/p>\n","protected":false},"author":83,"featured_media":93017,"comment_status":"open","ping_status":"open","sticky":false,"template":"","format":"standard","meta":{"footnotes":""},"categories":[72,1,52,327,392,8957],"tags":[10333],"class_list":{"0":"post-93016","1":"post","2":"type-post","3":"status-publish","4":"format-standard","5":"has-post-thumbnail","7":"category-novi-pazar","8":"category-politika","9":"category-sjenica","10":"category-tutin","11":"category-prijepolje_","12":"category-vijesti-dana","13":"tag-adem-zilkic"},"yoast_head":"<!-- This site is optimized with the Yoast SEO Premium plugin v23.1 (Yoast SEO v24.9) - https:\/\/yoast.com\/wordpress\/plugins\/seo\/ -->\n<title>Srpski &quot;reis&quot; Zilki\u0107 molio Indone\u017eane da ne priznaju nezavisnost Kosova<\/title>\n<meta name=\"robots\" content=\"index, follow, max-snippet:-1, max-image-preview:large, max-video-preview:-1\" \/>\n<link rel=\"canonical\" href=\"https:\/\/sandzakpress.net\/arhiva\/srpski-reis-zilkic-molio-indonezane-da-ne-priznaju-nezavisnost-kosova\/\" \/>\n<meta property=\"og:locale\" content=\"bs_BA\" \/>\n<meta property=\"og:type\" content=\"article\" \/>\n<meta property=\"og:title\" content=\"Srpski &quot;reis&quot; Zilki\u0107 molio Indone\u017eane da ne priznaju nezavisnost Kosova\" \/>\n<meta property=\"og:description\" content=\"Sjeverni Sand\u017eak &#8211; Kako prenosi agencija Tanjug, proteklih dana u posjetu Indoneziji bili su srpski pstrijar Irinej. Patrijar Irinej sa sobom je poveo srpskog reisa Adema Zilki\u0107a. Izvje\u0161taj Tanjuga otkriva da je Zilki\u0107eva uloga bila jednostavna, on je po uputama patrijarha Irineja trebao ubijediti doma\u0107ine, prije svega indonezijsku islamsku ulemu, da u\u010dine sve da Indonezija [&hellip;]\" \/>\n<meta property=\"og:url\" content=\"https:\/\/sandzakpress.net\/arhiva\/srpski-reis-zilkic-molio-indonezane-da-ne-priznaju-nezavisnost-kosova\/\" \/>\n<meta property=\"og:site_name\" content=\"Sand\u017eak PRESS\" \/>\n<meta property=\"article:published_time\" content=\"2013-10-30T18:28:49+00:00\" \/>\n<meta property=\"article:modified_time\" content=\"2013-10-30T18:28:56+00:00\" \/>\n<meta property=\"og:image\" content=\"https:\/\/sandzakpress.net\/arhiva\/wp-content\/uploads\/2013\/10\/Adem-Zilkich-foto-BETA.jpg\" \/>\n\t<meta property=\"og:image:width\" content=\"316\" \/>\n\t<meta property=\"og:image:height\" content=\"253\" \/>\n\t<meta property=\"og:image:type\" content=\"image\/jpeg\" \/>\n<meta name=\"author\" content=\"bosniak\" \/>\n<meta name=\"twitter:card\" content=\"summary_large_image\" \/>\n<meta name=\"twitter:label1\" content=\"Written by\" \/>\n\t<meta name=\"twitter:data1\" content=\"bosniak\" \/>\n\t<meta name=\"twitter:label2\" content=\"Est. reading time\" \/>\n\t<meta name=\"twitter:data2\" content=\"1 minuta\" \/>\n<script type=\"application\/ld+json\" class=\"yoast-schema-graph\">{\"@context\":\"https:\/\/schema.org\",\"@graph\":[{\"@type\":\"Article\",\"@id\":\"https:\/\/sandzakpress.net\/arhiva\/srpski-reis-zilkic-molio-indonezane-da-ne-priznaju-nezavisnost-kosova\/#article\",\"isPartOf\":{\"@id\":\"https:\/\/sandzakpress.net\/arhiva\/srpski-reis-zilkic-molio-indonezane-da-ne-priznaju-nezavisnost-kosova\/\"},\"author\":{\"name\":\"bosniak\",\"@id\":\"https:\/\/sandzakpress.net\/arhiva\/#\/schema\/person\/c8baee722073534b583ea7bdb2e36c02\"},\"headline\":\"Srpski &#8220;reis&#8221; Zilki\u0107 molio Indone\u017eane da ne priznaju nezavisnost Kosova\",\"datePublished\":\"2013-10-30T18:28:49+00:00\",\"dateModified\":\"2013-10-30T18:28:56+00:00\",\"mainEntityOfPage\":{\"@id\":\"https:\/\/sandzakpress.net\/arhiva\/srpski-reis-zilkic-molio-indonezane-da-ne-priznaju-nezavisnost-kosova\/\"},\"wordCount\":137,\"commentCount\":6,\"publisher\":{\"@id\":\"https:\/\/sandzakpress.net\/arhiva\/#\/schema\/person\/6e72b67d6e51910a1117b3b483ba20bd\"},\"image\":{\"@id\":\"https:\/\/sandzakpress.net\/arhiva\/srpski-reis-zilkic-molio-indonezane-da-ne-priznaju-nezavisnost-kosova\/#primaryimage\"},\"thumbnailUrl\":\"https:\/\/sandzakpress.net\/arhiva\/wp-content\/uploads\/2013\/10\/Adem-Zilkich-foto-BETA.jpg\",\"keywords\":[\"Adem Zilki\u0107\"],\"articleSection\":[\"Novi Pazar\",\"Politika\",\"Sjenica\",\"Tutin\",\"Prijepolje\",\"VIJESTI DANA\"],\"inLanguage\":\"bs-BA\",\"potentialAction\":[{\"@type\":\"CommentAction\",\"name\":\"Comment\",\"target\":[\"https:\/\/sandzakpress.net\/arhiva\/srpski-reis-zilkic-molio-indonezane-da-ne-priznaju-nezavisnost-kosova\/#respond\"]}]},{\"@type\":\"WebPage\",\"@id\":\"https:\/\/sandzakpress.net\/arhiva\/srpski-reis-zilkic-molio-indonezane-da-ne-priznaju-nezavisnost-kosova\/\",\"url\":\"https:\/\/sandzakpress.net\/arhiva\/srpski-reis-zilkic-molio-indonezane-da-ne-priznaju-nezavisnost-kosova\/\",\"name\":\"Srpski \\\"reis\\\" Zilki\u0107 molio Indone\u017eane da ne priznaju nezavisnost Kosova\",\"isPartOf\":{\"@id\":\"https:\/\/sandzakpress.net\/arhiva\/#website\"},\"primaryImageOfPage\":{\"@id\":\"https:\/\/sandzakpress.net\/arhiva\/srpski-reis-zilkic-molio-indonezane-da-ne-priznaju-nezavisnost-kosova\/#primaryimage\"},\"image\":{\"@id\":\"https:\/\/sandzakpress.net\/arhiva\/srpski-reis-zilkic-molio-indonezane-da-ne-priznaju-nezavisnost-kosova\/#primaryimage\"},\"thumbnailUrl\":\"https:\/\/sandzakpress.net\/arhiva\/wp-content\/uploads\/2013\/10\/Adem-Zilkich-foto-BETA.jpg\",\"datePublished\":\"2013-10-30T18:28:49+00:00\",\"dateModified\":\"2013-10-30T18:28:56+00:00\",\"breadcrumb\":{\"@id\":\"https:\/\/sandzakpress.net\/arhiva\/srpski-reis-zilkic-molio-indonezane-da-ne-priznaju-nezavisnost-kosova\/#breadcrumb\"},\"inLanguage\":\"bs-BA\",\"potentialAction\":[{\"@type\":\"ReadAction\",\"target\":[\"https:\/\/sandzakpress.net\/arhiva\/srpski-reis-zilkic-molio-indonezane-da-ne-priznaju-nezavisnost-kosova\/\"]}]},{\"@type\":\"ImageObject\",\"inLanguage\":\"bs-BA\",\"@id\":\"https:\/\/sandzakpress.net\/arhiva\/srpski-reis-zilkic-molio-indonezane-da-ne-priznaju-nezavisnost-kosova\/#primaryimage\",\"url\":\"https:\/\/sandzakpress.net\/arhiva\/wp-content\/uploads\/2013\/10\/Adem-Zilkich-foto-BETA.jpg\",\"contentUrl\":\"https:\/\/sandzakpress.net\/arhiva\/wp-content\/uploads\/2013\/10\/Adem-Zilkich-foto-BETA.jpg\",\"width\":316,\"height\":253},{\"@type\":\"BreadcrumbList\",\"@id\":\"https:\/\/sandzakpress.net\/arhiva\/srpski-reis-zilkic-molio-indonezane-da-ne-priznaju-nezavisnost-kosova\/#breadcrumb\",\"itemListElement\":[{\"@type\":\"ListItem\",\"position\":1,\"name\":\"Home\",\"item\":\"https:\/\/sandzakpress.net\/arhiva\/\"},{\"@type\":\"ListItem\",\"position\":2,\"name\":\"Srpski &#8220;reis&#8221; Zilki\u0107 molio Indone\u017eane da ne priznaju nezavisnost Kosova\"}]},{\"@type\":\"WebSite\",\"@id\":\"https:\/\/sandzakpress.net\/arhiva\/#website\",\"url\":\"https:\/\/sandzakpress.net\/arhiva\/\",\"name\":\"Sand\u017eak PRESS\",\"description\":\"Prve elektronske novine u Sand\u017eaku\",\"publisher\":{\"@id\":\"https:\/\/sandzakpress.net\/arhiva\/#\/schema\/person\/6e72b67d6e51910a1117b3b483ba20bd\"},\"potentialAction\":[{\"@type\":\"SearchAction\",\"target\":{\"@type\":\"EntryPoint\",\"urlTemplate\":\"https:\/\/sandzakpress.net\/arhiva\/?s={search_term_string}\"},\"query-input\":{\"@type\":\"PropertyValueSpecification\",\"valueRequired\":true,\"valueName\":\"search_term_string\"}}],\"inLanguage\":\"bs-BA\"},{\"@type\":[\"Person\",\"Organization\"],\"@id\":\"https:\/\/sandzakpress.net\/arhiva\/#\/schema\/person\/6e72b67d6e51910a1117b3b483ba20bd\",\"name\":\"Kul\",\"image\":{\"@type\":\"ImageObject\",\"inLanguage\":\"bs-BA\",\"@id\":\"https:\/\/sandzakpress.net\/arhiva\/#\/schema\/person\/image\/\",\"url\":\"https:\/\/secure.gravatar.com\/avatar\/42263f39aa27ac04c43cab85c280eb2e?s=96&d=mm&r=pg\",\"contentUrl\":\"https:\/\/secure.gravatar.com\/avatar\/42263f39aa27ac04c43cab85c280eb2e?s=96&d=mm&r=pg\",\"caption\":\"Kul\"},\"logo\":{\"@id\":\"https:\/\/sandzakpress.net\/arhiva\/#\/schema\/person\/image\/\"}},{\"@type\":\"Person\",\"@id\":\"https:\/\/sandzakpress.net\/arhiva\/#\/schema\/person\/c8baee722073534b583ea7bdb2e36c02\",\"name\":\"bosniak\",\"image\":{\"@type\":\"ImageObject\",\"inLanguage\":\"bs-BA\",\"@id\":\"https:\/\/sandzakpress.net\/arhiva\/#\/schema\/person\/image\/\",\"url\":\"https:\/\/secure.gravatar.com\/avatar\/a04fd330bfe3a36a72a0ad4a6d89fca7?s=96&d=mm&r=pg\",\"contentUrl\":\"https:\/\/secure.gravatar.com\/avatar\/a04fd330bfe3a36a72a0ad4a6d89fca7?s=96&d=mm&r=pg\",\"caption\":\"bosniak\"},\"url\":\"https:\/\/sandzakpress.net\/arhiva\/author\/bosniak\/\"}]}<\/script>\n<!-- \/ Yoast SEO Premium plugin. -->","yoast_head_json":{"title":"Srpski \"reis\" Zilki\u0107 molio Indone\u017eane da ne priznaju nezavisnost Kosova","robots":{"index":"index","follow":"follow","max-snippet":"max-snippet:-1","max-image-preview":"max-image-preview:large","max-video-preview":"max-video-preview:-1"},"canonical":"https:\/\/sandzakpress.net\/arhiva\/srpski-reis-zilkic-molio-indonezane-da-ne-priznaju-nezavisnost-kosova\/","og_locale":"bs_BA","og_type":"article","og_title":"Srpski \"reis\" Zilki\u0107 molio Indone\u017eane da ne priznaju nezavisnost Kosova","og_description":"Sjeverni Sand\u017eak &#8211; Kako prenosi agencija Tanjug, proteklih dana u posjetu Indoneziji bili su srpski pstrijar Irinej. Patrijar Irinej sa sobom je poveo srpskog reisa Adema Zilki\u0107a. Izvje\u0161taj Tanjuga otkriva da je Zilki\u0107eva uloga bila jednostavna, on je po uputama patrijarha Irineja trebao ubijediti doma\u0107ine, prije svega indonezijsku islamsku ulemu, da u\u010dine sve da Indonezija [&hellip;]","og_url":"https:\/\/sandzakpress.net\/arhiva\/srpski-reis-zilkic-molio-indonezane-da-ne-priznaju-nezavisnost-kosova\/","og_site_name":"Sand\u017eak PRESS","article_published_time":"2013-10-30T18:28:49+00:00","article_modified_time":"2013-10-30T18:28:56+00:00","og_image":[{"width":316,"height":253,"url":"https:\/\/sandzakpress.net\/arhiva\/wp-content\/uploads\/2013\/10\/Adem-Zilkich-foto-BETA.jpg","type":"image\/jpeg"}],"author":"bosniak","twitter_card":"summary_large_image","twitter_misc":{"Written by":"bosniak","Est. reading time":"1 minuta"},"schema":{"@context":"https:\/\/schema.org","@graph":[{"@type":"Article","@id":"https:\/\/sandzakpress.net\/arhiva\/srpski-reis-zilkic-molio-indonezane-da-ne-priznaju-nezavisnost-kosova\/#article","isPartOf":{"@id":"https:\/\/sandzakpress.net\/arhiva\/srpski-reis-zilkic-molio-indonezane-da-ne-priznaju-nezavisnost-kosova\/"},"author":{"name":"bosniak","@id":"https:\/\/sandzakpress.net\/arhiva\/#\/schema\/person\/c8baee722073534b583ea7bdb2e36c02"},"headline":"Srpski &#8220;reis&#8221; Zilki\u0107 molio Indone\u017eane da ne priznaju nezavisnost Kosova","datePublished":"2013-10-30T18:28:49+00:00","dateModified":"2013-10-30T18:28:56+00:00","mainEntityOfPage":{"@id":"https:\/\/sandzakpress.net\/arhiva\/srpski-reis-zilkic-molio-indonezane-da-ne-priznaju-nezavisnost-kosova\/"},"wordCount":137,"commentCount":6,"publisher":{"@id":"https:\/\/sandzakpress.net\/arhiva\/#\/schema\/person\/6e72b67d6e51910a1117b3b483ba20bd"},"image":{"@id":"https:\/\/sandzakpress.net\/arhiva\/srpski-reis-zilkic-molio-indonezane-da-ne-priznaju-nezavisnost-kosova\/#primaryimage"},"thumbnailUrl":"https:\/\/sandzakpress.net\/arhiva\/wp-content\/uploads\/2013\/10\/Adem-Zilkich-foto-BETA.jpg","keywords":["Adem Zilki\u0107"],"articleSection":["Novi Pazar","Politika","Sjenica","Tutin","Prijepolje","VIJESTI DANA"],"inLanguage":"bs-BA","potentialAction":[{"@type":"CommentAction","name":"Comment","target":["https:\/\/sandzakpress.net\/arhiva\/srpski-reis-zilkic-molio-indonezane-da-ne-priznaju-nezavisnost-kosova\/#respond"]}]},{"@type":"WebPage","@id":"https:\/\/sandzakpress.net\/arhiva\/srpski-reis-zilkic-molio-indonezane-da-ne-priznaju-nezavisnost-kosova\/","url":"https:\/\/sandzakpress.net\/arhiva\/srpski-reis-zilkic-molio-indonezane-da-ne-priznaju-nezavisnost-kosova\/","name":"Srpski \"reis\" Zilki\u0107 molio Indone\u017eane da ne priznaju nezavisnost Kosova","isPartOf":{"@id":"https:\/\/sandzakpress.net\/arhiva\/#website"},"primaryImageOfPage":{"@id":"https:\/\/sandzakpress.net\/arhiva\/srpski-reis-zilkic-molio-indonezane-da-ne-priznaju-nezavisnost-kosova\/#primaryimage"},"image":{"@id":"https:\/\/sandzakpress.net\/arhiva\/srpski-reis-zilkic-molio-indonezane-da-ne-priznaju-nezavisnost-kosova\/#primaryimage"},"thumbnailUrl":"https:\/\/sandzakpress.net\/arhiva\/wp-content\/uploads\/2013\/10\/Adem-Zilkich-foto-BETA.jpg","datePublished":"2013-10-30T18:28:49+00:00","dateModified":"2013-10-30T18:28:56+00:00","breadcrumb":{"@id":"https:\/\/sandzakpress.net\/arhiva\/srpski-reis-zilkic-molio-indonezane-da-ne-priznaju-nezavisnost-kosova\/#breadcrumb"},"inLanguage":"bs-BA","potentialAction":[{"@type":"ReadAction","target":["https:\/\/sandzakpress.net\/arhiva\/srpski-reis-zilkic-molio-indonezane-da-ne-priznaju-nezavisnost-kosova\/"]}]},{"@type":"ImageObject","inLanguage":"bs-BA","@id":"https:\/\/sandzakpress.net\/arhiva\/srpski-reis-zilkic-molio-indonezane-da-ne-priznaju-nezavisnost-kosova\/#primaryimage","url":"https:\/\/sandzakpress.net\/arhiva\/wp-content\/uploads\/2013\/10\/Adem-Zilkich-foto-BETA.jpg","contentUrl":"https:\/\/sandzakpress.net\/arhiva\/wp-content\/uploads\/2013\/10\/Adem-Zilkich-foto-BETA.jpg","width":316,"height":253},{"@type":"BreadcrumbList","@id":"https:\/\/sandzakpress.net\/arhiva\/srpski-reis-zilkic-molio-indonezane-da-ne-priznaju-nezavisnost-kosova\/#breadcrumb","itemListElement":[{"@type":"ListItem","position":1,"name":"Home","item":"https:\/\/sandzakpress.net\/arhiva\/"},{"@type":"ListItem","position":2,"name":"Srpski &#8220;reis&#8221; Zilki\u0107 molio Indone\u017eane da ne priznaju nezavisnost Kosova"}]},{"@type":"WebSite","@id":"https:\/\/sandzakpress.net\/arhiva\/#website","url":"https:\/\/sandzakpress.net\/arhiva\/","name":"Sand\u017eak PRESS","description":"Prve elektronske novine u Sand\u017eaku","publisher":{"@id":"https:\/\/sandzakpress.net\/arhiva\/#\/schema\/person\/6e72b67d6e51910a1117b3b483ba20bd"},"potentialAction":[{"@type":"SearchAction","target":{"@type":"EntryPoint","urlTemplate":"https:\/\/sandzakpress.net\/arhiva\/?s={search_term_string}"},"query-input":{"@type":"PropertyValueSpecification","valueRequired":true,"valueName":"search_term_string"}}],"inLanguage":"bs-BA"},{"@type":["Person","Organization"],"@id":"https:\/\/sandzakpress.net\/arhiva\/#\/schema\/person\/6e72b67d6e51910a1117b3b483ba20bd","name":"Kul","image":{"@type":"ImageObject","inLanguage":"bs-BA","@id":"https:\/\/sandzakpress.net\/arhiva\/#\/schema\/person\/image\/","url":"https:\/\/secure.gravatar.com\/avatar\/42263f39aa27ac04c43cab85c280eb2e?s=96&d=mm&r=pg","contentUrl":"https:\/\/secure.gravatar.com\/avatar\/42263f39aa27ac04c43cab85c280eb2e?s=96&d=mm&r=pg","caption":"Kul"},"logo":{"@id":"https:\/\/sandzakpress.net\/arhiva\/#\/schema\/person\/image\/"}},{"@type":"Person","@id":"https:\/\/sandzakpress.net\/arhiva\/#\/schema\/person\/c8baee722073534b583ea7bdb2e36c02","name":"bosniak","image":{"@type":"ImageObject","inLanguage":"bs-BA","@id":"https:\/\/sandzakpress.net\/arhiva\/#\/schema\/person\/image\/","url":"https:\/\/secure.gravatar.com\/avatar\/a04fd330bfe3a36a72a0ad4a6d89fca7?s=96&d=mm&r=pg","contentUrl":"https:\/\/secure.gravatar.com\/avatar\/a04fd330bfe3a36a72a0ad4a6d89fca7?s=96&d=mm&r=pg","caption":"bosniak"},"url":"https:\/\/sandzakpress.net\/arhiva\/author\/bosniak\/"}]}},"_links":{"self":[{"href":"https:\/\/sandzakpress.net\/arhiva\/wp-json\/wp\/v2\/posts\/93016"}],"collection":[{"href":"https:\/\/sandzakpress.net\/arhiva\/wp-json\/wp\/v2\/posts"}],"about":[{"href":"https:\/\/sandzakpress.net\/arhiva\/wp-json\/wp\/v2\/types\/post"}],"author":[{"embeddable":true,"href":"https:\/\/sandzakpress.net\/arhiva\/wp-json\/wp\/v2\/users\/83"}],"replies":[{"embeddable":true,"href":"https:\/\/sandzakpress.net\/arhiva\/wp-json\/wp\/v2\/comments?post=93016"}],"version-history":[{"count":0,"href":"https:\/\/sandzakpress.net\/arhiva\/wp-json\/wp\/v2\/posts\/93016\/revisions"}],"wp:featuredmedia":[{"embeddable":true,"href":"https:\/\/sandzakpress.net\/arhiva\/wp-json\/wp\/v2\/media\/93017"}],"wp:attachment":[{"href":"https:\/\/sandzakpress.net\/arhiva\/wp-json\/wp\/v2\/media?parent=93016"}],"wp:term":[{"taxonomy":"category","embeddable":true,"href":"https:\/\/sandzakpress.net\/arhiva\/wp-json\/wp\/v2\/categories?post=93016"},{"taxonomy":"post_tag","embeddable":true,"href":"https:\/\/sandzakpress.net\/arhiva\/wp-json\/wp\/v2\/tags?post=93016"}],"curies":[{"name":"wp","href":"https:\/\/api.w.org\/{rel}","templated":true}]}}