{"id":9291,"date":"2010-10-24T00:59:58","date_gmt":"2010-10-23T22:59:58","guid":{"rendered":"https:\/\/sandzakpress.net\/arhiva\/?p=9291"},"modified":"2010-10-24T00:59:58","modified_gmt":"2010-10-23T22:59:58","slug":"zatrazena-provjera-preduzeca-u-sjenici","status":"publish","type":"post","link":"https:\/\/sandzakpress.net\/arhiva\/zatrazena-provjera-preduzeca-u-sjenici\/","title":{"rendered":"Zatra\u017eena provjera preduze\u0107a u Sjenici"},"content":{"rendered":"<p><strong><a href=\"https:\/\/sandzakpress.net\/arhiva\/wp-content\/uploads\/2010\/10\/24491.jpg\"><img loading=\"lazy\" decoding=\"async\" class=\"alignleft size-medium wp-image-9292\" title=\"24491\" src=\"https:\/\/sandzakpress.net\/arhiva\/wp-content\/uploads\/2010\/10\/24491-300x225.jpg\" alt=\"\" width=\"300\" height=\"225\" \/><\/a>Sjenica &#8211; Radnici vi\u0161e privatizovanih preduze\u0107a u Sjenici zatra\u017eili su policijsku istragu o prodaji tih firmi u kojima je radilo nekoliko hiljada radnika.<br \/>\n<\/strong><br \/>\nPredstavnik radnika Bajazit Hod\u017ei\u0107 rekao je Sto plus radiju da se tra\u017ei provjera na\u010dina privatizacije PIK &#8220;Pe\u0161ter&#8221;, &#8220;Konfekcije Vesna&#8221;, &#8220;Autotransporta&#8221;, &#8220;Napretka&#8221;, &#8220;Novogradnje&#8221;, sjeni\u010dkih preduze\u0107a za trgovinu i ugostiteljstvo, kao i jednog pogona novopazarske konfekcije Ra\u0161ka u tom gradu.<\/p>\n<p>&#8211; Jedan dio dokumentacije smo ve\u0107 predali policiji. Dobili smo uveravanja da \u0107e, u saradnji sa tu\u017eila\u0161tvom, biti ispitane okolnosti pod kojima su privatizovana na\u0161a preduze\u0107a. Vjerujemo da je u toku privatizacije bilo niz zloupotreba i malverzacija &#8211; rekao je Hod\u017ei\u0107. On je ocijenio da je prijava policiji &#8220;posljednja \u0161ansa&#8221; radnika da ostvare svoja prava.<\/p>\n<p>&#8211; Radnicima nisu ispla\u0107ene zaostale zarade, nije im povezan radni sta\u017e i ostali su na ulici &#8211; rekao je Hod\u017ei\u0107. U osam sjeni\u010dkih preduze\u0107a koja vi\u0161e ne rade nekada je bilo zaposleno oko 4.500 radnika.<\/p>\n<p>Izvor: <strong>Kurir-info.rs<\/strong><\/p>\n","protected":false},"excerpt":{"rendered":"<p>Sjenica &#8211; Radnici vi\u0161e privatizovanih preduze\u0107a u Sjenici zatra\u017eili su policijsku istragu o prodaji tih firmi u kojima je radilo nekoliko hiljada radnika. Predstavnik radnika Bajazit Hod\u017ei\u0107 rekao je Sto plus radiju da se tra\u017ei provjera na\u010dina privatizacije PIK &#8220;Pe\u0161ter&#8221;, &#8220;Konfekcije Vesna&#8221;, &#8220;Autotransporta&#8221;, &#8220;Napretka&#8221;, &#8220;Novogradnje&#8221;, sjeni\u010dkih preduze\u0107a za trgovinu i ugostiteljstvo, kao i jednog pogona [&hellip;]<\/p>\n","protected":false},"author":83,"featured_media":9292,"comment_status":"open","ping_status":"open","sticky":false,"template":"","format":"standard","meta":{"footnotes":""},"categories":[52,3],"tags":[],"class_list":{"0":"post-9291","1":"post","2":"type-post","3":"status-publish","4":"format-standard","5":"has-post-thumbnail","7":"category-sjenica","8":"category-privreda"},"yoast_head":"<!-- This site is optimized with the Yoast SEO Premium plugin v23.1 (Yoast SEO v24.9) - https:\/\/yoast.com\/wordpress\/plugins\/seo\/ -->\n<title>Zatra\u017eena provjera preduze\u0107a u Sjenici<\/title>\n<meta name=\"robots\" content=\"index, follow, max-snippet:-1, max-image-preview:large, max-video-preview:-1\" \/>\n<link rel=\"canonical\" href=\"https:\/\/sandzakpress.net\/arhiva\/zatrazena-provjera-preduzeca-u-sjenici\/\" \/>\n<meta property=\"og:locale\" content=\"bs_BA\" \/>\n<meta property=\"og:type\" content=\"article\" \/>\n<meta property=\"og:title\" content=\"Zatra\u017eena provjera preduze\u0107a u Sjenici\" \/>\n<meta property=\"og:description\" content=\"Sjenica &#8211; Radnici vi\u0161e privatizovanih preduze\u0107a u Sjenici zatra\u017eili su policijsku istragu o prodaji tih firmi u kojima je radilo nekoliko hiljada radnika. Predstavnik radnika Bajazit Hod\u017ei\u0107 rekao je Sto plus radiju da se tra\u017ei provjera na\u010dina privatizacije PIK &#8220;Pe\u0161ter&#8221;, &#8220;Konfekcije Vesna&#8221;, &#8220;Autotransporta&#8221;, &#8220;Napretka&#8221;, &#8220;Novogradnje&#8221;, sjeni\u010dkih preduze\u0107a za trgovinu i ugostiteljstvo, kao i jednog pogona [&hellip;]\" \/>\n<meta property=\"og:url\" content=\"https:\/\/sandzakpress.net\/arhiva\/zatrazena-provjera-preduzeca-u-sjenici\/\" \/>\n<meta property=\"og:site_name\" content=\"Sand\u017eak PRESS\" \/>\n<meta property=\"article:published_time\" content=\"2010-10-23T22:59:58+00:00\" \/>\n<meta property=\"og:image\" content=\"https:\/\/sandzakpress.net\/arhiva\/wp-content\/uploads\/2010\/10\/24491.jpg\" \/>\n\t<meta property=\"og:image:width\" content=\"616\" \/>\n\t<meta property=\"og:image:height\" content=\"462\" \/>\n\t<meta property=\"og:image:type\" content=\"image\/jpeg\" \/>\n<meta name=\"author\" content=\"bosniak\" \/>\n<meta name=\"twitter:card\" content=\"summary_large_image\" \/>\n<meta name=\"twitter:label1\" content=\"Written by\" \/>\n\t<meta name=\"twitter:data1\" content=\"bosniak\" \/>\n\t<meta name=\"twitter:label2\" content=\"Est. reading time\" \/>\n\t<meta name=\"twitter:data2\" content=\"1 minuta\" \/>\n<script type=\"application\/ld+json\" class=\"yoast-schema-graph\">{\"@context\":\"https:\/\/schema.org\",\"@graph\":[{\"@type\":\"Article\",\"@id\":\"https:\/\/sandzakpress.net\/arhiva\/zatrazena-provjera-preduzeca-u-sjenici\/#article\",\"isPartOf\":{\"@id\":\"https:\/\/sandzakpress.net\/arhiva\/zatrazena-provjera-preduzeca-u-sjenici\/\"},\"author\":{\"name\":\"bosniak\",\"@id\":\"https:\/\/sandzakpress.net\/arhiva\/#\/schema\/person\/c8baee722073534b583ea7bdb2e36c02\"},\"headline\":\"Zatra\u017eena provjera preduze\u0107a u Sjenici\",\"datePublished\":\"2010-10-23T22:59:58+00:00\",\"mainEntityOfPage\":{\"@id\":\"https:\/\/sandzakpress.net\/arhiva\/zatrazena-provjera-preduzeca-u-sjenici\/\"},\"wordCount\":180,\"commentCount\":0,\"publisher\":{\"@id\":\"https:\/\/sandzakpress.net\/arhiva\/#\/schema\/person\/6e72b67d6e51910a1117b3b483ba20bd\"},\"image\":{\"@id\":\"https:\/\/sandzakpress.net\/arhiva\/zatrazena-provjera-preduzeca-u-sjenici\/#primaryimage\"},\"thumbnailUrl\":\"https:\/\/sandzakpress.net\/arhiva\/wp-content\/uploads\/2010\/10\/24491.jpg\",\"articleSection\":[\"Sjenica\",\"Privreda\"],\"inLanguage\":\"bs-BA\",\"potentialAction\":[{\"@type\":\"CommentAction\",\"name\":\"Comment\",\"target\":[\"https:\/\/sandzakpress.net\/arhiva\/zatrazena-provjera-preduzeca-u-sjenici\/#respond\"]}]},{\"@type\":\"WebPage\",\"@id\":\"https:\/\/sandzakpress.net\/arhiva\/zatrazena-provjera-preduzeca-u-sjenici\/\",\"url\":\"https:\/\/sandzakpress.net\/arhiva\/zatrazena-provjera-preduzeca-u-sjenici\/\",\"name\":\"Zatra\u017eena provjera preduze\u0107a u Sjenici\",\"isPartOf\":{\"@id\":\"https:\/\/sandzakpress.net\/arhiva\/#website\"},\"primaryImageOfPage\":{\"@id\":\"https:\/\/sandzakpress.net\/arhiva\/zatrazena-provjera-preduzeca-u-sjenici\/#primaryimage\"},\"image\":{\"@id\":\"https:\/\/sandzakpress.net\/arhiva\/zatrazena-provjera-preduzeca-u-sjenici\/#primaryimage\"},\"thumbnailUrl\":\"https:\/\/sandzakpress.net\/arhiva\/wp-content\/uploads\/2010\/10\/24491.jpg\",\"datePublished\":\"2010-10-23T22:59:58+00:00\",\"breadcrumb\":{\"@id\":\"https:\/\/sandzakpress.net\/arhiva\/zatrazena-provjera-preduzeca-u-sjenici\/#breadcrumb\"},\"inLanguage\":\"bs-BA\",\"potentialAction\":[{\"@type\":\"ReadAction\",\"target\":[\"https:\/\/sandzakpress.net\/arhiva\/zatrazena-provjera-preduzeca-u-sjenici\/\"]}]},{\"@type\":\"ImageObject\",\"inLanguage\":\"bs-BA\",\"@id\":\"https:\/\/sandzakpress.net\/arhiva\/zatrazena-provjera-preduzeca-u-sjenici\/#primaryimage\",\"url\":\"https:\/\/sandzakpress.net\/arhiva\/wp-content\/uploads\/2010\/10\/24491.jpg\",\"contentUrl\":\"https:\/\/sandzakpress.net\/arhiva\/wp-content\/uploads\/2010\/10\/24491.jpg\",\"width\":616,\"height\":462},{\"@type\":\"BreadcrumbList\",\"@id\":\"https:\/\/sandzakpress.net\/arhiva\/zatrazena-provjera-preduzeca-u-sjenici\/#breadcrumb\",\"itemListElement\":[{\"@type\":\"ListItem\",\"position\":1,\"name\":\"Home\",\"item\":\"https:\/\/sandzakpress.net\/arhiva\/\"},{\"@type\":\"ListItem\",\"position\":2,\"name\":\"Zatra\u017eena provjera preduze\u0107a u Sjenici\"}]},{\"@type\":\"WebSite\",\"@id\":\"https:\/\/sandzakpress.net\/arhiva\/#website\",\"url\":\"https:\/\/sandzakpress.net\/arhiva\/\",\"name\":\"Sand\u017eak PRESS\",\"description\":\"Prve elektronske novine u Sand\u017eaku\",\"publisher\":{\"@id\":\"https:\/\/sandzakpress.net\/arhiva\/#\/schema\/person\/6e72b67d6e51910a1117b3b483ba20bd\"},\"potentialAction\":[{\"@type\":\"SearchAction\",\"target\":{\"@type\":\"EntryPoint\",\"urlTemplate\":\"https:\/\/sandzakpress.net\/arhiva\/?s={search_term_string}\"},\"query-input\":{\"@type\":\"PropertyValueSpecification\",\"valueRequired\":true,\"valueName\":\"search_term_string\"}}],\"inLanguage\":\"bs-BA\"},{\"@type\":[\"Person\",\"Organization\"],\"@id\":\"https:\/\/sandzakpress.net\/arhiva\/#\/schema\/person\/6e72b67d6e51910a1117b3b483ba20bd\",\"name\":\"Kul\",\"image\":{\"@type\":\"ImageObject\",\"inLanguage\":\"bs-BA\",\"@id\":\"https:\/\/sandzakpress.net\/arhiva\/#\/schema\/person\/image\/\",\"url\":\"https:\/\/secure.gravatar.com\/avatar\/42263f39aa27ac04c43cab85c280eb2e?s=96&d=mm&r=pg\",\"contentUrl\":\"https:\/\/secure.gravatar.com\/avatar\/42263f39aa27ac04c43cab85c280eb2e?s=96&d=mm&r=pg\",\"caption\":\"Kul\"},\"logo\":{\"@id\":\"https:\/\/sandzakpress.net\/arhiva\/#\/schema\/person\/image\/\"}},{\"@type\":\"Person\",\"@id\":\"https:\/\/sandzakpress.net\/arhiva\/#\/schema\/person\/c8baee722073534b583ea7bdb2e36c02\",\"name\":\"bosniak\",\"image\":{\"@type\":\"ImageObject\",\"inLanguage\":\"bs-BA\",\"@id\":\"https:\/\/sandzakpress.net\/arhiva\/#\/schema\/person\/image\/\",\"url\":\"https:\/\/secure.gravatar.com\/avatar\/a04fd330bfe3a36a72a0ad4a6d89fca7?s=96&d=mm&r=pg\",\"contentUrl\":\"https:\/\/secure.gravatar.com\/avatar\/a04fd330bfe3a36a72a0ad4a6d89fca7?s=96&d=mm&r=pg\",\"caption\":\"bosniak\"},\"url\":\"https:\/\/sandzakpress.net\/arhiva\/author\/bosniak\/\"}]}<\/script>\n<!-- \/ Yoast SEO Premium plugin. -->","yoast_head_json":{"title":"Zatra\u017eena provjera preduze\u0107a u Sjenici","robots":{"index":"index","follow":"follow","max-snippet":"max-snippet:-1","max-image-preview":"max-image-preview:large","max-video-preview":"max-video-preview:-1"},"canonical":"https:\/\/sandzakpress.net\/arhiva\/zatrazena-provjera-preduzeca-u-sjenici\/","og_locale":"bs_BA","og_type":"article","og_title":"Zatra\u017eena provjera preduze\u0107a u Sjenici","og_description":"Sjenica &#8211; Radnici vi\u0161e privatizovanih preduze\u0107a u Sjenici zatra\u017eili su policijsku istragu o prodaji tih firmi u kojima je radilo nekoliko hiljada radnika. Predstavnik radnika Bajazit Hod\u017ei\u0107 rekao je Sto plus radiju da se tra\u017ei provjera na\u010dina privatizacije PIK &#8220;Pe\u0161ter&#8221;, &#8220;Konfekcije Vesna&#8221;, &#8220;Autotransporta&#8221;, &#8220;Napretka&#8221;, &#8220;Novogradnje&#8221;, sjeni\u010dkih preduze\u0107a za trgovinu i ugostiteljstvo, kao i jednog pogona [&hellip;]","og_url":"https:\/\/sandzakpress.net\/arhiva\/zatrazena-provjera-preduzeca-u-sjenici\/","og_site_name":"Sand\u017eak PRESS","article_published_time":"2010-10-23T22:59:58+00:00","og_image":[{"width":616,"height":462,"url":"https:\/\/sandzakpress.net\/arhiva\/wp-content\/uploads\/2010\/10\/24491.jpg","type":"image\/jpeg"}],"author":"bosniak","twitter_card":"summary_large_image","twitter_misc":{"Written by":"bosniak","Est. reading time":"1 minuta"},"schema":{"@context":"https:\/\/schema.org","@graph":[{"@type":"Article","@id":"https:\/\/sandzakpress.net\/arhiva\/zatrazena-provjera-preduzeca-u-sjenici\/#article","isPartOf":{"@id":"https:\/\/sandzakpress.net\/arhiva\/zatrazena-provjera-preduzeca-u-sjenici\/"},"author":{"name":"bosniak","@id":"https:\/\/sandzakpress.net\/arhiva\/#\/schema\/person\/c8baee722073534b583ea7bdb2e36c02"},"headline":"Zatra\u017eena provjera preduze\u0107a u Sjenici","datePublished":"2010-10-23T22:59:58+00:00","mainEntityOfPage":{"@id":"https:\/\/sandzakpress.net\/arhiva\/zatrazena-provjera-preduzeca-u-sjenici\/"},"wordCount":180,"commentCount":0,"publisher":{"@id":"https:\/\/sandzakpress.net\/arhiva\/#\/schema\/person\/6e72b67d6e51910a1117b3b483ba20bd"},"image":{"@id":"https:\/\/sandzakpress.net\/arhiva\/zatrazena-provjera-preduzeca-u-sjenici\/#primaryimage"},"thumbnailUrl":"https:\/\/sandzakpress.net\/arhiva\/wp-content\/uploads\/2010\/10\/24491.jpg","articleSection":["Sjenica","Privreda"],"inLanguage":"bs-BA","potentialAction":[{"@type":"CommentAction","name":"Comment","target":["https:\/\/sandzakpress.net\/arhiva\/zatrazena-provjera-preduzeca-u-sjenici\/#respond"]}]},{"@type":"WebPage","@id":"https:\/\/sandzakpress.net\/arhiva\/zatrazena-provjera-preduzeca-u-sjenici\/","url":"https:\/\/sandzakpress.net\/arhiva\/zatrazena-provjera-preduzeca-u-sjenici\/","name":"Zatra\u017eena provjera preduze\u0107a u Sjenici","isPartOf":{"@id":"https:\/\/sandzakpress.net\/arhiva\/#website"},"primaryImageOfPage":{"@id":"https:\/\/sandzakpress.net\/arhiva\/zatrazena-provjera-preduzeca-u-sjenici\/#primaryimage"},"image":{"@id":"https:\/\/sandzakpress.net\/arhiva\/zatrazena-provjera-preduzeca-u-sjenici\/#primaryimage"},"thumbnailUrl":"https:\/\/sandzakpress.net\/arhiva\/wp-content\/uploads\/2010\/10\/24491.jpg","datePublished":"2010-10-23T22:59:58+00:00","breadcrumb":{"@id":"https:\/\/sandzakpress.net\/arhiva\/zatrazena-provjera-preduzeca-u-sjenici\/#breadcrumb"},"inLanguage":"bs-BA","potentialAction":[{"@type":"ReadAction","target":["https:\/\/sandzakpress.net\/arhiva\/zatrazena-provjera-preduzeca-u-sjenici\/"]}]},{"@type":"ImageObject","inLanguage":"bs-BA","@id":"https:\/\/sandzakpress.net\/arhiva\/zatrazena-provjera-preduzeca-u-sjenici\/#primaryimage","url":"https:\/\/sandzakpress.net\/arhiva\/wp-content\/uploads\/2010\/10\/24491.jpg","contentUrl":"https:\/\/sandzakpress.net\/arhiva\/wp-content\/uploads\/2010\/10\/24491.jpg","width":616,"height":462},{"@type":"BreadcrumbList","@id":"https:\/\/sandzakpress.net\/arhiva\/zatrazena-provjera-preduzeca-u-sjenici\/#breadcrumb","itemListElement":[{"@type":"ListItem","position":1,"name":"Home","item":"https:\/\/sandzakpress.net\/arhiva\/"},{"@type":"ListItem","position":2,"name":"Zatra\u017eena provjera preduze\u0107a u Sjenici"}]},{"@type":"WebSite","@id":"https:\/\/sandzakpress.net\/arhiva\/#website","url":"https:\/\/sandzakpress.net\/arhiva\/","name":"Sand\u017eak PRESS","description":"Prve elektronske novine u Sand\u017eaku","publisher":{"@id":"https:\/\/sandzakpress.net\/arhiva\/#\/schema\/person\/6e72b67d6e51910a1117b3b483ba20bd"},"potentialAction":[{"@type":"SearchAction","target":{"@type":"EntryPoint","urlTemplate":"https:\/\/sandzakpress.net\/arhiva\/?s={search_term_string}"},"query-input":{"@type":"PropertyValueSpecification","valueRequired":true,"valueName":"search_term_string"}}],"inLanguage":"bs-BA"},{"@type":["Person","Organization"],"@id":"https:\/\/sandzakpress.net\/arhiva\/#\/schema\/person\/6e72b67d6e51910a1117b3b483ba20bd","name":"Kul","image":{"@type":"ImageObject","inLanguage":"bs-BA","@id":"https:\/\/sandzakpress.net\/arhiva\/#\/schema\/person\/image\/","url":"https:\/\/secure.gravatar.com\/avatar\/42263f39aa27ac04c43cab85c280eb2e?s=96&d=mm&r=pg","contentUrl":"https:\/\/secure.gravatar.com\/avatar\/42263f39aa27ac04c43cab85c280eb2e?s=96&d=mm&r=pg","caption":"Kul"},"logo":{"@id":"https:\/\/sandzakpress.net\/arhiva\/#\/schema\/person\/image\/"}},{"@type":"Person","@id":"https:\/\/sandzakpress.net\/arhiva\/#\/schema\/person\/c8baee722073534b583ea7bdb2e36c02","name":"bosniak","image":{"@type":"ImageObject","inLanguage":"bs-BA","@id":"https:\/\/sandzakpress.net\/arhiva\/#\/schema\/person\/image\/","url":"https:\/\/secure.gravatar.com\/avatar\/a04fd330bfe3a36a72a0ad4a6d89fca7?s=96&d=mm&r=pg","contentUrl":"https:\/\/secure.gravatar.com\/avatar\/a04fd330bfe3a36a72a0ad4a6d89fca7?s=96&d=mm&r=pg","caption":"bosniak"},"url":"https:\/\/sandzakpress.net\/arhiva\/author\/bosniak\/"}]}},"_links":{"self":[{"href":"https:\/\/sandzakpress.net\/arhiva\/wp-json\/wp\/v2\/posts\/9291"}],"collection":[{"href":"https:\/\/sandzakpress.net\/arhiva\/wp-json\/wp\/v2\/posts"}],"about":[{"href":"https:\/\/sandzakpress.net\/arhiva\/wp-json\/wp\/v2\/types\/post"}],"author":[{"embeddable":true,"href":"https:\/\/sandzakpress.net\/arhiva\/wp-json\/wp\/v2\/users\/83"}],"replies":[{"embeddable":true,"href":"https:\/\/sandzakpress.net\/arhiva\/wp-json\/wp\/v2\/comments?post=9291"}],"version-history":[{"count":0,"href":"https:\/\/sandzakpress.net\/arhiva\/wp-json\/wp\/v2\/posts\/9291\/revisions"}],"wp:featuredmedia":[{"embeddable":true,"href":"https:\/\/sandzakpress.net\/arhiva\/wp-json\/wp\/v2\/media\/9292"}],"wp:attachment":[{"href":"https:\/\/sandzakpress.net\/arhiva\/wp-json\/wp\/v2\/media?parent=9291"}],"wp:term":[{"taxonomy":"category","embeddable":true,"href":"https:\/\/sandzakpress.net\/arhiva\/wp-json\/wp\/v2\/categories?post=9291"},{"taxonomy":"post_tag","embeddable":true,"href":"https:\/\/sandzakpress.net\/arhiva\/wp-json\/wp\/v2\/tags?post=9291"}],"curies":[{"name":"wp","href":"https:\/\/api.w.org\/{rel}","templated":true}]}}