{"id":92832,"date":"2013-10-28T17:09:42","date_gmt":"2013-10-28T16:09:42","guid":{"rendered":"https:\/\/sandzakpress.net\/arhiva\/?p=92832"},"modified":"2013-10-28T17:09:42","modified_gmt":"2013-10-28T16:09:42","slug":"vece-ilahija-i-kasida-u-podgorici-povodom-nove-hidzretske-1435","status":"publish","type":"post","link":"https:\/\/sandzakpress.net\/arhiva\/vece-ilahija-i-kasida-u-podgorici-povodom-nove-hidzretske-1435\/","title":{"rendered":"Ve\u010de ilahija i kasida u Podgorici povodom Nove hid\u017eretske 1435."},"content":{"rendered":"<p><strong><a href=\"https:\/\/sandzakpress.net\/arhiva\/wp-content\/uploads\/2013\/10\/poster-VECE-ILAHIJA-I-KASIDA-2013-300x201.jpg\"><img loading=\"lazy\" decoding=\"async\" class=\"alignleft size-full wp-image-92833\" alt=\"poster-VECE-ILAHIJA-I-KASIDA-2013-300x201\" src=\"https:\/\/sandzakpress.net\/arhiva\/wp-content\/uploads\/2013\/10\/poster-VECE-ILAHIJA-I-KASIDA-2013-300x201.jpg\" width=\"300\" height=\"201\" \/><\/a>Crna Gora &#8211; Odbor islamske zajednice Podgorica organizovat \u0107e Ve\u010de ilahija i kasida povodom Nove hid\u017eretske 1435. godine u KIC-u \u201cBudo Tomovi\u0107\u201d 03.11.2013. godine s po\u010detkom u 19 \u010dasova. <\/strong><\/p>\n<p><strong>Povodom ovogodi\u0161njeg do\u010deka Nove hid\u017eretske 1435. godine bit \u0107e uprili\u010den bogat vjersko-umjetni\u010dki program gdje \u0107e odr\u017eati predavanje\u00a0prof. dr. hfz. Safvet Halilovi\u0107\u00a0na temu<em>\u201cKako da hid\u017era bude podstrek za novi po\u010detak u \u017eivotu?\u201d<\/em>. U kulturno-umjetni\u010dkom dijelu publici \u0107e se predstaviti\u00a0Eldin Husejinbegovi\u0107, poznati umjetnik iz Sarajevo koji izvodi ilahije, sevdalinke i autorske kompozicije. Pored njega ove godine \u0107e publika imati \u010dast da se upozna sa muzi\u010dkim umije\u0107em\u00a0Anele \u010cindrak, soliste na harmonici koja studira Muzi\u010dkoj akademiji na Cetinju. Na koncertu \u0107e se publici predstaviti i ESad Meruli\u0107, sekretar OIZ-e Podgorica sa svojim sevdahom.<\/strong><br \/>\nVe\u0107 je postala tradicija da se u Podgorici ovim povodom organizuje ve\u010deri ilahija i kasida i da se tom prilikom obrate vjerski autoriteti. Podgori\u010dki d\u017eematlije su imali priliku da se upoznaju sa velikim alimima iz na\u0161e domovine i dijaspore, te da budu svjedoci na\u0161em kulturno-umjetni\u010dkom bogatstvu. Stoga vas pozivamo da i ove godine prisustvujete jubilarnom, desetom obilje\u017eavanju Nove hid\u017eretske godine u Podgorici. Ulaz je 3 eura.<\/p>\n<p>(monteislam)<\/p>\n","protected":false},"excerpt":{"rendered":"<p>Crna Gora &#8211; Odbor islamske zajednice Podgorica organizovat \u0107e Ve\u010de ilahija i kasida povodom Nove hid\u017eretske 1435. godine u KIC-u \u201cBudo Tomovi\u0107\u201d 03.11.2013. godine s po\u010detkom u 19 \u010dasova. Povodom ovogodi\u0161njeg do\u010deka Nove hid\u017eretske 1435. godine bit \u0107e uprili\u010den bogat vjersko-umjetni\u010dki program gdje \u0107e odr\u017eati predavanje\u00a0prof. dr. hfz. Safvet Halilovi\u0107\u00a0na temu\u201cKako da hid\u017era bude podstrek [&hellip;]<\/p>\n","protected":false},"author":83,"featured_media":92833,"comment_status":"open","ping_status":"open","sticky":false,"template":"","format":"standard","meta":{"footnotes":""},"categories":[10308,802],"tags":[],"class_list":{"0":"post-92832","1":"post","2":"type-post","3":"status-publish","4":"format-standard","5":"has-post-thumbnail","7":"category-crna-gora","8":"category-islamska_zajednica"},"yoast_head":"<!-- This site is optimized with the Yoast SEO Premium plugin v23.1 (Yoast SEO v24.9) - https:\/\/yoast.com\/wordpress\/plugins\/seo\/ -->\n<title>Ve\u010de ilahija i kasida u Podgorici povodom Nove hid\u017eretske 1435.<\/title>\n<meta name=\"robots\" content=\"index, follow, max-snippet:-1, max-image-preview:large, max-video-preview:-1\" \/>\n<link rel=\"canonical\" href=\"https:\/\/sandzakpress.net\/arhiva\/vece-ilahija-i-kasida-u-podgorici-povodom-nove-hidzretske-1435\/\" \/>\n<meta property=\"og:locale\" content=\"bs_BA\" \/>\n<meta property=\"og:type\" content=\"article\" \/>\n<meta property=\"og:title\" content=\"Ve\u010de ilahija i kasida u Podgorici povodom Nove hid\u017eretske 1435.\" \/>\n<meta property=\"og:description\" content=\"Crna Gora &#8211; Odbor islamske zajednice Podgorica organizovat \u0107e Ve\u010de ilahija i kasida povodom Nove hid\u017eretske 1435. godine u KIC-u \u201cBudo Tomovi\u0107\u201d 03.11.2013. godine s po\u010detkom u 19 \u010dasova. Povodom ovogodi\u0161njeg do\u010deka Nove hid\u017eretske 1435. godine bit \u0107e uprili\u010den bogat vjersko-umjetni\u010dki program gdje \u0107e odr\u017eati predavanje\u00a0prof. dr. hfz. Safvet Halilovi\u0107\u00a0na temu\u201cKako da hid\u017era bude podstrek [&hellip;]\" \/>\n<meta property=\"og:url\" content=\"https:\/\/sandzakpress.net\/arhiva\/vece-ilahija-i-kasida-u-podgorici-povodom-nove-hidzretske-1435\/\" \/>\n<meta property=\"og:site_name\" content=\"Sand\u017eak PRESS\" \/>\n<meta property=\"article:published_time\" content=\"2013-10-28T16:09:42+00:00\" \/>\n<meta property=\"og:image\" content=\"https:\/\/sandzakpress.net\/arhiva\/wp-content\/uploads\/2013\/10\/poster-VECE-ILAHIJA-I-KASIDA-2013-300x201.jpg\" \/>\n\t<meta property=\"og:image:width\" content=\"300\" \/>\n\t<meta property=\"og:image:height\" content=\"201\" \/>\n\t<meta property=\"og:image:type\" content=\"image\/jpeg\" \/>\n<meta name=\"author\" content=\"bosniak\" \/>\n<meta name=\"twitter:card\" content=\"summary_large_image\" \/>\n<meta name=\"twitter:label1\" content=\"Written by\" \/>\n\t<meta name=\"twitter:data1\" content=\"bosniak\" \/>\n\t<meta name=\"twitter:label2\" content=\"Est. reading time\" \/>\n\t<meta name=\"twitter:data2\" content=\"1 minuta\" \/>\n<script type=\"application\/ld+json\" class=\"yoast-schema-graph\">{\"@context\":\"https:\/\/schema.org\",\"@graph\":[{\"@type\":\"Article\",\"@id\":\"https:\/\/sandzakpress.net\/arhiva\/vece-ilahija-i-kasida-u-podgorici-povodom-nove-hidzretske-1435\/#article\",\"isPartOf\":{\"@id\":\"https:\/\/sandzakpress.net\/arhiva\/vece-ilahija-i-kasida-u-podgorici-povodom-nove-hidzretske-1435\/\"},\"author\":{\"name\":\"bosniak\",\"@id\":\"https:\/\/sandzakpress.net\/arhiva\/#\/schema\/person\/c8baee722073534b583ea7bdb2e36c02\"},\"headline\":\"Ve\u010de ilahija i kasida u Podgorici povodom Nove hid\u017eretske 1435.\",\"datePublished\":\"2013-10-28T16:09:42+00:00\",\"mainEntityOfPage\":{\"@id\":\"https:\/\/sandzakpress.net\/arhiva\/vece-ilahija-i-kasida-u-podgorici-povodom-nove-hidzretske-1435\/\"},\"wordCount\":219,\"commentCount\":0,\"publisher\":{\"@id\":\"https:\/\/sandzakpress.net\/arhiva\/#\/schema\/person\/6e72b67d6e51910a1117b3b483ba20bd\"},\"image\":{\"@id\":\"https:\/\/sandzakpress.net\/arhiva\/vece-ilahija-i-kasida-u-podgorici-povodom-nove-hidzretske-1435\/#primaryimage\"},\"thumbnailUrl\":\"https:\/\/sandzakpress.net\/arhiva\/wp-content\/uploads\/2013\/10\/poster-VECE-ILAHIJA-I-KASIDA-2013-300x201.jpg\",\"articleSection\":[\"Crna Gora\",\"Islamska zajednica\"],\"inLanguage\":\"bs-BA\",\"potentialAction\":[{\"@type\":\"CommentAction\",\"name\":\"Comment\",\"target\":[\"https:\/\/sandzakpress.net\/arhiva\/vece-ilahija-i-kasida-u-podgorici-povodom-nove-hidzretske-1435\/#respond\"]}]},{\"@type\":\"WebPage\",\"@id\":\"https:\/\/sandzakpress.net\/arhiva\/vece-ilahija-i-kasida-u-podgorici-povodom-nove-hidzretske-1435\/\",\"url\":\"https:\/\/sandzakpress.net\/arhiva\/vece-ilahija-i-kasida-u-podgorici-povodom-nove-hidzretske-1435\/\",\"name\":\"Ve\u010de ilahija i kasida u Podgorici povodom Nove hid\u017eretske 1435.\",\"isPartOf\":{\"@id\":\"https:\/\/sandzakpress.net\/arhiva\/#website\"},\"primaryImageOfPage\":{\"@id\":\"https:\/\/sandzakpress.net\/arhiva\/vece-ilahija-i-kasida-u-podgorici-povodom-nove-hidzretske-1435\/#primaryimage\"},\"image\":{\"@id\":\"https:\/\/sandzakpress.net\/arhiva\/vece-ilahija-i-kasida-u-podgorici-povodom-nove-hidzretske-1435\/#primaryimage\"},\"thumbnailUrl\":\"https:\/\/sandzakpress.net\/arhiva\/wp-content\/uploads\/2013\/10\/poster-VECE-ILAHIJA-I-KASIDA-2013-300x201.jpg\",\"datePublished\":\"2013-10-28T16:09:42+00:00\",\"breadcrumb\":{\"@id\":\"https:\/\/sandzakpress.net\/arhiva\/vece-ilahija-i-kasida-u-podgorici-povodom-nove-hidzretske-1435\/#breadcrumb\"},\"inLanguage\":\"bs-BA\",\"potentialAction\":[{\"@type\":\"ReadAction\",\"target\":[\"https:\/\/sandzakpress.net\/arhiva\/vece-ilahija-i-kasida-u-podgorici-povodom-nove-hidzretske-1435\/\"]}]},{\"@type\":\"ImageObject\",\"inLanguage\":\"bs-BA\",\"@id\":\"https:\/\/sandzakpress.net\/arhiva\/vece-ilahija-i-kasida-u-podgorici-povodom-nove-hidzretske-1435\/#primaryimage\",\"url\":\"https:\/\/sandzakpress.net\/arhiva\/wp-content\/uploads\/2013\/10\/poster-VECE-ILAHIJA-I-KASIDA-2013-300x201.jpg\",\"contentUrl\":\"https:\/\/sandzakpress.net\/arhiva\/wp-content\/uploads\/2013\/10\/poster-VECE-ILAHIJA-I-KASIDA-2013-300x201.jpg\",\"width\":300,\"height\":201},{\"@type\":\"BreadcrumbList\",\"@id\":\"https:\/\/sandzakpress.net\/arhiva\/vece-ilahija-i-kasida-u-podgorici-povodom-nove-hidzretske-1435\/#breadcrumb\",\"itemListElement\":[{\"@type\":\"ListItem\",\"position\":1,\"name\":\"Home\",\"item\":\"https:\/\/sandzakpress.net\/arhiva\/\"},{\"@type\":\"ListItem\",\"position\":2,\"name\":\"Ve\u010de ilahija i kasida u Podgorici povodom Nove hid\u017eretske 1435.\"}]},{\"@type\":\"WebSite\",\"@id\":\"https:\/\/sandzakpress.net\/arhiva\/#website\",\"url\":\"https:\/\/sandzakpress.net\/arhiva\/\",\"name\":\"Sand\u017eak PRESS\",\"description\":\"Prve elektronske novine u Sand\u017eaku\",\"publisher\":{\"@id\":\"https:\/\/sandzakpress.net\/arhiva\/#\/schema\/person\/6e72b67d6e51910a1117b3b483ba20bd\"},\"potentialAction\":[{\"@type\":\"SearchAction\",\"target\":{\"@type\":\"EntryPoint\",\"urlTemplate\":\"https:\/\/sandzakpress.net\/arhiva\/?s={search_term_string}\"},\"query-input\":{\"@type\":\"PropertyValueSpecification\",\"valueRequired\":true,\"valueName\":\"search_term_string\"}}],\"inLanguage\":\"bs-BA\"},{\"@type\":[\"Person\",\"Organization\"],\"@id\":\"https:\/\/sandzakpress.net\/arhiva\/#\/schema\/person\/6e72b67d6e51910a1117b3b483ba20bd\",\"name\":\"Kul\",\"image\":{\"@type\":\"ImageObject\",\"inLanguage\":\"bs-BA\",\"@id\":\"https:\/\/sandzakpress.net\/arhiva\/#\/schema\/person\/image\/\",\"url\":\"https:\/\/secure.gravatar.com\/avatar\/42263f39aa27ac04c43cab85c280eb2e?s=96&d=mm&r=pg\",\"contentUrl\":\"https:\/\/secure.gravatar.com\/avatar\/42263f39aa27ac04c43cab85c280eb2e?s=96&d=mm&r=pg\",\"caption\":\"Kul\"},\"logo\":{\"@id\":\"https:\/\/sandzakpress.net\/arhiva\/#\/schema\/person\/image\/\"}},{\"@type\":\"Person\",\"@id\":\"https:\/\/sandzakpress.net\/arhiva\/#\/schema\/person\/c8baee722073534b583ea7bdb2e36c02\",\"name\":\"bosniak\",\"image\":{\"@type\":\"ImageObject\",\"inLanguage\":\"bs-BA\",\"@id\":\"https:\/\/sandzakpress.net\/arhiva\/#\/schema\/person\/image\/\",\"url\":\"https:\/\/secure.gravatar.com\/avatar\/a04fd330bfe3a36a72a0ad4a6d89fca7?s=96&d=mm&r=pg\",\"contentUrl\":\"https:\/\/secure.gravatar.com\/avatar\/a04fd330bfe3a36a72a0ad4a6d89fca7?s=96&d=mm&r=pg\",\"caption\":\"bosniak\"},\"url\":\"https:\/\/sandzakpress.net\/arhiva\/author\/bosniak\/\"}]}<\/script>\n<!-- \/ Yoast SEO Premium plugin. -->","yoast_head_json":{"title":"Ve\u010de ilahija i kasida u Podgorici povodom Nove hid\u017eretske 1435.","robots":{"index":"index","follow":"follow","max-snippet":"max-snippet:-1","max-image-preview":"max-image-preview:large","max-video-preview":"max-video-preview:-1"},"canonical":"https:\/\/sandzakpress.net\/arhiva\/vece-ilahija-i-kasida-u-podgorici-povodom-nove-hidzretske-1435\/","og_locale":"bs_BA","og_type":"article","og_title":"Ve\u010de ilahija i kasida u Podgorici povodom Nove hid\u017eretske 1435.","og_description":"Crna Gora &#8211; Odbor islamske zajednice Podgorica organizovat \u0107e Ve\u010de ilahija i kasida povodom Nove hid\u017eretske 1435. godine u KIC-u \u201cBudo Tomovi\u0107\u201d 03.11.2013. godine s po\u010detkom u 19 \u010dasova. Povodom ovogodi\u0161njeg do\u010deka Nove hid\u017eretske 1435. godine bit \u0107e uprili\u010den bogat vjersko-umjetni\u010dki program gdje \u0107e odr\u017eati predavanje\u00a0prof. dr. hfz. Safvet Halilovi\u0107\u00a0na temu\u201cKako da hid\u017era bude podstrek [&hellip;]","og_url":"https:\/\/sandzakpress.net\/arhiva\/vece-ilahija-i-kasida-u-podgorici-povodom-nove-hidzretske-1435\/","og_site_name":"Sand\u017eak PRESS","article_published_time":"2013-10-28T16:09:42+00:00","og_image":[{"width":300,"height":201,"url":"https:\/\/sandzakpress.net\/arhiva\/wp-content\/uploads\/2013\/10\/poster-VECE-ILAHIJA-I-KASIDA-2013-300x201.jpg","type":"image\/jpeg"}],"author":"bosniak","twitter_card":"summary_large_image","twitter_misc":{"Written by":"bosniak","Est. reading time":"1 minuta"},"schema":{"@context":"https:\/\/schema.org","@graph":[{"@type":"Article","@id":"https:\/\/sandzakpress.net\/arhiva\/vece-ilahija-i-kasida-u-podgorici-povodom-nove-hidzretske-1435\/#article","isPartOf":{"@id":"https:\/\/sandzakpress.net\/arhiva\/vece-ilahija-i-kasida-u-podgorici-povodom-nove-hidzretske-1435\/"},"author":{"name":"bosniak","@id":"https:\/\/sandzakpress.net\/arhiva\/#\/schema\/person\/c8baee722073534b583ea7bdb2e36c02"},"headline":"Ve\u010de ilahija i kasida u Podgorici povodom Nove hid\u017eretske 1435.","datePublished":"2013-10-28T16:09:42+00:00","mainEntityOfPage":{"@id":"https:\/\/sandzakpress.net\/arhiva\/vece-ilahija-i-kasida-u-podgorici-povodom-nove-hidzretske-1435\/"},"wordCount":219,"commentCount":0,"publisher":{"@id":"https:\/\/sandzakpress.net\/arhiva\/#\/schema\/person\/6e72b67d6e51910a1117b3b483ba20bd"},"image":{"@id":"https:\/\/sandzakpress.net\/arhiva\/vece-ilahija-i-kasida-u-podgorici-povodom-nove-hidzretske-1435\/#primaryimage"},"thumbnailUrl":"https:\/\/sandzakpress.net\/arhiva\/wp-content\/uploads\/2013\/10\/poster-VECE-ILAHIJA-I-KASIDA-2013-300x201.jpg","articleSection":["Crna Gora","Islamska zajednica"],"inLanguage":"bs-BA","potentialAction":[{"@type":"CommentAction","name":"Comment","target":["https:\/\/sandzakpress.net\/arhiva\/vece-ilahija-i-kasida-u-podgorici-povodom-nove-hidzretske-1435\/#respond"]}]},{"@type":"WebPage","@id":"https:\/\/sandzakpress.net\/arhiva\/vece-ilahija-i-kasida-u-podgorici-povodom-nove-hidzretske-1435\/","url":"https:\/\/sandzakpress.net\/arhiva\/vece-ilahija-i-kasida-u-podgorici-povodom-nove-hidzretske-1435\/","name":"Ve\u010de ilahija i kasida u Podgorici povodom Nove hid\u017eretske 1435.","isPartOf":{"@id":"https:\/\/sandzakpress.net\/arhiva\/#website"},"primaryImageOfPage":{"@id":"https:\/\/sandzakpress.net\/arhiva\/vece-ilahija-i-kasida-u-podgorici-povodom-nove-hidzretske-1435\/#primaryimage"},"image":{"@id":"https:\/\/sandzakpress.net\/arhiva\/vece-ilahija-i-kasida-u-podgorici-povodom-nove-hidzretske-1435\/#primaryimage"},"thumbnailUrl":"https:\/\/sandzakpress.net\/arhiva\/wp-content\/uploads\/2013\/10\/poster-VECE-ILAHIJA-I-KASIDA-2013-300x201.jpg","datePublished":"2013-10-28T16:09:42+00:00","breadcrumb":{"@id":"https:\/\/sandzakpress.net\/arhiva\/vece-ilahija-i-kasida-u-podgorici-povodom-nove-hidzretske-1435\/#breadcrumb"},"inLanguage":"bs-BA","potentialAction":[{"@type":"ReadAction","target":["https:\/\/sandzakpress.net\/arhiva\/vece-ilahija-i-kasida-u-podgorici-povodom-nove-hidzretske-1435\/"]}]},{"@type":"ImageObject","inLanguage":"bs-BA","@id":"https:\/\/sandzakpress.net\/arhiva\/vece-ilahija-i-kasida-u-podgorici-povodom-nove-hidzretske-1435\/#primaryimage","url":"https:\/\/sandzakpress.net\/arhiva\/wp-content\/uploads\/2013\/10\/poster-VECE-ILAHIJA-I-KASIDA-2013-300x201.jpg","contentUrl":"https:\/\/sandzakpress.net\/arhiva\/wp-content\/uploads\/2013\/10\/poster-VECE-ILAHIJA-I-KASIDA-2013-300x201.jpg","width":300,"height":201},{"@type":"BreadcrumbList","@id":"https:\/\/sandzakpress.net\/arhiva\/vece-ilahija-i-kasida-u-podgorici-povodom-nove-hidzretske-1435\/#breadcrumb","itemListElement":[{"@type":"ListItem","position":1,"name":"Home","item":"https:\/\/sandzakpress.net\/arhiva\/"},{"@type":"ListItem","position":2,"name":"Ve\u010de ilahija i kasida u Podgorici povodom Nove hid\u017eretske 1435."}]},{"@type":"WebSite","@id":"https:\/\/sandzakpress.net\/arhiva\/#website","url":"https:\/\/sandzakpress.net\/arhiva\/","name":"Sand\u017eak PRESS","description":"Prve elektronske novine u Sand\u017eaku","publisher":{"@id":"https:\/\/sandzakpress.net\/arhiva\/#\/schema\/person\/6e72b67d6e51910a1117b3b483ba20bd"},"potentialAction":[{"@type":"SearchAction","target":{"@type":"EntryPoint","urlTemplate":"https:\/\/sandzakpress.net\/arhiva\/?s={search_term_string}"},"query-input":{"@type":"PropertyValueSpecification","valueRequired":true,"valueName":"search_term_string"}}],"inLanguage":"bs-BA"},{"@type":["Person","Organization"],"@id":"https:\/\/sandzakpress.net\/arhiva\/#\/schema\/person\/6e72b67d6e51910a1117b3b483ba20bd","name":"Kul","image":{"@type":"ImageObject","inLanguage":"bs-BA","@id":"https:\/\/sandzakpress.net\/arhiva\/#\/schema\/person\/image\/","url":"https:\/\/secure.gravatar.com\/avatar\/42263f39aa27ac04c43cab85c280eb2e?s=96&d=mm&r=pg","contentUrl":"https:\/\/secure.gravatar.com\/avatar\/42263f39aa27ac04c43cab85c280eb2e?s=96&d=mm&r=pg","caption":"Kul"},"logo":{"@id":"https:\/\/sandzakpress.net\/arhiva\/#\/schema\/person\/image\/"}},{"@type":"Person","@id":"https:\/\/sandzakpress.net\/arhiva\/#\/schema\/person\/c8baee722073534b583ea7bdb2e36c02","name":"bosniak","image":{"@type":"ImageObject","inLanguage":"bs-BA","@id":"https:\/\/sandzakpress.net\/arhiva\/#\/schema\/person\/image\/","url":"https:\/\/secure.gravatar.com\/avatar\/a04fd330bfe3a36a72a0ad4a6d89fca7?s=96&d=mm&r=pg","contentUrl":"https:\/\/secure.gravatar.com\/avatar\/a04fd330bfe3a36a72a0ad4a6d89fca7?s=96&d=mm&r=pg","caption":"bosniak"},"url":"https:\/\/sandzakpress.net\/arhiva\/author\/bosniak\/"}]}},"_links":{"self":[{"href":"https:\/\/sandzakpress.net\/arhiva\/wp-json\/wp\/v2\/posts\/92832"}],"collection":[{"href":"https:\/\/sandzakpress.net\/arhiva\/wp-json\/wp\/v2\/posts"}],"about":[{"href":"https:\/\/sandzakpress.net\/arhiva\/wp-json\/wp\/v2\/types\/post"}],"author":[{"embeddable":true,"href":"https:\/\/sandzakpress.net\/arhiva\/wp-json\/wp\/v2\/users\/83"}],"replies":[{"embeddable":true,"href":"https:\/\/sandzakpress.net\/arhiva\/wp-json\/wp\/v2\/comments?post=92832"}],"version-history":[{"count":0,"href":"https:\/\/sandzakpress.net\/arhiva\/wp-json\/wp\/v2\/posts\/92832\/revisions"}],"wp:featuredmedia":[{"embeddable":true,"href":"https:\/\/sandzakpress.net\/arhiva\/wp-json\/wp\/v2\/media\/92833"}],"wp:attachment":[{"href":"https:\/\/sandzakpress.net\/arhiva\/wp-json\/wp\/v2\/media?parent=92832"}],"wp:term":[{"taxonomy":"category","embeddable":true,"href":"https:\/\/sandzakpress.net\/arhiva\/wp-json\/wp\/v2\/categories?post=92832"},{"taxonomy":"post_tag","embeddable":true,"href":"https:\/\/sandzakpress.net\/arhiva\/wp-json\/wp\/v2\/tags?post=92832"}],"curies":[{"name":"wp","href":"https:\/\/api.w.org\/{rel}","templated":true}]}}