{"id":9261,"date":"2010-10-22T20:59:27","date_gmt":"2010-10-22T18:59:27","guid":{"rendered":"https:\/\/sandzakpress.net\/arhiva\/?p=9261"},"modified":"2010-10-22T20:59:27","modified_gmt":"2010-10-22T18:59:27","slug":"godisnjica-otmice-u-sjeverinu","status":"publish","type":"post","link":"https:\/\/sandzakpress.net\/arhiva\/godisnjica-otmice-u-sjeverinu\/","title":{"rendered":"Godi\u0161njica otmice u Sjeverinu"},"content":{"rendered":"<p><strong><a href=\"https:\/\/sandzakpress.net\/arhiva\/wp-content\/uploads\/2010\/10\/14474217374cc13d867b6ca771636539_200x150.jpg\"><img loading=\"lazy\" decoding=\"async\" class=\"alignleft size-full wp-image-9262\" title=\"14474217374cc13d867b6ca771636539_200x150\" src=\"https:\/\/sandzakpress.net\/arhiva\/wp-content\/uploads\/2010\/10\/14474217374cc13d867b6ca771636539_200x150.jpg\" alt=\"\" width=\"200\" height=\"150\" \/><\/a>Priboj &#8211; Komemorativni skup povodom 18 godina od otmice i ubistva 16 Bo\u0161njaka iz Priboja odr\u017ean je u Domu kulture u Priboju.<\/strong><strong><\/p>\n<p><\/strong>Skupu su, pored porodica ubijenih, prisustvovali predstavnici FHP-a, \u017dena u crnom i nekoliko snad\u017ea\u010dkih nevladinih organizacija i lokalnih odbora bo\u0161nja\u010dkih partija.<\/p>\n<p>Predstavnici lokalne vlasti u Priboju, iako su bili pozvani, nisu prisustvovali skupu. Na manifestaciji su bili i poslanik LDP Kenan Hajdarevi\u0107 i glavni muftija Islamske zajednice u Srbiji Muamer ef. zukorli\u0107<\/p>\n<p>Muftija Zukorli\u0107 je na skupu rekao da &#8220;svaki zlo\u010din koji nema epilog u pravosudnom i moralnom smislu predstavlja podsticaj zlo\u010dincima da ga ponovo naprave&#8221;.<\/p>\n<p>&#8220;Moramo skupiti \u0161to vi\u0161e snage i \u0161to vi\u0161e ljudi, bez obzira na vjerske ili politi\u010dke razlike i stati u zajedni\u010dki front okrenuti samo jednom cilju, a to je da svi zlo\u010dini budu ka\u017enjeni i da snaga koja je protiv zlo\u010dina buda ve\u0107a i ja\u010da jer samo snaga svjetla mo\u017ee odagnati mrak&#8221;, rekao je muftija Zukorli\u0107.<\/p>\n<p>Otmicu 17 civila, bo\u0161nja\u010dke nacionalnosti iz Priboja izvr\u0161ila je 22. oktobra 1992. vojna formacija &#8220;Osvetnici&#8221; iz Republike Srpske pod komandom Milana Luki\u0107a iz Vi\u0161egrada.<\/p>\n<p>Pretpostavlja se da su, nakon mu\u010denja, oteti muslimani streljani na obali Drine, a potom ba\u010deni u reku.<\/p>\n<p>\u017drtve ovog zlo\u010dina su: Mehmed \u0160ebo, Zafer Had\u017ei\u0107, Medo Had\u017ei\u0107, Medredin Hod\u017ei\u0107, Ramiz Begovi\u0107, Dervi\u0161 Softi\u0107, Medhad Softi\u0107, Mujo Alihod\u017ei\u0107, Alija Mandal, Sead Pecikoza, Mustafa Bajramovi\u0107, Hajrudin Sajtarevi\u0107, Esad D\u017eihi\u0107, Ramahudin \u0106atovi\u0107, Idriz Gibovi\u0107 i Melvida Kold\u017ei\u0107.<\/p>\n<p>Posmrtni ostaci \u017ertava nisu ni do danas prona\u0111eni, niti je objavljen izvje\u0161taj specijalne komisije za utvr\u0111ivanje \u010dinjenica koju je imenovao tada\u0161nji predsjednik Savezne Republike Jugoslavije Dobrica \u0106osi\u0107.<\/p>\n<p>Centralni skup bi\u0107e u Mio\u010du, mjestu otmice, gdje \u0107e biti odata po\u0161ta \u017ertvama, a u 13 \u010dasova bi\u0107e odr\u017eana centralna hutba u svim d\u017eamijama sand\u017ea\u010dkog muftijstva Islamske zajednice u Srbiji, kojom rukovodi glavni muftija Muamer Zukorli\u0107.<\/p>\n<p>Potom \u0107e u Domu kulture &#8220;Pivo Karamatijevi\u0107&#8221; u Priboju biti prikazan video materijal sa li\u010dnim podacima otetih, a prisutnima \u0107e se obratiti funkcioneri sand\u017ea\u010dkog muftijstva i glavni muftija Zukorli\u0107.<\/p>\n<p>Izvor:<strong> B92.net, SandzakPRESS.net<\/strong><\/p>\n","protected":false},"excerpt":{"rendered":"<p>Priboj &#8211; Komemorativni skup povodom 18 godina od otmice i ubistva 16 Bo\u0161njaka iz Priboja odr\u017ean je u Domu kulture u Priboju. Skupu su, pored porodica ubijenih, prisustvovali predstavnici FHP-a, \u017dena u crnom i nekoliko snad\u017ea\u010dkih nevladinih organizacija i lokalnih odbora bo\u0161nja\u010dkih partija. Predstavnici lokalne vlasti u Priboju, iako su bili pozvani, nisu prisustvovali skupu. [&hellip;]<\/p>\n","protected":false},"author":83,"featured_media":9262,"comment_status":"open","ping_status":"open","sticky":false,"template":"","format":"standard","meta":{"footnotes":""},"categories":[800,393],"tags":[],"class_list":{"0":"post-9261","1":"post","2":"type-post","3":"status-publish","4":"format-standard","5":"has-post-thumbnail","7":"category-nacija","8":"category-priboj"},"yoast_head":"<!-- This site is optimized with the Yoast SEO Premium plugin v23.1 (Yoast SEO v24.9) - https:\/\/yoast.com\/wordpress\/plugins\/seo\/ -->\n<title>Godi\u0161njica otmice u Sjeverinu<\/title>\n<meta name=\"robots\" content=\"index, follow, max-snippet:-1, max-image-preview:large, max-video-preview:-1\" \/>\n<link rel=\"canonical\" href=\"https:\/\/sandzakpress.net\/arhiva\/godisnjica-otmice-u-sjeverinu\/\" \/>\n<meta property=\"og:locale\" content=\"bs_BA\" \/>\n<meta property=\"og:type\" content=\"article\" \/>\n<meta property=\"og:title\" content=\"Godi\u0161njica otmice u Sjeverinu\" \/>\n<meta property=\"og:description\" content=\"Priboj &#8211; Komemorativni skup povodom 18 godina od otmice i ubistva 16 Bo\u0161njaka iz Priboja odr\u017ean je u Domu kulture u Priboju. Skupu su, pored porodica ubijenih, prisustvovali predstavnici FHP-a, \u017dena u crnom i nekoliko snad\u017ea\u010dkih nevladinih organizacija i lokalnih odbora bo\u0161nja\u010dkih partija. Predstavnici lokalne vlasti u Priboju, iako su bili pozvani, nisu prisustvovali skupu. [&hellip;]\" \/>\n<meta property=\"og:url\" content=\"https:\/\/sandzakpress.net\/arhiva\/godisnjica-otmice-u-sjeverinu\/\" \/>\n<meta property=\"og:site_name\" content=\"Sand\u017eak PRESS\" \/>\n<meta property=\"article:published_time\" content=\"2010-10-22T18:59:27+00:00\" \/>\n<meta property=\"og:image\" content=\"https:\/\/sandzakpress.net\/arhiva\/wp-content\/uploads\/2010\/10\/14474217374cc13d867b6ca771636539_200x150.jpg\" \/>\n\t<meta property=\"og:image:width\" content=\"200\" \/>\n\t<meta property=\"og:image:height\" content=\"150\" \/>\n\t<meta property=\"og:image:type\" content=\"image\/jpeg\" \/>\n<meta name=\"author\" content=\"bosniak\" \/>\n<meta name=\"twitter:card\" content=\"summary_large_image\" \/>\n<meta name=\"twitter:label1\" content=\"Written by\" \/>\n\t<meta name=\"twitter:data1\" content=\"bosniak\" \/>\n\t<meta name=\"twitter:label2\" content=\"Est. reading time\" \/>\n\t<meta name=\"twitter:data2\" content=\"2 minute\" \/>\n<script type=\"application\/ld+json\" class=\"yoast-schema-graph\">{\"@context\":\"https:\/\/schema.org\",\"@graph\":[{\"@type\":\"Article\",\"@id\":\"https:\/\/sandzakpress.net\/arhiva\/godisnjica-otmice-u-sjeverinu\/#article\",\"isPartOf\":{\"@id\":\"https:\/\/sandzakpress.net\/arhiva\/godisnjica-otmice-u-sjeverinu\/\"},\"author\":{\"name\":\"bosniak\",\"@id\":\"https:\/\/sandzakpress.net\/arhiva\/#\/schema\/person\/c8baee722073534b583ea7bdb2e36c02\"},\"headline\":\"Godi\u0161njica otmice u Sjeverinu\",\"datePublished\":\"2010-10-22T18:59:27+00:00\",\"mainEntityOfPage\":{\"@id\":\"https:\/\/sandzakpress.net\/arhiva\/godisnjica-otmice-u-sjeverinu\/\"},\"wordCount\":374,\"commentCount\":6,\"publisher\":{\"@id\":\"https:\/\/sandzakpress.net\/arhiva\/#\/schema\/person\/6e72b67d6e51910a1117b3b483ba20bd\"},\"image\":{\"@id\":\"https:\/\/sandzakpress.net\/arhiva\/godisnjica-otmice-u-sjeverinu\/#primaryimage\"},\"thumbnailUrl\":\"https:\/\/sandzakpress.net\/arhiva\/wp-content\/uploads\/2010\/10\/14474217374cc13d867b6ca771636539_200x150.jpg\",\"articleSection\":[\"Nacija\",\"Priboj\"],\"inLanguage\":\"bs-BA\",\"potentialAction\":[{\"@type\":\"CommentAction\",\"name\":\"Comment\",\"target\":[\"https:\/\/sandzakpress.net\/arhiva\/godisnjica-otmice-u-sjeverinu\/#respond\"]}]},{\"@type\":\"WebPage\",\"@id\":\"https:\/\/sandzakpress.net\/arhiva\/godisnjica-otmice-u-sjeverinu\/\",\"url\":\"https:\/\/sandzakpress.net\/arhiva\/godisnjica-otmice-u-sjeverinu\/\",\"name\":\"Godi\u0161njica otmice u Sjeverinu\",\"isPartOf\":{\"@id\":\"https:\/\/sandzakpress.net\/arhiva\/#website\"},\"primaryImageOfPage\":{\"@id\":\"https:\/\/sandzakpress.net\/arhiva\/godisnjica-otmice-u-sjeverinu\/#primaryimage\"},\"image\":{\"@id\":\"https:\/\/sandzakpress.net\/arhiva\/godisnjica-otmice-u-sjeverinu\/#primaryimage\"},\"thumbnailUrl\":\"https:\/\/sandzakpress.net\/arhiva\/wp-content\/uploads\/2010\/10\/14474217374cc13d867b6ca771636539_200x150.jpg\",\"datePublished\":\"2010-10-22T18:59:27+00:00\",\"breadcrumb\":{\"@id\":\"https:\/\/sandzakpress.net\/arhiva\/godisnjica-otmice-u-sjeverinu\/#breadcrumb\"},\"inLanguage\":\"bs-BA\",\"potentialAction\":[{\"@type\":\"ReadAction\",\"target\":[\"https:\/\/sandzakpress.net\/arhiva\/godisnjica-otmice-u-sjeverinu\/\"]}]},{\"@type\":\"ImageObject\",\"inLanguage\":\"bs-BA\",\"@id\":\"https:\/\/sandzakpress.net\/arhiva\/godisnjica-otmice-u-sjeverinu\/#primaryimage\",\"url\":\"https:\/\/sandzakpress.net\/arhiva\/wp-content\/uploads\/2010\/10\/14474217374cc13d867b6ca771636539_200x150.jpg\",\"contentUrl\":\"https:\/\/sandzakpress.net\/arhiva\/wp-content\/uploads\/2010\/10\/14474217374cc13d867b6ca771636539_200x150.jpg\",\"width\":200,\"height\":150},{\"@type\":\"BreadcrumbList\",\"@id\":\"https:\/\/sandzakpress.net\/arhiva\/godisnjica-otmice-u-sjeverinu\/#breadcrumb\",\"itemListElement\":[{\"@type\":\"ListItem\",\"position\":1,\"name\":\"Home\",\"item\":\"https:\/\/sandzakpress.net\/arhiva\/\"},{\"@type\":\"ListItem\",\"position\":2,\"name\":\"Godi\u0161njica otmice u Sjeverinu\"}]},{\"@type\":\"WebSite\",\"@id\":\"https:\/\/sandzakpress.net\/arhiva\/#website\",\"url\":\"https:\/\/sandzakpress.net\/arhiva\/\",\"name\":\"Sand\u017eak PRESS\",\"description\":\"Prve elektronske novine u Sand\u017eaku\",\"publisher\":{\"@id\":\"https:\/\/sandzakpress.net\/arhiva\/#\/schema\/person\/6e72b67d6e51910a1117b3b483ba20bd\"},\"potentialAction\":[{\"@type\":\"SearchAction\",\"target\":{\"@type\":\"EntryPoint\",\"urlTemplate\":\"https:\/\/sandzakpress.net\/arhiva\/?s={search_term_string}\"},\"query-input\":{\"@type\":\"PropertyValueSpecification\",\"valueRequired\":true,\"valueName\":\"search_term_string\"}}],\"inLanguage\":\"bs-BA\"},{\"@type\":[\"Person\",\"Organization\"],\"@id\":\"https:\/\/sandzakpress.net\/arhiva\/#\/schema\/person\/6e72b67d6e51910a1117b3b483ba20bd\",\"name\":\"Kul\",\"image\":{\"@type\":\"ImageObject\",\"inLanguage\":\"bs-BA\",\"@id\":\"https:\/\/sandzakpress.net\/arhiva\/#\/schema\/person\/image\/\",\"url\":\"https:\/\/secure.gravatar.com\/avatar\/42263f39aa27ac04c43cab85c280eb2e?s=96&d=mm&r=pg\",\"contentUrl\":\"https:\/\/secure.gravatar.com\/avatar\/42263f39aa27ac04c43cab85c280eb2e?s=96&d=mm&r=pg\",\"caption\":\"Kul\"},\"logo\":{\"@id\":\"https:\/\/sandzakpress.net\/arhiva\/#\/schema\/person\/image\/\"}},{\"@type\":\"Person\",\"@id\":\"https:\/\/sandzakpress.net\/arhiva\/#\/schema\/person\/c8baee722073534b583ea7bdb2e36c02\",\"name\":\"bosniak\",\"image\":{\"@type\":\"ImageObject\",\"inLanguage\":\"bs-BA\",\"@id\":\"https:\/\/sandzakpress.net\/arhiva\/#\/schema\/person\/image\/\",\"url\":\"https:\/\/secure.gravatar.com\/avatar\/a04fd330bfe3a36a72a0ad4a6d89fca7?s=96&d=mm&r=pg\",\"contentUrl\":\"https:\/\/secure.gravatar.com\/avatar\/a04fd330bfe3a36a72a0ad4a6d89fca7?s=96&d=mm&r=pg\",\"caption\":\"bosniak\"},\"url\":\"https:\/\/sandzakpress.net\/arhiva\/author\/bosniak\/\"}]}<\/script>\n<!-- \/ Yoast SEO Premium plugin. -->","yoast_head_json":{"title":"Godi\u0161njica otmice u Sjeverinu","robots":{"index":"index","follow":"follow","max-snippet":"max-snippet:-1","max-image-preview":"max-image-preview:large","max-video-preview":"max-video-preview:-1"},"canonical":"https:\/\/sandzakpress.net\/arhiva\/godisnjica-otmice-u-sjeverinu\/","og_locale":"bs_BA","og_type":"article","og_title":"Godi\u0161njica otmice u Sjeverinu","og_description":"Priboj &#8211; Komemorativni skup povodom 18 godina od otmice i ubistva 16 Bo\u0161njaka iz Priboja odr\u017ean je u Domu kulture u Priboju. Skupu su, pored porodica ubijenih, prisustvovali predstavnici FHP-a, \u017dena u crnom i nekoliko snad\u017ea\u010dkih nevladinih organizacija i lokalnih odbora bo\u0161nja\u010dkih partija. Predstavnici lokalne vlasti u Priboju, iako su bili pozvani, nisu prisustvovali skupu. [&hellip;]","og_url":"https:\/\/sandzakpress.net\/arhiva\/godisnjica-otmice-u-sjeverinu\/","og_site_name":"Sand\u017eak PRESS","article_published_time":"2010-10-22T18:59:27+00:00","og_image":[{"width":200,"height":150,"url":"https:\/\/sandzakpress.net\/arhiva\/wp-content\/uploads\/2010\/10\/14474217374cc13d867b6ca771636539_200x150.jpg","type":"image\/jpeg"}],"author":"bosniak","twitter_card":"summary_large_image","twitter_misc":{"Written by":"bosniak","Est. reading time":"2 minute"},"schema":{"@context":"https:\/\/schema.org","@graph":[{"@type":"Article","@id":"https:\/\/sandzakpress.net\/arhiva\/godisnjica-otmice-u-sjeverinu\/#article","isPartOf":{"@id":"https:\/\/sandzakpress.net\/arhiva\/godisnjica-otmice-u-sjeverinu\/"},"author":{"name":"bosniak","@id":"https:\/\/sandzakpress.net\/arhiva\/#\/schema\/person\/c8baee722073534b583ea7bdb2e36c02"},"headline":"Godi\u0161njica otmice u Sjeverinu","datePublished":"2010-10-22T18:59:27+00:00","mainEntityOfPage":{"@id":"https:\/\/sandzakpress.net\/arhiva\/godisnjica-otmice-u-sjeverinu\/"},"wordCount":374,"commentCount":6,"publisher":{"@id":"https:\/\/sandzakpress.net\/arhiva\/#\/schema\/person\/6e72b67d6e51910a1117b3b483ba20bd"},"image":{"@id":"https:\/\/sandzakpress.net\/arhiva\/godisnjica-otmice-u-sjeverinu\/#primaryimage"},"thumbnailUrl":"https:\/\/sandzakpress.net\/arhiva\/wp-content\/uploads\/2010\/10\/14474217374cc13d867b6ca771636539_200x150.jpg","articleSection":["Nacija","Priboj"],"inLanguage":"bs-BA","potentialAction":[{"@type":"CommentAction","name":"Comment","target":["https:\/\/sandzakpress.net\/arhiva\/godisnjica-otmice-u-sjeverinu\/#respond"]}]},{"@type":"WebPage","@id":"https:\/\/sandzakpress.net\/arhiva\/godisnjica-otmice-u-sjeverinu\/","url":"https:\/\/sandzakpress.net\/arhiva\/godisnjica-otmice-u-sjeverinu\/","name":"Godi\u0161njica otmice u Sjeverinu","isPartOf":{"@id":"https:\/\/sandzakpress.net\/arhiva\/#website"},"primaryImageOfPage":{"@id":"https:\/\/sandzakpress.net\/arhiva\/godisnjica-otmice-u-sjeverinu\/#primaryimage"},"image":{"@id":"https:\/\/sandzakpress.net\/arhiva\/godisnjica-otmice-u-sjeverinu\/#primaryimage"},"thumbnailUrl":"https:\/\/sandzakpress.net\/arhiva\/wp-content\/uploads\/2010\/10\/14474217374cc13d867b6ca771636539_200x150.jpg","datePublished":"2010-10-22T18:59:27+00:00","breadcrumb":{"@id":"https:\/\/sandzakpress.net\/arhiva\/godisnjica-otmice-u-sjeverinu\/#breadcrumb"},"inLanguage":"bs-BA","potentialAction":[{"@type":"ReadAction","target":["https:\/\/sandzakpress.net\/arhiva\/godisnjica-otmice-u-sjeverinu\/"]}]},{"@type":"ImageObject","inLanguage":"bs-BA","@id":"https:\/\/sandzakpress.net\/arhiva\/godisnjica-otmice-u-sjeverinu\/#primaryimage","url":"https:\/\/sandzakpress.net\/arhiva\/wp-content\/uploads\/2010\/10\/14474217374cc13d867b6ca771636539_200x150.jpg","contentUrl":"https:\/\/sandzakpress.net\/arhiva\/wp-content\/uploads\/2010\/10\/14474217374cc13d867b6ca771636539_200x150.jpg","width":200,"height":150},{"@type":"BreadcrumbList","@id":"https:\/\/sandzakpress.net\/arhiva\/godisnjica-otmice-u-sjeverinu\/#breadcrumb","itemListElement":[{"@type":"ListItem","position":1,"name":"Home","item":"https:\/\/sandzakpress.net\/arhiva\/"},{"@type":"ListItem","position":2,"name":"Godi\u0161njica otmice u Sjeverinu"}]},{"@type":"WebSite","@id":"https:\/\/sandzakpress.net\/arhiva\/#website","url":"https:\/\/sandzakpress.net\/arhiva\/","name":"Sand\u017eak PRESS","description":"Prve elektronske novine u Sand\u017eaku","publisher":{"@id":"https:\/\/sandzakpress.net\/arhiva\/#\/schema\/person\/6e72b67d6e51910a1117b3b483ba20bd"},"potentialAction":[{"@type":"SearchAction","target":{"@type":"EntryPoint","urlTemplate":"https:\/\/sandzakpress.net\/arhiva\/?s={search_term_string}"},"query-input":{"@type":"PropertyValueSpecification","valueRequired":true,"valueName":"search_term_string"}}],"inLanguage":"bs-BA"},{"@type":["Person","Organization"],"@id":"https:\/\/sandzakpress.net\/arhiva\/#\/schema\/person\/6e72b67d6e51910a1117b3b483ba20bd","name":"Kul","image":{"@type":"ImageObject","inLanguage":"bs-BA","@id":"https:\/\/sandzakpress.net\/arhiva\/#\/schema\/person\/image\/","url":"https:\/\/secure.gravatar.com\/avatar\/42263f39aa27ac04c43cab85c280eb2e?s=96&d=mm&r=pg","contentUrl":"https:\/\/secure.gravatar.com\/avatar\/42263f39aa27ac04c43cab85c280eb2e?s=96&d=mm&r=pg","caption":"Kul"},"logo":{"@id":"https:\/\/sandzakpress.net\/arhiva\/#\/schema\/person\/image\/"}},{"@type":"Person","@id":"https:\/\/sandzakpress.net\/arhiva\/#\/schema\/person\/c8baee722073534b583ea7bdb2e36c02","name":"bosniak","image":{"@type":"ImageObject","inLanguage":"bs-BA","@id":"https:\/\/sandzakpress.net\/arhiva\/#\/schema\/person\/image\/","url":"https:\/\/secure.gravatar.com\/avatar\/a04fd330bfe3a36a72a0ad4a6d89fca7?s=96&d=mm&r=pg","contentUrl":"https:\/\/secure.gravatar.com\/avatar\/a04fd330bfe3a36a72a0ad4a6d89fca7?s=96&d=mm&r=pg","caption":"bosniak"},"url":"https:\/\/sandzakpress.net\/arhiva\/author\/bosniak\/"}]}},"_links":{"self":[{"href":"https:\/\/sandzakpress.net\/arhiva\/wp-json\/wp\/v2\/posts\/9261"}],"collection":[{"href":"https:\/\/sandzakpress.net\/arhiva\/wp-json\/wp\/v2\/posts"}],"about":[{"href":"https:\/\/sandzakpress.net\/arhiva\/wp-json\/wp\/v2\/types\/post"}],"author":[{"embeddable":true,"href":"https:\/\/sandzakpress.net\/arhiva\/wp-json\/wp\/v2\/users\/83"}],"replies":[{"embeddable":true,"href":"https:\/\/sandzakpress.net\/arhiva\/wp-json\/wp\/v2\/comments?post=9261"}],"version-history":[{"count":0,"href":"https:\/\/sandzakpress.net\/arhiva\/wp-json\/wp\/v2\/posts\/9261\/revisions"}],"wp:featuredmedia":[{"embeddable":true,"href":"https:\/\/sandzakpress.net\/arhiva\/wp-json\/wp\/v2\/media\/9262"}],"wp:attachment":[{"href":"https:\/\/sandzakpress.net\/arhiva\/wp-json\/wp\/v2\/media?parent=9261"}],"wp:term":[{"taxonomy":"category","embeddable":true,"href":"https:\/\/sandzakpress.net\/arhiva\/wp-json\/wp\/v2\/categories?post=9261"},{"taxonomy":"post_tag","embeddable":true,"href":"https:\/\/sandzakpress.net\/arhiva\/wp-json\/wp\/v2\/tags?post=9261"}],"curies":[{"name":"wp","href":"https:\/\/api.w.org\/{rel}","templated":true}]}}