{"id":92582,"date":"2013-10-25T17:53:08","date_gmt":"2013-10-25T15:53:08","guid":{"rendered":"https:\/\/sandzakpress.net\/arhiva\/?p=92582"},"modified":"2013-10-25T17:55:03","modified_gmt":"2013-10-25T15:55:03","slug":"dukanoviceva-crna-gora-ka-evropi-trasira-njegosev-put","status":"publish","type":"post","link":"https:\/\/sandzakpress.net\/arhiva\/dukanoviceva-crna-gora-ka-evropi-trasira-njegosev-put\/","title":{"rendered":"\u0110ukanovi\u0107eva Crna Gora ka Evropi trasira Njego\u0161ev put"},"content":{"rendered":"<p><img loading=\"lazy\" decoding=\"async\" alt=\"\" src=\"http:\/\/www.bosnjaci.net\/foto\/Njegos_i_Milo_Djukanovic0012a.jpg\" width=\"544\" height=\"386\" border=\"0\" \/><\/p>\n<p><b>Saop\u0107enje za javnost Odbora za obilje\u017eavanje stogodi\u0161njice crnogorskog genocida nad Bo\u0161njacima i Albancima plavsko-gusinjskog kraja sa sjedi\u0161tem u New Yorku u povodu usvajanja prijedloga izmjene zakona o dr\u017eavnim praznicima Vlade Crne Gore da 13. novembar &#8211; datum ro\u0111enja genocidnog pjesnika Petra II Petrovi\u0107a Njego\u0161a bude novi dr\u017eavni praznik \u201eNjego\u0161ev dan \u2013 Dan crnogorske kulture\u201d, kao i izjave premijera CG Mila \u0110ukanovi\u0107a na obilje\u017eavanju 200 godina od ro\u0111enja istog pjesnika na Lov\u0107enu ispred mauzoleja<\/b><\/p>\n<p>Mi, potomci \u017ertava genocida u plavsko-gusinjskom kraju, najo\u0161trije osu\u0111ujemo najnovije slavljenje autora zlo\u010dina\u010dkog Gorskog vijenca od strane Vlade Crne Gore, premijera Mila \u0110ukanovi\u0107a i svih njegovih slugana. Predlo\u017eiti zakon na usvajanje o dr\u017eavnim praznicima kojim \u0107e se 13. novembar\u00a0<a href=\"http:\/\/www.vijesti.me\/vijesti\/datum-njegosevog-rodenja-novi-drzavni-praznik-clanak-156588\" target=\"_blank\"><span style=\"color: blue;\">datum ro\u0111enja<\/span><\/a>\u00a0genocidnog pjesnika Petra II Petrovi\u0107a Njego\u0161a proglasiti dr\u017eavnim praznikom je udarac na sve \u017ertve genocida, na njihovo potomstvo, i kona\u010dno se sa tim \u010dinom sahranjuje se bilo kakva ideja o multi-kulti Crnoj Gori. Ovim anticivilizacijskim \u010dinom ukazuje se muslimanima, Bo\u0161njacima, Albancima, Romima&#8230; \u010dija je Crna Gora i da u takvoj \u0110ukanovi\u0107evoj privatnoj dr\u017eavi ima mjesta samo za njegove slugane, poslu\u0161nike i dou\u0161nike. Sa ovim \u010dinom aktuelno crnogorsko dr\u017eavno rukovodstvo potvr\u0111uje da sva zla kroz vrijeme, posebno od nastanka zlo\u010dina\u010dkog Gorskog vijenca pa sve do danas, ustvari da je \u010dinjeno planski i organizirano, te da dr\u017eava i dr\u017eavni vrh stoje iza svih pogroma, istrebljenja, pokolja, zlo\u010dina, GENOCIDA.<\/p>\n<p>Sve \u0161to je rekao \u0110ukanovi\u0107 pred\u00a0<a href=\"http:\/\/www.vijesti.me\/vijesti\/dukanovic-njegos-bi-bio-ponosan-danasnju-crnu-goru-clanak-155670\" target=\"_blank\"><span style=\"color: blue;\">mauzolejom na Lov\u0107enu<\/span><\/a>\u00a0u povodu obilje\u017eavanja 200 godina od ro\u0111enja genocidnog pjesnika Petra II Petrovi\u0107a Njego\u0161a, ustvari je ponovni udarac na sve \u017ertve genocida od nastanka Gorskog vijenca (1846) i prvog \u0161tampanja (1847) pa do danas. Uzrokom tog zlo\u010dina\u010dko-genocidnog djela, koji je krvavom kamom pisao Petar Petrovi\u0107 Njego\u0161, potekli su potoci nedu\u017ene bo\u0161nja\u010dke i albanske krvi. Zato \u0110ukanovi\u0107, kazav\u0161i pred mauzolejom ovog krvoloka da su \u201eLov\u0107en i Njego\u0161 sinonimi crnogorske slobode, da Njego\u0161 nije bio pjesnik genocida, niti inspirator zlo\u010dina, da nije pozivao u borbu protiv bilo kojeg naroda, ve\u0107 u borbu za slobodu\u201c, ustvari baca pra\u0161inu u o\u010di pre\u017eivjelim \u017ertvama, potomcima \u017ertava genocida te cjelokupnoj internacionalnoj javnosti, poku\u0161avaju\u0107i prekrojiti original sadr\u017eaj Njego\u0161evog krvolo\u010dnog pjesni\u0161tva, iako stvarne agresivno genocidne namjere tog nedjela nije mogu\u0107e sakriti.<\/p>\n<p>\u0110ukanovi\u0107evo hvalisanje krvoloka Njego\u0161a i njegovog zloglasnog djela Gorski vijenac je svojevrstan mirnodopski zlo\u010din nad \u017ertvama genocida, \u0161to jeste velika opomena Bo\u0161njacima i Albancima da se na vrijeme za\u0161tite od genocida koji potajno ali naveliko pripremaju \u201ceuropski\u201d Crnogorci na \u010delu sa \u0110ukanovi\u0107em. Pa, nismo zaboravili: on je 90-tih godina sa Milo\u0161evi\u0107em, \u0106osi\u0107em, Karad\u017ei\u0107em\u2026 trasirao put genocidne tvorevine Republike Srpske koja je nastala na krvi i kostima nedu\u017enih bo\u0161nja\u010dkih civila.<\/p>\n<p>U periodu od 167 godina od nastanka srpsko-crnogorske svete knjige \u201cGorskog vijenca\u201d, istrijebljena su mnoga mjesta od muslimana. Tako su opusto\u0161eni Beograd, U\u017eice, \u0160abac, Kola\u0161in, Nik\u0161i\u0107, Sjenica, Plav, Gusinje, \u0160ahovi\u0107i, Bihor, Pljevlja, Bukovica, Fo\u010da, Vi\u0161egrad, Zvornik, Bijeljina, Prijedor, Banja Luka, Trebinje, Nevesinje&#8230;, pa sve do krvave Srebrenice.<\/p>\n<p>U toku agresije na Republiku Bosnu i Hercegovinu i genocida nad Bo\u0161njacima, srpsko-crnogorske razne vojne, policijske i paravojne formacije, vr\u0161ile su najte\u017ee oblike zlo\u010dina protiv \u010dovje\u010dnosti i civilizacije. U vr\u0161enju tih zlo\u010dina bodreni su stihovima genocidnog Gorskog vijenca Petra Petrovi\u0107a Njego\u0161a. U rukama zlo\u010dinaca, to \u0161tivo nije slu\u017eilo za kulturno-poetsko uzdizanje, ve\u0107 isklju\u010divo kao opijaju\u0107i izvor za agresiju, genocid, prolijevanje krvi nedu\u017enih i neja\u010di.<br \/>\nOvaj srpsko-crnogorski &#8211; kako Njego\u0161a nazva \u0110ukanovi\u0107 &#8211; \u201cgenijalni pjesnik, filozof i dr\u017eavnik\u201d u genocidnom Gorskom vijencu otpjeva:<\/p>\n<table width=\"612\" border=\"0\" cellspacing=\"0\" cellpadding=\"5\" align=\"center\" bgcolor=\"Gainsboro\">\n<tbody>\n<tr>\n<td align=\"left\"><center><img decoding=\"async\" alt=\"\" src=\"http:\/\/www.bosnjaci.net\/foto\/Orgijanje_Njegos_Karikatura_Sukrija_Meholjic.jpg\" width=\"612\" border=\"0\" \/><br \/>\nNjego\u0161 i genocidna bratija (Ilustracija: \u0160ukrija Meholji\u0107)<\/center><\/td>\n<\/tr>\n<\/tbody>\n<\/table>\n<p><i>\u201cNego udri dokle mahat mo\u017ee\u0161, a ne \u017eali ni\u0161ta na svijetu! Sve je po\u0161lo \u0111avoljijem tragom, zaudara zemlja Muhamedom! \u201c\u00a0<\/i>ili<i>\u00a0\u201eda se ne zna ni traga, od nevjerna doma\u0107ega vraga, od \u0161iljka i turske d\u017eamije napravismo prokletu gomilu\u201c\u00a0<\/i>ili\u00a0<i>\u201eko ne misli na Koran pljunuti, neka bje\u017ei glavom bez obzira\u201c.\u00a0<\/i>Ovo ruglo od stihova pjevano je prilikom klanja Bo\u0161njaka. Njego\u0161 i \u201eGorski vijenac\u201c je hrana srpsko-crnogorske zlo\u010dina\u010dke horde u njenom krvavom piru koji su 90-tih trasirali srpsko-crnogorski estabili\u0161ment na \u010delu sa Milo\u0161evi\u0107em, \u0106osi\u0107em, Bulatovi\u0107em, \u0110ukanovi\u0107em, Karad\u017ei\u0107em, Ra\u0161kovi\u0107em, Kilibardom&#8230; koji su imali (i imaju) za cilj istrebljenje i zatiranje svakog traga bitisanja i bitnosti bo\u0161nja\u010dkog nacionalnog bi\u0107a, ma gdje ono bilo. Zlikovac sa mantijom Njego\u0161 svojim odabranim stihovima poziva na poni\u017eenje i uni\u0161tavanje Bo\u0161njaka, zatiranje njihove nacionalne, vjerske i patriotske svijesti, kako bi svi Srbo-Crnogorci \u017eivjeli u jednoj dr\u017eavi.<\/p>\n<p>U stihu 4. Njego\u0161 Turke poredi sa \u017eivotinjama koje se kote, a ne ra\u0111aju, a u stihu 685. islam naziva \u0111avolom. U 701. stihu islam naziva krvni\u010dkom vjerom. U stihu 858. Njego\u0161 poziva na ru\u0161enje d\u017eamija i munara i \u010detnici su ga poslu\u0161ali. U stihu 1143. pominje \u201esve\u010devu kobilu\u201c, a misli na poslanika Muhammeda, a.s., a u 1778. stihu Turke naziva \u201epasjim narodom\u201c, a onda uzvikuje \u201e\u2026i sve turske kule i d\u017eamije, da na\u0161 Pazar ne smrdi nekr\u0161\u0107u\u2026\u201c U stihovima 2723. do 2784., Njego\u0161 likuje: \u201esad ti nema u na\u0161u nahiju obilje\u017eja od turskoga uha do trupine, ali razvaline\u201c.<\/p>\n<p>Danas Njego\u0161evo djelo pozivanja na poni\u017eenje i uni\u0161tenje Bo\u0161njaka nastavlja vje\u010dni premijer Crne Gore Milo \u0110ukanovi\u0107, koji smatra da su Lov\u0107en i Njego\u0161 sinonimi crnogorske slobode. Tako \u0110ukanovi\u0107 pritvr\u0111uje da je i on ve\u0107 tre\u0107u deceniju utabao genocidni put na Njego\u0161evom osnovnom motu da sve nesrbe i necernogorce treba protjerati, ubiti, zaklati, zapaliti, raskomadati, silovati&#8230; \u0110ukanovi\u0107 sa dr\u017eavnog nivoa i premijerske pozicije to je vr\u0161io u periodu krvave agresije na RBiH i genocida nad Bo\u0161njacima, ali i ratnih zlo\u010dina na tlu CG za koje nije odgovarao. Najnovije \u0110ukanovi\u0107eve izjave ukazuju o podr\u017eavanju zlo\u010dina protiv \u010dovje\u010dnosti i civilizacije, i time potvr\u0111uje da ljudska prava i slobode Bo\u0161njaka u Crnoj Gori i Sand\u017eaku su jednako ugro\u017eena kao i prije.<\/p>\n<p>Tvrdimo da zlo\u010dina\u010dki Gorski vjenac ima zadatak da \u201eNa\u010dertanije\u201c dovede u operativnu funkciju, da mobilizira narodne mase kako bi se \u0161to vi\u0161e ponizili, protjerali, pobili Bo\u0161njaci. Zato krvolok Njego\u0161 tra\u017ei da se o\u010disti zemlja od \u201enekrsti\u201c. A, operativno provo\u0111ene Gorskog vijenca danas radi \u0110ukanovi\u0107 sa svojim poslu\u0161nim establi\u0161mentom me\u0111u kojima je i nekoliko kvazi Bo\u0161njaka koji bi za \u0161aku krvavih eura prodali i svoje \u010dlanove porodice. Njego\u0161em se kunu \u0110ukanovi\u0107evi nacionalisti, pravoslavni juri\u0161nici, a najvi\u0161e srpski i crnogorski \u010detnici, koji su prije svakog klanja i pohoda na muslimanska sela, govorili: \u201cNjego\u0161 prije, Njego\u0161 poslije\u201d.<\/p>\n<p>U ime \u017ertava agresije i genocida, Odbor za obilje\u017eavanje stogodi\u0161njice crnogorskog genocida nad Bo\u0161njacima i Albancima plavsko-gusinjskog kraja sa sjedi\u0161tem u New Yorku upozorava svjetsku javnost na nastavak politike srpsko-crnogorskog veli\u010danja agresije i genocida. O kontinuiranom negiranju genocida i veli\u010danju zlo\u010dinaca izvijestiti \u0107emo sve relevantne institucije i organizacije za za\u0161titu ljudskih prava i sloboda.<\/p>\n<p>U ime \u017ertava agresije, okupacije i genocida od Sand\u017eaka do Bosne, od Plava i Gusinja do Srebrenice, odbacujemo \u0110ukanovi\u0107eve rije\u010di promoviranja krvoloka Njego\u0161a i njegovog zlo\u010dina\u010dkog genocidnog Gorskog vijenca, koji jesu sveto idejno \u0161tivo izvr\u0161iocima genocida nad muslimanima, Bo\u0161njacima i Albancima. Pozivamo sve bo\u0161nja\u010dke i albanske institucije u cijelom regionu i dijaspori, da javno osude \u010din Vlade Crne Gore, \u010dije su namjere usvajanje 13. novembra, da dan Njego\u0161evog ro\u0111enja bude dr\u017eavni praznik, kao i izjave crnogorskog premijera Mila \u0110ukanovi\u0107a koje su nijele sna\u017ean udarac pravdi i istini i dokazale da Crna Gora ne samo da ne \u0161titi prava i slobode svih svojih gra\u0111ana ve\u0107 sa Njegu\u0161em ka Europi trasiraju genocidni put.<\/p>\n<p>I na kraju, obilje\u017eavanje 200 godina od ro\u0111enja Njego\u0161a i njegovog zlo\u010dina\u010dkog djela Gorskog vijenca ustvari je kona\u010dno sahranjivanje bilo kakve ideje o multi-kulti Crnoj Gori.<\/p>\n<p><i><\/i><i><b>Odbor za obilje\u017eavanje stogodi\u0161njice crnogorskog genocida nad Bo\u0161njacima i Albancima plavsko-gusinjskog kraja sa sjedi\u0161tem u New Yorku<i><\/i><\/b><\/i><i><\/i><\/p>\n<p>&nbsp;<\/p>\n<p><img loading=\"lazy\" decoding=\"async\" class=\"aligncenter\" style=\"border: 0px;\" alt=\"\" src=\"http:\/\/www.bosnjaci.net\/foto\/Njegos_i_Milo_Djukanovic12a.jpg\" width=\"544\" height=\"560\" border=\"0\" \/><\/p>\n","protected":false},"excerpt":{"rendered":"<p> Bo\u0161njaci.net<\/p>\n","protected":false},"author":83,"featured_media":92586,"comment_status":"open","ping_status":"open","sticky":false,"template":"","format":"standard","meta":{"footnotes":""},"categories":[10196,10308],"tags":[10218,10405],"class_list":{"0":"post-92582","1":"post","2":"type-post","3":"status-publish","4":"format-standard","5":"has-post-thumbnail","7":"category-iz-pera-nasih-autora","8":"category-crna-gora","9":"tag-nepravde-crnogorske-vlasti","10":"tag-bosnjaci-net"},"yoast_head":"<!-- This site is optimized with the Yoast SEO Premium plugin v23.1 (Yoast SEO v24.9) - https:\/\/yoast.com\/wordpress\/plugins\/seo\/ -->\n<title>\u0110ukanovi\u0107eva Crna Gora ka Evropi trasira Njego\u0161ev put<\/title>\n<meta name=\"robots\" content=\"index, follow, max-snippet:-1, max-image-preview:large, max-video-preview:-1\" \/>\n<link rel=\"canonical\" href=\"https:\/\/sandzakpress.net\/arhiva\/dukanoviceva-crna-gora-ka-evropi-trasira-njegosev-put\/\" \/>\n<meta property=\"og:locale\" content=\"bs_BA\" \/>\n<meta property=\"og:type\" content=\"article\" \/>\n<meta property=\"og:title\" content=\"\u0110ukanovi\u0107eva Crna Gora ka Evropi trasira Njego\u0161ev put\" \/>\n<meta property=\"og:description\" content=\"Bo\u0161njaci.net\" \/>\n<meta property=\"og:url\" content=\"https:\/\/sandzakpress.net\/arhiva\/dukanoviceva-crna-gora-ka-evropi-trasira-njegosev-put\/\" \/>\n<meta property=\"og:site_name\" content=\"Sand\u017eak PRESS\" \/>\n<meta property=\"article:published_time\" content=\"2013-10-25T15:53:08+00:00\" \/>\n<meta property=\"article:modified_time\" content=\"2013-10-25T15:55:03+00:00\" \/>\n<meta property=\"og:image\" content=\"https:\/\/sandzakpress.net\/arhiva\/wp-content\/uploads\/2013\/10\/Njegos_i_Milo_Djukanovic0012a.jpg\" \/>\n\t<meta property=\"og:image:width\" content=\"616\" \/>\n\t<meta property=\"og:image:height\" content=\"437\" \/>\n\t<meta property=\"og:image:type\" content=\"image\/jpeg\" \/>\n<meta name=\"author\" content=\"bosniak\" \/>\n<meta name=\"twitter:card\" content=\"summary_large_image\" \/>\n<meta name=\"twitter:label1\" content=\"Written by\" \/>\n\t<meta name=\"twitter:data1\" content=\"bosniak\" \/>\n\t<meta name=\"twitter:label2\" content=\"Est. reading time\" \/>\n\t<meta name=\"twitter:data2\" content=\"7 minuta\" \/>\n<script type=\"application\/ld+json\" class=\"yoast-schema-graph\">{\"@context\":\"https:\/\/schema.org\",\"@graph\":[{\"@type\":\"Article\",\"@id\":\"https:\/\/sandzakpress.net\/arhiva\/dukanoviceva-crna-gora-ka-evropi-trasira-njegosev-put\/#article\",\"isPartOf\":{\"@id\":\"https:\/\/sandzakpress.net\/arhiva\/dukanoviceva-crna-gora-ka-evropi-trasira-njegosev-put\/\"},\"author\":{\"name\":\"bosniak\",\"@id\":\"https:\/\/sandzakpress.net\/arhiva\/#\/schema\/person\/c8baee722073534b583ea7bdb2e36c02\"},\"headline\":\"\u0110ukanovi\u0107eva Crna Gora ka Evropi trasira Njego\u0161ev put\",\"datePublished\":\"2013-10-25T15:53:08+00:00\",\"dateModified\":\"2013-10-25T15:55:03+00:00\",\"mainEntityOfPage\":{\"@id\":\"https:\/\/sandzakpress.net\/arhiva\/dukanoviceva-crna-gora-ka-evropi-trasira-njegosev-put\/\"},\"wordCount\":1414,\"commentCount\":3,\"publisher\":{\"@id\":\"https:\/\/sandzakpress.net\/arhiva\/#\/schema\/person\/6e72b67d6e51910a1117b3b483ba20bd\"},\"image\":{\"@id\":\"https:\/\/sandzakpress.net\/arhiva\/dukanoviceva-crna-gora-ka-evropi-trasira-njegosev-put\/#primaryimage\"},\"thumbnailUrl\":\"https:\/\/sandzakpress.net\/arhiva\/wp-content\/uploads\/2013\/10\/Njegos_i_Milo_Djukanovic0012a.jpg\",\"keywords\":[\"nepravde crnogorske vlasti\",\"Bo\u0161njaci.net\"],\"articleSection\":[\"Iz pera na\u0161ih autora\",\"Crna Gora\"],\"inLanguage\":\"bs-BA\",\"potentialAction\":[{\"@type\":\"CommentAction\",\"name\":\"Comment\",\"target\":[\"https:\/\/sandzakpress.net\/arhiva\/dukanoviceva-crna-gora-ka-evropi-trasira-njegosev-put\/#respond\"]}]},{\"@type\":\"WebPage\",\"@id\":\"https:\/\/sandzakpress.net\/arhiva\/dukanoviceva-crna-gora-ka-evropi-trasira-njegosev-put\/\",\"url\":\"https:\/\/sandzakpress.net\/arhiva\/dukanoviceva-crna-gora-ka-evropi-trasira-njegosev-put\/\",\"name\":\"\u0110ukanovi\u0107eva Crna Gora ka Evropi trasira Njego\u0161ev put\",\"isPartOf\":{\"@id\":\"https:\/\/sandzakpress.net\/arhiva\/#website\"},\"primaryImageOfPage\":{\"@id\":\"https:\/\/sandzakpress.net\/arhiva\/dukanoviceva-crna-gora-ka-evropi-trasira-njegosev-put\/#primaryimage\"},\"image\":{\"@id\":\"https:\/\/sandzakpress.net\/arhiva\/dukanoviceva-crna-gora-ka-evropi-trasira-njegosev-put\/#primaryimage\"},\"thumbnailUrl\":\"https:\/\/sandzakpress.net\/arhiva\/wp-content\/uploads\/2013\/10\/Njegos_i_Milo_Djukanovic0012a.jpg\",\"datePublished\":\"2013-10-25T15:53:08+00:00\",\"dateModified\":\"2013-10-25T15:55:03+00:00\",\"breadcrumb\":{\"@id\":\"https:\/\/sandzakpress.net\/arhiva\/dukanoviceva-crna-gora-ka-evropi-trasira-njegosev-put\/#breadcrumb\"},\"inLanguage\":\"bs-BA\",\"potentialAction\":[{\"@type\":\"ReadAction\",\"target\":[\"https:\/\/sandzakpress.net\/arhiva\/dukanoviceva-crna-gora-ka-evropi-trasira-njegosev-put\/\"]}]},{\"@type\":\"ImageObject\",\"inLanguage\":\"bs-BA\",\"@id\":\"https:\/\/sandzakpress.net\/arhiva\/dukanoviceva-crna-gora-ka-evropi-trasira-njegosev-put\/#primaryimage\",\"url\":\"https:\/\/sandzakpress.net\/arhiva\/wp-content\/uploads\/2013\/10\/Njegos_i_Milo_Djukanovic0012a.jpg\",\"contentUrl\":\"https:\/\/sandzakpress.net\/arhiva\/wp-content\/uploads\/2013\/10\/Njegos_i_Milo_Djukanovic0012a.jpg\",\"width\":616,\"height\":437},{\"@type\":\"BreadcrumbList\",\"@id\":\"https:\/\/sandzakpress.net\/arhiva\/dukanoviceva-crna-gora-ka-evropi-trasira-njegosev-put\/#breadcrumb\",\"itemListElement\":[{\"@type\":\"ListItem\",\"position\":1,\"name\":\"Home\",\"item\":\"https:\/\/sandzakpress.net\/arhiva\/\"},{\"@type\":\"ListItem\",\"position\":2,\"name\":\"\u0110ukanovi\u0107eva Crna Gora ka Evropi trasira Njego\u0161ev put\"}]},{\"@type\":\"WebSite\",\"@id\":\"https:\/\/sandzakpress.net\/arhiva\/#website\",\"url\":\"https:\/\/sandzakpress.net\/arhiva\/\",\"name\":\"Sand\u017eak PRESS\",\"description\":\"Prve elektronske novine u Sand\u017eaku\",\"publisher\":{\"@id\":\"https:\/\/sandzakpress.net\/arhiva\/#\/schema\/person\/6e72b67d6e51910a1117b3b483ba20bd\"},\"potentialAction\":[{\"@type\":\"SearchAction\",\"target\":{\"@type\":\"EntryPoint\",\"urlTemplate\":\"https:\/\/sandzakpress.net\/arhiva\/?s={search_term_string}\"},\"query-input\":{\"@type\":\"PropertyValueSpecification\",\"valueRequired\":true,\"valueName\":\"search_term_string\"}}],\"inLanguage\":\"bs-BA\"},{\"@type\":[\"Person\",\"Organization\"],\"@id\":\"https:\/\/sandzakpress.net\/arhiva\/#\/schema\/person\/6e72b67d6e51910a1117b3b483ba20bd\",\"name\":\"Kul\",\"image\":{\"@type\":\"ImageObject\",\"inLanguage\":\"bs-BA\",\"@id\":\"https:\/\/sandzakpress.net\/arhiva\/#\/schema\/person\/image\/\",\"url\":\"https:\/\/secure.gravatar.com\/avatar\/42263f39aa27ac04c43cab85c280eb2e?s=96&d=mm&r=pg\",\"contentUrl\":\"https:\/\/secure.gravatar.com\/avatar\/42263f39aa27ac04c43cab85c280eb2e?s=96&d=mm&r=pg\",\"caption\":\"Kul\"},\"logo\":{\"@id\":\"https:\/\/sandzakpress.net\/arhiva\/#\/schema\/person\/image\/\"}},{\"@type\":\"Person\",\"@id\":\"https:\/\/sandzakpress.net\/arhiva\/#\/schema\/person\/c8baee722073534b583ea7bdb2e36c02\",\"name\":\"bosniak\",\"image\":{\"@type\":\"ImageObject\",\"inLanguage\":\"bs-BA\",\"@id\":\"https:\/\/sandzakpress.net\/arhiva\/#\/schema\/person\/image\/\",\"url\":\"https:\/\/secure.gravatar.com\/avatar\/a04fd330bfe3a36a72a0ad4a6d89fca7?s=96&d=mm&r=pg\",\"contentUrl\":\"https:\/\/secure.gravatar.com\/avatar\/a04fd330bfe3a36a72a0ad4a6d89fca7?s=96&d=mm&r=pg\",\"caption\":\"bosniak\"},\"url\":\"https:\/\/sandzakpress.net\/arhiva\/author\/bosniak\/\"}]}<\/script>\n<!-- \/ Yoast SEO Premium plugin. -->","yoast_head_json":{"title":"\u0110ukanovi\u0107eva Crna Gora ka Evropi trasira Njego\u0161ev put","robots":{"index":"index","follow":"follow","max-snippet":"max-snippet:-1","max-image-preview":"max-image-preview:large","max-video-preview":"max-video-preview:-1"},"canonical":"https:\/\/sandzakpress.net\/arhiva\/dukanoviceva-crna-gora-ka-evropi-trasira-njegosev-put\/","og_locale":"bs_BA","og_type":"article","og_title":"\u0110ukanovi\u0107eva Crna Gora ka Evropi trasira Njego\u0161ev put","og_description":"Bo\u0161njaci.net","og_url":"https:\/\/sandzakpress.net\/arhiva\/dukanoviceva-crna-gora-ka-evropi-trasira-njegosev-put\/","og_site_name":"Sand\u017eak PRESS","article_published_time":"2013-10-25T15:53:08+00:00","article_modified_time":"2013-10-25T15:55:03+00:00","og_image":[{"width":616,"height":437,"url":"https:\/\/sandzakpress.net\/arhiva\/wp-content\/uploads\/2013\/10\/Njegos_i_Milo_Djukanovic0012a.jpg","type":"image\/jpeg"}],"author":"bosniak","twitter_card":"summary_large_image","twitter_misc":{"Written by":"bosniak","Est. reading time":"7 minuta"},"schema":{"@context":"https:\/\/schema.org","@graph":[{"@type":"Article","@id":"https:\/\/sandzakpress.net\/arhiva\/dukanoviceva-crna-gora-ka-evropi-trasira-njegosev-put\/#article","isPartOf":{"@id":"https:\/\/sandzakpress.net\/arhiva\/dukanoviceva-crna-gora-ka-evropi-trasira-njegosev-put\/"},"author":{"name":"bosniak","@id":"https:\/\/sandzakpress.net\/arhiva\/#\/schema\/person\/c8baee722073534b583ea7bdb2e36c02"},"headline":"\u0110ukanovi\u0107eva Crna Gora ka Evropi trasira Njego\u0161ev put","datePublished":"2013-10-25T15:53:08+00:00","dateModified":"2013-10-25T15:55:03+00:00","mainEntityOfPage":{"@id":"https:\/\/sandzakpress.net\/arhiva\/dukanoviceva-crna-gora-ka-evropi-trasira-njegosev-put\/"},"wordCount":1414,"commentCount":3,"publisher":{"@id":"https:\/\/sandzakpress.net\/arhiva\/#\/schema\/person\/6e72b67d6e51910a1117b3b483ba20bd"},"image":{"@id":"https:\/\/sandzakpress.net\/arhiva\/dukanoviceva-crna-gora-ka-evropi-trasira-njegosev-put\/#primaryimage"},"thumbnailUrl":"https:\/\/sandzakpress.net\/arhiva\/wp-content\/uploads\/2013\/10\/Njegos_i_Milo_Djukanovic0012a.jpg","keywords":["nepravde crnogorske vlasti","Bo\u0161njaci.net"],"articleSection":["Iz pera na\u0161ih autora","Crna Gora"],"inLanguage":"bs-BA","potentialAction":[{"@type":"CommentAction","name":"Comment","target":["https:\/\/sandzakpress.net\/arhiva\/dukanoviceva-crna-gora-ka-evropi-trasira-njegosev-put\/#respond"]}]},{"@type":"WebPage","@id":"https:\/\/sandzakpress.net\/arhiva\/dukanoviceva-crna-gora-ka-evropi-trasira-njegosev-put\/","url":"https:\/\/sandzakpress.net\/arhiva\/dukanoviceva-crna-gora-ka-evropi-trasira-njegosev-put\/","name":"\u0110ukanovi\u0107eva Crna Gora ka Evropi trasira Njego\u0161ev put","isPartOf":{"@id":"https:\/\/sandzakpress.net\/arhiva\/#website"},"primaryImageOfPage":{"@id":"https:\/\/sandzakpress.net\/arhiva\/dukanoviceva-crna-gora-ka-evropi-trasira-njegosev-put\/#primaryimage"},"image":{"@id":"https:\/\/sandzakpress.net\/arhiva\/dukanoviceva-crna-gora-ka-evropi-trasira-njegosev-put\/#primaryimage"},"thumbnailUrl":"https:\/\/sandzakpress.net\/arhiva\/wp-content\/uploads\/2013\/10\/Njegos_i_Milo_Djukanovic0012a.jpg","datePublished":"2013-10-25T15:53:08+00:00","dateModified":"2013-10-25T15:55:03+00:00","breadcrumb":{"@id":"https:\/\/sandzakpress.net\/arhiva\/dukanoviceva-crna-gora-ka-evropi-trasira-njegosev-put\/#breadcrumb"},"inLanguage":"bs-BA","potentialAction":[{"@type":"ReadAction","target":["https:\/\/sandzakpress.net\/arhiva\/dukanoviceva-crna-gora-ka-evropi-trasira-njegosev-put\/"]}]},{"@type":"ImageObject","inLanguage":"bs-BA","@id":"https:\/\/sandzakpress.net\/arhiva\/dukanoviceva-crna-gora-ka-evropi-trasira-njegosev-put\/#primaryimage","url":"https:\/\/sandzakpress.net\/arhiva\/wp-content\/uploads\/2013\/10\/Njegos_i_Milo_Djukanovic0012a.jpg","contentUrl":"https:\/\/sandzakpress.net\/arhiva\/wp-content\/uploads\/2013\/10\/Njegos_i_Milo_Djukanovic0012a.jpg","width":616,"height":437},{"@type":"BreadcrumbList","@id":"https:\/\/sandzakpress.net\/arhiva\/dukanoviceva-crna-gora-ka-evropi-trasira-njegosev-put\/#breadcrumb","itemListElement":[{"@type":"ListItem","position":1,"name":"Home","item":"https:\/\/sandzakpress.net\/arhiva\/"},{"@type":"ListItem","position":2,"name":"\u0110ukanovi\u0107eva Crna Gora ka Evropi trasira Njego\u0161ev put"}]},{"@type":"WebSite","@id":"https:\/\/sandzakpress.net\/arhiva\/#website","url":"https:\/\/sandzakpress.net\/arhiva\/","name":"Sand\u017eak PRESS","description":"Prve elektronske novine u Sand\u017eaku","publisher":{"@id":"https:\/\/sandzakpress.net\/arhiva\/#\/schema\/person\/6e72b67d6e51910a1117b3b483ba20bd"},"potentialAction":[{"@type":"SearchAction","target":{"@type":"EntryPoint","urlTemplate":"https:\/\/sandzakpress.net\/arhiva\/?s={search_term_string}"},"query-input":{"@type":"PropertyValueSpecification","valueRequired":true,"valueName":"search_term_string"}}],"inLanguage":"bs-BA"},{"@type":["Person","Organization"],"@id":"https:\/\/sandzakpress.net\/arhiva\/#\/schema\/person\/6e72b67d6e51910a1117b3b483ba20bd","name":"Kul","image":{"@type":"ImageObject","inLanguage":"bs-BA","@id":"https:\/\/sandzakpress.net\/arhiva\/#\/schema\/person\/image\/","url":"https:\/\/secure.gravatar.com\/avatar\/42263f39aa27ac04c43cab85c280eb2e?s=96&d=mm&r=pg","contentUrl":"https:\/\/secure.gravatar.com\/avatar\/42263f39aa27ac04c43cab85c280eb2e?s=96&d=mm&r=pg","caption":"Kul"},"logo":{"@id":"https:\/\/sandzakpress.net\/arhiva\/#\/schema\/person\/image\/"}},{"@type":"Person","@id":"https:\/\/sandzakpress.net\/arhiva\/#\/schema\/person\/c8baee722073534b583ea7bdb2e36c02","name":"bosniak","image":{"@type":"ImageObject","inLanguage":"bs-BA","@id":"https:\/\/sandzakpress.net\/arhiva\/#\/schema\/person\/image\/","url":"https:\/\/secure.gravatar.com\/avatar\/a04fd330bfe3a36a72a0ad4a6d89fca7?s=96&d=mm&r=pg","contentUrl":"https:\/\/secure.gravatar.com\/avatar\/a04fd330bfe3a36a72a0ad4a6d89fca7?s=96&d=mm&r=pg","caption":"bosniak"},"url":"https:\/\/sandzakpress.net\/arhiva\/author\/bosniak\/"}]}},"_links":{"self":[{"href":"https:\/\/sandzakpress.net\/arhiva\/wp-json\/wp\/v2\/posts\/92582"}],"collection":[{"href":"https:\/\/sandzakpress.net\/arhiva\/wp-json\/wp\/v2\/posts"}],"about":[{"href":"https:\/\/sandzakpress.net\/arhiva\/wp-json\/wp\/v2\/types\/post"}],"author":[{"embeddable":true,"href":"https:\/\/sandzakpress.net\/arhiva\/wp-json\/wp\/v2\/users\/83"}],"replies":[{"embeddable":true,"href":"https:\/\/sandzakpress.net\/arhiva\/wp-json\/wp\/v2\/comments?post=92582"}],"version-history":[{"count":0,"href":"https:\/\/sandzakpress.net\/arhiva\/wp-json\/wp\/v2\/posts\/92582\/revisions"}],"wp:featuredmedia":[{"embeddable":true,"href":"https:\/\/sandzakpress.net\/arhiva\/wp-json\/wp\/v2\/media\/92586"}],"wp:attachment":[{"href":"https:\/\/sandzakpress.net\/arhiva\/wp-json\/wp\/v2\/media?parent=92582"}],"wp:term":[{"taxonomy":"category","embeddable":true,"href":"https:\/\/sandzakpress.net\/arhiva\/wp-json\/wp\/v2\/categories?post=92582"},{"taxonomy":"post_tag","embeddable":true,"href":"https:\/\/sandzakpress.net\/arhiva\/wp-json\/wp\/v2\/tags?post=92582"}],"curies":[{"name":"wp","href":"https:\/\/api.w.org\/{rel}","templated":true}]}}