{"id":92555,"date":"2013-10-25T17:41:28","date_gmt":"2013-10-25T15:41:28","guid":{"rendered":"https:\/\/sandzakpress.net\/arhiva\/?p=92555"},"modified":"2013-10-26T16:55:25","modified_gmt":"2013-10-26T14:55:25","slug":"priboj-poceo-generalni-strajk-u-ponedeljak-blokada-pruge","status":"publish","type":"post","link":"https:\/\/sandzakpress.net\/arhiva\/priboj-poceo-generalni-strajk-u-ponedeljak-blokada-pruge\/","title":{"rendered":"Priboj: Po\u010deo generalni \u0161trajk, u ponedeljak blokada pruge"},"content":{"rendered":"<p><strong><br \/>\n<img decoding=\"async\" class=\"aligncenter\" alt=\"\" src=\"http:\/\/i1234.photobucket.com\/albums\/ff403\/kedza1\/kedza1001\/FAPstrajk.jpg\" \/>Priboj &#8211; Jutros u 7 \u010dasova po\u010deo je generalni \u0161trajk radnika FAP-a zbog neispla\u0107enih zarada, neoverenih zdravstvenih knji\u017eica i neobezbjedjivanja posla. Na zboru radnika govorili su predsjednik \u0161trajka\u010dkog odbora Milomir Draga\u0161, \u00a0direktor Zoran Zakovi\u0107 i predsjednik op\u0161tine Lazar Rvovi\u0107.<\/strong><\/p>\n<p><img loading=\"lazy\" decoding=\"async\" class=\"size-medium wp-image-92556 alignright\" alt=\"1017201_625725390780553_843693913_n\" src=\"https:\/\/sandzakpress.net\/arhiva\/wp-content\/uploads\/2013\/10\/1017201_625725390780553_843693913_n-300x225.jpg\" width=\"300\" height=\"225\" \/><\/p>\n<p>Odlu\u010deno je da se \u0161trajk radikalizuje i radnici FAP-a \u0107e u ponedeljak iza\u0107i na prugu i blokirati je. Predstavnici \u0161trajka\u010dkog odbora danas \u0107e dostaviti obave\u0161tnje MUP-u o najavljenom izlasku na prugu i pozvati vlasnike privatnih firmi i radnji da na sat vremene u ponedeljak obustave rad kako bi gra\u0111ani Priboja mogli da se pridru\u017ee radnicima FAP-a u \u0161trajku.<\/p>\n<p style=\"text-align: left;\">Na ju\u010dera\u0161njem sastanku predsjednika op\u0161tine Lazara Rvovi\u0107a sa predstavnicima \u0161trajka\u010dkog odbora FAP-a dogovoreno je da lokalna samouprava staje uz radnike FAP-a i podr\u017eava ih u \u0161trajku. U obra\u0107anju medijima povodom situacije u FAP-u, predsjednik op\u0161tine o\u0161tro je napao ministra privrede Sa\u0161u Radulovi\u0107a zbog njegove preporuke da Fap po\u010dne da rasprodaje imovinu, poru\u010div\u0161i da \u0107e se prije skidati \u0161ine sa pruge, nego prodavati ma\u0161ine.<\/p>\n<p style=\"text-align: left;\">(Priboj033)<\/p>\n<p><a>\u00a0<\/a><\/p>\n","protected":false},"excerpt":{"rendered":"<p>Priboj &#8211; Jutros u 7 \u010dasova po\u010deo je generalni \u0161trajk radnika FAP-a zbog neispla\u0107enih zarada, neoverenih zdravstvenih knji\u017eica i neobezbjedjivanja posla. Na zboru radnika govorili su predsjednik \u0161trajka\u010dkog odbora Milomir Draga\u0161, \u00a0direktor Zoran Zakovi\u0107 i predsjednik op\u0161tine Lazar Rvovi\u0107. Odlu\u010deno je da se \u0161trajk radikalizuje i radnici FAP-a \u0107e u ponedeljak iza\u0107i na prugu i [&hellip;]<\/p>\n","protected":false},"author":83,"featured_media":92628,"comment_status":"open","ping_status":"open","sticky":false,"template":"","format":"standard","meta":{"footnotes":""},"categories":[3,393,8957],"tags":[10336],"class_list":{"0":"post-92555","1":"post","2":"type-post","3":"status-publish","4":"format-standard","5":"has-post-thumbnail","7":"category-privreda","8":"category-priboj","9":"category-vijesti-dana","10":"tag-protesti-u-sandzaku"},"yoast_head":"<!-- This site is optimized with the Yoast SEO Premium plugin v23.1 (Yoast SEO v24.9) - https:\/\/yoast.com\/wordpress\/plugins\/seo\/ -->\n<title>Priboj: Po\u010deo generalni \u0161trajk, u ponedeljak blokada pruge<\/title>\n<meta name=\"robots\" content=\"index, follow, max-snippet:-1, max-image-preview:large, max-video-preview:-1\" \/>\n<link rel=\"canonical\" href=\"https:\/\/sandzakpress.net\/arhiva\/priboj-poceo-generalni-strajk-u-ponedeljak-blokada-pruge\/\" \/>\n<meta property=\"og:locale\" content=\"bs_BA\" \/>\n<meta property=\"og:type\" content=\"article\" \/>\n<meta property=\"og:title\" content=\"Priboj: Po\u010deo generalni \u0161trajk, u ponedeljak blokada pruge\" \/>\n<meta property=\"og:description\" content=\"Priboj &#8211; Jutros u 7 \u010dasova po\u010deo je generalni \u0161trajk radnika FAP-a zbog neispla\u0107enih zarada, neoverenih zdravstvenih knji\u017eica i neobezbjedjivanja posla. Na zboru radnika govorili su predsjednik \u0161trajka\u010dkog odbora Milomir Draga\u0161, \u00a0direktor Zoran Zakovi\u0107 i predsjednik op\u0161tine Lazar Rvovi\u0107. Odlu\u010deno je da se \u0161trajk radikalizuje i radnici FAP-a \u0107e u ponedeljak iza\u0107i na prugu i [&hellip;]\" \/>\n<meta property=\"og:url\" content=\"https:\/\/sandzakpress.net\/arhiva\/priboj-poceo-generalni-strajk-u-ponedeljak-blokada-pruge\/\" \/>\n<meta property=\"og:site_name\" content=\"Sand\u017eak PRESS\" \/>\n<meta property=\"article:published_time\" content=\"2013-10-25T15:41:28+00:00\" \/>\n<meta property=\"article:modified_time\" content=\"2013-10-26T14:55:25+00:00\" \/>\n<meta property=\"og:image\" content=\"https:\/\/sandzakpress.net\/arhiva\/wp-content\/uploads\/2013\/10\/FAPstrajk.jpg\" \/>\n\t<meta property=\"og:image:width\" content=\"600\" \/>\n\t<meta property=\"og:image:height\" content=\"400\" \/>\n\t<meta property=\"og:image:type\" content=\"image\/jpeg\" \/>\n<meta name=\"author\" content=\"bosniak\" \/>\n<meta name=\"twitter:card\" content=\"summary_large_image\" \/>\n<meta name=\"twitter:label1\" content=\"Written by\" \/>\n\t<meta name=\"twitter:data1\" content=\"bosniak\" \/>\n\t<meta name=\"twitter:label2\" content=\"Est. reading time\" \/>\n\t<meta name=\"twitter:data2\" content=\"1 minuta\" \/>\n<script type=\"application\/ld+json\" class=\"yoast-schema-graph\">{\"@context\":\"https:\/\/schema.org\",\"@graph\":[{\"@type\":\"Article\",\"@id\":\"https:\/\/sandzakpress.net\/arhiva\/priboj-poceo-generalni-strajk-u-ponedeljak-blokada-pruge\/#article\",\"isPartOf\":{\"@id\":\"https:\/\/sandzakpress.net\/arhiva\/priboj-poceo-generalni-strajk-u-ponedeljak-blokada-pruge\/\"},\"author\":{\"name\":\"bosniak\",\"@id\":\"https:\/\/sandzakpress.net\/arhiva\/#\/schema\/person\/c8baee722073534b583ea7bdb2e36c02\"},\"headline\":\"Priboj: Po\u010deo generalni \u0161trajk, u ponedeljak blokada pruge\",\"datePublished\":\"2013-10-25T15:41:28+00:00\",\"dateModified\":\"2013-10-26T14:55:25+00:00\",\"mainEntityOfPage\":{\"@id\":\"https:\/\/sandzakpress.net\/arhiva\/priboj-poceo-generalni-strajk-u-ponedeljak-blokada-pruge\/\"},\"wordCount\":195,\"commentCount\":0,\"publisher\":{\"@id\":\"https:\/\/sandzakpress.net\/arhiva\/#\/schema\/person\/6e72b67d6e51910a1117b3b483ba20bd\"},\"image\":{\"@id\":\"https:\/\/sandzakpress.net\/arhiva\/priboj-poceo-generalni-strajk-u-ponedeljak-blokada-pruge\/#primaryimage\"},\"thumbnailUrl\":\"https:\/\/sandzakpress.net\/arhiva\/wp-content\/uploads\/2013\/10\/FAPstrajk.jpg\",\"keywords\":[\"protesti u Sand\u017eaku\"],\"articleSection\":[\"Privreda\",\"Priboj\",\"VIJESTI DANA\"],\"inLanguage\":\"bs-BA\",\"potentialAction\":[{\"@type\":\"CommentAction\",\"name\":\"Comment\",\"target\":[\"https:\/\/sandzakpress.net\/arhiva\/priboj-poceo-generalni-strajk-u-ponedeljak-blokada-pruge\/#respond\"]}]},{\"@type\":\"WebPage\",\"@id\":\"https:\/\/sandzakpress.net\/arhiva\/priboj-poceo-generalni-strajk-u-ponedeljak-blokada-pruge\/\",\"url\":\"https:\/\/sandzakpress.net\/arhiva\/priboj-poceo-generalni-strajk-u-ponedeljak-blokada-pruge\/\",\"name\":\"Priboj: Po\u010deo generalni \u0161trajk, u ponedeljak blokada pruge\",\"isPartOf\":{\"@id\":\"https:\/\/sandzakpress.net\/arhiva\/#website\"},\"primaryImageOfPage\":{\"@id\":\"https:\/\/sandzakpress.net\/arhiva\/priboj-poceo-generalni-strajk-u-ponedeljak-blokada-pruge\/#primaryimage\"},\"image\":{\"@id\":\"https:\/\/sandzakpress.net\/arhiva\/priboj-poceo-generalni-strajk-u-ponedeljak-blokada-pruge\/#primaryimage\"},\"thumbnailUrl\":\"https:\/\/sandzakpress.net\/arhiva\/wp-content\/uploads\/2013\/10\/FAPstrajk.jpg\",\"datePublished\":\"2013-10-25T15:41:28+00:00\",\"dateModified\":\"2013-10-26T14:55:25+00:00\",\"breadcrumb\":{\"@id\":\"https:\/\/sandzakpress.net\/arhiva\/priboj-poceo-generalni-strajk-u-ponedeljak-blokada-pruge\/#breadcrumb\"},\"inLanguage\":\"bs-BA\",\"potentialAction\":[{\"@type\":\"ReadAction\",\"target\":[\"https:\/\/sandzakpress.net\/arhiva\/priboj-poceo-generalni-strajk-u-ponedeljak-blokada-pruge\/\"]}]},{\"@type\":\"ImageObject\",\"inLanguage\":\"bs-BA\",\"@id\":\"https:\/\/sandzakpress.net\/arhiva\/priboj-poceo-generalni-strajk-u-ponedeljak-blokada-pruge\/#primaryimage\",\"url\":\"https:\/\/sandzakpress.net\/arhiva\/wp-content\/uploads\/2013\/10\/FAPstrajk.jpg\",\"contentUrl\":\"https:\/\/sandzakpress.net\/arhiva\/wp-content\/uploads\/2013\/10\/FAPstrajk.jpg\",\"width\":600,\"height\":400},{\"@type\":\"BreadcrumbList\",\"@id\":\"https:\/\/sandzakpress.net\/arhiva\/priboj-poceo-generalni-strajk-u-ponedeljak-blokada-pruge\/#breadcrumb\",\"itemListElement\":[{\"@type\":\"ListItem\",\"position\":1,\"name\":\"Home\",\"item\":\"https:\/\/sandzakpress.net\/arhiva\/\"},{\"@type\":\"ListItem\",\"position\":2,\"name\":\"Priboj: Po\u010deo generalni \u0161trajk, u ponedeljak blokada pruge\"}]},{\"@type\":\"WebSite\",\"@id\":\"https:\/\/sandzakpress.net\/arhiva\/#website\",\"url\":\"https:\/\/sandzakpress.net\/arhiva\/\",\"name\":\"Sand\u017eak PRESS\",\"description\":\"Prve elektronske novine u Sand\u017eaku\",\"publisher\":{\"@id\":\"https:\/\/sandzakpress.net\/arhiva\/#\/schema\/person\/6e72b67d6e51910a1117b3b483ba20bd\"},\"potentialAction\":[{\"@type\":\"SearchAction\",\"target\":{\"@type\":\"EntryPoint\",\"urlTemplate\":\"https:\/\/sandzakpress.net\/arhiva\/?s={search_term_string}\"},\"query-input\":{\"@type\":\"PropertyValueSpecification\",\"valueRequired\":true,\"valueName\":\"search_term_string\"}}],\"inLanguage\":\"bs-BA\"},{\"@type\":[\"Person\",\"Organization\"],\"@id\":\"https:\/\/sandzakpress.net\/arhiva\/#\/schema\/person\/6e72b67d6e51910a1117b3b483ba20bd\",\"name\":\"Kul\",\"image\":{\"@type\":\"ImageObject\",\"inLanguage\":\"bs-BA\",\"@id\":\"https:\/\/sandzakpress.net\/arhiva\/#\/schema\/person\/image\/\",\"url\":\"https:\/\/secure.gravatar.com\/avatar\/42263f39aa27ac04c43cab85c280eb2e?s=96&d=mm&r=pg\",\"contentUrl\":\"https:\/\/secure.gravatar.com\/avatar\/42263f39aa27ac04c43cab85c280eb2e?s=96&d=mm&r=pg\",\"caption\":\"Kul\"},\"logo\":{\"@id\":\"https:\/\/sandzakpress.net\/arhiva\/#\/schema\/person\/image\/\"}},{\"@type\":\"Person\",\"@id\":\"https:\/\/sandzakpress.net\/arhiva\/#\/schema\/person\/c8baee722073534b583ea7bdb2e36c02\",\"name\":\"bosniak\",\"image\":{\"@type\":\"ImageObject\",\"inLanguage\":\"bs-BA\",\"@id\":\"https:\/\/sandzakpress.net\/arhiva\/#\/schema\/person\/image\/\",\"url\":\"https:\/\/secure.gravatar.com\/avatar\/a04fd330bfe3a36a72a0ad4a6d89fca7?s=96&d=mm&r=pg\",\"contentUrl\":\"https:\/\/secure.gravatar.com\/avatar\/a04fd330bfe3a36a72a0ad4a6d89fca7?s=96&d=mm&r=pg\",\"caption\":\"bosniak\"},\"url\":\"https:\/\/sandzakpress.net\/arhiva\/author\/bosniak\/\"}]}<\/script>\n<!-- \/ Yoast SEO Premium plugin. -->","yoast_head_json":{"title":"Priboj: Po\u010deo generalni \u0161trajk, u ponedeljak blokada pruge","robots":{"index":"index","follow":"follow","max-snippet":"max-snippet:-1","max-image-preview":"max-image-preview:large","max-video-preview":"max-video-preview:-1"},"canonical":"https:\/\/sandzakpress.net\/arhiva\/priboj-poceo-generalni-strajk-u-ponedeljak-blokada-pruge\/","og_locale":"bs_BA","og_type":"article","og_title":"Priboj: Po\u010deo generalni \u0161trajk, u ponedeljak blokada pruge","og_description":"Priboj &#8211; Jutros u 7 \u010dasova po\u010deo je generalni \u0161trajk radnika FAP-a zbog neispla\u0107enih zarada, neoverenih zdravstvenih knji\u017eica i neobezbjedjivanja posla. Na zboru radnika govorili su predsjednik \u0161trajka\u010dkog odbora Milomir Draga\u0161, \u00a0direktor Zoran Zakovi\u0107 i predsjednik op\u0161tine Lazar Rvovi\u0107. Odlu\u010deno je da se \u0161trajk radikalizuje i radnici FAP-a \u0107e u ponedeljak iza\u0107i na prugu i [&hellip;]","og_url":"https:\/\/sandzakpress.net\/arhiva\/priboj-poceo-generalni-strajk-u-ponedeljak-blokada-pruge\/","og_site_name":"Sand\u017eak PRESS","article_published_time":"2013-10-25T15:41:28+00:00","article_modified_time":"2013-10-26T14:55:25+00:00","og_image":[{"width":600,"height":400,"url":"https:\/\/sandzakpress.net\/arhiva\/wp-content\/uploads\/2013\/10\/FAPstrajk.jpg","type":"image\/jpeg"}],"author":"bosniak","twitter_card":"summary_large_image","twitter_misc":{"Written by":"bosniak","Est. reading time":"1 minuta"},"schema":{"@context":"https:\/\/schema.org","@graph":[{"@type":"Article","@id":"https:\/\/sandzakpress.net\/arhiva\/priboj-poceo-generalni-strajk-u-ponedeljak-blokada-pruge\/#article","isPartOf":{"@id":"https:\/\/sandzakpress.net\/arhiva\/priboj-poceo-generalni-strajk-u-ponedeljak-blokada-pruge\/"},"author":{"name":"bosniak","@id":"https:\/\/sandzakpress.net\/arhiva\/#\/schema\/person\/c8baee722073534b583ea7bdb2e36c02"},"headline":"Priboj: Po\u010deo generalni \u0161trajk, u ponedeljak blokada pruge","datePublished":"2013-10-25T15:41:28+00:00","dateModified":"2013-10-26T14:55:25+00:00","mainEntityOfPage":{"@id":"https:\/\/sandzakpress.net\/arhiva\/priboj-poceo-generalni-strajk-u-ponedeljak-blokada-pruge\/"},"wordCount":195,"commentCount":0,"publisher":{"@id":"https:\/\/sandzakpress.net\/arhiva\/#\/schema\/person\/6e72b67d6e51910a1117b3b483ba20bd"},"image":{"@id":"https:\/\/sandzakpress.net\/arhiva\/priboj-poceo-generalni-strajk-u-ponedeljak-blokada-pruge\/#primaryimage"},"thumbnailUrl":"https:\/\/sandzakpress.net\/arhiva\/wp-content\/uploads\/2013\/10\/FAPstrajk.jpg","keywords":["protesti u Sand\u017eaku"],"articleSection":["Privreda","Priboj","VIJESTI DANA"],"inLanguage":"bs-BA","potentialAction":[{"@type":"CommentAction","name":"Comment","target":["https:\/\/sandzakpress.net\/arhiva\/priboj-poceo-generalni-strajk-u-ponedeljak-blokada-pruge\/#respond"]}]},{"@type":"WebPage","@id":"https:\/\/sandzakpress.net\/arhiva\/priboj-poceo-generalni-strajk-u-ponedeljak-blokada-pruge\/","url":"https:\/\/sandzakpress.net\/arhiva\/priboj-poceo-generalni-strajk-u-ponedeljak-blokada-pruge\/","name":"Priboj: Po\u010deo generalni \u0161trajk, u ponedeljak blokada pruge","isPartOf":{"@id":"https:\/\/sandzakpress.net\/arhiva\/#website"},"primaryImageOfPage":{"@id":"https:\/\/sandzakpress.net\/arhiva\/priboj-poceo-generalni-strajk-u-ponedeljak-blokada-pruge\/#primaryimage"},"image":{"@id":"https:\/\/sandzakpress.net\/arhiva\/priboj-poceo-generalni-strajk-u-ponedeljak-blokada-pruge\/#primaryimage"},"thumbnailUrl":"https:\/\/sandzakpress.net\/arhiva\/wp-content\/uploads\/2013\/10\/FAPstrajk.jpg","datePublished":"2013-10-25T15:41:28+00:00","dateModified":"2013-10-26T14:55:25+00:00","breadcrumb":{"@id":"https:\/\/sandzakpress.net\/arhiva\/priboj-poceo-generalni-strajk-u-ponedeljak-blokada-pruge\/#breadcrumb"},"inLanguage":"bs-BA","potentialAction":[{"@type":"ReadAction","target":["https:\/\/sandzakpress.net\/arhiva\/priboj-poceo-generalni-strajk-u-ponedeljak-blokada-pruge\/"]}]},{"@type":"ImageObject","inLanguage":"bs-BA","@id":"https:\/\/sandzakpress.net\/arhiva\/priboj-poceo-generalni-strajk-u-ponedeljak-blokada-pruge\/#primaryimage","url":"https:\/\/sandzakpress.net\/arhiva\/wp-content\/uploads\/2013\/10\/FAPstrajk.jpg","contentUrl":"https:\/\/sandzakpress.net\/arhiva\/wp-content\/uploads\/2013\/10\/FAPstrajk.jpg","width":600,"height":400},{"@type":"BreadcrumbList","@id":"https:\/\/sandzakpress.net\/arhiva\/priboj-poceo-generalni-strajk-u-ponedeljak-blokada-pruge\/#breadcrumb","itemListElement":[{"@type":"ListItem","position":1,"name":"Home","item":"https:\/\/sandzakpress.net\/arhiva\/"},{"@type":"ListItem","position":2,"name":"Priboj: Po\u010deo generalni \u0161trajk, u ponedeljak blokada pruge"}]},{"@type":"WebSite","@id":"https:\/\/sandzakpress.net\/arhiva\/#website","url":"https:\/\/sandzakpress.net\/arhiva\/","name":"Sand\u017eak PRESS","description":"Prve elektronske novine u Sand\u017eaku","publisher":{"@id":"https:\/\/sandzakpress.net\/arhiva\/#\/schema\/person\/6e72b67d6e51910a1117b3b483ba20bd"},"potentialAction":[{"@type":"SearchAction","target":{"@type":"EntryPoint","urlTemplate":"https:\/\/sandzakpress.net\/arhiva\/?s={search_term_string}"},"query-input":{"@type":"PropertyValueSpecification","valueRequired":true,"valueName":"search_term_string"}}],"inLanguage":"bs-BA"},{"@type":["Person","Organization"],"@id":"https:\/\/sandzakpress.net\/arhiva\/#\/schema\/person\/6e72b67d6e51910a1117b3b483ba20bd","name":"Kul","image":{"@type":"ImageObject","inLanguage":"bs-BA","@id":"https:\/\/sandzakpress.net\/arhiva\/#\/schema\/person\/image\/","url":"https:\/\/secure.gravatar.com\/avatar\/42263f39aa27ac04c43cab85c280eb2e?s=96&d=mm&r=pg","contentUrl":"https:\/\/secure.gravatar.com\/avatar\/42263f39aa27ac04c43cab85c280eb2e?s=96&d=mm&r=pg","caption":"Kul"},"logo":{"@id":"https:\/\/sandzakpress.net\/arhiva\/#\/schema\/person\/image\/"}},{"@type":"Person","@id":"https:\/\/sandzakpress.net\/arhiva\/#\/schema\/person\/c8baee722073534b583ea7bdb2e36c02","name":"bosniak","image":{"@type":"ImageObject","inLanguage":"bs-BA","@id":"https:\/\/sandzakpress.net\/arhiva\/#\/schema\/person\/image\/","url":"https:\/\/secure.gravatar.com\/avatar\/a04fd330bfe3a36a72a0ad4a6d89fca7?s=96&d=mm&r=pg","contentUrl":"https:\/\/secure.gravatar.com\/avatar\/a04fd330bfe3a36a72a0ad4a6d89fca7?s=96&d=mm&r=pg","caption":"bosniak"},"url":"https:\/\/sandzakpress.net\/arhiva\/author\/bosniak\/"}]}},"_links":{"self":[{"href":"https:\/\/sandzakpress.net\/arhiva\/wp-json\/wp\/v2\/posts\/92555"}],"collection":[{"href":"https:\/\/sandzakpress.net\/arhiva\/wp-json\/wp\/v2\/posts"}],"about":[{"href":"https:\/\/sandzakpress.net\/arhiva\/wp-json\/wp\/v2\/types\/post"}],"author":[{"embeddable":true,"href":"https:\/\/sandzakpress.net\/arhiva\/wp-json\/wp\/v2\/users\/83"}],"replies":[{"embeddable":true,"href":"https:\/\/sandzakpress.net\/arhiva\/wp-json\/wp\/v2\/comments?post=92555"}],"version-history":[{"count":0,"href":"https:\/\/sandzakpress.net\/arhiva\/wp-json\/wp\/v2\/posts\/92555\/revisions"}],"wp:featuredmedia":[{"embeddable":true,"href":"https:\/\/sandzakpress.net\/arhiva\/wp-json\/wp\/v2\/media\/92628"}],"wp:attachment":[{"href":"https:\/\/sandzakpress.net\/arhiva\/wp-json\/wp\/v2\/media?parent=92555"}],"wp:term":[{"taxonomy":"category","embeddable":true,"href":"https:\/\/sandzakpress.net\/arhiva\/wp-json\/wp\/v2\/categories?post=92555"},{"taxonomy":"post_tag","embeddable":true,"href":"https:\/\/sandzakpress.net\/arhiva\/wp-json\/wp\/v2\/tags?post=92555"}],"curies":[{"name":"wp","href":"https:\/\/api.w.org\/{rel}","templated":true}]}}