{"id":92509,"date":"2013-10-25T17:22:46","date_gmt":"2013-10-25T15:22:46","guid":{"rendered":"https:\/\/sandzakpress.net\/arhiva\/?p=92509"},"modified":"2013-10-25T17:22:46","modified_gmt":"2013-10-25T15:22:46","slug":"tenzije-na-relaciji-njemacka-sad","status":"publish","type":"post","link":"https:\/\/sandzakpress.net\/arhiva\/tenzije-na-relaciji-njemacka-sad\/","title":{"rendered":"Tenzije na relaciji Njema\u010dka-SAD"},"content":{"rendered":"<p><strong><a href=\"https:\/\/sandzakpress.net\/arhiva\/wp-content\/uploads\/2013\/10\/f8e41c3756f642b548f0a63ac6ab86bf_L.jpg\"><img loading=\"lazy\" decoding=\"async\" class=\"alignleft size-full wp-image-92511\" alt=\"f8e41c3756f642b548f0a63ac6ab86bf_L\" src=\"https:\/\/sandzakpress.net\/arhiva\/wp-content\/uploads\/2013\/10\/f8e41c3756f642b548f0a63ac6ab86bf_L.jpg\" width=\"200\" height=\"133\" \/><\/a>Amerika, Njema\u010dka &#8211; \u00a0Njema\u010dke politi\u010dke partije su, povodom saznanja da su Amerikanci prislu\u0161kivali telefon i same kancelarke Angele Merkel, reagovale kriti\u010dki, bijesno i uznemireno, zahtijevaju\u0107i od transatlanskih partnera sveobuhvatno obja\u0161njenje cijelog slu\u010daja, koji, kako se ocijenjuje, prijeti da izazove diplomatsku krizu u bilateralnim odnosima.\u00a0<\/strong><\/p>\n<div>\n<p>\u0160ef njema\u010dke diplomatije Gvido Vestervele je pozvao na razgovor ambasadora SAD u Berlinu D\u017eona Emersona. &#8220;Ako se potvrdi da je ta\u010dno, to \u0161to smo \u010duli, onda bi bilo zaista lo\u0161e&#8221;, rekao je ministar odbrane, ozbiljni Tomas de Mezijer, o kome se govori kao jednom od ministara i u budu\u0107em sazivu njema\u010dke vlade. &#8220;Amerikanci jesu i ostaju na\u0161i najbolji prijatelji, ali tako ne ide&#8221;, rekao de Mezijer televiziji ARD i dodao da je on li\u010dno polazio od toga da se njegov mobilni telefon prislu\u0161kuje, ali da nije ra\u010dunao na Amerikance.<\/p>\n<p>&#8220;Prijeti te\u0161ko optere\u0107enje u odnosima izme\u0111u Njema\u010dke i SAD&#8221;, rekao je ekspert za unutra\u0161nju politiku vladaju\u0107e Hri\u0161\u0107ansko-demokratske unije (CDU) Volfgang Bozbah dnevniku &#8220;Velt&#8221;, dok je iz redova njihovih budu\u0107ih koalicionih partnera, Socijaldemorkatske partije (SPD), ovaj slu\u010daj ocijenjen kao skandalozan.<\/p>\n<p>\u0160ef pokrajinske podru\u017enice SPD u \u0160lezvig-Hol\u0161tajnu Ralf \u0160tegner je ameri\u010dko prislu\u0161kivanje mobilnih telefona njema\u010dkih politi\u010dara i drugih gra\u0111ana ocijenio kao skandalozno. SPD je zahtijevala sveobuhvatno ameri\u010dko obja\u0161njenje, uz upozorenje da bi, ukoliko se sve potvrdi kao ta\u010dno, to mogao biti veliki udarac na polju me\u0111usobnog povijerenja. Jedan od vode\u0107ih politi\u010dara SPD, Tomas Operman, koji govori o uru\u0161avanju povijerenja u njema\u010dko-ameri\u010dkim odnosima, ukoliko je pri\u010da ta\u010dna, bio je u toku izborne kampanje kriti\u010dki raspolo\u017een prema Merkelovoj, tvrde\u0107i da ona nije dovoljno enegi\u010dno i\u0161la u razja\u0161njenje s Amerikancima o aferi NSA-prislu\u0161kivanja njema\u010dkih gra\u0111ana.<\/p>\n<p>I iz redova opozicije, zelenih i ljevi\u010dara, stigle su kritike na ra\u010dun Amerikanaca, ali i same Merkelove, kojoj se prebacuje da je sama smirivala tenzije oko NSA aferu prislu\u0161kivanja Nijemaca. Opunomo\u0107enik njema\u010dke vlade za za\u0161titu podataka Peter \u0160ar ocijenio je da izvije\u0161taj o ameri\u010dkom prislu\u0161kivanju Merkelove, govori samo o tome koliko je bio apsurdan politi\u010dki poku\u0161aj da se prislu\u0161kivanja Nijemaca proglasi kao zavr\u0161ena debata. Njema\u010dka vlada dobila je informacije da su ameri\u010dke obavije\u0161tajne slu\u017ebe prislu\u0161kivale mobilni telefon njema\u010dke kancelarke Angele Merkel, saop\u0161tio je njen portparol \u0160tefan Zajbert. &#8220;Kancelarka je telefonirala predsjedniku SAD Baraku Obami i jasno stavila do znanja da se nedvosmisleno protivi ovakvoj praksi, i da, ukoliko bi se potvrdilo da je to ta\u010dno, to bilo potpuno neprihvatljivo&#8221;, navodi se u saop\u0161tenju Zajberta.<\/p>\n<p>U me\u0111uvremenu, Obama je pru\u017eio Merkelovoj uvjeravanja da SAD ne nadziru njene komunikacije, ali Bijela ku\u0107a nije negirala izvje\u0161taje da su ameri\u010dke obavje\u0161tajne slu\u017ebe prislu\u0161kivale njen mobilni telefon u pro\u0161losti. &#8220;Predsjednik je dao uvjeravanja kancelarki da SAD ne prislu\u0161kuju njene komunikacije i ne\u0107e to \u010diniti&#8221;, rekao je portparol Bijele ku\u0107e D\u017eej Karni.<\/p>\n<p>\u0160ef njema\u010dke diplomatije Gvido Vestervele je pozvao na razgovor ambasadora SAD u Berlinu D\u017eona Emersona, \u0161to je, kako ocijenjuju analiti\u010dari, u njema\u010dko-ameri\u010dkim odnosima neobi\u010dan \u010din. &#8220;Vestervele \u0107e li\u010dno sresti ambasadora&#8221;, prenosi njema\u010dki politi\u010dki nedeljnik &#8220;\u0160pigel&#8221; saznanja iz Ministarstva vanjskih poslova, a analiti\u010dari ka\u017eu da to ukazuje sa koliko ozbiljnosti njema\u010dka vlada shvata cio slu\u010daj prislu\u0161kivanja.<\/p>\n<p>(bosnian.irib)<\/p>\n<\/div>\n","protected":false},"excerpt":{"rendered":"<p>Amerika, Njema\u010dka &#8211; \u00a0Njema\u010dke politi\u010dke partije su, povodom saznanja da su Amerikanci prislu\u0161kivali telefon i same kancelarke Angele Merkel, reagovale kriti\u010dki, bijesno i uznemireno, zahtijevaju\u0107i od transatlanskih partnera sveobuhvatno obja\u0161njenje cijelog slu\u010daja, koji, kako se ocijenjuje, prijeti da izazove diplomatsku krizu u bilateralnim odnosima.\u00a0 \u0160ef njema\u010dke diplomatije Gvido Vestervele je pozvao na razgovor ambasadora SAD [&hellip;]<\/p>\n","protected":false},"author":83,"featured_media":92511,"comment_status":"open","ping_status":"open","sticky":false,"template":"","format":"standard","meta":{"footnotes":""},"categories":[3012,9538,9],"tags":[],"class_list":{"0":"post-92509","1":"post","2":"type-post","3":"status-publish","4":"format-standard","5":"has-post-thumbnail","7":"category-amerika-gradovi","8":"category-njemacka-dijaspora-gradovi-vase-vijesti","9":"category-svijet"},"yoast_head":"<!-- This site is optimized with the Yoast SEO Premium plugin v23.1 (Yoast SEO v24.9) - https:\/\/yoast.com\/wordpress\/plugins\/seo\/ -->\n<title>Tenzije na relaciji Njema\u010dka-SAD<\/title>\n<meta name=\"robots\" content=\"index, follow, max-snippet:-1, max-image-preview:large, max-video-preview:-1\" \/>\n<link rel=\"canonical\" href=\"https:\/\/sandzakpress.net\/arhiva\/tenzije-na-relaciji-njemacka-sad\/\" \/>\n<meta property=\"og:locale\" content=\"bs_BA\" \/>\n<meta property=\"og:type\" content=\"article\" \/>\n<meta property=\"og:title\" content=\"Tenzije na relaciji Njema\u010dka-SAD\" \/>\n<meta property=\"og:description\" content=\"Amerika, Njema\u010dka &#8211; \u00a0Njema\u010dke politi\u010dke partije su, povodom saznanja da su Amerikanci prislu\u0161kivali telefon i same kancelarke Angele Merkel, reagovale kriti\u010dki, bijesno i uznemireno, zahtijevaju\u0107i od transatlanskih partnera sveobuhvatno obja\u0161njenje cijelog slu\u010daja, koji, kako se ocijenjuje, prijeti da izazove diplomatsku krizu u bilateralnim odnosima.\u00a0 \u0160ef njema\u010dke diplomatije Gvido Vestervele je pozvao na razgovor ambasadora SAD [&hellip;]\" \/>\n<meta property=\"og:url\" content=\"https:\/\/sandzakpress.net\/arhiva\/tenzije-na-relaciji-njemacka-sad\/\" \/>\n<meta property=\"og:site_name\" content=\"Sand\u017eak PRESS\" \/>\n<meta property=\"article:published_time\" content=\"2013-10-25T15:22:46+00:00\" \/>\n<meta property=\"og:image\" content=\"https:\/\/sandzakpress.net\/arhiva\/wp-content\/uploads\/2013\/10\/f8e41c3756f642b548f0a63ac6ab86bf_L.jpg\" \/>\n\t<meta property=\"og:image:width\" content=\"200\" \/>\n\t<meta property=\"og:image:height\" content=\"133\" \/>\n\t<meta property=\"og:image:type\" content=\"image\/jpeg\" \/>\n<meta name=\"author\" content=\"bosniak\" \/>\n<meta name=\"twitter:card\" content=\"summary_large_image\" \/>\n<meta name=\"twitter:label1\" content=\"Written by\" \/>\n\t<meta name=\"twitter:data1\" content=\"bosniak\" \/>\n\t<meta name=\"twitter:label2\" content=\"Est. reading time\" \/>\n\t<meta name=\"twitter:data2\" content=\"3 minute\" \/>\n<script type=\"application\/ld+json\" class=\"yoast-schema-graph\">{\"@context\":\"https:\/\/schema.org\",\"@graph\":[{\"@type\":\"Article\",\"@id\":\"https:\/\/sandzakpress.net\/arhiva\/tenzije-na-relaciji-njemacka-sad\/#article\",\"isPartOf\":{\"@id\":\"https:\/\/sandzakpress.net\/arhiva\/tenzije-na-relaciji-njemacka-sad\/\"},\"author\":{\"name\":\"bosniak\",\"@id\":\"https:\/\/sandzakpress.net\/arhiva\/#\/schema\/person\/c8baee722073534b583ea7bdb2e36c02\"},\"headline\":\"Tenzije na relaciji Njema\u010dka-SAD\",\"datePublished\":\"2013-10-25T15:22:46+00:00\",\"mainEntityOfPage\":{\"@id\":\"https:\/\/sandzakpress.net\/arhiva\/tenzije-na-relaciji-njemacka-sad\/\"},\"wordCount\":604,\"commentCount\":0,\"publisher\":{\"@id\":\"https:\/\/sandzakpress.net\/arhiva\/#\/schema\/person\/6e72b67d6e51910a1117b3b483ba20bd\"},\"image\":{\"@id\":\"https:\/\/sandzakpress.net\/arhiva\/tenzije-na-relaciji-njemacka-sad\/#primaryimage\"},\"thumbnailUrl\":\"https:\/\/sandzakpress.net\/arhiva\/wp-content\/uploads\/2013\/10\/f8e41c3756f642b548f0a63ac6ab86bf_L.jpg\",\"articleSection\":[\"Amerika\",\"Njema\u010dka\",\"Svijet\"],\"inLanguage\":\"bs-BA\",\"potentialAction\":[{\"@type\":\"CommentAction\",\"name\":\"Comment\",\"target\":[\"https:\/\/sandzakpress.net\/arhiva\/tenzije-na-relaciji-njemacka-sad\/#respond\"]}]},{\"@type\":\"WebPage\",\"@id\":\"https:\/\/sandzakpress.net\/arhiva\/tenzije-na-relaciji-njemacka-sad\/\",\"url\":\"https:\/\/sandzakpress.net\/arhiva\/tenzije-na-relaciji-njemacka-sad\/\",\"name\":\"Tenzije na relaciji Njema\u010dka-SAD\",\"isPartOf\":{\"@id\":\"https:\/\/sandzakpress.net\/arhiva\/#website\"},\"primaryImageOfPage\":{\"@id\":\"https:\/\/sandzakpress.net\/arhiva\/tenzije-na-relaciji-njemacka-sad\/#primaryimage\"},\"image\":{\"@id\":\"https:\/\/sandzakpress.net\/arhiva\/tenzije-na-relaciji-njemacka-sad\/#primaryimage\"},\"thumbnailUrl\":\"https:\/\/sandzakpress.net\/arhiva\/wp-content\/uploads\/2013\/10\/f8e41c3756f642b548f0a63ac6ab86bf_L.jpg\",\"datePublished\":\"2013-10-25T15:22:46+00:00\",\"breadcrumb\":{\"@id\":\"https:\/\/sandzakpress.net\/arhiva\/tenzije-na-relaciji-njemacka-sad\/#breadcrumb\"},\"inLanguage\":\"bs-BA\",\"potentialAction\":[{\"@type\":\"ReadAction\",\"target\":[\"https:\/\/sandzakpress.net\/arhiva\/tenzije-na-relaciji-njemacka-sad\/\"]}]},{\"@type\":\"ImageObject\",\"inLanguage\":\"bs-BA\",\"@id\":\"https:\/\/sandzakpress.net\/arhiva\/tenzije-na-relaciji-njemacka-sad\/#primaryimage\",\"url\":\"https:\/\/sandzakpress.net\/arhiva\/wp-content\/uploads\/2013\/10\/f8e41c3756f642b548f0a63ac6ab86bf_L.jpg\",\"contentUrl\":\"https:\/\/sandzakpress.net\/arhiva\/wp-content\/uploads\/2013\/10\/f8e41c3756f642b548f0a63ac6ab86bf_L.jpg\",\"width\":200,\"height\":133},{\"@type\":\"BreadcrumbList\",\"@id\":\"https:\/\/sandzakpress.net\/arhiva\/tenzije-na-relaciji-njemacka-sad\/#breadcrumb\",\"itemListElement\":[{\"@type\":\"ListItem\",\"position\":1,\"name\":\"Home\",\"item\":\"https:\/\/sandzakpress.net\/arhiva\/\"},{\"@type\":\"ListItem\",\"position\":2,\"name\":\"Tenzije na relaciji Njema\u010dka-SAD\"}]},{\"@type\":\"WebSite\",\"@id\":\"https:\/\/sandzakpress.net\/arhiva\/#website\",\"url\":\"https:\/\/sandzakpress.net\/arhiva\/\",\"name\":\"Sand\u017eak PRESS\",\"description\":\"Prve elektronske novine u Sand\u017eaku\",\"publisher\":{\"@id\":\"https:\/\/sandzakpress.net\/arhiva\/#\/schema\/person\/6e72b67d6e51910a1117b3b483ba20bd\"},\"potentialAction\":[{\"@type\":\"SearchAction\",\"target\":{\"@type\":\"EntryPoint\",\"urlTemplate\":\"https:\/\/sandzakpress.net\/arhiva\/?s={search_term_string}\"},\"query-input\":{\"@type\":\"PropertyValueSpecification\",\"valueRequired\":true,\"valueName\":\"search_term_string\"}}],\"inLanguage\":\"bs-BA\"},{\"@type\":[\"Person\",\"Organization\"],\"@id\":\"https:\/\/sandzakpress.net\/arhiva\/#\/schema\/person\/6e72b67d6e51910a1117b3b483ba20bd\",\"name\":\"Kul\",\"image\":{\"@type\":\"ImageObject\",\"inLanguage\":\"bs-BA\",\"@id\":\"https:\/\/sandzakpress.net\/arhiva\/#\/schema\/person\/image\/\",\"url\":\"https:\/\/secure.gravatar.com\/avatar\/42263f39aa27ac04c43cab85c280eb2e?s=96&d=mm&r=pg\",\"contentUrl\":\"https:\/\/secure.gravatar.com\/avatar\/42263f39aa27ac04c43cab85c280eb2e?s=96&d=mm&r=pg\",\"caption\":\"Kul\"},\"logo\":{\"@id\":\"https:\/\/sandzakpress.net\/arhiva\/#\/schema\/person\/image\/\"}},{\"@type\":\"Person\",\"@id\":\"https:\/\/sandzakpress.net\/arhiva\/#\/schema\/person\/c8baee722073534b583ea7bdb2e36c02\",\"name\":\"bosniak\",\"image\":{\"@type\":\"ImageObject\",\"inLanguage\":\"bs-BA\",\"@id\":\"https:\/\/sandzakpress.net\/arhiva\/#\/schema\/person\/image\/\",\"url\":\"https:\/\/secure.gravatar.com\/avatar\/a04fd330bfe3a36a72a0ad4a6d89fca7?s=96&d=mm&r=pg\",\"contentUrl\":\"https:\/\/secure.gravatar.com\/avatar\/a04fd330bfe3a36a72a0ad4a6d89fca7?s=96&d=mm&r=pg\",\"caption\":\"bosniak\"},\"url\":\"https:\/\/sandzakpress.net\/arhiva\/author\/bosniak\/\"}]}<\/script>\n<!-- \/ Yoast SEO Premium plugin. -->","yoast_head_json":{"title":"Tenzije na relaciji Njema\u010dka-SAD","robots":{"index":"index","follow":"follow","max-snippet":"max-snippet:-1","max-image-preview":"max-image-preview:large","max-video-preview":"max-video-preview:-1"},"canonical":"https:\/\/sandzakpress.net\/arhiva\/tenzije-na-relaciji-njemacka-sad\/","og_locale":"bs_BA","og_type":"article","og_title":"Tenzije na relaciji Njema\u010dka-SAD","og_description":"Amerika, Njema\u010dka &#8211; \u00a0Njema\u010dke politi\u010dke partije su, povodom saznanja da su Amerikanci prislu\u0161kivali telefon i same kancelarke Angele Merkel, reagovale kriti\u010dki, bijesno i uznemireno, zahtijevaju\u0107i od transatlanskih partnera sveobuhvatno obja\u0161njenje cijelog slu\u010daja, koji, kako se ocijenjuje, prijeti da izazove diplomatsku krizu u bilateralnim odnosima.\u00a0 \u0160ef njema\u010dke diplomatije Gvido Vestervele je pozvao na razgovor ambasadora SAD [&hellip;]","og_url":"https:\/\/sandzakpress.net\/arhiva\/tenzije-na-relaciji-njemacka-sad\/","og_site_name":"Sand\u017eak PRESS","article_published_time":"2013-10-25T15:22:46+00:00","og_image":[{"width":200,"height":133,"url":"https:\/\/sandzakpress.net\/arhiva\/wp-content\/uploads\/2013\/10\/f8e41c3756f642b548f0a63ac6ab86bf_L.jpg","type":"image\/jpeg"}],"author":"bosniak","twitter_card":"summary_large_image","twitter_misc":{"Written by":"bosniak","Est. reading time":"3 minute"},"schema":{"@context":"https:\/\/schema.org","@graph":[{"@type":"Article","@id":"https:\/\/sandzakpress.net\/arhiva\/tenzije-na-relaciji-njemacka-sad\/#article","isPartOf":{"@id":"https:\/\/sandzakpress.net\/arhiva\/tenzije-na-relaciji-njemacka-sad\/"},"author":{"name":"bosniak","@id":"https:\/\/sandzakpress.net\/arhiva\/#\/schema\/person\/c8baee722073534b583ea7bdb2e36c02"},"headline":"Tenzije na relaciji Njema\u010dka-SAD","datePublished":"2013-10-25T15:22:46+00:00","mainEntityOfPage":{"@id":"https:\/\/sandzakpress.net\/arhiva\/tenzije-na-relaciji-njemacka-sad\/"},"wordCount":604,"commentCount":0,"publisher":{"@id":"https:\/\/sandzakpress.net\/arhiva\/#\/schema\/person\/6e72b67d6e51910a1117b3b483ba20bd"},"image":{"@id":"https:\/\/sandzakpress.net\/arhiva\/tenzije-na-relaciji-njemacka-sad\/#primaryimage"},"thumbnailUrl":"https:\/\/sandzakpress.net\/arhiva\/wp-content\/uploads\/2013\/10\/f8e41c3756f642b548f0a63ac6ab86bf_L.jpg","articleSection":["Amerika","Njema\u010dka","Svijet"],"inLanguage":"bs-BA","potentialAction":[{"@type":"CommentAction","name":"Comment","target":["https:\/\/sandzakpress.net\/arhiva\/tenzije-na-relaciji-njemacka-sad\/#respond"]}]},{"@type":"WebPage","@id":"https:\/\/sandzakpress.net\/arhiva\/tenzije-na-relaciji-njemacka-sad\/","url":"https:\/\/sandzakpress.net\/arhiva\/tenzije-na-relaciji-njemacka-sad\/","name":"Tenzije na relaciji Njema\u010dka-SAD","isPartOf":{"@id":"https:\/\/sandzakpress.net\/arhiva\/#website"},"primaryImageOfPage":{"@id":"https:\/\/sandzakpress.net\/arhiva\/tenzije-na-relaciji-njemacka-sad\/#primaryimage"},"image":{"@id":"https:\/\/sandzakpress.net\/arhiva\/tenzije-na-relaciji-njemacka-sad\/#primaryimage"},"thumbnailUrl":"https:\/\/sandzakpress.net\/arhiva\/wp-content\/uploads\/2013\/10\/f8e41c3756f642b548f0a63ac6ab86bf_L.jpg","datePublished":"2013-10-25T15:22:46+00:00","breadcrumb":{"@id":"https:\/\/sandzakpress.net\/arhiva\/tenzije-na-relaciji-njemacka-sad\/#breadcrumb"},"inLanguage":"bs-BA","potentialAction":[{"@type":"ReadAction","target":["https:\/\/sandzakpress.net\/arhiva\/tenzije-na-relaciji-njemacka-sad\/"]}]},{"@type":"ImageObject","inLanguage":"bs-BA","@id":"https:\/\/sandzakpress.net\/arhiva\/tenzije-na-relaciji-njemacka-sad\/#primaryimage","url":"https:\/\/sandzakpress.net\/arhiva\/wp-content\/uploads\/2013\/10\/f8e41c3756f642b548f0a63ac6ab86bf_L.jpg","contentUrl":"https:\/\/sandzakpress.net\/arhiva\/wp-content\/uploads\/2013\/10\/f8e41c3756f642b548f0a63ac6ab86bf_L.jpg","width":200,"height":133},{"@type":"BreadcrumbList","@id":"https:\/\/sandzakpress.net\/arhiva\/tenzije-na-relaciji-njemacka-sad\/#breadcrumb","itemListElement":[{"@type":"ListItem","position":1,"name":"Home","item":"https:\/\/sandzakpress.net\/arhiva\/"},{"@type":"ListItem","position":2,"name":"Tenzije na relaciji Njema\u010dka-SAD"}]},{"@type":"WebSite","@id":"https:\/\/sandzakpress.net\/arhiva\/#website","url":"https:\/\/sandzakpress.net\/arhiva\/","name":"Sand\u017eak PRESS","description":"Prve elektronske novine u Sand\u017eaku","publisher":{"@id":"https:\/\/sandzakpress.net\/arhiva\/#\/schema\/person\/6e72b67d6e51910a1117b3b483ba20bd"},"potentialAction":[{"@type":"SearchAction","target":{"@type":"EntryPoint","urlTemplate":"https:\/\/sandzakpress.net\/arhiva\/?s={search_term_string}"},"query-input":{"@type":"PropertyValueSpecification","valueRequired":true,"valueName":"search_term_string"}}],"inLanguage":"bs-BA"},{"@type":["Person","Organization"],"@id":"https:\/\/sandzakpress.net\/arhiva\/#\/schema\/person\/6e72b67d6e51910a1117b3b483ba20bd","name":"Kul","image":{"@type":"ImageObject","inLanguage":"bs-BA","@id":"https:\/\/sandzakpress.net\/arhiva\/#\/schema\/person\/image\/","url":"https:\/\/secure.gravatar.com\/avatar\/42263f39aa27ac04c43cab85c280eb2e?s=96&d=mm&r=pg","contentUrl":"https:\/\/secure.gravatar.com\/avatar\/42263f39aa27ac04c43cab85c280eb2e?s=96&d=mm&r=pg","caption":"Kul"},"logo":{"@id":"https:\/\/sandzakpress.net\/arhiva\/#\/schema\/person\/image\/"}},{"@type":"Person","@id":"https:\/\/sandzakpress.net\/arhiva\/#\/schema\/person\/c8baee722073534b583ea7bdb2e36c02","name":"bosniak","image":{"@type":"ImageObject","inLanguage":"bs-BA","@id":"https:\/\/sandzakpress.net\/arhiva\/#\/schema\/person\/image\/","url":"https:\/\/secure.gravatar.com\/avatar\/a04fd330bfe3a36a72a0ad4a6d89fca7?s=96&d=mm&r=pg","contentUrl":"https:\/\/secure.gravatar.com\/avatar\/a04fd330bfe3a36a72a0ad4a6d89fca7?s=96&d=mm&r=pg","caption":"bosniak"},"url":"https:\/\/sandzakpress.net\/arhiva\/author\/bosniak\/"}]}},"_links":{"self":[{"href":"https:\/\/sandzakpress.net\/arhiva\/wp-json\/wp\/v2\/posts\/92509"}],"collection":[{"href":"https:\/\/sandzakpress.net\/arhiva\/wp-json\/wp\/v2\/posts"}],"about":[{"href":"https:\/\/sandzakpress.net\/arhiva\/wp-json\/wp\/v2\/types\/post"}],"author":[{"embeddable":true,"href":"https:\/\/sandzakpress.net\/arhiva\/wp-json\/wp\/v2\/users\/83"}],"replies":[{"embeddable":true,"href":"https:\/\/sandzakpress.net\/arhiva\/wp-json\/wp\/v2\/comments?post=92509"}],"version-history":[{"count":0,"href":"https:\/\/sandzakpress.net\/arhiva\/wp-json\/wp\/v2\/posts\/92509\/revisions"}],"wp:featuredmedia":[{"embeddable":true,"href":"https:\/\/sandzakpress.net\/arhiva\/wp-json\/wp\/v2\/media\/92511"}],"wp:attachment":[{"href":"https:\/\/sandzakpress.net\/arhiva\/wp-json\/wp\/v2\/media?parent=92509"}],"wp:term":[{"taxonomy":"category","embeddable":true,"href":"https:\/\/sandzakpress.net\/arhiva\/wp-json\/wp\/v2\/categories?post=92509"},{"taxonomy":"post_tag","embeddable":true,"href":"https:\/\/sandzakpress.net\/arhiva\/wp-json\/wp\/v2\/tags?post=92509"}],"curies":[{"name":"wp","href":"https:\/\/api.w.org\/{rel}","templated":true}]}}