{"id":925,"date":"2010-01-05T13:35:29","date_gmt":"2010-01-05T13:35:29","guid":{"rendered":"https:\/\/sandzakpress.net\/arhiva\/?p=925"},"modified":"2010-01-05T13:38:43","modified_gmt":"2010-01-05T13:38:43","slug":"putem-istrazivanja-sulejmana-alickovica-etnologa","status":"publish","type":"post","link":"https:\/\/sandzakpress.net\/arhiva\/putem-istrazivanja-sulejmana-alickovica-etnologa\/","title":{"rendered":"Putem istra\u017eivanja Sulejmana Ali\u010dkovi\u0107a, etnologa"},"content":{"rendered":"<figure id=\"attachment_927\" aria-describedby=\"caption-attachment-927\" style=\"width: 240px\" class=\"wp-caption alignleft\"><a href=\"https:\/\/sandzakpress.net\/arhiva\/wp-content\/uploads\/2010\/01\/SulejmanAlickovic.jpg\"><img loading=\"lazy\" decoding=\"async\" class=\"size-full wp-image-927\" title=\"SulejmanAlickovic\" src=\"https:\/\/sandzakpress.net\/arhiva\/wp-content\/uploads\/2010\/01\/SulejmanAlickovic.jpg\" alt=\"\" width=\"240\" height=\"175\" \/><\/a><figcaption id=\"caption-attachment-927\" class=\"wp-caption-text\">Sulejman Ali\u010dkovi\u0107, ro\u0111en je u Tutinu 15.1.1953. \u0160kolovao se i \u017eivio u Beogradu. trenutno \u017eivi u Luksemburgu. Bavi se istra\u017eiva\u010dkim radom iz oblasti historijske pro\u0161losti Bo\u0161njaka Sand\u017eaka. &quot;Bogomili Sand\u017eaka&quot; mu je prva objavljena knjiga.<\/figcaption><\/figure>\n<p><strong>Kulturno naslije\u0111e jednog naroda se ve\u017ee kroz njegov jezik, tradiciju i porijeklo. U dana\u0161nje vrijeme iako je to te\u0161ko istra\u017eiti, tim putem krenuo je upravo Sulejman Ali\u010dkovi\u0107 &#8211; etnolog, sa ciljem da nam bli\u017ee pribli\u017ei kulturu, tradiciju i obi\u010daje Bo\u0161njaka. Govore\u0107i o njemu i njegovom istra\u017eiva\u010dkom radu, malo mu je bilo da se bavi oko identiteta i naslije\u0111a Bo\u0161njaka, pa je krenuo u otkri\u0107e kamenih kugli po Sand\u017eaku, istih onih koje se ve\u017eu i za prostore Bosne i Hercegovine. O radu i \u017eivotu gosp. Ali\u010dkovi\u0107a porazgovarali smo sa njim o njegovom prou\u010davanju Bo\u0161nja\u010dkog naroda, pisanoj knjizi &#8220;Bogumili Sand\u017eaka&#8221;, kao i tim kamenim kuglama koje su postale fenomen kako u BiH tako i Sand\u017eaku, te u razgovoru s njim poku\u0161ali smo utvrditi \u0161ta uop\u0107e te kamene kugle predstavljaju i kako da ih opi\u0161emo obi\u010dnom \u010dovjeku. O svemu ovom mo\u017eete pro\u010ditati u nastavku!<\/strong><\/p>\n<p><strong>LjBcom: Hvala Vam na izdvojenom vremenu i ovom razgovoru, koji ste uprili\u010dili za na\u0161 web portal, \u0161to nam je izuzetna \u010dast. Na poljima etnologije ste dugi niz godina, istra\u017eivanju etnosa Bo\u0161njaka, za na\u0161e posjetioce mo\u017eete li nam re\u0107i koje u stvari Sulejman Ali\u010dkovi\u0107?<br \/>\n<\/strong><br \/>\n<strong>Sulejman:<\/strong> Hvala sto me i\u0107ramiste i igbalom obasuste, te me zijatestiste da i ja nesto promuhabetim i koji haber prenesem va\u0161im dragim \u010ditaocima. Halalite \u0161to zborim jezikom, koji zbora\u0161e moj djedo rahmetli da mu dragi Allah d\u017eenet podari.<\/p>\n<p>Moj haber mi je podario dragi Allah njemu hvala, i nisam haran da se njega stidim. Moje prvo upoznavanje etnologije mog naroda ima po\u010detak u he\u0107ajama moga djeda koji je bio pravi bojlija. Prve gusle ugledah na djedovom duvaru svake godine kada bih dolazio za vrijeme godi\u0161njeg odmora u moj rodni Sand\u017eak. Nigdje kraja radosti moje kad bih slu\u0161ao kako to djedo pjeva: O Muju i Halilu, Aliji \u0110erzeljezu, Huseinu Kapetanu Grada\u0161\u010devi\u0107u, Hrelji od Novog Pazara i ostalim junacima na\u0161im. Tu je po\u010detak mog interesovanja ko su ustvari ti Bo\u0161njaci gdje su njihovi korjeni, njihovo pismo, jezik i kultura.<\/p>\n<p>Povratkom u Beograd dugo bih razmi\u0161ljao o svemu ovome, jer u skoli smo veoma malo u\u010dili o Bo\u0161njacima, Bosni i njihovim korjenima. O ste\u0107ku i Bogomilstvu da i ne govorim, jer to bi profesor spomeno uzgredno kao da se bojao istine, ali tek kasnije uvidjeh da sam bio u pravu.<\/p>\n<p>Ovaj dunjaluk ugledao 15.01.1953 istekom (voljom) dragog Allaha d\u017e.\u0161. i hatorom (ljubavlju) mojeg baba Vehba i majke hanume Ned\u017eibe, koja na\u017ealost moju dragi Allah uze u ranoj mladosti. Rodih se u Selo \u017dupa sada predgra\u0111e Tutina. Od 1955 god \u017eitelj Beograda u kojem se \u0161kolujem radim sve do prije devetnaest godina od kada sam stanovnik Luksemburga. Sile prilika ili sudbina me dovede u ovu zemlju. Svoje radove je objavljivao u Almanahu &#8211; Podgorica u raznim zbornicima Gravitacija rije\u010di, Balkansko Pero u izdanju KNS- Sarajevo, Bo\u0161njacka rijec-Novi Pazar, Bo\u0161nja\u010dke Novine &#8211; Ro\u017eaje ,Glas Sand\u017eaka &#8211; Slovenija itd.<\/p>\n<p>Svoju prvu knjigu Bogomili Sandzaka (osvrt na historiju Bo\u0161njaka Sand\u017eaka) objavio 2008, osim etnologije i Historije pi\u0161em prozu i poeziju tek onoliko da se ne zaboravi ta na\u0161a Bo\u0161nja\u010dka he\u0107aja. Moju poemu \u201eSrebrenico nosim te u srcu\u201c, hedija je mojoj pobijenoj bra\u0107i i sestrama u Srebrenici. Ovih dakika pripremam knjigu \u201eSand\u017eak na svjetskoj arheoloskoj listi Kamenih kugli\u201c, ako dragi Allah pomogne bit \u0107e \u0161tampana u aprilu. Eto umalo smetnuh sa uma da se zahvalim Udru\u017eenju za kulturu &#8211; za dodijeljeno priznanje za moj knji\u017eevni rad koje mi dodjeli\u0161e 16.05.2009 godine bila bi prava nepravda da nisam ovo spomenuo.<\/p>\n<p><strong>LjBcom: Kamene kugle i njihova pojava u Bosni i Hercegovini, da bi kasnije po\u010dele se iste otkrivati iste na prostorima Sand\u017eaka, \u010diji ste Vi jednim djelom \u201ekrivac&#8221;. Postoje razna stanovi\u0161ta kako su kugle nastale. U \u010demu je fenomen i znamenitost kamenih kugli, kako da ih opi\u0161emo na\u0161em obi\u010dnom \u010dovjeku \u0161ta one ustvari predstavljaju?<\/strong><\/p>\n<p><strong>Sulejman:<\/strong> Ba\u0161 se grohotom nasmijah, da ja sam krivac, \u0161to Bosnu povezah sa Sand\u017eakom. Eto, sa mojom studijom Bogomili Sand\u017eaka i sa kamenim kuglama koje prona\u0111oh u Sand\u017eaku, spojih Bo\u0161njake jo\u0161 \u010dvr\u0161\u0107e iako li\u010dno smatram da ta veza Bo\u0161njaka traje stolje\u0107ima. Za kamene kugle u Bosni i njihov fenomen postojanja ve\u0107 nam je poznato iz studije dr Osmanagi\u0107a koji je sa svojim timom stru\u010dnjaka radio na njihovom otkrivanju. Njegov rad su pratili mnogi i u tome mu pomagali koliko mi je poznato da ste i vi u\u010destvovali. Ovdje mogu samo dodati trebalo je spomnuti svako ime koje je doprinijelo otkrivanju ovog svjetkog fenomena.<\/p>\n<p>Sto se tice nastanka Kugli ovdje ima jo\u0161 uvijek raznih mi\u0161ljenja svjetskih stru\u010dnjaka koji rade na razotkrvanju tajne, \u0161to je veoma interesantno svi se slazu da je to djelo \u010dovjeka. Ovdje bi napomenuo jedan od primjera kugle koje je otkrio John Hund iz Petersburga u Juznoj Africi koji je do\u0161ao u posjed manje kamene kugle 1977.godine. Glatka povr\u0161ina i tvrdoca kugle je odudarala od mekanog pirofilita gdje je prona\u0111en. Kuglu je dao na analizu u kalifornijski Svemirski institut (University of California). Nakon testiranja otkriveno je da je kugla balansirana do te mjere da prevazilazi mjerne instrumente ovoga instituta koji proizvodi zirokompase za NASU. Ta\u010dnije, ustanovljeno je da je kugla balansirana vise do hiljaditog dijela in\u010da sto je bio limit njihovih instrumenata.<\/p>\n<p>Prakti\u010dnim rje\u010dnikom mo\u017ee se re\u0107i da kugla ima apsolutnu perfekciju, jedini na\u010din da se tako na\u0161to napravi bio bi u uslovima nulte gravitacije. Dakle imamo kosmi\u010dke uslove u kojima su drevne civilizacije formirale matemati\u010dki precizno odre\u0111ene kamene kugle sa njima znanom svrhom.<\/p>\n<p>Zeni\u010dki Institut i njihovo posljednje ispitivanje govori da je ipak \u010dovjek taj tvorac ovog fenomena. Materijal od kojeg su gra\u0111ene kamene kugle je visokih mehani\u010dkih \u010dvrsto\u0107a. Rezultati pritisne \u010dvrsto\u0107e (fp1= 120 &#8211; 190 Mpa) odgovaraju pje\u0161\u010darima u BiH.<\/p>\n<p>Ispitivanje materijala kamenih kugli na tvrdo\u0107u pokazuju da su kamene kugle superiornije (122\u00b0Br) \u010dak i u odnosu na izuzetno tvrde betonske kamene blokove s Bosanske piramide Sunca u Visokom. Rezultati ispitivanja volumne mase i gustine na odlomljenim dijelovima kamenih kugli se ne razikuju od prirodnog stijenskog materijala (2,6 kg\/dm3 i 2,7 g\/cm3 ).<\/p>\n<p>Me\u0111utim, rezultati hemijske analize su pokazali bitnu razliku izme\u0111u prirodnog stijenskog materijala i kamenih kugli. Naime, sadr\u017eaj dijela elemenata (MgO, Fe2O3, Al2O3, TiO2, Na2O i K2O) je pribli\u017eno ujedna\u010den od kugle do kugle i gotovo je identi\u010dan prirodnim stijenama. Razlika je u koli\u010dini silicijevog dioksida kojeg je vi\u0161e u prirodnim stijenama. S druge strane, kamene kugle sadr\u017ee karbonate i mangan koji potpuno izostaju kod prirodnih stijena. Poznato je da su karbonati kori\u0161teni kao vezivna masa u gra\u0111evinskoj industriji. Element mangan se danas koristi kao aditiv za pobolj\u0161anje tvrdo\u0107e i mehani\u010dkih karakteristika. Povr\u0161ina kamenih kugli je ugla\u010dana i polirana. Kamene kugle imaju idealnu geometriju oblika pravilne sfere.<\/p>\n<p>\u010cini se da su drevni majstori oblikovali perfektne kamene kugle koriste\u0107i prirodne materijale dodaju\u0107i im aditive koji imaju vezivna svojstva. Nakon konstrukcije kamenih kugli povr\u0161inu bi posebno ugla\u010dali i polirali. Dali ce ova istra\u017eivanja pokazati i dokazati tvrdnju mnogih svjetskih nau\u010dnika da je ovo \u010dovjekovo djelo to \u0107emo vidjeti. \u010cemu su slu\u017eile tu ve\u0107 imamo podijeljena mi\u0161ljenja. Jedno od pitanja dr Osmanagica je dali su prije potonu\u0107a Atlantide i bosanski prostori bili priklju\u010deni na svjetsku \u201ebezi\u010dnu&#8221; energetsku mre\u017eu putem kamenih kugli? Ameri\u010dki arheolog Samuel K.Lothrop (\u201eArcheology of the Diquis,Costa Rica&#8221;Peabody Museum of Archeology,Harvard University 1963.) zaklju\u010duje da \u201epostoji astronomska orijentacija kamenih kugli&#8221;.<\/p>\n<p>Autori George Erikson i Ivan Zapp(\u201eAtlantis in America:Navigators of the Ancien World&#8221;) iznosi tezu da su kugle starije od 12 000 godina i da su ih koristili Atlanti\u0111jani za navigaciju. Pri tome isti\u010du da su uz kugle prona\u0111ene posude sa udubljenjima koje bi utvr\u0111ivali zenit zvijezda. Ovdje bih htio samo da napomenem da je sli\u010dna zdjela prona\u0111ena pored kugle u selo Ba\u0107 koju sam ja otkrio.<\/p>\n<p>Doug Yorchey (Were Costa Rican Spheres Ancient Receivers&#8221;) iznosi tezu o Kamenim kuglama kao djelu svjetskog energetskog sistema. Drevni kameni monoliti piramide,a evo i kamene kugle su,prema Dougu, bile dio svejtskog prethistoriskog Teslinog sistema kojeg su koristili potomci Atlanti\u0111ana.oni su bili elektrovodi svjetske bezi\u010dne distribucije. Pri tome je kamen slu\u017eio kao uzemljenje \u010dija se frekfencija izjedna\u010davala sa zemaljskom elektromagnetnom frekfencijom. Kameni megaliti predhistorije su bili u nenaseljenim regionima i preko njh se komunikacuja nije prekidala&#8230;.&#8221;( pomenuo bih samo jednu interesantnu stvar koja ima nesto zajednicko sa kuglom,to je vrh moderne antene koji je u obliku lopte.<\/p>\n<p>Naravno, energetsko zra\u010denje Zemlje pri tome imaju osnovnu ulogu. Stoga je orginalni razme\u0161taj kugli trebao pratiti podzemne energetske linije i Zemljine cakre. Eto ovo su samo neka od razmi\u0161ljanja nau\u010dnika o kamenim kuglama. Ono \u0161to je jako interesantno je da se svi sla\u017eu da je njihova starost od pet hiljada do dvanaest hiljada godina i tu nauka nije dala kona\u010dnu rije\u010d. Prema svjedo\u010denju onih koji su pronalazili kugle na orgonalnim lokacijama potvr\u0111ivali su da su kugle imale odre\u0111enu orjentaciju (najcesce sjever-jug), te da su formirali trokute (grupe od tri kugle\u00e0i paralelograme). Jedna grupa kugli je imala orijntaciju prema magnetnom sjever. Na \u017ealost sve kugle na Sand\u017eaku koje sam otkrio bile su ve\u0107 pomjerene, tako da se nisam mogao uvjerit u ovu konstataciju drugih arheologa .Jedna od pretpostavki za kugle koje su prona\u0111ene u svijetu Maja u meksickoj dr\u017eavi Chiapas perfektna je kugla i nalazi se na \u0161estom nivou glavne Pala\u010de ovaj nivo je okrenut prema Suncu i njegovom kretanju od ljeta do jeseni. Pretpostavka je da kugla simbolizira sunce. Nema dokaza da su Maje autori ove kugle ve\u0107 su se samo poslu\u017eili sa kuglom koja je napravljena daleko prije u neke druge svrhe.<\/p>\n<p>Astronom Edwin Quesada je analizom petroglifa uo\u010dio da postoji veza izme\u0111u crte\u017ea na povr\u0161ini kugle i zvjezdanih konstelacija Pegasusa (krilatog konja) i Andromede (nebeske princeze). Upore\u0111ene su linije i ta\u010dke sa povr\u0161ine kugle sa lokacijama zvijezda i linijama koje se vuku izme\u0111u njih. Rezultat je bio frapantan. Kamene kugle su imale ulogu stronomske karte,dvadeset dvije zvijezdane konstelacije su formirale oblik koji se podudarao sa petroglifom na kamenoj sferi. Dvadeset dvije zvjezdane konstalacije su formirale oblik koji se podudarao sa petroglifom na kamenoj sferi!<\/p>\n<p>Spirala na petroglifu odgovara spirali koju stvara M31 Andromedina galaksija na no\u0107nom nebu. Dvadeset i jedna zvijezdana konstelacija u\u010destvuju u formiranju \u010dudno oblika petroglifa: Beta Andromeda, Alfa Andromeda, Omikron Andromeda, HR8632 u konstelaciji Lakreta, Beta Pegasus, Psi Pegasus, Gama Pegasus, zvijezde u sazvjezdju ribe(Teta, Jot, Lambda, Kapa Gama i Omega) zatim Beta riba, Eta akvarijus, Alfa Pegasus, Teta akvarijus, Beta akvarijus, Alfa ekvuelus, Ipsilon Pegasus, Delfinovo sazvjezdje dvije zvijezde (HR8313i HR 8173) u Pagazovoj konstelaciji.<\/p>\n<p>S obzirom da je petroglif uklesan u kamenoj kugli o\u010digledno je da se na njemu moglo pratiti kretanje zvijezda tokom no\u010di, a s obzirom na raotaciju na\u0161e planete. Ako se kamena kugla zarotira s lijeva u desno, a imaju\u0107i zvijezdu Sjevernja\u010du na dnu kugle, onda se mo\u017ee prikazati kretanje zvjezdanih konstelacija u pravcu istok-zapad! Ovdje se dolazi do jednog izvanrednog otkri\u0107a. Dakle sfera nije bila samo astronomaska karta ve\u0107 i prakticni planetarij.<\/p>\n<p>Jo\u0161 jedan detalj pobu\u0111uje pa\u017enju. Spirala koju je ovaj nau\u010dnik dobio na kamenoj kugli odgovara spiralnom obliku M13 galaksije i njenoj poziciji u odnosu na druga sazvije\u017e\u0111a. Me\u0111utim,sa Zemlje se ova galaksija na no\u0107nom nebu nije ni\u0161ta drugo do mala svjetlosna ta\u010dkica. Postavljamo pitanje kako su na\u0161i preci znali da je rije\u010d o galaksiji spiralnog oblika, a bez odgovaraju\u0107ih instrumenata? Mo\u017eemo sa sigurno\u0161\u0107u tvrditi da petroglifa nije slu\u010dajna. Koju poruku nam on nosi? Izgled nekih bi\u0107a iz centralnoamericke flore prije toliko hiljada godina? Pas, jaguar, majmun? Ili je sve ovo jo\u0161 uvijek nedostupno na\u0161em umu i znanju?<\/p>\n<p><strong>LjBcom: Koliko je prona\u0111eno ukupno lokacija za postojanje kamenih kugli u Sand\u017eaku?<br \/>\n<\/strong><br \/>\n<strong>Sulejman<\/strong>:Na teritoriji Sand\u017eaka sam prona\u0161ao \u010detiri lokacije. Prva lokaciia koju sam otkrio nalazi se u selu Ba\u0107, tragaju\u0107i ustvari za ste\u0107cima i starim Ilirskim gromulama koji su rasuti po Sand\u017eaku. Za ovu prvu lokaciju kamene kugle puno su mi pomogli moji dragi prijatelji Zaim Azemovi\u0107 i Ze\u0107ir Lubuder iz Ro\u017eaja. Znaju\u0107i sve o mom etnolo\u0161kom radu i o knjizi Bogomili Sand\u017eaka koju im poklonih, u razgovoru sa njima spomenuh kamene kugle u Bosni dr Osmanagica i piramide odvedo\u0161e me do kamene kugle u selu Ba\u0107.<\/p>\n<p>Vidio sam da je kugla jako sli\u010dna kamenoj kugli u Bosni. Napravio sam vi\u0161e fotografija i dolaskom ku\u0107i odmah poslao dr Semiru Osmanagicu \u010dekajuci njegovu potvrdu koja je bila pozitivna to jest potvrdio je moje mi\u0161ljenje. Poslije toga krenulo je hvala Bogu sve brzinom koju nisam ni sam o\u010dekivao. Ljudi ispred svojih ku\u0107a su dr\u017eali taj kameni fenomen nisu ni sami bili svjesni sta je ustvari to. Prona\u0161ao sam sljede\u0107i u selu \u0110erekare, Jeli\u0107e i \u0160piljane, za sada \u010detiri lokacije.<\/p>\n<p><strong>LjBcom: Jeste li se susretali sa bosanskim kuglama, i koliko imaju sli\u010dnosti i povezanosti sa ovim kuglama koje ste prona\u0161li u Sand\u017eaku?<\/strong><\/p>\n<p><strong>Sulejman: <\/strong>Da susreo sam se sa kuglama u Bosni lokalitet Teo\u010dak ta kugla je potpuno sli\u010dna kugli u selo Jelice u Sand\u017eaku. Kamena kugla u ponikvama potpuno je ista sa kamenom kuglom u Ba\u0107u i \u0110erekaru. Dok kamena kugla u Maglaju ima sli\u010dnost sa kuglom u \u0160piljane.<\/p>\n<p>Ovdje bih spomenuo otkri\u0107e kamenih monolita koji se nalaze na teritoriji op\u0161tine Prijepolje i Novog Pazara i svi ovi kameni monoliti nalaze se na uzvi\u0161enjima. Uporedio bih ovo sa kamenim monolitom na uzvi\u0161enje kod Zloku\u0107a u Bosni i Hercegovini &#8211; dali je to vrh manjeg astronomsko\/energetskog hrama jo\u0161 uvijek je znak pitanja.<\/p>\n<p><strong><br \/>\nLjBcom: S obzirom da ste etnolog i bavite se prou\u010davanjem porijekla Bo\u0161njaka, kao i njihovim obi\u010daju, tradiciju i sl. mo\u017eete li nam re\u0107i koliko ve\u0107 dugo traje Va\u0161e istra\u017eivanje, i koliko je te\u0161ko odnosno lahko istra\u017eiti historiju jednog naroda? <\/strong><br \/>\n<strong>Sulejman:<\/strong> Moj zanimanje i sam rad na otkrivanju korijena, obi\u010daja, tradicije Bo\u0161njaka traje dosta dugo.<br \/>\nJer trebalo je odgovoriti na jedno od najva\u017enijih pitanja, kao \u0161to je odr\u017eanost dugo prisutne&#8221;transevzale bosanskuh bogomila&#8221; u tragovi, sude\u0107i po nekim rezultatima moje studije na prostorima Sand\u017eaka i njegovom okru\u017eenju, evidentni. Sve ovo je trebalo ilustrovati i nau\u010dno dokazati i ostacima zidne plastike u sirom regionu. Poku\u0161ao sa da ni\u0161ta ne izmakne mom introspekcijskom objektivu, sa kojim sam pokusao zahvatiti vrlo kompleksnom problemu bo\u0161nja\u010dke historijske pro\u0161losti i filologije. Osnov je u biti uloga bogomila u regionu kao i po\u010detak progona koja je stvaranjem Ra\u0161ke dr\u017eave vr\u0161ena nad tim babunima i paterenima, posebno u XII vijeku u doba vladavine Nemanji\u0107a. Poku\u0161ao sa objasniti postoje\u0107ih toponomasti\u010dkih struktura koje se na prostoru Poibarja, Pe\u0161teri, Polimlja i Sand\u017eaka uop\u0161te, vrlo vidljive.<br \/>\n<strong><br \/>\nLjBcom: Jeste li Va\u0161im istra\u017eivanjem do\u0161li do povezanosti Bo\u0161njaka Bosne i Sand\u017eaka, koliko ih mo\u017eemo poistovjetiti kao jednu cjelinu?<\/strong><\/p>\n<p><strong>Sulejman:<\/strong> Da, do\u0161ao sam do konkretnih dokaza da je to jedan narod. Sva ta historijska dokumenta objavio u mojoj prvoj knjizi, a u drugoj koju momentalno pi\u0161em bit \u0107e ih jo\u0161 vi\u0161e. Moja prva knjiga Bogomili Sand\u017eaka to potvr\u0111uje, to vi\u0161e niko ne mo\u017ee negirati da je to decenijski jedan narod. Narod koji vijekovima ima isti jezik, kulturu, pismo i vjekovno \u017eivio u jednoj dr\u017eavi. Na Berlinskom kongresu prvi put se Bo\u0161njci Sand\u017eaka odvajaju od svoje matice BiH i to ne svojom voljom. Poslije toga sa njima trguje, kako koja dr\u017eava tako ih \u010das ima \u010das nema, da bi danas i taj Sand\u017eak podijelile dvije novonastale dr\u017eave Crna Gora i Srbija.<\/p>\n<p><strong><br \/>\n<a href=\"https:\/\/sandzakpress.net\/arhiva\/wp-content\/uploads\/2010\/01\/BogumiliSandzaka.jpg\"><img loading=\"lazy\" decoding=\"async\" class=\"alignleft size-full wp-image-926\" title=\"BogumiliSandzaka\" src=\"https:\/\/sandzakpress.net\/arhiva\/wp-content\/uploads\/2010\/01\/BogumiliSandzaka.jpg\" alt=\"\" width=\"240\" height=\"359\" \/><\/a>LjBcom: Autor ste knjige&#8221; Bogomili Sand\u017eaka&#8221; koja govori o problematici identiteta Bo\u0161njaka i svega onog sto vezuje za njih. Koliko dugo ste se bavili studijom izu\u010davanja, da biste objavili jedno tako vrijedno knji\u017eevno djelo i mo\u017eete li nam ne\u0161to vi\u0161e re\u0107i o samoj knjizi?<\/strong><\/p>\n<p><strong>Sulejman:<\/strong> Dugo sam razmi\u0161ljao o ovoj temi. Tematski mi je bila bliska,ali teoretski ni malo, pa sam po\u010deo da se ozbiljnije zanimam za nju. Bogomili ili bogumili, kako se to u\u010di u na\u0161im \u0161kolama, su i u lekcijama iz historije marginalna tema, jer su predmetni nastavnici na tu oblast gledali kao na vremensku nepogodu. Muslimanska djeca su na &#8220;Crkvu bosansku&#8221; gledala kao na temu koja je neprijateljska njihovoj vjeri, a hri\u0161\u0107anska-pravoslavna djeca su preko ove tematike prelazila, kao i mi, vrlo povr\u0161no.<\/p>\n<p>Bosanski bogomili su i u stvarnosti, bar kod profesora historije, koji su bili prili\u010dno religiozni pravoslavci, bili lekcija preko koje se mora &#8220;provu\u0107i&#8221; uz jedan vrlo kriti\u010dan stav, prili\u010dno nenau\u010dno. Ta vjekovima &#8220;mrska jeres&#8221; bila je mrska i na \u0161kolskim \u010dasovima, i muslimanskoj i hri\u0161\u0107anskoj djeci. Svi smo bili sre\u0107ni \u0161to smo samo, onako, &#8220;ofrlje&#8221; izu\u010davali ovu veoma nepoznatu i imenom &#8220;nezanimljivu&#8221; temu. Bo\u0161nja\u010dkim u\u010denicima je najvi\u0161e smetalo \u0161to se u\u010di o &#8220;Crkvi&#8221; a ne o &#8220;D\u017eamiji&#8221; bosanskoj. Mene je najvi\u0161e brinula odre\u0111ena nejasno\u0107a vezana za taj nevjerovatni monoteizam kakav je propovjedalo u\u010denje koje je preko popa Bogomila preneseno iz Bugarske, preko Makedonije, do na\u0161ih prostora.<br \/>\nDosta kasnije sam po\u010deo da prou\u010davam pro\u0161lost bogomilskog u\u010denja i na\u010dina kako je iz Persije stiglo na balkanske prostore i izazvalo nevjerovatno interesovanje obi\u010dnog pu\u010danstva na na\u0161im etni\u010dkim, bo\u0161nja\u010dkim, prostorima. Nadu u istra\u017eivanje su mi ulivala saznanja iz historijske literature i nezaobilazna artefakta koja postoje u Sand\u017eaku i Bosni i Hercegovini. Tu sam vidio svoju \u0161ansu da, u ne\u0161to poznijim godinama, napi\u0161em knjigu koja \u0107e biti sublimat onoga \u0161to sam u svojim empiriskim istra\u017eivanjima uspio da saznam i ponudim kao corpus delicti na\u0161e zanimljive i turbulentne historijske pro\u0161losti. Najvi\u0161e me obuzimala znati\u017eelja da se izu\u010davanjem tematike o Sand\u017ea\u010dkim bogomilima pribli\u017ee saznanja o njihovom nevjerovatno uspje\u0161nom transferu u islamski monoteizam koji je u kontinuitetu uslijedio dolaskom Osmanlija i prihvatanjem osmanlijskog hanefizma i multitarikatnog sufizma-islamskog misticizma i tasavvufa uop\u0161te.<br \/>\nNesebi\u010dna podr\u0161ka prijatelja, ljubitelja sand\u017ea\u010dke pro\u0161losti, bila mi je umjesto mehlema. Doza znanstvene znati\u017eelje da se na\u0161oj javnosti djelimi\u010dno pribli\u017ei ova nepoznata, veoma va\u017ena, i zanimljiva historijska tematika, rezultirala je nizom veoma interesantnih saznanja koja poku\u0161avam da prezentiram na stranicama ove studije. Ne bi ni pet para vrijedilo, ako ovim putem ne pomenem podr\u0161ku koju, permanentno, dobijam od svojih prijatelja i sand\u017ea\u010dkih znanstvenika. Koga god od njih da pomenem, nekog bi propustio, pa ih samo na ovaj na\u010din spominjem. Nevjerovatnu podr\u0161ku sam dobio i putem internet komunikacije, koja je izrodila potrebu da svoja zapa\u017eanja o izuzetno zanimljivim \u201eSand\u017ea\u010dkim bogomilima&#8221; uokvirim u knjigu sa istim naslovom. Najvi\u0161e me veseli \u0161to sadr\u017eaj ove studije ne\u0107e umanjiti napore sand\u017ea\u010dke antropogeografije, antropologije, etnologije, etnolingvistike, etnoreligije i drugih znanstvenih disciplina za pro\u0161irivanjem saznanja, pa makar i \u0161etaju\u0107i, kao \u0161to su to \u010dinili Aristotelovi peripatetici. Mogu\u0107nost da ova studija ugleda svjetlost dana \u010dini mi se darom Svevi\u0161njeg, ali i obavezom da izu\u010davanje na\u0161e sand\u017ea\u010dke historisjke pro\u0161losti, ne prestane, ve\u0107 dobije na intenzitetu.<\/p>\n<p>Izvori:<strong> LjutiBosanci.com, ZSDHolland.ning.com, SandzakPRESS.net<br \/>\n<\/strong><\/p>\n","protected":false},"excerpt":{"rendered":"<p>Kulturno naslije\u0111e jednog naroda se ve\u017ee kroz njegov jezik, tradiciju i porijeklo. U dana\u0161nje vrijeme iako je to te\u0161ko istra\u017eiti, tim putem krenuo je upravo Sulejman Ali\u010dkovi\u0107 &#8211; etnolog, sa ciljem da nam bli\u017ee pribli\u017ei kulturu, tradiciju i obi\u010daje Bo\u0161njaka. Govore\u0107i o njemu i njegovom istra\u017eiva\u010dkom radu, malo mu je bilo da se bavi oko [&hellip;]<\/p>\n","protected":false},"author":83,"featured_media":927,"comment_status":"open","ping_status":"open","sticky":false,"template":"","format":"standard","meta":{"footnotes":""},"categories":[16],"tags":[],"class_list":{"0":"post-925","1":"post","2":"type-post","3":"status-publish","4":"format-standard","5":"has-post-thumbnail","7":"category-novine"},"yoast_head":"<!-- This site is optimized with the Yoast SEO Premium plugin v23.1 (Yoast SEO v24.9) - https:\/\/yoast.com\/wordpress\/plugins\/seo\/ -->\n<title>Putem istra\u017eivanja Sulejmana Ali\u010dkovi\u0107a, etnologa<\/title>\n<meta name=\"robots\" content=\"index, follow, max-snippet:-1, max-image-preview:large, max-video-preview:-1\" \/>\n<link rel=\"canonical\" href=\"https:\/\/sandzakpress.net\/arhiva\/putem-istrazivanja-sulejmana-alickovica-etnologa\/\" \/>\n<meta property=\"og:locale\" content=\"bs_BA\" \/>\n<meta property=\"og:type\" content=\"article\" \/>\n<meta property=\"og:title\" content=\"Putem istra\u017eivanja Sulejmana Ali\u010dkovi\u0107a, etnologa\" \/>\n<meta property=\"og:description\" content=\"Kulturno naslije\u0111e jednog naroda se ve\u017ee kroz njegov jezik, tradiciju i porijeklo. U dana\u0161nje vrijeme iako je to te\u0161ko istra\u017eiti, tim putem krenuo je upravo Sulejman Ali\u010dkovi\u0107 &#8211; etnolog, sa ciljem da nam bli\u017ee pribli\u017ei kulturu, tradiciju i obi\u010daje Bo\u0161njaka. Govore\u0107i o njemu i njegovom istra\u017eiva\u010dkom radu, malo mu je bilo da se bavi oko [&hellip;]\" \/>\n<meta property=\"og:url\" content=\"https:\/\/sandzakpress.net\/arhiva\/putem-istrazivanja-sulejmana-alickovica-etnologa\/\" \/>\n<meta property=\"og:site_name\" content=\"Sand\u017eak PRESS\" \/>\n<meta property=\"article:published_time\" content=\"2010-01-05T13:35:29+00:00\" \/>\n<meta property=\"article:modified_time\" content=\"2010-01-05T13:38:43+00:00\" \/>\n<meta property=\"og:image\" content=\"https:\/\/sandzakpress.net\/arhiva\/wp-content\/uploads\/2010\/01\/SulejmanAlickovic.jpg\" \/>\n\t<meta property=\"og:image:width\" content=\"240\" \/>\n\t<meta property=\"og:image:height\" content=\"175\" \/>\n\t<meta property=\"og:image:type\" content=\"image\/jpeg\" \/>\n<meta name=\"author\" content=\"bosniak\" \/>\n<meta name=\"twitter:card\" content=\"summary_large_image\" \/>\n<meta name=\"twitter:label1\" content=\"Written by\" \/>\n\t<meta name=\"twitter:data1\" content=\"bosniak\" \/>\n\t<meta name=\"twitter:label2\" content=\"Est. reading time\" \/>\n\t<meta name=\"twitter:data2\" content=\"17 minuta\" \/>\n<script type=\"application\/ld+json\" class=\"yoast-schema-graph\">{\"@context\":\"https:\/\/schema.org\",\"@graph\":[{\"@type\":\"Article\",\"@id\":\"https:\/\/sandzakpress.net\/arhiva\/putem-istrazivanja-sulejmana-alickovica-etnologa\/#article\",\"isPartOf\":{\"@id\":\"https:\/\/sandzakpress.net\/arhiva\/putem-istrazivanja-sulejmana-alickovica-etnologa\/\"},\"author\":{\"name\":\"bosniak\",\"@id\":\"https:\/\/sandzakpress.net\/arhiva\/#\/schema\/person\/c8baee722073534b583ea7bdb2e36c02\"},\"headline\":\"Putem istra\u017eivanja Sulejmana Ali\u010dkovi\u0107a, etnologa\",\"datePublished\":\"2010-01-05T13:35:29+00:00\",\"dateModified\":\"2010-01-05T13:38:43+00:00\",\"mainEntityOfPage\":{\"@id\":\"https:\/\/sandzakpress.net\/arhiva\/putem-istrazivanja-sulejmana-alickovica-etnologa\/\"},\"wordCount\":3453,\"commentCount\":0,\"publisher\":{\"@id\":\"https:\/\/sandzakpress.net\/arhiva\/#\/schema\/person\/6e72b67d6e51910a1117b3b483ba20bd\"},\"image\":{\"@id\":\"https:\/\/sandzakpress.net\/arhiva\/putem-istrazivanja-sulejmana-alickovica-etnologa\/#primaryimage\"},\"thumbnailUrl\":\"https:\/\/sandzakpress.net\/arhiva\/wp-content\/uploads\/2010\/01\/SulejmanAlickovic.jpg\",\"articleSection\":[\"Novine\"],\"inLanguage\":\"bs-BA\",\"potentialAction\":[{\"@type\":\"CommentAction\",\"name\":\"Comment\",\"target\":[\"https:\/\/sandzakpress.net\/arhiva\/putem-istrazivanja-sulejmana-alickovica-etnologa\/#respond\"]}]},{\"@type\":\"WebPage\",\"@id\":\"https:\/\/sandzakpress.net\/arhiva\/putem-istrazivanja-sulejmana-alickovica-etnologa\/\",\"url\":\"https:\/\/sandzakpress.net\/arhiva\/putem-istrazivanja-sulejmana-alickovica-etnologa\/\",\"name\":\"Putem istra\u017eivanja Sulejmana Ali\u010dkovi\u0107a, etnologa\",\"isPartOf\":{\"@id\":\"https:\/\/sandzakpress.net\/arhiva\/#website\"},\"primaryImageOfPage\":{\"@id\":\"https:\/\/sandzakpress.net\/arhiva\/putem-istrazivanja-sulejmana-alickovica-etnologa\/#primaryimage\"},\"image\":{\"@id\":\"https:\/\/sandzakpress.net\/arhiva\/putem-istrazivanja-sulejmana-alickovica-etnologa\/#primaryimage\"},\"thumbnailUrl\":\"https:\/\/sandzakpress.net\/arhiva\/wp-content\/uploads\/2010\/01\/SulejmanAlickovic.jpg\",\"datePublished\":\"2010-01-05T13:35:29+00:00\",\"dateModified\":\"2010-01-05T13:38:43+00:00\",\"breadcrumb\":{\"@id\":\"https:\/\/sandzakpress.net\/arhiva\/putem-istrazivanja-sulejmana-alickovica-etnologa\/#breadcrumb\"},\"inLanguage\":\"bs-BA\",\"potentialAction\":[{\"@type\":\"ReadAction\",\"target\":[\"https:\/\/sandzakpress.net\/arhiva\/putem-istrazivanja-sulejmana-alickovica-etnologa\/\"]}]},{\"@type\":\"ImageObject\",\"inLanguage\":\"bs-BA\",\"@id\":\"https:\/\/sandzakpress.net\/arhiva\/putem-istrazivanja-sulejmana-alickovica-etnologa\/#primaryimage\",\"url\":\"https:\/\/sandzakpress.net\/arhiva\/wp-content\/uploads\/2010\/01\/SulejmanAlickovic.jpg\",\"contentUrl\":\"https:\/\/sandzakpress.net\/arhiva\/wp-content\/uploads\/2010\/01\/SulejmanAlickovic.jpg\",\"width\":240,\"height\":175},{\"@type\":\"BreadcrumbList\",\"@id\":\"https:\/\/sandzakpress.net\/arhiva\/putem-istrazivanja-sulejmana-alickovica-etnologa\/#breadcrumb\",\"itemListElement\":[{\"@type\":\"ListItem\",\"position\":1,\"name\":\"Home\",\"item\":\"https:\/\/sandzakpress.net\/arhiva\/\"},{\"@type\":\"ListItem\",\"position\":2,\"name\":\"Putem istra\u017eivanja Sulejmana Ali\u010dkovi\u0107a, etnologa\"}]},{\"@type\":\"WebSite\",\"@id\":\"https:\/\/sandzakpress.net\/arhiva\/#website\",\"url\":\"https:\/\/sandzakpress.net\/arhiva\/\",\"name\":\"Sand\u017eak PRESS\",\"description\":\"Prve elektronske novine u Sand\u017eaku\",\"publisher\":{\"@id\":\"https:\/\/sandzakpress.net\/arhiva\/#\/schema\/person\/6e72b67d6e51910a1117b3b483ba20bd\"},\"potentialAction\":[{\"@type\":\"SearchAction\",\"target\":{\"@type\":\"EntryPoint\",\"urlTemplate\":\"https:\/\/sandzakpress.net\/arhiva\/?s={search_term_string}\"},\"query-input\":{\"@type\":\"PropertyValueSpecification\",\"valueRequired\":true,\"valueName\":\"search_term_string\"}}],\"inLanguage\":\"bs-BA\"},{\"@type\":[\"Person\",\"Organization\"],\"@id\":\"https:\/\/sandzakpress.net\/arhiva\/#\/schema\/person\/6e72b67d6e51910a1117b3b483ba20bd\",\"name\":\"Kul\",\"image\":{\"@type\":\"ImageObject\",\"inLanguage\":\"bs-BA\",\"@id\":\"https:\/\/sandzakpress.net\/arhiva\/#\/schema\/person\/image\/\",\"url\":\"https:\/\/secure.gravatar.com\/avatar\/42263f39aa27ac04c43cab85c280eb2e?s=96&d=mm&r=pg\",\"contentUrl\":\"https:\/\/secure.gravatar.com\/avatar\/42263f39aa27ac04c43cab85c280eb2e?s=96&d=mm&r=pg\",\"caption\":\"Kul\"},\"logo\":{\"@id\":\"https:\/\/sandzakpress.net\/arhiva\/#\/schema\/person\/image\/\"}},{\"@type\":\"Person\",\"@id\":\"https:\/\/sandzakpress.net\/arhiva\/#\/schema\/person\/c8baee722073534b583ea7bdb2e36c02\",\"name\":\"bosniak\",\"image\":{\"@type\":\"ImageObject\",\"inLanguage\":\"bs-BA\",\"@id\":\"https:\/\/sandzakpress.net\/arhiva\/#\/schema\/person\/image\/\",\"url\":\"https:\/\/secure.gravatar.com\/avatar\/a04fd330bfe3a36a72a0ad4a6d89fca7?s=96&d=mm&r=pg\",\"contentUrl\":\"https:\/\/secure.gravatar.com\/avatar\/a04fd330bfe3a36a72a0ad4a6d89fca7?s=96&d=mm&r=pg\",\"caption\":\"bosniak\"},\"url\":\"https:\/\/sandzakpress.net\/arhiva\/author\/bosniak\/\"}]}<\/script>\n<!-- \/ Yoast SEO Premium plugin. -->","yoast_head_json":{"title":"Putem istra\u017eivanja Sulejmana Ali\u010dkovi\u0107a, etnologa","robots":{"index":"index","follow":"follow","max-snippet":"max-snippet:-1","max-image-preview":"max-image-preview:large","max-video-preview":"max-video-preview:-1"},"canonical":"https:\/\/sandzakpress.net\/arhiva\/putem-istrazivanja-sulejmana-alickovica-etnologa\/","og_locale":"bs_BA","og_type":"article","og_title":"Putem istra\u017eivanja Sulejmana Ali\u010dkovi\u0107a, etnologa","og_description":"Kulturno naslije\u0111e jednog naroda se ve\u017ee kroz njegov jezik, tradiciju i porijeklo. U dana\u0161nje vrijeme iako je to te\u0161ko istra\u017eiti, tim putem krenuo je upravo Sulejman Ali\u010dkovi\u0107 &#8211; etnolog, sa ciljem da nam bli\u017ee pribli\u017ei kulturu, tradiciju i obi\u010daje Bo\u0161njaka. Govore\u0107i o njemu i njegovom istra\u017eiva\u010dkom radu, malo mu je bilo da se bavi oko [&hellip;]","og_url":"https:\/\/sandzakpress.net\/arhiva\/putem-istrazivanja-sulejmana-alickovica-etnologa\/","og_site_name":"Sand\u017eak PRESS","article_published_time":"2010-01-05T13:35:29+00:00","article_modified_time":"2010-01-05T13:38:43+00:00","og_image":[{"width":240,"height":175,"url":"https:\/\/sandzakpress.net\/arhiva\/wp-content\/uploads\/2010\/01\/SulejmanAlickovic.jpg","type":"image\/jpeg"}],"author":"bosniak","twitter_card":"summary_large_image","twitter_misc":{"Written by":"bosniak","Est. reading time":"17 minuta"},"schema":{"@context":"https:\/\/schema.org","@graph":[{"@type":"Article","@id":"https:\/\/sandzakpress.net\/arhiva\/putem-istrazivanja-sulejmana-alickovica-etnologa\/#article","isPartOf":{"@id":"https:\/\/sandzakpress.net\/arhiva\/putem-istrazivanja-sulejmana-alickovica-etnologa\/"},"author":{"name":"bosniak","@id":"https:\/\/sandzakpress.net\/arhiva\/#\/schema\/person\/c8baee722073534b583ea7bdb2e36c02"},"headline":"Putem istra\u017eivanja Sulejmana Ali\u010dkovi\u0107a, etnologa","datePublished":"2010-01-05T13:35:29+00:00","dateModified":"2010-01-05T13:38:43+00:00","mainEntityOfPage":{"@id":"https:\/\/sandzakpress.net\/arhiva\/putem-istrazivanja-sulejmana-alickovica-etnologa\/"},"wordCount":3453,"commentCount":0,"publisher":{"@id":"https:\/\/sandzakpress.net\/arhiva\/#\/schema\/person\/6e72b67d6e51910a1117b3b483ba20bd"},"image":{"@id":"https:\/\/sandzakpress.net\/arhiva\/putem-istrazivanja-sulejmana-alickovica-etnologa\/#primaryimage"},"thumbnailUrl":"https:\/\/sandzakpress.net\/arhiva\/wp-content\/uploads\/2010\/01\/SulejmanAlickovic.jpg","articleSection":["Novine"],"inLanguage":"bs-BA","potentialAction":[{"@type":"CommentAction","name":"Comment","target":["https:\/\/sandzakpress.net\/arhiva\/putem-istrazivanja-sulejmana-alickovica-etnologa\/#respond"]}]},{"@type":"WebPage","@id":"https:\/\/sandzakpress.net\/arhiva\/putem-istrazivanja-sulejmana-alickovica-etnologa\/","url":"https:\/\/sandzakpress.net\/arhiva\/putem-istrazivanja-sulejmana-alickovica-etnologa\/","name":"Putem istra\u017eivanja Sulejmana Ali\u010dkovi\u0107a, etnologa","isPartOf":{"@id":"https:\/\/sandzakpress.net\/arhiva\/#website"},"primaryImageOfPage":{"@id":"https:\/\/sandzakpress.net\/arhiva\/putem-istrazivanja-sulejmana-alickovica-etnologa\/#primaryimage"},"image":{"@id":"https:\/\/sandzakpress.net\/arhiva\/putem-istrazivanja-sulejmana-alickovica-etnologa\/#primaryimage"},"thumbnailUrl":"https:\/\/sandzakpress.net\/arhiva\/wp-content\/uploads\/2010\/01\/SulejmanAlickovic.jpg","datePublished":"2010-01-05T13:35:29+00:00","dateModified":"2010-01-05T13:38:43+00:00","breadcrumb":{"@id":"https:\/\/sandzakpress.net\/arhiva\/putem-istrazivanja-sulejmana-alickovica-etnologa\/#breadcrumb"},"inLanguage":"bs-BA","potentialAction":[{"@type":"ReadAction","target":["https:\/\/sandzakpress.net\/arhiva\/putem-istrazivanja-sulejmana-alickovica-etnologa\/"]}]},{"@type":"ImageObject","inLanguage":"bs-BA","@id":"https:\/\/sandzakpress.net\/arhiva\/putem-istrazivanja-sulejmana-alickovica-etnologa\/#primaryimage","url":"https:\/\/sandzakpress.net\/arhiva\/wp-content\/uploads\/2010\/01\/SulejmanAlickovic.jpg","contentUrl":"https:\/\/sandzakpress.net\/arhiva\/wp-content\/uploads\/2010\/01\/SulejmanAlickovic.jpg","width":240,"height":175},{"@type":"BreadcrumbList","@id":"https:\/\/sandzakpress.net\/arhiva\/putem-istrazivanja-sulejmana-alickovica-etnologa\/#breadcrumb","itemListElement":[{"@type":"ListItem","position":1,"name":"Home","item":"https:\/\/sandzakpress.net\/arhiva\/"},{"@type":"ListItem","position":2,"name":"Putem istra\u017eivanja Sulejmana Ali\u010dkovi\u0107a, etnologa"}]},{"@type":"WebSite","@id":"https:\/\/sandzakpress.net\/arhiva\/#website","url":"https:\/\/sandzakpress.net\/arhiva\/","name":"Sand\u017eak PRESS","description":"Prve elektronske novine u Sand\u017eaku","publisher":{"@id":"https:\/\/sandzakpress.net\/arhiva\/#\/schema\/person\/6e72b67d6e51910a1117b3b483ba20bd"},"potentialAction":[{"@type":"SearchAction","target":{"@type":"EntryPoint","urlTemplate":"https:\/\/sandzakpress.net\/arhiva\/?s={search_term_string}"},"query-input":{"@type":"PropertyValueSpecification","valueRequired":true,"valueName":"search_term_string"}}],"inLanguage":"bs-BA"},{"@type":["Person","Organization"],"@id":"https:\/\/sandzakpress.net\/arhiva\/#\/schema\/person\/6e72b67d6e51910a1117b3b483ba20bd","name":"Kul","image":{"@type":"ImageObject","inLanguage":"bs-BA","@id":"https:\/\/sandzakpress.net\/arhiva\/#\/schema\/person\/image\/","url":"https:\/\/secure.gravatar.com\/avatar\/42263f39aa27ac04c43cab85c280eb2e?s=96&d=mm&r=pg","contentUrl":"https:\/\/secure.gravatar.com\/avatar\/42263f39aa27ac04c43cab85c280eb2e?s=96&d=mm&r=pg","caption":"Kul"},"logo":{"@id":"https:\/\/sandzakpress.net\/arhiva\/#\/schema\/person\/image\/"}},{"@type":"Person","@id":"https:\/\/sandzakpress.net\/arhiva\/#\/schema\/person\/c8baee722073534b583ea7bdb2e36c02","name":"bosniak","image":{"@type":"ImageObject","inLanguage":"bs-BA","@id":"https:\/\/sandzakpress.net\/arhiva\/#\/schema\/person\/image\/","url":"https:\/\/secure.gravatar.com\/avatar\/a04fd330bfe3a36a72a0ad4a6d89fca7?s=96&d=mm&r=pg","contentUrl":"https:\/\/secure.gravatar.com\/avatar\/a04fd330bfe3a36a72a0ad4a6d89fca7?s=96&d=mm&r=pg","caption":"bosniak"},"url":"https:\/\/sandzakpress.net\/arhiva\/author\/bosniak\/"}]}},"_links":{"self":[{"href":"https:\/\/sandzakpress.net\/arhiva\/wp-json\/wp\/v2\/posts\/925"}],"collection":[{"href":"https:\/\/sandzakpress.net\/arhiva\/wp-json\/wp\/v2\/posts"}],"about":[{"href":"https:\/\/sandzakpress.net\/arhiva\/wp-json\/wp\/v2\/types\/post"}],"author":[{"embeddable":true,"href":"https:\/\/sandzakpress.net\/arhiva\/wp-json\/wp\/v2\/users\/83"}],"replies":[{"embeddable":true,"href":"https:\/\/sandzakpress.net\/arhiva\/wp-json\/wp\/v2\/comments?post=925"}],"version-history":[{"count":0,"href":"https:\/\/sandzakpress.net\/arhiva\/wp-json\/wp\/v2\/posts\/925\/revisions"}],"wp:featuredmedia":[{"embeddable":true,"href":"https:\/\/sandzakpress.net\/arhiva\/wp-json\/wp\/v2\/media\/927"}],"wp:attachment":[{"href":"https:\/\/sandzakpress.net\/arhiva\/wp-json\/wp\/v2\/media?parent=925"}],"wp:term":[{"taxonomy":"category","embeddable":true,"href":"https:\/\/sandzakpress.net\/arhiva\/wp-json\/wp\/v2\/categories?post=925"},{"taxonomy":"post_tag","embeddable":true,"href":"https:\/\/sandzakpress.net\/arhiva\/wp-json\/wp\/v2\/tags?post=925"}],"curies":[{"name":"wp","href":"https:\/\/api.w.org\/{rel}","templated":true}]}}