{"id":9246,"date":"2010-10-20T17:24:32","date_gmt":"2010-10-20T15:24:32","guid":{"rendered":"https:\/\/sandzakpress.net\/arhiva\/?p=9246"},"modified":"2010-10-20T17:24:32","modified_gmt":"2010-10-20T15:24:32","slug":"vakuf-cemo-braniti-i-zivotima-svojim","status":"publish","type":"post","link":"https:\/\/sandzakpress.net\/arhiva\/vakuf-cemo-braniti-i-zivotima-svojim\/","title":{"rendered":"&#8220;Vakuf \u0107emo braniti i \u017eivotima svojim!&#8221;"},"content":{"rendered":"<p><strong><a href=\"https:\/\/sandzakpress.net\/arhiva\/wp-content\/uploads\/2010\/10\/fis-stari.jpg\"><img loading=\"lazy\" decoding=\"async\" class=\"alignleft size-medium wp-image-9247\" title=\"fis stari\" src=\"https:\/\/sandzakpress.net\/arhiva\/wp-content\/uploads\/2010\/10\/fis-stari-300x232.jpg\" alt=\"\" width=\"300\" height=\"232\" \/><\/a>Novi Pazar &#8211; Predstavnici Me\u0161ihata Islamske zajednice u Srbiji poru\u010dili su da \u0107e &#8220;braniti i \u017eivotima&#8221; zgradu Islamske ustanove u centu Novog Pazara.<\/strong><\/p>\n<p>Visoki funkcioner Me\u0161ihata Sead ef. \u0160a\u0107irovi\u0107 izjavio je da ne\u0107e dozvoliti izvr\u0161enje presude kojom bi dio zgrade Fakulteta za islamske studije trebalo da se vrati Unipromu.<\/p>\n<p>Izvr\u0161enje je zakazano za 28. oktobar a \u0160a\u0107irovi\u0107 je poru\u010dio da je rije\u010d o vakufskoj imovini koju \u0107e oni braniti &#8220;ako zatreba i svojim \u017eivotima&#8221;.<\/p>\n<p>&#8220;Najavljeno otimanje zgrade islamskih ustanova predstavlja nastavak osvete Rasima Ljaji\u0107a uz podr\u0161ku Sulejmana Ugljanina i re\u017eima zbog poraza na izborima za Bo\u0161nja\u010dko nacionalno vije\u0107e&#8221;, rekao je \u0160a\u0107irovi\u0107, glavni urednik &#8220;Glasa islama&#8221;, zvani\u010dnog glasila Me\u0161ihata.<\/p>\n<p>Taj doga\u0111aj ima za cilj kontinuirano izazivanje incidenata kako bi se satanizovali predstavnici Islamske zajednice.<\/p>\n<p>&#8220;Ovo je potvrda da u pravosu\u0111u i dalje postoje sudije koje donose presude po narud\u017ebini politi\u010dara i tajkuna, \u0161to je neprihvatljivo&#8221;, rekao je efendija \u0160a\u0107irovi\u0107.<\/p>\n<p>On je kazao i da su nedavni doga\u0111aji u Had\u017eetu na kome je gradska uprava zapo\u010dela gradnju dje\u010djeg vrti\u0107a, pokazali do \u010dega mo\u017ee da dovede instrumentalizovanje policije.<\/p>\n<p>&#8220;Vjerujem da su ti doga\u0111aji dovoljna lekcija svima i da \u0107e dr\u017eavni organi, polaze\u0107i od ovog iskustva, biti oprezni u pona\u0161anju prema daljim poku\u0161ajima otimanja vakufa koji \u0107emo braniti, ako zatreba i svojim \u017eivotima&#8221;, rekao je \u0160a\u0107irovi\u0107.<\/p>\n<p>Izvor: <strong>SandzakPRESS.net<\/strong><\/p>\n","protected":false},"excerpt":{"rendered":"<p>Novi Pazar &#8211; Predstavnici Me\u0161ihata Islamske zajednice u Srbiji poru\u010dili su da \u0107e &#8220;braniti i \u017eivotima&#8221; zgradu Islamske ustanove u centu Novog Pazara. Visoki funkcioner Me\u0161ihata Sead ef. \u0160a\u0107irovi\u0107 izjavio je da ne\u0107e dozvoliti izvr\u0161enje presude kojom bi dio zgrade Fakulteta za islamske studije trebalo da se vrati Unipromu. Izvr\u0161enje je zakazano za 28. oktobar [&hellip;]<\/p>\n","protected":false},"author":83,"featured_media":9247,"comment_status":"open","ping_status":"open","sticky":false,"template":"","format":"standard","meta":{"footnotes":""},"categories":[72,800],"tags":[],"class_list":{"0":"post-9246","1":"post","2":"type-post","3":"status-publish","4":"format-standard","5":"has-post-thumbnail","7":"category-novi-pazar","8":"category-nacija"},"yoast_head":"<!-- This site is optimized with the Yoast SEO Premium plugin v23.1 (Yoast SEO v24.9) - https:\/\/yoast.com\/wordpress\/plugins\/seo\/ -->\n<title>&quot;Vakuf \u0107emo braniti i \u017eivotima svojim!&quot;<\/title>\n<meta name=\"robots\" content=\"index, follow, max-snippet:-1, max-image-preview:large, max-video-preview:-1\" \/>\n<link rel=\"canonical\" href=\"https:\/\/sandzakpress.net\/arhiva\/vakuf-cemo-braniti-i-zivotima-svojim\/\" \/>\n<meta property=\"og:locale\" content=\"bs_BA\" \/>\n<meta property=\"og:type\" content=\"article\" \/>\n<meta property=\"og:title\" content=\"&quot;Vakuf \u0107emo braniti i \u017eivotima svojim!&quot;\" \/>\n<meta property=\"og:description\" content=\"Novi Pazar &#8211; Predstavnici Me\u0161ihata Islamske zajednice u Srbiji poru\u010dili su da \u0107e &#8220;braniti i \u017eivotima&#8221; zgradu Islamske ustanove u centu Novog Pazara. Visoki funkcioner Me\u0161ihata Sead ef. \u0160a\u0107irovi\u0107 izjavio je da ne\u0107e dozvoliti izvr\u0161enje presude kojom bi dio zgrade Fakulteta za islamske studije trebalo da se vrati Unipromu. Izvr\u0161enje je zakazano za 28. oktobar [&hellip;]\" \/>\n<meta property=\"og:url\" content=\"https:\/\/sandzakpress.net\/arhiva\/vakuf-cemo-braniti-i-zivotima-svojim\/\" \/>\n<meta property=\"og:site_name\" content=\"Sand\u017eak PRESS\" \/>\n<meta property=\"article:published_time\" content=\"2010-10-20T15:24:32+00:00\" \/>\n<meta property=\"og:image\" content=\"https:\/\/sandzakpress.net\/arhiva\/wp-content\/uploads\/2010\/10\/fis-stari.jpg\" \/>\n\t<meta property=\"og:image:width\" content=\"600\" \/>\n\t<meta property=\"og:image:height\" content=\"465\" \/>\n\t<meta property=\"og:image:type\" content=\"image\/jpeg\" \/>\n<meta name=\"author\" content=\"bosniak\" \/>\n<meta name=\"twitter:card\" content=\"summary_large_image\" \/>\n<meta name=\"twitter:label1\" content=\"Written by\" \/>\n\t<meta name=\"twitter:data1\" content=\"bosniak\" \/>\n\t<meta name=\"twitter:label2\" content=\"Est. reading time\" \/>\n\t<meta name=\"twitter:data2\" content=\"1 minuta\" \/>\n<script type=\"application\/ld+json\" class=\"yoast-schema-graph\">{\"@context\":\"https:\/\/schema.org\",\"@graph\":[{\"@type\":\"Article\",\"@id\":\"https:\/\/sandzakpress.net\/arhiva\/vakuf-cemo-braniti-i-zivotima-svojim\/#article\",\"isPartOf\":{\"@id\":\"https:\/\/sandzakpress.net\/arhiva\/vakuf-cemo-braniti-i-zivotima-svojim\/\"},\"author\":{\"name\":\"bosniak\",\"@id\":\"https:\/\/sandzakpress.net\/arhiva\/#\/schema\/person\/c8baee722073534b583ea7bdb2e36c02\"},\"headline\":\"&#8220;Vakuf \u0107emo braniti i \u017eivotima svojim!&#8221;\",\"datePublished\":\"2010-10-20T15:24:32+00:00\",\"mainEntityOfPage\":{\"@id\":\"https:\/\/sandzakpress.net\/arhiva\/vakuf-cemo-braniti-i-zivotima-svojim\/\"},\"wordCount\":255,\"commentCount\":58,\"publisher\":{\"@id\":\"https:\/\/sandzakpress.net\/arhiva\/#\/schema\/person\/6e72b67d6e51910a1117b3b483ba20bd\"},\"image\":{\"@id\":\"https:\/\/sandzakpress.net\/arhiva\/vakuf-cemo-braniti-i-zivotima-svojim\/#primaryimage\"},\"thumbnailUrl\":\"https:\/\/sandzakpress.net\/arhiva\/wp-content\/uploads\/2010\/10\/fis-stari.jpg\",\"articleSection\":[\"Novi Pazar\",\"Nacija\"],\"inLanguage\":\"bs-BA\",\"potentialAction\":[{\"@type\":\"CommentAction\",\"name\":\"Comment\",\"target\":[\"https:\/\/sandzakpress.net\/arhiva\/vakuf-cemo-braniti-i-zivotima-svojim\/#respond\"]}]},{\"@type\":\"WebPage\",\"@id\":\"https:\/\/sandzakpress.net\/arhiva\/vakuf-cemo-braniti-i-zivotima-svojim\/\",\"url\":\"https:\/\/sandzakpress.net\/arhiva\/vakuf-cemo-braniti-i-zivotima-svojim\/\",\"name\":\"\\\"Vakuf \u0107emo braniti i \u017eivotima svojim!\\\"\",\"isPartOf\":{\"@id\":\"https:\/\/sandzakpress.net\/arhiva\/#website\"},\"primaryImageOfPage\":{\"@id\":\"https:\/\/sandzakpress.net\/arhiva\/vakuf-cemo-braniti-i-zivotima-svojim\/#primaryimage\"},\"image\":{\"@id\":\"https:\/\/sandzakpress.net\/arhiva\/vakuf-cemo-braniti-i-zivotima-svojim\/#primaryimage\"},\"thumbnailUrl\":\"https:\/\/sandzakpress.net\/arhiva\/wp-content\/uploads\/2010\/10\/fis-stari.jpg\",\"datePublished\":\"2010-10-20T15:24:32+00:00\",\"breadcrumb\":{\"@id\":\"https:\/\/sandzakpress.net\/arhiva\/vakuf-cemo-braniti-i-zivotima-svojim\/#breadcrumb\"},\"inLanguage\":\"bs-BA\",\"potentialAction\":[{\"@type\":\"ReadAction\",\"target\":[\"https:\/\/sandzakpress.net\/arhiva\/vakuf-cemo-braniti-i-zivotima-svojim\/\"]}]},{\"@type\":\"ImageObject\",\"inLanguage\":\"bs-BA\",\"@id\":\"https:\/\/sandzakpress.net\/arhiva\/vakuf-cemo-braniti-i-zivotima-svojim\/#primaryimage\",\"url\":\"https:\/\/sandzakpress.net\/arhiva\/wp-content\/uploads\/2010\/10\/fis-stari.jpg\",\"contentUrl\":\"https:\/\/sandzakpress.net\/arhiva\/wp-content\/uploads\/2010\/10\/fis-stari.jpg\",\"width\":600,\"height\":465},{\"@type\":\"BreadcrumbList\",\"@id\":\"https:\/\/sandzakpress.net\/arhiva\/vakuf-cemo-braniti-i-zivotima-svojim\/#breadcrumb\",\"itemListElement\":[{\"@type\":\"ListItem\",\"position\":1,\"name\":\"Home\",\"item\":\"https:\/\/sandzakpress.net\/arhiva\/\"},{\"@type\":\"ListItem\",\"position\":2,\"name\":\"&#8220;Vakuf \u0107emo braniti i \u017eivotima svojim!&#8221;\"}]},{\"@type\":\"WebSite\",\"@id\":\"https:\/\/sandzakpress.net\/arhiva\/#website\",\"url\":\"https:\/\/sandzakpress.net\/arhiva\/\",\"name\":\"Sand\u017eak PRESS\",\"description\":\"Prve elektronske novine u Sand\u017eaku\",\"publisher\":{\"@id\":\"https:\/\/sandzakpress.net\/arhiva\/#\/schema\/person\/6e72b67d6e51910a1117b3b483ba20bd\"},\"potentialAction\":[{\"@type\":\"SearchAction\",\"target\":{\"@type\":\"EntryPoint\",\"urlTemplate\":\"https:\/\/sandzakpress.net\/arhiva\/?s={search_term_string}\"},\"query-input\":{\"@type\":\"PropertyValueSpecification\",\"valueRequired\":true,\"valueName\":\"search_term_string\"}}],\"inLanguage\":\"bs-BA\"},{\"@type\":[\"Person\",\"Organization\"],\"@id\":\"https:\/\/sandzakpress.net\/arhiva\/#\/schema\/person\/6e72b67d6e51910a1117b3b483ba20bd\",\"name\":\"Kul\",\"image\":{\"@type\":\"ImageObject\",\"inLanguage\":\"bs-BA\",\"@id\":\"https:\/\/sandzakpress.net\/arhiva\/#\/schema\/person\/image\/\",\"url\":\"https:\/\/secure.gravatar.com\/avatar\/42263f39aa27ac04c43cab85c280eb2e?s=96&d=mm&r=pg\",\"contentUrl\":\"https:\/\/secure.gravatar.com\/avatar\/42263f39aa27ac04c43cab85c280eb2e?s=96&d=mm&r=pg\",\"caption\":\"Kul\"},\"logo\":{\"@id\":\"https:\/\/sandzakpress.net\/arhiva\/#\/schema\/person\/image\/\"}},{\"@type\":\"Person\",\"@id\":\"https:\/\/sandzakpress.net\/arhiva\/#\/schema\/person\/c8baee722073534b583ea7bdb2e36c02\",\"name\":\"bosniak\",\"image\":{\"@type\":\"ImageObject\",\"inLanguage\":\"bs-BA\",\"@id\":\"https:\/\/sandzakpress.net\/arhiva\/#\/schema\/person\/image\/\",\"url\":\"https:\/\/secure.gravatar.com\/avatar\/a04fd330bfe3a36a72a0ad4a6d89fca7?s=96&d=mm&r=pg\",\"contentUrl\":\"https:\/\/secure.gravatar.com\/avatar\/a04fd330bfe3a36a72a0ad4a6d89fca7?s=96&d=mm&r=pg\",\"caption\":\"bosniak\"},\"url\":\"https:\/\/sandzakpress.net\/arhiva\/author\/bosniak\/\"}]}<\/script>\n<!-- \/ Yoast SEO Premium plugin. -->","yoast_head_json":{"title":"\"Vakuf \u0107emo braniti i \u017eivotima svojim!\"","robots":{"index":"index","follow":"follow","max-snippet":"max-snippet:-1","max-image-preview":"max-image-preview:large","max-video-preview":"max-video-preview:-1"},"canonical":"https:\/\/sandzakpress.net\/arhiva\/vakuf-cemo-braniti-i-zivotima-svojim\/","og_locale":"bs_BA","og_type":"article","og_title":"\"Vakuf \u0107emo braniti i \u017eivotima svojim!\"","og_description":"Novi Pazar &#8211; Predstavnici Me\u0161ihata Islamske zajednice u Srbiji poru\u010dili su da \u0107e &#8220;braniti i \u017eivotima&#8221; zgradu Islamske ustanove u centu Novog Pazara. Visoki funkcioner Me\u0161ihata Sead ef. \u0160a\u0107irovi\u0107 izjavio je da ne\u0107e dozvoliti izvr\u0161enje presude kojom bi dio zgrade Fakulteta za islamske studije trebalo da se vrati Unipromu. Izvr\u0161enje je zakazano za 28. oktobar [&hellip;]","og_url":"https:\/\/sandzakpress.net\/arhiva\/vakuf-cemo-braniti-i-zivotima-svojim\/","og_site_name":"Sand\u017eak PRESS","article_published_time":"2010-10-20T15:24:32+00:00","og_image":[{"width":600,"height":465,"url":"https:\/\/sandzakpress.net\/arhiva\/wp-content\/uploads\/2010\/10\/fis-stari.jpg","type":"image\/jpeg"}],"author":"bosniak","twitter_card":"summary_large_image","twitter_misc":{"Written by":"bosniak","Est. reading time":"1 minuta"},"schema":{"@context":"https:\/\/schema.org","@graph":[{"@type":"Article","@id":"https:\/\/sandzakpress.net\/arhiva\/vakuf-cemo-braniti-i-zivotima-svojim\/#article","isPartOf":{"@id":"https:\/\/sandzakpress.net\/arhiva\/vakuf-cemo-braniti-i-zivotima-svojim\/"},"author":{"name":"bosniak","@id":"https:\/\/sandzakpress.net\/arhiva\/#\/schema\/person\/c8baee722073534b583ea7bdb2e36c02"},"headline":"&#8220;Vakuf \u0107emo braniti i \u017eivotima svojim!&#8221;","datePublished":"2010-10-20T15:24:32+00:00","mainEntityOfPage":{"@id":"https:\/\/sandzakpress.net\/arhiva\/vakuf-cemo-braniti-i-zivotima-svojim\/"},"wordCount":255,"commentCount":58,"publisher":{"@id":"https:\/\/sandzakpress.net\/arhiva\/#\/schema\/person\/6e72b67d6e51910a1117b3b483ba20bd"},"image":{"@id":"https:\/\/sandzakpress.net\/arhiva\/vakuf-cemo-braniti-i-zivotima-svojim\/#primaryimage"},"thumbnailUrl":"https:\/\/sandzakpress.net\/arhiva\/wp-content\/uploads\/2010\/10\/fis-stari.jpg","articleSection":["Novi Pazar","Nacija"],"inLanguage":"bs-BA","potentialAction":[{"@type":"CommentAction","name":"Comment","target":["https:\/\/sandzakpress.net\/arhiva\/vakuf-cemo-braniti-i-zivotima-svojim\/#respond"]}]},{"@type":"WebPage","@id":"https:\/\/sandzakpress.net\/arhiva\/vakuf-cemo-braniti-i-zivotima-svojim\/","url":"https:\/\/sandzakpress.net\/arhiva\/vakuf-cemo-braniti-i-zivotima-svojim\/","name":"\"Vakuf \u0107emo braniti i \u017eivotima svojim!\"","isPartOf":{"@id":"https:\/\/sandzakpress.net\/arhiva\/#website"},"primaryImageOfPage":{"@id":"https:\/\/sandzakpress.net\/arhiva\/vakuf-cemo-braniti-i-zivotima-svojim\/#primaryimage"},"image":{"@id":"https:\/\/sandzakpress.net\/arhiva\/vakuf-cemo-braniti-i-zivotima-svojim\/#primaryimage"},"thumbnailUrl":"https:\/\/sandzakpress.net\/arhiva\/wp-content\/uploads\/2010\/10\/fis-stari.jpg","datePublished":"2010-10-20T15:24:32+00:00","breadcrumb":{"@id":"https:\/\/sandzakpress.net\/arhiva\/vakuf-cemo-braniti-i-zivotima-svojim\/#breadcrumb"},"inLanguage":"bs-BA","potentialAction":[{"@type":"ReadAction","target":["https:\/\/sandzakpress.net\/arhiva\/vakuf-cemo-braniti-i-zivotima-svojim\/"]}]},{"@type":"ImageObject","inLanguage":"bs-BA","@id":"https:\/\/sandzakpress.net\/arhiva\/vakuf-cemo-braniti-i-zivotima-svojim\/#primaryimage","url":"https:\/\/sandzakpress.net\/arhiva\/wp-content\/uploads\/2010\/10\/fis-stari.jpg","contentUrl":"https:\/\/sandzakpress.net\/arhiva\/wp-content\/uploads\/2010\/10\/fis-stari.jpg","width":600,"height":465},{"@type":"BreadcrumbList","@id":"https:\/\/sandzakpress.net\/arhiva\/vakuf-cemo-braniti-i-zivotima-svojim\/#breadcrumb","itemListElement":[{"@type":"ListItem","position":1,"name":"Home","item":"https:\/\/sandzakpress.net\/arhiva\/"},{"@type":"ListItem","position":2,"name":"&#8220;Vakuf \u0107emo braniti i \u017eivotima svojim!&#8221;"}]},{"@type":"WebSite","@id":"https:\/\/sandzakpress.net\/arhiva\/#website","url":"https:\/\/sandzakpress.net\/arhiva\/","name":"Sand\u017eak PRESS","description":"Prve elektronske novine u Sand\u017eaku","publisher":{"@id":"https:\/\/sandzakpress.net\/arhiva\/#\/schema\/person\/6e72b67d6e51910a1117b3b483ba20bd"},"potentialAction":[{"@type":"SearchAction","target":{"@type":"EntryPoint","urlTemplate":"https:\/\/sandzakpress.net\/arhiva\/?s={search_term_string}"},"query-input":{"@type":"PropertyValueSpecification","valueRequired":true,"valueName":"search_term_string"}}],"inLanguage":"bs-BA"},{"@type":["Person","Organization"],"@id":"https:\/\/sandzakpress.net\/arhiva\/#\/schema\/person\/6e72b67d6e51910a1117b3b483ba20bd","name":"Kul","image":{"@type":"ImageObject","inLanguage":"bs-BA","@id":"https:\/\/sandzakpress.net\/arhiva\/#\/schema\/person\/image\/","url":"https:\/\/secure.gravatar.com\/avatar\/42263f39aa27ac04c43cab85c280eb2e?s=96&d=mm&r=pg","contentUrl":"https:\/\/secure.gravatar.com\/avatar\/42263f39aa27ac04c43cab85c280eb2e?s=96&d=mm&r=pg","caption":"Kul"},"logo":{"@id":"https:\/\/sandzakpress.net\/arhiva\/#\/schema\/person\/image\/"}},{"@type":"Person","@id":"https:\/\/sandzakpress.net\/arhiva\/#\/schema\/person\/c8baee722073534b583ea7bdb2e36c02","name":"bosniak","image":{"@type":"ImageObject","inLanguage":"bs-BA","@id":"https:\/\/sandzakpress.net\/arhiva\/#\/schema\/person\/image\/","url":"https:\/\/secure.gravatar.com\/avatar\/a04fd330bfe3a36a72a0ad4a6d89fca7?s=96&d=mm&r=pg","contentUrl":"https:\/\/secure.gravatar.com\/avatar\/a04fd330bfe3a36a72a0ad4a6d89fca7?s=96&d=mm&r=pg","caption":"bosniak"},"url":"https:\/\/sandzakpress.net\/arhiva\/author\/bosniak\/"}]}},"_links":{"self":[{"href":"https:\/\/sandzakpress.net\/arhiva\/wp-json\/wp\/v2\/posts\/9246"}],"collection":[{"href":"https:\/\/sandzakpress.net\/arhiva\/wp-json\/wp\/v2\/posts"}],"about":[{"href":"https:\/\/sandzakpress.net\/arhiva\/wp-json\/wp\/v2\/types\/post"}],"author":[{"embeddable":true,"href":"https:\/\/sandzakpress.net\/arhiva\/wp-json\/wp\/v2\/users\/83"}],"replies":[{"embeddable":true,"href":"https:\/\/sandzakpress.net\/arhiva\/wp-json\/wp\/v2\/comments?post=9246"}],"version-history":[{"count":0,"href":"https:\/\/sandzakpress.net\/arhiva\/wp-json\/wp\/v2\/posts\/9246\/revisions"}],"wp:featuredmedia":[{"embeddable":true,"href":"https:\/\/sandzakpress.net\/arhiva\/wp-json\/wp\/v2\/media\/9247"}],"wp:attachment":[{"href":"https:\/\/sandzakpress.net\/arhiva\/wp-json\/wp\/v2\/media?parent=9246"}],"wp:term":[{"taxonomy":"category","embeddable":true,"href":"https:\/\/sandzakpress.net\/arhiva\/wp-json\/wp\/v2\/categories?post=9246"},{"taxonomy":"post_tag","embeddable":true,"href":"https:\/\/sandzakpress.net\/arhiva\/wp-json\/wp\/v2\/tags?post=9246"}],"curies":[{"name":"wp","href":"https:\/\/api.w.org\/{rel}","templated":true}]}}