{"id":92455,"date":"2013-10-25T17:04:07","date_gmt":"2013-10-25T15:04:07","guid":{"rendered":"https:\/\/sandzakpress.net\/arhiva\/?p=92455"},"modified":"2013-10-25T17:04:07","modified_gmt":"2013-10-25T15:04:07","slug":"ljajic-srbija-ce-pratiti-izdavanje-markica-za-uvoz-brasna-u-makedoniji","status":"publish","type":"post","link":"https:\/\/sandzakpress.net\/arhiva\/ljajic-srbija-ce-pratiti-izdavanje-markica-za-uvoz-brasna-u-makedoniji\/","title":{"rendered":"Ljaji\u0107: Srbija \u0107e pratiti izdavanje markica za uvoz bra\u0161na u Makedoniji"},"content":{"rendered":"<p><strong><a href=\"https:\/\/sandzakpress.net\/arhiva\/wp-content\/uploads\/2013\/10\/vojislav-seselj-rasim-ljajic-1328585176-103981.jpg\"><img loading=\"lazy\" decoding=\"async\" class=\"alignleft size-medium wp-image-92456\" alt=\"vojislav-seselj-rasim-ljajic-1328585176-103981\" src=\"https:\/\/sandzakpress.net\/arhiva\/wp-content\/uploads\/2013\/10\/vojislav-seselj-rasim-ljajic-1328585176-103981-300x201.jpg\" width=\"300\" height=\"201\" \/><\/a>Srbija &#8211; Ministar spoljne i unutra\u0161nje trgovine Srbije Rasim Ljaji\u0107 izjavio je da \u0107e se pratiti kako se u Makedoniji odvija izdavanje kontrolnih markica za uvoz srpskog bra\u0161na u tu zemlju i najavio uvo\u0111enje kontramera ukoliko taj problem ne bude rije\u0161en do ponedeljka.<\/strong><\/p>\n<p>Ljaji\u0107 je rekao da je, prema onome \u0161to mu je rekao makedonski ministar poljoprivrede Ljup\u010de Dimovski, Makedonija sino\u0107 od 22 sata trebalo da po\u010dne da izdaje kontrolne markice za uvoz bra\u0161na iz Srbije.<\/p>\n<p>(slobodnaevropa)<\/p>\n","protected":false},"excerpt":{"rendered":"<p>Srbija &#8211; Ministar spoljne i unutra\u0161nje trgovine Srbije Rasim Ljaji\u0107 izjavio je da \u0107e se pratiti kako se u Makedoniji odvija izdavanje kontrolnih markica za uvoz srpskog bra\u0161na u tu zemlju i najavio uvo\u0111enje kontramera ukoliko taj problem ne bude rije\u0161en do ponedeljka. Ljaji\u0107 je rekao da je, prema onome \u0161to mu je rekao makedonski [&hellip;]<\/p>\n","protected":false},"author":83,"featured_media":92457,"comment_status":"open","ping_status":"open","sticky":false,"template":"","format":"standard","meta":{"footnotes":""},"categories":[800,10307],"tags":[],"class_list":{"0":"post-92455","1":"post","2":"type-post","3":"status-publish","4":"format-standard","5":"has-post-thumbnail","7":"category-nacija","8":"category-srbija"},"yoast_head":"<!-- This site is optimized with the Yoast SEO Premium plugin v23.1 (Yoast SEO v24.9) - https:\/\/yoast.com\/wordpress\/plugins\/seo\/ -->\n<title>Ljaji\u0107: Srbija \u0107e pratiti izdavanje markica za uvoz bra\u0161na u Makedoniji<\/title>\n<meta name=\"robots\" content=\"index, follow, max-snippet:-1, max-image-preview:large, max-video-preview:-1\" \/>\n<link rel=\"canonical\" href=\"https:\/\/sandzakpress.net\/arhiva\/ljajic-srbija-ce-pratiti-izdavanje-markica-za-uvoz-brasna-u-makedoniji\/\" \/>\n<meta property=\"og:locale\" content=\"bs_BA\" \/>\n<meta property=\"og:type\" content=\"article\" \/>\n<meta property=\"og:title\" content=\"Ljaji\u0107: Srbija \u0107e pratiti izdavanje markica za uvoz bra\u0161na u Makedoniji\" \/>\n<meta property=\"og:description\" content=\"Srbija &#8211; Ministar spoljne i unutra\u0161nje trgovine Srbije Rasim Ljaji\u0107 izjavio je da \u0107e se pratiti kako se u Makedoniji odvija izdavanje kontrolnih markica za uvoz srpskog bra\u0161na u tu zemlju i najavio uvo\u0111enje kontramera ukoliko taj problem ne bude rije\u0161en do ponedeljka. Ljaji\u0107 je rekao da je, prema onome \u0161to mu je rekao makedonski [&hellip;]\" \/>\n<meta property=\"og:url\" content=\"https:\/\/sandzakpress.net\/arhiva\/ljajic-srbija-ce-pratiti-izdavanje-markica-za-uvoz-brasna-u-makedoniji\/\" \/>\n<meta property=\"og:site_name\" content=\"Sand\u017eak PRESS\" \/>\n<meta property=\"article:published_time\" content=\"2013-10-25T15:04:07+00:00\" \/>\n<meta property=\"og:image\" content=\"https:\/\/sandzakpress.net\/arhiva\/wp-content\/uploads\/2013\/10\/vojislav-seselj-rasim-ljajic-1328585176-103981-300x2011.jpg\" \/>\n\t<meta property=\"og:image:width\" content=\"300\" \/>\n\t<meta property=\"og:image:height\" content=\"201\" \/>\n\t<meta property=\"og:image:type\" content=\"image\/jpeg\" \/>\n<meta name=\"author\" content=\"bosniak\" \/>\n<meta name=\"twitter:card\" content=\"summary_large_image\" \/>\n<meta name=\"twitter:label1\" content=\"Written by\" \/>\n\t<meta name=\"twitter:data1\" content=\"bosniak\" \/>\n<script type=\"application\/ld+json\" class=\"yoast-schema-graph\">{\"@context\":\"https:\/\/schema.org\",\"@graph\":[{\"@type\":\"Article\",\"@id\":\"https:\/\/sandzakpress.net\/arhiva\/ljajic-srbija-ce-pratiti-izdavanje-markica-za-uvoz-brasna-u-makedoniji\/#article\",\"isPartOf\":{\"@id\":\"https:\/\/sandzakpress.net\/arhiva\/ljajic-srbija-ce-pratiti-izdavanje-markica-za-uvoz-brasna-u-makedoniji\/\"},\"author\":{\"name\":\"bosniak\",\"@id\":\"https:\/\/sandzakpress.net\/arhiva\/#\/schema\/person\/c8baee722073534b583ea7bdb2e36c02\"},\"headline\":\"Ljaji\u0107: Srbija \u0107e pratiti izdavanje markica za uvoz bra\u0161na u Makedoniji\",\"datePublished\":\"2013-10-25T15:04:07+00:00\",\"mainEntityOfPage\":{\"@id\":\"https:\/\/sandzakpress.net\/arhiva\/ljajic-srbija-ce-pratiti-izdavanje-markica-za-uvoz-brasna-u-makedoniji\/\"},\"wordCount\":95,\"commentCount\":0,\"publisher\":{\"@id\":\"https:\/\/sandzakpress.net\/arhiva\/#\/schema\/person\/6e72b67d6e51910a1117b3b483ba20bd\"},\"image\":{\"@id\":\"https:\/\/sandzakpress.net\/arhiva\/ljajic-srbija-ce-pratiti-izdavanje-markica-za-uvoz-brasna-u-makedoniji\/#primaryimage\"},\"thumbnailUrl\":\"https:\/\/sandzakpress.net\/arhiva\/wp-content\/uploads\/2013\/10\/vojislav-seselj-rasim-ljajic-1328585176-103981-300x2011.jpg\",\"articleSection\":[\"Nacija\",\"Srbija\"],\"inLanguage\":\"bs-BA\",\"potentialAction\":[{\"@type\":\"CommentAction\",\"name\":\"Comment\",\"target\":[\"https:\/\/sandzakpress.net\/arhiva\/ljajic-srbija-ce-pratiti-izdavanje-markica-za-uvoz-brasna-u-makedoniji\/#respond\"]}]},{\"@type\":\"WebPage\",\"@id\":\"https:\/\/sandzakpress.net\/arhiva\/ljajic-srbija-ce-pratiti-izdavanje-markica-za-uvoz-brasna-u-makedoniji\/\",\"url\":\"https:\/\/sandzakpress.net\/arhiva\/ljajic-srbija-ce-pratiti-izdavanje-markica-za-uvoz-brasna-u-makedoniji\/\",\"name\":\"Ljaji\u0107: Srbija \u0107e pratiti izdavanje markica za uvoz bra\u0161na u Makedoniji\",\"isPartOf\":{\"@id\":\"https:\/\/sandzakpress.net\/arhiva\/#website\"},\"primaryImageOfPage\":{\"@id\":\"https:\/\/sandzakpress.net\/arhiva\/ljajic-srbija-ce-pratiti-izdavanje-markica-za-uvoz-brasna-u-makedoniji\/#primaryimage\"},\"image\":{\"@id\":\"https:\/\/sandzakpress.net\/arhiva\/ljajic-srbija-ce-pratiti-izdavanje-markica-za-uvoz-brasna-u-makedoniji\/#primaryimage\"},\"thumbnailUrl\":\"https:\/\/sandzakpress.net\/arhiva\/wp-content\/uploads\/2013\/10\/vojislav-seselj-rasim-ljajic-1328585176-103981-300x2011.jpg\",\"datePublished\":\"2013-10-25T15:04:07+00:00\",\"breadcrumb\":{\"@id\":\"https:\/\/sandzakpress.net\/arhiva\/ljajic-srbija-ce-pratiti-izdavanje-markica-za-uvoz-brasna-u-makedoniji\/#breadcrumb\"},\"inLanguage\":\"bs-BA\",\"potentialAction\":[{\"@type\":\"ReadAction\",\"target\":[\"https:\/\/sandzakpress.net\/arhiva\/ljajic-srbija-ce-pratiti-izdavanje-markica-za-uvoz-brasna-u-makedoniji\/\"]}]},{\"@type\":\"ImageObject\",\"inLanguage\":\"bs-BA\",\"@id\":\"https:\/\/sandzakpress.net\/arhiva\/ljajic-srbija-ce-pratiti-izdavanje-markica-za-uvoz-brasna-u-makedoniji\/#primaryimage\",\"url\":\"https:\/\/sandzakpress.net\/arhiva\/wp-content\/uploads\/2013\/10\/vojislav-seselj-rasim-ljajic-1328585176-103981-300x2011.jpg\",\"contentUrl\":\"https:\/\/sandzakpress.net\/arhiva\/wp-content\/uploads\/2013\/10\/vojislav-seselj-rasim-ljajic-1328585176-103981-300x2011.jpg\",\"width\":300,\"height\":201},{\"@type\":\"BreadcrumbList\",\"@id\":\"https:\/\/sandzakpress.net\/arhiva\/ljajic-srbija-ce-pratiti-izdavanje-markica-za-uvoz-brasna-u-makedoniji\/#breadcrumb\",\"itemListElement\":[{\"@type\":\"ListItem\",\"position\":1,\"name\":\"Home\",\"item\":\"https:\/\/sandzakpress.net\/arhiva\/\"},{\"@type\":\"ListItem\",\"position\":2,\"name\":\"Ljaji\u0107: Srbija \u0107e pratiti izdavanje markica za uvoz bra\u0161na u Makedoniji\"}]},{\"@type\":\"WebSite\",\"@id\":\"https:\/\/sandzakpress.net\/arhiva\/#website\",\"url\":\"https:\/\/sandzakpress.net\/arhiva\/\",\"name\":\"Sand\u017eak PRESS\",\"description\":\"Prve elektronske novine u Sand\u017eaku\",\"publisher\":{\"@id\":\"https:\/\/sandzakpress.net\/arhiva\/#\/schema\/person\/6e72b67d6e51910a1117b3b483ba20bd\"},\"potentialAction\":[{\"@type\":\"SearchAction\",\"target\":{\"@type\":\"EntryPoint\",\"urlTemplate\":\"https:\/\/sandzakpress.net\/arhiva\/?s={search_term_string}\"},\"query-input\":{\"@type\":\"PropertyValueSpecification\",\"valueRequired\":true,\"valueName\":\"search_term_string\"}}],\"inLanguage\":\"bs-BA\"},{\"@type\":[\"Person\",\"Organization\"],\"@id\":\"https:\/\/sandzakpress.net\/arhiva\/#\/schema\/person\/6e72b67d6e51910a1117b3b483ba20bd\",\"name\":\"Kul\",\"image\":{\"@type\":\"ImageObject\",\"inLanguage\":\"bs-BA\",\"@id\":\"https:\/\/sandzakpress.net\/arhiva\/#\/schema\/person\/image\/\",\"url\":\"https:\/\/secure.gravatar.com\/avatar\/42263f39aa27ac04c43cab85c280eb2e?s=96&d=mm&r=pg\",\"contentUrl\":\"https:\/\/secure.gravatar.com\/avatar\/42263f39aa27ac04c43cab85c280eb2e?s=96&d=mm&r=pg\",\"caption\":\"Kul\"},\"logo\":{\"@id\":\"https:\/\/sandzakpress.net\/arhiva\/#\/schema\/person\/image\/\"}},{\"@type\":\"Person\",\"@id\":\"https:\/\/sandzakpress.net\/arhiva\/#\/schema\/person\/c8baee722073534b583ea7bdb2e36c02\",\"name\":\"bosniak\",\"image\":{\"@type\":\"ImageObject\",\"inLanguage\":\"bs-BA\",\"@id\":\"https:\/\/sandzakpress.net\/arhiva\/#\/schema\/person\/image\/\",\"url\":\"https:\/\/secure.gravatar.com\/avatar\/a04fd330bfe3a36a72a0ad4a6d89fca7?s=96&d=mm&r=pg\",\"contentUrl\":\"https:\/\/secure.gravatar.com\/avatar\/a04fd330bfe3a36a72a0ad4a6d89fca7?s=96&d=mm&r=pg\",\"caption\":\"bosniak\"},\"url\":\"https:\/\/sandzakpress.net\/arhiva\/author\/bosniak\/\"}]}<\/script>\n<!-- \/ Yoast SEO Premium plugin. -->","yoast_head_json":{"title":"Ljaji\u0107: Srbija \u0107e pratiti izdavanje markica za uvoz bra\u0161na u Makedoniji","robots":{"index":"index","follow":"follow","max-snippet":"max-snippet:-1","max-image-preview":"max-image-preview:large","max-video-preview":"max-video-preview:-1"},"canonical":"https:\/\/sandzakpress.net\/arhiva\/ljajic-srbija-ce-pratiti-izdavanje-markica-za-uvoz-brasna-u-makedoniji\/","og_locale":"bs_BA","og_type":"article","og_title":"Ljaji\u0107: Srbija \u0107e pratiti izdavanje markica za uvoz bra\u0161na u Makedoniji","og_description":"Srbija &#8211; Ministar spoljne i unutra\u0161nje trgovine Srbije Rasim Ljaji\u0107 izjavio je da \u0107e se pratiti kako se u Makedoniji odvija izdavanje kontrolnih markica za uvoz srpskog bra\u0161na u tu zemlju i najavio uvo\u0111enje kontramera ukoliko taj problem ne bude rije\u0161en do ponedeljka. Ljaji\u0107 je rekao da je, prema onome \u0161to mu je rekao makedonski [&hellip;]","og_url":"https:\/\/sandzakpress.net\/arhiva\/ljajic-srbija-ce-pratiti-izdavanje-markica-za-uvoz-brasna-u-makedoniji\/","og_site_name":"Sand\u017eak PRESS","article_published_time":"2013-10-25T15:04:07+00:00","og_image":[{"width":300,"height":201,"url":"https:\/\/sandzakpress.net\/arhiva\/wp-content\/uploads\/2013\/10\/vojislav-seselj-rasim-ljajic-1328585176-103981-300x2011.jpg","type":"image\/jpeg"}],"author":"bosniak","twitter_card":"summary_large_image","twitter_misc":{"Written by":"bosniak"},"schema":{"@context":"https:\/\/schema.org","@graph":[{"@type":"Article","@id":"https:\/\/sandzakpress.net\/arhiva\/ljajic-srbija-ce-pratiti-izdavanje-markica-za-uvoz-brasna-u-makedoniji\/#article","isPartOf":{"@id":"https:\/\/sandzakpress.net\/arhiva\/ljajic-srbija-ce-pratiti-izdavanje-markica-za-uvoz-brasna-u-makedoniji\/"},"author":{"name":"bosniak","@id":"https:\/\/sandzakpress.net\/arhiva\/#\/schema\/person\/c8baee722073534b583ea7bdb2e36c02"},"headline":"Ljaji\u0107: Srbija \u0107e pratiti izdavanje markica za uvoz bra\u0161na u Makedoniji","datePublished":"2013-10-25T15:04:07+00:00","mainEntityOfPage":{"@id":"https:\/\/sandzakpress.net\/arhiva\/ljajic-srbija-ce-pratiti-izdavanje-markica-za-uvoz-brasna-u-makedoniji\/"},"wordCount":95,"commentCount":0,"publisher":{"@id":"https:\/\/sandzakpress.net\/arhiva\/#\/schema\/person\/6e72b67d6e51910a1117b3b483ba20bd"},"image":{"@id":"https:\/\/sandzakpress.net\/arhiva\/ljajic-srbija-ce-pratiti-izdavanje-markica-za-uvoz-brasna-u-makedoniji\/#primaryimage"},"thumbnailUrl":"https:\/\/sandzakpress.net\/arhiva\/wp-content\/uploads\/2013\/10\/vojislav-seselj-rasim-ljajic-1328585176-103981-300x2011.jpg","articleSection":["Nacija","Srbija"],"inLanguage":"bs-BA","potentialAction":[{"@type":"CommentAction","name":"Comment","target":["https:\/\/sandzakpress.net\/arhiva\/ljajic-srbija-ce-pratiti-izdavanje-markica-za-uvoz-brasna-u-makedoniji\/#respond"]}]},{"@type":"WebPage","@id":"https:\/\/sandzakpress.net\/arhiva\/ljajic-srbija-ce-pratiti-izdavanje-markica-za-uvoz-brasna-u-makedoniji\/","url":"https:\/\/sandzakpress.net\/arhiva\/ljajic-srbija-ce-pratiti-izdavanje-markica-za-uvoz-brasna-u-makedoniji\/","name":"Ljaji\u0107: Srbija \u0107e pratiti izdavanje markica za uvoz bra\u0161na u Makedoniji","isPartOf":{"@id":"https:\/\/sandzakpress.net\/arhiva\/#website"},"primaryImageOfPage":{"@id":"https:\/\/sandzakpress.net\/arhiva\/ljajic-srbija-ce-pratiti-izdavanje-markica-za-uvoz-brasna-u-makedoniji\/#primaryimage"},"image":{"@id":"https:\/\/sandzakpress.net\/arhiva\/ljajic-srbija-ce-pratiti-izdavanje-markica-za-uvoz-brasna-u-makedoniji\/#primaryimage"},"thumbnailUrl":"https:\/\/sandzakpress.net\/arhiva\/wp-content\/uploads\/2013\/10\/vojislav-seselj-rasim-ljajic-1328585176-103981-300x2011.jpg","datePublished":"2013-10-25T15:04:07+00:00","breadcrumb":{"@id":"https:\/\/sandzakpress.net\/arhiva\/ljajic-srbija-ce-pratiti-izdavanje-markica-za-uvoz-brasna-u-makedoniji\/#breadcrumb"},"inLanguage":"bs-BA","potentialAction":[{"@type":"ReadAction","target":["https:\/\/sandzakpress.net\/arhiva\/ljajic-srbija-ce-pratiti-izdavanje-markica-za-uvoz-brasna-u-makedoniji\/"]}]},{"@type":"ImageObject","inLanguage":"bs-BA","@id":"https:\/\/sandzakpress.net\/arhiva\/ljajic-srbija-ce-pratiti-izdavanje-markica-za-uvoz-brasna-u-makedoniji\/#primaryimage","url":"https:\/\/sandzakpress.net\/arhiva\/wp-content\/uploads\/2013\/10\/vojislav-seselj-rasim-ljajic-1328585176-103981-300x2011.jpg","contentUrl":"https:\/\/sandzakpress.net\/arhiva\/wp-content\/uploads\/2013\/10\/vojislav-seselj-rasim-ljajic-1328585176-103981-300x2011.jpg","width":300,"height":201},{"@type":"BreadcrumbList","@id":"https:\/\/sandzakpress.net\/arhiva\/ljajic-srbija-ce-pratiti-izdavanje-markica-za-uvoz-brasna-u-makedoniji\/#breadcrumb","itemListElement":[{"@type":"ListItem","position":1,"name":"Home","item":"https:\/\/sandzakpress.net\/arhiva\/"},{"@type":"ListItem","position":2,"name":"Ljaji\u0107: Srbija \u0107e pratiti izdavanje markica za uvoz bra\u0161na u Makedoniji"}]},{"@type":"WebSite","@id":"https:\/\/sandzakpress.net\/arhiva\/#website","url":"https:\/\/sandzakpress.net\/arhiva\/","name":"Sand\u017eak PRESS","description":"Prve elektronske novine u Sand\u017eaku","publisher":{"@id":"https:\/\/sandzakpress.net\/arhiva\/#\/schema\/person\/6e72b67d6e51910a1117b3b483ba20bd"},"potentialAction":[{"@type":"SearchAction","target":{"@type":"EntryPoint","urlTemplate":"https:\/\/sandzakpress.net\/arhiva\/?s={search_term_string}"},"query-input":{"@type":"PropertyValueSpecification","valueRequired":true,"valueName":"search_term_string"}}],"inLanguage":"bs-BA"},{"@type":["Person","Organization"],"@id":"https:\/\/sandzakpress.net\/arhiva\/#\/schema\/person\/6e72b67d6e51910a1117b3b483ba20bd","name":"Kul","image":{"@type":"ImageObject","inLanguage":"bs-BA","@id":"https:\/\/sandzakpress.net\/arhiva\/#\/schema\/person\/image\/","url":"https:\/\/secure.gravatar.com\/avatar\/42263f39aa27ac04c43cab85c280eb2e?s=96&d=mm&r=pg","contentUrl":"https:\/\/secure.gravatar.com\/avatar\/42263f39aa27ac04c43cab85c280eb2e?s=96&d=mm&r=pg","caption":"Kul"},"logo":{"@id":"https:\/\/sandzakpress.net\/arhiva\/#\/schema\/person\/image\/"}},{"@type":"Person","@id":"https:\/\/sandzakpress.net\/arhiva\/#\/schema\/person\/c8baee722073534b583ea7bdb2e36c02","name":"bosniak","image":{"@type":"ImageObject","inLanguage":"bs-BA","@id":"https:\/\/sandzakpress.net\/arhiva\/#\/schema\/person\/image\/","url":"https:\/\/secure.gravatar.com\/avatar\/a04fd330bfe3a36a72a0ad4a6d89fca7?s=96&d=mm&r=pg","contentUrl":"https:\/\/secure.gravatar.com\/avatar\/a04fd330bfe3a36a72a0ad4a6d89fca7?s=96&d=mm&r=pg","caption":"bosniak"},"url":"https:\/\/sandzakpress.net\/arhiva\/author\/bosniak\/"}]}},"_links":{"self":[{"href":"https:\/\/sandzakpress.net\/arhiva\/wp-json\/wp\/v2\/posts\/92455"}],"collection":[{"href":"https:\/\/sandzakpress.net\/arhiva\/wp-json\/wp\/v2\/posts"}],"about":[{"href":"https:\/\/sandzakpress.net\/arhiva\/wp-json\/wp\/v2\/types\/post"}],"author":[{"embeddable":true,"href":"https:\/\/sandzakpress.net\/arhiva\/wp-json\/wp\/v2\/users\/83"}],"replies":[{"embeddable":true,"href":"https:\/\/sandzakpress.net\/arhiva\/wp-json\/wp\/v2\/comments?post=92455"}],"version-history":[{"count":0,"href":"https:\/\/sandzakpress.net\/arhiva\/wp-json\/wp\/v2\/posts\/92455\/revisions"}],"wp:featuredmedia":[{"embeddable":true,"href":"https:\/\/sandzakpress.net\/arhiva\/wp-json\/wp\/v2\/media\/92457"}],"wp:attachment":[{"href":"https:\/\/sandzakpress.net\/arhiva\/wp-json\/wp\/v2\/media?parent=92455"}],"wp:term":[{"taxonomy":"category","embeddable":true,"href":"https:\/\/sandzakpress.net\/arhiva\/wp-json\/wp\/v2\/categories?post=92455"},{"taxonomy":"post_tag","embeddable":true,"href":"https:\/\/sandzakpress.net\/arhiva\/wp-json\/wp\/v2\/tags?post=92455"}],"curies":[{"name":"wp","href":"https:\/\/api.w.org\/{rel}","templated":true}]}}