{"id":92324,"date":"2013-10-24T17:37:44","date_gmt":"2013-10-24T15:37:44","guid":{"rendered":"https:\/\/sandzakpress.net\/arhiva\/?p=92324"},"modified":"2013-10-24T17:43:18","modified_gmt":"2013-10-24T15:43:18","slug":"92324","status":"publish","type":"post","link":"https:\/\/sandzakpress.net\/arhiva\/92324\/","title":{"rendered":"&#8220;Osloba\u0111anje&#8221; Bara"},"content":{"rendered":"<figure id=\"attachment_92325\" aria-describedby=\"caption-attachment-92325\" style=\"width: 190px\" class=\"wp-caption alignleft\"><img loading=\"lazy\" decoding=\"async\" class=\"size-full wp-image-92325\" alt=\"Dva_Mirsada\" src=\"https:\/\/sandzakpress.net\/arhiva\/wp-content\/uploads\/2013\/10\/Dva_Mirsada.jpg\" width=\"190\" height=\"214\" \/><figcaption id=\"caption-attachment-92325\" class=\"wp-caption-text\">Autor: Mirsad Kurga\u0161<\/figcaption><\/figure>\n<p>Prema hronologiji vladanja Barom, Ra\u0161ka je obuhvatala period od 177 godina (1183-1360), dok je Osmanlijska vladavina trajala 130 godina du\u017ee (1571-1878). Svi ostali su vladali neuporedivo kra\u0107e: Iliri, Grci, Rimljani, Vizantija, Samuilova \u201eDr\u017eava Ju\u017enih Slovena\u201c, Duklja, Bal\u0161i\u0107i, Mleta\u010dka republika, Despot Stefan Lazarevi\u0107, Despot \u0110ura\u0111 Brankovi\u0107, Stjepan Vuk\u010di\u0107 Kosa\u010da, Crna Gora, Kraljevina SHS, Jugoslavija).<\/p>\n<p>Interesantno je da se u ovda\u0161njoj javnosti, kao i u relevantnim dokumentima, tj. istoriografiji, knji\u017eevnosti&#8230;, nigdje ne navodi \u201eosloba\u0111anje Bara od Ra\u0161ke\u201c ili Vizantije na primjer, dok je termin \u201eosloba\u0111anje Bara od Turaka\u201c- neizostavan. Imaju\u0107i u vidu da je domicilno, autohtono stanovni\u0161tvo, istina prete\u017eno islamske vjeroispovijesti, \u010dinilo \u017eitelje tada\u0161njeg Bara, onda se postavlja pitanje ko je koga i \u0161ta tu osloba\u0111ao? Pogotovo ako se zna da su tada\u0161nji \u201eoslobodioci\u201c do\u0161li iz udaljenih, ruralnih predjela i da prethodno nijesu imali nikakve veze sa \u201eneoslobo\u0111enim\u201c Barom. Kada danas slu\u0161amo pripovijesti kako su njihovi preci \u201eoslobodili\u201c Bar, onda se name\u0107e logi\u010dna pretpostavka prema kojoj bi smo i mi danas mogli sasvim legitimno da \u201eosloba\u0111amo\u201c Ameriku od Engleza, \u0160panaca, Francuza, Njemaca&#8230;?! Pa i oni su tako prije par stotina godina \u201eoslobodili Novu zemlju\u201c od Indijanaca, starosjedilaca, tako \u0161to su ih gotovo istrijebili. Oni pre\u017eivjeli smje\u0161teni su u rezervate, gdje tavore i u najboljem slu\u010daju pokazuju ih kao turisti\u010dku atrakciju. Kod mnogih je u potpunosti zavladalo bezna\u0111e, izgubljen ponos, dostojanstvo i hrabrost. \u017dive od socijalne pomo\u0107i, odaju\u0107i se drogama i alkoholu.<br \/>\nIako je, kako rekosmo, vladavina osmanlijskog carstva u barskom kraju trajala preko tri stolje\u0107a, ostalo je jako malo istorijskih tragova. U muzejskoj postavci starobarske tvr\u0111ave, takore\u0107i ne postoji niti jedan eksponat iz tog perioda. Arheolog Omer Pero\u010devi\u0107 to obja\u0161njava \u010dinjenicom da su \u201eoslobodioci\u201c bili isfrustirani svojom nema\u0161tinom, iz \u010dega je proistekao ru\u0161ila\u010dki bijes prema svemu \u0161to je bilo druga\u010dije. Naravno, prema zauzetim imanjima su imali ve\u0107i senzibilitet!<br \/>\nMe\u0111utim, \u010dinjenica je da i u Gradskom muzeju u dvorcu Kralja Nikole zati\u010demo identi\u010dnu situaciju: svega je par eksponata iz osmanlijskog perioda. Naravno, tu ne ra\u010dunamo neke elemente koji su, na primjer, ukomponovani u crnogorsku narodnu no\u0161nju i oru\u017eje.<br \/>\nU starobarskoj tvr\u0111avi, u zgradi nekada\u0161nje baruthane, prije par mjeseci otvoren je Lapidarium- izlo\u017eeno je vi\u0161e od 650 fragmenata arhitektonskih elemenata, koji datiraju od V do XIX vijeka sa crkava, ku\u0107a, palata i drugih objekata iz Starog grada Bara. \u201eTu su po policama odvojeni fragmenti mozaika, fresaka, preromani\u010dki tro\u010dlani prepleti, goti\u010dko-renesansni okviri prozora i vrata, kordonski vijenci, stubovi i baze, kapiteli i impost-kapiteli, to\u010dak od milina za masline, djelovi svoda sa katedrale sv. \u0110or\u0111a, posude za skladi\u0161tenje maslinovog ulja &#8211; tzv. pila, djelovi parapetnih plo\u010da, nadgrobni spomenici &#8211; ni\u0161ani, i, naposljetku, natpisi sa crkve sv. Nikole, sa episkopske palate, iz Podgrada&#8230; Dobar dio lapida sa istorijskih objekata u gradu je djelo nadaleko poznatih barskih klesara. Ovo je samo nagovje\u0161taj kvaliteta i reprezentativnosti medievalnih palata i crkava\u2026\u201d (Barinfo)<br \/>\nMe\u0111utim, i na ovom primjeru se mo\u017ee vidjeti odnos prema islamskom-orijentalnom naslje\u0111u: u pomenutoj postavci se mo\u017ee vidjeti svega par ostataka polomljenih ni\u0161ana- muslimanskih nadgrobnih spomenika. U tome \u0161to je samo \u201cpre\u017eivjelo\u201d tek nekoliko ni\u0161ana, ima i odre\u0111ene simbolike.<\/p>\n<p><a href=\"http:\/\/www.broj19-number19.org\/images\/baruthana-lapidarium.jpg\"><img loading=\"lazy\" decoding=\"async\" alt=\"baruthana-lapidarium\" src=\"http:\/\/www.broj19-number19.org\/images\/baruthana-lapidarium.jpg\" width=\"216\" height=\"160\" \/><\/a>\u00a0<a href=\"http:\/\/www.broj19-number19.org\/images\/lapidarium1.jpg\"><img loading=\"lazy\" decoding=\"async\" alt=\"lapidarium1\" src=\"http:\/\/www.broj19-number19.org\/images\/lapidarium1.jpg\" width=\"216\" height=\"160\" \/><\/a><\/p>\n<p>Da su u tvr\u0111avi postojale i d\u017eamije, govore \u0161turi natpisi na dvije postavljene table. S tim \u0161to je u prvom planu obavje\u0161tenje o crkvama. Odnedavno je postavljen i improvizovani natpis koji posjetioce upu\u0107uje prema pravoslavnoj crkvi.<\/p>\n<p><a href=\"http:\/\/www.broj19-number19.org\/images\/tvrdjava-tabla1.JPG\"><img loading=\"lazy\" decoding=\"async\" alt=\"tvrdjava-tabla1\" src=\"http:\/\/www.broj19-number19.org\/images\/tvrdjava-tabla1.JPG\" width=\"216\" height=\"161\" \/><\/a>\u00a0<a href=\"http:\/\/www.broj19-number19.org\/images\/Stari-BarI.jpg\"><img loading=\"lazy\" decoding=\"async\" alt=\"stari-barI\" src=\"http:\/\/www.broj19-number19.org\/images\/Stari-BarI.jpg\" width=\"216\" height=\"160\" \/><\/a><\/p>\n<p>Ozna\u010den je \u010dak i kamen uzidan u bedem tvr\u0111ave, na kom je uklesana figura osobe koja se moli, ali obli\u017enje otkriveno turbe, pored kog se na otvorenom nalazi mihrab i minber ozidan kamenom, bez ikakvog je putokaza. Iako je, po rije\u010dima stru\u010dnjaka, minber izra\u0111en od kamena rijetkost, na dijelu zida do prolaza postoji samo omanja kamena plo\u010da sa uklesanim tekstom: \u201eSvrati\u0161te za putnike iz XIV vijeka\u201c.<\/p>\n<p><a href=\"http:\/\/www.broj19-number19.org\/images\/molitva.JPG\"><img loading=\"lazy\" decoding=\"async\" alt=\"molitva\" src=\"http:\/\/www.broj19-number19.org\/images\/molitva.JPG\" width=\"216\" height=\"161\" \/><\/a>\u00a0<a href=\"http:\/\/www.broj19-number19.org\/images\/Stari-BarII.jpg\"><img loading=\"lazy\" decoding=\"async\" alt=\"Stari-BarII\" src=\"http:\/\/www.broj19-number19.org\/images\/Stari-BarII.jpg\" width=\"216\" height=\"160\" \/><\/a><\/p>\n<p>Slika Novog Bara danas odaje utisak hri\u0161\u0107anskog grada- monumentalne gra\u0111evine pravoslavnog hrama i katoli\u010dke konkatedrale u strogom centru, kao i biste Sv. Jovanu Vladimiru i Popu Dukljaninu&#8230;<br \/>\nA na oficijelnoj web stranici barske Turisti\u010dke organizacije, navodi se da je \u201eSv. \u0110or\u0111e za\u0161titnik grada Bara\u201c.<br \/>\nNigdje se zvani\u010dno ne pominje da je na mjestu Selimbegovog dvorca sagra\u0111en hotel \u201eTopolica\u201c, sada\u0161nji hotel \u201ePrincess\u201c. Dok je Selimbegov prelijepi letnjikovac poru\u0161en i na tom mjestu sagra\u0111ena, sada ve\u0107 definitivno upropa\u0161tena fabrika \u201ePrimorka\u201c.<\/p>\n<p><a href=\"http:\/\/www.broj19-number19.org\/images\/hotel%20princess.jpg\"><img loading=\"lazy\" decoding=\"async\" alt=\"hotel princess\" src=\"http:\/\/www.broj19-number19.org\/images\/hotel%20princess.jpg\" width=\"216\" height=\"142\" \/><\/a>\u00a0<a href=\"http:\/\/www.broj19-number19.org\/images\/selimbeg-letnjikovac1.jpg\"><img loading=\"lazy\" decoding=\"async\" alt=\"selimbeg-letnjikovac1\" src=\"http:\/\/www.broj19-number19.org\/images\/selimbeg-letnjikovac1.jpg\" width=\"216\" height=\"161\" \/><\/a><\/p>\n<p>Naravno, to ne \u010dudi ako se zna da se i danas prema vakufskoj imovini odnosi na krajnje nedopustiv na\u010din, kroz devastaciju i protivzakonito prisvajanje, kako usljed nebrige i \u0161i\u0107arijskog interesa zvani\u010dnih predstavnika Islamske zajednice, tako i rukovodstva lokalne samouprave.<br \/>\nTrebalo je da pro\u0111e punih 130 godina od odlaska Osmanlija, pa da tek slovena\u010dki stru\u010dnjaci: Mitja Gus\u030ctin, Vesna Bikic\u0301, Zrinka Mileusnic\u0301, Milina Mr\u0111enovac\u030cki i Tatjana Z\u030civic\u0301, u okviru me\u0111unarodnog projekta \u201cThe Heritage of the Serenissima\u201d, napi\u0161u \u201cOttoman Times: The Story of Stari Bar, Montenegro- Osmanska vremena: pri\u010da o Starom Baru, Crna Gora\u201d!<\/p>\n<p>&nbsp;<\/p>\n<p>&nbsp;<\/p>\n<p>23.10.2013.g.\/ 18.Zu-l-hid\u017ed\u017ee 1434.H.<\/p>\n","protected":false},"excerpt":{"rendered":"<p>Mirsad Kurga\u0161<\/p>\n","protected":false},"author":83,"featured_media":92325,"comment_status":"open","ping_status":"open","sticky":false,"template":"","format":"standard","meta":{"footnotes":""},"categories":[10196,10308],"tags":[10237],"class_list":{"0":"post-92324","1":"post","2":"type-post","3":"status-publish","4":"format-standard","5":"has-post-thumbnail","7":"category-iz-pera-nasih-autora","8":"category-crna-gora","9":"tag-mirsad-kurgas"},"yoast_head":"<!-- This site is optimized with the Yoast SEO Premium plugin v23.1 (Yoast SEO v24.9) - https:\/\/yoast.com\/wordpress\/plugins\/seo\/ -->\n<title>&quot;Osloba\u0111anje&quot; Bara<\/title>\n<meta name=\"robots\" content=\"index, follow, max-snippet:-1, max-image-preview:large, max-video-preview:-1\" \/>\n<link rel=\"canonical\" href=\"https:\/\/sandzakpress.net\/arhiva\/92324\/\" \/>\n<meta property=\"og:locale\" content=\"bs_BA\" \/>\n<meta property=\"og:type\" content=\"article\" \/>\n<meta property=\"og:title\" content=\"&quot;Osloba\u0111anje&quot; Bara\" \/>\n<meta property=\"og:description\" content=\"Mirsad Kurga\u0161\" \/>\n<meta property=\"og:url\" content=\"https:\/\/sandzakpress.net\/arhiva\/92324\/\" \/>\n<meta property=\"og:site_name\" content=\"Sand\u017eak PRESS\" \/>\n<meta property=\"article:published_time\" content=\"2013-10-24T15:37:44+00:00\" \/>\n<meta property=\"article:modified_time\" content=\"2013-10-24T15:43:18+00:00\" \/>\n<meta property=\"og:image\" content=\"https:\/\/sandzakpress.net\/arhiva\/wp-content\/uploads\/2013\/10\/Dva_Mirsada.jpg\" \/>\n\t<meta property=\"og:image:width\" content=\"190\" \/>\n\t<meta property=\"og:image:height\" content=\"214\" \/>\n\t<meta property=\"og:image:type\" content=\"image\/jpeg\" \/>\n<meta name=\"author\" content=\"bosniak\" \/>\n<meta name=\"twitter:card\" content=\"summary_large_image\" \/>\n<meta name=\"twitter:label1\" content=\"Written by\" \/>\n\t<meta name=\"twitter:data1\" content=\"bosniak\" \/>\n\t<meta name=\"twitter:label2\" content=\"Est. reading time\" \/>\n\t<meta name=\"twitter:data2\" content=\"4 minute\" \/>\n<script type=\"application\/ld+json\" class=\"yoast-schema-graph\">{\"@context\":\"https:\/\/schema.org\",\"@graph\":[{\"@type\":\"Article\",\"@id\":\"https:\/\/sandzakpress.net\/arhiva\/92324\/#article\",\"isPartOf\":{\"@id\":\"https:\/\/sandzakpress.net\/arhiva\/92324\/\"},\"author\":{\"name\":\"bosniak\",\"@id\":\"https:\/\/sandzakpress.net\/arhiva\/#\/schema\/person\/c8baee722073534b583ea7bdb2e36c02\"},\"headline\":\"&#8220;Osloba\u0111anje&#8221; Bara\",\"datePublished\":\"2013-10-24T15:37:44+00:00\",\"dateModified\":\"2013-10-24T15:43:18+00:00\",\"mainEntityOfPage\":{\"@id\":\"https:\/\/sandzakpress.net\/arhiva\/92324\/\"},\"wordCount\":898,\"commentCount\":0,\"publisher\":{\"@id\":\"https:\/\/sandzakpress.net\/arhiva\/#\/schema\/person\/6e72b67d6e51910a1117b3b483ba20bd\"},\"image\":{\"@id\":\"https:\/\/sandzakpress.net\/arhiva\/92324\/#primaryimage\"},\"thumbnailUrl\":\"https:\/\/sandzakpress.net\/arhiva\/wp-content\/uploads\/2013\/10\/Dva_Mirsada.jpg\",\"keywords\":[\"Mirsad Kurga\u0161\"],\"articleSection\":[\"Iz pera na\u0161ih autora\",\"Crna Gora\"],\"inLanguage\":\"bs-BA\",\"potentialAction\":[{\"@type\":\"CommentAction\",\"name\":\"Comment\",\"target\":[\"https:\/\/sandzakpress.net\/arhiva\/92324\/#respond\"]}]},{\"@type\":\"WebPage\",\"@id\":\"https:\/\/sandzakpress.net\/arhiva\/92324\/\",\"url\":\"https:\/\/sandzakpress.net\/arhiva\/92324\/\",\"name\":\"\\\"Osloba\u0111anje\\\" Bara\",\"isPartOf\":{\"@id\":\"https:\/\/sandzakpress.net\/arhiva\/#website\"},\"primaryImageOfPage\":{\"@id\":\"https:\/\/sandzakpress.net\/arhiva\/92324\/#primaryimage\"},\"image\":{\"@id\":\"https:\/\/sandzakpress.net\/arhiva\/92324\/#primaryimage\"},\"thumbnailUrl\":\"https:\/\/sandzakpress.net\/arhiva\/wp-content\/uploads\/2013\/10\/Dva_Mirsada.jpg\",\"datePublished\":\"2013-10-24T15:37:44+00:00\",\"dateModified\":\"2013-10-24T15:43:18+00:00\",\"breadcrumb\":{\"@id\":\"https:\/\/sandzakpress.net\/arhiva\/92324\/#breadcrumb\"},\"inLanguage\":\"bs-BA\",\"potentialAction\":[{\"@type\":\"ReadAction\",\"target\":[\"https:\/\/sandzakpress.net\/arhiva\/92324\/\"]}]},{\"@type\":\"ImageObject\",\"inLanguage\":\"bs-BA\",\"@id\":\"https:\/\/sandzakpress.net\/arhiva\/92324\/#primaryimage\",\"url\":\"https:\/\/sandzakpress.net\/arhiva\/wp-content\/uploads\/2013\/10\/Dva_Mirsada.jpg\",\"contentUrl\":\"https:\/\/sandzakpress.net\/arhiva\/wp-content\/uploads\/2013\/10\/Dva_Mirsada.jpg\",\"width\":190,\"height\":214},{\"@type\":\"BreadcrumbList\",\"@id\":\"https:\/\/sandzakpress.net\/arhiva\/92324\/#breadcrumb\",\"itemListElement\":[{\"@type\":\"ListItem\",\"position\":1,\"name\":\"Home\",\"item\":\"https:\/\/sandzakpress.net\/arhiva\/\"},{\"@type\":\"ListItem\",\"position\":2,\"name\":\"&#8220;Osloba\u0111anje&#8221; Bara\"}]},{\"@type\":\"WebSite\",\"@id\":\"https:\/\/sandzakpress.net\/arhiva\/#website\",\"url\":\"https:\/\/sandzakpress.net\/arhiva\/\",\"name\":\"Sand\u017eak PRESS\",\"description\":\"Prve elektronske novine u Sand\u017eaku\",\"publisher\":{\"@id\":\"https:\/\/sandzakpress.net\/arhiva\/#\/schema\/person\/6e72b67d6e51910a1117b3b483ba20bd\"},\"potentialAction\":[{\"@type\":\"SearchAction\",\"target\":{\"@type\":\"EntryPoint\",\"urlTemplate\":\"https:\/\/sandzakpress.net\/arhiva\/?s={search_term_string}\"},\"query-input\":{\"@type\":\"PropertyValueSpecification\",\"valueRequired\":true,\"valueName\":\"search_term_string\"}}],\"inLanguage\":\"bs-BA\"},{\"@type\":[\"Person\",\"Organization\"],\"@id\":\"https:\/\/sandzakpress.net\/arhiva\/#\/schema\/person\/6e72b67d6e51910a1117b3b483ba20bd\",\"name\":\"Kul\",\"image\":{\"@type\":\"ImageObject\",\"inLanguage\":\"bs-BA\",\"@id\":\"https:\/\/sandzakpress.net\/arhiva\/#\/schema\/person\/image\/\",\"url\":\"https:\/\/secure.gravatar.com\/avatar\/42263f39aa27ac04c43cab85c280eb2e?s=96&d=mm&r=pg\",\"contentUrl\":\"https:\/\/secure.gravatar.com\/avatar\/42263f39aa27ac04c43cab85c280eb2e?s=96&d=mm&r=pg\",\"caption\":\"Kul\"},\"logo\":{\"@id\":\"https:\/\/sandzakpress.net\/arhiva\/#\/schema\/person\/image\/\"}},{\"@type\":\"Person\",\"@id\":\"https:\/\/sandzakpress.net\/arhiva\/#\/schema\/person\/c8baee722073534b583ea7bdb2e36c02\",\"name\":\"bosniak\",\"image\":{\"@type\":\"ImageObject\",\"inLanguage\":\"bs-BA\",\"@id\":\"https:\/\/sandzakpress.net\/arhiva\/#\/schema\/person\/image\/\",\"url\":\"https:\/\/secure.gravatar.com\/avatar\/a04fd330bfe3a36a72a0ad4a6d89fca7?s=96&d=mm&r=pg\",\"contentUrl\":\"https:\/\/secure.gravatar.com\/avatar\/a04fd330bfe3a36a72a0ad4a6d89fca7?s=96&d=mm&r=pg\",\"caption\":\"bosniak\"},\"url\":\"https:\/\/sandzakpress.net\/arhiva\/author\/bosniak\/\"}]}<\/script>\n<!-- \/ Yoast SEO Premium plugin. -->","yoast_head_json":{"title":"\"Osloba\u0111anje\" Bara","robots":{"index":"index","follow":"follow","max-snippet":"max-snippet:-1","max-image-preview":"max-image-preview:large","max-video-preview":"max-video-preview:-1"},"canonical":"https:\/\/sandzakpress.net\/arhiva\/92324\/","og_locale":"bs_BA","og_type":"article","og_title":"\"Osloba\u0111anje\" Bara","og_description":"Mirsad Kurga\u0161","og_url":"https:\/\/sandzakpress.net\/arhiva\/92324\/","og_site_name":"Sand\u017eak PRESS","article_published_time":"2013-10-24T15:37:44+00:00","article_modified_time":"2013-10-24T15:43:18+00:00","og_image":[{"width":190,"height":214,"url":"https:\/\/sandzakpress.net\/arhiva\/wp-content\/uploads\/2013\/10\/Dva_Mirsada.jpg","type":"image\/jpeg"}],"author":"bosniak","twitter_card":"summary_large_image","twitter_misc":{"Written by":"bosniak","Est. reading time":"4 minute"},"schema":{"@context":"https:\/\/schema.org","@graph":[{"@type":"Article","@id":"https:\/\/sandzakpress.net\/arhiva\/92324\/#article","isPartOf":{"@id":"https:\/\/sandzakpress.net\/arhiva\/92324\/"},"author":{"name":"bosniak","@id":"https:\/\/sandzakpress.net\/arhiva\/#\/schema\/person\/c8baee722073534b583ea7bdb2e36c02"},"headline":"&#8220;Osloba\u0111anje&#8221; Bara","datePublished":"2013-10-24T15:37:44+00:00","dateModified":"2013-10-24T15:43:18+00:00","mainEntityOfPage":{"@id":"https:\/\/sandzakpress.net\/arhiva\/92324\/"},"wordCount":898,"commentCount":0,"publisher":{"@id":"https:\/\/sandzakpress.net\/arhiva\/#\/schema\/person\/6e72b67d6e51910a1117b3b483ba20bd"},"image":{"@id":"https:\/\/sandzakpress.net\/arhiva\/92324\/#primaryimage"},"thumbnailUrl":"https:\/\/sandzakpress.net\/arhiva\/wp-content\/uploads\/2013\/10\/Dva_Mirsada.jpg","keywords":["Mirsad Kurga\u0161"],"articleSection":["Iz pera na\u0161ih autora","Crna Gora"],"inLanguage":"bs-BA","potentialAction":[{"@type":"CommentAction","name":"Comment","target":["https:\/\/sandzakpress.net\/arhiva\/92324\/#respond"]}]},{"@type":"WebPage","@id":"https:\/\/sandzakpress.net\/arhiva\/92324\/","url":"https:\/\/sandzakpress.net\/arhiva\/92324\/","name":"\"Osloba\u0111anje\" Bara","isPartOf":{"@id":"https:\/\/sandzakpress.net\/arhiva\/#website"},"primaryImageOfPage":{"@id":"https:\/\/sandzakpress.net\/arhiva\/92324\/#primaryimage"},"image":{"@id":"https:\/\/sandzakpress.net\/arhiva\/92324\/#primaryimage"},"thumbnailUrl":"https:\/\/sandzakpress.net\/arhiva\/wp-content\/uploads\/2013\/10\/Dva_Mirsada.jpg","datePublished":"2013-10-24T15:37:44+00:00","dateModified":"2013-10-24T15:43:18+00:00","breadcrumb":{"@id":"https:\/\/sandzakpress.net\/arhiva\/92324\/#breadcrumb"},"inLanguage":"bs-BA","potentialAction":[{"@type":"ReadAction","target":["https:\/\/sandzakpress.net\/arhiva\/92324\/"]}]},{"@type":"ImageObject","inLanguage":"bs-BA","@id":"https:\/\/sandzakpress.net\/arhiva\/92324\/#primaryimage","url":"https:\/\/sandzakpress.net\/arhiva\/wp-content\/uploads\/2013\/10\/Dva_Mirsada.jpg","contentUrl":"https:\/\/sandzakpress.net\/arhiva\/wp-content\/uploads\/2013\/10\/Dva_Mirsada.jpg","width":190,"height":214},{"@type":"BreadcrumbList","@id":"https:\/\/sandzakpress.net\/arhiva\/92324\/#breadcrumb","itemListElement":[{"@type":"ListItem","position":1,"name":"Home","item":"https:\/\/sandzakpress.net\/arhiva\/"},{"@type":"ListItem","position":2,"name":"&#8220;Osloba\u0111anje&#8221; Bara"}]},{"@type":"WebSite","@id":"https:\/\/sandzakpress.net\/arhiva\/#website","url":"https:\/\/sandzakpress.net\/arhiva\/","name":"Sand\u017eak PRESS","description":"Prve elektronske novine u Sand\u017eaku","publisher":{"@id":"https:\/\/sandzakpress.net\/arhiva\/#\/schema\/person\/6e72b67d6e51910a1117b3b483ba20bd"},"potentialAction":[{"@type":"SearchAction","target":{"@type":"EntryPoint","urlTemplate":"https:\/\/sandzakpress.net\/arhiva\/?s={search_term_string}"},"query-input":{"@type":"PropertyValueSpecification","valueRequired":true,"valueName":"search_term_string"}}],"inLanguage":"bs-BA"},{"@type":["Person","Organization"],"@id":"https:\/\/sandzakpress.net\/arhiva\/#\/schema\/person\/6e72b67d6e51910a1117b3b483ba20bd","name":"Kul","image":{"@type":"ImageObject","inLanguage":"bs-BA","@id":"https:\/\/sandzakpress.net\/arhiva\/#\/schema\/person\/image\/","url":"https:\/\/secure.gravatar.com\/avatar\/42263f39aa27ac04c43cab85c280eb2e?s=96&d=mm&r=pg","contentUrl":"https:\/\/secure.gravatar.com\/avatar\/42263f39aa27ac04c43cab85c280eb2e?s=96&d=mm&r=pg","caption":"Kul"},"logo":{"@id":"https:\/\/sandzakpress.net\/arhiva\/#\/schema\/person\/image\/"}},{"@type":"Person","@id":"https:\/\/sandzakpress.net\/arhiva\/#\/schema\/person\/c8baee722073534b583ea7bdb2e36c02","name":"bosniak","image":{"@type":"ImageObject","inLanguage":"bs-BA","@id":"https:\/\/sandzakpress.net\/arhiva\/#\/schema\/person\/image\/","url":"https:\/\/secure.gravatar.com\/avatar\/a04fd330bfe3a36a72a0ad4a6d89fca7?s=96&d=mm&r=pg","contentUrl":"https:\/\/secure.gravatar.com\/avatar\/a04fd330bfe3a36a72a0ad4a6d89fca7?s=96&d=mm&r=pg","caption":"bosniak"},"url":"https:\/\/sandzakpress.net\/arhiva\/author\/bosniak\/"}]}},"_links":{"self":[{"href":"https:\/\/sandzakpress.net\/arhiva\/wp-json\/wp\/v2\/posts\/92324"}],"collection":[{"href":"https:\/\/sandzakpress.net\/arhiva\/wp-json\/wp\/v2\/posts"}],"about":[{"href":"https:\/\/sandzakpress.net\/arhiva\/wp-json\/wp\/v2\/types\/post"}],"author":[{"embeddable":true,"href":"https:\/\/sandzakpress.net\/arhiva\/wp-json\/wp\/v2\/users\/83"}],"replies":[{"embeddable":true,"href":"https:\/\/sandzakpress.net\/arhiva\/wp-json\/wp\/v2\/comments?post=92324"}],"version-history":[{"count":0,"href":"https:\/\/sandzakpress.net\/arhiva\/wp-json\/wp\/v2\/posts\/92324\/revisions"}],"wp:featuredmedia":[{"embeddable":true,"href":"https:\/\/sandzakpress.net\/arhiva\/wp-json\/wp\/v2\/media\/92325"}],"wp:attachment":[{"href":"https:\/\/sandzakpress.net\/arhiva\/wp-json\/wp\/v2\/media?parent=92324"}],"wp:term":[{"taxonomy":"category","embeddable":true,"href":"https:\/\/sandzakpress.net\/arhiva\/wp-json\/wp\/v2\/categories?post=92324"},{"taxonomy":"post_tag","embeddable":true,"href":"https:\/\/sandzakpress.net\/arhiva\/wp-json\/wp\/v2\/tags?post=92324"}],"curies":[{"name":"wp","href":"https:\/\/api.w.org\/{rel}","templated":true}]}}