{"id":92201,"date":"2013-10-23T11:44:45","date_gmt":"2013-10-23T09:44:45","guid":{"rendered":"https:\/\/sandzakpress.net\/arhiva\/?p=92201"},"modified":"2013-10-23T19:15:49","modified_gmt":"2013-10-23T17:15:49","slug":"apel-svjetske-unije-islamskih-ucenjaka-spasite-sirijski-narod","status":"publish","type":"post","link":"https:\/\/sandzakpress.net\/arhiva\/apel-svjetske-unije-islamskih-ucenjaka-spasite-sirijski-narod\/","title":{"rendered":"Apel Svjetske unije islamskih u\u010denjaka: &#8216;Spasite sirijski narod&#8217;"},"content":{"rendered":"<p><img decoding=\"async\" alt=\"apel-svjetske-unije-islamskih-ucenjaka-spasite-sirijski-narod\" src=\"http:\/\/www.trtbosanski.com\/fotograf\/haberler\/detay\/apel-svjetske-unije-islamskih-ucenjaka-spasite-sirijski-narod_trt-bosanski-24210.jpg\" \/><\/p>\n<p>Svjetska unija islamskih u\u010denjaka pozvala je muslimane, Arape i sve savjesne ljude da krenu u akciju kako bi sirijski narod, koji \u017eivi u te\u0161kim uslovima i suo\u010den je s gla\u0111u, bio spa\u0161en.<\/p>\n<div>U pisanom saop\u0161tenju iz Unije navedeno je da sirijske vlasti u predgra\u0111ima Damaska, prvenstveno u Isto\u010dnoj Guti, zatim u gradovima i na periferiji pod opsadom dr\u017ee hiljade \u017eena, djece, starih i bolesnih, isti\u010du\u0107i kako se ni pozivi Ujedinjenih nacija ne uzimaju u obzir.<\/div>\n<div><\/div>\n<div>Dok je islamski svijet slavio Bajram, Sirijci su bili izlo\u017eeni gla\u0111u i raznim bolestima, re\u010deno je u saop\u0161tenju, uz napomenu da pojedini gra\u0111ani Sirije zbog te\u0161ke situacije u kojoj se nalaze sakupljaju otpad od hrane iz sme\u0107a, te da su do\u0161li u fazu da jedu ma\u010dke i pse.<\/div>\n<div><\/div>\n<div>Unija islamskih u\u010denjaka je istakla da je uz narod Sirije, pozivaju\u0107i muslimane, Arape i sve savjesne ljude da u\u010dine sve \u0161to mogu kako bi pomogli da se spase sirijski civili pod opsadom.<\/div>\n<div><\/div>\n<div>U saop\u0161tenju je nadalje navedeno i da dobrostoje\u0107i muslimani nisu izvr\u0161ili svoje obaveze onako kako treba prema Sirijcima, koji su uspjeli izbje\u0107i da budu ubijeni bombama i mecima, a sada su suo\u010deni sa gla\u0111om.<\/div>\n<div><\/div>\n<div>U saop\u0161tenju je navedeno da liderima u muslimanskom i arapskom svijetu pripada velika odgovornost, te da lideri nisu sa\u010duvali sirijski narod od oru\u017eja koje se smatra zlo\u010dinom, ni od gladi, a niti od nesta\u0161ice.<\/div>\n<div><\/div>\n<div>&#8220;Ako ne mo\u017eete za\u0161titi sirijski narod od smrtonosnog oru\u017eja, onda ih barem spasite da ne umru od gladi i bolesti, poru\u010dila je Svjetska unija islamskih u\u010denjaka muslimanskim liderima.<\/div>\n<div><\/div>\n","protected":false},"excerpt":{"rendered":"<p>Svjetska unija islamskih u\u010denjaka pozvala je muslimane, Arape i sve savjesne ljude da krenu u akciju kako bi sirijski narod, koji \u017eivi u te\u0161kim uslovima i suo\u010den je s gla\u0111u, bio spa\u0161en. U pisanom saop\u0161tenju iz Unije navedeno je da sirijske vlasti u predgra\u0111ima Damaska, prvenstveno u Isto\u010dnoj Guti, zatim u gradovima i na periferiji [&hellip;]<\/p>\n","protected":false},"author":83,"featured_media":92203,"comment_status":"open","ping_status":"open","sticky":false,"template":"","format":"standard","meta":{"footnotes":""},"categories":[9],"tags":[10225],"class_list":{"0":"post-92201","1":"post","2":"type-post","3":"status-publish","4":"format-standard","5":"has-post-thumbnail","7":"category-svijet","8":"tag-sirija"},"yoast_head":"<!-- This site is optimized with the Yoast SEO Premium plugin v23.1 (Yoast SEO v24.9) - https:\/\/yoast.com\/wordpress\/plugins\/seo\/ -->\n<title>Apel Svjetske unije islamskih u\u010denjaka: &#039;Spasite sirijski narod&#039;<\/title>\n<meta name=\"robots\" content=\"index, follow, max-snippet:-1, max-image-preview:large, max-video-preview:-1\" \/>\n<link rel=\"canonical\" href=\"https:\/\/sandzakpress.net\/arhiva\/apel-svjetske-unije-islamskih-ucenjaka-spasite-sirijski-narod\/\" \/>\n<meta property=\"og:locale\" content=\"bs_BA\" \/>\n<meta property=\"og:type\" content=\"article\" \/>\n<meta property=\"og:title\" content=\"Apel Svjetske unije islamskih u\u010denjaka: &#039;Spasite sirijski narod&#039;\" \/>\n<meta property=\"og:description\" content=\"Svjetska unija islamskih u\u010denjaka pozvala je muslimane, Arape i sve savjesne ljude da krenu u akciju kako bi sirijski narod, koji \u017eivi u te\u0161kim uslovima i suo\u010den je s gla\u0111u, bio spa\u0161en. U pisanom saop\u0161tenju iz Unije navedeno je da sirijske vlasti u predgra\u0111ima Damaska, prvenstveno u Isto\u010dnoj Guti, zatim u gradovima i na periferiji [&hellip;]\" \/>\n<meta property=\"og:url\" content=\"https:\/\/sandzakpress.net\/arhiva\/apel-svjetske-unije-islamskih-ucenjaka-spasite-sirijski-narod\/\" \/>\n<meta property=\"og:site_name\" content=\"Sand\u017eak PRESS\" \/>\n<meta property=\"article:published_time\" content=\"2013-10-23T09:44:45+00:00\" \/>\n<meta property=\"article:modified_time\" content=\"2013-10-23T17:15:49+00:00\" \/>\n<meta property=\"og:image\" content=\"https:\/\/sandzakpress.net\/arhiva\/wp-content\/uploads\/2013\/10\/apel-svjetske-unije-islamskih-ucenjaka-spasite-sirijski-narod_trt-bosanski-24210.jpg\" \/>\n\t<meta property=\"og:image:width\" content=\"600\" \/>\n\t<meta property=\"og:image:height\" content=\"363\" \/>\n\t<meta property=\"og:image:type\" content=\"image\/jpeg\" \/>\n<meta name=\"author\" content=\"bosniak\" \/>\n<meta name=\"twitter:card\" content=\"summary_large_image\" \/>\n<meta name=\"twitter:label1\" content=\"Written by\" \/>\n\t<meta name=\"twitter:data1\" content=\"bosniak\" \/>\n\t<meta name=\"twitter:label2\" content=\"Est. reading time\" \/>\n\t<meta name=\"twitter:data2\" content=\"1 minuta\" \/>\n<script type=\"application\/ld+json\" class=\"yoast-schema-graph\">{\"@context\":\"https:\/\/schema.org\",\"@graph\":[{\"@type\":\"Article\",\"@id\":\"https:\/\/sandzakpress.net\/arhiva\/apel-svjetske-unije-islamskih-ucenjaka-spasite-sirijski-narod\/#article\",\"isPartOf\":{\"@id\":\"https:\/\/sandzakpress.net\/arhiva\/apel-svjetske-unije-islamskih-ucenjaka-spasite-sirijski-narod\/\"},\"author\":{\"name\":\"bosniak\",\"@id\":\"https:\/\/sandzakpress.net\/arhiva\/#\/schema\/person\/c8baee722073534b583ea7bdb2e36c02\"},\"headline\":\"Apel Svjetske unije islamskih u\u010denjaka: &#8216;Spasite sirijski narod&#8217;\",\"datePublished\":\"2013-10-23T09:44:45+00:00\",\"dateModified\":\"2013-10-23T17:15:49+00:00\",\"mainEntityOfPage\":{\"@id\":\"https:\/\/sandzakpress.net\/arhiva\/apel-svjetske-unije-islamskih-ucenjaka-spasite-sirijski-narod\/\"},\"wordCount\":299,\"commentCount\":1,\"publisher\":{\"@id\":\"https:\/\/sandzakpress.net\/arhiva\/#\/schema\/person\/6e72b67d6e51910a1117b3b483ba20bd\"},\"image\":{\"@id\":\"https:\/\/sandzakpress.net\/arhiva\/apel-svjetske-unije-islamskih-ucenjaka-spasite-sirijski-narod\/#primaryimage\"},\"thumbnailUrl\":\"https:\/\/sandzakpress.net\/arhiva\/wp-content\/uploads\/2013\/10\/apel-svjetske-unije-islamskih-ucenjaka-spasite-sirijski-narod_trt-bosanski-24210.jpg\",\"keywords\":[\"Sirija\"],\"articleSection\":[\"Svijet\"],\"inLanguage\":\"bs-BA\",\"potentialAction\":[{\"@type\":\"CommentAction\",\"name\":\"Comment\",\"target\":[\"https:\/\/sandzakpress.net\/arhiva\/apel-svjetske-unije-islamskih-ucenjaka-spasite-sirijski-narod\/#respond\"]}]},{\"@type\":\"WebPage\",\"@id\":\"https:\/\/sandzakpress.net\/arhiva\/apel-svjetske-unije-islamskih-ucenjaka-spasite-sirijski-narod\/\",\"url\":\"https:\/\/sandzakpress.net\/arhiva\/apel-svjetske-unije-islamskih-ucenjaka-spasite-sirijski-narod\/\",\"name\":\"Apel Svjetske unije islamskih u\u010denjaka: 'Spasite sirijski narod'\",\"isPartOf\":{\"@id\":\"https:\/\/sandzakpress.net\/arhiva\/#website\"},\"primaryImageOfPage\":{\"@id\":\"https:\/\/sandzakpress.net\/arhiva\/apel-svjetske-unije-islamskih-ucenjaka-spasite-sirijski-narod\/#primaryimage\"},\"image\":{\"@id\":\"https:\/\/sandzakpress.net\/arhiva\/apel-svjetske-unije-islamskih-ucenjaka-spasite-sirijski-narod\/#primaryimage\"},\"thumbnailUrl\":\"https:\/\/sandzakpress.net\/arhiva\/wp-content\/uploads\/2013\/10\/apel-svjetske-unije-islamskih-ucenjaka-spasite-sirijski-narod_trt-bosanski-24210.jpg\",\"datePublished\":\"2013-10-23T09:44:45+00:00\",\"dateModified\":\"2013-10-23T17:15:49+00:00\",\"breadcrumb\":{\"@id\":\"https:\/\/sandzakpress.net\/arhiva\/apel-svjetske-unije-islamskih-ucenjaka-spasite-sirijski-narod\/#breadcrumb\"},\"inLanguage\":\"bs-BA\",\"potentialAction\":[{\"@type\":\"ReadAction\",\"target\":[\"https:\/\/sandzakpress.net\/arhiva\/apel-svjetske-unije-islamskih-ucenjaka-spasite-sirijski-narod\/\"]}]},{\"@type\":\"ImageObject\",\"inLanguage\":\"bs-BA\",\"@id\":\"https:\/\/sandzakpress.net\/arhiva\/apel-svjetske-unije-islamskih-ucenjaka-spasite-sirijski-narod\/#primaryimage\",\"url\":\"https:\/\/sandzakpress.net\/arhiva\/wp-content\/uploads\/2013\/10\/apel-svjetske-unije-islamskih-ucenjaka-spasite-sirijski-narod_trt-bosanski-24210.jpg\",\"contentUrl\":\"https:\/\/sandzakpress.net\/arhiva\/wp-content\/uploads\/2013\/10\/apel-svjetske-unije-islamskih-ucenjaka-spasite-sirijski-narod_trt-bosanski-24210.jpg\",\"width\":600,\"height\":363},{\"@type\":\"BreadcrumbList\",\"@id\":\"https:\/\/sandzakpress.net\/arhiva\/apel-svjetske-unije-islamskih-ucenjaka-spasite-sirijski-narod\/#breadcrumb\",\"itemListElement\":[{\"@type\":\"ListItem\",\"position\":1,\"name\":\"Home\",\"item\":\"https:\/\/sandzakpress.net\/arhiva\/\"},{\"@type\":\"ListItem\",\"position\":2,\"name\":\"Apel Svjetske unije islamskih u\u010denjaka: &#8216;Spasite sirijski narod&#8217;\"}]},{\"@type\":\"WebSite\",\"@id\":\"https:\/\/sandzakpress.net\/arhiva\/#website\",\"url\":\"https:\/\/sandzakpress.net\/arhiva\/\",\"name\":\"Sand\u017eak PRESS\",\"description\":\"Prve elektronske novine u Sand\u017eaku\",\"publisher\":{\"@id\":\"https:\/\/sandzakpress.net\/arhiva\/#\/schema\/person\/6e72b67d6e51910a1117b3b483ba20bd\"},\"potentialAction\":[{\"@type\":\"SearchAction\",\"target\":{\"@type\":\"EntryPoint\",\"urlTemplate\":\"https:\/\/sandzakpress.net\/arhiva\/?s={search_term_string}\"},\"query-input\":{\"@type\":\"PropertyValueSpecification\",\"valueRequired\":true,\"valueName\":\"search_term_string\"}}],\"inLanguage\":\"bs-BA\"},{\"@type\":[\"Person\",\"Organization\"],\"@id\":\"https:\/\/sandzakpress.net\/arhiva\/#\/schema\/person\/6e72b67d6e51910a1117b3b483ba20bd\",\"name\":\"Kul\",\"image\":{\"@type\":\"ImageObject\",\"inLanguage\":\"bs-BA\",\"@id\":\"https:\/\/sandzakpress.net\/arhiva\/#\/schema\/person\/image\/\",\"url\":\"https:\/\/secure.gravatar.com\/avatar\/42263f39aa27ac04c43cab85c280eb2e?s=96&d=mm&r=pg\",\"contentUrl\":\"https:\/\/secure.gravatar.com\/avatar\/42263f39aa27ac04c43cab85c280eb2e?s=96&d=mm&r=pg\",\"caption\":\"Kul\"},\"logo\":{\"@id\":\"https:\/\/sandzakpress.net\/arhiva\/#\/schema\/person\/image\/\"}},{\"@type\":\"Person\",\"@id\":\"https:\/\/sandzakpress.net\/arhiva\/#\/schema\/person\/c8baee722073534b583ea7bdb2e36c02\",\"name\":\"bosniak\",\"image\":{\"@type\":\"ImageObject\",\"inLanguage\":\"bs-BA\",\"@id\":\"https:\/\/sandzakpress.net\/arhiva\/#\/schema\/person\/image\/\",\"url\":\"https:\/\/secure.gravatar.com\/avatar\/a04fd330bfe3a36a72a0ad4a6d89fca7?s=96&d=mm&r=pg\",\"contentUrl\":\"https:\/\/secure.gravatar.com\/avatar\/a04fd330bfe3a36a72a0ad4a6d89fca7?s=96&d=mm&r=pg\",\"caption\":\"bosniak\"},\"url\":\"https:\/\/sandzakpress.net\/arhiva\/author\/bosniak\/\"}]}<\/script>\n<!-- \/ Yoast SEO Premium plugin. -->","yoast_head_json":{"title":"Apel Svjetske unije islamskih u\u010denjaka: 'Spasite sirijski narod'","robots":{"index":"index","follow":"follow","max-snippet":"max-snippet:-1","max-image-preview":"max-image-preview:large","max-video-preview":"max-video-preview:-1"},"canonical":"https:\/\/sandzakpress.net\/arhiva\/apel-svjetske-unije-islamskih-ucenjaka-spasite-sirijski-narod\/","og_locale":"bs_BA","og_type":"article","og_title":"Apel Svjetske unije islamskih u\u010denjaka: 'Spasite sirijski narod'","og_description":"Svjetska unija islamskih u\u010denjaka pozvala je muslimane, Arape i sve savjesne ljude da krenu u akciju kako bi sirijski narod, koji \u017eivi u te\u0161kim uslovima i suo\u010den je s gla\u0111u, bio spa\u0161en. U pisanom saop\u0161tenju iz Unije navedeno je da sirijske vlasti u predgra\u0111ima Damaska, prvenstveno u Isto\u010dnoj Guti, zatim u gradovima i na periferiji [&hellip;]","og_url":"https:\/\/sandzakpress.net\/arhiva\/apel-svjetske-unije-islamskih-ucenjaka-spasite-sirijski-narod\/","og_site_name":"Sand\u017eak PRESS","article_published_time":"2013-10-23T09:44:45+00:00","article_modified_time":"2013-10-23T17:15:49+00:00","og_image":[{"width":600,"height":363,"url":"https:\/\/sandzakpress.net\/arhiva\/wp-content\/uploads\/2013\/10\/apel-svjetske-unije-islamskih-ucenjaka-spasite-sirijski-narod_trt-bosanski-24210.jpg","type":"image\/jpeg"}],"author":"bosniak","twitter_card":"summary_large_image","twitter_misc":{"Written by":"bosniak","Est. reading time":"1 minuta"},"schema":{"@context":"https:\/\/schema.org","@graph":[{"@type":"Article","@id":"https:\/\/sandzakpress.net\/arhiva\/apel-svjetske-unije-islamskih-ucenjaka-spasite-sirijski-narod\/#article","isPartOf":{"@id":"https:\/\/sandzakpress.net\/arhiva\/apel-svjetske-unije-islamskih-ucenjaka-spasite-sirijski-narod\/"},"author":{"name":"bosniak","@id":"https:\/\/sandzakpress.net\/arhiva\/#\/schema\/person\/c8baee722073534b583ea7bdb2e36c02"},"headline":"Apel Svjetske unije islamskih u\u010denjaka: &#8216;Spasite sirijski narod&#8217;","datePublished":"2013-10-23T09:44:45+00:00","dateModified":"2013-10-23T17:15:49+00:00","mainEntityOfPage":{"@id":"https:\/\/sandzakpress.net\/arhiva\/apel-svjetske-unije-islamskih-ucenjaka-spasite-sirijski-narod\/"},"wordCount":299,"commentCount":1,"publisher":{"@id":"https:\/\/sandzakpress.net\/arhiva\/#\/schema\/person\/6e72b67d6e51910a1117b3b483ba20bd"},"image":{"@id":"https:\/\/sandzakpress.net\/arhiva\/apel-svjetske-unije-islamskih-ucenjaka-spasite-sirijski-narod\/#primaryimage"},"thumbnailUrl":"https:\/\/sandzakpress.net\/arhiva\/wp-content\/uploads\/2013\/10\/apel-svjetske-unije-islamskih-ucenjaka-spasite-sirijski-narod_trt-bosanski-24210.jpg","keywords":["Sirija"],"articleSection":["Svijet"],"inLanguage":"bs-BA","potentialAction":[{"@type":"CommentAction","name":"Comment","target":["https:\/\/sandzakpress.net\/arhiva\/apel-svjetske-unije-islamskih-ucenjaka-spasite-sirijski-narod\/#respond"]}]},{"@type":"WebPage","@id":"https:\/\/sandzakpress.net\/arhiva\/apel-svjetske-unije-islamskih-ucenjaka-spasite-sirijski-narod\/","url":"https:\/\/sandzakpress.net\/arhiva\/apel-svjetske-unije-islamskih-ucenjaka-spasite-sirijski-narod\/","name":"Apel Svjetske unije islamskih u\u010denjaka: 'Spasite sirijski narod'","isPartOf":{"@id":"https:\/\/sandzakpress.net\/arhiva\/#website"},"primaryImageOfPage":{"@id":"https:\/\/sandzakpress.net\/arhiva\/apel-svjetske-unije-islamskih-ucenjaka-spasite-sirijski-narod\/#primaryimage"},"image":{"@id":"https:\/\/sandzakpress.net\/arhiva\/apel-svjetske-unije-islamskih-ucenjaka-spasite-sirijski-narod\/#primaryimage"},"thumbnailUrl":"https:\/\/sandzakpress.net\/arhiva\/wp-content\/uploads\/2013\/10\/apel-svjetske-unije-islamskih-ucenjaka-spasite-sirijski-narod_trt-bosanski-24210.jpg","datePublished":"2013-10-23T09:44:45+00:00","dateModified":"2013-10-23T17:15:49+00:00","breadcrumb":{"@id":"https:\/\/sandzakpress.net\/arhiva\/apel-svjetske-unije-islamskih-ucenjaka-spasite-sirijski-narod\/#breadcrumb"},"inLanguage":"bs-BA","potentialAction":[{"@type":"ReadAction","target":["https:\/\/sandzakpress.net\/arhiva\/apel-svjetske-unije-islamskih-ucenjaka-spasite-sirijski-narod\/"]}]},{"@type":"ImageObject","inLanguage":"bs-BA","@id":"https:\/\/sandzakpress.net\/arhiva\/apel-svjetske-unije-islamskih-ucenjaka-spasite-sirijski-narod\/#primaryimage","url":"https:\/\/sandzakpress.net\/arhiva\/wp-content\/uploads\/2013\/10\/apel-svjetske-unije-islamskih-ucenjaka-spasite-sirijski-narod_trt-bosanski-24210.jpg","contentUrl":"https:\/\/sandzakpress.net\/arhiva\/wp-content\/uploads\/2013\/10\/apel-svjetske-unije-islamskih-ucenjaka-spasite-sirijski-narod_trt-bosanski-24210.jpg","width":600,"height":363},{"@type":"BreadcrumbList","@id":"https:\/\/sandzakpress.net\/arhiva\/apel-svjetske-unije-islamskih-ucenjaka-spasite-sirijski-narod\/#breadcrumb","itemListElement":[{"@type":"ListItem","position":1,"name":"Home","item":"https:\/\/sandzakpress.net\/arhiva\/"},{"@type":"ListItem","position":2,"name":"Apel Svjetske unije islamskih u\u010denjaka: &#8216;Spasite sirijski narod&#8217;"}]},{"@type":"WebSite","@id":"https:\/\/sandzakpress.net\/arhiva\/#website","url":"https:\/\/sandzakpress.net\/arhiva\/","name":"Sand\u017eak PRESS","description":"Prve elektronske novine u Sand\u017eaku","publisher":{"@id":"https:\/\/sandzakpress.net\/arhiva\/#\/schema\/person\/6e72b67d6e51910a1117b3b483ba20bd"},"potentialAction":[{"@type":"SearchAction","target":{"@type":"EntryPoint","urlTemplate":"https:\/\/sandzakpress.net\/arhiva\/?s={search_term_string}"},"query-input":{"@type":"PropertyValueSpecification","valueRequired":true,"valueName":"search_term_string"}}],"inLanguage":"bs-BA"},{"@type":["Person","Organization"],"@id":"https:\/\/sandzakpress.net\/arhiva\/#\/schema\/person\/6e72b67d6e51910a1117b3b483ba20bd","name":"Kul","image":{"@type":"ImageObject","inLanguage":"bs-BA","@id":"https:\/\/sandzakpress.net\/arhiva\/#\/schema\/person\/image\/","url":"https:\/\/secure.gravatar.com\/avatar\/42263f39aa27ac04c43cab85c280eb2e?s=96&d=mm&r=pg","contentUrl":"https:\/\/secure.gravatar.com\/avatar\/42263f39aa27ac04c43cab85c280eb2e?s=96&d=mm&r=pg","caption":"Kul"},"logo":{"@id":"https:\/\/sandzakpress.net\/arhiva\/#\/schema\/person\/image\/"}},{"@type":"Person","@id":"https:\/\/sandzakpress.net\/arhiva\/#\/schema\/person\/c8baee722073534b583ea7bdb2e36c02","name":"bosniak","image":{"@type":"ImageObject","inLanguage":"bs-BA","@id":"https:\/\/sandzakpress.net\/arhiva\/#\/schema\/person\/image\/","url":"https:\/\/secure.gravatar.com\/avatar\/a04fd330bfe3a36a72a0ad4a6d89fca7?s=96&d=mm&r=pg","contentUrl":"https:\/\/secure.gravatar.com\/avatar\/a04fd330bfe3a36a72a0ad4a6d89fca7?s=96&d=mm&r=pg","caption":"bosniak"},"url":"https:\/\/sandzakpress.net\/arhiva\/author\/bosniak\/"}]}},"_links":{"self":[{"href":"https:\/\/sandzakpress.net\/arhiva\/wp-json\/wp\/v2\/posts\/92201"}],"collection":[{"href":"https:\/\/sandzakpress.net\/arhiva\/wp-json\/wp\/v2\/posts"}],"about":[{"href":"https:\/\/sandzakpress.net\/arhiva\/wp-json\/wp\/v2\/types\/post"}],"author":[{"embeddable":true,"href":"https:\/\/sandzakpress.net\/arhiva\/wp-json\/wp\/v2\/users\/83"}],"replies":[{"embeddable":true,"href":"https:\/\/sandzakpress.net\/arhiva\/wp-json\/wp\/v2\/comments?post=92201"}],"version-history":[{"count":0,"href":"https:\/\/sandzakpress.net\/arhiva\/wp-json\/wp\/v2\/posts\/92201\/revisions"}],"wp:featuredmedia":[{"embeddable":true,"href":"https:\/\/sandzakpress.net\/arhiva\/wp-json\/wp\/v2\/media\/92203"}],"wp:attachment":[{"href":"https:\/\/sandzakpress.net\/arhiva\/wp-json\/wp\/v2\/media?parent=92201"}],"wp:term":[{"taxonomy":"category","embeddable":true,"href":"https:\/\/sandzakpress.net\/arhiva\/wp-json\/wp\/v2\/categories?post=92201"},{"taxonomy":"post_tag","embeddable":true,"href":"https:\/\/sandzakpress.net\/arhiva\/wp-json\/wp\/v2\/tags?post=92201"}],"curies":[{"name":"wp","href":"https:\/\/api.w.org\/{rel}","templated":true}]}}