{"id":92130,"date":"2013-10-22T17:04:37","date_gmt":"2013-10-22T15:04:37","guid":{"rendered":"https:\/\/sandzakpress.net\/arhiva\/?p=92130"},"modified":"2013-10-22T17:04:37","modified_gmt":"2013-10-22T15:04:37","slug":"tito-u-sefu-sakrio-dio-istorije","status":"publish","type":"post","link":"https:\/\/sandzakpress.net\/arhiva\/tito-u-sefu-sakrio-dio-istorije\/","title":{"rendered":"Tito u sefu &#8220;sakrio dio istorije&#8221;?"},"content":{"rendered":"<p><strong><a href=\"https:\/\/sandzakpress.net\/arhiva\/wp-content\/uploads\/2013\/10\/84448862152619f3a0d47e396093963_orig.jpg\"><img loading=\"lazy\" decoding=\"async\" class=\"alignleft size-medium wp-image-92131\" alt=\"84448862152619f3a0d47e396093963_orig\" src=\"https:\/\/sandzakpress.net\/arhiva\/wp-content\/uploads\/2013\/10\/84448862152619f3a0d47e396093963_orig-300x300.jpg\" width=\"300\" height=\"300\" \/><\/a>Srbija &#8211; Oliver Anti\u0107 ka\u017ee da u tzv. &#8220;Titovom sefu&#8221; nije zaostav\u0161tina Josipa Broza, ve\u0107 nasle\u0111e porodice Kara\u0111or\u0111evi\u0107, koje je biv\u0161i predsjednik SFRJ \u017eeleo da sakrije.<\/strong><\/p>\n<div id=\"social\">\n<div id=\"fb-root\">Savetnik predsjednika Srbije je rekao da \u0107e sud u ostavinskom postupku raspraviti pitanje zaostav\u0161tine u depozitu koji je ostao posle smrti biv\u0161eg predsjednika SFRJ Josipa Broza Tita.<\/div>\n<\/div>\n<p>Anti\u0107 je rekao da je sef otvoren na zahtjev nasljednika Broza i da je sud nalo\u017eio u ostavinskom postupku da se taj depozit otvori, ali da se po njegovom otvaranju videlo da to nije nasle\u0111e Broza, nego nasle\u0111e Kara\u0111or\u0111evi\u0107a.<\/p>\n<p>Anti\u0107 je, gostuju\u0107i u Jutarnjem programu TV Pink, rekao da sud mo\u017ee da nalo\u017ei i da se cijela ta zaostav\u0161tina stavi u sudski depozit, podsjetiv\u0161i da je skinuta oznaka dr\u017eavne tajne, koja je bila stavljena u vreme vladavine Broza.<\/p>\n<p>On je naglasio da to &#8220;nije Titov sef&#8221;, nego da ima naziv &#8220;Depozit 555 Predsjedni\u0161tva&#8221;.<\/p>\n<p>&#8220;Naslednici su se nadali da u tom sefu ima neke Brozove zaostav\u0161tine, ali nije tako, nego je to jednostavno sef, koji je sadr\u017eao ogromnu ve\u0107inu, zaista 99,9 odsto, sa o\u010diglednim znacima i insignijama koji svi upu\u0107uju na Kraljevinu i na kraljevsku porodicu Kara\u0111or\u0111evi\u0107&#8221;, naglasio je Anti\u0107.<\/p>\n<p>&#8220;Broz je to jednostavno sklonio i sakrio sa ciljem da se prikrije taj deo istorije srpskog naroda i se\u0107anje na Kraljevinu, dinastiju i oca moderne Srbije&#8221;, objasnio je Anti\u0107.<\/p>\n<p>(B92)<\/p>\n","protected":false},"excerpt":{"rendered":"<p>Srbija &#8211; Oliver Anti\u0107 ka\u017ee da u tzv. &#8220;Titovom sefu&#8221; nije zaostav\u0161tina Josipa Broza, ve\u0107 nasle\u0111e porodice Kara\u0111or\u0111evi\u0107, koje je biv\u0161i predsjednik SFRJ \u017eeleo da sakrije. Savetnik predsjednika Srbije je rekao da \u0107e sud u ostavinskom postupku raspraviti pitanje zaostav\u0161tine u depozitu koji je ostao posle smrti biv\u0161eg predsjednika SFRJ Josipa Broza Tita. Anti\u0107 je [&hellip;]<\/p>\n","protected":false},"author":83,"featured_media":92132,"comment_status":"open","ping_status":"open","sticky":false,"template":"","format":"standard","meta":{"footnotes":""},"categories":[10307],"tags":[],"class_list":{"0":"post-92130","1":"post","2":"type-post","3":"status-publish","4":"format-standard","5":"has-post-thumbnail","7":"category-srbija"},"yoast_head":"<!-- This site is optimized with the Yoast SEO Premium plugin v23.1 (Yoast SEO v24.9) - https:\/\/yoast.com\/wordpress\/plugins\/seo\/ -->\n<title>Tito u sefu &quot;sakrio dio istorije&quot;?<\/title>\n<meta name=\"robots\" content=\"index, follow, max-snippet:-1, max-image-preview:large, max-video-preview:-1\" \/>\n<link rel=\"canonical\" href=\"https:\/\/sandzakpress.net\/arhiva\/tito-u-sefu-sakrio-dio-istorije\/\" \/>\n<meta property=\"og:locale\" content=\"bs_BA\" \/>\n<meta property=\"og:type\" content=\"article\" \/>\n<meta property=\"og:title\" content=\"Tito u sefu &quot;sakrio dio istorije&quot;?\" \/>\n<meta property=\"og:description\" content=\"Srbija &#8211; Oliver Anti\u0107 ka\u017ee da u tzv. &#8220;Titovom sefu&#8221; nije zaostav\u0161tina Josipa Broza, ve\u0107 nasle\u0111e porodice Kara\u0111or\u0111evi\u0107, koje je biv\u0161i predsjednik SFRJ \u017eeleo da sakrije. Savetnik predsjednika Srbije je rekao da \u0107e sud u ostavinskom postupku raspraviti pitanje zaostav\u0161tine u depozitu koji je ostao posle smrti biv\u0161eg predsjednika SFRJ Josipa Broza Tita. Anti\u0107 je [&hellip;]\" \/>\n<meta property=\"og:url\" content=\"https:\/\/sandzakpress.net\/arhiva\/tito-u-sefu-sakrio-dio-istorije\/\" \/>\n<meta property=\"og:site_name\" content=\"Sand\u017eak PRESS\" \/>\n<meta property=\"article:published_time\" content=\"2013-10-22T15:04:37+00:00\" \/>\n<meta property=\"og:image\" content=\"https:\/\/sandzakpress.net\/arhiva\/wp-content\/uploads\/2013\/10\/84448862152619f3a0d47e396093963_orig-300x3001.jpg\" \/>\n\t<meta property=\"og:image:width\" content=\"300\" \/>\n\t<meta property=\"og:image:height\" content=\"300\" \/>\n\t<meta property=\"og:image:type\" content=\"image\/jpeg\" \/>\n<meta name=\"author\" content=\"bosniak\" \/>\n<meta name=\"twitter:card\" content=\"summary_large_image\" \/>\n<meta name=\"twitter:label1\" content=\"Written by\" \/>\n\t<meta name=\"twitter:data1\" content=\"bosniak\" \/>\n\t<meta name=\"twitter:label2\" content=\"Est. reading time\" \/>\n\t<meta name=\"twitter:data2\" content=\"1 minuta\" \/>\n<script type=\"application\/ld+json\" class=\"yoast-schema-graph\">{\"@context\":\"https:\/\/schema.org\",\"@graph\":[{\"@type\":\"Article\",\"@id\":\"https:\/\/sandzakpress.net\/arhiva\/tito-u-sefu-sakrio-dio-istorije\/#article\",\"isPartOf\":{\"@id\":\"https:\/\/sandzakpress.net\/arhiva\/tito-u-sefu-sakrio-dio-istorije\/\"},\"author\":{\"name\":\"bosniak\",\"@id\":\"https:\/\/sandzakpress.net\/arhiva\/#\/schema\/person\/c8baee722073534b583ea7bdb2e36c02\"},\"headline\":\"Tito u sefu &#8220;sakrio dio istorije&#8221;?\",\"datePublished\":\"2013-10-22T15:04:37+00:00\",\"mainEntityOfPage\":{\"@id\":\"https:\/\/sandzakpress.net\/arhiva\/tito-u-sefu-sakrio-dio-istorije\/\"},\"wordCount\":255,\"commentCount\":4,\"publisher\":{\"@id\":\"https:\/\/sandzakpress.net\/arhiva\/#\/schema\/person\/6e72b67d6e51910a1117b3b483ba20bd\"},\"image\":{\"@id\":\"https:\/\/sandzakpress.net\/arhiva\/tito-u-sefu-sakrio-dio-istorije\/#primaryimage\"},\"thumbnailUrl\":\"https:\/\/sandzakpress.net\/arhiva\/wp-content\/uploads\/2013\/10\/84448862152619f3a0d47e396093963_orig-300x3001.jpg\",\"articleSection\":[\"Srbija\"],\"inLanguage\":\"bs-BA\",\"potentialAction\":[{\"@type\":\"CommentAction\",\"name\":\"Comment\",\"target\":[\"https:\/\/sandzakpress.net\/arhiva\/tito-u-sefu-sakrio-dio-istorije\/#respond\"]}]},{\"@type\":\"WebPage\",\"@id\":\"https:\/\/sandzakpress.net\/arhiva\/tito-u-sefu-sakrio-dio-istorije\/\",\"url\":\"https:\/\/sandzakpress.net\/arhiva\/tito-u-sefu-sakrio-dio-istorije\/\",\"name\":\"Tito u sefu \\\"sakrio dio istorije\\\"?\",\"isPartOf\":{\"@id\":\"https:\/\/sandzakpress.net\/arhiva\/#website\"},\"primaryImageOfPage\":{\"@id\":\"https:\/\/sandzakpress.net\/arhiva\/tito-u-sefu-sakrio-dio-istorije\/#primaryimage\"},\"image\":{\"@id\":\"https:\/\/sandzakpress.net\/arhiva\/tito-u-sefu-sakrio-dio-istorije\/#primaryimage\"},\"thumbnailUrl\":\"https:\/\/sandzakpress.net\/arhiva\/wp-content\/uploads\/2013\/10\/84448862152619f3a0d47e396093963_orig-300x3001.jpg\",\"datePublished\":\"2013-10-22T15:04:37+00:00\",\"breadcrumb\":{\"@id\":\"https:\/\/sandzakpress.net\/arhiva\/tito-u-sefu-sakrio-dio-istorije\/#breadcrumb\"},\"inLanguage\":\"bs-BA\",\"potentialAction\":[{\"@type\":\"ReadAction\",\"target\":[\"https:\/\/sandzakpress.net\/arhiva\/tito-u-sefu-sakrio-dio-istorije\/\"]}]},{\"@type\":\"ImageObject\",\"inLanguage\":\"bs-BA\",\"@id\":\"https:\/\/sandzakpress.net\/arhiva\/tito-u-sefu-sakrio-dio-istorije\/#primaryimage\",\"url\":\"https:\/\/sandzakpress.net\/arhiva\/wp-content\/uploads\/2013\/10\/84448862152619f3a0d47e396093963_orig-300x3001.jpg\",\"contentUrl\":\"https:\/\/sandzakpress.net\/arhiva\/wp-content\/uploads\/2013\/10\/84448862152619f3a0d47e396093963_orig-300x3001.jpg\",\"width\":300,\"height\":300},{\"@type\":\"BreadcrumbList\",\"@id\":\"https:\/\/sandzakpress.net\/arhiva\/tito-u-sefu-sakrio-dio-istorije\/#breadcrumb\",\"itemListElement\":[{\"@type\":\"ListItem\",\"position\":1,\"name\":\"Home\",\"item\":\"https:\/\/sandzakpress.net\/arhiva\/\"},{\"@type\":\"ListItem\",\"position\":2,\"name\":\"Tito u sefu &#8220;sakrio dio istorije&#8221;?\"}]},{\"@type\":\"WebSite\",\"@id\":\"https:\/\/sandzakpress.net\/arhiva\/#website\",\"url\":\"https:\/\/sandzakpress.net\/arhiva\/\",\"name\":\"Sand\u017eak PRESS\",\"description\":\"Prve elektronske novine u Sand\u017eaku\",\"publisher\":{\"@id\":\"https:\/\/sandzakpress.net\/arhiva\/#\/schema\/person\/6e72b67d6e51910a1117b3b483ba20bd\"},\"potentialAction\":[{\"@type\":\"SearchAction\",\"target\":{\"@type\":\"EntryPoint\",\"urlTemplate\":\"https:\/\/sandzakpress.net\/arhiva\/?s={search_term_string}\"},\"query-input\":{\"@type\":\"PropertyValueSpecification\",\"valueRequired\":true,\"valueName\":\"search_term_string\"}}],\"inLanguage\":\"bs-BA\"},{\"@type\":[\"Person\",\"Organization\"],\"@id\":\"https:\/\/sandzakpress.net\/arhiva\/#\/schema\/person\/6e72b67d6e51910a1117b3b483ba20bd\",\"name\":\"Kul\",\"image\":{\"@type\":\"ImageObject\",\"inLanguage\":\"bs-BA\",\"@id\":\"https:\/\/sandzakpress.net\/arhiva\/#\/schema\/person\/image\/\",\"url\":\"https:\/\/secure.gravatar.com\/avatar\/42263f39aa27ac04c43cab85c280eb2e?s=96&d=mm&r=pg\",\"contentUrl\":\"https:\/\/secure.gravatar.com\/avatar\/42263f39aa27ac04c43cab85c280eb2e?s=96&d=mm&r=pg\",\"caption\":\"Kul\"},\"logo\":{\"@id\":\"https:\/\/sandzakpress.net\/arhiva\/#\/schema\/person\/image\/\"}},{\"@type\":\"Person\",\"@id\":\"https:\/\/sandzakpress.net\/arhiva\/#\/schema\/person\/c8baee722073534b583ea7bdb2e36c02\",\"name\":\"bosniak\",\"image\":{\"@type\":\"ImageObject\",\"inLanguage\":\"bs-BA\",\"@id\":\"https:\/\/sandzakpress.net\/arhiva\/#\/schema\/person\/image\/\",\"url\":\"https:\/\/secure.gravatar.com\/avatar\/a04fd330bfe3a36a72a0ad4a6d89fca7?s=96&d=mm&r=pg\",\"contentUrl\":\"https:\/\/secure.gravatar.com\/avatar\/a04fd330bfe3a36a72a0ad4a6d89fca7?s=96&d=mm&r=pg\",\"caption\":\"bosniak\"},\"url\":\"https:\/\/sandzakpress.net\/arhiva\/author\/bosniak\/\"}]}<\/script>\n<!-- \/ Yoast SEO Premium plugin. -->","yoast_head_json":{"title":"Tito u sefu \"sakrio dio istorije\"?","robots":{"index":"index","follow":"follow","max-snippet":"max-snippet:-1","max-image-preview":"max-image-preview:large","max-video-preview":"max-video-preview:-1"},"canonical":"https:\/\/sandzakpress.net\/arhiva\/tito-u-sefu-sakrio-dio-istorije\/","og_locale":"bs_BA","og_type":"article","og_title":"Tito u sefu \"sakrio dio istorije\"?","og_description":"Srbija &#8211; Oliver Anti\u0107 ka\u017ee da u tzv. &#8220;Titovom sefu&#8221; nije zaostav\u0161tina Josipa Broza, ve\u0107 nasle\u0111e porodice Kara\u0111or\u0111evi\u0107, koje je biv\u0161i predsjednik SFRJ \u017eeleo da sakrije. Savetnik predsjednika Srbije je rekao da \u0107e sud u ostavinskom postupku raspraviti pitanje zaostav\u0161tine u depozitu koji je ostao posle smrti biv\u0161eg predsjednika SFRJ Josipa Broza Tita. Anti\u0107 je [&hellip;]","og_url":"https:\/\/sandzakpress.net\/arhiva\/tito-u-sefu-sakrio-dio-istorije\/","og_site_name":"Sand\u017eak PRESS","article_published_time":"2013-10-22T15:04:37+00:00","og_image":[{"width":300,"height":300,"url":"https:\/\/sandzakpress.net\/arhiva\/wp-content\/uploads\/2013\/10\/84448862152619f3a0d47e396093963_orig-300x3001.jpg","type":"image\/jpeg"}],"author":"bosniak","twitter_card":"summary_large_image","twitter_misc":{"Written by":"bosniak","Est. reading time":"1 minuta"},"schema":{"@context":"https:\/\/schema.org","@graph":[{"@type":"Article","@id":"https:\/\/sandzakpress.net\/arhiva\/tito-u-sefu-sakrio-dio-istorije\/#article","isPartOf":{"@id":"https:\/\/sandzakpress.net\/arhiva\/tito-u-sefu-sakrio-dio-istorije\/"},"author":{"name":"bosniak","@id":"https:\/\/sandzakpress.net\/arhiva\/#\/schema\/person\/c8baee722073534b583ea7bdb2e36c02"},"headline":"Tito u sefu &#8220;sakrio dio istorije&#8221;?","datePublished":"2013-10-22T15:04:37+00:00","mainEntityOfPage":{"@id":"https:\/\/sandzakpress.net\/arhiva\/tito-u-sefu-sakrio-dio-istorije\/"},"wordCount":255,"commentCount":4,"publisher":{"@id":"https:\/\/sandzakpress.net\/arhiva\/#\/schema\/person\/6e72b67d6e51910a1117b3b483ba20bd"},"image":{"@id":"https:\/\/sandzakpress.net\/arhiva\/tito-u-sefu-sakrio-dio-istorije\/#primaryimage"},"thumbnailUrl":"https:\/\/sandzakpress.net\/arhiva\/wp-content\/uploads\/2013\/10\/84448862152619f3a0d47e396093963_orig-300x3001.jpg","articleSection":["Srbija"],"inLanguage":"bs-BA","potentialAction":[{"@type":"CommentAction","name":"Comment","target":["https:\/\/sandzakpress.net\/arhiva\/tito-u-sefu-sakrio-dio-istorije\/#respond"]}]},{"@type":"WebPage","@id":"https:\/\/sandzakpress.net\/arhiva\/tito-u-sefu-sakrio-dio-istorije\/","url":"https:\/\/sandzakpress.net\/arhiva\/tito-u-sefu-sakrio-dio-istorije\/","name":"Tito u sefu \"sakrio dio istorije\"?","isPartOf":{"@id":"https:\/\/sandzakpress.net\/arhiva\/#website"},"primaryImageOfPage":{"@id":"https:\/\/sandzakpress.net\/arhiva\/tito-u-sefu-sakrio-dio-istorije\/#primaryimage"},"image":{"@id":"https:\/\/sandzakpress.net\/arhiva\/tito-u-sefu-sakrio-dio-istorije\/#primaryimage"},"thumbnailUrl":"https:\/\/sandzakpress.net\/arhiva\/wp-content\/uploads\/2013\/10\/84448862152619f3a0d47e396093963_orig-300x3001.jpg","datePublished":"2013-10-22T15:04:37+00:00","breadcrumb":{"@id":"https:\/\/sandzakpress.net\/arhiva\/tito-u-sefu-sakrio-dio-istorije\/#breadcrumb"},"inLanguage":"bs-BA","potentialAction":[{"@type":"ReadAction","target":["https:\/\/sandzakpress.net\/arhiva\/tito-u-sefu-sakrio-dio-istorije\/"]}]},{"@type":"ImageObject","inLanguage":"bs-BA","@id":"https:\/\/sandzakpress.net\/arhiva\/tito-u-sefu-sakrio-dio-istorije\/#primaryimage","url":"https:\/\/sandzakpress.net\/arhiva\/wp-content\/uploads\/2013\/10\/84448862152619f3a0d47e396093963_orig-300x3001.jpg","contentUrl":"https:\/\/sandzakpress.net\/arhiva\/wp-content\/uploads\/2013\/10\/84448862152619f3a0d47e396093963_orig-300x3001.jpg","width":300,"height":300},{"@type":"BreadcrumbList","@id":"https:\/\/sandzakpress.net\/arhiva\/tito-u-sefu-sakrio-dio-istorije\/#breadcrumb","itemListElement":[{"@type":"ListItem","position":1,"name":"Home","item":"https:\/\/sandzakpress.net\/arhiva\/"},{"@type":"ListItem","position":2,"name":"Tito u sefu &#8220;sakrio dio istorije&#8221;?"}]},{"@type":"WebSite","@id":"https:\/\/sandzakpress.net\/arhiva\/#website","url":"https:\/\/sandzakpress.net\/arhiva\/","name":"Sand\u017eak PRESS","description":"Prve elektronske novine u Sand\u017eaku","publisher":{"@id":"https:\/\/sandzakpress.net\/arhiva\/#\/schema\/person\/6e72b67d6e51910a1117b3b483ba20bd"},"potentialAction":[{"@type":"SearchAction","target":{"@type":"EntryPoint","urlTemplate":"https:\/\/sandzakpress.net\/arhiva\/?s={search_term_string}"},"query-input":{"@type":"PropertyValueSpecification","valueRequired":true,"valueName":"search_term_string"}}],"inLanguage":"bs-BA"},{"@type":["Person","Organization"],"@id":"https:\/\/sandzakpress.net\/arhiva\/#\/schema\/person\/6e72b67d6e51910a1117b3b483ba20bd","name":"Kul","image":{"@type":"ImageObject","inLanguage":"bs-BA","@id":"https:\/\/sandzakpress.net\/arhiva\/#\/schema\/person\/image\/","url":"https:\/\/secure.gravatar.com\/avatar\/42263f39aa27ac04c43cab85c280eb2e?s=96&d=mm&r=pg","contentUrl":"https:\/\/secure.gravatar.com\/avatar\/42263f39aa27ac04c43cab85c280eb2e?s=96&d=mm&r=pg","caption":"Kul"},"logo":{"@id":"https:\/\/sandzakpress.net\/arhiva\/#\/schema\/person\/image\/"}},{"@type":"Person","@id":"https:\/\/sandzakpress.net\/arhiva\/#\/schema\/person\/c8baee722073534b583ea7bdb2e36c02","name":"bosniak","image":{"@type":"ImageObject","inLanguage":"bs-BA","@id":"https:\/\/sandzakpress.net\/arhiva\/#\/schema\/person\/image\/","url":"https:\/\/secure.gravatar.com\/avatar\/a04fd330bfe3a36a72a0ad4a6d89fca7?s=96&d=mm&r=pg","contentUrl":"https:\/\/secure.gravatar.com\/avatar\/a04fd330bfe3a36a72a0ad4a6d89fca7?s=96&d=mm&r=pg","caption":"bosniak"},"url":"https:\/\/sandzakpress.net\/arhiva\/author\/bosniak\/"}]}},"_links":{"self":[{"href":"https:\/\/sandzakpress.net\/arhiva\/wp-json\/wp\/v2\/posts\/92130"}],"collection":[{"href":"https:\/\/sandzakpress.net\/arhiva\/wp-json\/wp\/v2\/posts"}],"about":[{"href":"https:\/\/sandzakpress.net\/arhiva\/wp-json\/wp\/v2\/types\/post"}],"author":[{"embeddable":true,"href":"https:\/\/sandzakpress.net\/arhiva\/wp-json\/wp\/v2\/users\/83"}],"replies":[{"embeddable":true,"href":"https:\/\/sandzakpress.net\/arhiva\/wp-json\/wp\/v2\/comments?post=92130"}],"version-history":[{"count":0,"href":"https:\/\/sandzakpress.net\/arhiva\/wp-json\/wp\/v2\/posts\/92130\/revisions"}],"wp:featuredmedia":[{"embeddable":true,"href":"https:\/\/sandzakpress.net\/arhiva\/wp-json\/wp\/v2\/media\/92132"}],"wp:attachment":[{"href":"https:\/\/sandzakpress.net\/arhiva\/wp-json\/wp\/v2\/media?parent=92130"}],"wp:term":[{"taxonomy":"category","embeddable":true,"href":"https:\/\/sandzakpress.net\/arhiva\/wp-json\/wp\/v2\/categories?post=92130"},{"taxonomy":"post_tag","embeddable":true,"href":"https:\/\/sandzakpress.net\/arhiva\/wp-json\/wp\/v2\/tags?post=92130"}],"curies":[{"name":"wp","href":"https:\/\/api.w.org\/{rel}","templated":true}]}}