{"id":92032,"date":"2013-10-22T14:47:49","date_gmt":"2013-10-22T12:47:49","guid":{"rendered":"https:\/\/sandzakpress.net\/arhiva\/?p=92032"},"modified":"2013-10-22T14:51:28","modified_gmt":"2013-10-22T12:51:28","slug":"pogledajte-muslimani-ce-uskoro-vladati-evropom","status":"publish","type":"post","link":"https:\/\/sandzakpress.net\/arhiva\/pogledajte-muslimani-ce-uskoro-vladati-evropom\/","title":{"rendered":"POGLEDAJTE: Muslimani \u0107e uskoro vladati Evropom!"},"content":{"rendered":"<div class=\"youtube-embed\" data-video_id=\"f9A33R7Q0aA\"><iframe loading=\"lazy\" title=\"BROJ MUSLIMANA U SVIJETU VRTOGLAVO RASTE.\" width=\"696\" height=\"522\" src=\"https:\/\/www.youtube.com\/embed\/f9A33R7Q0aA?feature=oembed&#038;enablejsapi=1\" frameborder=\"0\" allow=\"accelerometer; autoplay; encrypted-media; gyroscope; picture-in-picture\" allowfullscreen><\/iframe><\/div>\n<p><strong>Evropa &#8211; Rezultati izvje\u0161taja koji je priredio ameri\u010dki Centar za istra\u017eivanje globalnog hri\u0161\u0107anstva o temi &#8220;Hri\u0161\u0107anstvo u globalnom kontekstu 1970-2020&#8221;, pokazuju da se slika Evrope zna\u010dajno mijenjala prethodne \u010detiri decenije, tokom \u010dega su muslimani postali najbr\u017ee rastu\u0107a populacija tog kontinenta, dok se procent hri\u0161\u0107ana nije mnogo menjao.<\/strong><\/p>\n<p>U navedenom izvje\u0161taju izneseni su detalji o hri\u0161\u0107anskom, vjerskom i dru\u0161tvenom kontekstu u svakom od 21 regiona u svetu uz promjene koje su se desile ili \u0107e se desiti u periodu od 1970. do 2020. godine. Posebna pa\u017enja posve\u0107ena je Evropi kao regionu u kojoj su se tokom prethodne decenije desile velike migracije, ratovi kao i pad komunisti\u010dkih re\u017eima.<\/p>\n<p>&nbsp;<\/p>\n","protected":false},"excerpt":{"rendered":"<p>Evropa &#8211; Rezultati izvje\u0161taja koji je priredio ameri\u010dki Centar za istra\u017eivanje globalnog hri\u0161\u0107anstva o temi &#8220;Hri\u0161\u0107anstvo u globalnom kontekstu 1970-2020&#8221;, pokazuju da se slika Evrope zna\u010dajno mijenjala prethodne \u010detiri decenije, tokom \u010dega su muslimani postali najbr\u017ee rastu\u0107a populacija tog kontinenta, dok se procent hri\u0161\u0107ana nije mnogo menjao. U navedenom izvje\u0161taju izneseni su detalji o hri\u0161\u0107anskom, [&hellip;]<\/p>\n","protected":false},"author":83,"featured_media":92033,"comment_status":"open","ping_status":"open","sticky":false,"template":"","format":"standard","meta":{"footnotes":""},"categories":[3012,9538,9539,10177,9550,9544,9543,10175,10176,9548,9,9545,9549,10310,8957,10309],"tags":[10283],"class_list":{"0":"post-92032","1":"post","2":"type-post","3":"status-publish","4":"format-standard","5":"has-post-thumbnail","7":"category-amerika-gradovi","8":"category-njemacka-dijaspora-gradovi-vase-vijesti","9":"category-austrija-dijaspora-gradovi-vase-vijesti","10":"category-kanada-vase-vijesti","11":"category-francuska-dijaspora-gradovi-vase-vijesti","12":"category-svicarska-dijaspora-gradovi-vase-vijesti","13":"category-svedska-dijaspora-gradovi-vase-vijesti","14":"category-danska-dijaspora-gradovi-vase-vijesti","15":"category-norveska-dijaspora-gradovi-vase-vijesti","16":"category-belgija-dijaspora-gradovi-vase-vijesti","17":"category-svijet","18":"category-holandija-dijaspora-gradovi-vase-vijesti","19":"category-luxemburg","20":"category-velika-britanija","21":"category-vijesti-dana","22":"category-italija","23":"tag-muslimani"},"yoast_head":"<!-- This site is optimized with the Yoast SEO Premium plugin v23.1 (Yoast SEO v24.9) - https:\/\/yoast.com\/wordpress\/plugins\/seo\/ -->\n<title>POGLEDAJTE: Muslimani \u0107e uskoro vladati Evropom!<\/title>\n<meta name=\"robots\" content=\"index, follow, max-snippet:-1, max-image-preview:large, max-video-preview:-1\" \/>\n<link rel=\"canonical\" href=\"https:\/\/sandzakpress.net\/arhiva\/pogledajte-muslimani-ce-uskoro-vladati-evropom\/\" \/>\n<meta property=\"og:locale\" content=\"bs_BA\" \/>\n<meta property=\"og:type\" content=\"article\" \/>\n<meta property=\"og:title\" content=\"POGLEDAJTE: Muslimani \u0107e uskoro vladati Evropom!\" \/>\n<meta property=\"og:description\" content=\"Evropa &#8211; Rezultati izvje\u0161taja koji je priredio ameri\u010dki Centar za istra\u017eivanje globalnog hri\u0161\u0107anstva o temi &#8220;Hri\u0161\u0107anstvo u globalnom kontekstu 1970-2020&#8221;, pokazuju da se slika Evrope zna\u010dajno mijenjala prethodne \u010detiri decenije, tokom \u010dega su muslimani postali najbr\u017ee rastu\u0107a populacija tog kontinenta, dok se procent hri\u0161\u0107ana nije mnogo menjao. U navedenom izvje\u0161taju izneseni su detalji o hri\u0161\u0107anskom, [&hellip;]\" \/>\n<meta property=\"og:url\" content=\"https:\/\/sandzakpress.net\/arhiva\/pogledajte-muslimani-ce-uskoro-vladati-evropom\/\" \/>\n<meta property=\"og:site_name\" content=\"Sand\u017eak PRESS\" \/>\n<meta property=\"article:published_time\" content=\"2013-10-22T12:47:49+00:00\" \/>\n<meta property=\"article:modified_time\" content=\"2013-10-22T12:51:28+00:00\" \/>\n<meta property=\"og:image\" content=\"https:\/\/sandzakpress.net\/arhiva\/wp-content\/uploads\/2013\/10\/025.jpg\" \/>\n\t<meta property=\"og:image:width\" content=\"480\" \/>\n\t<meta property=\"og:image:height\" content=\"360\" \/>\n\t<meta property=\"og:image:type\" content=\"image\/jpeg\" \/>\n<meta name=\"author\" content=\"bosniak\" \/>\n<meta name=\"twitter:card\" content=\"summary_large_image\" \/>\n<meta name=\"twitter:label1\" content=\"Written by\" \/>\n\t<meta name=\"twitter:data1\" content=\"bosniak\" \/>\n\t<meta name=\"twitter:label2\" content=\"Est. reading time\" \/>\n\t<meta name=\"twitter:data2\" content=\"1 minuta\" \/>\n<script type=\"application\/ld+json\" class=\"yoast-schema-graph\">{\"@context\":\"https:\/\/schema.org\",\"@graph\":[{\"@type\":\"Article\",\"@id\":\"https:\/\/sandzakpress.net\/arhiva\/pogledajte-muslimani-ce-uskoro-vladati-evropom\/#article\",\"isPartOf\":{\"@id\":\"https:\/\/sandzakpress.net\/arhiva\/pogledajte-muslimani-ce-uskoro-vladati-evropom\/\"},\"author\":{\"name\":\"bosniak\",\"@id\":\"https:\/\/sandzakpress.net\/arhiva\/#\/schema\/person\/c8baee722073534b583ea7bdb2e36c02\"},\"headline\":\"POGLEDAJTE: Muslimani \u0107e uskoro vladati Evropom!\",\"datePublished\":\"2013-10-22T12:47:49+00:00\",\"dateModified\":\"2013-10-22T12:51:28+00:00\",\"mainEntityOfPage\":{\"@id\":\"https:\/\/sandzakpress.net\/arhiva\/pogledajte-muslimani-ce-uskoro-vladati-evropom\/\"},\"wordCount\":137,\"commentCount\":11,\"publisher\":{\"@id\":\"https:\/\/sandzakpress.net\/arhiva\/#\/schema\/person\/6e72b67d6e51910a1117b3b483ba20bd\"},\"image\":{\"@id\":\"https:\/\/sandzakpress.net\/arhiva\/pogledajte-muslimani-ce-uskoro-vladati-evropom\/#primaryimage\"},\"thumbnailUrl\":\"https:\/\/sandzakpress.net\/arhiva\/wp-content\/uploads\/2013\/10\/025.jpg\",\"keywords\":[\"muslimani\"],\"articleSection\":[\"Amerika\",\"Njema\u010dka\",\"Austrija\",\"Kanada\",\"Francuska\",\"\u0160vicarska\",\"\u0160vedska\",\"Danska\",\"Norve\u0161ka\",\"Belgija\",\"Svijet\",\"Holandija\",\"Luksemburg\",\"Velika Britanija\",\"VIJESTI DANA\",\"Italija\"],\"inLanguage\":\"bs-BA\",\"potentialAction\":[{\"@type\":\"CommentAction\",\"name\":\"Comment\",\"target\":[\"https:\/\/sandzakpress.net\/arhiva\/pogledajte-muslimani-ce-uskoro-vladati-evropom\/#respond\"]}]},{\"@type\":\"WebPage\",\"@id\":\"https:\/\/sandzakpress.net\/arhiva\/pogledajte-muslimani-ce-uskoro-vladati-evropom\/\",\"url\":\"https:\/\/sandzakpress.net\/arhiva\/pogledajte-muslimani-ce-uskoro-vladati-evropom\/\",\"name\":\"POGLEDAJTE: Muslimani \u0107e uskoro vladati Evropom!\",\"isPartOf\":{\"@id\":\"https:\/\/sandzakpress.net\/arhiva\/#website\"},\"primaryImageOfPage\":{\"@id\":\"https:\/\/sandzakpress.net\/arhiva\/pogledajte-muslimani-ce-uskoro-vladati-evropom\/#primaryimage\"},\"image\":{\"@id\":\"https:\/\/sandzakpress.net\/arhiva\/pogledajte-muslimani-ce-uskoro-vladati-evropom\/#primaryimage\"},\"thumbnailUrl\":\"https:\/\/sandzakpress.net\/arhiva\/wp-content\/uploads\/2013\/10\/025.jpg\",\"datePublished\":\"2013-10-22T12:47:49+00:00\",\"dateModified\":\"2013-10-22T12:51:28+00:00\",\"breadcrumb\":{\"@id\":\"https:\/\/sandzakpress.net\/arhiva\/pogledajte-muslimani-ce-uskoro-vladati-evropom\/#breadcrumb\"},\"inLanguage\":\"bs-BA\",\"potentialAction\":[{\"@type\":\"ReadAction\",\"target\":[\"https:\/\/sandzakpress.net\/arhiva\/pogledajte-muslimani-ce-uskoro-vladati-evropom\/\"]}]},{\"@type\":\"ImageObject\",\"inLanguage\":\"bs-BA\",\"@id\":\"https:\/\/sandzakpress.net\/arhiva\/pogledajte-muslimani-ce-uskoro-vladati-evropom\/#primaryimage\",\"url\":\"https:\/\/sandzakpress.net\/arhiva\/wp-content\/uploads\/2013\/10\/025.jpg\",\"contentUrl\":\"https:\/\/sandzakpress.net\/arhiva\/wp-content\/uploads\/2013\/10\/025.jpg\",\"width\":480,\"height\":360},{\"@type\":\"BreadcrumbList\",\"@id\":\"https:\/\/sandzakpress.net\/arhiva\/pogledajte-muslimani-ce-uskoro-vladati-evropom\/#breadcrumb\",\"itemListElement\":[{\"@type\":\"ListItem\",\"position\":1,\"name\":\"Home\",\"item\":\"https:\/\/sandzakpress.net\/arhiva\/\"},{\"@type\":\"ListItem\",\"position\":2,\"name\":\"POGLEDAJTE: Muslimani \u0107e uskoro vladati Evropom!\"}]},{\"@type\":\"WebSite\",\"@id\":\"https:\/\/sandzakpress.net\/arhiva\/#website\",\"url\":\"https:\/\/sandzakpress.net\/arhiva\/\",\"name\":\"Sand\u017eak PRESS\",\"description\":\"Prve elektronske novine u Sand\u017eaku\",\"publisher\":{\"@id\":\"https:\/\/sandzakpress.net\/arhiva\/#\/schema\/person\/6e72b67d6e51910a1117b3b483ba20bd\"},\"potentialAction\":[{\"@type\":\"SearchAction\",\"target\":{\"@type\":\"EntryPoint\",\"urlTemplate\":\"https:\/\/sandzakpress.net\/arhiva\/?s={search_term_string}\"},\"query-input\":{\"@type\":\"PropertyValueSpecification\",\"valueRequired\":true,\"valueName\":\"search_term_string\"}}],\"inLanguage\":\"bs-BA\"},{\"@type\":[\"Person\",\"Organization\"],\"@id\":\"https:\/\/sandzakpress.net\/arhiva\/#\/schema\/person\/6e72b67d6e51910a1117b3b483ba20bd\",\"name\":\"Kul\",\"image\":{\"@type\":\"ImageObject\",\"inLanguage\":\"bs-BA\",\"@id\":\"https:\/\/sandzakpress.net\/arhiva\/#\/schema\/person\/image\/\",\"url\":\"https:\/\/secure.gravatar.com\/avatar\/42263f39aa27ac04c43cab85c280eb2e?s=96&d=mm&r=pg\",\"contentUrl\":\"https:\/\/secure.gravatar.com\/avatar\/42263f39aa27ac04c43cab85c280eb2e?s=96&d=mm&r=pg\",\"caption\":\"Kul\"},\"logo\":{\"@id\":\"https:\/\/sandzakpress.net\/arhiva\/#\/schema\/person\/image\/\"}},{\"@type\":\"Person\",\"@id\":\"https:\/\/sandzakpress.net\/arhiva\/#\/schema\/person\/c8baee722073534b583ea7bdb2e36c02\",\"name\":\"bosniak\",\"image\":{\"@type\":\"ImageObject\",\"inLanguage\":\"bs-BA\",\"@id\":\"https:\/\/sandzakpress.net\/arhiva\/#\/schema\/person\/image\/\",\"url\":\"https:\/\/secure.gravatar.com\/avatar\/a04fd330bfe3a36a72a0ad4a6d89fca7?s=96&d=mm&r=pg\",\"contentUrl\":\"https:\/\/secure.gravatar.com\/avatar\/a04fd330bfe3a36a72a0ad4a6d89fca7?s=96&d=mm&r=pg\",\"caption\":\"bosniak\"},\"url\":\"https:\/\/sandzakpress.net\/arhiva\/author\/bosniak\/\"}]}<\/script>\n<!-- \/ Yoast SEO Premium plugin. -->","yoast_head_json":{"title":"POGLEDAJTE: Muslimani \u0107e uskoro vladati Evropom!","robots":{"index":"index","follow":"follow","max-snippet":"max-snippet:-1","max-image-preview":"max-image-preview:large","max-video-preview":"max-video-preview:-1"},"canonical":"https:\/\/sandzakpress.net\/arhiva\/pogledajte-muslimani-ce-uskoro-vladati-evropom\/","og_locale":"bs_BA","og_type":"article","og_title":"POGLEDAJTE: Muslimani \u0107e uskoro vladati Evropom!","og_description":"Evropa &#8211; Rezultati izvje\u0161taja koji je priredio ameri\u010dki Centar za istra\u017eivanje globalnog hri\u0161\u0107anstva o temi &#8220;Hri\u0161\u0107anstvo u globalnom kontekstu 1970-2020&#8221;, pokazuju da se slika Evrope zna\u010dajno mijenjala prethodne \u010detiri decenije, tokom \u010dega su muslimani postali najbr\u017ee rastu\u0107a populacija tog kontinenta, dok se procent hri\u0161\u0107ana nije mnogo menjao. U navedenom izvje\u0161taju izneseni su detalji o hri\u0161\u0107anskom, [&hellip;]","og_url":"https:\/\/sandzakpress.net\/arhiva\/pogledajte-muslimani-ce-uskoro-vladati-evropom\/","og_site_name":"Sand\u017eak PRESS","article_published_time":"2013-10-22T12:47:49+00:00","article_modified_time":"2013-10-22T12:51:28+00:00","og_image":[{"width":480,"height":360,"url":"https:\/\/sandzakpress.net\/arhiva\/wp-content\/uploads\/2013\/10\/025.jpg","type":"image\/jpeg"}],"author":"bosniak","twitter_card":"summary_large_image","twitter_misc":{"Written by":"bosniak","Est. reading time":"1 minuta"},"schema":{"@context":"https:\/\/schema.org","@graph":[{"@type":"Article","@id":"https:\/\/sandzakpress.net\/arhiva\/pogledajte-muslimani-ce-uskoro-vladati-evropom\/#article","isPartOf":{"@id":"https:\/\/sandzakpress.net\/arhiva\/pogledajte-muslimani-ce-uskoro-vladati-evropom\/"},"author":{"name":"bosniak","@id":"https:\/\/sandzakpress.net\/arhiva\/#\/schema\/person\/c8baee722073534b583ea7bdb2e36c02"},"headline":"POGLEDAJTE: Muslimani \u0107e uskoro vladati Evropom!","datePublished":"2013-10-22T12:47:49+00:00","dateModified":"2013-10-22T12:51:28+00:00","mainEntityOfPage":{"@id":"https:\/\/sandzakpress.net\/arhiva\/pogledajte-muslimani-ce-uskoro-vladati-evropom\/"},"wordCount":137,"commentCount":11,"publisher":{"@id":"https:\/\/sandzakpress.net\/arhiva\/#\/schema\/person\/6e72b67d6e51910a1117b3b483ba20bd"},"image":{"@id":"https:\/\/sandzakpress.net\/arhiva\/pogledajte-muslimani-ce-uskoro-vladati-evropom\/#primaryimage"},"thumbnailUrl":"https:\/\/sandzakpress.net\/arhiva\/wp-content\/uploads\/2013\/10\/025.jpg","keywords":["muslimani"],"articleSection":["Amerika","Njema\u010dka","Austrija","Kanada","Francuska","\u0160vicarska","\u0160vedska","Danska","Norve\u0161ka","Belgija","Svijet","Holandija","Luksemburg","Velika Britanija","VIJESTI DANA","Italija"],"inLanguage":"bs-BA","potentialAction":[{"@type":"CommentAction","name":"Comment","target":["https:\/\/sandzakpress.net\/arhiva\/pogledajte-muslimani-ce-uskoro-vladati-evropom\/#respond"]}]},{"@type":"WebPage","@id":"https:\/\/sandzakpress.net\/arhiva\/pogledajte-muslimani-ce-uskoro-vladati-evropom\/","url":"https:\/\/sandzakpress.net\/arhiva\/pogledajte-muslimani-ce-uskoro-vladati-evropom\/","name":"POGLEDAJTE: Muslimani \u0107e uskoro vladati Evropom!","isPartOf":{"@id":"https:\/\/sandzakpress.net\/arhiva\/#website"},"primaryImageOfPage":{"@id":"https:\/\/sandzakpress.net\/arhiva\/pogledajte-muslimani-ce-uskoro-vladati-evropom\/#primaryimage"},"image":{"@id":"https:\/\/sandzakpress.net\/arhiva\/pogledajte-muslimani-ce-uskoro-vladati-evropom\/#primaryimage"},"thumbnailUrl":"https:\/\/sandzakpress.net\/arhiva\/wp-content\/uploads\/2013\/10\/025.jpg","datePublished":"2013-10-22T12:47:49+00:00","dateModified":"2013-10-22T12:51:28+00:00","breadcrumb":{"@id":"https:\/\/sandzakpress.net\/arhiva\/pogledajte-muslimani-ce-uskoro-vladati-evropom\/#breadcrumb"},"inLanguage":"bs-BA","potentialAction":[{"@type":"ReadAction","target":["https:\/\/sandzakpress.net\/arhiva\/pogledajte-muslimani-ce-uskoro-vladati-evropom\/"]}]},{"@type":"ImageObject","inLanguage":"bs-BA","@id":"https:\/\/sandzakpress.net\/arhiva\/pogledajte-muslimani-ce-uskoro-vladati-evropom\/#primaryimage","url":"https:\/\/sandzakpress.net\/arhiva\/wp-content\/uploads\/2013\/10\/025.jpg","contentUrl":"https:\/\/sandzakpress.net\/arhiva\/wp-content\/uploads\/2013\/10\/025.jpg","width":480,"height":360},{"@type":"BreadcrumbList","@id":"https:\/\/sandzakpress.net\/arhiva\/pogledajte-muslimani-ce-uskoro-vladati-evropom\/#breadcrumb","itemListElement":[{"@type":"ListItem","position":1,"name":"Home","item":"https:\/\/sandzakpress.net\/arhiva\/"},{"@type":"ListItem","position":2,"name":"POGLEDAJTE: Muslimani \u0107e uskoro vladati Evropom!"}]},{"@type":"WebSite","@id":"https:\/\/sandzakpress.net\/arhiva\/#website","url":"https:\/\/sandzakpress.net\/arhiva\/","name":"Sand\u017eak PRESS","description":"Prve elektronske novine u Sand\u017eaku","publisher":{"@id":"https:\/\/sandzakpress.net\/arhiva\/#\/schema\/person\/6e72b67d6e51910a1117b3b483ba20bd"},"potentialAction":[{"@type":"SearchAction","target":{"@type":"EntryPoint","urlTemplate":"https:\/\/sandzakpress.net\/arhiva\/?s={search_term_string}"},"query-input":{"@type":"PropertyValueSpecification","valueRequired":true,"valueName":"search_term_string"}}],"inLanguage":"bs-BA"},{"@type":["Person","Organization"],"@id":"https:\/\/sandzakpress.net\/arhiva\/#\/schema\/person\/6e72b67d6e51910a1117b3b483ba20bd","name":"Kul","image":{"@type":"ImageObject","inLanguage":"bs-BA","@id":"https:\/\/sandzakpress.net\/arhiva\/#\/schema\/person\/image\/","url":"https:\/\/secure.gravatar.com\/avatar\/42263f39aa27ac04c43cab85c280eb2e?s=96&d=mm&r=pg","contentUrl":"https:\/\/secure.gravatar.com\/avatar\/42263f39aa27ac04c43cab85c280eb2e?s=96&d=mm&r=pg","caption":"Kul"},"logo":{"@id":"https:\/\/sandzakpress.net\/arhiva\/#\/schema\/person\/image\/"}},{"@type":"Person","@id":"https:\/\/sandzakpress.net\/arhiva\/#\/schema\/person\/c8baee722073534b583ea7bdb2e36c02","name":"bosniak","image":{"@type":"ImageObject","inLanguage":"bs-BA","@id":"https:\/\/sandzakpress.net\/arhiva\/#\/schema\/person\/image\/","url":"https:\/\/secure.gravatar.com\/avatar\/a04fd330bfe3a36a72a0ad4a6d89fca7?s=96&d=mm&r=pg","contentUrl":"https:\/\/secure.gravatar.com\/avatar\/a04fd330bfe3a36a72a0ad4a6d89fca7?s=96&d=mm&r=pg","caption":"bosniak"},"url":"https:\/\/sandzakpress.net\/arhiva\/author\/bosniak\/"}]}},"_links":{"self":[{"href":"https:\/\/sandzakpress.net\/arhiva\/wp-json\/wp\/v2\/posts\/92032"}],"collection":[{"href":"https:\/\/sandzakpress.net\/arhiva\/wp-json\/wp\/v2\/posts"}],"about":[{"href":"https:\/\/sandzakpress.net\/arhiva\/wp-json\/wp\/v2\/types\/post"}],"author":[{"embeddable":true,"href":"https:\/\/sandzakpress.net\/arhiva\/wp-json\/wp\/v2\/users\/83"}],"replies":[{"embeddable":true,"href":"https:\/\/sandzakpress.net\/arhiva\/wp-json\/wp\/v2\/comments?post=92032"}],"version-history":[{"count":0,"href":"https:\/\/sandzakpress.net\/arhiva\/wp-json\/wp\/v2\/posts\/92032\/revisions"}],"wp:featuredmedia":[{"embeddable":true,"href":"https:\/\/sandzakpress.net\/arhiva\/wp-json\/wp\/v2\/media\/92033"}],"wp:attachment":[{"href":"https:\/\/sandzakpress.net\/arhiva\/wp-json\/wp\/v2\/media?parent=92032"}],"wp:term":[{"taxonomy":"category","embeddable":true,"href":"https:\/\/sandzakpress.net\/arhiva\/wp-json\/wp\/v2\/categories?post=92032"},{"taxonomy":"post_tag","embeddable":true,"href":"https:\/\/sandzakpress.net\/arhiva\/wp-json\/wp\/v2\/tags?post=92032"}],"curies":[{"name":"wp","href":"https:\/\/api.w.org\/{rel}","templated":true}]}}