{"id":9193,"date":"2010-10-16T19:41:29","date_gmt":"2010-10-16T17:41:29","guid":{"rendered":"https:\/\/sandzakpress.net\/arhiva\/?p=9193"},"modified":"2010-10-16T19:41:29","modified_gmt":"2010-10-16T17:41:29","slug":"preminula-zena-koju-je-zapalio-muz","status":"publish","type":"post","link":"https:\/\/sandzakpress.net\/arhiva\/preminula-zena-koju-je-zapalio-muz\/","title":{"rendered":"Preminula \u017eena koju je zapalio mu\u017e"},"content":{"rendered":"<p><strong><a href=\"https:\/\/sandzakpress.net\/arhiva\/wp-content\/uploads\/2010\/10\/77529_1005-zapalio-suprugu-01nv-porodicna-drama-u-selu-ojkovica-foto-zeljko-dulanovic_f.jpg\"><img loading=\"lazy\" decoding=\"async\" class=\"alignleft size-medium wp-image-9194\" title=\"77529_1005-zapalio-suprugu-01nv-porodicna-drama-u-selu-ojkovica-foto-zeljko-dulanovic_f\" src=\"https:\/\/sandzakpress.net\/arhiva\/wp-content\/uploads\/2010\/10\/77529_1005-zapalio-suprugu-01nv-porodicna-drama-u-selu-ojkovica-foto-zeljko-dulanovic_f-300x172.jpg\" alt=\"\" width=\"300\" height=\"172\" \/><\/a>Nova Varo\u0161 &#8211; Zorica Goronji\u0107 (54) iz Nove Varo\u0161i preminula je u Klinici za opekotine, plasti\u010dnu i rekonstruktivnu hirurgiju Klini\u010dkog centra Srbije u Beogradu od posljedica povreda koje je zadobila 26. septembra, kada ju je suprug Sava (44) polio benzinom i zapalio.<\/strong><\/p>\n<p>U prisustvu rodbine i prijatelja ona je sahranjena ju\u010der na seoskom groblju u rodnoj Debelji iznad Zlatarskog jezera. Iz Zdravstvenog centra u U\u017eicu, gde je najpijre zbrinuta, Zorica je 27. septembra, dan nakon tragedije, preba\u010dena na dalje lije\u010denje u Beograd sa te\u0161kim povredama opasnim po \u017eivot. Zorica Goronji\u0107, kojoj je vatra o\u0161tetila 51 odsto ko\u017ee, u beogradsku kliniku primljena je sa opekotinama drugog i tre\u0107eg stepena po licu, grudima, le\u0111ima i nogama.<\/p>\n<p>&#8211; Prije desetak dana Zorica je imala prvu od nekoliko planiranih operacija presa\u0111ivanja ko\u017ee. Proteklog vikenda njeno zdravstveno stanje se, me\u0111utim, naglo pogor\u0161alo i ona je u utorak umrla. Od rezultata obdukcije koju je nalo\u017eio istra\u017eni sudija Vi\u0161eg suda u U\u017eicu zavisi da li \u0107e prvobitna krivi\u010dna prijava protiv Save za poku\u0161aj te\u0161kog ubistva u optu\u017enici biti preformulisana u te\u0161ko ubistvo &#8211; ka\u017ee izvor &#8220;Blica&#8221; blizak istrazi.<\/p>\n<p>Zorica je povrije\u0111ena u selu Ojkovica, u ku\u0107i starice Milorade T. (72), u kojoj je do pre nekoliko godina \u017eivjela sa suprugom kao podstanar. Sa suprugom je prvo razgovarala telefonom, i posva\u0111ali su se. On je zatim iz sela Jasenovo do\u0161ao u susjednu Ojkovicu i benzinom polio, a onda i zapalio stepeni\u0161te i otira\u010d ispred ku\u0107e Milorade T. u kojoj je boravila Zorica. Nakon \u0161to je supruga poku\u0161ala da ga spre\u010di da pali stepeni\u0161te, Sava je, tvrde u policiji, benzinom polio i zapalio i Zoricu. Uhap\u0161en je dva sata kasnije na putu ka Zlatarskom jezeru.<\/p>\n<p>Izvor:<strong> RTS.rs<\/strong><\/p>\n","protected":false},"excerpt":{"rendered":"<p>Nova Varo\u0161 &#8211; Zorica Goronji\u0107 (54) iz Nove Varo\u0161i preminula je u Klinici za opekotine, plasti\u010dnu i rekonstruktivnu hirurgiju Klini\u010dkog centra Srbije u Beogradu od posljedica povreda koje je zadobila 26. septembra, kada ju je suprug Sava (44) polio benzinom i zapalio. U prisustvu rodbine i prijatelja ona je sahranjena ju\u010der na seoskom groblju u [&hellip;]<\/p>\n","protected":false},"author":83,"featured_media":9194,"comment_status":"open","ping_status":"open","sticky":false,"template":"","format":"standard","meta":{"footnotes":""},"categories":[394,801],"tags":[],"class_list":{"0":"post-9193","1":"post","2":"type-post","3":"status-publish","4":"format-standard","5":"has-post-thumbnail","7":"category-nova-varos","8":"category-crna_hronika"},"yoast_head":"<!-- This site is optimized with the Yoast SEO Premium plugin v23.1 (Yoast SEO v24.9) - https:\/\/yoast.com\/wordpress\/plugins\/seo\/ -->\n<title>Preminula \u017eena koju je zapalio mu\u017e<\/title>\n<meta name=\"robots\" content=\"index, follow, max-snippet:-1, max-image-preview:large, max-video-preview:-1\" \/>\n<link rel=\"canonical\" href=\"https:\/\/sandzakpress.net\/arhiva\/preminula-zena-koju-je-zapalio-muz\/\" \/>\n<meta property=\"og:locale\" content=\"bs_BA\" \/>\n<meta property=\"og:type\" content=\"article\" \/>\n<meta property=\"og:title\" content=\"Preminula \u017eena koju je zapalio mu\u017e\" \/>\n<meta property=\"og:description\" content=\"Nova Varo\u0161 &#8211; Zorica Goronji\u0107 (54) iz Nove Varo\u0161i preminula je u Klinici za opekotine, plasti\u010dnu i rekonstruktivnu hirurgiju Klini\u010dkog centra Srbije u Beogradu od posljedica povreda koje je zadobila 26. septembra, kada ju je suprug Sava (44) polio benzinom i zapalio. U prisustvu rodbine i prijatelja ona je sahranjena ju\u010der na seoskom groblju u [&hellip;]\" \/>\n<meta property=\"og:url\" content=\"https:\/\/sandzakpress.net\/arhiva\/preminula-zena-koju-je-zapalio-muz\/\" \/>\n<meta property=\"og:site_name\" content=\"Sand\u017eak PRESS\" \/>\n<meta property=\"article:published_time\" content=\"2010-10-16T17:41:29+00:00\" \/>\n<meta property=\"og:image\" content=\"https:\/\/sandzakpress.net\/arhiva\/wp-content\/uploads\/2010\/10\/77529_1005-zapalio-suprugu-01nv-porodicna-drama-u-selu-ojkovica-foto-zeljko-dulanovic_f.jpg\" \/>\n\t<meta property=\"og:image:width\" content=\"470\" \/>\n\t<meta property=\"og:image:height\" content=\"270\" \/>\n\t<meta property=\"og:image:type\" content=\"image\/jpeg\" \/>\n<meta name=\"author\" content=\"bosniak\" \/>\n<meta name=\"twitter:card\" content=\"summary_large_image\" \/>\n<meta name=\"twitter:label1\" content=\"Written by\" \/>\n\t<meta name=\"twitter:data1\" content=\"bosniak\" \/>\n\t<meta name=\"twitter:label2\" content=\"Est. reading time\" \/>\n\t<meta name=\"twitter:data2\" content=\"2 minute\" \/>\n<script type=\"application\/ld+json\" class=\"yoast-schema-graph\">{\"@context\":\"https:\/\/schema.org\",\"@graph\":[{\"@type\":\"Article\",\"@id\":\"https:\/\/sandzakpress.net\/arhiva\/preminula-zena-koju-je-zapalio-muz\/#article\",\"isPartOf\":{\"@id\":\"https:\/\/sandzakpress.net\/arhiva\/preminula-zena-koju-je-zapalio-muz\/\"},\"author\":{\"name\":\"bosniak\",\"@id\":\"https:\/\/sandzakpress.net\/arhiva\/#\/schema\/person\/c8baee722073534b583ea7bdb2e36c02\"},\"headline\":\"Preminula \u017eena koju je zapalio mu\u017e\",\"datePublished\":\"2010-10-16T17:41:29+00:00\",\"mainEntityOfPage\":{\"@id\":\"https:\/\/sandzakpress.net\/arhiva\/preminula-zena-koju-je-zapalio-muz\/\"},\"wordCount\":315,\"commentCount\":0,\"publisher\":{\"@id\":\"https:\/\/sandzakpress.net\/arhiva\/#\/schema\/person\/6e72b67d6e51910a1117b3b483ba20bd\"},\"image\":{\"@id\":\"https:\/\/sandzakpress.net\/arhiva\/preminula-zena-koju-je-zapalio-muz\/#primaryimage\"},\"thumbnailUrl\":\"https:\/\/sandzakpress.net\/arhiva\/wp-content\/uploads\/2010\/10\/77529_1005-zapalio-suprugu-01nv-porodicna-drama-u-selu-ojkovica-foto-zeljko-dulanovic_f.jpg\",\"articleSection\":[\"Nova Varo\u0161\",\"Hronika\"],\"inLanguage\":\"bs-BA\",\"potentialAction\":[{\"@type\":\"CommentAction\",\"name\":\"Comment\",\"target\":[\"https:\/\/sandzakpress.net\/arhiva\/preminula-zena-koju-je-zapalio-muz\/#respond\"]}]},{\"@type\":\"WebPage\",\"@id\":\"https:\/\/sandzakpress.net\/arhiva\/preminula-zena-koju-je-zapalio-muz\/\",\"url\":\"https:\/\/sandzakpress.net\/arhiva\/preminula-zena-koju-je-zapalio-muz\/\",\"name\":\"Preminula \u017eena koju je zapalio mu\u017e\",\"isPartOf\":{\"@id\":\"https:\/\/sandzakpress.net\/arhiva\/#website\"},\"primaryImageOfPage\":{\"@id\":\"https:\/\/sandzakpress.net\/arhiva\/preminula-zena-koju-je-zapalio-muz\/#primaryimage\"},\"image\":{\"@id\":\"https:\/\/sandzakpress.net\/arhiva\/preminula-zena-koju-je-zapalio-muz\/#primaryimage\"},\"thumbnailUrl\":\"https:\/\/sandzakpress.net\/arhiva\/wp-content\/uploads\/2010\/10\/77529_1005-zapalio-suprugu-01nv-porodicna-drama-u-selu-ojkovica-foto-zeljko-dulanovic_f.jpg\",\"datePublished\":\"2010-10-16T17:41:29+00:00\",\"breadcrumb\":{\"@id\":\"https:\/\/sandzakpress.net\/arhiva\/preminula-zena-koju-je-zapalio-muz\/#breadcrumb\"},\"inLanguage\":\"bs-BA\",\"potentialAction\":[{\"@type\":\"ReadAction\",\"target\":[\"https:\/\/sandzakpress.net\/arhiva\/preminula-zena-koju-je-zapalio-muz\/\"]}]},{\"@type\":\"ImageObject\",\"inLanguage\":\"bs-BA\",\"@id\":\"https:\/\/sandzakpress.net\/arhiva\/preminula-zena-koju-je-zapalio-muz\/#primaryimage\",\"url\":\"https:\/\/sandzakpress.net\/arhiva\/wp-content\/uploads\/2010\/10\/77529_1005-zapalio-suprugu-01nv-porodicna-drama-u-selu-ojkovica-foto-zeljko-dulanovic_f.jpg\",\"contentUrl\":\"https:\/\/sandzakpress.net\/arhiva\/wp-content\/uploads\/2010\/10\/77529_1005-zapalio-suprugu-01nv-porodicna-drama-u-selu-ojkovica-foto-zeljko-dulanovic_f.jpg\",\"width\":470,\"height\":270},{\"@type\":\"BreadcrumbList\",\"@id\":\"https:\/\/sandzakpress.net\/arhiva\/preminula-zena-koju-je-zapalio-muz\/#breadcrumb\",\"itemListElement\":[{\"@type\":\"ListItem\",\"position\":1,\"name\":\"Home\",\"item\":\"https:\/\/sandzakpress.net\/arhiva\/\"},{\"@type\":\"ListItem\",\"position\":2,\"name\":\"Preminula \u017eena koju je zapalio mu\u017e\"}]},{\"@type\":\"WebSite\",\"@id\":\"https:\/\/sandzakpress.net\/arhiva\/#website\",\"url\":\"https:\/\/sandzakpress.net\/arhiva\/\",\"name\":\"Sand\u017eak PRESS\",\"description\":\"Prve elektronske novine u Sand\u017eaku\",\"publisher\":{\"@id\":\"https:\/\/sandzakpress.net\/arhiva\/#\/schema\/person\/6e72b67d6e51910a1117b3b483ba20bd\"},\"potentialAction\":[{\"@type\":\"SearchAction\",\"target\":{\"@type\":\"EntryPoint\",\"urlTemplate\":\"https:\/\/sandzakpress.net\/arhiva\/?s={search_term_string}\"},\"query-input\":{\"@type\":\"PropertyValueSpecification\",\"valueRequired\":true,\"valueName\":\"search_term_string\"}}],\"inLanguage\":\"bs-BA\"},{\"@type\":[\"Person\",\"Organization\"],\"@id\":\"https:\/\/sandzakpress.net\/arhiva\/#\/schema\/person\/6e72b67d6e51910a1117b3b483ba20bd\",\"name\":\"Kul\",\"image\":{\"@type\":\"ImageObject\",\"inLanguage\":\"bs-BA\",\"@id\":\"https:\/\/sandzakpress.net\/arhiva\/#\/schema\/person\/image\/\",\"url\":\"https:\/\/secure.gravatar.com\/avatar\/42263f39aa27ac04c43cab85c280eb2e?s=96&d=mm&r=pg\",\"contentUrl\":\"https:\/\/secure.gravatar.com\/avatar\/42263f39aa27ac04c43cab85c280eb2e?s=96&d=mm&r=pg\",\"caption\":\"Kul\"},\"logo\":{\"@id\":\"https:\/\/sandzakpress.net\/arhiva\/#\/schema\/person\/image\/\"}},{\"@type\":\"Person\",\"@id\":\"https:\/\/sandzakpress.net\/arhiva\/#\/schema\/person\/c8baee722073534b583ea7bdb2e36c02\",\"name\":\"bosniak\",\"image\":{\"@type\":\"ImageObject\",\"inLanguage\":\"bs-BA\",\"@id\":\"https:\/\/sandzakpress.net\/arhiva\/#\/schema\/person\/image\/\",\"url\":\"https:\/\/secure.gravatar.com\/avatar\/a04fd330bfe3a36a72a0ad4a6d89fca7?s=96&d=mm&r=pg\",\"contentUrl\":\"https:\/\/secure.gravatar.com\/avatar\/a04fd330bfe3a36a72a0ad4a6d89fca7?s=96&d=mm&r=pg\",\"caption\":\"bosniak\"},\"url\":\"https:\/\/sandzakpress.net\/arhiva\/author\/bosniak\/\"}]}<\/script>\n<!-- \/ Yoast SEO Premium plugin. -->","yoast_head_json":{"title":"Preminula \u017eena koju je zapalio mu\u017e","robots":{"index":"index","follow":"follow","max-snippet":"max-snippet:-1","max-image-preview":"max-image-preview:large","max-video-preview":"max-video-preview:-1"},"canonical":"https:\/\/sandzakpress.net\/arhiva\/preminula-zena-koju-je-zapalio-muz\/","og_locale":"bs_BA","og_type":"article","og_title":"Preminula \u017eena koju je zapalio mu\u017e","og_description":"Nova Varo\u0161 &#8211; Zorica Goronji\u0107 (54) iz Nove Varo\u0161i preminula je u Klinici za opekotine, plasti\u010dnu i rekonstruktivnu hirurgiju Klini\u010dkog centra Srbije u Beogradu od posljedica povreda koje je zadobila 26. septembra, kada ju je suprug Sava (44) polio benzinom i zapalio. U prisustvu rodbine i prijatelja ona je sahranjena ju\u010der na seoskom groblju u [&hellip;]","og_url":"https:\/\/sandzakpress.net\/arhiva\/preminula-zena-koju-je-zapalio-muz\/","og_site_name":"Sand\u017eak PRESS","article_published_time":"2010-10-16T17:41:29+00:00","og_image":[{"width":470,"height":270,"url":"https:\/\/sandzakpress.net\/arhiva\/wp-content\/uploads\/2010\/10\/77529_1005-zapalio-suprugu-01nv-porodicna-drama-u-selu-ojkovica-foto-zeljko-dulanovic_f.jpg","type":"image\/jpeg"}],"author":"bosniak","twitter_card":"summary_large_image","twitter_misc":{"Written by":"bosniak","Est. reading time":"2 minute"},"schema":{"@context":"https:\/\/schema.org","@graph":[{"@type":"Article","@id":"https:\/\/sandzakpress.net\/arhiva\/preminula-zena-koju-je-zapalio-muz\/#article","isPartOf":{"@id":"https:\/\/sandzakpress.net\/arhiva\/preminula-zena-koju-je-zapalio-muz\/"},"author":{"name":"bosniak","@id":"https:\/\/sandzakpress.net\/arhiva\/#\/schema\/person\/c8baee722073534b583ea7bdb2e36c02"},"headline":"Preminula \u017eena koju je zapalio mu\u017e","datePublished":"2010-10-16T17:41:29+00:00","mainEntityOfPage":{"@id":"https:\/\/sandzakpress.net\/arhiva\/preminula-zena-koju-je-zapalio-muz\/"},"wordCount":315,"commentCount":0,"publisher":{"@id":"https:\/\/sandzakpress.net\/arhiva\/#\/schema\/person\/6e72b67d6e51910a1117b3b483ba20bd"},"image":{"@id":"https:\/\/sandzakpress.net\/arhiva\/preminula-zena-koju-je-zapalio-muz\/#primaryimage"},"thumbnailUrl":"https:\/\/sandzakpress.net\/arhiva\/wp-content\/uploads\/2010\/10\/77529_1005-zapalio-suprugu-01nv-porodicna-drama-u-selu-ojkovica-foto-zeljko-dulanovic_f.jpg","articleSection":["Nova Varo\u0161","Hronika"],"inLanguage":"bs-BA","potentialAction":[{"@type":"CommentAction","name":"Comment","target":["https:\/\/sandzakpress.net\/arhiva\/preminula-zena-koju-je-zapalio-muz\/#respond"]}]},{"@type":"WebPage","@id":"https:\/\/sandzakpress.net\/arhiva\/preminula-zena-koju-je-zapalio-muz\/","url":"https:\/\/sandzakpress.net\/arhiva\/preminula-zena-koju-je-zapalio-muz\/","name":"Preminula \u017eena koju je zapalio mu\u017e","isPartOf":{"@id":"https:\/\/sandzakpress.net\/arhiva\/#website"},"primaryImageOfPage":{"@id":"https:\/\/sandzakpress.net\/arhiva\/preminula-zena-koju-je-zapalio-muz\/#primaryimage"},"image":{"@id":"https:\/\/sandzakpress.net\/arhiva\/preminula-zena-koju-je-zapalio-muz\/#primaryimage"},"thumbnailUrl":"https:\/\/sandzakpress.net\/arhiva\/wp-content\/uploads\/2010\/10\/77529_1005-zapalio-suprugu-01nv-porodicna-drama-u-selu-ojkovica-foto-zeljko-dulanovic_f.jpg","datePublished":"2010-10-16T17:41:29+00:00","breadcrumb":{"@id":"https:\/\/sandzakpress.net\/arhiva\/preminula-zena-koju-je-zapalio-muz\/#breadcrumb"},"inLanguage":"bs-BA","potentialAction":[{"@type":"ReadAction","target":["https:\/\/sandzakpress.net\/arhiva\/preminula-zena-koju-je-zapalio-muz\/"]}]},{"@type":"ImageObject","inLanguage":"bs-BA","@id":"https:\/\/sandzakpress.net\/arhiva\/preminula-zena-koju-je-zapalio-muz\/#primaryimage","url":"https:\/\/sandzakpress.net\/arhiva\/wp-content\/uploads\/2010\/10\/77529_1005-zapalio-suprugu-01nv-porodicna-drama-u-selu-ojkovica-foto-zeljko-dulanovic_f.jpg","contentUrl":"https:\/\/sandzakpress.net\/arhiva\/wp-content\/uploads\/2010\/10\/77529_1005-zapalio-suprugu-01nv-porodicna-drama-u-selu-ojkovica-foto-zeljko-dulanovic_f.jpg","width":470,"height":270},{"@type":"BreadcrumbList","@id":"https:\/\/sandzakpress.net\/arhiva\/preminula-zena-koju-je-zapalio-muz\/#breadcrumb","itemListElement":[{"@type":"ListItem","position":1,"name":"Home","item":"https:\/\/sandzakpress.net\/arhiva\/"},{"@type":"ListItem","position":2,"name":"Preminula \u017eena koju je zapalio mu\u017e"}]},{"@type":"WebSite","@id":"https:\/\/sandzakpress.net\/arhiva\/#website","url":"https:\/\/sandzakpress.net\/arhiva\/","name":"Sand\u017eak PRESS","description":"Prve elektronske novine u Sand\u017eaku","publisher":{"@id":"https:\/\/sandzakpress.net\/arhiva\/#\/schema\/person\/6e72b67d6e51910a1117b3b483ba20bd"},"potentialAction":[{"@type":"SearchAction","target":{"@type":"EntryPoint","urlTemplate":"https:\/\/sandzakpress.net\/arhiva\/?s={search_term_string}"},"query-input":{"@type":"PropertyValueSpecification","valueRequired":true,"valueName":"search_term_string"}}],"inLanguage":"bs-BA"},{"@type":["Person","Organization"],"@id":"https:\/\/sandzakpress.net\/arhiva\/#\/schema\/person\/6e72b67d6e51910a1117b3b483ba20bd","name":"Kul","image":{"@type":"ImageObject","inLanguage":"bs-BA","@id":"https:\/\/sandzakpress.net\/arhiva\/#\/schema\/person\/image\/","url":"https:\/\/secure.gravatar.com\/avatar\/42263f39aa27ac04c43cab85c280eb2e?s=96&d=mm&r=pg","contentUrl":"https:\/\/secure.gravatar.com\/avatar\/42263f39aa27ac04c43cab85c280eb2e?s=96&d=mm&r=pg","caption":"Kul"},"logo":{"@id":"https:\/\/sandzakpress.net\/arhiva\/#\/schema\/person\/image\/"}},{"@type":"Person","@id":"https:\/\/sandzakpress.net\/arhiva\/#\/schema\/person\/c8baee722073534b583ea7bdb2e36c02","name":"bosniak","image":{"@type":"ImageObject","inLanguage":"bs-BA","@id":"https:\/\/sandzakpress.net\/arhiva\/#\/schema\/person\/image\/","url":"https:\/\/secure.gravatar.com\/avatar\/a04fd330bfe3a36a72a0ad4a6d89fca7?s=96&d=mm&r=pg","contentUrl":"https:\/\/secure.gravatar.com\/avatar\/a04fd330bfe3a36a72a0ad4a6d89fca7?s=96&d=mm&r=pg","caption":"bosniak"},"url":"https:\/\/sandzakpress.net\/arhiva\/author\/bosniak\/"}]}},"_links":{"self":[{"href":"https:\/\/sandzakpress.net\/arhiva\/wp-json\/wp\/v2\/posts\/9193"}],"collection":[{"href":"https:\/\/sandzakpress.net\/arhiva\/wp-json\/wp\/v2\/posts"}],"about":[{"href":"https:\/\/sandzakpress.net\/arhiva\/wp-json\/wp\/v2\/types\/post"}],"author":[{"embeddable":true,"href":"https:\/\/sandzakpress.net\/arhiva\/wp-json\/wp\/v2\/users\/83"}],"replies":[{"embeddable":true,"href":"https:\/\/sandzakpress.net\/arhiva\/wp-json\/wp\/v2\/comments?post=9193"}],"version-history":[{"count":0,"href":"https:\/\/sandzakpress.net\/arhiva\/wp-json\/wp\/v2\/posts\/9193\/revisions"}],"wp:featuredmedia":[{"embeddable":true,"href":"https:\/\/sandzakpress.net\/arhiva\/wp-json\/wp\/v2\/media\/9194"}],"wp:attachment":[{"href":"https:\/\/sandzakpress.net\/arhiva\/wp-json\/wp\/v2\/media?parent=9193"}],"wp:term":[{"taxonomy":"category","embeddable":true,"href":"https:\/\/sandzakpress.net\/arhiva\/wp-json\/wp\/v2\/categories?post=9193"},{"taxonomy":"post_tag","embeddable":true,"href":"https:\/\/sandzakpress.net\/arhiva\/wp-json\/wp\/v2\/tags?post=9193"}],"curies":[{"name":"wp","href":"https:\/\/api.w.org\/{rel}","templated":true}]}}