{"id":91879,"date":"2013-10-21T16:55:05","date_gmt":"2013-10-21T14:55:05","guid":{"rendered":"https:\/\/sandzakpress.net\/arhiva\/?p=91879"},"modified":"2013-10-21T16:55:05","modified_gmt":"2013-10-21T14:55:05","slug":"mirkovic-prioritet-donosenje-medijskh-zakona","status":"publish","type":"post","link":"https:\/\/sandzakpress.net\/arhiva\/mirkovic-prioritet-donosenje-medijskh-zakona\/","title":{"rendered":"Mirkovi\u0107: Prioritet dono\u0161enje medijskh zakona"},"content":{"rendered":"<p><strong><a href=\"https:\/\/sandzakpress.net\/arhiva\/wp-content\/uploads\/2013\/10\/f9287c2453a7087fd80a5bcbb4859908_M.jpg\"><img loading=\"lazy\" decoding=\"async\" class=\"alignleft size-medium wp-image-91880\" alt=\"f9287c2453a7087fd80a5bcbb4859908_M\" src=\"https:\/\/sandzakpress.net\/arhiva\/wp-content\/uploads\/2013\/10\/f9287c2453a7087fd80a5bcbb4859908_M-300x207.jpg\" width=\"300\" height=\"207\" \/><\/a>Srbija &#8211; Pomo\u0107nik ministra kulture zadu\u017een za medije Sa\u0161a Mirkovi\u0107 izjavio je da je dono\u0161enje medijskh zakona &#8220;prioritet prioriteta&#8221; i da je \u017eelja ministarstva da stvori jednake uslove za rad svim medijima u zemlji.<\/strong><\/p>\n<p>&#8220;Na\u0161a klju\u010dna ideja je da stvorimo takav zakonodavni okvir koji bi medijima omogu\u0107io lak\u0161e poslovanje u vrijeme ekonomske krize koja ih je dovjela u te\u0161ku istuaciju. \u017delimo da stvorimo istovetne uslove i da sprije\u010dimo situaciju da neki mediji budu privilegovani u odnosu na druge. Svi treba da imaju istovetne i fer uslove za poslovanje, a da sposobnost, tr\u017ei\u0161te i profesionalizam budu klju\u010dni za opstanak i prosperitet&#8221;, rekao je Mirkovi\u0107.<\/p>\n<p>Mirkovi\u0107 je ocjenio da bi zakon o javnom informisanju kao krovni zakon trebalo da reguli\u0161e pitanje izlaska dr\u017eave iz vlasni\u0161tva u medijima i da uvede projektno finansiranje.<\/p>\n<p>&#8220;Zakon o javnom informisanju bi trebalo da reguli\u0161e klju\u010dne postavke u vezi sa medijskim zakonodavstvom u Srbiji, a ti\u010du se izlaska dr\u017eave iz medija i projektnog finansiranja. O njemu je pro\u0161la javna rasprava prije \u0161est mjeseci, resorna ministarstva su dala komentare i<br \/>\nstigli su komentari iz Brisela. Ja jo\u0161 nisam po\u010deo da se bavim tim komentarima jer nam je sada prioritet javna rasprava o druga dva zakona&#8221;, rekao je Mirkovi\u0107.<\/p>\n<p>Kako je naveo, \u010dim se, 31. oktobra, zavr\u0161e javne rasprave o zakonima o elektronskim medijima i o javnom informisanju Minsitarstvo \u0107e se usredsrediti na zakon o javnom informisanju koji bi Vlada Srbije mogla da razmatra u novembru.<\/p>\n<p>(radiostoplus)<\/p>\n","protected":false},"excerpt":{"rendered":"<p>Srbija &#8211; Pomo\u0107nik ministra kulture zadu\u017een za medije Sa\u0161a Mirkovi\u0107 izjavio je da je dono\u0161enje medijskh zakona &#8220;prioritet prioriteta&#8221; i da je \u017eelja ministarstva da stvori jednake uslove za rad svim medijima u zemlji. &#8220;Na\u0161a klju\u010dna ideja je da stvorimo takav zakonodavni okvir koji bi medijima omogu\u0107io lak\u0161e poslovanje u vrijeme ekonomske krize koja ih [&hellip;]<\/p>\n","protected":false},"author":83,"featured_media":91881,"comment_status":"open","ping_status":"open","sticky":false,"template":"","format":"standard","meta":{"footnotes":""},"categories":[1,10307],"tags":[],"class_list":{"0":"post-91879","1":"post","2":"type-post","3":"status-publish","4":"format-standard","5":"has-post-thumbnail","7":"category-politika","8":"category-srbija"},"yoast_head":"<!-- This site is optimized with the Yoast SEO Premium plugin v23.1 (Yoast SEO v24.9) - https:\/\/yoast.com\/wordpress\/plugins\/seo\/ -->\n<title>Mirkovi\u0107: Prioritet dono\u0161enje medijskh zakona<\/title>\n<meta name=\"robots\" content=\"index, follow, max-snippet:-1, max-image-preview:large, max-video-preview:-1\" \/>\n<link rel=\"canonical\" href=\"https:\/\/sandzakpress.net\/arhiva\/mirkovic-prioritet-donosenje-medijskh-zakona\/\" \/>\n<meta property=\"og:locale\" content=\"bs_BA\" \/>\n<meta property=\"og:type\" content=\"article\" \/>\n<meta property=\"og:title\" content=\"Mirkovi\u0107: Prioritet dono\u0161enje medijskh zakona\" \/>\n<meta property=\"og:description\" content=\"Srbija &#8211; Pomo\u0107nik ministra kulture zadu\u017een za medije Sa\u0161a Mirkovi\u0107 izjavio je da je dono\u0161enje medijskh zakona &#8220;prioritet prioriteta&#8221; i da je \u017eelja ministarstva da stvori jednake uslove za rad svim medijima u zemlji. &#8220;Na\u0161a klju\u010dna ideja je da stvorimo takav zakonodavni okvir koji bi medijima omogu\u0107io lak\u0161e poslovanje u vrijeme ekonomske krize koja ih [&hellip;]\" \/>\n<meta property=\"og:url\" content=\"https:\/\/sandzakpress.net\/arhiva\/mirkovic-prioritet-donosenje-medijskh-zakona\/\" \/>\n<meta property=\"og:site_name\" content=\"Sand\u017eak PRESS\" \/>\n<meta property=\"article:published_time\" content=\"2013-10-21T14:55:05+00:00\" \/>\n<meta property=\"og:image\" content=\"https:\/\/sandzakpress.net\/arhiva\/wp-content\/uploads\/2013\/10\/f9287c2453a7087fd80a5bcbb4859908_M-300x2071.jpg\" \/>\n\t<meta property=\"og:image:width\" content=\"300\" \/>\n\t<meta property=\"og:image:height\" content=\"207\" \/>\n\t<meta property=\"og:image:type\" content=\"image\/jpeg\" \/>\n<meta name=\"author\" content=\"bosniak\" \/>\n<meta name=\"twitter:card\" content=\"summary_large_image\" \/>\n<meta name=\"twitter:label1\" content=\"Written by\" \/>\n\t<meta name=\"twitter:data1\" content=\"bosniak\" \/>\n\t<meta name=\"twitter:label2\" content=\"Est. reading time\" \/>\n\t<meta name=\"twitter:data2\" content=\"1 minuta\" \/>\n<script type=\"application\/ld+json\" class=\"yoast-schema-graph\">{\"@context\":\"https:\/\/schema.org\",\"@graph\":[{\"@type\":\"Article\",\"@id\":\"https:\/\/sandzakpress.net\/arhiva\/mirkovic-prioritet-donosenje-medijskh-zakona\/#article\",\"isPartOf\":{\"@id\":\"https:\/\/sandzakpress.net\/arhiva\/mirkovic-prioritet-donosenje-medijskh-zakona\/\"},\"author\":{\"name\":\"bosniak\",\"@id\":\"https:\/\/sandzakpress.net\/arhiva\/#\/schema\/person\/c8baee722073534b583ea7bdb2e36c02\"},\"headline\":\"Mirkovi\u0107: Prioritet dono\u0161enje medijskh zakona\",\"datePublished\":\"2013-10-21T14:55:05+00:00\",\"mainEntityOfPage\":{\"@id\":\"https:\/\/sandzakpress.net\/arhiva\/mirkovic-prioritet-donosenje-medijskh-zakona\/\"},\"wordCount\":266,\"commentCount\":0,\"publisher\":{\"@id\":\"https:\/\/sandzakpress.net\/arhiva\/#\/schema\/person\/6e72b67d6e51910a1117b3b483ba20bd\"},\"image\":{\"@id\":\"https:\/\/sandzakpress.net\/arhiva\/mirkovic-prioritet-donosenje-medijskh-zakona\/#primaryimage\"},\"thumbnailUrl\":\"https:\/\/sandzakpress.net\/arhiva\/wp-content\/uploads\/2013\/10\/f9287c2453a7087fd80a5bcbb4859908_M-300x2071.jpg\",\"articleSection\":[\"Politika\",\"Srbija\"],\"inLanguage\":\"bs-BA\",\"potentialAction\":[{\"@type\":\"CommentAction\",\"name\":\"Comment\",\"target\":[\"https:\/\/sandzakpress.net\/arhiva\/mirkovic-prioritet-donosenje-medijskh-zakona\/#respond\"]}]},{\"@type\":\"WebPage\",\"@id\":\"https:\/\/sandzakpress.net\/arhiva\/mirkovic-prioritet-donosenje-medijskh-zakona\/\",\"url\":\"https:\/\/sandzakpress.net\/arhiva\/mirkovic-prioritet-donosenje-medijskh-zakona\/\",\"name\":\"Mirkovi\u0107: Prioritet dono\u0161enje medijskh zakona\",\"isPartOf\":{\"@id\":\"https:\/\/sandzakpress.net\/arhiva\/#website\"},\"primaryImageOfPage\":{\"@id\":\"https:\/\/sandzakpress.net\/arhiva\/mirkovic-prioritet-donosenje-medijskh-zakona\/#primaryimage\"},\"image\":{\"@id\":\"https:\/\/sandzakpress.net\/arhiva\/mirkovic-prioritet-donosenje-medijskh-zakona\/#primaryimage\"},\"thumbnailUrl\":\"https:\/\/sandzakpress.net\/arhiva\/wp-content\/uploads\/2013\/10\/f9287c2453a7087fd80a5bcbb4859908_M-300x2071.jpg\",\"datePublished\":\"2013-10-21T14:55:05+00:00\",\"breadcrumb\":{\"@id\":\"https:\/\/sandzakpress.net\/arhiva\/mirkovic-prioritet-donosenje-medijskh-zakona\/#breadcrumb\"},\"inLanguage\":\"bs-BA\",\"potentialAction\":[{\"@type\":\"ReadAction\",\"target\":[\"https:\/\/sandzakpress.net\/arhiva\/mirkovic-prioritet-donosenje-medijskh-zakona\/\"]}]},{\"@type\":\"ImageObject\",\"inLanguage\":\"bs-BA\",\"@id\":\"https:\/\/sandzakpress.net\/arhiva\/mirkovic-prioritet-donosenje-medijskh-zakona\/#primaryimage\",\"url\":\"https:\/\/sandzakpress.net\/arhiva\/wp-content\/uploads\/2013\/10\/f9287c2453a7087fd80a5bcbb4859908_M-300x2071.jpg\",\"contentUrl\":\"https:\/\/sandzakpress.net\/arhiva\/wp-content\/uploads\/2013\/10\/f9287c2453a7087fd80a5bcbb4859908_M-300x2071.jpg\",\"width\":300,\"height\":207},{\"@type\":\"BreadcrumbList\",\"@id\":\"https:\/\/sandzakpress.net\/arhiva\/mirkovic-prioritet-donosenje-medijskh-zakona\/#breadcrumb\",\"itemListElement\":[{\"@type\":\"ListItem\",\"position\":1,\"name\":\"Home\",\"item\":\"https:\/\/sandzakpress.net\/arhiva\/\"},{\"@type\":\"ListItem\",\"position\":2,\"name\":\"Mirkovi\u0107: Prioritet dono\u0161enje medijskh zakona\"}]},{\"@type\":\"WebSite\",\"@id\":\"https:\/\/sandzakpress.net\/arhiva\/#website\",\"url\":\"https:\/\/sandzakpress.net\/arhiva\/\",\"name\":\"Sand\u017eak PRESS\",\"description\":\"Prve elektronske novine u Sand\u017eaku\",\"publisher\":{\"@id\":\"https:\/\/sandzakpress.net\/arhiva\/#\/schema\/person\/6e72b67d6e51910a1117b3b483ba20bd\"},\"potentialAction\":[{\"@type\":\"SearchAction\",\"target\":{\"@type\":\"EntryPoint\",\"urlTemplate\":\"https:\/\/sandzakpress.net\/arhiva\/?s={search_term_string}\"},\"query-input\":{\"@type\":\"PropertyValueSpecification\",\"valueRequired\":true,\"valueName\":\"search_term_string\"}}],\"inLanguage\":\"bs-BA\"},{\"@type\":[\"Person\",\"Organization\"],\"@id\":\"https:\/\/sandzakpress.net\/arhiva\/#\/schema\/person\/6e72b67d6e51910a1117b3b483ba20bd\",\"name\":\"Kul\",\"image\":{\"@type\":\"ImageObject\",\"inLanguage\":\"bs-BA\",\"@id\":\"https:\/\/sandzakpress.net\/arhiva\/#\/schema\/person\/image\/\",\"url\":\"https:\/\/secure.gravatar.com\/avatar\/42263f39aa27ac04c43cab85c280eb2e?s=96&d=mm&r=pg\",\"contentUrl\":\"https:\/\/secure.gravatar.com\/avatar\/42263f39aa27ac04c43cab85c280eb2e?s=96&d=mm&r=pg\",\"caption\":\"Kul\"},\"logo\":{\"@id\":\"https:\/\/sandzakpress.net\/arhiva\/#\/schema\/person\/image\/\"}},{\"@type\":\"Person\",\"@id\":\"https:\/\/sandzakpress.net\/arhiva\/#\/schema\/person\/c8baee722073534b583ea7bdb2e36c02\",\"name\":\"bosniak\",\"image\":{\"@type\":\"ImageObject\",\"inLanguage\":\"bs-BA\",\"@id\":\"https:\/\/sandzakpress.net\/arhiva\/#\/schema\/person\/image\/\",\"url\":\"https:\/\/secure.gravatar.com\/avatar\/a04fd330bfe3a36a72a0ad4a6d89fca7?s=96&d=mm&r=pg\",\"contentUrl\":\"https:\/\/secure.gravatar.com\/avatar\/a04fd330bfe3a36a72a0ad4a6d89fca7?s=96&d=mm&r=pg\",\"caption\":\"bosniak\"},\"url\":\"https:\/\/sandzakpress.net\/arhiva\/author\/bosniak\/\"}]}<\/script>\n<!-- \/ Yoast SEO Premium plugin. -->","yoast_head_json":{"title":"Mirkovi\u0107: Prioritet dono\u0161enje medijskh zakona","robots":{"index":"index","follow":"follow","max-snippet":"max-snippet:-1","max-image-preview":"max-image-preview:large","max-video-preview":"max-video-preview:-1"},"canonical":"https:\/\/sandzakpress.net\/arhiva\/mirkovic-prioritet-donosenje-medijskh-zakona\/","og_locale":"bs_BA","og_type":"article","og_title":"Mirkovi\u0107: Prioritet dono\u0161enje medijskh zakona","og_description":"Srbija &#8211; Pomo\u0107nik ministra kulture zadu\u017een za medije Sa\u0161a Mirkovi\u0107 izjavio je da je dono\u0161enje medijskh zakona &#8220;prioritet prioriteta&#8221; i da je \u017eelja ministarstva da stvori jednake uslove za rad svim medijima u zemlji. &#8220;Na\u0161a klju\u010dna ideja je da stvorimo takav zakonodavni okvir koji bi medijima omogu\u0107io lak\u0161e poslovanje u vrijeme ekonomske krize koja ih [&hellip;]","og_url":"https:\/\/sandzakpress.net\/arhiva\/mirkovic-prioritet-donosenje-medijskh-zakona\/","og_site_name":"Sand\u017eak PRESS","article_published_time":"2013-10-21T14:55:05+00:00","og_image":[{"width":300,"height":207,"url":"https:\/\/sandzakpress.net\/arhiva\/wp-content\/uploads\/2013\/10\/f9287c2453a7087fd80a5bcbb4859908_M-300x2071.jpg","type":"image\/jpeg"}],"author":"bosniak","twitter_card":"summary_large_image","twitter_misc":{"Written by":"bosniak","Est. reading time":"1 minuta"},"schema":{"@context":"https:\/\/schema.org","@graph":[{"@type":"Article","@id":"https:\/\/sandzakpress.net\/arhiva\/mirkovic-prioritet-donosenje-medijskh-zakona\/#article","isPartOf":{"@id":"https:\/\/sandzakpress.net\/arhiva\/mirkovic-prioritet-donosenje-medijskh-zakona\/"},"author":{"name":"bosniak","@id":"https:\/\/sandzakpress.net\/arhiva\/#\/schema\/person\/c8baee722073534b583ea7bdb2e36c02"},"headline":"Mirkovi\u0107: Prioritet dono\u0161enje medijskh zakona","datePublished":"2013-10-21T14:55:05+00:00","mainEntityOfPage":{"@id":"https:\/\/sandzakpress.net\/arhiva\/mirkovic-prioritet-donosenje-medijskh-zakona\/"},"wordCount":266,"commentCount":0,"publisher":{"@id":"https:\/\/sandzakpress.net\/arhiva\/#\/schema\/person\/6e72b67d6e51910a1117b3b483ba20bd"},"image":{"@id":"https:\/\/sandzakpress.net\/arhiva\/mirkovic-prioritet-donosenje-medijskh-zakona\/#primaryimage"},"thumbnailUrl":"https:\/\/sandzakpress.net\/arhiva\/wp-content\/uploads\/2013\/10\/f9287c2453a7087fd80a5bcbb4859908_M-300x2071.jpg","articleSection":["Politika","Srbija"],"inLanguage":"bs-BA","potentialAction":[{"@type":"CommentAction","name":"Comment","target":["https:\/\/sandzakpress.net\/arhiva\/mirkovic-prioritet-donosenje-medijskh-zakona\/#respond"]}]},{"@type":"WebPage","@id":"https:\/\/sandzakpress.net\/arhiva\/mirkovic-prioritet-donosenje-medijskh-zakona\/","url":"https:\/\/sandzakpress.net\/arhiva\/mirkovic-prioritet-donosenje-medijskh-zakona\/","name":"Mirkovi\u0107: Prioritet dono\u0161enje medijskh zakona","isPartOf":{"@id":"https:\/\/sandzakpress.net\/arhiva\/#website"},"primaryImageOfPage":{"@id":"https:\/\/sandzakpress.net\/arhiva\/mirkovic-prioritet-donosenje-medijskh-zakona\/#primaryimage"},"image":{"@id":"https:\/\/sandzakpress.net\/arhiva\/mirkovic-prioritet-donosenje-medijskh-zakona\/#primaryimage"},"thumbnailUrl":"https:\/\/sandzakpress.net\/arhiva\/wp-content\/uploads\/2013\/10\/f9287c2453a7087fd80a5bcbb4859908_M-300x2071.jpg","datePublished":"2013-10-21T14:55:05+00:00","breadcrumb":{"@id":"https:\/\/sandzakpress.net\/arhiva\/mirkovic-prioritet-donosenje-medijskh-zakona\/#breadcrumb"},"inLanguage":"bs-BA","potentialAction":[{"@type":"ReadAction","target":["https:\/\/sandzakpress.net\/arhiva\/mirkovic-prioritet-donosenje-medijskh-zakona\/"]}]},{"@type":"ImageObject","inLanguage":"bs-BA","@id":"https:\/\/sandzakpress.net\/arhiva\/mirkovic-prioritet-donosenje-medijskh-zakona\/#primaryimage","url":"https:\/\/sandzakpress.net\/arhiva\/wp-content\/uploads\/2013\/10\/f9287c2453a7087fd80a5bcbb4859908_M-300x2071.jpg","contentUrl":"https:\/\/sandzakpress.net\/arhiva\/wp-content\/uploads\/2013\/10\/f9287c2453a7087fd80a5bcbb4859908_M-300x2071.jpg","width":300,"height":207},{"@type":"BreadcrumbList","@id":"https:\/\/sandzakpress.net\/arhiva\/mirkovic-prioritet-donosenje-medijskh-zakona\/#breadcrumb","itemListElement":[{"@type":"ListItem","position":1,"name":"Home","item":"https:\/\/sandzakpress.net\/arhiva\/"},{"@type":"ListItem","position":2,"name":"Mirkovi\u0107: Prioritet dono\u0161enje medijskh zakona"}]},{"@type":"WebSite","@id":"https:\/\/sandzakpress.net\/arhiva\/#website","url":"https:\/\/sandzakpress.net\/arhiva\/","name":"Sand\u017eak PRESS","description":"Prve elektronske novine u Sand\u017eaku","publisher":{"@id":"https:\/\/sandzakpress.net\/arhiva\/#\/schema\/person\/6e72b67d6e51910a1117b3b483ba20bd"},"potentialAction":[{"@type":"SearchAction","target":{"@type":"EntryPoint","urlTemplate":"https:\/\/sandzakpress.net\/arhiva\/?s={search_term_string}"},"query-input":{"@type":"PropertyValueSpecification","valueRequired":true,"valueName":"search_term_string"}}],"inLanguage":"bs-BA"},{"@type":["Person","Organization"],"@id":"https:\/\/sandzakpress.net\/arhiva\/#\/schema\/person\/6e72b67d6e51910a1117b3b483ba20bd","name":"Kul","image":{"@type":"ImageObject","inLanguage":"bs-BA","@id":"https:\/\/sandzakpress.net\/arhiva\/#\/schema\/person\/image\/","url":"https:\/\/secure.gravatar.com\/avatar\/42263f39aa27ac04c43cab85c280eb2e?s=96&d=mm&r=pg","contentUrl":"https:\/\/secure.gravatar.com\/avatar\/42263f39aa27ac04c43cab85c280eb2e?s=96&d=mm&r=pg","caption":"Kul"},"logo":{"@id":"https:\/\/sandzakpress.net\/arhiva\/#\/schema\/person\/image\/"}},{"@type":"Person","@id":"https:\/\/sandzakpress.net\/arhiva\/#\/schema\/person\/c8baee722073534b583ea7bdb2e36c02","name":"bosniak","image":{"@type":"ImageObject","inLanguage":"bs-BA","@id":"https:\/\/sandzakpress.net\/arhiva\/#\/schema\/person\/image\/","url":"https:\/\/secure.gravatar.com\/avatar\/a04fd330bfe3a36a72a0ad4a6d89fca7?s=96&d=mm&r=pg","contentUrl":"https:\/\/secure.gravatar.com\/avatar\/a04fd330bfe3a36a72a0ad4a6d89fca7?s=96&d=mm&r=pg","caption":"bosniak"},"url":"https:\/\/sandzakpress.net\/arhiva\/author\/bosniak\/"}]}},"_links":{"self":[{"href":"https:\/\/sandzakpress.net\/arhiva\/wp-json\/wp\/v2\/posts\/91879"}],"collection":[{"href":"https:\/\/sandzakpress.net\/arhiva\/wp-json\/wp\/v2\/posts"}],"about":[{"href":"https:\/\/sandzakpress.net\/arhiva\/wp-json\/wp\/v2\/types\/post"}],"author":[{"embeddable":true,"href":"https:\/\/sandzakpress.net\/arhiva\/wp-json\/wp\/v2\/users\/83"}],"replies":[{"embeddable":true,"href":"https:\/\/sandzakpress.net\/arhiva\/wp-json\/wp\/v2\/comments?post=91879"}],"version-history":[{"count":0,"href":"https:\/\/sandzakpress.net\/arhiva\/wp-json\/wp\/v2\/posts\/91879\/revisions"}],"wp:featuredmedia":[{"embeddable":true,"href":"https:\/\/sandzakpress.net\/arhiva\/wp-json\/wp\/v2\/media\/91881"}],"wp:attachment":[{"href":"https:\/\/sandzakpress.net\/arhiva\/wp-json\/wp\/v2\/media?parent=91879"}],"wp:term":[{"taxonomy":"category","embeddable":true,"href":"https:\/\/sandzakpress.net\/arhiva\/wp-json\/wp\/v2\/categories?post=91879"},{"taxonomy":"post_tag","embeddable":true,"href":"https:\/\/sandzakpress.net\/arhiva\/wp-json\/wp\/v2\/tags?post=91879"}],"curies":[{"name":"wp","href":"https:\/\/api.w.org\/{rel}","templated":true}]}}