{"id":91844,"date":"2013-10-21T16:16:15","date_gmt":"2013-10-21T14:16:15","guid":{"rendered":"https:\/\/sandzakpress.net\/arhiva\/?p=91844"},"modified":"2013-10-21T16:16:15","modified_gmt":"2013-10-21T14:16:15","slug":"zmajevima-u-narednih-mjesec-dana-stize-veliko-pojacanje-sead-kolasinac-iz-schalkea","status":"publish","type":"post","link":"https:\/\/sandzakpress.net\/arhiva\/zmajevima-u-narednih-mjesec-dana-stize-veliko-pojacanje-sead-kolasinac-iz-schalkea\/","title":{"rendered":"Zmajevima u narednih mjesec dana sti\u017ee veliko poja\u010danje &#8211; Sead Kola\u0161inac iz Schalkea"},"content":{"rendered":"<p><strong><img decoding=\"async\" class=\"aligncenter\" alt=\"Zmajevima u narednih mjesec dana sti\u017ee veliko poja\u010danje\" src=\"http:\/\/www.sport.ba\/assets\/uploads\/2013\/10\/sejo-kolasinac.jpg\" \/>BiH &#8211; Fudbalska reprezentacija Bosne i Hercegovine u narednih mjesec dana bi mogla dobiti stra\u0161no poja\u010danje.<\/strong><\/p>\n<p>Naime, fudbaler Schalkea Sead Kola\u0161inac, koji je nedavno izvadio bh. paso\u0161, dobio je zeleno svijetlo iz Fudbalskog saveza Njema\u010dke.<\/p>\n<p>DFB je na adresu Nogometnog\/Fudbalskog saveza Bosne i Hercegovine poslao potvrdu u kojoj stoji kako Kola\u0161inac nije nastupao za A reprezentaciju Njema\u010dke.<\/p>\n<p>To je bio posljednji dokument koji je bio potreban da se u FIFA preda zahtjev za promjenu sportskog dr\u017eavljanstva, \u0161to su u administraciji N\/FSBiH i napravili.<\/p>\n<p>Sada se \u010deka potvrda iz Svjetske fudbalske federacija, koja bi po svemu sude\u0107i trebala do\u0107i u narednih 15 dana, \u0161to bi zna\u010dilo da bi Kola\u0161inac mogao debitovati za BiH ve\u0107 18. novembra protiv Argentine.<\/p>\n<p>(Sport.ba)<\/p>\n","protected":false},"excerpt":{"rendered":"<p>BiH &#8211; Fudbalska reprezentacija Bosne i Hercegovine u narednih mjesec dana bi mogla dobiti stra\u0161no poja\u010danje. Naime, fudbaler Schalkea Sead Kola\u0161inac, koji je nedavno izvadio bh. paso\u0161, dobio je zeleno svijetlo iz Fudbalskog saveza Njema\u010dke. DFB je na adresu Nogometnog\/Fudbalskog saveza Bosne i Hercegovine poslao potvrdu u kojoj stoji kako Kola\u0161inac nije nastupao za A [&hellip;]<\/p>\n","protected":false},"author":83,"featured_media":91845,"comment_status":"open","ping_status":"open","sticky":false,"template":"","format":"standard","meta":{"footnotes":""},"categories":[2860,13,9544,8957],"tags":[10393,10397],"class_list":{"0":"post-91844","1":"post","2":"type-post","3":"status-publish","4":"format-standard","5":"has-post-thumbnail","7":"category-bosna-i-hercegovina-gradovi","8":"category-sport","9":"category-svicarska-dijaspora-gradovi-vase-vijesti","10":"category-vijesti-dana","11":"tag-reprezentacija-bih","12":"tag-sead-kolasinac"},"yoast_head":"<!-- This site is optimized with the Yoast SEO Premium plugin v23.1 (Yoast SEO v24.9) - https:\/\/yoast.com\/wordpress\/plugins\/seo\/ -->\n<title>Zmajevima u narednih mjesec dana sti\u017ee veliko poja\u010danje - Sead Kola\u0161inac iz Schalkea<\/title>\n<meta name=\"robots\" content=\"index, follow, max-snippet:-1, max-image-preview:large, max-video-preview:-1\" \/>\n<link rel=\"canonical\" href=\"https:\/\/sandzakpress.net\/arhiva\/zmajevima-u-narednih-mjesec-dana-stize-veliko-pojacanje-sead-kolasinac-iz-schalkea\/\" \/>\n<meta property=\"og:locale\" content=\"bs_BA\" \/>\n<meta property=\"og:type\" content=\"article\" \/>\n<meta property=\"og:title\" content=\"Zmajevima u narednih mjesec dana sti\u017ee veliko poja\u010danje - Sead Kola\u0161inac iz Schalkea\" \/>\n<meta property=\"og:description\" content=\"BiH &#8211; Fudbalska reprezentacija Bosne i Hercegovine u narednih mjesec dana bi mogla dobiti stra\u0161no poja\u010danje. Naime, fudbaler Schalkea Sead Kola\u0161inac, koji je nedavno izvadio bh. paso\u0161, dobio je zeleno svijetlo iz Fudbalskog saveza Njema\u010dke. DFB je na adresu Nogometnog\/Fudbalskog saveza Bosne i Hercegovine poslao potvrdu u kojoj stoji kako Kola\u0161inac nije nastupao za A [&hellip;]\" \/>\n<meta property=\"og:url\" content=\"https:\/\/sandzakpress.net\/arhiva\/zmajevima-u-narednih-mjesec-dana-stize-veliko-pojacanje-sead-kolasinac-iz-schalkea\/\" \/>\n<meta property=\"og:site_name\" content=\"Sand\u017eak PRESS\" \/>\n<meta property=\"article:published_time\" content=\"2013-10-21T14:16:15+00:00\" \/>\n<meta property=\"og:image\" content=\"https:\/\/sandzakpress.net\/arhiva\/wp-content\/uploads\/2013\/10\/sejo-kolasinac.jpg\" \/>\n\t<meta property=\"og:image:width\" content=\"600\" \/>\n\t<meta property=\"og:image:height\" content=\"300\" \/>\n\t<meta property=\"og:image:type\" content=\"image\/jpeg\" \/>\n<meta name=\"author\" content=\"bosniak\" \/>\n<meta name=\"twitter:card\" content=\"summary_large_image\" \/>\n<meta name=\"twitter:label1\" content=\"Written by\" \/>\n\t<meta name=\"twitter:data1\" content=\"bosniak\" \/>\n\t<meta name=\"twitter:label2\" content=\"Est. reading time\" \/>\n\t<meta name=\"twitter:data2\" content=\"1 minuta\" \/>\n<script type=\"application\/ld+json\" class=\"yoast-schema-graph\">{\"@context\":\"https:\/\/schema.org\",\"@graph\":[{\"@type\":\"Article\",\"@id\":\"https:\/\/sandzakpress.net\/arhiva\/zmajevima-u-narednih-mjesec-dana-stize-veliko-pojacanje-sead-kolasinac-iz-schalkea\/#article\",\"isPartOf\":{\"@id\":\"https:\/\/sandzakpress.net\/arhiva\/zmajevima-u-narednih-mjesec-dana-stize-veliko-pojacanje-sead-kolasinac-iz-schalkea\/\"},\"author\":{\"name\":\"bosniak\",\"@id\":\"https:\/\/sandzakpress.net\/arhiva\/#\/schema\/person\/c8baee722073534b583ea7bdb2e36c02\"},\"headline\":\"Zmajevima u narednih mjesec dana sti\u017ee veliko poja\u010danje &#8211; Sead Kola\u0161inac iz Schalkea\",\"datePublished\":\"2013-10-21T14:16:15+00:00\",\"mainEntityOfPage\":{\"@id\":\"https:\/\/sandzakpress.net\/arhiva\/zmajevima-u-narednih-mjesec-dana-stize-veliko-pojacanje-sead-kolasinac-iz-schalkea\/\"},\"wordCount\":146,\"commentCount\":5,\"publisher\":{\"@id\":\"https:\/\/sandzakpress.net\/arhiva\/#\/schema\/person\/6e72b67d6e51910a1117b3b483ba20bd\"},\"image\":{\"@id\":\"https:\/\/sandzakpress.net\/arhiva\/zmajevima-u-narednih-mjesec-dana-stize-veliko-pojacanje-sead-kolasinac-iz-schalkea\/#primaryimage\"},\"thumbnailUrl\":\"https:\/\/sandzakpress.net\/arhiva\/wp-content\/uploads\/2013\/10\/sejo-kolasinac.jpg\",\"keywords\":[\"reprezentacija BiH\",\"Sead Kola\u0161inac\"],\"articleSection\":[\"Bosna i Hercegovina\",\"Sport\",\"\u0160vicarska\",\"VIJESTI DANA\"],\"inLanguage\":\"bs-BA\",\"potentialAction\":[{\"@type\":\"CommentAction\",\"name\":\"Comment\",\"target\":[\"https:\/\/sandzakpress.net\/arhiva\/zmajevima-u-narednih-mjesec-dana-stize-veliko-pojacanje-sead-kolasinac-iz-schalkea\/#respond\"]}]},{\"@type\":\"WebPage\",\"@id\":\"https:\/\/sandzakpress.net\/arhiva\/zmajevima-u-narednih-mjesec-dana-stize-veliko-pojacanje-sead-kolasinac-iz-schalkea\/\",\"url\":\"https:\/\/sandzakpress.net\/arhiva\/zmajevima-u-narednih-mjesec-dana-stize-veliko-pojacanje-sead-kolasinac-iz-schalkea\/\",\"name\":\"Zmajevima u narednih mjesec dana sti\u017ee veliko poja\u010danje - Sead Kola\u0161inac iz Schalkea\",\"isPartOf\":{\"@id\":\"https:\/\/sandzakpress.net\/arhiva\/#website\"},\"primaryImageOfPage\":{\"@id\":\"https:\/\/sandzakpress.net\/arhiva\/zmajevima-u-narednih-mjesec-dana-stize-veliko-pojacanje-sead-kolasinac-iz-schalkea\/#primaryimage\"},\"image\":{\"@id\":\"https:\/\/sandzakpress.net\/arhiva\/zmajevima-u-narednih-mjesec-dana-stize-veliko-pojacanje-sead-kolasinac-iz-schalkea\/#primaryimage\"},\"thumbnailUrl\":\"https:\/\/sandzakpress.net\/arhiva\/wp-content\/uploads\/2013\/10\/sejo-kolasinac.jpg\",\"datePublished\":\"2013-10-21T14:16:15+00:00\",\"breadcrumb\":{\"@id\":\"https:\/\/sandzakpress.net\/arhiva\/zmajevima-u-narednih-mjesec-dana-stize-veliko-pojacanje-sead-kolasinac-iz-schalkea\/#breadcrumb\"},\"inLanguage\":\"bs-BA\",\"potentialAction\":[{\"@type\":\"ReadAction\",\"target\":[\"https:\/\/sandzakpress.net\/arhiva\/zmajevima-u-narednih-mjesec-dana-stize-veliko-pojacanje-sead-kolasinac-iz-schalkea\/\"]}]},{\"@type\":\"ImageObject\",\"inLanguage\":\"bs-BA\",\"@id\":\"https:\/\/sandzakpress.net\/arhiva\/zmajevima-u-narednih-mjesec-dana-stize-veliko-pojacanje-sead-kolasinac-iz-schalkea\/#primaryimage\",\"url\":\"https:\/\/sandzakpress.net\/arhiva\/wp-content\/uploads\/2013\/10\/sejo-kolasinac.jpg\",\"contentUrl\":\"https:\/\/sandzakpress.net\/arhiva\/wp-content\/uploads\/2013\/10\/sejo-kolasinac.jpg\",\"width\":600,\"height\":300},{\"@type\":\"BreadcrumbList\",\"@id\":\"https:\/\/sandzakpress.net\/arhiva\/zmajevima-u-narednih-mjesec-dana-stize-veliko-pojacanje-sead-kolasinac-iz-schalkea\/#breadcrumb\",\"itemListElement\":[{\"@type\":\"ListItem\",\"position\":1,\"name\":\"Home\",\"item\":\"https:\/\/sandzakpress.net\/arhiva\/\"},{\"@type\":\"ListItem\",\"position\":2,\"name\":\"Zmajevima u narednih mjesec dana sti\u017ee veliko poja\u010danje &#8211; Sead Kola\u0161inac iz Schalkea\"}]},{\"@type\":\"WebSite\",\"@id\":\"https:\/\/sandzakpress.net\/arhiva\/#website\",\"url\":\"https:\/\/sandzakpress.net\/arhiva\/\",\"name\":\"Sand\u017eak PRESS\",\"description\":\"Prve elektronske novine u Sand\u017eaku\",\"publisher\":{\"@id\":\"https:\/\/sandzakpress.net\/arhiva\/#\/schema\/person\/6e72b67d6e51910a1117b3b483ba20bd\"},\"potentialAction\":[{\"@type\":\"SearchAction\",\"target\":{\"@type\":\"EntryPoint\",\"urlTemplate\":\"https:\/\/sandzakpress.net\/arhiva\/?s={search_term_string}\"},\"query-input\":{\"@type\":\"PropertyValueSpecification\",\"valueRequired\":true,\"valueName\":\"search_term_string\"}}],\"inLanguage\":\"bs-BA\"},{\"@type\":[\"Person\",\"Organization\"],\"@id\":\"https:\/\/sandzakpress.net\/arhiva\/#\/schema\/person\/6e72b67d6e51910a1117b3b483ba20bd\",\"name\":\"Kul\",\"image\":{\"@type\":\"ImageObject\",\"inLanguage\":\"bs-BA\",\"@id\":\"https:\/\/sandzakpress.net\/arhiva\/#\/schema\/person\/image\/\",\"url\":\"https:\/\/secure.gravatar.com\/avatar\/42263f39aa27ac04c43cab85c280eb2e?s=96&d=mm&r=pg\",\"contentUrl\":\"https:\/\/secure.gravatar.com\/avatar\/42263f39aa27ac04c43cab85c280eb2e?s=96&d=mm&r=pg\",\"caption\":\"Kul\"},\"logo\":{\"@id\":\"https:\/\/sandzakpress.net\/arhiva\/#\/schema\/person\/image\/\"}},{\"@type\":\"Person\",\"@id\":\"https:\/\/sandzakpress.net\/arhiva\/#\/schema\/person\/c8baee722073534b583ea7bdb2e36c02\",\"name\":\"bosniak\",\"image\":{\"@type\":\"ImageObject\",\"inLanguage\":\"bs-BA\",\"@id\":\"https:\/\/sandzakpress.net\/arhiva\/#\/schema\/person\/image\/\",\"url\":\"https:\/\/secure.gravatar.com\/avatar\/a04fd330bfe3a36a72a0ad4a6d89fca7?s=96&d=mm&r=pg\",\"contentUrl\":\"https:\/\/secure.gravatar.com\/avatar\/a04fd330bfe3a36a72a0ad4a6d89fca7?s=96&d=mm&r=pg\",\"caption\":\"bosniak\"},\"url\":\"https:\/\/sandzakpress.net\/arhiva\/author\/bosniak\/\"}]}<\/script>\n<!-- \/ Yoast SEO Premium plugin. -->","yoast_head_json":{"title":"Zmajevima u narednih mjesec dana sti\u017ee veliko poja\u010danje - Sead Kola\u0161inac iz Schalkea","robots":{"index":"index","follow":"follow","max-snippet":"max-snippet:-1","max-image-preview":"max-image-preview:large","max-video-preview":"max-video-preview:-1"},"canonical":"https:\/\/sandzakpress.net\/arhiva\/zmajevima-u-narednih-mjesec-dana-stize-veliko-pojacanje-sead-kolasinac-iz-schalkea\/","og_locale":"bs_BA","og_type":"article","og_title":"Zmajevima u narednih mjesec dana sti\u017ee veliko poja\u010danje - Sead Kola\u0161inac iz Schalkea","og_description":"BiH &#8211; Fudbalska reprezentacija Bosne i Hercegovine u narednih mjesec dana bi mogla dobiti stra\u0161no poja\u010danje. Naime, fudbaler Schalkea Sead Kola\u0161inac, koji je nedavno izvadio bh. paso\u0161, dobio je zeleno svijetlo iz Fudbalskog saveza Njema\u010dke. DFB je na adresu Nogometnog\/Fudbalskog saveza Bosne i Hercegovine poslao potvrdu u kojoj stoji kako Kola\u0161inac nije nastupao za A [&hellip;]","og_url":"https:\/\/sandzakpress.net\/arhiva\/zmajevima-u-narednih-mjesec-dana-stize-veliko-pojacanje-sead-kolasinac-iz-schalkea\/","og_site_name":"Sand\u017eak PRESS","article_published_time":"2013-10-21T14:16:15+00:00","og_image":[{"width":600,"height":300,"url":"https:\/\/sandzakpress.net\/arhiva\/wp-content\/uploads\/2013\/10\/sejo-kolasinac.jpg","type":"image\/jpeg"}],"author":"bosniak","twitter_card":"summary_large_image","twitter_misc":{"Written by":"bosniak","Est. reading time":"1 minuta"},"schema":{"@context":"https:\/\/schema.org","@graph":[{"@type":"Article","@id":"https:\/\/sandzakpress.net\/arhiva\/zmajevima-u-narednih-mjesec-dana-stize-veliko-pojacanje-sead-kolasinac-iz-schalkea\/#article","isPartOf":{"@id":"https:\/\/sandzakpress.net\/arhiva\/zmajevima-u-narednih-mjesec-dana-stize-veliko-pojacanje-sead-kolasinac-iz-schalkea\/"},"author":{"name":"bosniak","@id":"https:\/\/sandzakpress.net\/arhiva\/#\/schema\/person\/c8baee722073534b583ea7bdb2e36c02"},"headline":"Zmajevima u narednih mjesec dana sti\u017ee veliko poja\u010danje &#8211; Sead Kola\u0161inac iz Schalkea","datePublished":"2013-10-21T14:16:15+00:00","mainEntityOfPage":{"@id":"https:\/\/sandzakpress.net\/arhiva\/zmajevima-u-narednih-mjesec-dana-stize-veliko-pojacanje-sead-kolasinac-iz-schalkea\/"},"wordCount":146,"commentCount":5,"publisher":{"@id":"https:\/\/sandzakpress.net\/arhiva\/#\/schema\/person\/6e72b67d6e51910a1117b3b483ba20bd"},"image":{"@id":"https:\/\/sandzakpress.net\/arhiva\/zmajevima-u-narednih-mjesec-dana-stize-veliko-pojacanje-sead-kolasinac-iz-schalkea\/#primaryimage"},"thumbnailUrl":"https:\/\/sandzakpress.net\/arhiva\/wp-content\/uploads\/2013\/10\/sejo-kolasinac.jpg","keywords":["reprezentacija BiH","Sead Kola\u0161inac"],"articleSection":["Bosna i Hercegovina","Sport","\u0160vicarska","VIJESTI DANA"],"inLanguage":"bs-BA","potentialAction":[{"@type":"CommentAction","name":"Comment","target":["https:\/\/sandzakpress.net\/arhiva\/zmajevima-u-narednih-mjesec-dana-stize-veliko-pojacanje-sead-kolasinac-iz-schalkea\/#respond"]}]},{"@type":"WebPage","@id":"https:\/\/sandzakpress.net\/arhiva\/zmajevima-u-narednih-mjesec-dana-stize-veliko-pojacanje-sead-kolasinac-iz-schalkea\/","url":"https:\/\/sandzakpress.net\/arhiva\/zmajevima-u-narednih-mjesec-dana-stize-veliko-pojacanje-sead-kolasinac-iz-schalkea\/","name":"Zmajevima u narednih mjesec dana sti\u017ee veliko poja\u010danje - Sead Kola\u0161inac iz Schalkea","isPartOf":{"@id":"https:\/\/sandzakpress.net\/arhiva\/#website"},"primaryImageOfPage":{"@id":"https:\/\/sandzakpress.net\/arhiva\/zmajevima-u-narednih-mjesec-dana-stize-veliko-pojacanje-sead-kolasinac-iz-schalkea\/#primaryimage"},"image":{"@id":"https:\/\/sandzakpress.net\/arhiva\/zmajevima-u-narednih-mjesec-dana-stize-veliko-pojacanje-sead-kolasinac-iz-schalkea\/#primaryimage"},"thumbnailUrl":"https:\/\/sandzakpress.net\/arhiva\/wp-content\/uploads\/2013\/10\/sejo-kolasinac.jpg","datePublished":"2013-10-21T14:16:15+00:00","breadcrumb":{"@id":"https:\/\/sandzakpress.net\/arhiva\/zmajevima-u-narednih-mjesec-dana-stize-veliko-pojacanje-sead-kolasinac-iz-schalkea\/#breadcrumb"},"inLanguage":"bs-BA","potentialAction":[{"@type":"ReadAction","target":["https:\/\/sandzakpress.net\/arhiva\/zmajevima-u-narednih-mjesec-dana-stize-veliko-pojacanje-sead-kolasinac-iz-schalkea\/"]}]},{"@type":"ImageObject","inLanguage":"bs-BA","@id":"https:\/\/sandzakpress.net\/arhiva\/zmajevima-u-narednih-mjesec-dana-stize-veliko-pojacanje-sead-kolasinac-iz-schalkea\/#primaryimage","url":"https:\/\/sandzakpress.net\/arhiva\/wp-content\/uploads\/2013\/10\/sejo-kolasinac.jpg","contentUrl":"https:\/\/sandzakpress.net\/arhiva\/wp-content\/uploads\/2013\/10\/sejo-kolasinac.jpg","width":600,"height":300},{"@type":"BreadcrumbList","@id":"https:\/\/sandzakpress.net\/arhiva\/zmajevima-u-narednih-mjesec-dana-stize-veliko-pojacanje-sead-kolasinac-iz-schalkea\/#breadcrumb","itemListElement":[{"@type":"ListItem","position":1,"name":"Home","item":"https:\/\/sandzakpress.net\/arhiva\/"},{"@type":"ListItem","position":2,"name":"Zmajevima u narednih mjesec dana sti\u017ee veliko poja\u010danje &#8211; Sead Kola\u0161inac iz Schalkea"}]},{"@type":"WebSite","@id":"https:\/\/sandzakpress.net\/arhiva\/#website","url":"https:\/\/sandzakpress.net\/arhiva\/","name":"Sand\u017eak PRESS","description":"Prve elektronske novine u Sand\u017eaku","publisher":{"@id":"https:\/\/sandzakpress.net\/arhiva\/#\/schema\/person\/6e72b67d6e51910a1117b3b483ba20bd"},"potentialAction":[{"@type":"SearchAction","target":{"@type":"EntryPoint","urlTemplate":"https:\/\/sandzakpress.net\/arhiva\/?s={search_term_string}"},"query-input":{"@type":"PropertyValueSpecification","valueRequired":true,"valueName":"search_term_string"}}],"inLanguage":"bs-BA"},{"@type":["Person","Organization"],"@id":"https:\/\/sandzakpress.net\/arhiva\/#\/schema\/person\/6e72b67d6e51910a1117b3b483ba20bd","name":"Kul","image":{"@type":"ImageObject","inLanguage":"bs-BA","@id":"https:\/\/sandzakpress.net\/arhiva\/#\/schema\/person\/image\/","url":"https:\/\/secure.gravatar.com\/avatar\/42263f39aa27ac04c43cab85c280eb2e?s=96&d=mm&r=pg","contentUrl":"https:\/\/secure.gravatar.com\/avatar\/42263f39aa27ac04c43cab85c280eb2e?s=96&d=mm&r=pg","caption":"Kul"},"logo":{"@id":"https:\/\/sandzakpress.net\/arhiva\/#\/schema\/person\/image\/"}},{"@type":"Person","@id":"https:\/\/sandzakpress.net\/arhiva\/#\/schema\/person\/c8baee722073534b583ea7bdb2e36c02","name":"bosniak","image":{"@type":"ImageObject","inLanguage":"bs-BA","@id":"https:\/\/sandzakpress.net\/arhiva\/#\/schema\/person\/image\/","url":"https:\/\/secure.gravatar.com\/avatar\/a04fd330bfe3a36a72a0ad4a6d89fca7?s=96&d=mm&r=pg","contentUrl":"https:\/\/secure.gravatar.com\/avatar\/a04fd330bfe3a36a72a0ad4a6d89fca7?s=96&d=mm&r=pg","caption":"bosniak"},"url":"https:\/\/sandzakpress.net\/arhiva\/author\/bosniak\/"}]}},"_links":{"self":[{"href":"https:\/\/sandzakpress.net\/arhiva\/wp-json\/wp\/v2\/posts\/91844"}],"collection":[{"href":"https:\/\/sandzakpress.net\/arhiva\/wp-json\/wp\/v2\/posts"}],"about":[{"href":"https:\/\/sandzakpress.net\/arhiva\/wp-json\/wp\/v2\/types\/post"}],"author":[{"embeddable":true,"href":"https:\/\/sandzakpress.net\/arhiva\/wp-json\/wp\/v2\/users\/83"}],"replies":[{"embeddable":true,"href":"https:\/\/sandzakpress.net\/arhiva\/wp-json\/wp\/v2\/comments?post=91844"}],"version-history":[{"count":0,"href":"https:\/\/sandzakpress.net\/arhiva\/wp-json\/wp\/v2\/posts\/91844\/revisions"}],"wp:featuredmedia":[{"embeddable":true,"href":"https:\/\/sandzakpress.net\/arhiva\/wp-json\/wp\/v2\/media\/91845"}],"wp:attachment":[{"href":"https:\/\/sandzakpress.net\/arhiva\/wp-json\/wp\/v2\/media?parent=91844"}],"wp:term":[{"taxonomy":"category","embeddable":true,"href":"https:\/\/sandzakpress.net\/arhiva\/wp-json\/wp\/v2\/categories?post=91844"},{"taxonomy":"post_tag","embeddable":true,"href":"https:\/\/sandzakpress.net\/arhiva\/wp-json\/wp\/v2\/tags?post=91844"}],"curies":[{"name":"wp","href":"https:\/\/api.w.org\/{rel}","templated":true}]}}