{"id":91515,"date":"2013-10-18T09:23:09","date_gmt":"2013-10-18T07:23:09","guid":{"rendered":"https:\/\/sandzakpress.net\/arhiva\/?p=91515"},"modified":"2013-10-18T09:23:09","modified_gmt":"2013-10-18T07:23:09","slug":"podrska-iz-new-yorka-predsjedniku-svjetskog-bosnjackog-kongresa-i-sandzackom-muftiji","status":"publish","type":"post","link":"https:\/\/sandzakpress.net\/arhiva\/podrska-iz-new-yorka-predsjedniku-svjetskog-bosnjackog-kongresa-i-sandzackom-muftiji\/","title":{"rendered":"Podr\u0161ka iz New Yorka Predsjedniku svjetskog bo\u0161nja\u010dkog kongresa i Sand\u017ea\u010dkom muftiji"},"content":{"rendered":"<p><strong><img loading=\"lazy\" decoding=\"async\" class=\"aligncenter size-medium wp-image-91516\" alt=\"smaile i ago\" src=\"https:\/\/sandzakpress.net\/arhiva\/wp-content\/uploads\/2013\/10\/smaile-i-ago-300x150.jpg\" width=\"300\" height=\"150\" \/><\/strong><\/p>\n<p><strong>New York &#8211; Mi potpisani Bo\u0161njaci, rodom iz plavsko-gusinjskog kraja, Ju\u017eni Sand\u017eak, koji \u017eivimo u New Yorku, javno osu\u0111ujemo medijsku kampanju koja je usmjerena protiv biv\u0161eg reisu-l-uleme dr. Mustafe ef. Ceri\u0107a, predsjednika Svjetskog bo\u0161nja\u010dkog kongresa i posebno zadnjih nekoliko sedmica protiv sand\u017ea\u010dkog muftije Muamera ef. Zukorli\u0107a.<\/strong><!--more--> Ova medijska kampanja, od uglednih Bo\u0161njaka, nije bez razloga okarekterisana kao antibo\u0161nja\u010dki i anticivilizacijski \u010din. Posebno iz razloga \u0161to je svima nama jasno da medijska kampanja koja se vodi iz genocidnih centara mo\u0107i Beograda, Podgorice i dijelom Zagreba, u kojoj su uklju\u010deni zakr\u017eljali (pro)komunisti\u010dki kadrovi, novopazarski pijuni i \u0161pijuni i mediji. Toj sramnoj kampanji priklju\u010dio se \u201cDnevni avaz\u201d, koji sada bajraktari sa podvalama i potvorama koje nastaju u pokvarenom umu vlasnika, koji sa svog \u201cTwist begovata\u201d sve vidi \u0161ta se radi u Sand\u017eaku, a ne vidi vajni bosanski ministar sigurnosti zlostavljanje i premla\u0107ivanje srebreni\u010dkih majki, kao i desetine hiljada do zuba naoru\u017eanih uniformisanih \u010detnika i usta\u0161a koji vr\u0161ljaju Bosnom i Hercegovinom koji vr\u0161e teror nad bo\u0161nja\u010dkim povratnicima i pre\u017eivjelim \u017ertvama genocida, kao i njihove namjere uni\u0161tenja dr\u017eave Bosne.<\/p>\n<p>U ovom antibo\u0161nja\u010dkom \u010dinu \u0161pijuni i slugani neprijatelja na\u0161eg naroda udarili su na one ljude koji godinama predano rade na institucionalnom uzdizanju i uvezizanju islamskog vjerskog i bo\u0161nja\u010dkog nacionalnog bi\u0107a kako u Bosni i Sand\u017eaku, tako i u dijaspori. Avazovi \u010dlanci potvr\u0111uju da je Fahrudinu Radon\u010di\u0107u i njegovim srpsko-crnogorskim pajda\u0161ima iz Beograda i Podgorice smetaju oni ljudi koji ula\u017eu napore u institucionalnom bo\u0161nja\u010dkom nacionalnom, kulturnom i vjerskom ja\u010danju. Smetaju im obnove i izgradnje d\u017eamija, bo\u0161nja\u010dkih kulturnih i islamskih centara, obrazovnih institucija od vrti\u0107a do univerziteta, osnivanje nacionalnih organizacija koji \u0107e, ako Bog da, u budu\u0107nosti brinuti o svakom Bo\u0161njaku od ma\u0161rika do magriba.<\/p>\n<p>Za razliku od njih, da li je ikome danas potrebno obja\u0161njavati kako je ovaj Podgori\u010danin gusinjskog porijekla sa kesom prljavog ve\u0161a do\u0161ao u Sarajevo i kako je u\u0161ao u biznis medija, tornjeva i rotacionih restorana od \u010dega najvi\u0161u korist ima samo on, dok nikakve koristi nema niti Bosna niti bo\u0161nja\u010dki narod, pa iako su mu, prema pisanju mnogih bosanskih medija, dodijeljena ogromna sredstva od donacija koje su namijenje napa\u0107enom bo\u0161nja\u010dkom narodu, protiv kojeg se Radon\u010di\u0107 okre\u0107e kako zapu\u0161e vjetar iz Beograda i Podgorice. Jasno je da se radi o ratnom profiterstvu i boga\u0107enju na ra\u010dun \u017ertava genocida. Ali onaj ko nema obraza ne mo\u017ee ni imati stida, tako ka\u017ee na\u0161 mudri narod.<\/p>\n<p>Potvora \u201cDnevnog avaza\u201d, koja je kao najgori oblik anticivilizacijskog \u010dina, koju vlasnik pomenutog lista plasira s namjerom da se javno obra\u010duna sa onima koje je nazivao \u201cprijateljima\u201d, izmi\u0161ljaju\u0107i kojekakve scene, ustvari je udario na obraz i \u010dast \u010destitih Bo\u0161njakinja (i Bo\u0161njaka) Sand\u017eaka, a sve to \u010dini kriju\u0107i se iza imena svojih pla\u0107enih tre\u0107erazrednih novinara. Radon\u010di\u0107ev \u201cAvaz\u201d navdno da bude autenti\u010dan sakuplja izjave od onih koji predano rade za re\u017eim u Beogradu i Podgorici. Prema tome nije slu\u010dajno \u0161to su ministru Radon\u010di\u0107u postali bliskiji ba\u0161 oni koji otvoreno rade za Beograd i Podgoricu. Isto kao \u0161to nije slu\u010dajno \u0161to su Radon\u010di\u0107evi napadi uslijedili u momentu formiranja Bo\u0161nja\u010dke demokratske zajednice u Crnoj Gori i posebno kada su po\u010deli razgovori europskoj prekograni\u010dnoj regiji Sand\u017eak. Svima je jasno za\u0161to Milo\u0161evi\u0107ev poslu\u0161nik \u0110ukanovi\u0107 a Radon\u010di\u0107ev vrli pajda\u0161, sakrio predreferendumski ugovor o prekograni\u010dnoj regiji Sand\u017eak. Mislio je Milo-britva da je \u201992 i da mo\u017ee da prijeti Bo\u0161njacima lisicama, pendrekom, kamom i progonom, zato je unajmio bosanskog ministra sigurnosti da blati ugledne bo\u0161nja\u010dke lidere, i da mu tako ruke ostanu \u010diste ba\u0161 kao ratnih 90-tih.<\/p>\n<p>Svima je poznato, posebno vlasniku Dnevnog avaza, da je malo mjesta na dunjaluku kao \u0161to Sand\u017eak gdje se jo\u0161 uvijek cjene i po\u0161tuju tradicionale, vjerske, nacionalne i porodi\u010dne vrijednosti. Gdje se vodi ra\u010duna o vjeri, datoj rje\u010di, \u010dasti, obrazu, dostojanstvu, porodici\u2026 Zna dobro Radon\u010di\u0107 kako je u plavsko-gusinjskom kraju, za koji nikad ni\u0161ta pozitivno nije uradio, niti je ikada u\u010destvovao u uzgradnji bilo kojeg vjerskog objekta. Za razliku od njega mnogi na\u0161i sunarodnici koji \u017eive u Sarajevu, New Yorku, u zapadnoj Evropi\u2026 s ponosom isti\u010du svoj plavsko-gusinjski zavi\u010daj i sand\u017ea\u010dko porijeklo. Toliko je tog obi\u010dnog svijeta koji su puno dobra uradili za svoj zavi\u010daj Plav i Gusinje, Sand\u017eak i Bosnu. Ti obi\u010dni ljudi su od svojih zarada izdvajali i pomagali svoje sunarodnike u Sarajevu za vrijeme srpsko-crnogorske agresije na BiH, ali su i na sve strane pomagali i izgra\u0111ivali vjerske i nacionalne objekte. Ne znamo da li je \u010dudno, ali se po dobru nigdje ne spominje ime vlasnika Avaza, a ogroman novac i bogastvo je stekao na ra\u010dun bo\u0161nja\u010dke sirotinje. Zato nas ne \u010dudi \u0161to je danas svoje pero i pogani mozak usmjerio protiv svih naprednih Bo\u0161njaka koji svojim radom nastoje iza sebe ostaviti institucije koje \u0107e se brinuti i uzdizati bo\u0161nja\u010dki narod.<\/p>\n<p>Sand\u017eak i Bo\u0161njaci su imali burnu i na\u017ealost krvavu pro\u0161lost. Prije jednog stolje\u0107a 1912-13. i 1919., posebno je bilo te\u0161ko biti muslimam, Bo\u0161njak i Albanac u Plavu i Gusinju. Tada je crnogorska kraljevska vojska okupirala ovaj kraj i izvr\u0161ila genocid nad muslimanima, Bo\u0161njacima i Albancima. Potomci \u017ertava plavsko-gusinjskog genocida sa svojim sunarodnicima iz drugih krajeva Sand\u017eaka, od New Yorka preko Sarajeva do zavi\u010daja nastojali su i nastoje da institucionaliziraju stradanje na\u0161eg naroda, da se nikada i nikome ne dogodi genocid. Bratstvo Radon\u010di\u0107a kao jedno od najve\u0107ih u plavsko-gusinjskom kraju najvi\u0161e je stradalo u tom genocidu, ali njihov potomak sa sarajevskog \u201cTwista\u201d vjerovatno da se ne bi zamjerio potomcima crnogorskih zlikovaca nije se sjetio da obilje\u017ei stradanje svojih predaka. Dok, dr. Mustafa Ceri\u0107 sa pozicije Reisu-l-uleme IZ u BiH uputio je proglas osu\u0111uju\u0107i zlo\u010din genocida: \u201cOsu\u0111ujem genocid, ubistva, pokr\u0161tavanje i progon muslimana Bo\u0161njaka i Albanaca na podru\u010dju Plava i Gusinja u koji su bili involvirani tada\u0161nji dr\u017eavni organi Crne Gore\u201d(\u2026); i na kraju proglasa naglasio: \u201cPozivam slobodne i hrabre ljude da se ne boje istine i da ne bje\u017ee od pravde i da svi zajedno radimo za mir i pomirenje na sre\u0107u i zadovoljstvo svih\u201d. I reisu Ceri\u0107u i muftiji Zukorli\u0107u, suosje\u0107aju\u0107i se sa \u017ertvama i potomcima \u017ertava genocida, nije im bilo te\u0161ko da pro\u0111u stotine kolometara da bi krajem jula ove godine u\u010destovovali na nau\u010dnom simpoziju koji je odr\u017ean u Plavu. Zato smo mi Plavljani i Gusinjani kao i svi Bo\u0161njaci ponosni \u0161to imamo takvog takvog reisa i muftiju. A \u0161to se ti\u010de pisanja Avaza, pa usvakom \u017eitu ima kukolja, pa tako i kod nas.<\/p>\n<p>Naravno, mi se ovog puta ne\u0107emo baviti ljubavnim izletima i atrakcijama \u0161efa Avaza i bosanskog ministra sigurnosti. Taj &#8216;\u010dastan&#8217; zadatak prepu\u0161tamo njegovim novinarima da pi\u0161u o \u0161efovoj ljubavnoj dinastiji i pune stranice Avaza kako bi podigli tira\u017e ovoj \u201c\u017eutoj\u201d novini.\u00a0 Ali jedno je sigurno da \u0107e Bo\u0161njaci na Radon\u010di\u0107evo medijsko silad\u017eijstvo odgovoriti olovkom onda kada bude najpotrebnije.<\/p>\n<p>&nbsp;<\/p>\n<p style=\"text-align: right;\"><strong>Potpisnici podr\u0161ke<\/strong><\/p>\n<p style=\"text-align: right;\"><strong>Smajle Srdanovi\u0107, predsjednik Islamskog centra Monticello, NY \u2013 vakuf Plavljana i Gusinjana<\/strong><\/p>\n<p style=\"text-align: right;\"><strong>Ago Kolenovi\u0107, predsjednik IZ Plav Gusinje \u2013 New York<\/strong><\/p>\n<p style=\"text-align: center;\">New York, 14.okt. 2013.<\/p>\n","protected":false},"excerpt":{"rendered":"<p>New York &#8211; Mi potpisani Bo\u0161njaci, rodom iz plavsko-gusinjskog kraja, Ju\u017eni Sand\u017eak, koji \u017eivimo u New Yorku, javno osu\u0111ujemo medijsku kampanju koja je usmjerena protiv biv\u0161eg reisu-l-uleme dr. Mustafe ef. Ceri\u0107a, predsjednika Svjetskog bo\u0161nja\u010dkog kongresa i posebno zadnjih nekoliko sedmica protiv sand\u017ea\u010dkog muftije Muamera ef. Zukorli\u0107a.<\/p>\n","protected":false},"author":83,"featured_media":91517,"comment_status":"open","ping_status":"open","sticky":false,"template":"","format":"standard","meta":{"footnotes":""},"categories":[800,3012,8957],"tags":[],"class_list":{"0":"post-91515","1":"post","2":"type-post","3":"status-publish","4":"format-standard","5":"has-post-thumbnail","7":"category-nacija","8":"category-amerika-gradovi","9":"category-vijesti-dana"},"yoast_head":"<!-- This site is optimized with the Yoast SEO Premium plugin v23.1 (Yoast SEO v24.9) - https:\/\/yoast.com\/wordpress\/plugins\/seo\/ -->\n<title>Podr\u0161ka iz New Yorka Predsjedniku svjetskog bo\u0161nja\u010dkog kongresa i Sand\u017ea\u010dkom muftiji<\/title>\n<meta name=\"robots\" content=\"index, follow, max-snippet:-1, max-image-preview:large, max-video-preview:-1\" \/>\n<link rel=\"canonical\" href=\"https:\/\/sandzakpress.net\/arhiva\/podrska-iz-new-yorka-predsjedniku-svjetskog-bosnjackog-kongresa-i-sandzackom-muftiji\/\" \/>\n<meta property=\"og:locale\" content=\"bs_BA\" \/>\n<meta property=\"og:type\" content=\"article\" \/>\n<meta property=\"og:title\" content=\"Podr\u0161ka iz New Yorka Predsjedniku svjetskog bo\u0161nja\u010dkog kongresa i Sand\u017ea\u010dkom muftiji\" \/>\n<meta property=\"og:description\" content=\"New York &#8211; Mi potpisani Bo\u0161njaci, rodom iz plavsko-gusinjskog kraja, Ju\u017eni Sand\u017eak, koji \u017eivimo u New Yorku, javno osu\u0111ujemo medijsku kampanju koja je usmjerena protiv biv\u0161eg reisu-l-uleme dr. Mustafe ef. Ceri\u0107a, predsjednika Svjetskog bo\u0161nja\u010dkog kongresa i posebno zadnjih nekoliko sedmica protiv sand\u017ea\u010dkog muftije Muamera ef. Zukorli\u0107a.\" \/>\n<meta property=\"og:url\" content=\"https:\/\/sandzakpress.net\/arhiva\/podrska-iz-new-yorka-predsjedniku-svjetskog-bosnjackog-kongresa-i-sandzackom-muftiji\/\" \/>\n<meta property=\"og:site_name\" content=\"Sand\u017eak PRESS\" \/>\n<meta property=\"article:published_time\" content=\"2013-10-18T07:23:09+00:00\" \/>\n<meta property=\"og:image\" content=\"https:\/\/sandzakpress.net\/arhiva\/wp-content\/uploads\/2013\/10\/smaile-i-ago-300x1501.jpg\" \/>\n\t<meta property=\"og:image:width\" content=\"300\" \/>\n\t<meta property=\"og:image:height\" content=\"150\" \/>\n\t<meta property=\"og:image:type\" content=\"image\/jpeg\" \/>\n<meta name=\"author\" content=\"bosniak\" \/>\n<meta name=\"twitter:card\" content=\"summary_large_image\" \/>\n<meta name=\"twitter:label1\" content=\"Written by\" \/>\n\t<meta name=\"twitter:data1\" content=\"bosniak\" \/>\n\t<meta name=\"twitter:label2\" content=\"Est. reading time\" \/>\n\t<meta name=\"twitter:data2\" content=\"6 minuta\" \/>\n<script type=\"application\/ld+json\" class=\"yoast-schema-graph\">{\"@context\":\"https:\/\/schema.org\",\"@graph\":[{\"@type\":\"Article\",\"@id\":\"https:\/\/sandzakpress.net\/arhiva\/podrska-iz-new-yorka-predsjedniku-svjetskog-bosnjackog-kongresa-i-sandzackom-muftiji\/#article\",\"isPartOf\":{\"@id\":\"https:\/\/sandzakpress.net\/arhiva\/podrska-iz-new-yorka-predsjedniku-svjetskog-bosnjackog-kongresa-i-sandzackom-muftiji\/\"},\"author\":{\"name\":\"bosniak\",\"@id\":\"https:\/\/sandzakpress.net\/arhiva\/#\/schema\/person\/c8baee722073534b583ea7bdb2e36c02\"},\"headline\":\"Podr\u0161ka iz New Yorka Predsjedniku svjetskog bo\u0161nja\u010dkog kongresa i Sand\u017ea\u010dkom muftiji\",\"datePublished\":\"2013-10-18T07:23:09+00:00\",\"mainEntityOfPage\":{\"@id\":\"https:\/\/sandzakpress.net\/arhiva\/podrska-iz-new-yorka-predsjedniku-svjetskog-bosnjackog-kongresa-i-sandzackom-muftiji\/\"},\"wordCount\":1310,\"commentCount\":0,\"publisher\":{\"@id\":\"https:\/\/sandzakpress.net\/arhiva\/#\/schema\/person\/6e72b67d6e51910a1117b3b483ba20bd\"},\"image\":{\"@id\":\"https:\/\/sandzakpress.net\/arhiva\/podrska-iz-new-yorka-predsjedniku-svjetskog-bosnjackog-kongresa-i-sandzackom-muftiji\/#primaryimage\"},\"thumbnailUrl\":\"https:\/\/sandzakpress.net\/arhiva\/wp-content\/uploads\/2013\/10\/smaile-i-ago-300x1501.jpg\",\"articleSection\":[\"Nacija\",\"Amerika\",\"VIJESTI DANA\"],\"inLanguage\":\"bs-BA\",\"potentialAction\":[{\"@type\":\"CommentAction\",\"name\":\"Comment\",\"target\":[\"https:\/\/sandzakpress.net\/arhiva\/podrska-iz-new-yorka-predsjedniku-svjetskog-bosnjackog-kongresa-i-sandzackom-muftiji\/#respond\"]}]},{\"@type\":\"WebPage\",\"@id\":\"https:\/\/sandzakpress.net\/arhiva\/podrska-iz-new-yorka-predsjedniku-svjetskog-bosnjackog-kongresa-i-sandzackom-muftiji\/\",\"url\":\"https:\/\/sandzakpress.net\/arhiva\/podrska-iz-new-yorka-predsjedniku-svjetskog-bosnjackog-kongresa-i-sandzackom-muftiji\/\",\"name\":\"Podr\u0161ka iz New Yorka Predsjedniku svjetskog bo\u0161nja\u010dkog kongresa i Sand\u017ea\u010dkom muftiji\",\"isPartOf\":{\"@id\":\"https:\/\/sandzakpress.net\/arhiva\/#website\"},\"primaryImageOfPage\":{\"@id\":\"https:\/\/sandzakpress.net\/arhiva\/podrska-iz-new-yorka-predsjedniku-svjetskog-bosnjackog-kongresa-i-sandzackom-muftiji\/#primaryimage\"},\"image\":{\"@id\":\"https:\/\/sandzakpress.net\/arhiva\/podrska-iz-new-yorka-predsjedniku-svjetskog-bosnjackog-kongresa-i-sandzackom-muftiji\/#primaryimage\"},\"thumbnailUrl\":\"https:\/\/sandzakpress.net\/arhiva\/wp-content\/uploads\/2013\/10\/smaile-i-ago-300x1501.jpg\",\"datePublished\":\"2013-10-18T07:23:09+00:00\",\"breadcrumb\":{\"@id\":\"https:\/\/sandzakpress.net\/arhiva\/podrska-iz-new-yorka-predsjedniku-svjetskog-bosnjackog-kongresa-i-sandzackom-muftiji\/#breadcrumb\"},\"inLanguage\":\"bs-BA\",\"potentialAction\":[{\"@type\":\"ReadAction\",\"target\":[\"https:\/\/sandzakpress.net\/arhiva\/podrska-iz-new-yorka-predsjedniku-svjetskog-bosnjackog-kongresa-i-sandzackom-muftiji\/\"]}]},{\"@type\":\"ImageObject\",\"inLanguage\":\"bs-BA\",\"@id\":\"https:\/\/sandzakpress.net\/arhiva\/podrska-iz-new-yorka-predsjedniku-svjetskog-bosnjackog-kongresa-i-sandzackom-muftiji\/#primaryimage\",\"url\":\"https:\/\/sandzakpress.net\/arhiva\/wp-content\/uploads\/2013\/10\/smaile-i-ago-300x1501.jpg\",\"contentUrl\":\"https:\/\/sandzakpress.net\/arhiva\/wp-content\/uploads\/2013\/10\/smaile-i-ago-300x1501.jpg\",\"width\":300,\"height\":150},{\"@type\":\"BreadcrumbList\",\"@id\":\"https:\/\/sandzakpress.net\/arhiva\/podrska-iz-new-yorka-predsjedniku-svjetskog-bosnjackog-kongresa-i-sandzackom-muftiji\/#breadcrumb\",\"itemListElement\":[{\"@type\":\"ListItem\",\"position\":1,\"name\":\"Home\",\"item\":\"https:\/\/sandzakpress.net\/arhiva\/\"},{\"@type\":\"ListItem\",\"position\":2,\"name\":\"Podr\u0161ka iz New Yorka Predsjedniku svjetskog bo\u0161nja\u010dkog kongresa i Sand\u017ea\u010dkom muftiji\"}]},{\"@type\":\"WebSite\",\"@id\":\"https:\/\/sandzakpress.net\/arhiva\/#website\",\"url\":\"https:\/\/sandzakpress.net\/arhiva\/\",\"name\":\"Sand\u017eak PRESS\",\"description\":\"Prve elektronske novine u Sand\u017eaku\",\"publisher\":{\"@id\":\"https:\/\/sandzakpress.net\/arhiva\/#\/schema\/person\/6e72b67d6e51910a1117b3b483ba20bd\"},\"potentialAction\":[{\"@type\":\"SearchAction\",\"target\":{\"@type\":\"EntryPoint\",\"urlTemplate\":\"https:\/\/sandzakpress.net\/arhiva\/?s={search_term_string}\"},\"query-input\":{\"@type\":\"PropertyValueSpecification\",\"valueRequired\":true,\"valueName\":\"search_term_string\"}}],\"inLanguage\":\"bs-BA\"},{\"@type\":[\"Person\",\"Organization\"],\"@id\":\"https:\/\/sandzakpress.net\/arhiva\/#\/schema\/person\/6e72b67d6e51910a1117b3b483ba20bd\",\"name\":\"Kul\",\"image\":{\"@type\":\"ImageObject\",\"inLanguage\":\"bs-BA\",\"@id\":\"https:\/\/sandzakpress.net\/arhiva\/#\/schema\/person\/image\/\",\"url\":\"https:\/\/secure.gravatar.com\/avatar\/42263f39aa27ac04c43cab85c280eb2e?s=96&d=mm&r=pg\",\"contentUrl\":\"https:\/\/secure.gravatar.com\/avatar\/42263f39aa27ac04c43cab85c280eb2e?s=96&d=mm&r=pg\",\"caption\":\"Kul\"},\"logo\":{\"@id\":\"https:\/\/sandzakpress.net\/arhiva\/#\/schema\/person\/image\/\"}},{\"@type\":\"Person\",\"@id\":\"https:\/\/sandzakpress.net\/arhiva\/#\/schema\/person\/c8baee722073534b583ea7bdb2e36c02\",\"name\":\"bosniak\",\"image\":{\"@type\":\"ImageObject\",\"inLanguage\":\"bs-BA\",\"@id\":\"https:\/\/sandzakpress.net\/arhiva\/#\/schema\/person\/image\/\",\"url\":\"https:\/\/secure.gravatar.com\/avatar\/a04fd330bfe3a36a72a0ad4a6d89fca7?s=96&d=mm&r=pg\",\"contentUrl\":\"https:\/\/secure.gravatar.com\/avatar\/a04fd330bfe3a36a72a0ad4a6d89fca7?s=96&d=mm&r=pg\",\"caption\":\"bosniak\"},\"url\":\"https:\/\/sandzakpress.net\/arhiva\/author\/bosniak\/\"}]}<\/script>\n<!-- \/ Yoast SEO Premium plugin. -->","yoast_head_json":{"title":"Podr\u0161ka iz New Yorka Predsjedniku svjetskog bo\u0161nja\u010dkog kongresa i Sand\u017ea\u010dkom muftiji","robots":{"index":"index","follow":"follow","max-snippet":"max-snippet:-1","max-image-preview":"max-image-preview:large","max-video-preview":"max-video-preview:-1"},"canonical":"https:\/\/sandzakpress.net\/arhiva\/podrska-iz-new-yorka-predsjedniku-svjetskog-bosnjackog-kongresa-i-sandzackom-muftiji\/","og_locale":"bs_BA","og_type":"article","og_title":"Podr\u0161ka iz New Yorka Predsjedniku svjetskog bo\u0161nja\u010dkog kongresa i Sand\u017ea\u010dkom muftiji","og_description":"New York &#8211; Mi potpisani Bo\u0161njaci, rodom iz plavsko-gusinjskog kraja, Ju\u017eni Sand\u017eak, koji \u017eivimo u New Yorku, javno osu\u0111ujemo medijsku kampanju koja je usmjerena protiv biv\u0161eg reisu-l-uleme dr. Mustafe ef. Ceri\u0107a, predsjednika Svjetskog bo\u0161nja\u010dkog kongresa i posebno zadnjih nekoliko sedmica protiv sand\u017ea\u010dkog muftije Muamera ef. Zukorli\u0107a.","og_url":"https:\/\/sandzakpress.net\/arhiva\/podrska-iz-new-yorka-predsjedniku-svjetskog-bosnjackog-kongresa-i-sandzackom-muftiji\/","og_site_name":"Sand\u017eak PRESS","article_published_time":"2013-10-18T07:23:09+00:00","og_image":[{"width":300,"height":150,"url":"https:\/\/sandzakpress.net\/arhiva\/wp-content\/uploads\/2013\/10\/smaile-i-ago-300x1501.jpg","type":"image\/jpeg"}],"author":"bosniak","twitter_card":"summary_large_image","twitter_misc":{"Written by":"bosniak","Est. reading time":"6 minuta"},"schema":{"@context":"https:\/\/schema.org","@graph":[{"@type":"Article","@id":"https:\/\/sandzakpress.net\/arhiva\/podrska-iz-new-yorka-predsjedniku-svjetskog-bosnjackog-kongresa-i-sandzackom-muftiji\/#article","isPartOf":{"@id":"https:\/\/sandzakpress.net\/arhiva\/podrska-iz-new-yorka-predsjedniku-svjetskog-bosnjackog-kongresa-i-sandzackom-muftiji\/"},"author":{"name":"bosniak","@id":"https:\/\/sandzakpress.net\/arhiva\/#\/schema\/person\/c8baee722073534b583ea7bdb2e36c02"},"headline":"Podr\u0161ka iz New Yorka Predsjedniku svjetskog bo\u0161nja\u010dkog kongresa i Sand\u017ea\u010dkom muftiji","datePublished":"2013-10-18T07:23:09+00:00","mainEntityOfPage":{"@id":"https:\/\/sandzakpress.net\/arhiva\/podrska-iz-new-yorka-predsjedniku-svjetskog-bosnjackog-kongresa-i-sandzackom-muftiji\/"},"wordCount":1310,"commentCount":0,"publisher":{"@id":"https:\/\/sandzakpress.net\/arhiva\/#\/schema\/person\/6e72b67d6e51910a1117b3b483ba20bd"},"image":{"@id":"https:\/\/sandzakpress.net\/arhiva\/podrska-iz-new-yorka-predsjedniku-svjetskog-bosnjackog-kongresa-i-sandzackom-muftiji\/#primaryimage"},"thumbnailUrl":"https:\/\/sandzakpress.net\/arhiva\/wp-content\/uploads\/2013\/10\/smaile-i-ago-300x1501.jpg","articleSection":["Nacija","Amerika","VIJESTI DANA"],"inLanguage":"bs-BA","potentialAction":[{"@type":"CommentAction","name":"Comment","target":["https:\/\/sandzakpress.net\/arhiva\/podrska-iz-new-yorka-predsjedniku-svjetskog-bosnjackog-kongresa-i-sandzackom-muftiji\/#respond"]}]},{"@type":"WebPage","@id":"https:\/\/sandzakpress.net\/arhiva\/podrska-iz-new-yorka-predsjedniku-svjetskog-bosnjackog-kongresa-i-sandzackom-muftiji\/","url":"https:\/\/sandzakpress.net\/arhiva\/podrska-iz-new-yorka-predsjedniku-svjetskog-bosnjackog-kongresa-i-sandzackom-muftiji\/","name":"Podr\u0161ka iz New Yorka Predsjedniku svjetskog bo\u0161nja\u010dkog kongresa i Sand\u017ea\u010dkom muftiji","isPartOf":{"@id":"https:\/\/sandzakpress.net\/arhiva\/#website"},"primaryImageOfPage":{"@id":"https:\/\/sandzakpress.net\/arhiva\/podrska-iz-new-yorka-predsjedniku-svjetskog-bosnjackog-kongresa-i-sandzackom-muftiji\/#primaryimage"},"image":{"@id":"https:\/\/sandzakpress.net\/arhiva\/podrska-iz-new-yorka-predsjedniku-svjetskog-bosnjackog-kongresa-i-sandzackom-muftiji\/#primaryimage"},"thumbnailUrl":"https:\/\/sandzakpress.net\/arhiva\/wp-content\/uploads\/2013\/10\/smaile-i-ago-300x1501.jpg","datePublished":"2013-10-18T07:23:09+00:00","breadcrumb":{"@id":"https:\/\/sandzakpress.net\/arhiva\/podrska-iz-new-yorka-predsjedniku-svjetskog-bosnjackog-kongresa-i-sandzackom-muftiji\/#breadcrumb"},"inLanguage":"bs-BA","potentialAction":[{"@type":"ReadAction","target":["https:\/\/sandzakpress.net\/arhiva\/podrska-iz-new-yorka-predsjedniku-svjetskog-bosnjackog-kongresa-i-sandzackom-muftiji\/"]}]},{"@type":"ImageObject","inLanguage":"bs-BA","@id":"https:\/\/sandzakpress.net\/arhiva\/podrska-iz-new-yorka-predsjedniku-svjetskog-bosnjackog-kongresa-i-sandzackom-muftiji\/#primaryimage","url":"https:\/\/sandzakpress.net\/arhiva\/wp-content\/uploads\/2013\/10\/smaile-i-ago-300x1501.jpg","contentUrl":"https:\/\/sandzakpress.net\/arhiva\/wp-content\/uploads\/2013\/10\/smaile-i-ago-300x1501.jpg","width":300,"height":150},{"@type":"BreadcrumbList","@id":"https:\/\/sandzakpress.net\/arhiva\/podrska-iz-new-yorka-predsjedniku-svjetskog-bosnjackog-kongresa-i-sandzackom-muftiji\/#breadcrumb","itemListElement":[{"@type":"ListItem","position":1,"name":"Home","item":"https:\/\/sandzakpress.net\/arhiva\/"},{"@type":"ListItem","position":2,"name":"Podr\u0161ka iz New Yorka Predsjedniku svjetskog bo\u0161nja\u010dkog kongresa i Sand\u017ea\u010dkom muftiji"}]},{"@type":"WebSite","@id":"https:\/\/sandzakpress.net\/arhiva\/#website","url":"https:\/\/sandzakpress.net\/arhiva\/","name":"Sand\u017eak PRESS","description":"Prve elektronske novine u Sand\u017eaku","publisher":{"@id":"https:\/\/sandzakpress.net\/arhiva\/#\/schema\/person\/6e72b67d6e51910a1117b3b483ba20bd"},"potentialAction":[{"@type":"SearchAction","target":{"@type":"EntryPoint","urlTemplate":"https:\/\/sandzakpress.net\/arhiva\/?s={search_term_string}"},"query-input":{"@type":"PropertyValueSpecification","valueRequired":true,"valueName":"search_term_string"}}],"inLanguage":"bs-BA"},{"@type":["Person","Organization"],"@id":"https:\/\/sandzakpress.net\/arhiva\/#\/schema\/person\/6e72b67d6e51910a1117b3b483ba20bd","name":"Kul","image":{"@type":"ImageObject","inLanguage":"bs-BA","@id":"https:\/\/sandzakpress.net\/arhiva\/#\/schema\/person\/image\/","url":"https:\/\/secure.gravatar.com\/avatar\/42263f39aa27ac04c43cab85c280eb2e?s=96&d=mm&r=pg","contentUrl":"https:\/\/secure.gravatar.com\/avatar\/42263f39aa27ac04c43cab85c280eb2e?s=96&d=mm&r=pg","caption":"Kul"},"logo":{"@id":"https:\/\/sandzakpress.net\/arhiva\/#\/schema\/person\/image\/"}},{"@type":"Person","@id":"https:\/\/sandzakpress.net\/arhiva\/#\/schema\/person\/c8baee722073534b583ea7bdb2e36c02","name":"bosniak","image":{"@type":"ImageObject","inLanguage":"bs-BA","@id":"https:\/\/sandzakpress.net\/arhiva\/#\/schema\/person\/image\/","url":"https:\/\/secure.gravatar.com\/avatar\/a04fd330bfe3a36a72a0ad4a6d89fca7?s=96&d=mm&r=pg","contentUrl":"https:\/\/secure.gravatar.com\/avatar\/a04fd330bfe3a36a72a0ad4a6d89fca7?s=96&d=mm&r=pg","caption":"bosniak"},"url":"https:\/\/sandzakpress.net\/arhiva\/author\/bosniak\/"}]}},"_links":{"self":[{"href":"https:\/\/sandzakpress.net\/arhiva\/wp-json\/wp\/v2\/posts\/91515"}],"collection":[{"href":"https:\/\/sandzakpress.net\/arhiva\/wp-json\/wp\/v2\/posts"}],"about":[{"href":"https:\/\/sandzakpress.net\/arhiva\/wp-json\/wp\/v2\/types\/post"}],"author":[{"embeddable":true,"href":"https:\/\/sandzakpress.net\/arhiva\/wp-json\/wp\/v2\/users\/83"}],"replies":[{"embeddable":true,"href":"https:\/\/sandzakpress.net\/arhiva\/wp-json\/wp\/v2\/comments?post=91515"}],"version-history":[{"count":0,"href":"https:\/\/sandzakpress.net\/arhiva\/wp-json\/wp\/v2\/posts\/91515\/revisions"}],"wp:featuredmedia":[{"embeddable":true,"href":"https:\/\/sandzakpress.net\/arhiva\/wp-json\/wp\/v2\/media\/91517"}],"wp:attachment":[{"href":"https:\/\/sandzakpress.net\/arhiva\/wp-json\/wp\/v2\/media?parent=91515"}],"wp:term":[{"taxonomy":"category","embeddable":true,"href":"https:\/\/sandzakpress.net\/arhiva\/wp-json\/wp\/v2\/categories?post=91515"},{"taxonomy":"post_tag","embeddable":true,"href":"https:\/\/sandzakpress.net\/arhiva\/wp-json\/wp\/v2\/tags?post=91515"}],"curies":[{"name":"wp","href":"https:\/\/api.w.org\/{rel}","templated":true}]}}