{"id":91370,"date":"2013-10-15T01:51:04","date_gmt":"2013-10-14T23:51:04","guid":{"rendered":"https:\/\/sandzakpress.net\/arhiva\/?p=91370"},"modified":"2013-10-15T01:51:04","modified_gmt":"2013-10-14T23:51:04","slug":"odrzana-vecer-ilahija-i-kasida-u-stuttgartu","status":"publish","type":"post","link":"https:\/\/sandzakpress.net\/arhiva\/odrzana-vecer-ilahija-i-kasida-u-stuttgartu\/","title":{"rendered":"Odr\u017eana ve\u010der ilahija i kasida u Stuttgartu"},"content":{"rendered":"<p><b><a href=\"https:\/\/sandzakpress.net\/arhiva\/wp-content\/uploads\/2013\/10\/DSC_1468-1024x685.jpg\"><img loading=\"lazy\" decoding=\"async\" class=\"alignleft size-medium wp-image-91371\" alt=\"DSC_1468-1024x685\" src=\"https:\/\/sandzakpress.net\/arhiva\/wp-content\/uploads\/2013\/10\/DSC_1468-1024x685-300x200.jpg\" width=\"300\" height=\"200\" \/><\/a>Njema\u010dka &#8211; Sahwa \u2013 poslu\u0161aj, pa progledaj<\/b><b>\u201c<\/b><b>\u00a0\u2013 bio je moto koncerta koji se odr\u017eao u \u0160tutgartu<\/b><\/p>\n<p>U \u0160tutgartu je 28. septembra odr\u017eana ve\u010der ilahija i kasida, a koncert je organizovala Islamska zajednica u \u0160tutgartu. Na koncertu, \u010diji je moto bio \u201eSahwa \u2013 poslu\u0161aj, pa progledaj\u201c mnogobrojnoj publici u dvorani Liederhale predstavili su se horovi \u201eKewser\u201c iz Sarajeva i \u201eSejfullah\u201c iz Konjica, te solisti Armin Muzaferija i Eldin Huseinbegovi\u0107.<\/p>\n<p>Glavni koordinator ove manifestacije, Selma Berbi\u0107, kazala je zbog \u010dega je organizovana ova manifestacija:\u00a0<i>\u201eBila nam je \u017eelja da ponudimo ne\u0161to muslimanima u Njema\u010dkoj \u0161to ve\u0107 postoji u Bosni i Hercegovini, ne\u0161to uz \u0161to mogu svoje vrijeme provesti u lijepoj i ugodnoj islamskoj atmosferi. Kada smo do\u0161li na tu ideju, pokrenuli smo organizaciju ove ve\u010deri ilahija. Sahwa, \u0161to zna\u010di bu\u0111enje, bila nam je moto da se i mi probudimo, da probudimo na\u0161u islamsku svijest, da popravimo svoj odnos jedan prema drugom, da promijenimo na\u0161u situaciju, te smo \u017eeljeli da ljudi sa ovog koncerta ponesu svojim ku\u0107ama poruku, da promisle, progledaju i da se iz na\u0161e pasivnosti probude. Ovaj prvi koncert je bio test za nas, ali nakon velikog odaziva publike, nadamo se da \u0107emo i za godinu dana napraviti sli\u010dnu manifestaciju.\u201c<\/i>\u00a0\u2013 kazala je Berbi\u0107.<\/p>\n<p><i>\u201ePrvenstveno, ideja o Sahwi se rodila gledaju\u0107i na\u0161e stanje dana\u0161njice, iz potrebe, ako mo\u017eemo kazati, kada sagledamo stanje cijelog islamskoga svijeta i kada mo\u017eemo da uvidimo \u010dinjenicu da smo jako razjedinjeni. Ideja se rodila s namjerom da se probudimo iz stanja u kojem se nalazimo i da se pokrenemo. Osjetilo se sino\u0107 na koncertu da je to ne\u0161to \u0161to nas ispunjava, \u010dini ja\u010dim i ako Bog da, nadamo se da \u0107emo i idu\u0107e godine uspjeti ne\u0161to sli\u010dno organizirati.\u201c<\/i>\u00a0\u2013 kazala je Azemina Mujagi\u0107, jedna od koordinatorica manifestacije i muallima d\u017eemata u \u0160tutgartu.<\/p>\n<p>Koncert je posjetio veliki broj Bo\u0161njaka iz \u0160tutgarta, Minhena, Nirnberga, Ulma i drugih gradova u Njema\u010dkoj, a me\u0111u zvanicama bio je i muftija IZBNJ Pa\u0161o ef. Feti\u0107 koji je izme\u0111u ostalog kazao:\u00a0<i>\u201eMoramo da idemo naprijed, od nas se puno toga o\u010dekuje. Ako \u017eelimo da o\u010duvamo slobodu koju smo stekli, za koju se zajedno borimo, moramo nastaviti i da se ovako okupljamo. Ovakvi doga\u0111aji nas upu\u0107uju i usmjeravaju da ne spavamo, da nastavimo sa na\u0161im obavezama.\u201c<\/i><\/p>\n<p>Imam d\u017eemata u \u0160tutgartu Hamza ef. Suba\u0161i\u0107 je apelovao da promijenimo na\u0161u svijest o tome ko smo i \u0161ta smo:\u00a0<i>\u201eVe\u010dera\u0161nji program treba da nam pomogne da podignemo na\u0161u svijest, prije svega islamsku, naconalnu i dr\u017eavotvornu, a ako \u017eeli\u0161 promjene, u\u010dini prvu od njih. Uklju\u010dimo se u ovu sahwu dok je jo\u0161 vrijeme.\u201c<\/i><\/p>\n<p>Nakon prou\u010denog a\u0161ereta koje je prou\u010dio hfz. Fuad Abdullah Seferagi\u0107, publiku je svojim nastupom odu\u0161evio dje\u010diji hor d\u017eemata \u0160tutgart koji vrijedno radi i posti\u017ee zapa\u017eene rezultate. Publiku su na poseban na\u010din odu\u0161evili horovi \u201eKewser\u201c i \u201eSejfullah\u201c.\u00a0<i>\u201eVrlo smo sretni, zadovoljni, zahvalni Allahu, d\u017e.\u0161. da nismo iznevjerili prekrasnu poubliku u \u0160tutgartu i taj divni svijet koji \u010dezne za komadom Bosne. Osje\u0107amo se ushi\u0107eno i naro\u010dito sam presretna \u0161to su djevojke iz hora Keswer iznijele svoje numere na dostojanstven i svojstven na\u010din.\u201c<\/i>\u00a0\u2013 kazala je Elvira Veli\u0107 \u2013 Mufti\u0107, koordinator \u017dEO Kewser.<\/p>\n<p>Koristimo i ovu priliku da se srda\u010dno zahvalimo na\u0161im doma\u0107inima na gostorpimstvu koje nam je ukazano svih dana tokom boravka u \u0160tutgartu, te se nadamo da \u0107e \u201eSahwa\u201c postati prepoznatljiv simbol tradicije okupljanja Bo\u0161njaka u \u0160tutgartu.<\/p>\n<p>(igbd.org)<\/p>\n","protected":false},"excerpt":{"rendered":"<p>Njema\u010dka &#8211; Sahwa \u2013 poslu\u0161aj, pa progledaj\u201c\u00a0\u2013 bio je moto koncerta koji se odr\u017eao u \u0160tutgartu U \u0160tutgartu je 28. septembra odr\u017eana ve\u010der ilahija i kasida, a koncert je organizovala Islamska zajednica u \u0160tutgartu. Na koncertu, \u010diji je moto bio \u201eSahwa \u2013 poslu\u0161aj, pa progledaj\u201c mnogobrojnoj publici u dvorani Liederhale predstavili su se horovi \u201eKewser\u201c [&hellip;]<\/p>\n","protected":false},"author":83,"featured_media":91373,"comment_status":"open","ping_status":"open","sticky":false,"template":"","format":"standard","meta":{"footnotes":""},"categories":[9538,802],"tags":[],"class_list":{"0":"post-91370","1":"post","2":"type-post","3":"status-publish","4":"format-standard","5":"has-post-thumbnail","7":"category-njemacka-dijaspora-gradovi-vase-vijesti","8":"category-islamska_zajednica"},"yoast_head":"<!-- This site is optimized with the Yoast SEO Premium plugin v23.1 (Yoast SEO v24.9) - https:\/\/yoast.com\/wordpress\/plugins\/seo\/ -->\n<title>Odr\u017eana ve\u010der ilahija i kasida u Stuttgartu<\/title>\n<meta name=\"robots\" content=\"index, follow, max-snippet:-1, max-image-preview:large, max-video-preview:-1\" \/>\n<link rel=\"canonical\" href=\"https:\/\/sandzakpress.net\/arhiva\/odrzana-vecer-ilahija-i-kasida-u-stuttgartu\/\" \/>\n<meta property=\"og:locale\" content=\"bs_BA\" \/>\n<meta property=\"og:type\" content=\"article\" \/>\n<meta property=\"og:title\" content=\"Odr\u017eana ve\u010der ilahija i kasida u Stuttgartu\" \/>\n<meta property=\"og:description\" content=\"Njema\u010dka &#8211; Sahwa \u2013 poslu\u0161aj, pa progledaj\u201c\u00a0\u2013 bio je moto koncerta koji se odr\u017eao u \u0160tutgartu U \u0160tutgartu je 28. septembra odr\u017eana ve\u010der ilahija i kasida, a koncert je organizovala Islamska zajednica u \u0160tutgartu. Na koncertu, \u010diji je moto bio \u201eSahwa \u2013 poslu\u0161aj, pa progledaj\u201c mnogobrojnoj publici u dvorani Liederhale predstavili su se horovi \u201eKewser\u201c [&hellip;]\" \/>\n<meta property=\"og:url\" content=\"https:\/\/sandzakpress.net\/arhiva\/odrzana-vecer-ilahija-i-kasida-u-stuttgartu\/\" \/>\n<meta property=\"og:site_name\" content=\"Sand\u017eak PRESS\" \/>\n<meta property=\"article:published_time\" content=\"2013-10-14T23:51:04+00:00\" \/>\n<meta property=\"og:image\" content=\"https:\/\/sandzakpress.net\/arhiva\/wp-content\/uploads\/2013\/10\/DSC_1468-1024x685-300x2001.jpg\" \/>\n\t<meta property=\"og:image:width\" content=\"300\" \/>\n\t<meta property=\"og:image:height\" content=\"200\" \/>\n\t<meta property=\"og:image:type\" content=\"image\/jpeg\" \/>\n<meta name=\"author\" content=\"bosniak\" \/>\n<meta name=\"twitter:card\" content=\"summary_large_image\" \/>\n<meta name=\"twitter:label1\" content=\"Written by\" \/>\n\t<meta name=\"twitter:data1\" content=\"bosniak\" \/>\n\t<meta name=\"twitter:label2\" content=\"Est. reading time\" \/>\n\t<meta name=\"twitter:data2\" content=\"3 minute\" \/>\n<script type=\"application\/ld+json\" class=\"yoast-schema-graph\">{\"@context\":\"https:\/\/schema.org\",\"@graph\":[{\"@type\":\"Article\",\"@id\":\"https:\/\/sandzakpress.net\/arhiva\/odrzana-vecer-ilahija-i-kasida-u-stuttgartu\/#article\",\"isPartOf\":{\"@id\":\"https:\/\/sandzakpress.net\/arhiva\/odrzana-vecer-ilahija-i-kasida-u-stuttgartu\/\"},\"author\":{\"name\":\"bosniak\",\"@id\":\"https:\/\/sandzakpress.net\/arhiva\/#\/schema\/person\/c8baee722073534b583ea7bdb2e36c02\"},\"headline\":\"Odr\u017eana ve\u010der ilahija i kasida u Stuttgartu\",\"datePublished\":\"2013-10-14T23:51:04+00:00\",\"mainEntityOfPage\":{\"@id\":\"https:\/\/sandzakpress.net\/arhiva\/odrzana-vecer-ilahija-i-kasida-u-stuttgartu\/\"},\"wordCount\":620,\"commentCount\":0,\"publisher\":{\"@id\":\"https:\/\/sandzakpress.net\/arhiva\/#\/schema\/person\/6e72b67d6e51910a1117b3b483ba20bd\"},\"image\":{\"@id\":\"https:\/\/sandzakpress.net\/arhiva\/odrzana-vecer-ilahija-i-kasida-u-stuttgartu\/#primaryimage\"},\"thumbnailUrl\":\"https:\/\/sandzakpress.net\/arhiva\/wp-content\/uploads\/2013\/10\/DSC_1468-1024x685-300x2001.jpg\",\"articleSection\":[\"Njema\u010dka\",\"Islamska zajednica\"],\"inLanguage\":\"bs-BA\",\"potentialAction\":[{\"@type\":\"CommentAction\",\"name\":\"Comment\",\"target\":[\"https:\/\/sandzakpress.net\/arhiva\/odrzana-vecer-ilahija-i-kasida-u-stuttgartu\/#respond\"]}]},{\"@type\":\"WebPage\",\"@id\":\"https:\/\/sandzakpress.net\/arhiva\/odrzana-vecer-ilahija-i-kasida-u-stuttgartu\/\",\"url\":\"https:\/\/sandzakpress.net\/arhiva\/odrzana-vecer-ilahija-i-kasida-u-stuttgartu\/\",\"name\":\"Odr\u017eana ve\u010der ilahija i kasida u Stuttgartu\",\"isPartOf\":{\"@id\":\"https:\/\/sandzakpress.net\/arhiva\/#website\"},\"primaryImageOfPage\":{\"@id\":\"https:\/\/sandzakpress.net\/arhiva\/odrzana-vecer-ilahija-i-kasida-u-stuttgartu\/#primaryimage\"},\"image\":{\"@id\":\"https:\/\/sandzakpress.net\/arhiva\/odrzana-vecer-ilahija-i-kasida-u-stuttgartu\/#primaryimage\"},\"thumbnailUrl\":\"https:\/\/sandzakpress.net\/arhiva\/wp-content\/uploads\/2013\/10\/DSC_1468-1024x685-300x2001.jpg\",\"datePublished\":\"2013-10-14T23:51:04+00:00\",\"breadcrumb\":{\"@id\":\"https:\/\/sandzakpress.net\/arhiva\/odrzana-vecer-ilahija-i-kasida-u-stuttgartu\/#breadcrumb\"},\"inLanguage\":\"bs-BA\",\"potentialAction\":[{\"@type\":\"ReadAction\",\"target\":[\"https:\/\/sandzakpress.net\/arhiva\/odrzana-vecer-ilahija-i-kasida-u-stuttgartu\/\"]}]},{\"@type\":\"ImageObject\",\"inLanguage\":\"bs-BA\",\"@id\":\"https:\/\/sandzakpress.net\/arhiva\/odrzana-vecer-ilahija-i-kasida-u-stuttgartu\/#primaryimage\",\"url\":\"https:\/\/sandzakpress.net\/arhiva\/wp-content\/uploads\/2013\/10\/DSC_1468-1024x685-300x2001.jpg\",\"contentUrl\":\"https:\/\/sandzakpress.net\/arhiva\/wp-content\/uploads\/2013\/10\/DSC_1468-1024x685-300x2001.jpg\",\"width\":300,\"height\":200},{\"@type\":\"BreadcrumbList\",\"@id\":\"https:\/\/sandzakpress.net\/arhiva\/odrzana-vecer-ilahija-i-kasida-u-stuttgartu\/#breadcrumb\",\"itemListElement\":[{\"@type\":\"ListItem\",\"position\":1,\"name\":\"Home\",\"item\":\"https:\/\/sandzakpress.net\/arhiva\/\"},{\"@type\":\"ListItem\",\"position\":2,\"name\":\"Odr\u017eana ve\u010der ilahija i kasida u Stuttgartu\"}]},{\"@type\":\"WebSite\",\"@id\":\"https:\/\/sandzakpress.net\/arhiva\/#website\",\"url\":\"https:\/\/sandzakpress.net\/arhiva\/\",\"name\":\"Sand\u017eak PRESS\",\"description\":\"Prve elektronske novine u Sand\u017eaku\",\"publisher\":{\"@id\":\"https:\/\/sandzakpress.net\/arhiva\/#\/schema\/person\/6e72b67d6e51910a1117b3b483ba20bd\"},\"potentialAction\":[{\"@type\":\"SearchAction\",\"target\":{\"@type\":\"EntryPoint\",\"urlTemplate\":\"https:\/\/sandzakpress.net\/arhiva\/?s={search_term_string}\"},\"query-input\":{\"@type\":\"PropertyValueSpecification\",\"valueRequired\":true,\"valueName\":\"search_term_string\"}}],\"inLanguage\":\"bs-BA\"},{\"@type\":[\"Person\",\"Organization\"],\"@id\":\"https:\/\/sandzakpress.net\/arhiva\/#\/schema\/person\/6e72b67d6e51910a1117b3b483ba20bd\",\"name\":\"Kul\",\"image\":{\"@type\":\"ImageObject\",\"inLanguage\":\"bs-BA\",\"@id\":\"https:\/\/sandzakpress.net\/arhiva\/#\/schema\/person\/image\/\",\"url\":\"https:\/\/secure.gravatar.com\/avatar\/42263f39aa27ac04c43cab85c280eb2e?s=96&d=mm&r=pg\",\"contentUrl\":\"https:\/\/secure.gravatar.com\/avatar\/42263f39aa27ac04c43cab85c280eb2e?s=96&d=mm&r=pg\",\"caption\":\"Kul\"},\"logo\":{\"@id\":\"https:\/\/sandzakpress.net\/arhiva\/#\/schema\/person\/image\/\"}},{\"@type\":\"Person\",\"@id\":\"https:\/\/sandzakpress.net\/arhiva\/#\/schema\/person\/c8baee722073534b583ea7bdb2e36c02\",\"name\":\"bosniak\",\"image\":{\"@type\":\"ImageObject\",\"inLanguage\":\"bs-BA\",\"@id\":\"https:\/\/sandzakpress.net\/arhiva\/#\/schema\/person\/image\/\",\"url\":\"https:\/\/secure.gravatar.com\/avatar\/a04fd330bfe3a36a72a0ad4a6d89fca7?s=96&d=mm&r=pg\",\"contentUrl\":\"https:\/\/secure.gravatar.com\/avatar\/a04fd330bfe3a36a72a0ad4a6d89fca7?s=96&d=mm&r=pg\",\"caption\":\"bosniak\"},\"url\":\"https:\/\/sandzakpress.net\/arhiva\/author\/bosniak\/\"}]}<\/script>\n<!-- \/ Yoast SEO Premium plugin. -->","yoast_head_json":{"title":"Odr\u017eana ve\u010der ilahija i kasida u Stuttgartu","robots":{"index":"index","follow":"follow","max-snippet":"max-snippet:-1","max-image-preview":"max-image-preview:large","max-video-preview":"max-video-preview:-1"},"canonical":"https:\/\/sandzakpress.net\/arhiva\/odrzana-vecer-ilahija-i-kasida-u-stuttgartu\/","og_locale":"bs_BA","og_type":"article","og_title":"Odr\u017eana ve\u010der ilahija i kasida u Stuttgartu","og_description":"Njema\u010dka &#8211; Sahwa \u2013 poslu\u0161aj, pa progledaj\u201c\u00a0\u2013 bio je moto koncerta koji se odr\u017eao u \u0160tutgartu U \u0160tutgartu je 28. septembra odr\u017eana ve\u010der ilahija i kasida, a koncert je organizovala Islamska zajednica u \u0160tutgartu. Na koncertu, \u010diji je moto bio \u201eSahwa \u2013 poslu\u0161aj, pa progledaj\u201c mnogobrojnoj publici u dvorani Liederhale predstavili su se horovi \u201eKewser\u201c [&hellip;]","og_url":"https:\/\/sandzakpress.net\/arhiva\/odrzana-vecer-ilahija-i-kasida-u-stuttgartu\/","og_site_name":"Sand\u017eak PRESS","article_published_time":"2013-10-14T23:51:04+00:00","og_image":[{"width":300,"height":200,"url":"https:\/\/sandzakpress.net\/arhiva\/wp-content\/uploads\/2013\/10\/DSC_1468-1024x685-300x2001.jpg","type":"image\/jpeg"}],"author":"bosniak","twitter_card":"summary_large_image","twitter_misc":{"Written by":"bosniak","Est. reading time":"3 minute"},"schema":{"@context":"https:\/\/schema.org","@graph":[{"@type":"Article","@id":"https:\/\/sandzakpress.net\/arhiva\/odrzana-vecer-ilahija-i-kasida-u-stuttgartu\/#article","isPartOf":{"@id":"https:\/\/sandzakpress.net\/arhiva\/odrzana-vecer-ilahija-i-kasida-u-stuttgartu\/"},"author":{"name":"bosniak","@id":"https:\/\/sandzakpress.net\/arhiva\/#\/schema\/person\/c8baee722073534b583ea7bdb2e36c02"},"headline":"Odr\u017eana ve\u010der ilahija i kasida u Stuttgartu","datePublished":"2013-10-14T23:51:04+00:00","mainEntityOfPage":{"@id":"https:\/\/sandzakpress.net\/arhiva\/odrzana-vecer-ilahija-i-kasida-u-stuttgartu\/"},"wordCount":620,"commentCount":0,"publisher":{"@id":"https:\/\/sandzakpress.net\/arhiva\/#\/schema\/person\/6e72b67d6e51910a1117b3b483ba20bd"},"image":{"@id":"https:\/\/sandzakpress.net\/arhiva\/odrzana-vecer-ilahija-i-kasida-u-stuttgartu\/#primaryimage"},"thumbnailUrl":"https:\/\/sandzakpress.net\/arhiva\/wp-content\/uploads\/2013\/10\/DSC_1468-1024x685-300x2001.jpg","articleSection":["Njema\u010dka","Islamska zajednica"],"inLanguage":"bs-BA","potentialAction":[{"@type":"CommentAction","name":"Comment","target":["https:\/\/sandzakpress.net\/arhiva\/odrzana-vecer-ilahija-i-kasida-u-stuttgartu\/#respond"]}]},{"@type":"WebPage","@id":"https:\/\/sandzakpress.net\/arhiva\/odrzana-vecer-ilahija-i-kasida-u-stuttgartu\/","url":"https:\/\/sandzakpress.net\/arhiva\/odrzana-vecer-ilahija-i-kasida-u-stuttgartu\/","name":"Odr\u017eana ve\u010der ilahija i kasida u Stuttgartu","isPartOf":{"@id":"https:\/\/sandzakpress.net\/arhiva\/#website"},"primaryImageOfPage":{"@id":"https:\/\/sandzakpress.net\/arhiva\/odrzana-vecer-ilahija-i-kasida-u-stuttgartu\/#primaryimage"},"image":{"@id":"https:\/\/sandzakpress.net\/arhiva\/odrzana-vecer-ilahija-i-kasida-u-stuttgartu\/#primaryimage"},"thumbnailUrl":"https:\/\/sandzakpress.net\/arhiva\/wp-content\/uploads\/2013\/10\/DSC_1468-1024x685-300x2001.jpg","datePublished":"2013-10-14T23:51:04+00:00","breadcrumb":{"@id":"https:\/\/sandzakpress.net\/arhiva\/odrzana-vecer-ilahija-i-kasida-u-stuttgartu\/#breadcrumb"},"inLanguage":"bs-BA","potentialAction":[{"@type":"ReadAction","target":["https:\/\/sandzakpress.net\/arhiva\/odrzana-vecer-ilahija-i-kasida-u-stuttgartu\/"]}]},{"@type":"ImageObject","inLanguage":"bs-BA","@id":"https:\/\/sandzakpress.net\/arhiva\/odrzana-vecer-ilahija-i-kasida-u-stuttgartu\/#primaryimage","url":"https:\/\/sandzakpress.net\/arhiva\/wp-content\/uploads\/2013\/10\/DSC_1468-1024x685-300x2001.jpg","contentUrl":"https:\/\/sandzakpress.net\/arhiva\/wp-content\/uploads\/2013\/10\/DSC_1468-1024x685-300x2001.jpg","width":300,"height":200},{"@type":"BreadcrumbList","@id":"https:\/\/sandzakpress.net\/arhiva\/odrzana-vecer-ilahija-i-kasida-u-stuttgartu\/#breadcrumb","itemListElement":[{"@type":"ListItem","position":1,"name":"Home","item":"https:\/\/sandzakpress.net\/arhiva\/"},{"@type":"ListItem","position":2,"name":"Odr\u017eana ve\u010der ilahija i kasida u Stuttgartu"}]},{"@type":"WebSite","@id":"https:\/\/sandzakpress.net\/arhiva\/#website","url":"https:\/\/sandzakpress.net\/arhiva\/","name":"Sand\u017eak PRESS","description":"Prve elektronske novine u Sand\u017eaku","publisher":{"@id":"https:\/\/sandzakpress.net\/arhiva\/#\/schema\/person\/6e72b67d6e51910a1117b3b483ba20bd"},"potentialAction":[{"@type":"SearchAction","target":{"@type":"EntryPoint","urlTemplate":"https:\/\/sandzakpress.net\/arhiva\/?s={search_term_string}"},"query-input":{"@type":"PropertyValueSpecification","valueRequired":true,"valueName":"search_term_string"}}],"inLanguage":"bs-BA"},{"@type":["Person","Organization"],"@id":"https:\/\/sandzakpress.net\/arhiva\/#\/schema\/person\/6e72b67d6e51910a1117b3b483ba20bd","name":"Kul","image":{"@type":"ImageObject","inLanguage":"bs-BA","@id":"https:\/\/sandzakpress.net\/arhiva\/#\/schema\/person\/image\/","url":"https:\/\/secure.gravatar.com\/avatar\/42263f39aa27ac04c43cab85c280eb2e?s=96&d=mm&r=pg","contentUrl":"https:\/\/secure.gravatar.com\/avatar\/42263f39aa27ac04c43cab85c280eb2e?s=96&d=mm&r=pg","caption":"Kul"},"logo":{"@id":"https:\/\/sandzakpress.net\/arhiva\/#\/schema\/person\/image\/"}},{"@type":"Person","@id":"https:\/\/sandzakpress.net\/arhiva\/#\/schema\/person\/c8baee722073534b583ea7bdb2e36c02","name":"bosniak","image":{"@type":"ImageObject","inLanguage":"bs-BA","@id":"https:\/\/sandzakpress.net\/arhiva\/#\/schema\/person\/image\/","url":"https:\/\/secure.gravatar.com\/avatar\/a04fd330bfe3a36a72a0ad4a6d89fca7?s=96&d=mm&r=pg","contentUrl":"https:\/\/secure.gravatar.com\/avatar\/a04fd330bfe3a36a72a0ad4a6d89fca7?s=96&d=mm&r=pg","caption":"bosniak"},"url":"https:\/\/sandzakpress.net\/arhiva\/author\/bosniak\/"}]}},"_links":{"self":[{"href":"https:\/\/sandzakpress.net\/arhiva\/wp-json\/wp\/v2\/posts\/91370"}],"collection":[{"href":"https:\/\/sandzakpress.net\/arhiva\/wp-json\/wp\/v2\/posts"}],"about":[{"href":"https:\/\/sandzakpress.net\/arhiva\/wp-json\/wp\/v2\/types\/post"}],"author":[{"embeddable":true,"href":"https:\/\/sandzakpress.net\/arhiva\/wp-json\/wp\/v2\/users\/83"}],"replies":[{"embeddable":true,"href":"https:\/\/sandzakpress.net\/arhiva\/wp-json\/wp\/v2\/comments?post=91370"}],"version-history":[{"count":0,"href":"https:\/\/sandzakpress.net\/arhiva\/wp-json\/wp\/v2\/posts\/91370\/revisions"}],"wp:featuredmedia":[{"embeddable":true,"href":"https:\/\/sandzakpress.net\/arhiva\/wp-json\/wp\/v2\/media\/91373"}],"wp:attachment":[{"href":"https:\/\/sandzakpress.net\/arhiva\/wp-json\/wp\/v2\/media?parent=91370"}],"wp:term":[{"taxonomy":"category","embeddable":true,"href":"https:\/\/sandzakpress.net\/arhiva\/wp-json\/wp\/v2\/categories?post=91370"},{"taxonomy":"post_tag","embeddable":true,"href":"https:\/\/sandzakpress.net\/arhiva\/wp-json\/wp\/v2\/tags?post=91370"}],"curies":[{"name":"wp","href":"https:\/\/api.w.org\/{rel}","templated":true}]}}