{"id":91296,"date":"2013-10-14T11:44:06","date_gmt":"2013-10-14T09:44:06","guid":{"rendered":"https:\/\/sandzakpress.net\/arhiva\/?p=91296"},"modified":"2013-10-14T21:21:16","modified_gmt":"2013-10-14T19:21:16","slug":"bajramske-cestitke-bajram-serif-mubarek-olsun-2","status":"publish","type":"post","link":"https:\/\/sandzakpress.net\/arhiva\/bajramske-cestitke-bajram-serif-mubarek-olsun-2\/","title":{"rendered":"Bajramske \u010destitke &#8211; BAJRAM \u0160ERIF MUBAREK OLSUN"},"content":{"rendered":"<p><img decoding=\"async\" class=\"alignleft\" alt=\"\" src=\"http:\/\/mesihat.org\/images\/stories\/bajram.jpg\" \/>U povodu nastupaju\u0107eg Kurban bajrama \u010destitke vjerskim velikodostojnicima i vjernicima uputili su:<\/p>\n<ul>\n<li><strong>Bo\u0161nja\u010dka kulturna zajednica,<\/strong><\/li>\n<li><strong>Zajednica sand\u017ea\u010dke dijaspore<\/strong><\/li>\n<li><strong>Bo\u0161nja\u010dko nacionalno vije\u0107e<\/strong><\/li>\n<li><strong>Narodno vije\u0107e Sand\u017eaka,<\/strong><\/li>\n<li><strong>Bo\u0161nja\u010dka demokratska zajednica,<\/strong><\/li>\n<li><strong>Stranka demokratske akcije<\/strong><\/li>\n<li><strong>BKZ Belgije<\/strong><\/li>\n<li><strong>BKZ Kosova<\/strong><\/li>\n<\/ul>\n<p>\u010cestitke prenosimo u cjelosti.<\/p>\n<p><strong>BO\u0160NJA\u010cKA KULTURNA ZAJEDNICA<\/strong><\/p>\n<p>U povodu nastupaju\u0107eg Kurban bajrama ili Had\u017eijskog bajrama, Vama uva\u017eeni Reisu-l-ulema IZ-e u BiH, Vama Glavni muftija IZ-e u Srbiji, muftijama, imamima, saradnicima, porodicama te pripadnicima muslimanskog ummeta BAJRAM \u0160ERIF MUBAREK OLSUN.<\/p>\n<p>Bajram je vjerski i kulturni blagdan Bo\u0161njaka, kojeg posljednjih godina do\u010dekujemo u znaku poku\u0161aja razjedinjavanja Bo\u0161njaka. Me\u0111utim, bajram nas u\u010di miru, toleranciji, odr\u017eavanju i popravljanju me\u0111ubratskih odnosa. On nas poziva jedinstvu oko Allahovog d\u017e.\u0161. u\u017eeta. Bajram nam poru\u010duje spremnost na \u017ertvu radi uzvi\u0161enih ciljeva vjere.<\/p>\n<p>Zato neka ovaj bajram bude radost svim vjernicima okupljenim oko ovog u\u017eeta, ali i poruka onim koji poku\u0161avaju naru\u0161iti jedinstvo Islamske zajednice \u2013 najja\u010deg sto\u017eera okupljanja Bo\u0161njaka na ovim prostorima, da jedinstvo poljuljati ne mogu, jer su Bo\u0161njaci tokom minulih vremena nau\u010dili razlikovati dobro od zla, istinu od neistine, jedinstvo od nejedinstva i u najve\u0107im tminama smutnje.<\/p>\n<p>U tom duhu u ovim mubarek danima podi\u017eemo ruke Svemogu\u0107em da o\u010duva na\u0161e jedinstvo, da na\u0161im had\u017eijama ukabuli had\u017ed\u017e, da ukabuli na\u0161e kurbane i da ih u\u010dini na\u0161im iskupom od ovodunjalu\u010dkih isku\u0161enja i nagradom na Sudnjem danu. AMIN<em>.<\/em><\/p>\n<p align=\"right\"><em>Predsjedni\u0161tvo BKZ<\/em><\/p>\n<p align=\"right\"><em>\u00a0<\/em><\/p>\n<p><strong>ZAJEDNICA SAND\u017dA\u010cKE DIJASPORE<\/strong><\/p>\n<p>U ime ZSD kao i u svoje li\u010dno ime \u010destitam glavnom muftiji Muamer ef. Zukorli\u0107u kao i svim muslimanima i muslimankama nastupaju\u0107e bajramske dane sa \u017eeljom i molbom Stvoritelju da ih provedu u miru, rahatluku i imanskom ambijentu.<br \/>\nKurban bajram nas podsje\u0107a na Allahovog prijatelja Ibrahima a.s. koji je na\u010dinom svog \u017eivota podu\u010dio svijet da je Svevi\u0161nji Gospodar va\u017eniji od svega pa i od sopstvene djece.Svijet u kojem \u017eivimo, prepun sjaja i prividnog zadovoljstva \u010desto nam nudi pogre\u0161ne puteve koji nas udaljavaju od pravog puta i zadovoljstva Uzvi\u0161enog Allaha. Zato pravi vjernik duboko analizira svoje postupke trude\u0107i se da ukloni sve zidove koji su izmedju njega i Milostivog Allaha.Molim Stvoritelja svjetova da snagom Kur'ana o\u010disti na\u0161a srca, pro\u0161iri na\u0161e vidike i u\u010dvrsti na\u0161e korake na Njegovom putu! Bajram \u0161erif mubarek olsun!<\/p>\n<p align=\"right\"><em>Predsjednik ZSD<br \/>\nMithat Mujovi\u0107<\/em><em>\u00a0<\/em><\/p>\n<p>&nbsp;<\/p>\n<p><strong>BO\u0160NJA\u010cKO NACIONALNO VIJE\u0106E<\/strong><\/p>\n<p>U ime Bo\u0161nja\u010dkog nacionalnog vije\u0107a, predsjednika i \u010dlanova Odbora, vije\u0107nika te u svoje li\u010dno ime upu\u0107ujem \u010destitku vjernicima u povodu nastupaju\u0107eg Kurban bajrama: BAJRAM \u0160ERIF MUBAREK OLSUN.<\/p>\n<p>\u017delim da ga u zdravlju i rahatluku provedete u krugu Va\u0161ih porodica.<\/p>\n<p align=\"center\">Uz srda\u010dne selame,<\/p>\n<p align=\"right\"><em>Predsjednik<\/em><\/p>\n<p align=\"right\"><em>Samir Tandir<\/em><\/p>\n<p><strong>NARODNO VIJE\u0106E SAND\u017dAKA<\/strong><\/p>\n<p>Glavnom muftiji Muamer-ef. Zukorli\u0107u i svim muslimanima \u017eelim da kurban-bajramske dane provedu u \u010dvrstoj vjeri, dobrom zdravlju i porodi\u010dnoj sre\u0107i i blagostanju.<\/p>\n<p>Bajram \u0161erif mubarek olsun!<\/p>\n<p align=\"right\"><em>Predsjednik Izvr\u0161nog vije\u0107a Sand\u017eaka<\/em><\/p>\n<p align=\"right\"><em>Sead \u0160a\u0107irovi\u0107<\/em><\/p>\n<p><strong>BO\u0160NJA\u010cKA DEMOKRATSKA ZAJEDNICA<\/strong><\/p>\n<p>U povodu nastupaju\u0107eg Kurban bajrama, najve\u0107eg muslimanskog blagdana, glavnom muftiji Islamske zajednice u Srbiji Muamer-ef. Zukorli\u0107u, muslimanima u Sand\u017eaku i Srbiji, kao i diljem Ummeta upu\u0107ujem najiskrenije \u010destitke.<\/p>\n<p>Koriste\u0107i priliku prisustva na najsvetijim mjestima, gradu Poslanika a.s., i Mesd\u017eidu-l-haramu upu\u0107ujem dove Svemogu\u0107em Gospodaru da na\u0161em narodu pomogne da se izbori za status kakav imaju ostali civilizirani narodi!<\/p>\n<p>Sand\u017eak i Bo\u0161njaci u njemu uvijek su bili spremni na po\u017ertvovanje zarad svog dobra, i dobra svih ljudi dobre volje. Time nas podu\u010dava na\u0161a vjera i to je lekcija Kurbana i \u017ertve.<\/p>\n<p>Samo uz odricanje za op\u0107e interese kandidiramo sebe za \u017eivot dostojan \u010dovjeka.<\/p>\n<p>\u010cine\u0107i \u017ertvu radimo ono \u0161to je u na\u0161oj mo\u0107i kako bi sebe, svoje najdra\u017ee, Bo\u0161njake, sve humane ljude za\u0161titili od po\u0161asti koje prijete uni\u0161titi sve ono \u0161to je ljudsko u \u010dovjeku, istovremeno se nadaju\u0107i Bo\u017ejoj pomo\u0107i i uzdaju\u0107i se u Njega.<\/p>\n<p>U ime tih vrijednosti i boljeg sjutra u na\u0161em Sand\u017eaku, BAJRAM \u0160ERIF MUBAREK OLSUN!<\/p>\n<p align=\"right\"><em>Predsjednik BDZ Sand\u017eaka<\/em><\/p>\n<p align=\"right\"><em>dr. Jahja Fehratovi\u0107<\/em><\/p>\n<p><strong>STRANKA DEMOKRATSKE AKCIJE<\/strong><\/p>\n<p>Uo\u010di\u00a0 nastupaje\u0107eg Kurban Bajrama, \u00a0predsjednik SDA Sand\u017eaka i ministar u Vladi Republike Srbije, dr Sulejman Ugljanin, zadu\u017een za odr\u017eivi razvoj nedovoljno razvijenih podru\u010dja, \u010destitao je dolaze\u0107i praznik, jedan od dva najve\u0107a u Islamu, gra\u0111anima i predstavnicima kulturnog i javnog \u017eivota koji slave, kao i ambasadama Islamskih zemalja u Srbiji. U \u010destitki se izme\u0111u ostalog ka\u017ee:<\/p>\n<p>\u201eNeka i ovaj Kurban Bajram, kao i svi do sada i oni koji \u0107e do\u0107i, donese sre\u0107u, blagostanje i mir me\u0111u ljudima. \u017delja mi je da bajramski dani budu prilika za \u010destitanja i susrete, ne samo u krugu svojih porodica i familija, nego i sa na\u0161im kom\u0161ijama i prijateljima, ma koje vjere bili. I da Bog da da ovi mubarek dani u\u010dvrste vjeru i nadu u bolju budu\u0107nost i napredak i\u00a0 budu podsticaj \u0161irenju tolerancije, povjerenja i saradnje me\u0111u ljudima svih nacija i vjera.\u201d<\/p>\n<p align=\"right\"><em>Predsjednik\u00a0<\/em><\/p>\n<p align=\"right\"><em>dr. Sulejman Ugljanin<\/em><\/p>\n<div><strong>BKZ BELGIJE<\/strong><\/div>\n<div><\/div>\n<div>&#8221; I neka me\u0111u vama bude onih koji \u0107e na dobro pozivati i tra\u017eiti da se \u010dini dobro, a od zla odvra\u0107ati, &#8211; oni \u0107e \u0161ta \u017eele posti\u0107i.&#8221;<\/div>\n<div>Bra\u0107o i sestre, dragi Bo\u0161njaci,<\/div>\n<div>Vjera je spoznaja Allaha d\u017e.\u0161. To je Allahov zakon, koji upu\u010duje ljude na sve \u0161to je dobro i plemenito, \u0161to vodi sre\u0107i i blagostanju na ovom svijetu i na Ahiretu. Vjera je potrebna da bi ljudi bili dobri, plemeniti i korisni \u010dlanovi zajednice.<\/div>\n<div>Mi, muslimani imamo posebnu \u010dast ponositi se na\u0161om pelijepom vjeom koja nas u\u010di o po\u0161tivanju, toleranciji, oprostu i svemu onome sto uzdi\u017ee vrijednosti jednog insana.<\/div>\n<div>Daju\u0107i nam blagodat koja se naziva Islam, na\u0161 uzviseni stvoritelj je odredio i posebne blagadane u godini.<\/div>\n<div>Ovoga puta nam je pripala c\u010dast da zajedno do\u010dekamo kurban Bajram jedan od najve\u0107ih blagdana.<\/div>\n<div>U svoje ime i u ime Bosnjacke kulturne zajednice u Belgiji, svim muslimanima \u00a0sirom svijeta neka je :<\/div>\n<div style=\"text-align: right;\">Bajram \u0161erif mubarek olsun sa \u017eeljom da ga u slozi i ibadetu do\u010dekate.<\/div>\n<p style=\"text-align: right;\"><em>Ned\u017ead \u0106eman<\/em><br \/>\n<em>Predsjednik BKZ Belgije<\/em><\/p>\n<p><strong>BKZ KOSOVA<\/strong><\/p>\n<p><span style=\"color: #000000; font-family: 'Trebuchet MS', Tahoma, Arial, Helvetica, sans-serif; font-size: 14px; line-height: 21px; background-color: #ffffff;\"><span style=\"color: #333333; font-family: Georgia, 'Times New Roman', 'Bitstream Charter', Times, serif; font-size: 13px; line-height: 19px;\">Bo\u0161nja\u010dka kulturna Zajednica na Kosovu, povodom predstoje\u0107eg Kurban Bajrama, upu\u0107uje najiskrenije \u010destitke svim pripadnicima islamske vjere a posebice bo\u0161njacima Kosova, Sand\u017eaka, Bosne i drugih prostora gdje \u017eive.<\/span><\/span><\/p>\n<p>\u017delim da nas ovaj mubarek praznik sve zatekne u miru, slozi i me\u0111usobnom razumijevanju, te dobrom zdravlju, sre\u0107i i lijepom raspolo\u017eenju. Da nam uzvi\u0161eni primi dovu i ukabuli kurban.<\/p>\n<p>Posebice je ovo lijepa prigoda i da se \u010de\u0161\u0107e uputi dova za \u017ertve u ratom obujmljenim podru\u010djima muslimanskih zemalja; da im uzvi\u0161eni Allah d\u017e.\u0161. podari mir, izbavi ih daljih stradanja, da spasi ranjene i vrati raseljene, a \u0161ehidima podari lijepi d\u017eennet. Neka je i pelegrinima hairli had\u017ed\u017e i da je bo\u017eija milost na Muhamedov umet, in \u0161aa Allah.<\/p>\n<p>Esselamu Alejkum !<\/p>\n<p style=\"text-align: right;\"><em>Sahit Kandi\u0107, predsjednik<\/em><br \/>\n<em>Bo\u0161nja\u010dka Kulturna Zajednica na Kosovu<\/em><\/p>\n<p style=\"text-align: right;\"><span style=\"color: #000000; font-family: 'Trebuchet MS', Tahoma, Arial, Helvetica, sans-serif; font-size: 14px; line-height: 21px; background-color: #ffffff;\"><strong><\/strong>\u00a0<\/span><\/p>\n","protected":false},"excerpt":{"rendered":"<p>U povodu nastupaju\u0107eg Kurban bajrama \u010destitke vjerskim velikodostojnicima i vjernicima uputili su: Bo\u0161nja\u010dka kulturna zajednica, Zajednica sand\u017ea\u010dke dijaspore Bo\u0161nja\u010dko nacionalno vije\u0107e Narodno vije\u0107e Sand\u017eaka, Bo\u0161nja\u010dka demokratska zajednica, Stranka demokratske akcije BKZ Belgije BKZ Kosova \u010cestitke prenosimo u cjelosti. BO\u0160NJA\u010cKA KULTURNA ZAJEDNICA U povodu nastupaju\u0107eg Kurban bajrama ili Had\u017eijskog bajrama, Vama uva\u017eeni Reisu-l-ulema IZ-e u BiH, [&hellip;]<\/p>\n","protected":false},"author":83,"featured_media":91297,"comment_status":"open","ping_status":"open","sticky":false,"template":"","format":"standard","meta":{"footnotes":""},"categories":[8957],"tags":[10285],"class_list":{"0":"post-91296","1":"post","2":"type-post","3":"status-publish","4":"format-standard","5":"has-post-thumbnail","7":"category-vijesti-dana","8":"tag-bajram"},"yoast_head":"<!-- This site is optimized with the Yoast SEO Premium plugin v23.1 (Yoast SEO v24.9) - https:\/\/yoast.com\/wordpress\/plugins\/seo\/ -->\n<title>Bajramske \u010destitke - BAJRAM \u0160ERIF MUBAREK OLSUN<\/title>\n<meta name=\"robots\" content=\"index, follow, max-snippet:-1, max-image-preview:large, max-video-preview:-1\" \/>\n<link rel=\"canonical\" href=\"https:\/\/sandzakpress.net\/arhiva\/bajramske-cestitke-bajram-serif-mubarek-olsun-2\/\" \/>\n<meta property=\"og:locale\" content=\"bs_BA\" \/>\n<meta property=\"og:type\" content=\"article\" \/>\n<meta property=\"og:title\" content=\"Bajramske \u010destitke - BAJRAM \u0160ERIF MUBAREK OLSUN\" \/>\n<meta property=\"og:description\" content=\"U povodu nastupaju\u0107eg Kurban bajrama \u010destitke vjerskim velikodostojnicima i vjernicima uputili su: Bo\u0161nja\u010dka kulturna zajednica, Zajednica sand\u017ea\u010dke dijaspore Bo\u0161nja\u010dko nacionalno vije\u0107e Narodno vije\u0107e Sand\u017eaka, Bo\u0161nja\u010dka demokratska zajednica, Stranka demokratske akcije BKZ Belgije BKZ Kosova \u010cestitke prenosimo u cjelosti. BO\u0160NJA\u010cKA KULTURNA ZAJEDNICA U povodu nastupaju\u0107eg Kurban bajrama ili Had\u017eijskog bajrama, Vama uva\u017eeni Reisu-l-ulema IZ-e u BiH, [&hellip;]\" \/>\n<meta property=\"og:url\" content=\"https:\/\/sandzakpress.net\/arhiva\/bajramske-cestitke-bajram-serif-mubarek-olsun-2\/\" \/>\n<meta property=\"og:site_name\" content=\"Sand\u017eak PRESS\" \/>\n<meta property=\"article:published_time\" content=\"2013-10-14T09:44:06+00:00\" \/>\n<meta property=\"article:modified_time\" content=\"2013-10-14T19:21:16+00:00\" \/>\n<meta property=\"og:image\" content=\"https:\/\/sandzakpress.net\/arhiva\/wp-content\/uploads\/2013\/10\/bajram4.jpg\" \/>\n\t<meta property=\"og:image:width\" content=\"300\" \/>\n\t<meta property=\"og:image:height\" content=\"199\" \/>\n\t<meta property=\"og:image:type\" content=\"image\/jpeg\" \/>\n<meta name=\"author\" content=\"bosniak\" \/>\n<meta name=\"twitter:card\" content=\"summary_large_image\" \/>\n<meta name=\"twitter:label1\" content=\"Written by\" \/>\n\t<meta name=\"twitter:data1\" content=\"bosniak\" \/>\n\t<meta name=\"twitter:label2\" content=\"Est. reading time\" \/>\n\t<meta name=\"twitter:data2\" content=\"6 minuta\" \/>\n<script type=\"application\/ld+json\" class=\"yoast-schema-graph\">{\"@context\":\"https:\/\/schema.org\",\"@graph\":[{\"@type\":\"Article\",\"@id\":\"https:\/\/sandzakpress.net\/arhiva\/bajramske-cestitke-bajram-serif-mubarek-olsun-2\/#article\",\"isPartOf\":{\"@id\":\"https:\/\/sandzakpress.net\/arhiva\/bajramske-cestitke-bajram-serif-mubarek-olsun-2\/\"},\"author\":{\"name\":\"bosniak\",\"@id\":\"https:\/\/sandzakpress.net\/arhiva\/#\/schema\/person\/c8baee722073534b583ea7bdb2e36c02\"},\"headline\":\"Bajramske \u010destitke &#8211; BAJRAM \u0160ERIF MUBAREK OLSUN\",\"datePublished\":\"2013-10-14T09:44:06+00:00\",\"dateModified\":\"2013-10-14T19:21:16+00:00\",\"mainEntityOfPage\":{\"@id\":\"https:\/\/sandzakpress.net\/arhiva\/bajramske-cestitke-bajram-serif-mubarek-olsun-2\/\"},\"wordCount\":1232,\"commentCount\":1,\"publisher\":{\"@id\":\"https:\/\/sandzakpress.net\/arhiva\/#\/schema\/person\/6e72b67d6e51910a1117b3b483ba20bd\"},\"image\":{\"@id\":\"https:\/\/sandzakpress.net\/arhiva\/bajramske-cestitke-bajram-serif-mubarek-olsun-2\/#primaryimage\"},\"thumbnailUrl\":\"https:\/\/sandzakpress.net\/arhiva\/wp-content\/uploads\/2013\/10\/bajram4.jpg\",\"keywords\":[\"Bajram\"],\"articleSection\":[\"VIJESTI DANA\"],\"inLanguage\":\"bs-BA\",\"potentialAction\":[{\"@type\":\"CommentAction\",\"name\":\"Comment\",\"target\":[\"https:\/\/sandzakpress.net\/arhiva\/bajramske-cestitke-bajram-serif-mubarek-olsun-2\/#respond\"]}]},{\"@type\":\"WebPage\",\"@id\":\"https:\/\/sandzakpress.net\/arhiva\/bajramske-cestitke-bajram-serif-mubarek-olsun-2\/\",\"url\":\"https:\/\/sandzakpress.net\/arhiva\/bajramske-cestitke-bajram-serif-mubarek-olsun-2\/\",\"name\":\"Bajramske \u010destitke - BAJRAM \u0160ERIF MUBAREK OLSUN\",\"isPartOf\":{\"@id\":\"https:\/\/sandzakpress.net\/arhiva\/#website\"},\"primaryImageOfPage\":{\"@id\":\"https:\/\/sandzakpress.net\/arhiva\/bajramske-cestitke-bajram-serif-mubarek-olsun-2\/#primaryimage\"},\"image\":{\"@id\":\"https:\/\/sandzakpress.net\/arhiva\/bajramske-cestitke-bajram-serif-mubarek-olsun-2\/#primaryimage\"},\"thumbnailUrl\":\"https:\/\/sandzakpress.net\/arhiva\/wp-content\/uploads\/2013\/10\/bajram4.jpg\",\"datePublished\":\"2013-10-14T09:44:06+00:00\",\"dateModified\":\"2013-10-14T19:21:16+00:00\",\"breadcrumb\":{\"@id\":\"https:\/\/sandzakpress.net\/arhiva\/bajramske-cestitke-bajram-serif-mubarek-olsun-2\/#breadcrumb\"},\"inLanguage\":\"bs-BA\",\"potentialAction\":[{\"@type\":\"ReadAction\",\"target\":[\"https:\/\/sandzakpress.net\/arhiva\/bajramske-cestitke-bajram-serif-mubarek-olsun-2\/\"]}]},{\"@type\":\"ImageObject\",\"inLanguage\":\"bs-BA\",\"@id\":\"https:\/\/sandzakpress.net\/arhiva\/bajramske-cestitke-bajram-serif-mubarek-olsun-2\/#primaryimage\",\"url\":\"https:\/\/sandzakpress.net\/arhiva\/wp-content\/uploads\/2013\/10\/bajram4.jpg\",\"contentUrl\":\"https:\/\/sandzakpress.net\/arhiva\/wp-content\/uploads\/2013\/10\/bajram4.jpg\",\"width\":300,\"height\":199},{\"@type\":\"BreadcrumbList\",\"@id\":\"https:\/\/sandzakpress.net\/arhiva\/bajramske-cestitke-bajram-serif-mubarek-olsun-2\/#breadcrumb\",\"itemListElement\":[{\"@type\":\"ListItem\",\"position\":1,\"name\":\"Home\",\"item\":\"https:\/\/sandzakpress.net\/arhiva\/\"},{\"@type\":\"ListItem\",\"position\":2,\"name\":\"Bajramske \u010destitke &#8211; BAJRAM \u0160ERIF MUBAREK OLSUN\"}]},{\"@type\":\"WebSite\",\"@id\":\"https:\/\/sandzakpress.net\/arhiva\/#website\",\"url\":\"https:\/\/sandzakpress.net\/arhiva\/\",\"name\":\"Sand\u017eak PRESS\",\"description\":\"Prve elektronske novine u Sand\u017eaku\",\"publisher\":{\"@id\":\"https:\/\/sandzakpress.net\/arhiva\/#\/schema\/person\/6e72b67d6e51910a1117b3b483ba20bd\"},\"potentialAction\":[{\"@type\":\"SearchAction\",\"target\":{\"@type\":\"EntryPoint\",\"urlTemplate\":\"https:\/\/sandzakpress.net\/arhiva\/?s={search_term_string}\"},\"query-input\":{\"@type\":\"PropertyValueSpecification\",\"valueRequired\":true,\"valueName\":\"search_term_string\"}}],\"inLanguage\":\"bs-BA\"},{\"@type\":[\"Person\",\"Organization\"],\"@id\":\"https:\/\/sandzakpress.net\/arhiva\/#\/schema\/person\/6e72b67d6e51910a1117b3b483ba20bd\",\"name\":\"Kul\",\"image\":{\"@type\":\"ImageObject\",\"inLanguage\":\"bs-BA\",\"@id\":\"https:\/\/sandzakpress.net\/arhiva\/#\/schema\/person\/image\/\",\"url\":\"https:\/\/secure.gravatar.com\/avatar\/42263f39aa27ac04c43cab85c280eb2e?s=96&d=mm&r=pg\",\"contentUrl\":\"https:\/\/secure.gravatar.com\/avatar\/42263f39aa27ac04c43cab85c280eb2e?s=96&d=mm&r=pg\",\"caption\":\"Kul\"},\"logo\":{\"@id\":\"https:\/\/sandzakpress.net\/arhiva\/#\/schema\/person\/image\/\"}},{\"@type\":\"Person\",\"@id\":\"https:\/\/sandzakpress.net\/arhiva\/#\/schema\/person\/c8baee722073534b583ea7bdb2e36c02\",\"name\":\"bosniak\",\"image\":{\"@type\":\"ImageObject\",\"inLanguage\":\"bs-BA\",\"@id\":\"https:\/\/sandzakpress.net\/arhiva\/#\/schema\/person\/image\/\",\"url\":\"https:\/\/secure.gravatar.com\/avatar\/a04fd330bfe3a36a72a0ad4a6d89fca7?s=96&d=mm&r=pg\",\"contentUrl\":\"https:\/\/secure.gravatar.com\/avatar\/a04fd330bfe3a36a72a0ad4a6d89fca7?s=96&d=mm&r=pg\",\"caption\":\"bosniak\"},\"url\":\"https:\/\/sandzakpress.net\/arhiva\/author\/bosniak\/\"}]}<\/script>\n<!-- \/ Yoast SEO Premium plugin. -->","yoast_head_json":{"title":"Bajramske \u010destitke - BAJRAM \u0160ERIF MUBAREK OLSUN","robots":{"index":"index","follow":"follow","max-snippet":"max-snippet:-1","max-image-preview":"max-image-preview:large","max-video-preview":"max-video-preview:-1"},"canonical":"https:\/\/sandzakpress.net\/arhiva\/bajramske-cestitke-bajram-serif-mubarek-olsun-2\/","og_locale":"bs_BA","og_type":"article","og_title":"Bajramske \u010destitke - BAJRAM \u0160ERIF MUBAREK OLSUN","og_description":"U povodu nastupaju\u0107eg Kurban bajrama \u010destitke vjerskim velikodostojnicima i vjernicima uputili su: Bo\u0161nja\u010dka kulturna zajednica, Zajednica sand\u017ea\u010dke dijaspore Bo\u0161nja\u010dko nacionalno vije\u0107e Narodno vije\u0107e Sand\u017eaka, Bo\u0161nja\u010dka demokratska zajednica, Stranka demokratske akcije BKZ Belgije BKZ Kosova \u010cestitke prenosimo u cjelosti. BO\u0160NJA\u010cKA KULTURNA ZAJEDNICA U povodu nastupaju\u0107eg Kurban bajrama ili Had\u017eijskog bajrama, Vama uva\u017eeni Reisu-l-ulema IZ-e u BiH, [&hellip;]","og_url":"https:\/\/sandzakpress.net\/arhiva\/bajramske-cestitke-bajram-serif-mubarek-olsun-2\/","og_site_name":"Sand\u017eak PRESS","article_published_time":"2013-10-14T09:44:06+00:00","article_modified_time":"2013-10-14T19:21:16+00:00","og_image":[{"width":300,"height":199,"url":"https:\/\/sandzakpress.net\/arhiva\/wp-content\/uploads\/2013\/10\/bajram4.jpg","type":"image\/jpeg"}],"author":"bosniak","twitter_card":"summary_large_image","twitter_misc":{"Written by":"bosniak","Est. reading time":"6 minuta"},"schema":{"@context":"https:\/\/schema.org","@graph":[{"@type":"Article","@id":"https:\/\/sandzakpress.net\/arhiva\/bajramske-cestitke-bajram-serif-mubarek-olsun-2\/#article","isPartOf":{"@id":"https:\/\/sandzakpress.net\/arhiva\/bajramske-cestitke-bajram-serif-mubarek-olsun-2\/"},"author":{"name":"bosniak","@id":"https:\/\/sandzakpress.net\/arhiva\/#\/schema\/person\/c8baee722073534b583ea7bdb2e36c02"},"headline":"Bajramske \u010destitke &#8211; BAJRAM \u0160ERIF MUBAREK OLSUN","datePublished":"2013-10-14T09:44:06+00:00","dateModified":"2013-10-14T19:21:16+00:00","mainEntityOfPage":{"@id":"https:\/\/sandzakpress.net\/arhiva\/bajramske-cestitke-bajram-serif-mubarek-olsun-2\/"},"wordCount":1232,"commentCount":1,"publisher":{"@id":"https:\/\/sandzakpress.net\/arhiva\/#\/schema\/person\/6e72b67d6e51910a1117b3b483ba20bd"},"image":{"@id":"https:\/\/sandzakpress.net\/arhiva\/bajramske-cestitke-bajram-serif-mubarek-olsun-2\/#primaryimage"},"thumbnailUrl":"https:\/\/sandzakpress.net\/arhiva\/wp-content\/uploads\/2013\/10\/bajram4.jpg","keywords":["Bajram"],"articleSection":["VIJESTI DANA"],"inLanguage":"bs-BA","potentialAction":[{"@type":"CommentAction","name":"Comment","target":["https:\/\/sandzakpress.net\/arhiva\/bajramske-cestitke-bajram-serif-mubarek-olsun-2\/#respond"]}]},{"@type":"WebPage","@id":"https:\/\/sandzakpress.net\/arhiva\/bajramske-cestitke-bajram-serif-mubarek-olsun-2\/","url":"https:\/\/sandzakpress.net\/arhiva\/bajramske-cestitke-bajram-serif-mubarek-olsun-2\/","name":"Bajramske \u010destitke - BAJRAM \u0160ERIF MUBAREK OLSUN","isPartOf":{"@id":"https:\/\/sandzakpress.net\/arhiva\/#website"},"primaryImageOfPage":{"@id":"https:\/\/sandzakpress.net\/arhiva\/bajramske-cestitke-bajram-serif-mubarek-olsun-2\/#primaryimage"},"image":{"@id":"https:\/\/sandzakpress.net\/arhiva\/bajramske-cestitke-bajram-serif-mubarek-olsun-2\/#primaryimage"},"thumbnailUrl":"https:\/\/sandzakpress.net\/arhiva\/wp-content\/uploads\/2013\/10\/bajram4.jpg","datePublished":"2013-10-14T09:44:06+00:00","dateModified":"2013-10-14T19:21:16+00:00","breadcrumb":{"@id":"https:\/\/sandzakpress.net\/arhiva\/bajramske-cestitke-bajram-serif-mubarek-olsun-2\/#breadcrumb"},"inLanguage":"bs-BA","potentialAction":[{"@type":"ReadAction","target":["https:\/\/sandzakpress.net\/arhiva\/bajramske-cestitke-bajram-serif-mubarek-olsun-2\/"]}]},{"@type":"ImageObject","inLanguage":"bs-BA","@id":"https:\/\/sandzakpress.net\/arhiva\/bajramske-cestitke-bajram-serif-mubarek-olsun-2\/#primaryimage","url":"https:\/\/sandzakpress.net\/arhiva\/wp-content\/uploads\/2013\/10\/bajram4.jpg","contentUrl":"https:\/\/sandzakpress.net\/arhiva\/wp-content\/uploads\/2013\/10\/bajram4.jpg","width":300,"height":199},{"@type":"BreadcrumbList","@id":"https:\/\/sandzakpress.net\/arhiva\/bajramske-cestitke-bajram-serif-mubarek-olsun-2\/#breadcrumb","itemListElement":[{"@type":"ListItem","position":1,"name":"Home","item":"https:\/\/sandzakpress.net\/arhiva\/"},{"@type":"ListItem","position":2,"name":"Bajramske \u010destitke &#8211; BAJRAM \u0160ERIF MUBAREK OLSUN"}]},{"@type":"WebSite","@id":"https:\/\/sandzakpress.net\/arhiva\/#website","url":"https:\/\/sandzakpress.net\/arhiva\/","name":"Sand\u017eak PRESS","description":"Prve elektronske novine u Sand\u017eaku","publisher":{"@id":"https:\/\/sandzakpress.net\/arhiva\/#\/schema\/person\/6e72b67d6e51910a1117b3b483ba20bd"},"potentialAction":[{"@type":"SearchAction","target":{"@type":"EntryPoint","urlTemplate":"https:\/\/sandzakpress.net\/arhiva\/?s={search_term_string}"},"query-input":{"@type":"PropertyValueSpecification","valueRequired":true,"valueName":"search_term_string"}}],"inLanguage":"bs-BA"},{"@type":["Person","Organization"],"@id":"https:\/\/sandzakpress.net\/arhiva\/#\/schema\/person\/6e72b67d6e51910a1117b3b483ba20bd","name":"Kul","image":{"@type":"ImageObject","inLanguage":"bs-BA","@id":"https:\/\/sandzakpress.net\/arhiva\/#\/schema\/person\/image\/","url":"https:\/\/secure.gravatar.com\/avatar\/42263f39aa27ac04c43cab85c280eb2e?s=96&d=mm&r=pg","contentUrl":"https:\/\/secure.gravatar.com\/avatar\/42263f39aa27ac04c43cab85c280eb2e?s=96&d=mm&r=pg","caption":"Kul"},"logo":{"@id":"https:\/\/sandzakpress.net\/arhiva\/#\/schema\/person\/image\/"}},{"@type":"Person","@id":"https:\/\/sandzakpress.net\/arhiva\/#\/schema\/person\/c8baee722073534b583ea7bdb2e36c02","name":"bosniak","image":{"@type":"ImageObject","inLanguage":"bs-BA","@id":"https:\/\/sandzakpress.net\/arhiva\/#\/schema\/person\/image\/","url":"https:\/\/secure.gravatar.com\/avatar\/a04fd330bfe3a36a72a0ad4a6d89fca7?s=96&d=mm&r=pg","contentUrl":"https:\/\/secure.gravatar.com\/avatar\/a04fd330bfe3a36a72a0ad4a6d89fca7?s=96&d=mm&r=pg","caption":"bosniak"},"url":"https:\/\/sandzakpress.net\/arhiva\/author\/bosniak\/"}]}},"_links":{"self":[{"href":"https:\/\/sandzakpress.net\/arhiva\/wp-json\/wp\/v2\/posts\/91296"}],"collection":[{"href":"https:\/\/sandzakpress.net\/arhiva\/wp-json\/wp\/v2\/posts"}],"about":[{"href":"https:\/\/sandzakpress.net\/arhiva\/wp-json\/wp\/v2\/types\/post"}],"author":[{"embeddable":true,"href":"https:\/\/sandzakpress.net\/arhiva\/wp-json\/wp\/v2\/users\/83"}],"replies":[{"embeddable":true,"href":"https:\/\/sandzakpress.net\/arhiva\/wp-json\/wp\/v2\/comments?post=91296"}],"version-history":[{"count":0,"href":"https:\/\/sandzakpress.net\/arhiva\/wp-json\/wp\/v2\/posts\/91296\/revisions"}],"wp:featuredmedia":[{"embeddable":true,"href":"https:\/\/sandzakpress.net\/arhiva\/wp-json\/wp\/v2\/media\/91297"}],"wp:attachment":[{"href":"https:\/\/sandzakpress.net\/arhiva\/wp-json\/wp\/v2\/media?parent=91296"}],"wp:term":[{"taxonomy":"category","embeddable":true,"href":"https:\/\/sandzakpress.net\/arhiva\/wp-json\/wp\/v2\/categories?post=91296"},{"taxonomy":"post_tag","embeddable":true,"href":"https:\/\/sandzakpress.net\/arhiva\/wp-json\/wp\/v2\/tags?post=91296"}],"curies":[{"name":"wp","href":"https:\/\/api.w.org\/{rel}","templated":true}]}}