{"id":9123,"date":"2010-10-15T07:56:23","date_gmt":"2010-10-15T05:56:23","guid":{"rendered":"https:\/\/sandzakpress.net\/arhiva\/?p=9123"},"modified":"2010-10-15T07:56:23","modified_gmt":"2010-10-15T05:56:23","slug":"dekan-fis-a-u-drstvu-amr-halida-i-zakira-naika","status":"publish","type":"post","link":"https:\/\/sandzakpress.net\/arhiva\/dekan-fis-a-u-drstvu-amr-halida-i-zakira-naika\/","title":{"rendered":"Dekan FIS-a u dr\u0161tvu Amr Halida i Zakira Naika"},"content":{"rendered":"<p><strong><a href=\"https:\/\/sandzakpress.net\/arhiva\/wp-content\/uploads\/2010\/10\/indon-4.jpg\"><img loading=\"lazy\" decoding=\"async\" class=\"alignleft size-full wp-image-9124\" title=\"indon 4\" src=\"https:\/\/sandzakpress.net\/arhiva\/wp-content\/uploads\/2010\/10\/indon-4.jpg\" alt=\"\" width=\"464\" height=\"181\" \/><\/a>Sand\u017eak &#8211; Oko 700 islamskih u\u010denjaka iz preko 80 zemalja prisustvovalo je seminaru u organizaciji Me\u0111unarodne skup\u0161tine muslimanske omladine koja je ove godine odr\u017eana u D\u017eakarti, glavnom gradu Indonezije, od 2. do 5. oktobra ove godine.<\/strong><\/p>\n<p>Skupu je prisustvovao saudijski ministar za vjerska pitanja Salih El-E\u0161eih, islamski u\u010denjaci iz Saudijske Arabije Abdullah El-Mani, Salman El-Avde, biv\u0161i ministar za vjerska pitanja Sudana Isam El-Be\u0161ir, kao i daije Zakir Naik, Amr Halid i mnogi drugi. Skup je sve\u010dano otvorio indone\u017eanski ministar za vjerska pitanjaSuryadharma Ali i ukazao da je Indonezija po\u010da\u0161\u0107ena prilikom da bude doma\u0107in ovako va\u017enom skupu.<\/p>\n<p>Na skupu je, predstavljaju\u0107i Me\u0161ihat, u\u010destvovao dekan Fakulteta za islamske studije, dr. hfz. Almir-ef. Pramenkovi\u0107. Tema trodnevne me\u0111unarodne konferencije bila je \u201eOmladina i dru\u0161tvena odgovornost\u201c o kojoj su govorili svjetski priznati i eminentni islamski autoriteti, naglasiv\u0161i da je budu\u0107nost ummeta omladina, te da je izuzetno va\u017eno kako omladina shvata islam. Predava\u010di su ukazali da sama tema koju je organizator odabrao i pred njima postavio ilustruje i odra\u017eava va\u017enost u\u010de\u0161\u0107a omladine u vremenu kroz koje ummet prolazi, potvr\u0111uju\u0107i \u010dinjenicu da kao \u0161to je Poslanik Muhammed a.s. uspio u svojoj misiji uz pomo\u0107 ashaba, mlade generacije, tako svako vrijeme zahtijeva mladu generaciju koja \u0107e, prije svega, intelektualno se osposobiti, dati svoj doprinos o\u010duvanja islama i njegove afirmacije na podru\u010dju gdje \u017eive.<\/p>\n<p><a href=\"http:\/\/fis.edu.rs\/images\/stories\/islamic\/indon%204.jpg\" target=\"_blank\"><\/a>Generalni sekretar Me\u0111unarodne skup\u0161tine muslimanske omladine dr. Salih El-Vuhejbi istakao je da omladina dolazi u susret sa velikim brojem izazova, ali da, ukoliko ne posjeduje dovoljno i adekvatno poznavanje islama, vrlo \u010desto mo\u017ee zapasti u fundamentalizam i radikalno shvatanje islama koje nije utemeljeno u Kur\u2019anu i Sunnetu. On je, tako\u0111er, istakao da je klju\u010dni cilj ovoj organizaciji edukacijski razvoj i unapre\u0111enje omladine koja je budu\u0107nost islamskog ummeta.<\/p>\n<p>Ukazano je da se fetva mijenja promjenom vremena, mjesta i stanja u kojem je prvobitno izre\u010dena. Fetva je rje\u0161enje \u0161erijatsko-pravnog problema, pa ako je ona podlo\u017ena promjeni zbog promjene vremena ili stanja, onda nema nikakve sumnje da i na\u0161e djelovanje poprimi oblik koji \u0107e biti djelotvorniji u odre\u0111enom vremenu ili prostoru. Kur'an nas obavje\u0161tava da je svaki poslanik govorio jezikom naroda kojeg je pozivao kako bi ga oni razumjeli, \u0161to zna\u010di da se i mi trebamo koristiti jezikom koji \u0107e biti razumljiv za one kojima se obra\u0107amo. Svaki narod ima svoj jezik i neophodno je prenijeti mu poruku islama njegovim jezikom kako bi je razumio, imao ispravnu predstavu o islamu i na taj na\u010din odbacio sve sumnje i podvale koje mu svjesno serviraju oni koji ne \u017eele da istina do\u0111e do njega. Zbog toga je neophodno da daija bude fleksibilan u svom poslu i prona\u0111e adekvatan put ka ispravnom prezentiranju islama onima koje poziva.<\/p>\n<p>Na kraju seminara usvojen je niz zaklju\u010daka i preporuka. Su\u0161tinska poruka je da ako \u017eelimo osobu koja \u0107e originalno prenositi ideju islama, na na\u010din na koji \u0107e je slu\u0161aoci razumjeti, onda moramo maksimalan trud ulo\u017eiti na pripremi i obrazovanju osobe koja \u0107e se baviti tim poslom. Da bi neko bio uspje\u0161an daija mora se \u201enaoru\u017eati\u201c znanjem iz nekoliko oblasti. Na prvom mjestu je vjersko znanje. On mora poznavati osnove nauke o Kur'anu i tefsiru, hadisu, \u017eivotopisu Muhammeda s.a.v.s., fikhu&#8230; Dakle, treba poznavati vjerske nau\u010dne discipline i slijediti umjereni pravac njihovog razumijevanja. Uspje\u0161an daija ne smije slijediti samo jedan pravac u vjeri, nego ih mora sve upoznati i iz svakog uzimati ono \u0161to je najispravnije u datoj situaciji. Pored vjerskog znanja, uspje\u0161an daija mora posjedovati elementarno znanje jezika kojim se slu\u017ei u svom poslu. Allah d\u017e.\u0161. nas obavje\u0161tava da je zadatak poslanika bio da dostave Objavu na na\u010din koji je jasan ljudima. Jasnost poruke je nezamisliva bez po\u0161tovanja jezi\u010dkih pravila. Zbog toga je na daiji da se dobro upozna sa jezikom i knji\u017eevno\u0161\u0107u naroda kojem se obra\u0107a. Tako\u0111er, uspje\u0161an daija mora biti odlikovan dobrim poznavanjem historije, kako islamske tako i op\u0161te historije svijeta, kako bi iz historijskih doga\u0111aja mogao crpiti pouke koje \u0107e mu biti od velike koristi u radu. Onaj ko \u017eeli da se obra\u0107a narodu treba poznavati i neke dru\u0161tvene nauke, poput sociologije, psihologije i dr. Nije isti na\u010din obra\u0107anja pojedincu i masi. Dobar govornik treba da izu\u010di nauku o govorni\u0161tvu kako bi u svom djelovanju polu\u010dio maksimalne rezultate.<\/p>\n<p>Dekan dr. hfz. Pramenkovi\u0107 je iskoristio priliku da sa muslimanima iz raznih krajeva svijeta razmijeni iskustva i da ih upozna sa stanjem muslimana i diskriminacijom na vjerskoj i nacionalnoj osnovi, kao i sa de\u0161avanjima na polju naru\u0161avanja ljudskih prava.<\/p>\n<p>Izvor: <strong>FIS.edu.rs<\/strong><\/p>\n","protected":false},"excerpt":{"rendered":"<p>Sand\u017eak &#8211; Oko 700 islamskih u\u010denjaka iz preko 80 zemalja prisustvovalo je seminaru u organizaciji Me\u0111unarodne skup\u0161tine muslimanske omladine koja je ove godine odr\u017eana u D\u017eakarti, glavnom gradu Indonezije, od 2. do 5. oktobra ove godine. Skupu je prisustvovao saudijski ministar za vjerska pitanja Salih El-E\u0161eih, islamski u\u010denjaci iz Saudijske Arabije Abdullah El-Mani, Salman El-Avde, [&hellip;]<\/p>\n","protected":false},"author":83,"featured_media":9124,"comment_status":"open","ping_status":"open","sticky":false,"template":"","format":"standard","meta":{"footnotes":""},"categories":[72,398,52,397,327,392,396,393,395,4,394,399],"tags":[],"class_list":{"0":"post-9123","1":"post","2":"type-post","3":"status-publish","4":"format-standard","5":"has-post-thumbnail","7":"category-novi-pazar","8":"category-rozaje","9":"category-sjenica","10":"category-berane","11":"category-tutin","12":"category-prijepolje_","13":"category-bijelo_polje","14":"category-priboj","15":"category-pljevlja_","16":"category-obrazovanje","17":"category-nova-varos","18":"category-plav_"},"yoast_head":"<!-- This site is optimized with the Yoast SEO Premium plugin v23.1 (Yoast SEO v24.9) - https:\/\/yoast.com\/wordpress\/plugins\/seo\/ -->\n<title>Dekan FIS-a u dr\u0161tvu Amr Halida i Zakira Naika<\/title>\n<meta name=\"robots\" content=\"index, follow, max-snippet:-1, max-image-preview:large, max-video-preview:-1\" \/>\n<link rel=\"canonical\" href=\"https:\/\/sandzakpress.net\/arhiva\/dekan-fis-a-u-drstvu-amr-halida-i-zakira-naika\/\" \/>\n<meta property=\"og:locale\" content=\"bs_BA\" \/>\n<meta property=\"og:type\" content=\"article\" \/>\n<meta property=\"og:title\" content=\"Dekan FIS-a u dr\u0161tvu Amr Halida i Zakira Naika\" \/>\n<meta property=\"og:description\" content=\"Sand\u017eak &#8211; Oko 700 islamskih u\u010denjaka iz preko 80 zemalja prisustvovalo je seminaru u organizaciji Me\u0111unarodne skup\u0161tine muslimanske omladine koja je ove godine odr\u017eana u D\u017eakarti, glavnom gradu Indonezije, od 2. do 5. oktobra ove godine. Skupu je prisustvovao saudijski ministar za vjerska pitanja Salih El-E\u0161eih, islamski u\u010denjaci iz Saudijske Arabije Abdullah El-Mani, Salman El-Avde, [&hellip;]\" \/>\n<meta property=\"og:url\" content=\"https:\/\/sandzakpress.net\/arhiva\/dekan-fis-a-u-drstvu-amr-halida-i-zakira-naika\/\" \/>\n<meta property=\"og:site_name\" content=\"Sand\u017eak PRESS\" \/>\n<meta property=\"article:published_time\" content=\"2010-10-15T05:56:23+00:00\" \/>\n<meta property=\"og:image\" content=\"https:\/\/sandzakpress.net\/arhiva\/wp-content\/uploads\/2010\/10\/indon-4.jpg\" \/>\n\t<meta property=\"og:image:width\" content=\"616\" \/>\n\t<meta property=\"og:image:height\" content=\"240\" \/>\n\t<meta property=\"og:image:type\" content=\"image\/jpeg\" \/>\n<meta name=\"author\" content=\"bosniak\" \/>\n<meta name=\"twitter:card\" content=\"summary_large_image\" \/>\n<meta name=\"twitter:label1\" content=\"Written by\" \/>\n\t<meta name=\"twitter:data1\" content=\"bosniak\" \/>\n\t<meta name=\"twitter:label2\" content=\"Est. reading time\" \/>\n\t<meta name=\"twitter:data2\" content=\"4 minute\" \/>\n<script type=\"application\/ld+json\" class=\"yoast-schema-graph\">{\"@context\":\"https:\/\/schema.org\",\"@graph\":[{\"@type\":\"Article\",\"@id\":\"https:\/\/sandzakpress.net\/arhiva\/dekan-fis-a-u-drstvu-amr-halida-i-zakira-naika\/#article\",\"isPartOf\":{\"@id\":\"https:\/\/sandzakpress.net\/arhiva\/dekan-fis-a-u-drstvu-amr-halida-i-zakira-naika\/\"},\"author\":{\"name\":\"bosniak\",\"@id\":\"https:\/\/sandzakpress.net\/arhiva\/#\/schema\/person\/c8baee722073534b583ea7bdb2e36c02\"},\"headline\":\"Dekan FIS-a u dr\u0161tvu Amr Halida i Zakira Naika\",\"datePublished\":\"2010-10-15T05:56:23+00:00\",\"mainEntityOfPage\":{\"@id\":\"https:\/\/sandzakpress.net\/arhiva\/dekan-fis-a-u-drstvu-amr-halida-i-zakira-naika\/\"},\"wordCount\":824,\"commentCount\":0,\"publisher\":{\"@id\":\"https:\/\/sandzakpress.net\/arhiva\/#\/schema\/person\/6e72b67d6e51910a1117b3b483ba20bd\"},\"image\":{\"@id\":\"https:\/\/sandzakpress.net\/arhiva\/dekan-fis-a-u-drstvu-amr-halida-i-zakira-naika\/#primaryimage\"},\"thumbnailUrl\":\"https:\/\/sandzakpress.net\/arhiva\/wp-content\/uploads\/2010\/10\/indon-4.jpg\",\"articleSection\":[\"Novi Pazar\",\"Ro\u017eaje\",\"Sjenica\",\"Berane\",\"Tutin\",\"Prijepolje\",\"Bijelo Polje\",\"Priboj\",\"Pljevlja\",\"Obrazovanje\",\"Nova Varo\u0161\",\"Plav\"],\"inLanguage\":\"bs-BA\",\"potentialAction\":[{\"@type\":\"CommentAction\",\"name\":\"Comment\",\"target\":[\"https:\/\/sandzakpress.net\/arhiva\/dekan-fis-a-u-drstvu-amr-halida-i-zakira-naika\/#respond\"]}]},{\"@type\":\"WebPage\",\"@id\":\"https:\/\/sandzakpress.net\/arhiva\/dekan-fis-a-u-drstvu-amr-halida-i-zakira-naika\/\",\"url\":\"https:\/\/sandzakpress.net\/arhiva\/dekan-fis-a-u-drstvu-amr-halida-i-zakira-naika\/\",\"name\":\"Dekan FIS-a u dr\u0161tvu Amr Halida i Zakira Naika\",\"isPartOf\":{\"@id\":\"https:\/\/sandzakpress.net\/arhiva\/#website\"},\"primaryImageOfPage\":{\"@id\":\"https:\/\/sandzakpress.net\/arhiva\/dekan-fis-a-u-drstvu-amr-halida-i-zakira-naika\/#primaryimage\"},\"image\":{\"@id\":\"https:\/\/sandzakpress.net\/arhiva\/dekan-fis-a-u-drstvu-amr-halida-i-zakira-naika\/#primaryimage\"},\"thumbnailUrl\":\"https:\/\/sandzakpress.net\/arhiva\/wp-content\/uploads\/2010\/10\/indon-4.jpg\",\"datePublished\":\"2010-10-15T05:56:23+00:00\",\"breadcrumb\":{\"@id\":\"https:\/\/sandzakpress.net\/arhiva\/dekan-fis-a-u-drstvu-amr-halida-i-zakira-naika\/#breadcrumb\"},\"inLanguage\":\"bs-BA\",\"potentialAction\":[{\"@type\":\"ReadAction\",\"target\":[\"https:\/\/sandzakpress.net\/arhiva\/dekan-fis-a-u-drstvu-amr-halida-i-zakira-naika\/\"]}]},{\"@type\":\"ImageObject\",\"inLanguage\":\"bs-BA\",\"@id\":\"https:\/\/sandzakpress.net\/arhiva\/dekan-fis-a-u-drstvu-amr-halida-i-zakira-naika\/#primaryimage\",\"url\":\"https:\/\/sandzakpress.net\/arhiva\/wp-content\/uploads\/2010\/10\/indon-4.jpg\",\"contentUrl\":\"https:\/\/sandzakpress.net\/arhiva\/wp-content\/uploads\/2010\/10\/indon-4.jpg\",\"width\":616,\"height\":240},{\"@type\":\"BreadcrumbList\",\"@id\":\"https:\/\/sandzakpress.net\/arhiva\/dekan-fis-a-u-drstvu-amr-halida-i-zakira-naika\/#breadcrumb\",\"itemListElement\":[{\"@type\":\"ListItem\",\"position\":1,\"name\":\"Home\",\"item\":\"https:\/\/sandzakpress.net\/arhiva\/\"},{\"@type\":\"ListItem\",\"position\":2,\"name\":\"Dekan FIS-a u dr\u0161tvu Amr Halida i Zakira Naika\"}]},{\"@type\":\"WebSite\",\"@id\":\"https:\/\/sandzakpress.net\/arhiva\/#website\",\"url\":\"https:\/\/sandzakpress.net\/arhiva\/\",\"name\":\"Sand\u017eak PRESS\",\"description\":\"Prve elektronske novine u Sand\u017eaku\",\"publisher\":{\"@id\":\"https:\/\/sandzakpress.net\/arhiva\/#\/schema\/person\/6e72b67d6e51910a1117b3b483ba20bd\"},\"potentialAction\":[{\"@type\":\"SearchAction\",\"target\":{\"@type\":\"EntryPoint\",\"urlTemplate\":\"https:\/\/sandzakpress.net\/arhiva\/?s={search_term_string}\"},\"query-input\":{\"@type\":\"PropertyValueSpecification\",\"valueRequired\":true,\"valueName\":\"search_term_string\"}}],\"inLanguage\":\"bs-BA\"},{\"@type\":[\"Person\",\"Organization\"],\"@id\":\"https:\/\/sandzakpress.net\/arhiva\/#\/schema\/person\/6e72b67d6e51910a1117b3b483ba20bd\",\"name\":\"Kul\",\"image\":{\"@type\":\"ImageObject\",\"inLanguage\":\"bs-BA\",\"@id\":\"https:\/\/sandzakpress.net\/arhiva\/#\/schema\/person\/image\/\",\"url\":\"https:\/\/secure.gravatar.com\/avatar\/42263f39aa27ac04c43cab85c280eb2e?s=96&d=mm&r=pg\",\"contentUrl\":\"https:\/\/secure.gravatar.com\/avatar\/42263f39aa27ac04c43cab85c280eb2e?s=96&d=mm&r=pg\",\"caption\":\"Kul\"},\"logo\":{\"@id\":\"https:\/\/sandzakpress.net\/arhiva\/#\/schema\/person\/image\/\"}},{\"@type\":\"Person\",\"@id\":\"https:\/\/sandzakpress.net\/arhiva\/#\/schema\/person\/c8baee722073534b583ea7bdb2e36c02\",\"name\":\"bosniak\",\"image\":{\"@type\":\"ImageObject\",\"inLanguage\":\"bs-BA\",\"@id\":\"https:\/\/sandzakpress.net\/arhiva\/#\/schema\/person\/image\/\",\"url\":\"https:\/\/secure.gravatar.com\/avatar\/a04fd330bfe3a36a72a0ad4a6d89fca7?s=96&d=mm&r=pg\",\"contentUrl\":\"https:\/\/secure.gravatar.com\/avatar\/a04fd330bfe3a36a72a0ad4a6d89fca7?s=96&d=mm&r=pg\",\"caption\":\"bosniak\"},\"url\":\"https:\/\/sandzakpress.net\/arhiva\/author\/bosniak\/\"}]}<\/script>\n<!-- \/ Yoast SEO Premium plugin. -->","yoast_head_json":{"title":"Dekan FIS-a u dr\u0161tvu Amr Halida i Zakira Naika","robots":{"index":"index","follow":"follow","max-snippet":"max-snippet:-1","max-image-preview":"max-image-preview:large","max-video-preview":"max-video-preview:-1"},"canonical":"https:\/\/sandzakpress.net\/arhiva\/dekan-fis-a-u-drstvu-amr-halida-i-zakira-naika\/","og_locale":"bs_BA","og_type":"article","og_title":"Dekan FIS-a u dr\u0161tvu Amr Halida i Zakira Naika","og_description":"Sand\u017eak &#8211; Oko 700 islamskih u\u010denjaka iz preko 80 zemalja prisustvovalo je seminaru u organizaciji Me\u0111unarodne skup\u0161tine muslimanske omladine koja je ove godine odr\u017eana u D\u017eakarti, glavnom gradu Indonezije, od 2. do 5. oktobra ove godine. Skupu je prisustvovao saudijski ministar za vjerska pitanja Salih El-E\u0161eih, islamski u\u010denjaci iz Saudijske Arabije Abdullah El-Mani, Salman El-Avde, [&hellip;]","og_url":"https:\/\/sandzakpress.net\/arhiva\/dekan-fis-a-u-drstvu-amr-halida-i-zakira-naika\/","og_site_name":"Sand\u017eak PRESS","article_published_time":"2010-10-15T05:56:23+00:00","og_image":[{"width":616,"height":240,"url":"https:\/\/sandzakpress.net\/arhiva\/wp-content\/uploads\/2010\/10\/indon-4.jpg","type":"image\/jpeg"}],"author":"bosniak","twitter_card":"summary_large_image","twitter_misc":{"Written by":"bosniak","Est. reading time":"4 minute"},"schema":{"@context":"https:\/\/schema.org","@graph":[{"@type":"Article","@id":"https:\/\/sandzakpress.net\/arhiva\/dekan-fis-a-u-drstvu-amr-halida-i-zakira-naika\/#article","isPartOf":{"@id":"https:\/\/sandzakpress.net\/arhiva\/dekan-fis-a-u-drstvu-amr-halida-i-zakira-naika\/"},"author":{"name":"bosniak","@id":"https:\/\/sandzakpress.net\/arhiva\/#\/schema\/person\/c8baee722073534b583ea7bdb2e36c02"},"headline":"Dekan FIS-a u dr\u0161tvu Amr Halida i Zakira Naika","datePublished":"2010-10-15T05:56:23+00:00","mainEntityOfPage":{"@id":"https:\/\/sandzakpress.net\/arhiva\/dekan-fis-a-u-drstvu-amr-halida-i-zakira-naika\/"},"wordCount":824,"commentCount":0,"publisher":{"@id":"https:\/\/sandzakpress.net\/arhiva\/#\/schema\/person\/6e72b67d6e51910a1117b3b483ba20bd"},"image":{"@id":"https:\/\/sandzakpress.net\/arhiva\/dekan-fis-a-u-drstvu-amr-halida-i-zakira-naika\/#primaryimage"},"thumbnailUrl":"https:\/\/sandzakpress.net\/arhiva\/wp-content\/uploads\/2010\/10\/indon-4.jpg","articleSection":["Novi Pazar","Ro\u017eaje","Sjenica","Berane","Tutin","Prijepolje","Bijelo Polje","Priboj","Pljevlja","Obrazovanje","Nova Varo\u0161","Plav"],"inLanguage":"bs-BA","potentialAction":[{"@type":"CommentAction","name":"Comment","target":["https:\/\/sandzakpress.net\/arhiva\/dekan-fis-a-u-drstvu-amr-halida-i-zakira-naika\/#respond"]}]},{"@type":"WebPage","@id":"https:\/\/sandzakpress.net\/arhiva\/dekan-fis-a-u-drstvu-amr-halida-i-zakira-naika\/","url":"https:\/\/sandzakpress.net\/arhiva\/dekan-fis-a-u-drstvu-amr-halida-i-zakira-naika\/","name":"Dekan FIS-a u dr\u0161tvu Amr Halida i Zakira Naika","isPartOf":{"@id":"https:\/\/sandzakpress.net\/arhiva\/#website"},"primaryImageOfPage":{"@id":"https:\/\/sandzakpress.net\/arhiva\/dekan-fis-a-u-drstvu-amr-halida-i-zakira-naika\/#primaryimage"},"image":{"@id":"https:\/\/sandzakpress.net\/arhiva\/dekan-fis-a-u-drstvu-amr-halida-i-zakira-naika\/#primaryimage"},"thumbnailUrl":"https:\/\/sandzakpress.net\/arhiva\/wp-content\/uploads\/2010\/10\/indon-4.jpg","datePublished":"2010-10-15T05:56:23+00:00","breadcrumb":{"@id":"https:\/\/sandzakpress.net\/arhiva\/dekan-fis-a-u-drstvu-amr-halida-i-zakira-naika\/#breadcrumb"},"inLanguage":"bs-BA","potentialAction":[{"@type":"ReadAction","target":["https:\/\/sandzakpress.net\/arhiva\/dekan-fis-a-u-drstvu-amr-halida-i-zakira-naika\/"]}]},{"@type":"ImageObject","inLanguage":"bs-BA","@id":"https:\/\/sandzakpress.net\/arhiva\/dekan-fis-a-u-drstvu-amr-halida-i-zakira-naika\/#primaryimage","url":"https:\/\/sandzakpress.net\/arhiva\/wp-content\/uploads\/2010\/10\/indon-4.jpg","contentUrl":"https:\/\/sandzakpress.net\/arhiva\/wp-content\/uploads\/2010\/10\/indon-4.jpg","width":616,"height":240},{"@type":"BreadcrumbList","@id":"https:\/\/sandzakpress.net\/arhiva\/dekan-fis-a-u-drstvu-amr-halida-i-zakira-naika\/#breadcrumb","itemListElement":[{"@type":"ListItem","position":1,"name":"Home","item":"https:\/\/sandzakpress.net\/arhiva\/"},{"@type":"ListItem","position":2,"name":"Dekan FIS-a u dr\u0161tvu Amr Halida i Zakira Naika"}]},{"@type":"WebSite","@id":"https:\/\/sandzakpress.net\/arhiva\/#website","url":"https:\/\/sandzakpress.net\/arhiva\/","name":"Sand\u017eak PRESS","description":"Prve elektronske novine u Sand\u017eaku","publisher":{"@id":"https:\/\/sandzakpress.net\/arhiva\/#\/schema\/person\/6e72b67d6e51910a1117b3b483ba20bd"},"potentialAction":[{"@type":"SearchAction","target":{"@type":"EntryPoint","urlTemplate":"https:\/\/sandzakpress.net\/arhiva\/?s={search_term_string}"},"query-input":{"@type":"PropertyValueSpecification","valueRequired":true,"valueName":"search_term_string"}}],"inLanguage":"bs-BA"},{"@type":["Person","Organization"],"@id":"https:\/\/sandzakpress.net\/arhiva\/#\/schema\/person\/6e72b67d6e51910a1117b3b483ba20bd","name":"Kul","image":{"@type":"ImageObject","inLanguage":"bs-BA","@id":"https:\/\/sandzakpress.net\/arhiva\/#\/schema\/person\/image\/","url":"https:\/\/secure.gravatar.com\/avatar\/42263f39aa27ac04c43cab85c280eb2e?s=96&d=mm&r=pg","contentUrl":"https:\/\/secure.gravatar.com\/avatar\/42263f39aa27ac04c43cab85c280eb2e?s=96&d=mm&r=pg","caption":"Kul"},"logo":{"@id":"https:\/\/sandzakpress.net\/arhiva\/#\/schema\/person\/image\/"}},{"@type":"Person","@id":"https:\/\/sandzakpress.net\/arhiva\/#\/schema\/person\/c8baee722073534b583ea7bdb2e36c02","name":"bosniak","image":{"@type":"ImageObject","inLanguage":"bs-BA","@id":"https:\/\/sandzakpress.net\/arhiva\/#\/schema\/person\/image\/","url":"https:\/\/secure.gravatar.com\/avatar\/a04fd330bfe3a36a72a0ad4a6d89fca7?s=96&d=mm&r=pg","contentUrl":"https:\/\/secure.gravatar.com\/avatar\/a04fd330bfe3a36a72a0ad4a6d89fca7?s=96&d=mm&r=pg","caption":"bosniak"},"url":"https:\/\/sandzakpress.net\/arhiva\/author\/bosniak\/"}]}},"_links":{"self":[{"href":"https:\/\/sandzakpress.net\/arhiva\/wp-json\/wp\/v2\/posts\/9123"}],"collection":[{"href":"https:\/\/sandzakpress.net\/arhiva\/wp-json\/wp\/v2\/posts"}],"about":[{"href":"https:\/\/sandzakpress.net\/arhiva\/wp-json\/wp\/v2\/types\/post"}],"author":[{"embeddable":true,"href":"https:\/\/sandzakpress.net\/arhiva\/wp-json\/wp\/v2\/users\/83"}],"replies":[{"embeddable":true,"href":"https:\/\/sandzakpress.net\/arhiva\/wp-json\/wp\/v2\/comments?post=9123"}],"version-history":[{"count":0,"href":"https:\/\/sandzakpress.net\/arhiva\/wp-json\/wp\/v2\/posts\/9123\/revisions"}],"wp:featuredmedia":[{"embeddable":true,"href":"https:\/\/sandzakpress.net\/arhiva\/wp-json\/wp\/v2\/media\/9124"}],"wp:attachment":[{"href":"https:\/\/sandzakpress.net\/arhiva\/wp-json\/wp\/v2\/media?parent=9123"}],"wp:term":[{"taxonomy":"category","embeddable":true,"href":"https:\/\/sandzakpress.net\/arhiva\/wp-json\/wp\/v2\/categories?post=9123"},{"taxonomy":"post_tag","embeddable":true,"href":"https:\/\/sandzakpress.net\/arhiva\/wp-json\/wp\/v2\/tags?post=9123"}],"curies":[{"name":"wp","href":"https:\/\/api.w.org\/{rel}","templated":true}]}}