{"id":91177,"date":"2013-10-13T15:49:17","date_gmt":"2013-10-13T13:49:17","guid":{"rendered":"https:\/\/sandzakpress.net\/arhiva\/?p=91177"},"modified":"2013-10-13T15:49:17","modified_gmt":"2013-10-13T13:49:17","slug":"vijece-sigurnosti-odobrilo-misiju-opcw","status":"publish","type":"post","link":"https:\/\/sandzakpress.net\/arhiva\/vijece-sigurnosti-odobrilo-misiju-opcw\/","title":{"rendered":"Vije\u0107e sigurnosti odobrilo misiju OPCW"},"content":{"rendered":"<p><strong><a href=\"https:\/\/sandzakpress.net\/arhiva\/wp-content\/uploads\/2013\/10\/vijece-sigurnosti-odobrilo-misiju-opcw_trt-bosanski-24051.jpg\"><img loading=\"lazy\" decoding=\"async\" class=\"alignleft size-medium wp-image-91178\" alt=\"vijece-sigurnosti-odobrilo-misiju-opcw_trt-bosanski-24051\" src=\"https:\/\/sandzakpress.net\/arhiva\/wp-content\/uploads\/2013\/10\/vijece-sigurnosti-odobrilo-misiju-opcw_trt-bosanski-24051-300x181.jpg\" width=\"300\" height=\"181\" \/><\/a>Amerika &#8211; Vije\u0107e sigurnosti ujedinjenih nacija je odobrilo zdru\u017eenu misiju sa Organizacijom za zabranu hemijskog oru\u017eja (OPCW), \u010diji \u0107e zadatak biti uni\u0161tavanje sirijskog hemijskog arsenala.<\/strong><\/p>\n<p>U obra\u0107anju \u010dlanovima Vije\u0107a, putem video-konferencijskog poziva, generalni sekretar Ujedinjenih nacija Ban Ki-Moon, izjavio je da UN i OPCW nemaju mnogo vremena na raspolaganju, ali je UN odlu\u010dan u izvr\u0161enju ovog zadatka. UN \u0107e osim toga nastojati da doprinese politi\u010dkom i humanitarnom napretku u ime sirijskog naroda.<\/p>\n<p>Ban Ki-Moon je ocijenio da je ova odluka Vije\u0107a sigurnost UN znak posve\u0107enosti me\u0111unarodne zajednice iskorijenjivanju hemijskog oru\u017eja.<\/p>\n<p>Planirano je da \u0107e se sve aktivnosti zdru\u017eene UN-OPCW misije, koju \u0107e sa\u010dinjavati grupa od 100 stru\u010dnjaka, zabr\u0161iti do polovine 2014. godine.<\/p>\n<p>U zajedni\u010dkom saop\u0161tenju UN-a i OPCW je ocijenjeno da je od po\u010detka misije u Siriji pokriven zna\u010dajan dio terena. Trenutno prisutni timovi provode operacije u regionu, vr\u0161e\u0107i inspekcije u tri naseljena podru\u010dja u posljednjih 10 dana, a u narednim danima namjeravaju provesti inspekcije i na drugim podru\u010djima.<\/p>\n<p>(trtbosanski)<\/p>\n","protected":false},"excerpt":{"rendered":"<p>Amerika &#8211; Vije\u0107e sigurnosti ujedinjenih nacija je odobrilo zdru\u017eenu misiju sa Organizacijom za zabranu hemijskog oru\u017eja (OPCW), \u010diji \u0107e zadatak biti uni\u0161tavanje sirijskog hemijskog arsenala. U obra\u0107anju \u010dlanovima Vije\u0107a, putem video-konferencijskog poziva, generalni sekretar Ujedinjenih nacija Ban Ki-Moon, izjavio je da UN i OPCW nemaju mnogo vremena na raspolaganju, ali je UN odlu\u010dan u izvr\u0161enju [&hellip;]<\/p>\n","protected":false},"author":83,"featured_media":91179,"comment_status":"open","ping_status":"open","sticky":false,"template":"","format":"standard","meta":{"footnotes":""},"categories":[3012,9],"tags":[],"class_list":{"0":"post-91177","1":"post","2":"type-post","3":"status-publish","4":"format-standard","5":"has-post-thumbnail","7":"category-amerika-gradovi","8":"category-svijet"},"yoast_head":"<!-- This site is optimized with the Yoast SEO Premium plugin v23.1 (Yoast SEO v24.9) - https:\/\/yoast.com\/wordpress\/plugins\/seo\/ -->\n<title>Vije\u0107e sigurnosti odobrilo misiju OPCW<\/title>\n<meta name=\"robots\" content=\"index, follow, max-snippet:-1, max-image-preview:large, max-video-preview:-1\" \/>\n<link rel=\"canonical\" href=\"https:\/\/sandzakpress.net\/arhiva\/vijece-sigurnosti-odobrilo-misiju-opcw\/\" \/>\n<meta property=\"og:locale\" content=\"bs_BA\" \/>\n<meta property=\"og:type\" content=\"article\" \/>\n<meta property=\"og:title\" content=\"Vije\u0107e sigurnosti odobrilo misiju OPCW\" \/>\n<meta property=\"og:description\" content=\"Amerika &#8211; Vije\u0107e sigurnosti ujedinjenih nacija je odobrilo zdru\u017eenu misiju sa Organizacijom za zabranu hemijskog oru\u017eja (OPCW), \u010diji \u0107e zadatak biti uni\u0161tavanje sirijskog hemijskog arsenala. U obra\u0107anju \u010dlanovima Vije\u0107a, putem video-konferencijskog poziva, generalni sekretar Ujedinjenih nacija Ban Ki-Moon, izjavio je da UN i OPCW nemaju mnogo vremena na raspolaganju, ali je UN odlu\u010dan u izvr\u0161enju [&hellip;]\" \/>\n<meta property=\"og:url\" content=\"https:\/\/sandzakpress.net\/arhiva\/vijece-sigurnosti-odobrilo-misiju-opcw\/\" \/>\n<meta property=\"og:site_name\" content=\"Sand\u017eak PRESS\" \/>\n<meta property=\"article:published_time\" content=\"2013-10-13T13:49:17+00:00\" \/>\n<meta property=\"og:image\" content=\"https:\/\/sandzakpress.net\/arhiva\/wp-content\/uploads\/2013\/10\/vijece-sigurnosti-odobrilo-misiju-opcw_trt-bosanski-24051-300x1811.jpg\" \/>\n\t<meta property=\"og:image:width\" content=\"300\" \/>\n\t<meta property=\"og:image:height\" content=\"181\" \/>\n\t<meta property=\"og:image:type\" content=\"image\/jpeg\" \/>\n<meta name=\"author\" content=\"bosniak\" \/>\n<meta name=\"twitter:card\" content=\"summary_large_image\" \/>\n<meta name=\"twitter:label1\" content=\"Written by\" \/>\n\t<meta name=\"twitter:data1\" content=\"bosniak\" \/>\n\t<meta name=\"twitter:label2\" content=\"Est. reading time\" \/>\n\t<meta name=\"twitter:data2\" content=\"1 minuta\" \/>\n<script type=\"application\/ld+json\" class=\"yoast-schema-graph\">{\"@context\":\"https:\/\/schema.org\",\"@graph\":[{\"@type\":\"Article\",\"@id\":\"https:\/\/sandzakpress.net\/arhiva\/vijece-sigurnosti-odobrilo-misiju-opcw\/#article\",\"isPartOf\":{\"@id\":\"https:\/\/sandzakpress.net\/arhiva\/vijece-sigurnosti-odobrilo-misiju-opcw\/\"},\"author\":{\"name\":\"bosniak\",\"@id\":\"https:\/\/sandzakpress.net\/arhiva\/#\/schema\/person\/c8baee722073534b583ea7bdb2e36c02\"},\"headline\":\"Vije\u0107e sigurnosti odobrilo misiju OPCW\",\"datePublished\":\"2013-10-13T13:49:17+00:00\",\"mainEntityOfPage\":{\"@id\":\"https:\/\/sandzakpress.net\/arhiva\/vijece-sigurnosti-odobrilo-misiju-opcw\/\"},\"wordCount\":188,\"commentCount\":0,\"publisher\":{\"@id\":\"https:\/\/sandzakpress.net\/arhiva\/#\/schema\/person\/6e72b67d6e51910a1117b3b483ba20bd\"},\"image\":{\"@id\":\"https:\/\/sandzakpress.net\/arhiva\/vijece-sigurnosti-odobrilo-misiju-opcw\/#primaryimage\"},\"thumbnailUrl\":\"https:\/\/sandzakpress.net\/arhiva\/wp-content\/uploads\/2013\/10\/vijece-sigurnosti-odobrilo-misiju-opcw_trt-bosanski-24051-300x1811.jpg\",\"articleSection\":[\"Amerika\",\"Svijet\"],\"inLanguage\":\"bs-BA\",\"potentialAction\":[{\"@type\":\"CommentAction\",\"name\":\"Comment\",\"target\":[\"https:\/\/sandzakpress.net\/arhiva\/vijece-sigurnosti-odobrilo-misiju-opcw\/#respond\"]}]},{\"@type\":\"WebPage\",\"@id\":\"https:\/\/sandzakpress.net\/arhiva\/vijece-sigurnosti-odobrilo-misiju-opcw\/\",\"url\":\"https:\/\/sandzakpress.net\/arhiva\/vijece-sigurnosti-odobrilo-misiju-opcw\/\",\"name\":\"Vije\u0107e sigurnosti odobrilo misiju OPCW\",\"isPartOf\":{\"@id\":\"https:\/\/sandzakpress.net\/arhiva\/#website\"},\"primaryImageOfPage\":{\"@id\":\"https:\/\/sandzakpress.net\/arhiva\/vijece-sigurnosti-odobrilo-misiju-opcw\/#primaryimage\"},\"image\":{\"@id\":\"https:\/\/sandzakpress.net\/arhiva\/vijece-sigurnosti-odobrilo-misiju-opcw\/#primaryimage\"},\"thumbnailUrl\":\"https:\/\/sandzakpress.net\/arhiva\/wp-content\/uploads\/2013\/10\/vijece-sigurnosti-odobrilo-misiju-opcw_trt-bosanski-24051-300x1811.jpg\",\"datePublished\":\"2013-10-13T13:49:17+00:00\",\"breadcrumb\":{\"@id\":\"https:\/\/sandzakpress.net\/arhiva\/vijece-sigurnosti-odobrilo-misiju-opcw\/#breadcrumb\"},\"inLanguage\":\"bs-BA\",\"potentialAction\":[{\"@type\":\"ReadAction\",\"target\":[\"https:\/\/sandzakpress.net\/arhiva\/vijece-sigurnosti-odobrilo-misiju-opcw\/\"]}]},{\"@type\":\"ImageObject\",\"inLanguage\":\"bs-BA\",\"@id\":\"https:\/\/sandzakpress.net\/arhiva\/vijece-sigurnosti-odobrilo-misiju-opcw\/#primaryimage\",\"url\":\"https:\/\/sandzakpress.net\/arhiva\/wp-content\/uploads\/2013\/10\/vijece-sigurnosti-odobrilo-misiju-opcw_trt-bosanski-24051-300x1811.jpg\",\"contentUrl\":\"https:\/\/sandzakpress.net\/arhiva\/wp-content\/uploads\/2013\/10\/vijece-sigurnosti-odobrilo-misiju-opcw_trt-bosanski-24051-300x1811.jpg\",\"width\":300,\"height\":181},{\"@type\":\"BreadcrumbList\",\"@id\":\"https:\/\/sandzakpress.net\/arhiva\/vijece-sigurnosti-odobrilo-misiju-opcw\/#breadcrumb\",\"itemListElement\":[{\"@type\":\"ListItem\",\"position\":1,\"name\":\"Home\",\"item\":\"https:\/\/sandzakpress.net\/arhiva\/\"},{\"@type\":\"ListItem\",\"position\":2,\"name\":\"Vije\u0107e sigurnosti odobrilo misiju OPCW\"}]},{\"@type\":\"WebSite\",\"@id\":\"https:\/\/sandzakpress.net\/arhiva\/#website\",\"url\":\"https:\/\/sandzakpress.net\/arhiva\/\",\"name\":\"Sand\u017eak PRESS\",\"description\":\"Prve elektronske novine u Sand\u017eaku\",\"publisher\":{\"@id\":\"https:\/\/sandzakpress.net\/arhiva\/#\/schema\/person\/6e72b67d6e51910a1117b3b483ba20bd\"},\"potentialAction\":[{\"@type\":\"SearchAction\",\"target\":{\"@type\":\"EntryPoint\",\"urlTemplate\":\"https:\/\/sandzakpress.net\/arhiva\/?s={search_term_string}\"},\"query-input\":{\"@type\":\"PropertyValueSpecification\",\"valueRequired\":true,\"valueName\":\"search_term_string\"}}],\"inLanguage\":\"bs-BA\"},{\"@type\":[\"Person\",\"Organization\"],\"@id\":\"https:\/\/sandzakpress.net\/arhiva\/#\/schema\/person\/6e72b67d6e51910a1117b3b483ba20bd\",\"name\":\"Kul\",\"image\":{\"@type\":\"ImageObject\",\"inLanguage\":\"bs-BA\",\"@id\":\"https:\/\/sandzakpress.net\/arhiva\/#\/schema\/person\/image\/\",\"url\":\"https:\/\/secure.gravatar.com\/avatar\/42263f39aa27ac04c43cab85c280eb2e?s=96&d=mm&r=pg\",\"contentUrl\":\"https:\/\/secure.gravatar.com\/avatar\/42263f39aa27ac04c43cab85c280eb2e?s=96&d=mm&r=pg\",\"caption\":\"Kul\"},\"logo\":{\"@id\":\"https:\/\/sandzakpress.net\/arhiva\/#\/schema\/person\/image\/\"}},{\"@type\":\"Person\",\"@id\":\"https:\/\/sandzakpress.net\/arhiva\/#\/schema\/person\/c8baee722073534b583ea7bdb2e36c02\",\"name\":\"bosniak\",\"image\":{\"@type\":\"ImageObject\",\"inLanguage\":\"bs-BA\",\"@id\":\"https:\/\/sandzakpress.net\/arhiva\/#\/schema\/person\/image\/\",\"url\":\"https:\/\/secure.gravatar.com\/avatar\/a04fd330bfe3a36a72a0ad4a6d89fca7?s=96&d=mm&r=pg\",\"contentUrl\":\"https:\/\/secure.gravatar.com\/avatar\/a04fd330bfe3a36a72a0ad4a6d89fca7?s=96&d=mm&r=pg\",\"caption\":\"bosniak\"},\"url\":\"https:\/\/sandzakpress.net\/arhiva\/author\/bosniak\/\"}]}<\/script>\n<!-- \/ Yoast SEO Premium plugin. -->","yoast_head_json":{"title":"Vije\u0107e sigurnosti odobrilo misiju OPCW","robots":{"index":"index","follow":"follow","max-snippet":"max-snippet:-1","max-image-preview":"max-image-preview:large","max-video-preview":"max-video-preview:-1"},"canonical":"https:\/\/sandzakpress.net\/arhiva\/vijece-sigurnosti-odobrilo-misiju-opcw\/","og_locale":"bs_BA","og_type":"article","og_title":"Vije\u0107e sigurnosti odobrilo misiju OPCW","og_description":"Amerika &#8211; Vije\u0107e sigurnosti ujedinjenih nacija je odobrilo zdru\u017eenu misiju sa Organizacijom za zabranu hemijskog oru\u017eja (OPCW), \u010diji \u0107e zadatak biti uni\u0161tavanje sirijskog hemijskog arsenala. U obra\u0107anju \u010dlanovima Vije\u0107a, putem video-konferencijskog poziva, generalni sekretar Ujedinjenih nacija Ban Ki-Moon, izjavio je da UN i OPCW nemaju mnogo vremena na raspolaganju, ali je UN odlu\u010dan u izvr\u0161enju [&hellip;]","og_url":"https:\/\/sandzakpress.net\/arhiva\/vijece-sigurnosti-odobrilo-misiju-opcw\/","og_site_name":"Sand\u017eak PRESS","article_published_time":"2013-10-13T13:49:17+00:00","og_image":[{"width":300,"height":181,"url":"https:\/\/sandzakpress.net\/arhiva\/wp-content\/uploads\/2013\/10\/vijece-sigurnosti-odobrilo-misiju-opcw_trt-bosanski-24051-300x1811.jpg","type":"image\/jpeg"}],"author":"bosniak","twitter_card":"summary_large_image","twitter_misc":{"Written by":"bosniak","Est. reading time":"1 minuta"},"schema":{"@context":"https:\/\/schema.org","@graph":[{"@type":"Article","@id":"https:\/\/sandzakpress.net\/arhiva\/vijece-sigurnosti-odobrilo-misiju-opcw\/#article","isPartOf":{"@id":"https:\/\/sandzakpress.net\/arhiva\/vijece-sigurnosti-odobrilo-misiju-opcw\/"},"author":{"name":"bosniak","@id":"https:\/\/sandzakpress.net\/arhiva\/#\/schema\/person\/c8baee722073534b583ea7bdb2e36c02"},"headline":"Vije\u0107e sigurnosti odobrilo misiju OPCW","datePublished":"2013-10-13T13:49:17+00:00","mainEntityOfPage":{"@id":"https:\/\/sandzakpress.net\/arhiva\/vijece-sigurnosti-odobrilo-misiju-opcw\/"},"wordCount":188,"commentCount":0,"publisher":{"@id":"https:\/\/sandzakpress.net\/arhiva\/#\/schema\/person\/6e72b67d6e51910a1117b3b483ba20bd"},"image":{"@id":"https:\/\/sandzakpress.net\/arhiva\/vijece-sigurnosti-odobrilo-misiju-opcw\/#primaryimage"},"thumbnailUrl":"https:\/\/sandzakpress.net\/arhiva\/wp-content\/uploads\/2013\/10\/vijece-sigurnosti-odobrilo-misiju-opcw_trt-bosanski-24051-300x1811.jpg","articleSection":["Amerika","Svijet"],"inLanguage":"bs-BA","potentialAction":[{"@type":"CommentAction","name":"Comment","target":["https:\/\/sandzakpress.net\/arhiva\/vijece-sigurnosti-odobrilo-misiju-opcw\/#respond"]}]},{"@type":"WebPage","@id":"https:\/\/sandzakpress.net\/arhiva\/vijece-sigurnosti-odobrilo-misiju-opcw\/","url":"https:\/\/sandzakpress.net\/arhiva\/vijece-sigurnosti-odobrilo-misiju-opcw\/","name":"Vije\u0107e sigurnosti odobrilo misiju OPCW","isPartOf":{"@id":"https:\/\/sandzakpress.net\/arhiva\/#website"},"primaryImageOfPage":{"@id":"https:\/\/sandzakpress.net\/arhiva\/vijece-sigurnosti-odobrilo-misiju-opcw\/#primaryimage"},"image":{"@id":"https:\/\/sandzakpress.net\/arhiva\/vijece-sigurnosti-odobrilo-misiju-opcw\/#primaryimage"},"thumbnailUrl":"https:\/\/sandzakpress.net\/arhiva\/wp-content\/uploads\/2013\/10\/vijece-sigurnosti-odobrilo-misiju-opcw_trt-bosanski-24051-300x1811.jpg","datePublished":"2013-10-13T13:49:17+00:00","breadcrumb":{"@id":"https:\/\/sandzakpress.net\/arhiva\/vijece-sigurnosti-odobrilo-misiju-opcw\/#breadcrumb"},"inLanguage":"bs-BA","potentialAction":[{"@type":"ReadAction","target":["https:\/\/sandzakpress.net\/arhiva\/vijece-sigurnosti-odobrilo-misiju-opcw\/"]}]},{"@type":"ImageObject","inLanguage":"bs-BA","@id":"https:\/\/sandzakpress.net\/arhiva\/vijece-sigurnosti-odobrilo-misiju-opcw\/#primaryimage","url":"https:\/\/sandzakpress.net\/arhiva\/wp-content\/uploads\/2013\/10\/vijece-sigurnosti-odobrilo-misiju-opcw_trt-bosanski-24051-300x1811.jpg","contentUrl":"https:\/\/sandzakpress.net\/arhiva\/wp-content\/uploads\/2013\/10\/vijece-sigurnosti-odobrilo-misiju-opcw_trt-bosanski-24051-300x1811.jpg","width":300,"height":181},{"@type":"BreadcrumbList","@id":"https:\/\/sandzakpress.net\/arhiva\/vijece-sigurnosti-odobrilo-misiju-opcw\/#breadcrumb","itemListElement":[{"@type":"ListItem","position":1,"name":"Home","item":"https:\/\/sandzakpress.net\/arhiva\/"},{"@type":"ListItem","position":2,"name":"Vije\u0107e sigurnosti odobrilo misiju OPCW"}]},{"@type":"WebSite","@id":"https:\/\/sandzakpress.net\/arhiva\/#website","url":"https:\/\/sandzakpress.net\/arhiva\/","name":"Sand\u017eak PRESS","description":"Prve elektronske novine u Sand\u017eaku","publisher":{"@id":"https:\/\/sandzakpress.net\/arhiva\/#\/schema\/person\/6e72b67d6e51910a1117b3b483ba20bd"},"potentialAction":[{"@type":"SearchAction","target":{"@type":"EntryPoint","urlTemplate":"https:\/\/sandzakpress.net\/arhiva\/?s={search_term_string}"},"query-input":{"@type":"PropertyValueSpecification","valueRequired":true,"valueName":"search_term_string"}}],"inLanguage":"bs-BA"},{"@type":["Person","Organization"],"@id":"https:\/\/sandzakpress.net\/arhiva\/#\/schema\/person\/6e72b67d6e51910a1117b3b483ba20bd","name":"Kul","image":{"@type":"ImageObject","inLanguage":"bs-BA","@id":"https:\/\/sandzakpress.net\/arhiva\/#\/schema\/person\/image\/","url":"https:\/\/secure.gravatar.com\/avatar\/42263f39aa27ac04c43cab85c280eb2e?s=96&d=mm&r=pg","contentUrl":"https:\/\/secure.gravatar.com\/avatar\/42263f39aa27ac04c43cab85c280eb2e?s=96&d=mm&r=pg","caption":"Kul"},"logo":{"@id":"https:\/\/sandzakpress.net\/arhiva\/#\/schema\/person\/image\/"}},{"@type":"Person","@id":"https:\/\/sandzakpress.net\/arhiva\/#\/schema\/person\/c8baee722073534b583ea7bdb2e36c02","name":"bosniak","image":{"@type":"ImageObject","inLanguage":"bs-BA","@id":"https:\/\/sandzakpress.net\/arhiva\/#\/schema\/person\/image\/","url":"https:\/\/secure.gravatar.com\/avatar\/a04fd330bfe3a36a72a0ad4a6d89fca7?s=96&d=mm&r=pg","contentUrl":"https:\/\/secure.gravatar.com\/avatar\/a04fd330bfe3a36a72a0ad4a6d89fca7?s=96&d=mm&r=pg","caption":"bosniak"},"url":"https:\/\/sandzakpress.net\/arhiva\/author\/bosniak\/"}]}},"_links":{"self":[{"href":"https:\/\/sandzakpress.net\/arhiva\/wp-json\/wp\/v2\/posts\/91177"}],"collection":[{"href":"https:\/\/sandzakpress.net\/arhiva\/wp-json\/wp\/v2\/posts"}],"about":[{"href":"https:\/\/sandzakpress.net\/arhiva\/wp-json\/wp\/v2\/types\/post"}],"author":[{"embeddable":true,"href":"https:\/\/sandzakpress.net\/arhiva\/wp-json\/wp\/v2\/users\/83"}],"replies":[{"embeddable":true,"href":"https:\/\/sandzakpress.net\/arhiva\/wp-json\/wp\/v2\/comments?post=91177"}],"version-history":[{"count":0,"href":"https:\/\/sandzakpress.net\/arhiva\/wp-json\/wp\/v2\/posts\/91177\/revisions"}],"wp:featuredmedia":[{"embeddable":true,"href":"https:\/\/sandzakpress.net\/arhiva\/wp-json\/wp\/v2\/media\/91179"}],"wp:attachment":[{"href":"https:\/\/sandzakpress.net\/arhiva\/wp-json\/wp\/v2\/media?parent=91177"}],"wp:term":[{"taxonomy":"category","embeddable":true,"href":"https:\/\/sandzakpress.net\/arhiva\/wp-json\/wp\/v2\/categories?post=91177"},{"taxonomy":"post_tag","embeddable":true,"href":"https:\/\/sandzakpress.net\/arhiva\/wp-json\/wp\/v2\/tags?post=91177"}],"curies":[{"name":"wp","href":"https:\/\/api.w.org\/{rel}","templated":true}]}}