{"id":9107,"date":"2010-10-15T07:34:12","date_gmt":"2010-10-15T05:34:12","guid":{"rendered":"https:\/\/sandzakpress.net\/arhiva\/?p=9107"},"modified":"2010-10-15T07:34:12","modified_gmt":"2010-10-15T05:34:12","slug":"maltretirali-je-vojnici","status":"publish","type":"post","link":"https:\/\/sandzakpress.net\/arhiva\/maltretirali-je-vojnici\/","title":{"rendered":"Maltretirali je vojnici"},"content":{"rendered":"<p><strong><a href=\"https:\/\/sandzakpress.net\/arhiva\/wp-content\/uploads\/2010\/10\/Silovanje_01_u_389494149.jpg\"><img loading=\"lazy\" decoding=\"async\" class=\"alignleft size-medium wp-image-9108\" title=\"Silovanje_01_u_389494149\" src=\"https:\/\/sandzakpress.net\/arhiva\/wp-content\/uploads\/2010\/10\/Silovanje_01_u_389494149-300x269.jpg\" alt=\"\" width=\"209\" height=\"187\" \/><\/a>Bijelo Polje, Ro\u017eaje \u2013 U Osnovnom sudu u Podgorici pred sudijom Radonjom Radonji\u0107em ju\u010de je odr\u017eano ro\u010di\u0161te po tu\u017ebi Hatmone Bajraktari (46) iz Pe\u0107i koju je podnijela protiv dr\u017eave Crne Gore \u2013 Uprave policije i Ministarstva odbrane radi naknade nematerijalne \u0161tete od 20.000 eura. Ona je 18. aprila 1999. godine ranjena u mjestu Kalu\u0111erski laz kod Ro\u017eaja kada su pripadnici Vojske Jugoslavije u koloni, u kojoj je bila i ona, ubili \u0161est i ranili tri osobe. <\/strong><\/p>\n<p>Bajraktari je potvrdila da su je, poslije ubistva \u0161est osoba iz kolone, presrela dvojica rezervista u trenutku kada je na rukama imala djelove mozga ubijenog Mursela Brahimaja. Ona je kazala da su je ometali pu\u0161kama i onemogu\u0107avali da pro\u0111e prema Ro\u017eajama, te da je sa polo\u017eaja sa kojeg je prethodno pucano na kolonu, ispaljen jedan hitac koji je nju pogodio u nogu.<\/p>\n<p>Njen sin Ze\u0107ir Bajraktari koji je saslu\u0161an kao svjedok, potvrdio je da je nakon tog incidenta odvojen od majke i sa jo\u0161 40 osoba odveden u Andrijevicu, gdje je dr\u017ean dva dana te da je za to vrijeme bio izlo\u017een fizi\u010dkom i psihi\u010dkom zlostavljanju od strane pripadnika Vojske Jugoslavije.<br \/>\nPunomo\u0107nik o\u0161te\u0107ene Hatmone Bajraktari, advokat Velija Muri\u0107, tvrdi da izvedenim dokazima pravni osnov potvr\u0111uje da je ona kao civil bila \u017ertva jer su na nju nesporno pucali pripadnici VJ.<\/p>\n<p>Rasprava se nastavlja 17. novembra.<\/p>\n<p>Izvor: <strong>Vijesti.me<\/strong><\/p>\n","protected":false},"excerpt":{"rendered":"<p>Bijelo Polje, Ro\u017eaje \u2013 U Osnovnom sudu u Podgorici pred sudijom Radonjom Radonji\u0107em ju\u010de je odr\u017eano ro\u010di\u0161te po tu\u017ebi Hatmone Bajraktari (46) iz Pe\u0107i koju je podnijela protiv dr\u017eave Crne Gore \u2013 Uprave policije i Ministarstva odbrane radi naknade nematerijalne \u0161tete od 20.000 eura. Ona je 18. aprila 1999. godine ranjena u mjestu Kalu\u0111erski laz [&hellip;]<\/p>\n","protected":false},"author":83,"featured_media":9108,"comment_status":"open","ping_status":"open","sticky":false,"template":"","format":"standard","meta":{"footnotes":""},"categories":[398,1,396],"tags":[],"class_list":{"0":"post-9107","1":"post","2":"type-post","3":"status-publish","4":"format-standard","5":"has-post-thumbnail","7":"category-rozaje","8":"category-politika","9":"category-bijelo_polje"},"yoast_head":"<!-- This site is optimized with the Yoast SEO Premium plugin v23.1 (Yoast SEO v24.9) - https:\/\/yoast.com\/wordpress\/plugins\/seo\/ -->\n<title>Maltretirali je vojnici<\/title>\n<meta name=\"robots\" content=\"index, follow, max-snippet:-1, max-image-preview:large, max-video-preview:-1\" \/>\n<link rel=\"canonical\" href=\"https:\/\/sandzakpress.net\/arhiva\/maltretirali-je-vojnici\/\" \/>\n<meta property=\"og:locale\" content=\"bs_BA\" \/>\n<meta property=\"og:type\" content=\"article\" \/>\n<meta property=\"og:title\" content=\"Maltretirali je vojnici\" \/>\n<meta property=\"og:description\" content=\"Bijelo Polje, Ro\u017eaje \u2013 U Osnovnom sudu u Podgorici pred sudijom Radonjom Radonji\u0107em ju\u010de je odr\u017eano ro\u010di\u0161te po tu\u017ebi Hatmone Bajraktari (46) iz Pe\u0107i koju je podnijela protiv dr\u017eave Crne Gore \u2013 Uprave policije i Ministarstva odbrane radi naknade nematerijalne \u0161tete od 20.000 eura. Ona je 18. aprila 1999. godine ranjena u mjestu Kalu\u0111erski laz [&hellip;]\" \/>\n<meta property=\"og:url\" content=\"https:\/\/sandzakpress.net\/arhiva\/maltretirali-je-vojnici\/\" \/>\n<meta property=\"og:site_name\" content=\"Sand\u017eak PRESS\" \/>\n<meta property=\"article:published_time\" content=\"2010-10-15T05:34:12+00:00\" \/>\n<meta property=\"og:image\" content=\"https:\/\/sandzakpress.net\/arhiva\/wp-content\/uploads\/2010\/10\/Silovanje_01_u_389494149.jpg\" \/>\n\t<meta property=\"og:image:width\" content=\"390\" \/>\n\t<meta property=\"og:image:height\" content=\"350\" \/>\n\t<meta property=\"og:image:type\" content=\"image\/jpeg\" \/>\n<meta name=\"author\" content=\"bosniak\" \/>\n<meta name=\"twitter:card\" content=\"summary_large_image\" \/>\n<meta name=\"twitter:label1\" content=\"Written by\" \/>\n\t<meta name=\"twitter:data1\" content=\"bosniak\" \/>\n\t<meta name=\"twitter:label2\" content=\"Est. reading time\" \/>\n\t<meta name=\"twitter:data2\" content=\"1 minuta\" \/>\n<script type=\"application\/ld+json\" class=\"yoast-schema-graph\">{\"@context\":\"https:\/\/schema.org\",\"@graph\":[{\"@type\":\"Article\",\"@id\":\"https:\/\/sandzakpress.net\/arhiva\/maltretirali-je-vojnici\/#article\",\"isPartOf\":{\"@id\":\"https:\/\/sandzakpress.net\/arhiva\/maltretirali-je-vojnici\/\"},\"author\":{\"name\":\"bosniak\",\"@id\":\"https:\/\/sandzakpress.net\/arhiva\/#\/schema\/person\/c8baee722073534b583ea7bdb2e36c02\"},\"headline\":\"Maltretirali je vojnici\",\"datePublished\":\"2010-10-15T05:34:12+00:00\",\"mainEntityOfPage\":{\"@id\":\"https:\/\/sandzakpress.net\/arhiva\/maltretirali-je-vojnici\/\"},\"wordCount\":245,\"commentCount\":1,\"publisher\":{\"@id\":\"https:\/\/sandzakpress.net\/arhiva\/#\/schema\/person\/6e72b67d6e51910a1117b3b483ba20bd\"},\"image\":{\"@id\":\"https:\/\/sandzakpress.net\/arhiva\/maltretirali-je-vojnici\/#primaryimage\"},\"thumbnailUrl\":\"https:\/\/sandzakpress.net\/arhiva\/wp-content\/uploads\/2010\/10\/Silovanje_01_u_389494149.jpg\",\"articleSection\":[\"Ro\u017eaje\",\"Politika\",\"Bijelo Polje\"],\"inLanguage\":\"bs-BA\",\"potentialAction\":[{\"@type\":\"CommentAction\",\"name\":\"Comment\",\"target\":[\"https:\/\/sandzakpress.net\/arhiva\/maltretirali-je-vojnici\/#respond\"]}]},{\"@type\":\"WebPage\",\"@id\":\"https:\/\/sandzakpress.net\/arhiva\/maltretirali-je-vojnici\/\",\"url\":\"https:\/\/sandzakpress.net\/arhiva\/maltretirali-je-vojnici\/\",\"name\":\"Maltretirali je vojnici\",\"isPartOf\":{\"@id\":\"https:\/\/sandzakpress.net\/arhiva\/#website\"},\"primaryImageOfPage\":{\"@id\":\"https:\/\/sandzakpress.net\/arhiva\/maltretirali-je-vojnici\/#primaryimage\"},\"image\":{\"@id\":\"https:\/\/sandzakpress.net\/arhiva\/maltretirali-je-vojnici\/#primaryimage\"},\"thumbnailUrl\":\"https:\/\/sandzakpress.net\/arhiva\/wp-content\/uploads\/2010\/10\/Silovanje_01_u_389494149.jpg\",\"datePublished\":\"2010-10-15T05:34:12+00:00\",\"breadcrumb\":{\"@id\":\"https:\/\/sandzakpress.net\/arhiva\/maltretirali-je-vojnici\/#breadcrumb\"},\"inLanguage\":\"bs-BA\",\"potentialAction\":[{\"@type\":\"ReadAction\",\"target\":[\"https:\/\/sandzakpress.net\/arhiva\/maltretirali-je-vojnici\/\"]}]},{\"@type\":\"ImageObject\",\"inLanguage\":\"bs-BA\",\"@id\":\"https:\/\/sandzakpress.net\/arhiva\/maltretirali-je-vojnici\/#primaryimage\",\"url\":\"https:\/\/sandzakpress.net\/arhiva\/wp-content\/uploads\/2010\/10\/Silovanje_01_u_389494149.jpg\",\"contentUrl\":\"https:\/\/sandzakpress.net\/arhiva\/wp-content\/uploads\/2010\/10\/Silovanje_01_u_389494149.jpg\",\"width\":390,\"height\":350},{\"@type\":\"BreadcrumbList\",\"@id\":\"https:\/\/sandzakpress.net\/arhiva\/maltretirali-je-vojnici\/#breadcrumb\",\"itemListElement\":[{\"@type\":\"ListItem\",\"position\":1,\"name\":\"Home\",\"item\":\"https:\/\/sandzakpress.net\/arhiva\/\"},{\"@type\":\"ListItem\",\"position\":2,\"name\":\"Maltretirali je vojnici\"}]},{\"@type\":\"WebSite\",\"@id\":\"https:\/\/sandzakpress.net\/arhiva\/#website\",\"url\":\"https:\/\/sandzakpress.net\/arhiva\/\",\"name\":\"Sand\u017eak PRESS\",\"description\":\"Prve elektronske novine u Sand\u017eaku\",\"publisher\":{\"@id\":\"https:\/\/sandzakpress.net\/arhiva\/#\/schema\/person\/6e72b67d6e51910a1117b3b483ba20bd\"},\"potentialAction\":[{\"@type\":\"SearchAction\",\"target\":{\"@type\":\"EntryPoint\",\"urlTemplate\":\"https:\/\/sandzakpress.net\/arhiva\/?s={search_term_string}\"},\"query-input\":{\"@type\":\"PropertyValueSpecification\",\"valueRequired\":true,\"valueName\":\"search_term_string\"}}],\"inLanguage\":\"bs-BA\"},{\"@type\":[\"Person\",\"Organization\"],\"@id\":\"https:\/\/sandzakpress.net\/arhiva\/#\/schema\/person\/6e72b67d6e51910a1117b3b483ba20bd\",\"name\":\"Kul\",\"image\":{\"@type\":\"ImageObject\",\"inLanguage\":\"bs-BA\",\"@id\":\"https:\/\/sandzakpress.net\/arhiva\/#\/schema\/person\/image\/\",\"url\":\"https:\/\/secure.gravatar.com\/avatar\/42263f39aa27ac04c43cab85c280eb2e?s=96&d=mm&r=pg\",\"contentUrl\":\"https:\/\/secure.gravatar.com\/avatar\/42263f39aa27ac04c43cab85c280eb2e?s=96&d=mm&r=pg\",\"caption\":\"Kul\"},\"logo\":{\"@id\":\"https:\/\/sandzakpress.net\/arhiva\/#\/schema\/person\/image\/\"}},{\"@type\":\"Person\",\"@id\":\"https:\/\/sandzakpress.net\/arhiva\/#\/schema\/person\/c8baee722073534b583ea7bdb2e36c02\",\"name\":\"bosniak\",\"image\":{\"@type\":\"ImageObject\",\"inLanguage\":\"bs-BA\",\"@id\":\"https:\/\/sandzakpress.net\/arhiva\/#\/schema\/person\/image\/\",\"url\":\"https:\/\/secure.gravatar.com\/avatar\/a04fd330bfe3a36a72a0ad4a6d89fca7?s=96&d=mm&r=pg\",\"contentUrl\":\"https:\/\/secure.gravatar.com\/avatar\/a04fd330bfe3a36a72a0ad4a6d89fca7?s=96&d=mm&r=pg\",\"caption\":\"bosniak\"},\"url\":\"https:\/\/sandzakpress.net\/arhiva\/author\/bosniak\/\"}]}<\/script>\n<!-- \/ Yoast SEO Premium plugin. -->","yoast_head_json":{"title":"Maltretirali je vojnici","robots":{"index":"index","follow":"follow","max-snippet":"max-snippet:-1","max-image-preview":"max-image-preview:large","max-video-preview":"max-video-preview:-1"},"canonical":"https:\/\/sandzakpress.net\/arhiva\/maltretirali-je-vojnici\/","og_locale":"bs_BA","og_type":"article","og_title":"Maltretirali je vojnici","og_description":"Bijelo Polje, Ro\u017eaje \u2013 U Osnovnom sudu u Podgorici pred sudijom Radonjom Radonji\u0107em ju\u010de je odr\u017eano ro\u010di\u0161te po tu\u017ebi Hatmone Bajraktari (46) iz Pe\u0107i koju je podnijela protiv dr\u017eave Crne Gore \u2013 Uprave policije i Ministarstva odbrane radi naknade nematerijalne \u0161tete od 20.000 eura. Ona je 18. aprila 1999. godine ranjena u mjestu Kalu\u0111erski laz [&hellip;]","og_url":"https:\/\/sandzakpress.net\/arhiva\/maltretirali-je-vojnici\/","og_site_name":"Sand\u017eak PRESS","article_published_time":"2010-10-15T05:34:12+00:00","og_image":[{"width":390,"height":350,"url":"https:\/\/sandzakpress.net\/arhiva\/wp-content\/uploads\/2010\/10\/Silovanje_01_u_389494149.jpg","type":"image\/jpeg"}],"author":"bosniak","twitter_card":"summary_large_image","twitter_misc":{"Written by":"bosniak","Est. reading time":"1 minuta"},"schema":{"@context":"https:\/\/schema.org","@graph":[{"@type":"Article","@id":"https:\/\/sandzakpress.net\/arhiva\/maltretirali-je-vojnici\/#article","isPartOf":{"@id":"https:\/\/sandzakpress.net\/arhiva\/maltretirali-je-vojnici\/"},"author":{"name":"bosniak","@id":"https:\/\/sandzakpress.net\/arhiva\/#\/schema\/person\/c8baee722073534b583ea7bdb2e36c02"},"headline":"Maltretirali je vojnici","datePublished":"2010-10-15T05:34:12+00:00","mainEntityOfPage":{"@id":"https:\/\/sandzakpress.net\/arhiva\/maltretirali-je-vojnici\/"},"wordCount":245,"commentCount":1,"publisher":{"@id":"https:\/\/sandzakpress.net\/arhiva\/#\/schema\/person\/6e72b67d6e51910a1117b3b483ba20bd"},"image":{"@id":"https:\/\/sandzakpress.net\/arhiva\/maltretirali-je-vojnici\/#primaryimage"},"thumbnailUrl":"https:\/\/sandzakpress.net\/arhiva\/wp-content\/uploads\/2010\/10\/Silovanje_01_u_389494149.jpg","articleSection":["Ro\u017eaje","Politika","Bijelo Polje"],"inLanguage":"bs-BA","potentialAction":[{"@type":"CommentAction","name":"Comment","target":["https:\/\/sandzakpress.net\/arhiva\/maltretirali-je-vojnici\/#respond"]}]},{"@type":"WebPage","@id":"https:\/\/sandzakpress.net\/arhiva\/maltretirali-je-vojnici\/","url":"https:\/\/sandzakpress.net\/arhiva\/maltretirali-je-vojnici\/","name":"Maltretirali je vojnici","isPartOf":{"@id":"https:\/\/sandzakpress.net\/arhiva\/#website"},"primaryImageOfPage":{"@id":"https:\/\/sandzakpress.net\/arhiva\/maltretirali-je-vojnici\/#primaryimage"},"image":{"@id":"https:\/\/sandzakpress.net\/arhiva\/maltretirali-je-vojnici\/#primaryimage"},"thumbnailUrl":"https:\/\/sandzakpress.net\/arhiva\/wp-content\/uploads\/2010\/10\/Silovanje_01_u_389494149.jpg","datePublished":"2010-10-15T05:34:12+00:00","breadcrumb":{"@id":"https:\/\/sandzakpress.net\/arhiva\/maltretirali-je-vojnici\/#breadcrumb"},"inLanguage":"bs-BA","potentialAction":[{"@type":"ReadAction","target":["https:\/\/sandzakpress.net\/arhiva\/maltretirali-je-vojnici\/"]}]},{"@type":"ImageObject","inLanguage":"bs-BA","@id":"https:\/\/sandzakpress.net\/arhiva\/maltretirali-je-vojnici\/#primaryimage","url":"https:\/\/sandzakpress.net\/arhiva\/wp-content\/uploads\/2010\/10\/Silovanje_01_u_389494149.jpg","contentUrl":"https:\/\/sandzakpress.net\/arhiva\/wp-content\/uploads\/2010\/10\/Silovanje_01_u_389494149.jpg","width":390,"height":350},{"@type":"BreadcrumbList","@id":"https:\/\/sandzakpress.net\/arhiva\/maltretirali-je-vojnici\/#breadcrumb","itemListElement":[{"@type":"ListItem","position":1,"name":"Home","item":"https:\/\/sandzakpress.net\/arhiva\/"},{"@type":"ListItem","position":2,"name":"Maltretirali je vojnici"}]},{"@type":"WebSite","@id":"https:\/\/sandzakpress.net\/arhiva\/#website","url":"https:\/\/sandzakpress.net\/arhiva\/","name":"Sand\u017eak PRESS","description":"Prve elektronske novine u Sand\u017eaku","publisher":{"@id":"https:\/\/sandzakpress.net\/arhiva\/#\/schema\/person\/6e72b67d6e51910a1117b3b483ba20bd"},"potentialAction":[{"@type":"SearchAction","target":{"@type":"EntryPoint","urlTemplate":"https:\/\/sandzakpress.net\/arhiva\/?s={search_term_string}"},"query-input":{"@type":"PropertyValueSpecification","valueRequired":true,"valueName":"search_term_string"}}],"inLanguage":"bs-BA"},{"@type":["Person","Organization"],"@id":"https:\/\/sandzakpress.net\/arhiva\/#\/schema\/person\/6e72b67d6e51910a1117b3b483ba20bd","name":"Kul","image":{"@type":"ImageObject","inLanguage":"bs-BA","@id":"https:\/\/sandzakpress.net\/arhiva\/#\/schema\/person\/image\/","url":"https:\/\/secure.gravatar.com\/avatar\/42263f39aa27ac04c43cab85c280eb2e?s=96&d=mm&r=pg","contentUrl":"https:\/\/secure.gravatar.com\/avatar\/42263f39aa27ac04c43cab85c280eb2e?s=96&d=mm&r=pg","caption":"Kul"},"logo":{"@id":"https:\/\/sandzakpress.net\/arhiva\/#\/schema\/person\/image\/"}},{"@type":"Person","@id":"https:\/\/sandzakpress.net\/arhiva\/#\/schema\/person\/c8baee722073534b583ea7bdb2e36c02","name":"bosniak","image":{"@type":"ImageObject","inLanguage":"bs-BA","@id":"https:\/\/sandzakpress.net\/arhiva\/#\/schema\/person\/image\/","url":"https:\/\/secure.gravatar.com\/avatar\/a04fd330bfe3a36a72a0ad4a6d89fca7?s=96&d=mm&r=pg","contentUrl":"https:\/\/secure.gravatar.com\/avatar\/a04fd330bfe3a36a72a0ad4a6d89fca7?s=96&d=mm&r=pg","caption":"bosniak"},"url":"https:\/\/sandzakpress.net\/arhiva\/author\/bosniak\/"}]}},"_links":{"self":[{"href":"https:\/\/sandzakpress.net\/arhiva\/wp-json\/wp\/v2\/posts\/9107"}],"collection":[{"href":"https:\/\/sandzakpress.net\/arhiva\/wp-json\/wp\/v2\/posts"}],"about":[{"href":"https:\/\/sandzakpress.net\/arhiva\/wp-json\/wp\/v2\/types\/post"}],"author":[{"embeddable":true,"href":"https:\/\/sandzakpress.net\/arhiva\/wp-json\/wp\/v2\/users\/83"}],"replies":[{"embeddable":true,"href":"https:\/\/sandzakpress.net\/arhiva\/wp-json\/wp\/v2\/comments?post=9107"}],"version-history":[{"count":0,"href":"https:\/\/sandzakpress.net\/arhiva\/wp-json\/wp\/v2\/posts\/9107\/revisions"}],"wp:featuredmedia":[{"embeddable":true,"href":"https:\/\/sandzakpress.net\/arhiva\/wp-json\/wp\/v2\/media\/9108"}],"wp:attachment":[{"href":"https:\/\/sandzakpress.net\/arhiva\/wp-json\/wp\/v2\/media?parent=9107"}],"wp:term":[{"taxonomy":"category","embeddable":true,"href":"https:\/\/sandzakpress.net\/arhiva\/wp-json\/wp\/v2\/categories?post=9107"},{"taxonomy":"post_tag","embeddable":true,"href":"https:\/\/sandzakpress.net\/arhiva\/wp-json\/wp\/v2\/tags?post=9107"}],"curies":[{"name":"wp","href":"https:\/\/api.w.org\/{rel}","templated":true}]}}