{"id":91037,"date":"2013-10-12T15:27:36","date_gmt":"2013-10-12T13:27:36","guid":{"rendered":"https:\/\/sandzakpress.net\/arhiva\/?p=91037"},"modified":"2013-10-12T15:27:36","modified_gmt":"2013-10-12T13:27:36","slug":"sbk-formiran-stab-za-zastitu-nacionalnih-prava-bosnjacke-djece-u-obrazovnom-sistemu-bih","status":"publish","type":"post","link":"https:\/\/sandzakpress.net\/arhiva\/sbk-formiran-stab-za-zastitu-nacionalnih-prava-bosnjacke-djece-u-obrazovnom-sistemu-bih\/","title":{"rendered":"SBK: Formiran \u0161tab za za\u0161titu nacionalnih prava bo\u0161nja\u010dke djece u obrazovnom sistemu BiH"},"content":{"rendered":"<p><img loading=\"lazy\" decoding=\"async\" class=\"aligncenter size-full wp-image-91038\" alt=\"Kongres-1\" src=\"https:\/\/sandzakpress.net\/arhiva\/wp-content\/uploads\/2013\/10\/Kongres-1.jpg\" width=\"616\" height=\"409\" \/><\/p>\n<p><strong>BiH &#8211; Na redovnoj sjednici odr\u017eanoj 10. oktobra 2013. godine u Sarajevu, Izvr\u0161no vije\u0107e Svjetskog bo\u0161nja\u010dkog kongresa formiralo je \u0161tab za za\u0161titu nacionalnih prava bo\u0161nja\u010dke djece u obrazovnim institucijama u Bosni i Hercegovini.<\/strong><\/p>\n<p>\u0160tab \u0107e djelovati sve do kona\u010dnog rje\u0161enja problema ugro\u017eavanja elementarnog prava bo\u0161nja\u010dke djece na obrazovanje na bosanskom jeziku i u duhu svoje vjere, kulture i tradicije.<\/p>\n<p>\u0160tab \u0107e pripremiti prijedlog mjera radi rje\u0161avanja ovog pitanja, te upoznati doma\u0107e i me\u0111unarodne faktore radi zajedni\u010dkog djelovanja u cilju suzbijanja ovog oblika diskriminacije. \u0160tab \u0107e, tako\u0111er, pratiti sve pojave kr\u0161enja prava bo\u0161nja\u010dke djece u BiH, regionu i dijaspori.<br \/>\nIzvr\u0161no vije\u0107e je usvojilo izvje\u0161taje o radu odbora i smjernice za izradu plana i programa rada resornih odbora Vije\u0107a.<\/p>\n<p>\u010clanovi Vije\u0107a usvojili su Odluku da se u povodu prve godi\u0161njice osnivanja Svjetskog bo\u0161nja\u010dkog kongresa odr\u017ei zajedni\u010dka sjednica Predsjedni\u0161tva, Senata i Izvr\u0161nog vije\u0107a SBK-a.<\/p>\n<p>Na toj sjednici bit \u0107e prezentirani projekti Kongresa od strate\u0161kog zna\u010daja.<\/p>\n<p>Informativna slu\u017eba<\/p>\n","protected":false},"excerpt":{"rendered":"<p>BiH &#8211; Na redovnoj sjednici odr\u017eanoj 10. oktobra 2013. godine u Sarajevu, Izvr\u0161no vije\u0107e Svjetskog bo\u0161nja\u010dkog kongresa formiralo je \u0161tab za za\u0161titu nacionalnih prava bo\u0161nja\u010dke djece u obrazovnim institucijama u Bosni i Hercegovini. \u0160tab \u0107e djelovati sve do kona\u010dnog rje\u0161enja problema ugro\u017eavanja elementarnog prava bo\u0161nja\u010dke djece na obrazovanje na bosanskom jeziku i u duhu svoje [&hellip;]<\/p>\n","protected":false},"author":83,"featured_media":91038,"comment_status":"open","ping_status":"open","sticky":false,"template":"","format":"standard","meta":{"footnotes":""},"categories":[800,2860,8957],"tags":[10221],"class_list":{"0":"post-91037","1":"post","2":"type-post","3":"status-publish","4":"format-standard","5":"has-post-thumbnail","7":"category-nacija","8":"category-bosna-i-hercegovina-gradovi","9":"category-vijesti-dana","10":"tag-svjetski-bosnjacki-kongres"},"yoast_head":"<!-- This site is optimized with the Yoast SEO Premium plugin v23.1 (Yoast SEO v24.9) - https:\/\/yoast.com\/wordpress\/plugins\/seo\/ -->\n<title>SBK: Formiran \u0161tab za za\u0161titu nacionalnih prava bo\u0161nja\u010dke djece u obrazovnom sistemu BiH<\/title>\n<meta name=\"robots\" content=\"index, follow, max-snippet:-1, max-image-preview:large, max-video-preview:-1\" \/>\n<link rel=\"canonical\" href=\"https:\/\/sandzakpress.net\/arhiva\/sbk-formiran-stab-za-zastitu-nacionalnih-prava-bosnjacke-djece-u-obrazovnom-sistemu-bih\/\" \/>\n<meta property=\"og:locale\" content=\"bs_BA\" \/>\n<meta property=\"og:type\" content=\"article\" \/>\n<meta property=\"og:title\" content=\"SBK: Formiran \u0161tab za za\u0161titu nacionalnih prava bo\u0161nja\u010dke djece u obrazovnom sistemu BiH\" \/>\n<meta property=\"og:description\" content=\"BiH &#8211; Na redovnoj sjednici odr\u017eanoj 10. oktobra 2013. godine u Sarajevu, Izvr\u0161no vije\u0107e Svjetskog bo\u0161nja\u010dkog kongresa formiralo je \u0161tab za za\u0161titu nacionalnih prava bo\u0161nja\u010dke djece u obrazovnim institucijama u Bosni i Hercegovini. \u0160tab \u0107e djelovati sve do kona\u010dnog rje\u0161enja problema ugro\u017eavanja elementarnog prava bo\u0161nja\u010dke djece na obrazovanje na bosanskom jeziku i u duhu svoje [&hellip;]\" \/>\n<meta property=\"og:url\" content=\"https:\/\/sandzakpress.net\/arhiva\/sbk-formiran-stab-za-zastitu-nacionalnih-prava-bosnjacke-djece-u-obrazovnom-sistemu-bih\/\" \/>\n<meta property=\"og:site_name\" content=\"Sand\u017eak PRESS\" \/>\n<meta property=\"article:published_time\" content=\"2013-10-12T13:27:36+00:00\" \/>\n<meta property=\"og:image\" content=\"https:\/\/sandzakpress.net\/arhiva\/wp-content\/uploads\/2013\/10\/Kongres-1.jpg\" \/>\n\t<meta property=\"og:image:width\" content=\"616\" \/>\n\t<meta property=\"og:image:height\" content=\"409\" \/>\n\t<meta property=\"og:image:type\" content=\"image\/jpeg\" \/>\n<meta name=\"author\" content=\"bosniak\" \/>\n<meta name=\"twitter:card\" content=\"summary_large_image\" \/>\n<meta name=\"twitter:label1\" content=\"Written by\" \/>\n\t<meta name=\"twitter:data1\" content=\"bosniak\" \/>\n\t<meta name=\"twitter:label2\" content=\"Est. reading time\" \/>\n\t<meta name=\"twitter:data2\" content=\"1 minuta\" \/>\n<script type=\"application\/ld+json\" class=\"yoast-schema-graph\">{\"@context\":\"https:\/\/schema.org\",\"@graph\":[{\"@type\":\"Article\",\"@id\":\"https:\/\/sandzakpress.net\/arhiva\/sbk-formiran-stab-za-zastitu-nacionalnih-prava-bosnjacke-djece-u-obrazovnom-sistemu-bih\/#article\",\"isPartOf\":{\"@id\":\"https:\/\/sandzakpress.net\/arhiva\/sbk-formiran-stab-za-zastitu-nacionalnih-prava-bosnjacke-djece-u-obrazovnom-sistemu-bih\/\"},\"author\":{\"name\":\"bosniak\",\"@id\":\"https:\/\/sandzakpress.net\/arhiva\/#\/schema\/person\/c8baee722073534b583ea7bdb2e36c02\"},\"headline\":\"SBK: Formiran \u0161tab za za\u0161titu nacionalnih prava bo\u0161nja\u010dke djece u obrazovnom sistemu BiH\",\"datePublished\":\"2013-10-12T13:27:36+00:00\",\"mainEntityOfPage\":{\"@id\":\"https:\/\/sandzakpress.net\/arhiva\/sbk-formiran-stab-za-zastitu-nacionalnih-prava-bosnjacke-djece-u-obrazovnom-sistemu-bih\/\"},\"wordCount\":205,\"commentCount\":3,\"publisher\":{\"@id\":\"https:\/\/sandzakpress.net\/arhiva\/#\/schema\/person\/6e72b67d6e51910a1117b3b483ba20bd\"},\"image\":{\"@id\":\"https:\/\/sandzakpress.net\/arhiva\/sbk-formiran-stab-za-zastitu-nacionalnih-prava-bosnjacke-djece-u-obrazovnom-sistemu-bih\/#primaryimage\"},\"thumbnailUrl\":\"https:\/\/sandzakpress.net\/arhiva\/wp-content\/uploads\/2013\/10\/Kongres-1.jpg\",\"keywords\":[\"Svjetski bo\u0161nja\u010dki kongres\"],\"articleSection\":[\"Nacija\",\"Bosna i Hercegovina\",\"VIJESTI DANA\"],\"inLanguage\":\"bs-BA\",\"potentialAction\":[{\"@type\":\"CommentAction\",\"name\":\"Comment\",\"target\":[\"https:\/\/sandzakpress.net\/arhiva\/sbk-formiran-stab-za-zastitu-nacionalnih-prava-bosnjacke-djece-u-obrazovnom-sistemu-bih\/#respond\"]}]},{\"@type\":\"WebPage\",\"@id\":\"https:\/\/sandzakpress.net\/arhiva\/sbk-formiran-stab-za-zastitu-nacionalnih-prava-bosnjacke-djece-u-obrazovnom-sistemu-bih\/\",\"url\":\"https:\/\/sandzakpress.net\/arhiva\/sbk-formiran-stab-za-zastitu-nacionalnih-prava-bosnjacke-djece-u-obrazovnom-sistemu-bih\/\",\"name\":\"SBK: Formiran \u0161tab za za\u0161titu nacionalnih prava bo\u0161nja\u010dke djece u obrazovnom sistemu BiH\",\"isPartOf\":{\"@id\":\"https:\/\/sandzakpress.net\/arhiva\/#website\"},\"primaryImageOfPage\":{\"@id\":\"https:\/\/sandzakpress.net\/arhiva\/sbk-formiran-stab-za-zastitu-nacionalnih-prava-bosnjacke-djece-u-obrazovnom-sistemu-bih\/#primaryimage\"},\"image\":{\"@id\":\"https:\/\/sandzakpress.net\/arhiva\/sbk-formiran-stab-za-zastitu-nacionalnih-prava-bosnjacke-djece-u-obrazovnom-sistemu-bih\/#primaryimage\"},\"thumbnailUrl\":\"https:\/\/sandzakpress.net\/arhiva\/wp-content\/uploads\/2013\/10\/Kongres-1.jpg\",\"datePublished\":\"2013-10-12T13:27:36+00:00\",\"breadcrumb\":{\"@id\":\"https:\/\/sandzakpress.net\/arhiva\/sbk-formiran-stab-za-zastitu-nacionalnih-prava-bosnjacke-djece-u-obrazovnom-sistemu-bih\/#breadcrumb\"},\"inLanguage\":\"bs-BA\",\"potentialAction\":[{\"@type\":\"ReadAction\",\"target\":[\"https:\/\/sandzakpress.net\/arhiva\/sbk-formiran-stab-za-zastitu-nacionalnih-prava-bosnjacke-djece-u-obrazovnom-sistemu-bih\/\"]}]},{\"@type\":\"ImageObject\",\"inLanguage\":\"bs-BA\",\"@id\":\"https:\/\/sandzakpress.net\/arhiva\/sbk-formiran-stab-za-zastitu-nacionalnih-prava-bosnjacke-djece-u-obrazovnom-sistemu-bih\/#primaryimage\",\"url\":\"https:\/\/sandzakpress.net\/arhiva\/wp-content\/uploads\/2013\/10\/Kongres-1.jpg\",\"contentUrl\":\"https:\/\/sandzakpress.net\/arhiva\/wp-content\/uploads\/2013\/10\/Kongres-1.jpg\",\"width\":616,\"height\":409},{\"@type\":\"BreadcrumbList\",\"@id\":\"https:\/\/sandzakpress.net\/arhiva\/sbk-formiran-stab-za-zastitu-nacionalnih-prava-bosnjacke-djece-u-obrazovnom-sistemu-bih\/#breadcrumb\",\"itemListElement\":[{\"@type\":\"ListItem\",\"position\":1,\"name\":\"Home\",\"item\":\"https:\/\/sandzakpress.net\/arhiva\/\"},{\"@type\":\"ListItem\",\"position\":2,\"name\":\"SBK: Formiran \u0161tab za za\u0161titu nacionalnih prava bo\u0161nja\u010dke djece u obrazovnom sistemu BiH\"}]},{\"@type\":\"WebSite\",\"@id\":\"https:\/\/sandzakpress.net\/arhiva\/#website\",\"url\":\"https:\/\/sandzakpress.net\/arhiva\/\",\"name\":\"Sand\u017eak PRESS\",\"description\":\"Prve elektronske novine u Sand\u017eaku\",\"publisher\":{\"@id\":\"https:\/\/sandzakpress.net\/arhiva\/#\/schema\/person\/6e72b67d6e51910a1117b3b483ba20bd\"},\"potentialAction\":[{\"@type\":\"SearchAction\",\"target\":{\"@type\":\"EntryPoint\",\"urlTemplate\":\"https:\/\/sandzakpress.net\/arhiva\/?s={search_term_string}\"},\"query-input\":{\"@type\":\"PropertyValueSpecification\",\"valueRequired\":true,\"valueName\":\"search_term_string\"}}],\"inLanguage\":\"bs-BA\"},{\"@type\":[\"Person\",\"Organization\"],\"@id\":\"https:\/\/sandzakpress.net\/arhiva\/#\/schema\/person\/6e72b67d6e51910a1117b3b483ba20bd\",\"name\":\"Kul\",\"image\":{\"@type\":\"ImageObject\",\"inLanguage\":\"bs-BA\",\"@id\":\"https:\/\/sandzakpress.net\/arhiva\/#\/schema\/person\/image\/\",\"url\":\"https:\/\/secure.gravatar.com\/avatar\/42263f39aa27ac04c43cab85c280eb2e?s=96&d=mm&r=pg\",\"contentUrl\":\"https:\/\/secure.gravatar.com\/avatar\/42263f39aa27ac04c43cab85c280eb2e?s=96&d=mm&r=pg\",\"caption\":\"Kul\"},\"logo\":{\"@id\":\"https:\/\/sandzakpress.net\/arhiva\/#\/schema\/person\/image\/\"}},{\"@type\":\"Person\",\"@id\":\"https:\/\/sandzakpress.net\/arhiva\/#\/schema\/person\/c8baee722073534b583ea7bdb2e36c02\",\"name\":\"bosniak\",\"image\":{\"@type\":\"ImageObject\",\"inLanguage\":\"bs-BA\",\"@id\":\"https:\/\/sandzakpress.net\/arhiva\/#\/schema\/person\/image\/\",\"url\":\"https:\/\/secure.gravatar.com\/avatar\/a04fd330bfe3a36a72a0ad4a6d89fca7?s=96&d=mm&r=pg\",\"contentUrl\":\"https:\/\/secure.gravatar.com\/avatar\/a04fd330bfe3a36a72a0ad4a6d89fca7?s=96&d=mm&r=pg\",\"caption\":\"bosniak\"},\"url\":\"https:\/\/sandzakpress.net\/arhiva\/author\/bosniak\/\"}]}<\/script>\n<!-- \/ Yoast SEO Premium plugin. -->","yoast_head_json":{"title":"SBK: Formiran \u0161tab za za\u0161titu nacionalnih prava bo\u0161nja\u010dke djece u obrazovnom sistemu BiH","robots":{"index":"index","follow":"follow","max-snippet":"max-snippet:-1","max-image-preview":"max-image-preview:large","max-video-preview":"max-video-preview:-1"},"canonical":"https:\/\/sandzakpress.net\/arhiva\/sbk-formiran-stab-za-zastitu-nacionalnih-prava-bosnjacke-djece-u-obrazovnom-sistemu-bih\/","og_locale":"bs_BA","og_type":"article","og_title":"SBK: Formiran \u0161tab za za\u0161titu nacionalnih prava bo\u0161nja\u010dke djece u obrazovnom sistemu BiH","og_description":"BiH &#8211; Na redovnoj sjednici odr\u017eanoj 10. oktobra 2013. godine u Sarajevu, Izvr\u0161no vije\u0107e Svjetskog bo\u0161nja\u010dkog kongresa formiralo je \u0161tab za za\u0161titu nacionalnih prava bo\u0161nja\u010dke djece u obrazovnim institucijama u Bosni i Hercegovini. \u0160tab \u0107e djelovati sve do kona\u010dnog rje\u0161enja problema ugro\u017eavanja elementarnog prava bo\u0161nja\u010dke djece na obrazovanje na bosanskom jeziku i u duhu svoje [&hellip;]","og_url":"https:\/\/sandzakpress.net\/arhiva\/sbk-formiran-stab-za-zastitu-nacionalnih-prava-bosnjacke-djece-u-obrazovnom-sistemu-bih\/","og_site_name":"Sand\u017eak PRESS","article_published_time":"2013-10-12T13:27:36+00:00","og_image":[{"width":616,"height":409,"url":"https:\/\/sandzakpress.net\/arhiva\/wp-content\/uploads\/2013\/10\/Kongres-1.jpg","type":"image\/jpeg"}],"author":"bosniak","twitter_card":"summary_large_image","twitter_misc":{"Written by":"bosniak","Est. reading time":"1 minuta"},"schema":{"@context":"https:\/\/schema.org","@graph":[{"@type":"Article","@id":"https:\/\/sandzakpress.net\/arhiva\/sbk-formiran-stab-za-zastitu-nacionalnih-prava-bosnjacke-djece-u-obrazovnom-sistemu-bih\/#article","isPartOf":{"@id":"https:\/\/sandzakpress.net\/arhiva\/sbk-formiran-stab-za-zastitu-nacionalnih-prava-bosnjacke-djece-u-obrazovnom-sistemu-bih\/"},"author":{"name":"bosniak","@id":"https:\/\/sandzakpress.net\/arhiva\/#\/schema\/person\/c8baee722073534b583ea7bdb2e36c02"},"headline":"SBK: Formiran \u0161tab za za\u0161titu nacionalnih prava bo\u0161nja\u010dke djece u obrazovnom sistemu BiH","datePublished":"2013-10-12T13:27:36+00:00","mainEntityOfPage":{"@id":"https:\/\/sandzakpress.net\/arhiva\/sbk-formiran-stab-za-zastitu-nacionalnih-prava-bosnjacke-djece-u-obrazovnom-sistemu-bih\/"},"wordCount":205,"commentCount":3,"publisher":{"@id":"https:\/\/sandzakpress.net\/arhiva\/#\/schema\/person\/6e72b67d6e51910a1117b3b483ba20bd"},"image":{"@id":"https:\/\/sandzakpress.net\/arhiva\/sbk-formiran-stab-za-zastitu-nacionalnih-prava-bosnjacke-djece-u-obrazovnom-sistemu-bih\/#primaryimage"},"thumbnailUrl":"https:\/\/sandzakpress.net\/arhiva\/wp-content\/uploads\/2013\/10\/Kongres-1.jpg","keywords":["Svjetski bo\u0161nja\u010dki kongres"],"articleSection":["Nacija","Bosna i Hercegovina","VIJESTI DANA"],"inLanguage":"bs-BA","potentialAction":[{"@type":"CommentAction","name":"Comment","target":["https:\/\/sandzakpress.net\/arhiva\/sbk-formiran-stab-za-zastitu-nacionalnih-prava-bosnjacke-djece-u-obrazovnom-sistemu-bih\/#respond"]}]},{"@type":"WebPage","@id":"https:\/\/sandzakpress.net\/arhiva\/sbk-formiran-stab-za-zastitu-nacionalnih-prava-bosnjacke-djece-u-obrazovnom-sistemu-bih\/","url":"https:\/\/sandzakpress.net\/arhiva\/sbk-formiran-stab-za-zastitu-nacionalnih-prava-bosnjacke-djece-u-obrazovnom-sistemu-bih\/","name":"SBK: Formiran \u0161tab za za\u0161titu nacionalnih prava bo\u0161nja\u010dke djece u obrazovnom sistemu BiH","isPartOf":{"@id":"https:\/\/sandzakpress.net\/arhiva\/#website"},"primaryImageOfPage":{"@id":"https:\/\/sandzakpress.net\/arhiva\/sbk-formiran-stab-za-zastitu-nacionalnih-prava-bosnjacke-djece-u-obrazovnom-sistemu-bih\/#primaryimage"},"image":{"@id":"https:\/\/sandzakpress.net\/arhiva\/sbk-formiran-stab-za-zastitu-nacionalnih-prava-bosnjacke-djece-u-obrazovnom-sistemu-bih\/#primaryimage"},"thumbnailUrl":"https:\/\/sandzakpress.net\/arhiva\/wp-content\/uploads\/2013\/10\/Kongres-1.jpg","datePublished":"2013-10-12T13:27:36+00:00","breadcrumb":{"@id":"https:\/\/sandzakpress.net\/arhiva\/sbk-formiran-stab-za-zastitu-nacionalnih-prava-bosnjacke-djece-u-obrazovnom-sistemu-bih\/#breadcrumb"},"inLanguage":"bs-BA","potentialAction":[{"@type":"ReadAction","target":["https:\/\/sandzakpress.net\/arhiva\/sbk-formiran-stab-za-zastitu-nacionalnih-prava-bosnjacke-djece-u-obrazovnom-sistemu-bih\/"]}]},{"@type":"ImageObject","inLanguage":"bs-BA","@id":"https:\/\/sandzakpress.net\/arhiva\/sbk-formiran-stab-za-zastitu-nacionalnih-prava-bosnjacke-djece-u-obrazovnom-sistemu-bih\/#primaryimage","url":"https:\/\/sandzakpress.net\/arhiva\/wp-content\/uploads\/2013\/10\/Kongres-1.jpg","contentUrl":"https:\/\/sandzakpress.net\/arhiva\/wp-content\/uploads\/2013\/10\/Kongres-1.jpg","width":616,"height":409},{"@type":"BreadcrumbList","@id":"https:\/\/sandzakpress.net\/arhiva\/sbk-formiran-stab-za-zastitu-nacionalnih-prava-bosnjacke-djece-u-obrazovnom-sistemu-bih\/#breadcrumb","itemListElement":[{"@type":"ListItem","position":1,"name":"Home","item":"https:\/\/sandzakpress.net\/arhiva\/"},{"@type":"ListItem","position":2,"name":"SBK: Formiran \u0161tab za za\u0161titu nacionalnih prava bo\u0161nja\u010dke djece u obrazovnom sistemu BiH"}]},{"@type":"WebSite","@id":"https:\/\/sandzakpress.net\/arhiva\/#website","url":"https:\/\/sandzakpress.net\/arhiva\/","name":"Sand\u017eak PRESS","description":"Prve elektronske novine u Sand\u017eaku","publisher":{"@id":"https:\/\/sandzakpress.net\/arhiva\/#\/schema\/person\/6e72b67d6e51910a1117b3b483ba20bd"},"potentialAction":[{"@type":"SearchAction","target":{"@type":"EntryPoint","urlTemplate":"https:\/\/sandzakpress.net\/arhiva\/?s={search_term_string}"},"query-input":{"@type":"PropertyValueSpecification","valueRequired":true,"valueName":"search_term_string"}}],"inLanguage":"bs-BA"},{"@type":["Person","Organization"],"@id":"https:\/\/sandzakpress.net\/arhiva\/#\/schema\/person\/6e72b67d6e51910a1117b3b483ba20bd","name":"Kul","image":{"@type":"ImageObject","inLanguage":"bs-BA","@id":"https:\/\/sandzakpress.net\/arhiva\/#\/schema\/person\/image\/","url":"https:\/\/secure.gravatar.com\/avatar\/42263f39aa27ac04c43cab85c280eb2e?s=96&d=mm&r=pg","contentUrl":"https:\/\/secure.gravatar.com\/avatar\/42263f39aa27ac04c43cab85c280eb2e?s=96&d=mm&r=pg","caption":"Kul"},"logo":{"@id":"https:\/\/sandzakpress.net\/arhiva\/#\/schema\/person\/image\/"}},{"@type":"Person","@id":"https:\/\/sandzakpress.net\/arhiva\/#\/schema\/person\/c8baee722073534b583ea7bdb2e36c02","name":"bosniak","image":{"@type":"ImageObject","inLanguage":"bs-BA","@id":"https:\/\/sandzakpress.net\/arhiva\/#\/schema\/person\/image\/","url":"https:\/\/secure.gravatar.com\/avatar\/a04fd330bfe3a36a72a0ad4a6d89fca7?s=96&d=mm&r=pg","contentUrl":"https:\/\/secure.gravatar.com\/avatar\/a04fd330bfe3a36a72a0ad4a6d89fca7?s=96&d=mm&r=pg","caption":"bosniak"},"url":"https:\/\/sandzakpress.net\/arhiva\/author\/bosniak\/"}]}},"_links":{"self":[{"href":"https:\/\/sandzakpress.net\/arhiva\/wp-json\/wp\/v2\/posts\/91037"}],"collection":[{"href":"https:\/\/sandzakpress.net\/arhiva\/wp-json\/wp\/v2\/posts"}],"about":[{"href":"https:\/\/sandzakpress.net\/arhiva\/wp-json\/wp\/v2\/types\/post"}],"author":[{"embeddable":true,"href":"https:\/\/sandzakpress.net\/arhiva\/wp-json\/wp\/v2\/users\/83"}],"replies":[{"embeddable":true,"href":"https:\/\/sandzakpress.net\/arhiva\/wp-json\/wp\/v2\/comments?post=91037"}],"version-history":[{"count":0,"href":"https:\/\/sandzakpress.net\/arhiva\/wp-json\/wp\/v2\/posts\/91037\/revisions"}],"wp:featuredmedia":[{"embeddable":true,"href":"https:\/\/sandzakpress.net\/arhiva\/wp-json\/wp\/v2\/media\/91038"}],"wp:attachment":[{"href":"https:\/\/sandzakpress.net\/arhiva\/wp-json\/wp\/v2\/media?parent=91037"}],"wp:term":[{"taxonomy":"category","embeddable":true,"href":"https:\/\/sandzakpress.net\/arhiva\/wp-json\/wp\/v2\/categories?post=91037"},{"taxonomy":"post_tag","embeddable":true,"href":"https:\/\/sandzakpress.net\/arhiva\/wp-json\/wp\/v2\/tags?post=91037"}],"curies":[{"name":"wp","href":"https:\/\/api.w.org\/{rel}","templated":true}]}}