{"id":90851,"date":"2013-10-11T11:08:50","date_gmt":"2013-10-11T09:08:50","guid":{"rendered":"https:\/\/sandzakpress.net\/arhiva\/?p=90851"},"modified":"2013-10-11T14:08:58","modified_gmt":"2013-10-11T12:08:58","slug":"svecana-dodjela-indeksa-na-fakultetu-za-islamske-studije","status":"publish","type":"post","link":"https:\/\/sandzakpress.net\/arhiva\/svecana-dodjela-indeksa-na-fakultetu-za-islamske-studije\/","title":{"rendered":"Sve\u010dana dodjela indeksa na Fakultetu za islamske studije"},"content":{"rendered":"<p><img loading=\"lazy\" decoding=\"async\" class=\"aligncenter size-full wp-image-90852\" alt=\"dodjela_indexa_2013_3\" src=\"https:\/\/sandzakpress.net\/arhiva\/wp-content\/uploads\/2013\/10\/dodjela_indexa_2013_3.jpg\" width=\"616\" height=\"416\" \/><\/p>\n<p><strong>Novi Pazar &#8211; Na Fakultetu za islamske studije 10.10.2013.godine. uprili\u010dena je sve\u010dana dodjela indeksa za bruco\u0161e.\u00a0<\/strong><\/p>\n<p>Sve\u010danost je odr\u017eana u velikoj sali Fakulteta a dekan dr. Enver Gici\u0107 je uru\u010dio indekse novim polaznicima ove visoko\u0161kolske ustanove.<\/p>\n<p>Tom prilikom, dekan se obratio studentima i po\u017eelio im hairli po\u010detak i uspje\u0161ne studije, naglasiv\u0161i da \u0107e Fakultet opravdati ukazano povjerenje i omogu\u0107iti studentima da steknu kvalitetno znanje, kako bi bili ponos Fakulteta i op\u0107ekorisni \u010dlanovi Islamske zajednice i dru\u0161tva u cjelini.<\/p>\n<p><a href=\"http:\/\/fis.edu.rs\/images\/stories\/protokol\/dodjela_indexa_2013_1.jpg\" target=\"_blank\"><img loading=\"lazy\" decoding=\"async\" alt=\"\" src=\"http:\/\/fis.edu.rs\/images\/stories\/protokol\/dodjela_indexa_2013_1.jpg\" width=\"500\" height=\"168\" border=\"0\" \/><\/a><\/p>\n<p><a href=\"http:\/\/fis.edu.rs\/images\/stories\/protokol\/dodjela_indexa_2013_2.jpg\" target=\"_blank\"><img loading=\"lazy\" decoding=\"async\" alt=\"\" src=\"http:\/\/fis.edu.rs\/images\/stories\/protokol\/dodjela_indexa_2013_2.jpg\" width=\"501\" height=\"173\" border=\"0\" \/><\/a><\/p>\n<p>Podsje\u0107amo da je ove godine Fakultet za islamske studije upisao rekordan broj studenata, \u010dime je potvr\u0111en vi\u0161egodi\u0161nji pozitivan trend prve visoko\u0161kolske ustanove u Sand\u017eaku.<\/p>\n","protected":false},"excerpt":{"rendered":"<p>Novi Pazar &#8211; Na Fakultetu za islamske studije 10.10.2013.godine. uprili\u010dena je sve\u010dana dodjela indeksa za bruco\u0161e.\u00a0 Sve\u010danost je odr\u017eana u velikoj sali Fakulteta a dekan dr. Enver Gici\u0107 je uru\u010dio indekse novim polaznicima ove visoko\u0161kolske ustanove. Tom prilikom, dekan se obratio studentima i po\u017eelio im hairli po\u010detak i uspje\u0161ne studije, naglasiv\u0161i da \u0107e Fakultet opravdati [&hellip;]<\/p>\n","protected":false},"author":83,"featured_media":90852,"comment_status":"open","ping_status":"open","sticky":false,"template":"","format":"standard","meta":{"footnotes":""},"categories":[72,4,8957],"tags":[10229],"class_list":{"0":"post-90851","1":"post","2":"type-post","3":"status-publish","4":"format-standard","5":"has-post-thumbnail","7":"category-novi-pazar","8":"category-obrazovanje","9":"category-vijesti-dana","10":"tag-islamska-zajednica"},"yoast_head":"<!-- This site is optimized with the Yoast SEO Premium plugin v23.1 (Yoast SEO v24.9) - https:\/\/yoast.com\/wordpress\/plugins\/seo\/ -->\n<title>Sve\u010dana dodjela indeksa na Fakultetu za islamske studije<\/title>\n<meta name=\"robots\" content=\"index, follow, max-snippet:-1, max-image-preview:large, max-video-preview:-1\" \/>\n<link rel=\"canonical\" href=\"https:\/\/sandzakpress.net\/arhiva\/svecana-dodjela-indeksa-na-fakultetu-za-islamske-studije\/\" \/>\n<meta property=\"og:locale\" content=\"bs_BA\" \/>\n<meta property=\"og:type\" content=\"article\" \/>\n<meta property=\"og:title\" content=\"Sve\u010dana dodjela indeksa na Fakultetu za islamske studije\" \/>\n<meta property=\"og:description\" content=\"Novi Pazar &#8211; Na Fakultetu za islamske studije 10.10.2013.godine. uprili\u010dena je sve\u010dana dodjela indeksa za bruco\u0161e.\u00a0 Sve\u010danost je odr\u017eana u velikoj sali Fakulteta a dekan dr. Enver Gici\u0107 je uru\u010dio indekse novim polaznicima ove visoko\u0161kolske ustanove. Tom prilikom, dekan se obratio studentima i po\u017eelio im hairli po\u010detak i uspje\u0161ne studije, naglasiv\u0161i da \u0107e Fakultet opravdati [&hellip;]\" \/>\n<meta property=\"og:url\" content=\"https:\/\/sandzakpress.net\/arhiva\/svecana-dodjela-indeksa-na-fakultetu-za-islamske-studije\/\" \/>\n<meta property=\"og:site_name\" content=\"Sand\u017eak PRESS\" \/>\n<meta property=\"article:published_time\" content=\"2013-10-11T09:08:50+00:00\" \/>\n<meta property=\"article:modified_time\" content=\"2013-10-11T12:08:58+00:00\" \/>\n<meta property=\"og:image\" content=\"https:\/\/sandzakpress.net\/arhiva\/wp-content\/uploads\/2013\/10\/dodjela_indexa_2013_3.jpg\" \/>\n\t<meta property=\"og:image:width\" content=\"616\" \/>\n\t<meta property=\"og:image:height\" content=\"416\" \/>\n\t<meta property=\"og:image:type\" content=\"image\/jpeg\" \/>\n<meta name=\"author\" content=\"bosniak\" \/>\n<meta name=\"twitter:card\" content=\"summary_large_image\" \/>\n<meta name=\"twitter:label1\" content=\"Written by\" \/>\n\t<meta name=\"twitter:data1\" content=\"bosniak\" \/>\n\t<meta name=\"twitter:label2\" content=\"Est. reading time\" \/>\n\t<meta name=\"twitter:data2\" content=\"1 minuta\" \/>\n<script type=\"application\/ld+json\" class=\"yoast-schema-graph\">{\"@context\":\"https:\/\/schema.org\",\"@graph\":[{\"@type\":\"Article\",\"@id\":\"https:\/\/sandzakpress.net\/arhiva\/svecana-dodjela-indeksa-na-fakultetu-za-islamske-studije\/#article\",\"isPartOf\":{\"@id\":\"https:\/\/sandzakpress.net\/arhiva\/svecana-dodjela-indeksa-na-fakultetu-za-islamske-studije\/\"},\"author\":{\"name\":\"bosniak\",\"@id\":\"https:\/\/sandzakpress.net\/arhiva\/#\/schema\/person\/c8baee722073534b583ea7bdb2e36c02\"},\"headline\":\"Sve\u010dana dodjela indeksa na Fakultetu za islamske studije\",\"datePublished\":\"2013-10-11T09:08:50+00:00\",\"dateModified\":\"2013-10-11T12:08:58+00:00\",\"mainEntityOfPage\":{\"@id\":\"https:\/\/sandzakpress.net\/arhiva\/svecana-dodjela-indeksa-na-fakultetu-za-islamske-studije\/\"},\"wordCount\":131,\"commentCount\":0,\"publisher\":{\"@id\":\"https:\/\/sandzakpress.net\/arhiva\/#\/schema\/person\/6e72b67d6e51910a1117b3b483ba20bd\"},\"image\":{\"@id\":\"https:\/\/sandzakpress.net\/arhiva\/svecana-dodjela-indeksa-na-fakultetu-za-islamske-studije\/#primaryimage\"},\"thumbnailUrl\":\"https:\/\/sandzakpress.net\/arhiva\/wp-content\/uploads\/2013\/10\/dodjela_indexa_2013_3.jpg\",\"keywords\":[\"Islamska zajednica\"],\"articleSection\":[\"Novi Pazar\",\"Obrazovanje\",\"VIJESTI DANA\"],\"inLanguage\":\"bs-BA\",\"potentialAction\":[{\"@type\":\"CommentAction\",\"name\":\"Comment\",\"target\":[\"https:\/\/sandzakpress.net\/arhiva\/svecana-dodjela-indeksa-na-fakultetu-za-islamske-studije\/#respond\"]}]},{\"@type\":\"WebPage\",\"@id\":\"https:\/\/sandzakpress.net\/arhiva\/svecana-dodjela-indeksa-na-fakultetu-za-islamske-studije\/\",\"url\":\"https:\/\/sandzakpress.net\/arhiva\/svecana-dodjela-indeksa-na-fakultetu-za-islamske-studije\/\",\"name\":\"Sve\u010dana dodjela indeksa na Fakultetu za islamske studije\",\"isPartOf\":{\"@id\":\"https:\/\/sandzakpress.net\/arhiva\/#website\"},\"primaryImageOfPage\":{\"@id\":\"https:\/\/sandzakpress.net\/arhiva\/svecana-dodjela-indeksa-na-fakultetu-za-islamske-studije\/#primaryimage\"},\"image\":{\"@id\":\"https:\/\/sandzakpress.net\/arhiva\/svecana-dodjela-indeksa-na-fakultetu-za-islamske-studije\/#primaryimage\"},\"thumbnailUrl\":\"https:\/\/sandzakpress.net\/arhiva\/wp-content\/uploads\/2013\/10\/dodjela_indexa_2013_3.jpg\",\"datePublished\":\"2013-10-11T09:08:50+00:00\",\"dateModified\":\"2013-10-11T12:08:58+00:00\",\"breadcrumb\":{\"@id\":\"https:\/\/sandzakpress.net\/arhiva\/svecana-dodjela-indeksa-na-fakultetu-za-islamske-studije\/#breadcrumb\"},\"inLanguage\":\"bs-BA\",\"potentialAction\":[{\"@type\":\"ReadAction\",\"target\":[\"https:\/\/sandzakpress.net\/arhiva\/svecana-dodjela-indeksa-na-fakultetu-za-islamske-studije\/\"]}]},{\"@type\":\"ImageObject\",\"inLanguage\":\"bs-BA\",\"@id\":\"https:\/\/sandzakpress.net\/arhiva\/svecana-dodjela-indeksa-na-fakultetu-za-islamske-studije\/#primaryimage\",\"url\":\"https:\/\/sandzakpress.net\/arhiva\/wp-content\/uploads\/2013\/10\/dodjela_indexa_2013_3.jpg\",\"contentUrl\":\"https:\/\/sandzakpress.net\/arhiva\/wp-content\/uploads\/2013\/10\/dodjela_indexa_2013_3.jpg\",\"width\":616,\"height\":416},{\"@type\":\"BreadcrumbList\",\"@id\":\"https:\/\/sandzakpress.net\/arhiva\/svecana-dodjela-indeksa-na-fakultetu-za-islamske-studije\/#breadcrumb\",\"itemListElement\":[{\"@type\":\"ListItem\",\"position\":1,\"name\":\"Home\",\"item\":\"https:\/\/sandzakpress.net\/arhiva\/\"},{\"@type\":\"ListItem\",\"position\":2,\"name\":\"Sve\u010dana dodjela indeksa na Fakultetu za islamske studije\"}]},{\"@type\":\"WebSite\",\"@id\":\"https:\/\/sandzakpress.net\/arhiva\/#website\",\"url\":\"https:\/\/sandzakpress.net\/arhiva\/\",\"name\":\"Sand\u017eak PRESS\",\"description\":\"Prve elektronske novine u Sand\u017eaku\",\"publisher\":{\"@id\":\"https:\/\/sandzakpress.net\/arhiva\/#\/schema\/person\/6e72b67d6e51910a1117b3b483ba20bd\"},\"potentialAction\":[{\"@type\":\"SearchAction\",\"target\":{\"@type\":\"EntryPoint\",\"urlTemplate\":\"https:\/\/sandzakpress.net\/arhiva\/?s={search_term_string}\"},\"query-input\":{\"@type\":\"PropertyValueSpecification\",\"valueRequired\":true,\"valueName\":\"search_term_string\"}}],\"inLanguage\":\"bs-BA\"},{\"@type\":[\"Person\",\"Organization\"],\"@id\":\"https:\/\/sandzakpress.net\/arhiva\/#\/schema\/person\/6e72b67d6e51910a1117b3b483ba20bd\",\"name\":\"Kul\",\"image\":{\"@type\":\"ImageObject\",\"inLanguage\":\"bs-BA\",\"@id\":\"https:\/\/sandzakpress.net\/arhiva\/#\/schema\/person\/image\/\",\"url\":\"https:\/\/secure.gravatar.com\/avatar\/42263f39aa27ac04c43cab85c280eb2e?s=96&d=mm&r=pg\",\"contentUrl\":\"https:\/\/secure.gravatar.com\/avatar\/42263f39aa27ac04c43cab85c280eb2e?s=96&d=mm&r=pg\",\"caption\":\"Kul\"},\"logo\":{\"@id\":\"https:\/\/sandzakpress.net\/arhiva\/#\/schema\/person\/image\/\"}},{\"@type\":\"Person\",\"@id\":\"https:\/\/sandzakpress.net\/arhiva\/#\/schema\/person\/c8baee722073534b583ea7bdb2e36c02\",\"name\":\"bosniak\",\"image\":{\"@type\":\"ImageObject\",\"inLanguage\":\"bs-BA\",\"@id\":\"https:\/\/sandzakpress.net\/arhiva\/#\/schema\/person\/image\/\",\"url\":\"https:\/\/secure.gravatar.com\/avatar\/a04fd330bfe3a36a72a0ad4a6d89fca7?s=96&d=mm&r=pg\",\"contentUrl\":\"https:\/\/secure.gravatar.com\/avatar\/a04fd330bfe3a36a72a0ad4a6d89fca7?s=96&d=mm&r=pg\",\"caption\":\"bosniak\"},\"url\":\"https:\/\/sandzakpress.net\/arhiva\/author\/bosniak\/\"}]}<\/script>\n<!-- \/ Yoast SEO Premium plugin. -->","yoast_head_json":{"title":"Sve\u010dana dodjela indeksa na Fakultetu za islamske studije","robots":{"index":"index","follow":"follow","max-snippet":"max-snippet:-1","max-image-preview":"max-image-preview:large","max-video-preview":"max-video-preview:-1"},"canonical":"https:\/\/sandzakpress.net\/arhiva\/svecana-dodjela-indeksa-na-fakultetu-za-islamske-studije\/","og_locale":"bs_BA","og_type":"article","og_title":"Sve\u010dana dodjela indeksa na Fakultetu za islamske studije","og_description":"Novi Pazar &#8211; Na Fakultetu za islamske studije 10.10.2013.godine. uprili\u010dena je sve\u010dana dodjela indeksa za bruco\u0161e.\u00a0 Sve\u010danost je odr\u017eana u velikoj sali Fakulteta a dekan dr. Enver Gici\u0107 je uru\u010dio indekse novim polaznicima ove visoko\u0161kolske ustanove. Tom prilikom, dekan se obratio studentima i po\u017eelio im hairli po\u010detak i uspje\u0161ne studije, naglasiv\u0161i da \u0107e Fakultet opravdati [&hellip;]","og_url":"https:\/\/sandzakpress.net\/arhiva\/svecana-dodjela-indeksa-na-fakultetu-za-islamske-studije\/","og_site_name":"Sand\u017eak PRESS","article_published_time":"2013-10-11T09:08:50+00:00","article_modified_time":"2013-10-11T12:08:58+00:00","og_image":[{"width":616,"height":416,"url":"https:\/\/sandzakpress.net\/arhiva\/wp-content\/uploads\/2013\/10\/dodjela_indexa_2013_3.jpg","type":"image\/jpeg"}],"author":"bosniak","twitter_card":"summary_large_image","twitter_misc":{"Written by":"bosniak","Est. reading time":"1 minuta"},"schema":{"@context":"https:\/\/schema.org","@graph":[{"@type":"Article","@id":"https:\/\/sandzakpress.net\/arhiva\/svecana-dodjela-indeksa-na-fakultetu-za-islamske-studije\/#article","isPartOf":{"@id":"https:\/\/sandzakpress.net\/arhiva\/svecana-dodjela-indeksa-na-fakultetu-za-islamske-studije\/"},"author":{"name":"bosniak","@id":"https:\/\/sandzakpress.net\/arhiva\/#\/schema\/person\/c8baee722073534b583ea7bdb2e36c02"},"headline":"Sve\u010dana dodjela indeksa na Fakultetu za islamske studije","datePublished":"2013-10-11T09:08:50+00:00","dateModified":"2013-10-11T12:08:58+00:00","mainEntityOfPage":{"@id":"https:\/\/sandzakpress.net\/arhiva\/svecana-dodjela-indeksa-na-fakultetu-za-islamske-studije\/"},"wordCount":131,"commentCount":0,"publisher":{"@id":"https:\/\/sandzakpress.net\/arhiva\/#\/schema\/person\/6e72b67d6e51910a1117b3b483ba20bd"},"image":{"@id":"https:\/\/sandzakpress.net\/arhiva\/svecana-dodjela-indeksa-na-fakultetu-za-islamske-studije\/#primaryimage"},"thumbnailUrl":"https:\/\/sandzakpress.net\/arhiva\/wp-content\/uploads\/2013\/10\/dodjela_indexa_2013_3.jpg","keywords":["Islamska zajednica"],"articleSection":["Novi Pazar","Obrazovanje","VIJESTI DANA"],"inLanguage":"bs-BA","potentialAction":[{"@type":"CommentAction","name":"Comment","target":["https:\/\/sandzakpress.net\/arhiva\/svecana-dodjela-indeksa-na-fakultetu-za-islamske-studije\/#respond"]}]},{"@type":"WebPage","@id":"https:\/\/sandzakpress.net\/arhiva\/svecana-dodjela-indeksa-na-fakultetu-za-islamske-studije\/","url":"https:\/\/sandzakpress.net\/arhiva\/svecana-dodjela-indeksa-na-fakultetu-za-islamske-studije\/","name":"Sve\u010dana dodjela indeksa na Fakultetu za islamske studije","isPartOf":{"@id":"https:\/\/sandzakpress.net\/arhiva\/#website"},"primaryImageOfPage":{"@id":"https:\/\/sandzakpress.net\/arhiva\/svecana-dodjela-indeksa-na-fakultetu-za-islamske-studije\/#primaryimage"},"image":{"@id":"https:\/\/sandzakpress.net\/arhiva\/svecana-dodjela-indeksa-na-fakultetu-za-islamske-studije\/#primaryimage"},"thumbnailUrl":"https:\/\/sandzakpress.net\/arhiva\/wp-content\/uploads\/2013\/10\/dodjela_indexa_2013_3.jpg","datePublished":"2013-10-11T09:08:50+00:00","dateModified":"2013-10-11T12:08:58+00:00","breadcrumb":{"@id":"https:\/\/sandzakpress.net\/arhiva\/svecana-dodjela-indeksa-na-fakultetu-za-islamske-studije\/#breadcrumb"},"inLanguage":"bs-BA","potentialAction":[{"@type":"ReadAction","target":["https:\/\/sandzakpress.net\/arhiva\/svecana-dodjela-indeksa-na-fakultetu-za-islamske-studije\/"]}]},{"@type":"ImageObject","inLanguage":"bs-BA","@id":"https:\/\/sandzakpress.net\/arhiva\/svecana-dodjela-indeksa-na-fakultetu-za-islamske-studije\/#primaryimage","url":"https:\/\/sandzakpress.net\/arhiva\/wp-content\/uploads\/2013\/10\/dodjela_indexa_2013_3.jpg","contentUrl":"https:\/\/sandzakpress.net\/arhiva\/wp-content\/uploads\/2013\/10\/dodjela_indexa_2013_3.jpg","width":616,"height":416},{"@type":"BreadcrumbList","@id":"https:\/\/sandzakpress.net\/arhiva\/svecana-dodjela-indeksa-na-fakultetu-za-islamske-studije\/#breadcrumb","itemListElement":[{"@type":"ListItem","position":1,"name":"Home","item":"https:\/\/sandzakpress.net\/arhiva\/"},{"@type":"ListItem","position":2,"name":"Sve\u010dana dodjela indeksa na Fakultetu za islamske studije"}]},{"@type":"WebSite","@id":"https:\/\/sandzakpress.net\/arhiva\/#website","url":"https:\/\/sandzakpress.net\/arhiva\/","name":"Sand\u017eak PRESS","description":"Prve elektronske novine u Sand\u017eaku","publisher":{"@id":"https:\/\/sandzakpress.net\/arhiva\/#\/schema\/person\/6e72b67d6e51910a1117b3b483ba20bd"},"potentialAction":[{"@type":"SearchAction","target":{"@type":"EntryPoint","urlTemplate":"https:\/\/sandzakpress.net\/arhiva\/?s={search_term_string}"},"query-input":{"@type":"PropertyValueSpecification","valueRequired":true,"valueName":"search_term_string"}}],"inLanguage":"bs-BA"},{"@type":["Person","Organization"],"@id":"https:\/\/sandzakpress.net\/arhiva\/#\/schema\/person\/6e72b67d6e51910a1117b3b483ba20bd","name":"Kul","image":{"@type":"ImageObject","inLanguage":"bs-BA","@id":"https:\/\/sandzakpress.net\/arhiva\/#\/schema\/person\/image\/","url":"https:\/\/secure.gravatar.com\/avatar\/42263f39aa27ac04c43cab85c280eb2e?s=96&d=mm&r=pg","contentUrl":"https:\/\/secure.gravatar.com\/avatar\/42263f39aa27ac04c43cab85c280eb2e?s=96&d=mm&r=pg","caption":"Kul"},"logo":{"@id":"https:\/\/sandzakpress.net\/arhiva\/#\/schema\/person\/image\/"}},{"@type":"Person","@id":"https:\/\/sandzakpress.net\/arhiva\/#\/schema\/person\/c8baee722073534b583ea7bdb2e36c02","name":"bosniak","image":{"@type":"ImageObject","inLanguage":"bs-BA","@id":"https:\/\/sandzakpress.net\/arhiva\/#\/schema\/person\/image\/","url":"https:\/\/secure.gravatar.com\/avatar\/a04fd330bfe3a36a72a0ad4a6d89fca7?s=96&d=mm&r=pg","contentUrl":"https:\/\/secure.gravatar.com\/avatar\/a04fd330bfe3a36a72a0ad4a6d89fca7?s=96&d=mm&r=pg","caption":"bosniak"},"url":"https:\/\/sandzakpress.net\/arhiva\/author\/bosniak\/"}]}},"_links":{"self":[{"href":"https:\/\/sandzakpress.net\/arhiva\/wp-json\/wp\/v2\/posts\/90851"}],"collection":[{"href":"https:\/\/sandzakpress.net\/arhiva\/wp-json\/wp\/v2\/posts"}],"about":[{"href":"https:\/\/sandzakpress.net\/arhiva\/wp-json\/wp\/v2\/types\/post"}],"author":[{"embeddable":true,"href":"https:\/\/sandzakpress.net\/arhiva\/wp-json\/wp\/v2\/users\/83"}],"replies":[{"embeddable":true,"href":"https:\/\/sandzakpress.net\/arhiva\/wp-json\/wp\/v2\/comments?post=90851"}],"version-history":[{"count":0,"href":"https:\/\/sandzakpress.net\/arhiva\/wp-json\/wp\/v2\/posts\/90851\/revisions"}],"wp:featuredmedia":[{"embeddable":true,"href":"https:\/\/sandzakpress.net\/arhiva\/wp-json\/wp\/v2\/media\/90852"}],"wp:attachment":[{"href":"https:\/\/sandzakpress.net\/arhiva\/wp-json\/wp\/v2\/media?parent=90851"}],"wp:term":[{"taxonomy":"category","embeddable":true,"href":"https:\/\/sandzakpress.net\/arhiva\/wp-json\/wp\/v2\/categories?post=90851"},{"taxonomy":"post_tag","embeddable":true,"href":"https:\/\/sandzakpress.net\/arhiva\/wp-json\/wp\/v2\/tags?post=90851"}],"curies":[{"name":"wp","href":"https:\/\/api.w.org\/{rel}","templated":true}]}}