{"id":90832,"date":"2013-10-11T13:53:32","date_gmt":"2013-10-11T11:53:32","guid":{"rendered":"https:\/\/sandzakpress.net\/arhiva\/?p=90832"},"modified":"2013-10-11T16:11:38","modified_gmt":"2013-10-11T14:11:38","slug":"dveri-trazi-referendum-za-zabranu-gradnje-visokih-munara-u-sandzaku","status":"publish","type":"post","link":"https:\/\/sandzakpress.net\/arhiva\/dveri-trazi-referendum-za-zabranu-gradnje-visokih-munara-u-sandzaku\/","title":{"rendered":"Dveri tra\u017ei referendum za zabranu gradnje visokih munara u Sand\u017eaku!"},"content":{"rendered":"<p><img loading=\"lazy\" decoding=\"async\" class=\"aligncenter size-full wp-image-90833\" alt=\"dveri-zastava-1344424987-195565\" src=\"https:\/\/sandzakpress.net\/arhiva\/wp-content\/uploads\/2013\/10\/dveri-zastava-1344424987-195565.jpg\" width=\"616\" height=\"383\" \/><\/p>\n<p id=\"article_lead\"><strong>Sjenica &#8211; Pokret Dveri saop\u0161tio je danas da se protivi tome da najve\u0107a d\u017eamija u Evropi bude napravljena u selu Duga Poljana u &#8220;Ra\u0161koj oblasti&#8221; (kako oni ka\u017eu) navode\u0107i da muslimani treba da imaju sva prava, ali da za takvu d\u017eamiju ne postoji nijedan razlog.<\/strong><\/p>\n<p>&#8220;Na\u0161a bra\u0107a i kom\u0161ije muslimani, sa kojima \u017eivimo vjekovima zajedno, imaju sva ljudska i gra\u0111anska prava u Srbiji, i nema razloga za ovakvim provokacijama,&#8221; navode Dveri.<\/p>\n<p>Taj pokret zato zahtijeva od nadle\u017enih dr\u017eavnih organa narodni referendum, poput onog koji je odr\u017ean u \u0160vajcarskoj na kome bi se gra\u0111ani Srbije izjasnili da li \u017eele da u Srbiji bude izgra\u0111en najvi\u0161i minaret u Evropi.<\/p>\n<p>Prosto je neverovatno, navodi pokret, da se u selu Duga poljana u op\u0161tini Sjenica, koje ima 500 stanovnika i ve\u0107 ima d\u017eamiju, sprema izgradnja najve\u0107e d\u017eamije u Evropi.<\/p>\n<p>&#8220;Ali ako se zna da je kamen temeljac postavio muftija (Muamer)\u00a0Zukorli\u0107, da se Duga poljana nalazi prakti\u010dno na trome\u0111i izme\u0111u Sjenice, Novog Pazara i Tutina, da se nalazi u blizini planine Ninaje, koja je postala poznata po kampu muslimanskih terorista koji je otkriven prije nekoliko godina,&#8221; onda je ovaj poduhvat &#8220;sasvim logi\u010dan,&#8221; navedeno je izme\u0111u ostalog u saop\u0161tenju.<\/p>\n<p>&nbsp;<\/p>\n","protected":false},"excerpt":{"rendered":"<p>Sjenica &#8211; Pokret Dveri saop\u0161tio je danas da se protivi tome da najve\u0107a d\u017eamija u Evropi bude napravljena u selu Duga Poljana u &#8220;Ra\u0161koj oblasti&#8221; (kako oni ka\u017eu) navode\u0107i da muslimani treba da imaju sva prava, ali da za takvu d\u017eamiju ne postoji nijedan razlog. &#8220;Na\u0161a bra\u0107a i kom\u0161ije muslimani, sa kojima \u017eivimo vjekovima zajedno, [&hellip;]<\/p>\n","protected":false},"author":83,"featured_media":90833,"comment_status":"open","ping_status":"open","sticky":false,"template":"","format":"standard","meta":{"footnotes":""},"categories":[72,1,52,327,10307,8957],"tags":[10205,10217],"class_list":{"0":"post-90832","1":"post","2":"type-post","3":"status-publish","4":"format-standard","5":"has-post-thumbnail","7":"category-novi-pazar","8":"category-politika","9":"category-sjenica","10":"category-tutin","11":"category-srbija","12":"category-vijesti-dana","13":"tag-dzamije-u-sandzaku","14":"tag-nepravde-srpske-vlasti"},"yoast_head":"<!-- This site is optimized with the Yoast SEO Premium plugin v23.1 (Yoast SEO v24.9) - https:\/\/yoast.com\/wordpress\/plugins\/seo\/ -->\n<title>Dveri tra\u017ei referendum za zabranu gradnje visokih munara u Sand\u017eaku!<\/title>\n<meta name=\"robots\" content=\"index, follow, max-snippet:-1, max-image-preview:large, max-video-preview:-1\" \/>\n<link rel=\"canonical\" href=\"https:\/\/sandzakpress.net\/arhiva\/dveri-trazi-referendum-za-zabranu-gradnje-visokih-munara-u-sandzaku\/\" \/>\n<meta property=\"og:locale\" content=\"bs_BA\" \/>\n<meta property=\"og:type\" content=\"article\" \/>\n<meta property=\"og:title\" content=\"Dveri tra\u017ei referendum za zabranu gradnje visokih munara u Sand\u017eaku!\" \/>\n<meta property=\"og:description\" content=\"Sjenica &#8211; Pokret Dveri saop\u0161tio je danas da se protivi tome da najve\u0107a d\u017eamija u Evropi bude napravljena u selu Duga Poljana u &#8220;Ra\u0161koj oblasti&#8221; (kako oni ka\u017eu) navode\u0107i da muslimani treba da imaju sva prava, ali da za takvu d\u017eamiju ne postoji nijedan razlog. &#8220;Na\u0161a bra\u0107a i kom\u0161ije muslimani, sa kojima \u017eivimo vjekovima zajedno, [&hellip;]\" \/>\n<meta property=\"og:url\" content=\"https:\/\/sandzakpress.net\/arhiva\/dveri-trazi-referendum-za-zabranu-gradnje-visokih-munara-u-sandzaku\/\" \/>\n<meta property=\"og:site_name\" content=\"Sand\u017eak PRESS\" \/>\n<meta property=\"article:published_time\" content=\"2013-10-11T11:53:32+00:00\" \/>\n<meta property=\"article:modified_time\" content=\"2013-10-11T14:11:38+00:00\" \/>\n<meta property=\"og:image\" content=\"https:\/\/sandzakpress.net\/arhiva\/wp-content\/uploads\/2013\/10\/dveri-zastava-1344424987-195565.jpg\" \/>\n\t<meta property=\"og:image:width\" content=\"616\" \/>\n\t<meta property=\"og:image:height\" content=\"383\" \/>\n\t<meta property=\"og:image:type\" content=\"image\/jpeg\" \/>\n<meta name=\"author\" content=\"bosniak\" \/>\n<meta name=\"twitter:card\" content=\"summary_large_image\" \/>\n<meta name=\"twitter:label1\" content=\"Written by\" \/>\n\t<meta name=\"twitter:data1\" content=\"bosniak\" \/>\n\t<meta name=\"twitter:label2\" content=\"Est. reading time\" \/>\n\t<meta name=\"twitter:data2\" content=\"1 minuta\" \/>\n<script type=\"application\/ld+json\" class=\"yoast-schema-graph\">{\"@context\":\"https:\/\/schema.org\",\"@graph\":[{\"@type\":\"Article\",\"@id\":\"https:\/\/sandzakpress.net\/arhiva\/dveri-trazi-referendum-za-zabranu-gradnje-visokih-munara-u-sandzaku\/#article\",\"isPartOf\":{\"@id\":\"https:\/\/sandzakpress.net\/arhiva\/dveri-trazi-referendum-za-zabranu-gradnje-visokih-munara-u-sandzaku\/\"},\"author\":{\"name\":\"bosniak\",\"@id\":\"https:\/\/sandzakpress.net\/arhiva\/#\/schema\/person\/c8baee722073534b583ea7bdb2e36c02\"},\"headline\":\"Dveri tra\u017ei referendum za zabranu gradnje visokih munara u Sand\u017eaku!\",\"datePublished\":\"2013-10-11T11:53:32+00:00\",\"dateModified\":\"2013-10-11T14:11:38+00:00\",\"mainEntityOfPage\":{\"@id\":\"https:\/\/sandzakpress.net\/arhiva\/dveri-trazi-referendum-za-zabranu-gradnje-visokih-munara-u-sandzaku\/\"},\"wordCount\":233,\"commentCount\":54,\"publisher\":{\"@id\":\"https:\/\/sandzakpress.net\/arhiva\/#\/schema\/person\/6e72b67d6e51910a1117b3b483ba20bd\"},\"image\":{\"@id\":\"https:\/\/sandzakpress.net\/arhiva\/dveri-trazi-referendum-za-zabranu-gradnje-visokih-munara-u-sandzaku\/#primaryimage\"},\"thumbnailUrl\":\"https:\/\/sandzakpress.net\/arhiva\/wp-content\/uploads\/2013\/10\/dveri-zastava-1344424987-195565.jpg\",\"keywords\":[\"d\u017eamije u Sand\u017eaku\",\"nepravde srpske vlasti\"],\"articleSection\":[\"Novi Pazar\",\"Politika\",\"Sjenica\",\"Tutin\",\"Srbija\",\"VIJESTI DANA\"],\"inLanguage\":\"bs-BA\",\"potentialAction\":[{\"@type\":\"CommentAction\",\"name\":\"Comment\",\"target\":[\"https:\/\/sandzakpress.net\/arhiva\/dveri-trazi-referendum-za-zabranu-gradnje-visokih-munara-u-sandzaku\/#respond\"]}]},{\"@type\":\"WebPage\",\"@id\":\"https:\/\/sandzakpress.net\/arhiva\/dveri-trazi-referendum-za-zabranu-gradnje-visokih-munara-u-sandzaku\/\",\"url\":\"https:\/\/sandzakpress.net\/arhiva\/dveri-trazi-referendum-za-zabranu-gradnje-visokih-munara-u-sandzaku\/\",\"name\":\"Dveri tra\u017ei referendum za zabranu gradnje visokih munara u Sand\u017eaku!\",\"isPartOf\":{\"@id\":\"https:\/\/sandzakpress.net\/arhiva\/#website\"},\"primaryImageOfPage\":{\"@id\":\"https:\/\/sandzakpress.net\/arhiva\/dveri-trazi-referendum-za-zabranu-gradnje-visokih-munara-u-sandzaku\/#primaryimage\"},\"image\":{\"@id\":\"https:\/\/sandzakpress.net\/arhiva\/dveri-trazi-referendum-za-zabranu-gradnje-visokih-munara-u-sandzaku\/#primaryimage\"},\"thumbnailUrl\":\"https:\/\/sandzakpress.net\/arhiva\/wp-content\/uploads\/2013\/10\/dveri-zastava-1344424987-195565.jpg\",\"datePublished\":\"2013-10-11T11:53:32+00:00\",\"dateModified\":\"2013-10-11T14:11:38+00:00\",\"breadcrumb\":{\"@id\":\"https:\/\/sandzakpress.net\/arhiva\/dveri-trazi-referendum-za-zabranu-gradnje-visokih-munara-u-sandzaku\/#breadcrumb\"},\"inLanguage\":\"bs-BA\",\"potentialAction\":[{\"@type\":\"ReadAction\",\"target\":[\"https:\/\/sandzakpress.net\/arhiva\/dveri-trazi-referendum-za-zabranu-gradnje-visokih-munara-u-sandzaku\/\"]}]},{\"@type\":\"ImageObject\",\"inLanguage\":\"bs-BA\",\"@id\":\"https:\/\/sandzakpress.net\/arhiva\/dveri-trazi-referendum-za-zabranu-gradnje-visokih-munara-u-sandzaku\/#primaryimage\",\"url\":\"https:\/\/sandzakpress.net\/arhiva\/wp-content\/uploads\/2013\/10\/dveri-zastava-1344424987-195565.jpg\",\"contentUrl\":\"https:\/\/sandzakpress.net\/arhiva\/wp-content\/uploads\/2013\/10\/dveri-zastava-1344424987-195565.jpg\",\"width\":616,\"height\":383},{\"@type\":\"BreadcrumbList\",\"@id\":\"https:\/\/sandzakpress.net\/arhiva\/dveri-trazi-referendum-za-zabranu-gradnje-visokih-munara-u-sandzaku\/#breadcrumb\",\"itemListElement\":[{\"@type\":\"ListItem\",\"position\":1,\"name\":\"Home\",\"item\":\"https:\/\/sandzakpress.net\/arhiva\/\"},{\"@type\":\"ListItem\",\"position\":2,\"name\":\"Dveri tra\u017ei referendum za zabranu gradnje visokih munara u Sand\u017eaku!\"}]},{\"@type\":\"WebSite\",\"@id\":\"https:\/\/sandzakpress.net\/arhiva\/#website\",\"url\":\"https:\/\/sandzakpress.net\/arhiva\/\",\"name\":\"Sand\u017eak PRESS\",\"description\":\"Prve elektronske novine u Sand\u017eaku\",\"publisher\":{\"@id\":\"https:\/\/sandzakpress.net\/arhiva\/#\/schema\/person\/6e72b67d6e51910a1117b3b483ba20bd\"},\"potentialAction\":[{\"@type\":\"SearchAction\",\"target\":{\"@type\":\"EntryPoint\",\"urlTemplate\":\"https:\/\/sandzakpress.net\/arhiva\/?s={search_term_string}\"},\"query-input\":{\"@type\":\"PropertyValueSpecification\",\"valueRequired\":true,\"valueName\":\"search_term_string\"}}],\"inLanguage\":\"bs-BA\"},{\"@type\":[\"Person\",\"Organization\"],\"@id\":\"https:\/\/sandzakpress.net\/arhiva\/#\/schema\/person\/6e72b67d6e51910a1117b3b483ba20bd\",\"name\":\"Kul\",\"image\":{\"@type\":\"ImageObject\",\"inLanguage\":\"bs-BA\",\"@id\":\"https:\/\/sandzakpress.net\/arhiva\/#\/schema\/person\/image\/\",\"url\":\"https:\/\/secure.gravatar.com\/avatar\/42263f39aa27ac04c43cab85c280eb2e?s=96&d=mm&r=pg\",\"contentUrl\":\"https:\/\/secure.gravatar.com\/avatar\/42263f39aa27ac04c43cab85c280eb2e?s=96&d=mm&r=pg\",\"caption\":\"Kul\"},\"logo\":{\"@id\":\"https:\/\/sandzakpress.net\/arhiva\/#\/schema\/person\/image\/\"}},{\"@type\":\"Person\",\"@id\":\"https:\/\/sandzakpress.net\/arhiva\/#\/schema\/person\/c8baee722073534b583ea7bdb2e36c02\",\"name\":\"bosniak\",\"image\":{\"@type\":\"ImageObject\",\"inLanguage\":\"bs-BA\",\"@id\":\"https:\/\/sandzakpress.net\/arhiva\/#\/schema\/person\/image\/\",\"url\":\"https:\/\/secure.gravatar.com\/avatar\/a04fd330bfe3a36a72a0ad4a6d89fca7?s=96&d=mm&r=pg\",\"contentUrl\":\"https:\/\/secure.gravatar.com\/avatar\/a04fd330bfe3a36a72a0ad4a6d89fca7?s=96&d=mm&r=pg\",\"caption\":\"bosniak\"},\"url\":\"https:\/\/sandzakpress.net\/arhiva\/author\/bosniak\/\"}]}<\/script>\n<!-- \/ Yoast SEO Premium plugin. -->","yoast_head_json":{"title":"Dveri tra\u017ei referendum za zabranu gradnje visokih munara u Sand\u017eaku!","robots":{"index":"index","follow":"follow","max-snippet":"max-snippet:-1","max-image-preview":"max-image-preview:large","max-video-preview":"max-video-preview:-1"},"canonical":"https:\/\/sandzakpress.net\/arhiva\/dveri-trazi-referendum-za-zabranu-gradnje-visokih-munara-u-sandzaku\/","og_locale":"bs_BA","og_type":"article","og_title":"Dveri tra\u017ei referendum za zabranu gradnje visokih munara u Sand\u017eaku!","og_description":"Sjenica &#8211; Pokret Dveri saop\u0161tio je danas da se protivi tome da najve\u0107a d\u017eamija u Evropi bude napravljena u selu Duga Poljana u &#8220;Ra\u0161koj oblasti&#8221; (kako oni ka\u017eu) navode\u0107i da muslimani treba da imaju sva prava, ali da za takvu d\u017eamiju ne postoji nijedan razlog. &#8220;Na\u0161a bra\u0107a i kom\u0161ije muslimani, sa kojima \u017eivimo vjekovima zajedno, [&hellip;]","og_url":"https:\/\/sandzakpress.net\/arhiva\/dveri-trazi-referendum-za-zabranu-gradnje-visokih-munara-u-sandzaku\/","og_site_name":"Sand\u017eak PRESS","article_published_time":"2013-10-11T11:53:32+00:00","article_modified_time":"2013-10-11T14:11:38+00:00","og_image":[{"width":616,"height":383,"url":"https:\/\/sandzakpress.net\/arhiva\/wp-content\/uploads\/2013\/10\/dveri-zastava-1344424987-195565.jpg","type":"image\/jpeg"}],"author":"bosniak","twitter_card":"summary_large_image","twitter_misc":{"Written by":"bosniak","Est. reading time":"1 minuta"},"schema":{"@context":"https:\/\/schema.org","@graph":[{"@type":"Article","@id":"https:\/\/sandzakpress.net\/arhiva\/dveri-trazi-referendum-za-zabranu-gradnje-visokih-munara-u-sandzaku\/#article","isPartOf":{"@id":"https:\/\/sandzakpress.net\/arhiva\/dveri-trazi-referendum-za-zabranu-gradnje-visokih-munara-u-sandzaku\/"},"author":{"name":"bosniak","@id":"https:\/\/sandzakpress.net\/arhiva\/#\/schema\/person\/c8baee722073534b583ea7bdb2e36c02"},"headline":"Dveri tra\u017ei referendum za zabranu gradnje visokih munara u Sand\u017eaku!","datePublished":"2013-10-11T11:53:32+00:00","dateModified":"2013-10-11T14:11:38+00:00","mainEntityOfPage":{"@id":"https:\/\/sandzakpress.net\/arhiva\/dveri-trazi-referendum-za-zabranu-gradnje-visokih-munara-u-sandzaku\/"},"wordCount":233,"commentCount":54,"publisher":{"@id":"https:\/\/sandzakpress.net\/arhiva\/#\/schema\/person\/6e72b67d6e51910a1117b3b483ba20bd"},"image":{"@id":"https:\/\/sandzakpress.net\/arhiva\/dveri-trazi-referendum-za-zabranu-gradnje-visokih-munara-u-sandzaku\/#primaryimage"},"thumbnailUrl":"https:\/\/sandzakpress.net\/arhiva\/wp-content\/uploads\/2013\/10\/dveri-zastava-1344424987-195565.jpg","keywords":["d\u017eamije u Sand\u017eaku","nepravde srpske vlasti"],"articleSection":["Novi Pazar","Politika","Sjenica","Tutin","Srbija","VIJESTI DANA"],"inLanguage":"bs-BA","potentialAction":[{"@type":"CommentAction","name":"Comment","target":["https:\/\/sandzakpress.net\/arhiva\/dveri-trazi-referendum-za-zabranu-gradnje-visokih-munara-u-sandzaku\/#respond"]}]},{"@type":"WebPage","@id":"https:\/\/sandzakpress.net\/arhiva\/dveri-trazi-referendum-za-zabranu-gradnje-visokih-munara-u-sandzaku\/","url":"https:\/\/sandzakpress.net\/arhiva\/dveri-trazi-referendum-za-zabranu-gradnje-visokih-munara-u-sandzaku\/","name":"Dveri tra\u017ei referendum za zabranu gradnje visokih munara u Sand\u017eaku!","isPartOf":{"@id":"https:\/\/sandzakpress.net\/arhiva\/#website"},"primaryImageOfPage":{"@id":"https:\/\/sandzakpress.net\/arhiva\/dveri-trazi-referendum-za-zabranu-gradnje-visokih-munara-u-sandzaku\/#primaryimage"},"image":{"@id":"https:\/\/sandzakpress.net\/arhiva\/dveri-trazi-referendum-za-zabranu-gradnje-visokih-munara-u-sandzaku\/#primaryimage"},"thumbnailUrl":"https:\/\/sandzakpress.net\/arhiva\/wp-content\/uploads\/2013\/10\/dveri-zastava-1344424987-195565.jpg","datePublished":"2013-10-11T11:53:32+00:00","dateModified":"2013-10-11T14:11:38+00:00","breadcrumb":{"@id":"https:\/\/sandzakpress.net\/arhiva\/dveri-trazi-referendum-za-zabranu-gradnje-visokih-munara-u-sandzaku\/#breadcrumb"},"inLanguage":"bs-BA","potentialAction":[{"@type":"ReadAction","target":["https:\/\/sandzakpress.net\/arhiva\/dveri-trazi-referendum-za-zabranu-gradnje-visokih-munara-u-sandzaku\/"]}]},{"@type":"ImageObject","inLanguage":"bs-BA","@id":"https:\/\/sandzakpress.net\/arhiva\/dveri-trazi-referendum-za-zabranu-gradnje-visokih-munara-u-sandzaku\/#primaryimage","url":"https:\/\/sandzakpress.net\/arhiva\/wp-content\/uploads\/2013\/10\/dveri-zastava-1344424987-195565.jpg","contentUrl":"https:\/\/sandzakpress.net\/arhiva\/wp-content\/uploads\/2013\/10\/dveri-zastava-1344424987-195565.jpg","width":616,"height":383},{"@type":"BreadcrumbList","@id":"https:\/\/sandzakpress.net\/arhiva\/dveri-trazi-referendum-za-zabranu-gradnje-visokih-munara-u-sandzaku\/#breadcrumb","itemListElement":[{"@type":"ListItem","position":1,"name":"Home","item":"https:\/\/sandzakpress.net\/arhiva\/"},{"@type":"ListItem","position":2,"name":"Dveri tra\u017ei referendum za zabranu gradnje visokih munara u Sand\u017eaku!"}]},{"@type":"WebSite","@id":"https:\/\/sandzakpress.net\/arhiva\/#website","url":"https:\/\/sandzakpress.net\/arhiva\/","name":"Sand\u017eak PRESS","description":"Prve elektronske novine u Sand\u017eaku","publisher":{"@id":"https:\/\/sandzakpress.net\/arhiva\/#\/schema\/person\/6e72b67d6e51910a1117b3b483ba20bd"},"potentialAction":[{"@type":"SearchAction","target":{"@type":"EntryPoint","urlTemplate":"https:\/\/sandzakpress.net\/arhiva\/?s={search_term_string}"},"query-input":{"@type":"PropertyValueSpecification","valueRequired":true,"valueName":"search_term_string"}}],"inLanguage":"bs-BA"},{"@type":["Person","Organization"],"@id":"https:\/\/sandzakpress.net\/arhiva\/#\/schema\/person\/6e72b67d6e51910a1117b3b483ba20bd","name":"Kul","image":{"@type":"ImageObject","inLanguage":"bs-BA","@id":"https:\/\/sandzakpress.net\/arhiva\/#\/schema\/person\/image\/","url":"https:\/\/secure.gravatar.com\/avatar\/42263f39aa27ac04c43cab85c280eb2e?s=96&d=mm&r=pg","contentUrl":"https:\/\/secure.gravatar.com\/avatar\/42263f39aa27ac04c43cab85c280eb2e?s=96&d=mm&r=pg","caption":"Kul"},"logo":{"@id":"https:\/\/sandzakpress.net\/arhiva\/#\/schema\/person\/image\/"}},{"@type":"Person","@id":"https:\/\/sandzakpress.net\/arhiva\/#\/schema\/person\/c8baee722073534b583ea7bdb2e36c02","name":"bosniak","image":{"@type":"ImageObject","inLanguage":"bs-BA","@id":"https:\/\/sandzakpress.net\/arhiva\/#\/schema\/person\/image\/","url":"https:\/\/secure.gravatar.com\/avatar\/a04fd330bfe3a36a72a0ad4a6d89fca7?s=96&d=mm&r=pg","contentUrl":"https:\/\/secure.gravatar.com\/avatar\/a04fd330bfe3a36a72a0ad4a6d89fca7?s=96&d=mm&r=pg","caption":"bosniak"},"url":"https:\/\/sandzakpress.net\/arhiva\/author\/bosniak\/"}]}},"_links":{"self":[{"href":"https:\/\/sandzakpress.net\/arhiva\/wp-json\/wp\/v2\/posts\/90832"}],"collection":[{"href":"https:\/\/sandzakpress.net\/arhiva\/wp-json\/wp\/v2\/posts"}],"about":[{"href":"https:\/\/sandzakpress.net\/arhiva\/wp-json\/wp\/v2\/types\/post"}],"author":[{"embeddable":true,"href":"https:\/\/sandzakpress.net\/arhiva\/wp-json\/wp\/v2\/users\/83"}],"replies":[{"embeddable":true,"href":"https:\/\/sandzakpress.net\/arhiva\/wp-json\/wp\/v2\/comments?post=90832"}],"version-history":[{"count":0,"href":"https:\/\/sandzakpress.net\/arhiva\/wp-json\/wp\/v2\/posts\/90832\/revisions"}],"wp:featuredmedia":[{"embeddable":true,"href":"https:\/\/sandzakpress.net\/arhiva\/wp-json\/wp\/v2\/media\/90833"}],"wp:attachment":[{"href":"https:\/\/sandzakpress.net\/arhiva\/wp-json\/wp\/v2\/media?parent=90832"}],"wp:term":[{"taxonomy":"category","embeddable":true,"href":"https:\/\/sandzakpress.net\/arhiva\/wp-json\/wp\/v2\/categories?post=90832"},{"taxonomy":"post_tag","embeddable":true,"href":"https:\/\/sandzakpress.net\/arhiva\/wp-json\/wp\/v2\/tags?post=90832"}],"curies":[{"name":"wp","href":"https:\/\/api.w.org\/{rel}","templated":true}]}}