{"id":90783,"date":"2013-10-10T16:20:55","date_gmt":"2013-10-10T14:20:55","guid":{"rendered":"https:\/\/sandzakpress.net\/arhiva\/?p=90783"},"modified":"2013-10-10T16:20:55","modified_gmt":"2013-10-10T14:20:55","slug":"rozaje-generacije-daka-bez-ekskurzije-jer-nemaju-para","status":"publish","type":"post","link":"https:\/\/sandzakpress.net\/arhiva\/rozaje-generacije-daka-bez-ekskurzije-jer-nemaju-para\/","title":{"rendered":"Ro\u017eaje: Generacije \u0111aka bez ekskurzije jer nemaju para"},"content":{"rendered":"<p><strong><a href=\"https:\/\/sandzakpress.net\/arhiva\/wp-content\/uploads\/2013\/10\/rozaje-generacije-daka-bez-ekskurzije-jer-nemaju-para-slika-216076.jpg\"><img loading=\"lazy\" decoding=\"async\" class=\"alignleft size-medium wp-image-90784\" alt=\"rozaje-generacije-daka-bez-ekskurzije-jer-nemaju-para-slika-216076\" src=\"https:\/\/sandzakpress.net\/arhiva\/wp-content\/uploads\/2013\/10\/rozaje-generacije-daka-bez-ekskurzije-jer-nemaju-para-slika-216076-300x182.jpg\" width=\"300\" height=\"182\" \/><\/a>Ro\u017eaje &#8211; Izuzetak su jedino Gimnazija \u201e30. septembar\u201c i Osnovna \u0161kola \u201e25. maj\u201c&#8230;<\/strong><\/p>\n<p>Iako je po\u010detak \u0161kolske godine period kada u\u010denici odlaze na ekskurzije, ili ih planiraju, ro\u017eajski \u0111aci nemaju \u010demu da se raduju. Sve te\u017ea ekonomska situacija je uslovila da u gradu na Ibru ve\u0107 dvije godine nijesu organizovane vi\u0161ednevne \u0111a\u010dke ekskurzije. Izuzetak su Gimnazija \u201e30. septembar\u201c i Osnovna \u0161kola \u201e25. maj\u201c.<\/p>\n<p>Direktor Gimnazije Fejzo Muri\u0107 kazao je da su prethodnih godina maturanti putovali u Italiju i Tursku, ali da je neizvjesno da li \u0107e ekskurzija biti organizovana i ove godine.<\/p>\n<div><\/div>\n<p>\u201eU\u010denici su izrazili interesovanje za Gr\u010dku, ali je odziv veoma slab, pa je putovanje jo\u0161 neizvjesno. Najve\u0107i problem je lo\u0161a ekonomska situacija. Roditelji te\u0161ko finansiraju maturske ve\u010deri, nakon kojih slijedi upis na fakultet koji nosi dodatne tro\u0161kove, tako da o ekskurziji jo\u0161 samo rijetki razmi\u0161ljaju\u201c, kazao je Fejzi\u0107.<\/p>\n<p>Kako je kazao, djeca smatraju da je ekskurzija ne\u0161to \u0161to se de\u0161ava jednom u \u017eivotu i da roditelji moraju da na\u0111u mogu\u0107nost da im to priu\u0161te.<\/p>\n<p>\u201cMe\u0111utim, jedno su \u017eelje, a drugo mogu\u0107nosti. Naravno da su ekskurzije, koje su predvi\u0111ene i nastavnim planom i programom, korisne, ali je nemanje ja\u010de od toga\u201c, kazao je Muri\u0107.<\/p>\n<p><img decoding=\"async\" alt=\"(Foto: Arhiva Vijesti)\" src=\"http:\/\/www.vijesti.me\/slika-w180\/vijesti\/rozaje-generacije-daka-bez-ekskurzije-jer-nemaju-para-slika-13731.jpg\" \/><\/p>\n<p>Direktor Srednje stru\u010dne \u0161kole Esad Crnovr\u0161anin smatra da se ekonomska kriza i te kako odrazila na obrazovni sistem, zbog \u010dega su mnoge stvari, a naro\u010dito ekskurzije, postale luksuz.<\/p>\n<p>\u201eNa\u0161i \u0111aci na kolektivno putovanje nijesu i\u0161li ve\u0107 dvije godine. U maju \u0107emo poku\u0161ati ne\u0161to da organizujemo, ali sumnjam da \u0107emo uspjeti. Lani smo imali tri ponude od kojih je najjeftinija bila trodnevni boravak u Sarajevu koji je ko\u0161tao 65 eura. Uprkos tako niskoj cijeni nijesmo uspjeli da organizujemo ekskurziju. Naprosto, maturanti i bez nje imaju dosta tro\u0161kova koje ku\u0107ni bud\u017eeti ne mogu da izdr\u017ee\u201c, rekao je Crnovr\u0161anin.<\/p>\n<p>Ni u najstarijoj gradskoj O\u0160 \u201eMustafa Pe\u0107anin\u201c \u0111aci ve\u0107 dvije godine nijesu i\u0161li na ekskurziju.<\/p>\n<p>\u201ePosljednje dvije generacije polumaturanata nijesu imale tu sre\u0107u. Znate da je i oko knjiga veliki problem, a kamoli da se organizuje ekskurzija. Prijavi se oko 30 do 40 odsto u\u010denika, ali to nije zadovoljavaju\u0107i broj. I dalje vlada mi\u0161ljenje da u Ro\u017eajama ima para, ali vjerujte da ih nema. To mi u obrazovanju najbolje osje\u0107amo\u201c, rekao je direktor O\u0160 \u201eMustafa Pe\u0107anin\u201c, mr Ibro Skenderovi\u0107.<\/p>\n<p>On smatra da su ekskurzije vi\u0161estruko zna\u010dajne, te da je \u0161teta \u0161to se iz ekonomskih razloga sve manje organizuju.<\/p>\n<p>\u201eTo je ne\u0161to \u0161to ostaje za cijeli \u017eivot. Mnogi u\u010denici se prvi put odvajaju od roditelja, privikavaju na novu vrstu kolektivnog \u017eivota, 24 \u010dasa su sa vr\u0161njacima, bolje se me\u0111usobno upoznaju, dru\u017ee, obi\u0111u razne znamenitosti, neke nove krajeve, zemlje. Nekada su organizovanje ekskurzija pomagali sponzori, ali danas ni toga nema. Privreda je skoro zamrla, pa se te\u0161ko kome i mo\u017eete obratiti za sponzorstvo\u201c, rekao je Skenderovi\u0107.<\/p>\n<p><img decoding=\"async\" alt=\"(Foto: Shutterstock)\" src=\"http:\/\/www.vijesti.me\/slika-w180\/vijesti\/rozaje-generacije-daka-bez-ekskurzije-jer-nemaju-para-slika-317163.jpg\" \/><\/p>\n<p>Direktor Osnovne \u0161kole \u201e25. maj\u201c Safet Fele\u0107 rekao je da se u toj obrazovnoj ustanovi mnogo lak\u0161e organizuju jednodnevne ekskurzije na koje po\u0111e od 70 do 80 odsto \u0111aka. Ne\u0161to manji procenat je za odlazak na vi\u0161ednevno putovanje za koje se prijavljuje od 55 do 60 odsto polumaturanata.<\/p>\n<p>\u201eNovi normativi u vezi sa organizovanjem ekskurzija zahtijevaju vi\u0161e vremena, pa \u0107emo poku\u0161ati da to odradimo u maju. Ina\u010de, te\u0161ka ekonomska situacija zna\u010dajno uti\u010de i na nastavne i na vannastavne aktivnosti. Volje se ima i \u0111aci vole da putuju, ali para nema\u201c, rekao je Fele\u0107.<\/p>\n<p><strong>Samo drugarsko ve\u010de <\/strong><\/p>\n<p>Situacija je jo\u0161 te\u017ea u seoskim \u0161kolama. Jedna od ve\u0107ih je Osnovna \u0161kola \u201eBa\u0107\u201c, \u010diji je direktor Hasan Kurbardovi\u0107 istakao da vi\u0161ednevna ekskurzija nije organizovana ve\u0107 dvije godine.<\/p>\n<p>\u201eOd 284 \u0111aka ove \u0161kole, roditelji njih 156 su korisnici materijalnog obezbje\u0111enja porodice. Kako u takvoj situaciji organizovati ekskurziju, ako ljudi nemaju ni da se prehrane? Ranije smo organizovali dvodnevna, trodnevna i petodnevna putovanja, a sada samo drugarsko ve\u010de i to je to\u201c, rekao je Kurbardovi\u0107.<\/p>\n<p>Posljednje dvije godine \u0111aci te \u0161kole su odlazili samo na jednodnevnu posjetu Biogradskoj gori ili Crnom jezeru, ali je i ta putovanja pomogla \u0161kola.<\/p>\n<p>\u201eTra\u017eili smo sponzore za prevoz, pa su u\u010denici davali neke simboli\u010dne iznose. Po odzivu na takva putovanja se vidi da oni vole ekskurzije i da bi rado putovali, ali za to nemaju uslova. U \u0161koli u\u010de o nacionalnim parkovima, kulturno-istorijskim spomenicima, starim gradovima, primorju&#8230; Za\u0161to ne bi voljeli da to i u\u017eivo vide? Neorganizovanje ekskurzija je veliki nedostatak u njihovom razvojnom procesu\u201c, zaklju\u010dio je Kurbardovi\u0107.<\/p>\n<p>(vijesti.me)<\/p>\n","protected":false},"excerpt":{"rendered":"<p>Ro\u017eaje &#8211; Izuzetak su jedino Gimnazija \u201e30. septembar\u201c i Osnovna \u0161kola \u201e25. maj\u201c&#8230; Iako je po\u010detak \u0161kolske godine period kada u\u010denici odlaze na ekskurzije, ili ih planiraju, ro\u017eajski \u0111aci nemaju \u010demu da se raduju. Sve te\u017ea ekonomska situacija je uslovila da u gradu na Ibru ve\u0107 dvije godine nijesu organizovane vi\u0161ednevne \u0111a\u010dke ekskurzije. Izuzetak su [&hellip;]<\/p>\n","protected":false},"author":83,"featured_media":90785,"comment_status":"open","ping_status":"open","sticky":false,"template":"","format":"standard","meta":{"footnotes":""},"categories":[398,4],"tags":[],"class_list":{"0":"post-90783","1":"post","2":"type-post","3":"status-publish","4":"format-standard","5":"has-post-thumbnail","7":"category-rozaje","8":"category-obrazovanje"},"yoast_head":"<!-- This site is optimized with the Yoast SEO Premium plugin v23.1 (Yoast SEO v24.9) - https:\/\/yoast.com\/wordpress\/plugins\/seo\/ -->\n<title>Ro\u017eaje: Generacije \u0111aka bez ekskurzije jer nemaju para<\/title>\n<meta name=\"robots\" content=\"index, follow, max-snippet:-1, max-image-preview:large, max-video-preview:-1\" \/>\n<link rel=\"canonical\" href=\"https:\/\/sandzakpress.net\/arhiva\/rozaje-generacije-daka-bez-ekskurzije-jer-nemaju-para\/\" \/>\n<meta property=\"og:locale\" content=\"bs_BA\" \/>\n<meta property=\"og:type\" content=\"article\" \/>\n<meta property=\"og:title\" content=\"Ro\u017eaje: Generacije \u0111aka bez ekskurzije jer nemaju para\" \/>\n<meta property=\"og:description\" content=\"Ro\u017eaje &#8211; Izuzetak su jedino Gimnazija \u201e30. septembar\u201c i Osnovna \u0161kola \u201e25. maj\u201c&#8230; Iako je po\u010detak \u0161kolske godine period kada u\u010denici odlaze na ekskurzije, ili ih planiraju, ro\u017eajski \u0111aci nemaju \u010demu da se raduju. Sve te\u017ea ekonomska situacija je uslovila da u gradu na Ibru ve\u0107 dvije godine nijesu organizovane vi\u0161ednevne \u0111a\u010dke ekskurzije. Izuzetak su [&hellip;]\" \/>\n<meta property=\"og:url\" content=\"https:\/\/sandzakpress.net\/arhiva\/rozaje-generacije-daka-bez-ekskurzije-jer-nemaju-para\/\" \/>\n<meta property=\"og:site_name\" content=\"Sand\u017eak PRESS\" \/>\n<meta property=\"article:published_time\" content=\"2013-10-10T14:20:55+00:00\" \/>\n<meta property=\"og:image\" content=\"https:\/\/sandzakpress.net\/arhiva\/wp-content\/uploads\/2013\/10\/rozaje-generacije-daka-bez-ekskurzije-jer-nemaju-para-slika-216076-300x1821.jpg\" \/>\n\t<meta property=\"og:image:width\" content=\"300\" \/>\n\t<meta property=\"og:image:height\" content=\"182\" \/>\n\t<meta property=\"og:image:type\" content=\"image\/jpeg\" \/>\n<meta name=\"author\" content=\"bosniak\" \/>\n<meta name=\"twitter:card\" content=\"summary_large_image\" \/>\n<meta name=\"twitter:label1\" content=\"Written by\" \/>\n\t<meta name=\"twitter:data1\" content=\"bosniak\" \/>\n\t<meta name=\"twitter:label2\" content=\"Est. reading time\" \/>\n\t<meta name=\"twitter:data2\" content=\"4 minute\" \/>\n<script type=\"application\/ld+json\" class=\"yoast-schema-graph\">{\"@context\":\"https:\/\/schema.org\",\"@graph\":[{\"@type\":\"Article\",\"@id\":\"https:\/\/sandzakpress.net\/arhiva\/rozaje-generacije-daka-bez-ekskurzije-jer-nemaju-para\/#article\",\"isPartOf\":{\"@id\":\"https:\/\/sandzakpress.net\/arhiva\/rozaje-generacije-daka-bez-ekskurzije-jer-nemaju-para\/\"},\"author\":{\"name\":\"bosniak\",\"@id\":\"https:\/\/sandzakpress.net\/arhiva\/#\/schema\/person\/c8baee722073534b583ea7bdb2e36c02\"},\"headline\":\"Ro\u017eaje: Generacije \u0111aka bez ekskurzije jer nemaju para\",\"datePublished\":\"2013-10-10T14:20:55+00:00\",\"mainEntityOfPage\":{\"@id\":\"https:\/\/sandzakpress.net\/arhiva\/rozaje-generacije-daka-bez-ekskurzije-jer-nemaju-para\/\"},\"wordCount\":789,\"commentCount\":0,\"publisher\":{\"@id\":\"https:\/\/sandzakpress.net\/arhiva\/#\/schema\/person\/6e72b67d6e51910a1117b3b483ba20bd\"},\"image\":{\"@id\":\"https:\/\/sandzakpress.net\/arhiva\/rozaje-generacije-daka-bez-ekskurzije-jer-nemaju-para\/#primaryimage\"},\"thumbnailUrl\":\"https:\/\/sandzakpress.net\/arhiva\/wp-content\/uploads\/2013\/10\/rozaje-generacije-daka-bez-ekskurzije-jer-nemaju-para-slika-216076-300x1821.jpg\",\"articleSection\":[\"Ro\u017eaje\",\"Obrazovanje\"],\"inLanguage\":\"bs-BA\",\"potentialAction\":[{\"@type\":\"CommentAction\",\"name\":\"Comment\",\"target\":[\"https:\/\/sandzakpress.net\/arhiva\/rozaje-generacije-daka-bez-ekskurzije-jer-nemaju-para\/#respond\"]}]},{\"@type\":\"WebPage\",\"@id\":\"https:\/\/sandzakpress.net\/arhiva\/rozaje-generacije-daka-bez-ekskurzije-jer-nemaju-para\/\",\"url\":\"https:\/\/sandzakpress.net\/arhiva\/rozaje-generacije-daka-bez-ekskurzije-jer-nemaju-para\/\",\"name\":\"Ro\u017eaje: Generacije \u0111aka bez ekskurzije jer nemaju para\",\"isPartOf\":{\"@id\":\"https:\/\/sandzakpress.net\/arhiva\/#website\"},\"primaryImageOfPage\":{\"@id\":\"https:\/\/sandzakpress.net\/arhiva\/rozaje-generacije-daka-bez-ekskurzije-jer-nemaju-para\/#primaryimage\"},\"image\":{\"@id\":\"https:\/\/sandzakpress.net\/arhiva\/rozaje-generacije-daka-bez-ekskurzije-jer-nemaju-para\/#primaryimage\"},\"thumbnailUrl\":\"https:\/\/sandzakpress.net\/arhiva\/wp-content\/uploads\/2013\/10\/rozaje-generacije-daka-bez-ekskurzije-jer-nemaju-para-slika-216076-300x1821.jpg\",\"datePublished\":\"2013-10-10T14:20:55+00:00\",\"breadcrumb\":{\"@id\":\"https:\/\/sandzakpress.net\/arhiva\/rozaje-generacije-daka-bez-ekskurzije-jer-nemaju-para\/#breadcrumb\"},\"inLanguage\":\"bs-BA\",\"potentialAction\":[{\"@type\":\"ReadAction\",\"target\":[\"https:\/\/sandzakpress.net\/arhiva\/rozaje-generacije-daka-bez-ekskurzije-jer-nemaju-para\/\"]}]},{\"@type\":\"ImageObject\",\"inLanguage\":\"bs-BA\",\"@id\":\"https:\/\/sandzakpress.net\/arhiva\/rozaje-generacije-daka-bez-ekskurzije-jer-nemaju-para\/#primaryimage\",\"url\":\"https:\/\/sandzakpress.net\/arhiva\/wp-content\/uploads\/2013\/10\/rozaje-generacije-daka-bez-ekskurzije-jer-nemaju-para-slika-216076-300x1821.jpg\",\"contentUrl\":\"https:\/\/sandzakpress.net\/arhiva\/wp-content\/uploads\/2013\/10\/rozaje-generacije-daka-bez-ekskurzije-jer-nemaju-para-slika-216076-300x1821.jpg\",\"width\":300,\"height\":182},{\"@type\":\"BreadcrumbList\",\"@id\":\"https:\/\/sandzakpress.net\/arhiva\/rozaje-generacije-daka-bez-ekskurzije-jer-nemaju-para\/#breadcrumb\",\"itemListElement\":[{\"@type\":\"ListItem\",\"position\":1,\"name\":\"Home\",\"item\":\"https:\/\/sandzakpress.net\/arhiva\/\"},{\"@type\":\"ListItem\",\"position\":2,\"name\":\"Ro\u017eaje: Generacije \u0111aka bez ekskurzije jer nemaju para\"}]},{\"@type\":\"WebSite\",\"@id\":\"https:\/\/sandzakpress.net\/arhiva\/#website\",\"url\":\"https:\/\/sandzakpress.net\/arhiva\/\",\"name\":\"Sand\u017eak PRESS\",\"description\":\"Prve elektronske novine u Sand\u017eaku\",\"publisher\":{\"@id\":\"https:\/\/sandzakpress.net\/arhiva\/#\/schema\/person\/6e72b67d6e51910a1117b3b483ba20bd\"},\"potentialAction\":[{\"@type\":\"SearchAction\",\"target\":{\"@type\":\"EntryPoint\",\"urlTemplate\":\"https:\/\/sandzakpress.net\/arhiva\/?s={search_term_string}\"},\"query-input\":{\"@type\":\"PropertyValueSpecification\",\"valueRequired\":true,\"valueName\":\"search_term_string\"}}],\"inLanguage\":\"bs-BA\"},{\"@type\":[\"Person\",\"Organization\"],\"@id\":\"https:\/\/sandzakpress.net\/arhiva\/#\/schema\/person\/6e72b67d6e51910a1117b3b483ba20bd\",\"name\":\"Kul\",\"image\":{\"@type\":\"ImageObject\",\"inLanguage\":\"bs-BA\",\"@id\":\"https:\/\/sandzakpress.net\/arhiva\/#\/schema\/person\/image\/\",\"url\":\"https:\/\/secure.gravatar.com\/avatar\/42263f39aa27ac04c43cab85c280eb2e?s=96&d=mm&r=pg\",\"contentUrl\":\"https:\/\/secure.gravatar.com\/avatar\/42263f39aa27ac04c43cab85c280eb2e?s=96&d=mm&r=pg\",\"caption\":\"Kul\"},\"logo\":{\"@id\":\"https:\/\/sandzakpress.net\/arhiva\/#\/schema\/person\/image\/\"}},{\"@type\":\"Person\",\"@id\":\"https:\/\/sandzakpress.net\/arhiva\/#\/schema\/person\/c8baee722073534b583ea7bdb2e36c02\",\"name\":\"bosniak\",\"image\":{\"@type\":\"ImageObject\",\"inLanguage\":\"bs-BA\",\"@id\":\"https:\/\/sandzakpress.net\/arhiva\/#\/schema\/person\/image\/\",\"url\":\"https:\/\/secure.gravatar.com\/avatar\/a04fd330bfe3a36a72a0ad4a6d89fca7?s=96&d=mm&r=pg\",\"contentUrl\":\"https:\/\/secure.gravatar.com\/avatar\/a04fd330bfe3a36a72a0ad4a6d89fca7?s=96&d=mm&r=pg\",\"caption\":\"bosniak\"},\"url\":\"https:\/\/sandzakpress.net\/arhiva\/author\/bosniak\/\"}]}<\/script>\n<!-- \/ Yoast SEO Premium plugin. -->","yoast_head_json":{"title":"Ro\u017eaje: Generacije \u0111aka bez ekskurzije jer nemaju para","robots":{"index":"index","follow":"follow","max-snippet":"max-snippet:-1","max-image-preview":"max-image-preview:large","max-video-preview":"max-video-preview:-1"},"canonical":"https:\/\/sandzakpress.net\/arhiva\/rozaje-generacije-daka-bez-ekskurzije-jer-nemaju-para\/","og_locale":"bs_BA","og_type":"article","og_title":"Ro\u017eaje: Generacije \u0111aka bez ekskurzije jer nemaju para","og_description":"Ro\u017eaje &#8211; Izuzetak su jedino Gimnazija \u201e30. septembar\u201c i Osnovna \u0161kola \u201e25. maj\u201c&#8230; Iako je po\u010detak \u0161kolske godine period kada u\u010denici odlaze na ekskurzije, ili ih planiraju, ro\u017eajski \u0111aci nemaju \u010demu da se raduju. Sve te\u017ea ekonomska situacija je uslovila da u gradu na Ibru ve\u0107 dvije godine nijesu organizovane vi\u0161ednevne \u0111a\u010dke ekskurzije. Izuzetak su [&hellip;]","og_url":"https:\/\/sandzakpress.net\/arhiva\/rozaje-generacije-daka-bez-ekskurzije-jer-nemaju-para\/","og_site_name":"Sand\u017eak PRESS","article_published_time":"2013-10-10T14:20:55+00:00","og_image":[{"width":300,"height":182,"url":"https:\/\/sandzakpress.net\/arhiva\/wp-content\/uploads\/2013\/10\/rozaje-generacije-daka-bez-ekskurzije-jer-nemaju-para-slika-216076-300x1821.jpg","type":"image\/jpeg"}],"author":"bosniak","twitter_card":"summary_large_image","twitter_misc":{"Written by":"bosniak","Est. reading time":"4 minute"},"schema":{"@context":"https:\/\/schema.org","@graph":[{"@type":"Article","@id":"https:\/\/sandzakpress.net\/arhiva\/rozaje-generacije-daka-bez-ekskurzije-jer-nemaju-para\/#article","isPartOf":{"@id":"https:\/\/sandzakpress.net\/arhiva\/rozaje-generacije-daka-bez-ekskurzije-jer-nemaju-para\/"},"author":{"name":"bosniak","@id":"https:\/\/sandzakpress.net\/arhiva\/#\/schema\/person\/c8baee722073534b583ea7bdb2e36c02"},"headline":"Ro\u017eaje: Generacije \u0111aka bez ekskurzije jer nemaju para","datePublished":"2013-10-10T14:20:55+00:00","mainEntityOfPage":{"@id":"https:\/\/sandzakpress.net\/arhiva\/rozaje-generacije-daka-bez-ekskurzije-jer-nemaju-para\/"},"wordCount":789,"commentCount":0,"publisher":{"@id":"https:\/\/sandzakpress.net\/arhiva\/#\/schema\/person\/6e72b67d6e51910a1117b3b483ba20bd"},"image":{"@id":"https:\/\/sandzakpress.net\/arhiva\/rozaje-generacije-daka-bez-ekskurzije-jer-nemaju-para\/#primaryimage"},"thumbnailUrl":"https:\/\/sandzakpress.net\/arhiva\/wp-content\/uploads\/2013\/10\/rozaje-generacije-daka-bez-ekskurzije-jer-nemaju-para-slika-216076-300x1821.jpg","articleSection":["Ro\u017eaje","Obrazovanje"],"inLanguage":"bs-BA","potentialAction":[{"@type":"CommentAction","name":"Comment","target":["https:\/\/sandzakpress.net\/arhiva\/rozaje-generacije-daka-bez-ekskurzije-jer-nemaju-para\/#respond"]}]},{"@type":"WebPage","@id":"https:\/\/sandzakpress.net\/arhiva\/rozaje-generacije-daka-bez-ekskurzije-jer-nemaju-para\/","url":"https:\/\/sandzakpress.net\/arhiva\/rozaje-generacije-daka-bez-ekskurzije-jer-nemaju-para\/","name":"Ro\u017eaje: Generacije \u0111aka bez ekskurzije jer nemaju para","isPartOf":{"@id":"https:\/\/sandzakpress.net\/arhiva\/#website"},"primaryImageOfPage":{"@id":"https:\/\/sandzakpress.net\/arhiva\/rozaje-generacije-daka-bez-ekskurzije-jer-nemaju-para\/#primaryimage"},"image":{"@id":"https:\/\/sandzakpress.net\/arhiva\/rozaje-generacije-daka-bez-ekskurzije-jer-nemaju-para\/#primaryimage"},"thumbnailUrl":"https:\/\/sandzakpress.net\/arhiva\/wp-content\/uploads\/2013\/10\/rozaje-generacije-daka-bez-ekskurzije-jer-nemaju-para-slika-216076-300x1821.jpg","datePublished":"2013-10-10T14:20:55+00:00","breadcrumb":{"@id":"https:\/\/sandzakpress.net\/arhiva\/rozaje-generacije-daka-bez-ekskurzije-jer-nemaju-para\/#breadcrumb"},"inLanguage":"bs-BA","potentialAction":[{"@type":"ReadAction","target":["https:\/\/sandzakpress.net\/arhiva\/rozaje-generacije-daka-bez-ekskurzije-jer-nemaju-para\/"]}]},{"@type":"ImageObject","inLanguage":"bs-BA","@id":"https:\/\/sandzakpress.net\/arhiva\/rozaje-generacije-daka-bez-ekskurzije-jer-nemaju-para\/#primaryimage","url":"https:\/\/sandzakpress.net\/arhiva\/wp-content\/uploads\/2013\/10\/rozaje-generacije-daka-bez-ekskurzije-jer-nemaju-para-slika-216076-300x1821.jpg","contentUrl":"https:\/\/sandzakpress.net\/arhiva\/wp-content\/uploads\/2013\/10\/rozaje-generacije-daka-bez-ekskurzije-jer-nemaju-para-slika-216076-300x1821.jpg","width":300,"height":182},{"@type":"BreadcrumbList","@id":"https:\/\/sandzakpress.net\/arhiva\/rozaje-generacije-daka-bez-ekskurzije-jer-nemaju-para\/#breadcrumb","itemListElement":[{"@type":"ListItem","position":1,"name":"Home","item":"https:\/\/sandzakpress.net\/arhiva\/"},{"@type":"ListItem","position":2,"name":"Ro\u017eaje: Generacije \u0111aka bez ekskurzije jer nemaju para"}]},{"@type":"WebSite","@id":"https:\/\/sandzakpress.net\/arhiva\/#website","url":"https:\/\/sandzakpress.net\/arhiva\/","name":"Sand\u017eak PRESS","description":"Prve elektronske novine u Sand\u017eaku","publisher":{"@id":"https:\/\/sandzakpress.net\/arhiva\/#\/schema\/person\/6e72b67d6e51910a1117b3b483ba20bd"},"potentialAction":[{"@type":"SearchAction","target":{"@type":"EntryPoint","urlTemplate":"https:\/\/sandzakpress.net\/arhiva\/?s={search_term_string}"},"query-input":{"@type":"PropertyValueSpecification","valueRequired":true,"valueName":"search_term_string"}}],"inLanguage":"bs-BA"},{"@type":["Person","Organization"],"@id":"https:\/\/sandzakpress.net\/arhiva\/#\/schema\/person\/6e72b67d6e51910a1117b3b483ba20bd","name":"Kul","image":{"@type":"ImageObject","inLanguage":"bs-BA","@id":"https:\/\/sandzakpress.net\/arhiva\/#\/schema\/person\/image\/","url":"https:\/\/secure.gravatar.com\/avatar\/42263f39aa27ac04c43cab85c280eb2e?s=96&d=mm&r=pg","contentUrl":"https:\/\/secure.gravatar.com\/avatar\/42263f39aa27ac04c43cab85c280eb2e?s=96&d=mm&r=pg","caption":"Kul"},"logo":{"@id":"https:\/\/sandzakpress.net\/arhiva\/#\/schema\/person\/image\/"}},{"@type":"Person","@id":"https:\/\/sandzakpress.net\/arhiva\/#\/schema\/person\/c8baee722073534b583ea7bdb2e36c02","name":"bosniak","image":{"@type":"ImageObject","inLanguage":"bs-BA","@id":"https:\/\/sandzakpress.net\/arhiva\/#\/schema\/person\/image\/","url":"https:\/\/secure.gravatar.com\/avatar\/a04fd330bfe3a36a72a0ad4a6d89fca7?s=96&d=mm&r=pg","contentUrl":"https:\/\/secure.gravatar.com\/avatar\/a04fd330bfe3a36a72a0ad4a6d89fca7?s=96&d=mm&r=pg","caption":"bosniak"},"url":"https:\/\/sandzakpress.net\/arhiva\/author\/bosniak\/"}]}},"_links":{"self":[{"href":"https:\/\/sandzakpress.net\/arhiva\/wp-json\/wp\/v2\/posts\/90783"}],"collection":[{"href":"https:\/\/sandzakpress.net\/arhiva\/wp-json\/wp\/v2\/posts"}],"about":[{"href":"https:\/\/sandzakpress.net\/arhiva\/wp-json\/wp\/v2\/types\/post"}],"author":[{"embeddable":true,"href":"https:\/\/sandzakpress.net\/arhiva\/wp-json\/wp\/v2\/users\/83"}],"replies":[{"embeddable":true,"href":"https:\/\/sandzakpress.net\/arhiva\/wp-json\/wp\/v2\/comments?post=90783"}],"version-history":[{"count":0,"href":"https:\/\/sandzakpress.net\/arhiva\/wp-json\/wp\/v2\/posts\/90783\/revisions"}],"wp:featuredmedia":[{"embeddable":true,"href":"https:\/\/sandzakpress.net\/arhiva\/wp-json\/wp\/v2\/media\/90785"}],"wp:attachment":[{"href":"https:\/\/sandzakpress.net\/arhiva\/wp-json\/wp\/v2\/media?parent=90783"}],"wp:term":[{"taxonomy":"category","embeddable":true,"href":"https:\/\/sandzakpress.net\/arhiva\/wp-json\/wp\/v2\/categories?post=90783"},{"taxonomy":"post_tag","embeddable":true,"href":"https:\/\/sandzakpress.net\/arhiva\/wp-json\/wp\/v2\/tags?post=90783"}],"curies":[{"name":"wp","href":"https:\/\/api.w.org\/{rel}","templated":true}]}}