{"id":90750,"date":"2013-10-10T16:10:25","date_gmt":"2013-10-10T14:10:25","guid":{"rendered":"https:\/\/sandzakpress.net\/arhiva\/?p=90750"},"modified":"2013-10-11T13:53:56","modified_gmt":"2013-10-11T11:53:56","slug":"prvi-dan-kurban-bajrama-u-utorak","status":"publish","type":"post","link":"https:\/\/sandzakpress.net\/arhiva\/prvi-dan-kurban-bajrama-u-utorak\/","title":{"rendered":"Prvi dan Kurban bajrama u utorak"},"content":{"rendered":"<p><strong><img loading=\"lazy\" decoding=\"async\" class=\"alignleft\" alt=\"bn-aa-dz-np-ram-2011-6\" src=\"http:\/\/www.rijaset.ba\/images\/stories\/1aktuelnosti\/bn-aa-dz-np-ram-2011-4.jpg\" width=\"400\" height=\"266\" \/>BiH, Sand\u017eak &#8211; Prema Takvimu Rijaseta Islamske zajednice u Bosni i Hercegovini prvi dan Kurban bajrama je u utorak, 15. oktobra 2013. godine.<\/strong><\/p>\n<p>Centralna bajramska sve\u010danost na podru\u010dju Islamske zajednice u Bosni i Hercegovini odr\u017eat \u0107e se u Gazi Husrev-begovoj d\u017eamiji u Sarajevu. Bajram namaz \u0107e imamiti i bajramsku hutbu-poruku uputiti reisu-l-ulema Husein ef. Kavazovi\u0107.<\/p>\n<p>Vrijeme klanjanja bajram namaza je 45 minuta nakon izlaska sunca. U Novom Pazaru bajram namaz \u0107e se klanjati u 7 sati i 30 minuta.<\/p>\n<p>Bajram je blagdan duhovne radosti i mira, porodi\u010dnog zajedni\u0161tva, rodbinskog dru\u017eenja i me\u0111ukom\u0161ijskog razumijevanja.\u00a0Tradicija obilje\u017eavanja Bajrama me\u0111u Bo\u0161njacima uvijek je \u010duvala islamski duh Bajrama i odbacivala poku\u0161aje profanizacije.<\/p>\n","protected":false},"excerpt":{"rendered":"<p>BiH, Sand\u017eak &#8211; Prema Takvimu Rijaseta Islamske zajednice u Bosni i Hercegovini prvi dan Kurban bajrama je u utorak, 15. oktobra 2013. godine. Centralna bajramska sve\u010danost na podru\u010dju Islamske zajednice u Bosni i Hercegovini odr\u017eat \u0107e se u Gazi Husrev-begovoj d\u017eamiji u Sarajevu. Bajram namaz \u0107e imamiti i bajramsku hutbu-poruku uputiti reisu-l-ulema Husein ef. Kavazovi\u0107. [&hellip;]<\/p>\n","protected":false},"author":83,"featured_media":90761,"comment_status":"open","ping_status":"open","sticky":false,"template":"","format":"standard","meta":{"footnotes":""},"categories":[72,398,2860,52,397,10174,327,392,396,393,395,802,394,399,10173,8957],"tags":[10285],"class_list":{"0":"post-90750","1":"post","2":"type-post","3":"status-publish","4":"format-standard","5":"has-post-thumbnail","7":"category-novi-pazar","8":"category-rozaje","9":"category-bosna-i-hercegovina-gradovi","10":"category-sjenica","11":"category-berane","12":"category-petnjica-vase-vijesti","13":"category-tutin","14":"category-prijepolje_","15":"category-bijelo_polje","16":"category-priboj","17":"category-pljevlja_","18":"category-islamska_zajednica","19":"category-nova-varos","20":"category-plav_","21":"category-gusinje-vase-vijesti","22":"category-vijesti-dana","23":"tag-bajram"},"yoast_head":"<!-- This site is optimized with the Yoast SEO Premium plugin v23.1 (Yoast SEO v24.9) - https:\/\/yoast.com\/wordpress\/plugins\/seo\/ -->\n<title>Prvi dan Kurban bajrama u utorak<\/title>\n<meta name=\"robots\" content=\"index, follow, max-snippet:-1, max-image-preview:large, max-video-preview:-1\" \/>\n<link rel=\"canonical\" href=\"https:\/\/sandzakpress.net\/arhiva\/prvi-dan-kurban-bajrama-u-utorak\/\" \/>\n<meta property=\"og:locale\" content=\"bs_BA\" \/>\n<meta property=\"og:type\" content=\"article\" \/>\n<meta property=\"og:title\" content=\"Prvi dan Kurban bajrama u utorak\" \/>\n<meta property=\"og:description\" content=\"BiH, Sand\u017eak &#8211; Prema Takvimu Rijaseta Islamske zajednice u Bosni i Hercegovini prvi dan Kurban bajrama je u utorak, 15. oktobra 2013. godine. Centralna bajramska sve\u010danost na podru\u010dju Islamske zajednice u Bosni i Hercegovini odr\u017eat \u0107e se u Gazi Husrev-begovoj d\u017eamiji u Sarajevu. Bajram namaz \u0107e imamiti i bajramsku hutbu-poruku uputiti reisu-l-ulema Husein ef. Kavazovi\u0107. [&hellip;]\" \/>\n<meta property=\"og:url\" content=\"https:\/\/sandzakpress.net\/arhiva\/prvi-dan-kurban-bajrama-u-utorak\/\" \/>\n<meta property=\"og:site_name\" content=\"Sand\u017eak PRESS\" \/>\n<meta property=\"article:published_time\" content=\"2013-10-10T14:10:25+00:00\" \/>\n<meta property=\"article:modified_time\" content=\"2013-10-11T11:53:56+00:00\" \/>\n<meta property=\"og:image\" content=\"https:\/\/sandzakpress.net\/arhiva\/wp-content\/uploads\/2013\/10\/bn-aa-dz-np-ram-2011-4.jpg\" \/>\n\t<meta property=\"og:image:width\" content=\"500\" \/>\n\t<meta property=\"og:image:height\" content=\"333\" \/>\n\t<meta property=\"og:image:type\" content=\"image\/jpeg\" \/>\n<meta name=\"author\" content=\"bosniak\" \/>\n<meta name=\"twitter:card\" content=\"summary_large_image\" \/>\n<meta name=\"twitter:label1\" content=\"Written by\" \/>\n\t<meta name=\"twitter:data1\" content=\"bosniak\" \/>\n\t<meta name=\"twitter:label2\" content=\"Est. reading time\" \/>\n\t<meta name=\"twitter:data2\" content=\"1 minuta\" \/>\n<script type=\"application\/ld+json\" class=\"yoast-schema-graph\">{\"@context\":\"https:\/\/schema.org\",\"@graph\":[{\"@type\":\"Article\",\"@id\":\"https:\/\/sandzakpress.net\/arhiva\/prvi-dan-kurban-bajrama-u-utorak\/#article\",\"isPartOf\":{\"@id\":\"https:\/\/sandzakpress.net\/arhiva\/prvi-dan-kurban-bajrama-u-utorak\/\"},\"author\":{\"name\":\"bosniak\",\"@id\":\"https:\/\/sandzakpress.net\/arhiva\/#\/schema\/person\/c8baee722073534b583ea7bdb2e36c02\"},\"headline\":\"Prvi dan Kurban bajrama u utorak\",\"datePublished\":\"2013-10-10T14:10:25+00:00\",\"dateModified\":\"2013-10-11T11:53:56+00:00\",\"mainEntityOfPage\":{\"@id\":\"https:\/\/sandzakpress.net\/arhiva\/prvi-dan-kurban-bajrama-u-utorak\/\"},\"wordCount\":123,\"commentCount\":1,\"publisher\":{\"@id\":\"https:\/\/sandzakpress.net\/arhiva\/#\/schema\/person\/6e72b67d6e51910a1117b3b483ba20bd\"},\"image\":{\"@id\":\"https:\/\/sandzakpress.net\/arhiva\/prvi-dan-kurban-bajrama-u-utorak\/#primaryimage\"},\"thumbnailUrl\":\"https:\/\/sandzakpress.net\/arhiva\/wp-content\/uploads\/2013\/10\/bn-aa-dz-np-ram-2011-4.jpg\",\"keywords\":[\"Bajram\"],\"articleSection\":[\"Novi Pazar\",\"Ro\u017eaje\",\"Bosna i Hercegovina\",\"Sjenica\",\"Berane\",\"Petnjica\",\"Tutin\",\"Prijepolje\",\"Bijelo Polje\",\"Priboj\",\"Pljevlja\",\"Islamska zajednica\",\"Nova Varo\u0161\",\"Plav\",\"Gusinje\",\"VIJESTI DANA\"],\"inLanguage\":\"bs-BA\",\"potentialAction\":[{\"@type\":\"CommentAction\",\"name\":\"Comment\",\"target\":[\"https:\/\/sandzakpress.net\/arhiva\/prvi-dan-kurban-bajrama-u-utorak\/#respond\"]}]},{\"@type\":\"WebPage\",\"@id\":\"https:\/\/sandzakpress.net\/arhiva\/prvi-dan-kurban-bajrama-u-utorak\/\",\"url\":\"https:\/\/sandzakpress.net\/arhiva\/prvi-dan-kurban-bajrama-u-utorak\/\",\"name\":\"Prvi dan Kurban bajrama u utorak\",\"isPartOf\":{\"@id\":\"https:\/\/sandzakpress.net\/arhiva\/#website\"},\"primaryImageOfPage\":{\"@id\":\"https:\/\/sandzakpress.net\/arhiva\/prvi-dan-kurban-bajrama-u-utorak\/#primaryimage\"},\"image\":{\"@id\":\"https:\/\/sandzakpress.net\/arhiva\/prvi-dan-kurban-bajrama-u-utorak\/#primaryimage\"},\"thumbnailUrl\":\"https:\/\/sandzakpress.net\/arhiva\/wp-content\/uploads\/2013\/10\/bn-aa-dz-np-ram-2011-4.jpg\",\"datePublished\":\"2013-10-10T14:10:25+00:00\",\"dateModified\":\"2013-10-11T11:53:56+00:00\",\"breadcrumb\":{\"@id\":\"https:\/\/sandzakpress.net\/arhiva\/prvi-dan-kurban-bajrama-u-utorak\/#breadcrumb\"},\"inLanguage\":\"bs-BA\",\"potentialAction\":[{\"@type\":\"ReadAction\",\"target\":[\"https:\/\/sandzakpress.net\/arhiva\/prvi-dan-kurban-bajrama-u-utorak\/\"]}]},{\"@type\":\"ImageObject\",\"inLanguage\":\"bs-BA\",\"@id\":\"https:\/\/sandzakpress.net\/arhiva\/prvi-dan-kurban-bajrama-u-utorak\/#primaryimage\",\"url\":\"https:\/\/sandzakpress.net\/arhiva\/wp-content\/uploads\/2013\/10\/bn-aa-dz-np-ram-2011-4.jpg\",\"contentUrl\":\"https:\/\/sandzakpress.net\/arhiva\/wp-content\/uploads\/2013\/10\/bn-aa-dz-np-ram-2011-4.jpg\",\"width\":500,\"height\":333},{\"@type\":\"BreadcrumbList\",\"@id\":\"https:\/\/sandzakpress.net\/arhiva\/prvi-dan-kurban-bajrama-u-utorak\/#breadcrumb\",\"itemListElement\":[{\"@type\":\"ListItem\",\"position\":1,\"name\":\"Home\",\"item\":\"https:\/\/sandzakpress.net\/arhiva\/\"},{\"@type\":\"ListItem\",\"position\":2,\"name\":\"Prvi dan Kurban bajrama u utorak\"}]},{\"@type\":\"WebSite\",\"@id\":\"https:\/\/sandzakpress.net\/arhiva\/#website\",\"url\":\"https:\/\/sandzakpress.net\/arhiva\/\",\"name\":\"Sand\u017eak PRESS\",\"description\":\"Prve elektronske novine u Sand\u017eaku\",\"publisher\":{\"@id\":\"https:\/\/sandzakpress.net\/arhiva\/#\/schema\/person\/6e72b67d6e51910a1117b3b483ba20bd\"},\"potentialAction\":[{\"@type\":\"SearchAction\",\"target\":{\"@type\":\"EntryPoint\",\"urlTemplate\":\"https:\/\/sandzakpress.net\/arhiva\/?s={search_term_string}\"},\"query-input\":{\"@type\":\"PropertyValueSpecification\",\"valueRequired\":true,\"valueName\":\"search_term_string\"}}],\"inLanguage\":\"bs-BA\"},{\"@type\":[\"Person\",\"Organization\"],\"@id\":\"https:\/\/sandzakpress.net\/arhiva\/#\/schema\/person\/6e72b67d6e51910a1117b3b483ba20bd\",\"name\":\"Kul\",\"image\":{\"@type\":\"ImageObject\",\"inLanguage\":\"bs-BA\",\"@id\":\"https:\/\/sandzakpress.net\/arhiva\/#\/schema\/person\/image\/\",\"url\":\"https:\/\/secure.gravatar.com\/avatar\/42263f39aa27ac04c43cab85c280eb2e?s=96&d=mm&r=pg\",\"contentUrl\":\"https:\/\/secure.gravatar.com\/avatar\/42263f39aa27ac04c43cab85c280eb2e?s=96&d=mm&r=pg\",\"caption\":\"Kul\"},\"logo\":{\"@id\":\"https:\/\/sandzakpress.net\/arhiva\/#\/schema\/person\/image\/\"}},{\"@type\":\"Person\",\"@id\":\"https:\/\/sandzakpress.net\/arhiva\/#\/schema\/person\/c8baee722073534b583ea7bdb2e36c02\",\"name\":\"bosniak\",\"image\":{\"@type\":\"ImageObject\",\"inLanguage\":\"bs-BA\",\"@id\":\"https:\/\/sandzakpress.net\/arhiva\/#\/schema\/person\/image\/\",\"url\":\"https:\/\/secure.gravatar.com\/avatar\/a04fd330bfe3a36a72a0ad4a6d89fca7?s=96&d=mm&r=pg\",\"contentUrl\":\"https:\/\/secure.gravatar.com\/avatar\/a04fd330bfe3a36a72a0ad4a6d89fca7?s=96&d=mm&r=pg\",\"caption\":\"bosniak\"},\"url\":\"https:\/\/sandzakpress.net\/arhiva\/author\/bosniak\/\"}]}<\/script>\n<!-- \/ Yoast SEO Premium plugin. -->","yoast_head_json":{"title":"Prvi dan Kurban bajrama u utorak","robots":{"index":"index","follow":"follow","max-snippet":"max-snippet:-1","max-image-preview":"max-image-preview:large","max-video-preview":"max-video-preview:-1"},"canonical":"https:\/\/sandzakpress.net\/arhiva\/prvi-dan-kurban-bajrama-u-utorak\/","og_locale":"bs_BA","og_type":"article","og_title":"Prvi dan Kurban bajrama u utorak","og_description":"BiH, Sand\u017eak &#8211; Prema Takvimu Rijaseta Islamske zajednice u Bosni i Hercegovini prvi dan Kurban bajrama je u utorak, 15. oktobra 2013. godine. Centralna bajramska sve\u010danost na podru\u010dju Islamske zajednice u Bosni i Hercegovini odr\u017eat \u0107e se u Gazi Husrev-begovoj d\u017eamiji u Sarajevu. Bajram namaz \u0107e imamiti i bajramsku hutbu-poruku uputiti reisu-l-ulema Husein ef. Kavazovi\u0107. [&hellip;]","og_url":"https:\/\/sandzakpress.net\/arhiva\/prvi-dan-kurban-bajrama-u-utorak\/","og_site_name":"Sand\u017eak PRESS","article_published_time":"2013-10-10T14:10:25+00:00","article_modified_time":"2013-10-11T11:53:56+00:00","og_image":[{"width":500,"height":333,"url":"https:\/\/sandzakpress.net\/arhiva\/wp-content\/uploads\/2013\/10\/bn-aa-dz-np-ram-2011-4.jpg","type":"image\/jpeg"}],"author":"bosniak","twitter_card":"summary_large_image","twitter_misc":{"Written by":"bosniak","Est. reading time":"1 minuta"},"schema":{"@context":"https:\/\/schema.org","@graph":[{"@type":"Article","@id":"https:\/\/sandzakpress.net\/arhiva\/prvi-dan-kurban-bajrama-u-utorak\/#article","isPartOf":{"@id":"https:\/\/sandzakpress.net\/arhiva\/prvi-dan-kurban-bajrama-u-utorak\/"},"author":{"name":"bosniak","@id":"https:\/\/sandzakpress.net\/arhiva\/#\/schema\/person\/c8baee722073534b583ea7bdb2e36c02"},"headline":"Prvi dan Kurban bajrama u utorak","datePublished":"2013-10-10T14:10:25+00:00","dateModified":"2013-10-11T11:53:56+00:00","mainEntityOfPage":{"@id":"https:\/\/sandzakpress.net\/arhiva\/prvi-dan-kurban-bajrama-u-utorak\/"},"wordCount":123,"commentCount":1,"publisher":{"@id":"https:\/\/sandzakpress.net\/arhiva\/#\/schema\/person\/6e72b67d6e51910a1117b3b483ba20bd"},"image":{"@id":"https:\/\/sandzakpress.net\/arhiva\/prvi-dan-kurban-bajrama-u-utorak\/#primaryimage"},"thumbnailUrl":"https:\/\/sandzakpress.net\/arhiva\/wp-content\/uploads\/2013\/10\/bn-aa-dz-np-ram-2011-4.jpg","keywords":["Bajram"],"articleSection":["Novi Pazar","Ro\u017eaje","Bosna i Hercegovina","Sjenica","Berane","Petnjica","Tutin","Prijepolje","Bijelo Polje","Priboj","Pljevlja","Islamska zajednica","Nova Varo\u0161","Plav","Gusinje","VIJESTI DANA"],"inLanguage":"bs-BA","potentialAction":[{"@type":"CommentAction","name":"Comment","target":["https:\/\/sandzakpress.net\/arhiva\/prvi-dan-kurban-bajrama-u-utorak\/#respond"]}]},{"@type":"WebPage","@id":"https:\/\/sandzakpress.net\/arhiva\/prvi-dan-kurban-bajrama-u-utorak\/","url":"https:\/\/sandzakpress.net\/arhiva\/prvi-dan-kurban-bajrama-u-utorak\/","name":"Prvi dan Kurban bajrama u utorak","isPartOf":{"@id":"https:\/\/sandzakpress.net\/arhiva\/#website"},"primaryImageOfPage":{"@id":"https:\/\/sandzakpress.net\/arhiva\/prvi-dan-kurban-bajrama-u-utorak\/#primaryimage"},"image":{"@id":"https:\/\/sandzakpress.net\/arhiva\/prvi-dan-kurban-bajrama-u-utorak\/#primaryimage"},"thumbnailUrl":"https:\/\/sandzakpress.net\/arhiva\/wp-content\/uploads\/2013\/10\/bn-aa-dz-np-ram-2011-4.jpg","datePublished":"2013-10-10T14:10:25+00:00","dateModified":"2013-10-11T11:53:56+00:00","breadcrumb":{"@id":"https:\/\/sandzakpress.net\/arhiva\/prvi-dan-kurban-bajrama-u-utorak\/#breadcrumb"},"inLanguage":"bs-BA","potentialAction":[{"@type":"ReadAction","target":["https:\/\/sandzakpress.net\/arhiva\/prvi-dan-kurban-bajrama-u-utorak\/"]}]},{"@type":"ImageObject","inLanguage":"bs-BA","@id":"https:\/\/sandzakpress.net\/arhiva\/prvi-dan-kurban-bajrama-u-utorak\/#primaryimage","url":"https:\/\/sandzakpress.net\/arhiva\/wp-content\/uploads\/2013\/10\/bn-aa-dz-np-ram-2011-4.jpg","contentUrl":"https:\/\/sandzakpress.net\/arhiva\/wp-content\/uploads\/2013\/10\/bn-aa-dz-np-ram-2011-4.jpg","width":500,"height":333},{"@type":"BreadcrumbList","@id":"https:\/\/sandzakpress.net\/arhiva\/prvi-dan-kurban-bajrama-u-utorak\/#breadcrumb","itemListElement":[{"@type":"ListItem","position":1,"name":"Home","item":"https:\/\/sandzakpress.net\/arhiva\/"},{"@type":"ListItem","position":2,"name":"Prvi dan Kurban bajrama u utorak"}]},{"@type":"WebSite","@id":"https:\/\/sandzakpress.net\/arhiva\/#website","url":"https:\/\/sandzakpress.net\/arhiva\/","name":"Sand\u017eak PRESS","description":"Prve elektronske novine u Sand\u017eaku","publisher":{"@id":"https:\/\/sandzakpress.net\/arhiva\/#\/schema\/person\/6e72b67d6e51910a1117b3b483ba20bd"},"potentialAction":[{"@type":"SearchAction","target":{"@type":"EntryPoint","urlTemplate":"https:\/\/sandzakpress.net\/arhiva\/?s={search_term_string}"},"query-input":{"@type":"PropertyValueSpecification","valueRequired":true,"valueName":"search_term_string"}}],"inLanguage":"bs-BA"},{"@type":["Person","Organization"],"@id":"https:\/\/sandzakpress.net\/arhiva\/#\/schema\/person\/6e72b67d6e51910a1117b3b483ba20bd","name":"Kul","image":{"@type":"ImageObject","inLanguage":"bs-BA","@id":"https:\/\/sandzakpress.net\/arhiva\/#\/schema\/person\/image\/","url":"https:\/\/secure.gravatar.com\/avatar\/42263f39aa27ac04c43cab85c280eb2e?s=96&d=mm&r=pg","contentUrl":"https:\/\/secure.gravatar.com\/avatar\/42263f39aa27ac04c43cab85c280eb2e?s=96&d=mm&r=pg","caption":"Kul"},"logo":{"@id":"https:\/\/sandzakpress.net\/arhiva\/#\/schema\/person\/image\/"}},{"@type":"Person","@id":"https:\/\/sandzakpress.net\/arhiva\/#\/schema\/person\/c8baee722073534b583ea7bdb2e36c02","name":"bosniak","image":{"@type":"ImageObject","inLanguage":"bs-BA","@id":"https:\/\/sandzakpress.net\/arhiva\/#\/schema\/person\/image\/","url":"https:\/\/secure.gravatar.com\/avatar\/a04fd330bfe3a36a72a0ad4a6d89fca7?s=96&d=mm&r=pg","contentUrl":"https:\/\/secure.gravatar.com\/avatar\/a04fd330bfe3a36a72a0ad4a6d89fca7?s=96&d=mm&r=pg","caption":"bosniak"},"url":"https:\/\/sandzakpress.net\/arhiva\/author\/bosniak\/"}]}},"_links":{"self":[{"href":"https:\/\/sandzakpress.net\/arhiva\/wp-json\/wp\/v2\/posts\/90750"}],"collection":[{"href":"https:\/\/sandzakpress.net\/arhiva\/wp-json\/wp\/v2\/posts"}],"about":[{"href":"https:\/\/sandzakpress.net\/arhiva\/wp-json\/wp\/v2\/types\/post"}],"author":[{"embeddable":true,"href":"https:\/\/sandzakpress.net\/arhiva\/wp-json\/wp\/v2\/users\/83"}],"replies":[{"embeddable":true,"href":"https:\/\/sandzakpress.net\/arhiva\/wp-json\/wp\/v2\/comments?post=90750"}],"version-history":[{"count":0,"href":"https:\/\/sandzakpress.net\/arhiva\/wp-json\/wp\/v2\/posts\/90750\/revisions"}],"wp:featuredmedia":[{"embeddable":true,"href":"https:\/\/sandzakpress.net\/arhiva\/wp-json\/wp\/v2\/media\/90761"}],"wp:attachment":[{"href":"https:\/\/sandzakpress.net\/arhiva\/wp-json\/wp\/v2\/media?parent=90750"}],"wp:term":[{"taxonomy":"category","embeddable":true,"href":"https:\/\/sandzakpress.net\/arhiva\/wp-json\/wp\/v2\/categories?post=90750"},{"taxonomy":"post_tag","embeddable":true,"href":"https:\/\/sandzakpress.net\/arhiva\/wp-json\/wp\/v2\/tags?post=90750"}],"curies":[{"name":"wp","href":"https:\/\/api.w.org\/{rel}","templated":true}]}}