{"id":90648,"date":"2013-10-10T12:15:44","date_gmt":"2013-10-10T10:15:44","guid":{"rendered":"https:\/\/sandzakpress.net\/arhiva\/?p=90648"},"modified":"2013-10-10T12:15:44","modified_gmt":"2013-10-10T10:15:44","slug":"dinkic-saslusan-u-policiji","status":"publish","type":"post","link":"https:\/\/sandzakpress.net\/arhiva\/dinkic-saslusan-u-policiji\/","title":{"rendered":"Dinki\u0107 saslu\u0161an u policiji"},"content":{"rendered":"<p><strong><a href=\"https:\/\/sandzakpress.net\/arhiva\/wp-content\/uploads\/2013\/10\/index9.jpg\"><img loading=\"lazy\" decoding=\"async\" class=\"alignleft size-full wp-image-90649\" alt=\"index\" src=\"https:\/\/sandzakpress.net\/arhiva\/wp-content\/uploads\/2013\/10\/index9.jpg\" width=\"291\" height=\"173\" \/><\/a>Srbija &#8211; Biv\u0161i ministar finansija i privrjede Mla\u0111an Dinki\u0107 saslu\u0161an u okviru istrage navodnih zloupotreba u Nacionalnoj \u0161tedionici. Dinki\u0107 pozvan na saslu\u0161anje u svojstvu gra\u0111anina. Slu\u010daj Nacionalne \u0161tedionice na listi 24 sporne privatizacije koju je EU dostavila Vladi Srbije 2011. godine.<\/strong><\/p>\n<p>Policija je saslu\u0161ala\u00a0biv\u0161eg ministra finansija i privrede Mla\u0111ana Dinki\u0107a radi istrage navodnih zloupotreba u Nacionalnoj \u0161tedionici.<\/p>\n<div>\n<div>Vu\u010di\u0107 o saslu\u0161anju Dinki\u0107a<\/div>\n<div>\n<p>Prvi potpredsjednik Vlade Srbije i predsjednik Srpske napredne stranke Aleksandar Vu\u010di\u0107 izjavio je, povodom saslu\u0161anja lidera URS-a Mla\u0111ana Dinki\u0107a u vezi sa Nacionalnom \u0161tedionicom, da dr\u017eavni organi rade svoj posao i da je to samo jedan od 24 sporna predmeta.<\/p>\n<p>&#8220;Do kraja godine, do 31. decembra, na red \u0107e do\u0107i sva 24 sporna predmeta&#8221;, rekao je Vu\u010di\u0107 novinarima u Ravnom Selu.<\/p>\n<p>Dinki\u0107 je novinarima rekao da je \u010detiri sata u policiji davao iskaz u svojstvu gra\u0111anina i svedoka, jer je u vrijeme reforme bankarskog sistema bio guverner Narodne banke Srbije.<\/p>\n<p>Prema njegovim rije\u010dima, policija je s njim obavila razgovor u okviru ispitivanja 24 sumnjive privatizacije, me\u0111u kojima se nalazi i \u0160tedionica.<\/p>\n<p>Dinki\u0107 je rekao da je jo\u0161 prije rekonstrukcije Vlade od Aleksandra Vu\u010di\u0107a i Ivice Da\u010di\u0107a tra\u017eio da se slu\u010daj \u0160tedionice potpuno rasvjetli u roku od godinu dana, ali da se sad nada da \u0107e to ipak biti ubrzo ura\u0111eno.<\/p>\n<p>&#8220;Siguran sam da \u0107e ovaj slu\u010daj za mene biti rije\u0161en pozitivno. Imam potpuno \u010distu savjest&#8221;, rekao je Dinki\u0107 i dodao da mu je drago da je razgovor obavljen sada kad nije u vlasti, kao i da je\u00a0zadovoljan \u0161to je dobio priliku da razjasni neke nedoumice u vezi sa Nacionalnom \u0161tedionicom.<\/p>\n<p>Dinki\u0107 je istakao da je pozvan da razjasni taj slu\u010daj i da je vi\u0161e od \u010detiri sata, na njegovo insistiranje, obja\u0161njavao za\u0161to je formirana Nacionalna \u0161tedionica.<\/p>\n<p>Po izlasku iz policije, rekao je da je mnogo toga uspje\u0161no ura\u0111eno formiranjem \u0160tedionice, izme\u0111u ostalog da je u vrlo kratkom roku uspjela da pripremi ispatu 2,5 miliona \u0161tednih uloga gra\u0111anima i to stare devizne \u0161tednje, da je obnovljeno povjerenje gra\u0111ana u banke i \u0161tednju i da je platni promet efikasno prenet iz biv\u0161eg SDK u banke.<\/p>\n<div>\n<div><img loading=\"lazy\" decoding=\"async\" title=\"Mladjan-Dinkic.jpg\" alt=\"Mladjan-Dinkic.jpg\" src=\"http:\/\/www.rts.rs\/upload\/storyBoxImageData\/2013\/10\/09\/14282290\/Mladjan-Dinkic.jpg\" width=\"527\" height=\"395\" border=\"0\" \/><\/div>\n<\/div>\n<p>&#8220;Dr\u017eava je u Nacionalnu \u0161tedionicu ulo\u017eila samo milion evra u novcu i 3,9 miliona evra u imovini, a prodala je za 35 miliona evra&#8221;, rekao je Dinki\u0107 navode\u0107i da je dobijeno jo\u0161 tri miliona evra donacija.<\/p>\n<p>Zbog svega toga smatra da je neopravdano stavljen na stub srama i zadovoljan je \u0161to je do\u0161lo &#8220;njegovih pet minuta da mo\u017ee ljudima koji se bave ovim slu\u010dajem da ka\u017ee \u0161ta je istina i tako razbije mnoge zablude o tom slu\u010daju&#8221;.<\/p>\n<p>O\u010dekuje se da, pored Dinki\u0107a, izjavu o tom slu\u010daju daju i Vladimir Ili\u0107, \u010dlan URS-a i biv\u0161i direktor Poreske uprave, i Vesna Arsi\u0107, biv\u0161a viceguvernerka NBS-a i nekada\u0161nja najbli\u017ea Dinki\u0107eva saradnica u Ministarstvu finansija.<\/p>\n<p>Ili\u0107 je u Azerbejd\u017eanu gdje, sa jo\u0161 nekoliko poslanika republi\u010dkog parlamenta, prati odr\u017eavanje predsjedni\u010dkih izbora u toj zemlji i izjavu policiji da\u0107e u petak.<\/p>\n<p>O zloupotrebama u vezi sa Nacionalnom \u0161tedionicom, koja je osnovana 2002. godine, mediji su pisali ve\u0107 godinu dana kasnije, a u izve\u0161taju Savjeta za borbu protiv korupcije iz 2004. godine analizirana je struktura njenog vlasni\u0161tva.<\/p>\n<p>Tom prilikom Savjet je naveo koje korake Vlada Srbije treba da preduzme kako bi se utvrdilo da li je prilikom privatizacije \u0160tedionice prekr\u0161en zakon i da li je bilo korupcije me\u0111u visokim dr\u017eavnim funkcionerima.<\/p>\n<p><strong>Nacionalna \u0161tedionica na listi spornih privatizacija<\/strong><\/p>\n<p>Specijalno tu\u017eila\u0161tvo, prema navodima medija iz tog perioda, pokrenulo je 2005. godine istragu o privatizaciji Nacionalne \u0161tedionice, koja se potom na\u0161la na listi 24 sporne privatizacije, koju je EU dostavila Vladi Srbije 2011. godine. Sporne privatizacije od pro\u0161le godine ispituje Radna grupa Uprave kriminalisti\u010dke policije.<\/p>\n<p>Prema izve\u0161taju Savjeta, dr\u017eava je na po\u010detku bila ve\u0107inski vlasnik \u0160tedionice sa vi\u0161e od 60 odsto akcija, ali je na kraju procesa njen udeo pao na 37 odsto, jer su privatni vlasnici u me\u0111uvremenu izvr\u0161ili nekoliko dokapitalizacija \u010dime je dr\u017eavni udeo umanjen.<\/p>\n<p>Ve\u0107inski vlasnik Nacionalne \u0161tedionice 2005. godine sa 62,3 odsto akcija postala je EFG Eurobank grupa, kojoj su privatni vlasnici prodali svoje akcije.<\/p>\n<p>Dr\u017eava je tada, prema izve\u0161taju, odbila da proda svoje akcije iako je ponu\u0111ena cijena ve\u0107a od knjigovodstvene vrijednosti, a 2006. godine predstavnici Vlade Srbije i Eurobanke EFG potpisali su ugovor o kupoprodaji preostalih 37,7 odsto dr\u017eavnog paketa akcija u Nacionalnoj \u0161tedionici.<\/p>\n<p>O privatizaciji Nacionalne \u0161tedionice u junu ove godine polemisali su URS i DS, nakon \u0161to je Dinki\u0107, koji je tada bio ministar finansija i privrjede, rekao da ne snosi odgovornost za prodaju \u0160tedionice, jer je za to bio nadle\u017ean raniji ministar finansija Bo\u017eidar \u0110eli\u0107.<\/p>\n<p>(rts.rs)<\/p>\n<\/div>\n<\/div>\n","protected":false},"excerpt":{"rendered":"<p>Srbija &#8211; Biv\u0161i ministar finansija i privrjede Mla\u0111an Dinki\u0107 saslu\u0161an u okviru istrage navodnih zloupotreba u Nacionalnoj \u0161tedionici. Dinki\u0107 pozvan na saslu\u0161anje u svojstvu gra\u0111anina. Slu\u010daj Nacionalne \u0161tedionice na listi 24 sporne privatizacije koju je EU dostavila Vladi Srbije 2011. godine. Policija je saslu\u0161ala\u00a0biv\u0161eg ministra finansija i privrede Mla\u0111ana Dinki\u0107a radi istrage navodnih zloupotreba u [&hellip;]<\/p>\n","protected":false},"author":83,"featured_media":90649,"comment_status":"open","ping_status":"open","sticky":false,"template":"","format":"standard","meta":{"footnotes":""},"categories":[10307],"tags":[],"class_list":{"0":"post-90648","1":"post","2":"type-post","3":"status-publish","4":"format-standard","5":"has-post-thumbnail","7":"category-srbija"},"yoast_head":"<!-- This site is optimized with the Yoast SEO Premium plugin v23.1 (Yoast SEO v24.9) - https:\/\/yoast.com\/wordpress\/plugins\/seo\/ -->\n<title>Dinki\u0107 saslu\u0161an u policiji<\/title>\n<meta name=\"robots\" content=\"index, follow, max-snippet:-1, max-image-preview:large, max-video-preview:-1\" \/>\n<link rel=\"canonical\" href=\"https:\/\/sandzakpress.net\/arhiva\/dinkic-saslusan-u-policiji\/\" \/>\n<meta property=\"og:locale\" content=\"bs_BA\" \/>\n<meta property=\"og:type\" content=\"article\" \/>\n<meta property=\"og:title\" content=\"Dinki\u0107 saslu\u0161an u policiji\" \/>\n<meta property=\"og:description\" content=\"Srbija &#8211; Biv\u0161i ministar finansija i privrjede Mla\u0111an Dinki\u0107 saslu\u0161an u okviru istrage navodnih zloupotreba u Nacionalnoj \u0161tedionici. Dinki\u0107 pozvan na saslu\u0161anje u svojstvu gra\u0111anina. Slu\u010daj Nacionalne \u0161tedionice na listi 24 sporne privatizacije koju je EU dostavila Vladi Srbije 2011. godine. Policija je saslu\u0161ala\u00a0biv\u0161eg ministra finansija i privrede Mla\u0111ana Dinki\u0107a radi istrage navodnih zloupotreba u [&hellip;]\" \/>\n<meta property=\"og:url\" content=\"https:\/\/sandzakpress.net\/arhiva\/dinkic-saslusan-u-policiji\/\" \/>\n<meta property=\"og:site_name\" content=\"Sand\u017eak PRESS\" \/>\n<meta property=\"article:published_time\" content=\"2013-10-10T10:15:44+00:00\" \/>\n<meta property=\"og:image\" content=\"https:\/\/sandzakpress.net\/arhiva\/wp-content\/uploads\/2013\/10\/index9.jpg\" \/>\n\t<meta property=\"og:image:width\" content=\"291\" \/>\n\t<meta property=\"og:image:height\" content=\"173\" \/>\n\t<meta property=\"og:image:type\" content=\"image\/jpeg\" \/>\n<meta name=\"author\" content=\"bosniak\" \/>\n<meta name=\"twitter:card\" content=\"summary_large_image\" \/>\n<meta name=\"twitter:label1\" content=\"Written by\" \/>\n\t<meta name=\"twitter:data1\" content=\"bosniak\" \/>\n\t<meta name=\"twitter:label2\" content=\"Est. reading time\" \/>\n\t<meta name=\"twitter:data2\" content=\"4 minute\" \/>\n<script type=\"application\/ld+json\" class=\"yoast-schema-graph\">{\"@context\":\"https:\/\/schema.org\",\"@graph\":[{\"@type\":\"Article\",\"@id\":\"https:\/\/sandzakpress.net\/arhiva\/dinkic-saslusan-u-policiji\/#article\",\"isPartOf\":{\"@id\":\"https:\/\/sandzakpress.net\/arhiva\/dinkic-saslusan-u-policiji\/\"},\"author\":{\"name\":\"bosniak\",\"@id\":\"https:\/\/sandzakpress.net\/arhiva\/#\/schema\/person\/c8baee722073534b583ea7bdb2e36c02\"},\"headline\":\"Dinki\u0107 saslu\u0161an u policiji\",\"datePublished\":\"2013-10-10T10:15:44+00:00\",\"mainEntityOfPage\":{\"@id\":\"https:\/\/sandzakpress.net\/arhiva\/dinkic-saslusan-u-policiji\/\"},\"wordCount\":826,\"commentCount\":0,\"publisher\":{\"@id\":\"https:\/\/sandzakpress.net\/arhiva\/#\/schema\/person\/6e72b67d6e51910a1117b3b483ba20bd\"},\"image\":{\"@id\":\"https:\/\/sandzakpress.net\/arhiva\/dinkic-saslusan-u-policiji\/#primaryimage\"},\"thumbnailUrl\":\"https:\/\/sandzakpress.net\/arhiva\/wp-content\/uploads\/2013\/10\/index9.jpg\",\"articleSection\":[\"Srbija\"],\"inLanguage\":\"bs-BA\",\"potentialAction\":[{\"@type\":\"CommentAction\",\"name\":\"Comment\",\"target\":[\"https:\/\/sandzakpress.net\/arhiva\/dinkic-saslusan-u-policiji\/#respond\"]}]},{\"@type\":\"WebPage\",\"@id\":\"https:\/\/sandzakpress.net\/arhiva\/dinkic-saslusan-u-policiji\/\",\"url\":\"https:\/\/sandzakpress.net\/arhiva\/dinkic-saslusan-u-policiji\/\",\"name\":\"Dinki\u0107 saslu\u0161an u policiji\",\"isPartOf\":{\"@id\":\"https:\/\/sandzakpress.net\/arhiva\/#website\"},\"primaryImageOfPage\":{\"@id\":\"https:\/\/sandzakpress.net\/arhiva\/dinkic-saslusan-u-policiji\/#primaryimage\"},\"image\":{\"@id\":\"https:\/\/sandzakpress.net\/arhiva\/dinkic-saslusan-u-policiji\/#primaryimage\"},\"thumbnailUrl\":\"https:\/\/sandzakpress.net\/arhiva\/wp-content\/uploads\/2013\/10\/index9.jpg\",\"datePublished\":\"2013-10-10T10:15:44+00:00\",\"breadcrumb\":{\"@id\":\"https:\/\/sandzakpress.net\/arhiva\/dinkic-saslusan-u-policiji\/#breadcrumb\"},\"inLanguage\":\"bs-BA\",\"potentialAction\":[{\"@type\":\"ReadAction\",\"target\":[\"https:\/\/sandzakpress.net\/arhiva\/dinkic-saslusan-u-policiji\/\"]}]},{\"@type\":\"ImageObject\",\"inLanguage\":\"bs-BA\",\"@id\":\"https:\/\/sandzakpress.net\/arhiva\/dinkic-saslusan-u-policiji\/#primaryimage\",\"url\":\"https:\/\/sandzakpress.net\/arhiva\/wp-content\/uploads\/2013\/10\/index9.jpg\",\"contentUrl\":\"https:\/\/sandzakpress.net\/arhiva\/wp-content\/uploads\/2013\/10\/index9.jpg\",\"width\":291,\"height\":173},{\"@type\":\"BreadcrumbList\",\"@id\":\"https:\/\/sandzakpress.net\/arhiva\/dinkic-saslusan-u-policiji\/#breadcrumb\",\"itemListElement\":[{\"@type\":\"ListItem\",\"position\":1,\"name\":\"Home\",\"item\":\"https:\/\/sandzakpress.net\/arhiva\/\"},{\"@type\":\"ListItem\",\"position\":2,\"name\":\"Dinki\u0107 saslu\u0161an u policiji\"}]},{\"@type\":\"WebSite\",\"@id\":\"https:\/\/sandzakpress.net\/arhiva\/#website\",\"url\":\"https:\/\/sandzakpress.net\/arhiva\/\",\"name\":\"Sand\u017eak PRESS\",\"description\":\"Prve elektronske novine u Sand\u017eaku\",\"publisher\":{\"@id\":\"https:\/\/sandzakpress.net\/arhiva\/#\/schema\/person\/6e72b67d6e51910a1117b3b483ba20bd\"},\"potentialAction\":[{\"@type\":\"SearchAction\",\"target\":{\"@type\":\"EntryPoint\",\"urlTemplate\":\"https:\/\/sandzakpress.net\/arhiva\/?s={search_term_string}\"},\"query-input\":{\"@type\":\"PropertyValueSpecification\",\"valueRequired\":true,\"valueName\":\"search_term_string\"}}],\"inLanguage\":\"bs-BA\"},{\"@type\":[\"Person\",\"Organization\"],\"@id\":\"https:\/\/sandzakpress.net\/arhiva\/#\/schema\/person\/6e72b67d6e51910a1117b3b483ba20bd\",\"name\":\"Kul\",\"image\":{\"@type\":\"ImageObject\",\"inLanguage\":\"bs-BA\",\"@id\":\"https:\/\/sandzakpress.net\/arhiva\/#\/schema\/person\/image\/\",\"url\":\"https:\/\/secure.gravatar.com\/avatar\/42263f39aa27ac04c43cab85c280eb2e?s=96&d=mm&r=pg\",\"contentUrl\":\"https:\/\/secure.gravatar.com\/avatar\/42263f39aa27ac04c43cab85c280eb2e?s=96&d=mm&r=pg\",\"caption\":\"Kul\"},\"logo\":{\"@id\":\"https:\/\/sandzakpress.net\/arhiva\/#\/schema\/person\/image\/\"}},{\"@type\":\"Person\",\"@id\":\"https:\/\/sandzakpress.net\/arhiva\/#\/schema\/person\/c8baee722073534b583ea7bdb2e36c02\",\"name\":\"bosniak\",\"image\":{\"@type\":\"ImageObject\",\"inLanguage\":\"bs-BA\",\"@id\":\"https:\/\/sandzakpress.net\/arhiva\/#\/schema\/person\/image\/\",\"url\":\"https:\/\/secure.gravatar.com\/avatar\/a04fd330bfe3a36a72a0ad4a6d89fca7?s=96&d=mm&r=pg\",\"contentUrl\":\"https:\/\/secure.gravatar.com\/avatar\/a04fd330bfe3a36a72a0ad4a6d89fca7?s=96&d=mm&r=pg\",\"caption\":\"bosniak\"},\"url\":\"https:\/\/sandzakpress.net\/arhiva\/author\/bosniak\/\"}]}<\/script>\n<!-- \/ Yoast SEO Premium plugin. -->","yoast_head_json":{"title":"Dinki\u0107 saslu\u0161an u policiji","robots":{"index":"index","follow":"follow","max-snippet":"max-snippet:-1","max-image-preview":"max-image-preview:large","max-video-preview":"max-video-preview:-1"},"canonical":"https:\/\/sandzakpress.net\/arhiva\/dinkic-saslusan-u-policiji\/","og_locale":"bs_BA","og_type":"article","og_title":"Dinki\u0107 saslu\u0161an u policiji","og_description":"Srbija &#8211; Biv\u0161i ministar finansija i privrjede Mla\u0111an Dinki\u0107 saslu\u0161an u okviru istrage navodnih zloupotreba u Nacionalnoj \u0161tedionici. Dinki\u0107 pozvan na saslu\u0161anje u svojstvu gra\u0111anina. Slu\u010daj Nacionalne \u0161tedionice na listi 24 sporne privatizacije koju je EU dostavila Vladi Srbije 2011. godine. Policija je saslu\u0161ala\u00a0biv\u0161eg ministra finansija i privrede Mla\u0111ana Dinki\u0107a radi istrage navodnih zloupotreba u [&hellip;]","og_url":"https:\/\/sandzakpress.net\/arhiva\/dinkic-saslusan-u-policiji\/","og_site_name":"Sand\u017eak PRESS","article_published_time":"2013-10-10T10:15:44+00:00","og_image":[{"width":291,"height":173,"url":"https:\/\/sandzakpress.net\/arhiva\/wp-content\/uploads\/2013\/10\/index9.jpg","type":"image\/jpeg"}],"author":"bosniak","twitter_card":"summary_large_image","twitter_misc":{"Written by":"bosniak","Est. reading time":"4 minute"},"schema":{"@context":"https:\/\/schema.org","@graph":[{"@type":"Article","@id":"https:\/\/sandzakpress.net\/arhiva\/dinkic-saslusan-u-policiji\/#article","isPartOf":{"@id":"https:\/\/sandzakpress.net\/arhiva\/dinkic-saslusan-u-policiji\/"},"author":{"name":"bosniak","@id":"https:\/\/sandzakpress.net\/arhiva\/#\/schema\/person\/c8baee722073534b583ea7bdb2e36c02"},"headline":"Dinki\u0107 saslu\u0161an u policiji","datePublished":"2013-10-10T10:15:44+00:00","mainEntityOfPage":{"@id":"https:\/\/sandzakpress.net\/arhiva\/dinkic-saslusan-u-policiji\/"},"wordCount":826,"commentCount":0,"publisher":{"@id":"https:\/\/sandzakpress.net\/arhiva\/#\/schema\/person\/6e72b67d6e51910a1117b3b483ba20bd"},"image":{"@id":"https:\/\/sandzakpress.net\/arhiva\/dinkic-saslusan-u-policiji\/#primaryimage"},"thumbnailUrl":"https:\/\/sandzakpress.net\/arhiva\/wp-content\/uploads\/2013\/10\/index9.jpg","articleSection":["Srbija"],"inLanguage":"bs-BA","potentialAction":[{"@type":"CommentAction","name":"Comment","target":["https:\/\/sandzakpress.net\/arhiva\/dinkic-saslusan-u-policiji\/#respond"]}]},{"@type":"WebPage","@id":"https:\/\/sandzakpress.net\/arhiva\/dinkic-saslusan-u-policiji\/","url":"https:\/\/sandzakpress.net\/arhiva\/dinkic-saslusan-u-policiji\/","name":"Dinki\u0107 saslu\u0161an u policiji","isPartOf":{"@id":"https:\/\/sandzakpress.net\/arhiva\/#website"},"primaryImageOfPage":{"@id":"https:\/\/sandzakpress.net\/arhiva\/dinkic-saslusan-u-policiji\/#primaryimage"},"image":{"@id":"https:\/\/sandzakpress.net\/arhiva\/dinkic-saslusan-u-policiji\/#primaryimage"},"thumbnailUrl":"https:\/\/sandzakpress.net\/arhiva\/wp-content\/uploads\/2013\/10\/index9.jpg","datePublished":"2013-10-10T10:15:44+00:00","breadcrumb":{"@id":"https:\/\/sandzakpress.net\/arhiva\/dinkic-saslusan-u-policiji\/#breadcrumb"},"inLanguage":"bs-BA","potentialAction":[{"@type":"ReadAction","target":["https:\/\/sandzakpress.net\/arhiva\/dinkic-saslusan-u-policiji\/"]}]},{"@type":"ImageObject","inLanguage":"bs-BA","@id":"https:\/\/sandzakpress.net\/arhiva\/dinkic-saslusan-u-policiji\/#primaryimage","url":"https:\/\/sandzakpress.net\/arhiva\/wp-content\/uploads\/2013\/10\/index9.jpg","contentUrl":"https:\/\/sandzakpress.net\/arhiva\/wp-content\/uploads\/2013\/10\/index9.jpg","width":291,"height":173},{"@type":"BreadcrumbList","@id":"https:\/\/sandzakpress.net\/arhiva\/dinkic-saslusan-u-policiji\/#breadcrumb","itemListElement":[{"@type":"ListItem","position":1,"name":"Home","item":"https:\/\/sandzakpress.net\/arhiva\/"},{"@type":"ListItem","position":2,"name":"Dinki\u0107 saslu\u0161an u policiji"}]},{"@type":"WebSite","@id":"https:\/\/sandzakpress.net\/arhiva\/#website","url":"https:\/\/sandzakpress.net\/arhiva\/","name":"Sand\u017eak PRESS","description":"Prve elektronske novine u Sand\u017eaku","publisher":{"@id":"https:\/\/sandzakpress.net\/arhiva\/#\/schema\/person\/6e72b67d6e51910a1117b3b483ba20bd"},"potentialAction":[{"@type":"SearchAction","target":{"@type":"EntryPoint","urlTemplate":"https:\/\/sandzakpress.net\/arhiva\/?s={search_term_string}"},"query-input":{"@type":"PropertyValueSpecification","valueRequired":true,"valueName":"search_term_string"}}],"inLanguage":"bs-BA"},{"@type":["Person","Organization"],"@id":"https:\/\/sandzakpress.net\/arhiva\/#\/schema\/person\/6e72b67d6e51910a1117b3b483ba20bd","name":"Kul","image":{"@type":"ImageObject","inLanguage":"bs-BA","@id":"https:\/\/sandzakpress.net\/arhiva\/#\/schema\/person\/image\/","url":"https:\/\/secure.gravatar.com\/avatar\/42263f39aa27ac04c43cab85c280eb2e?s=96&d=mm&r=pg","contentUrl":"https:\/\/secure.gravatar.com\/avatar\/42263f39aa27ac04c43cab85c280eb2e?s=96&d=mm&r=pg","caption":"Kul"},"logo":{"@id":"https:\/\/sandzakpress.net\/arhiva\/#\/schema\/person\/image\/"}},{"@type":"Person","@id":"https:\/\/sandzakpress.net\/arhiva\/#\/schema\/person\/c8baee722073534b583ea7bdb2e36c02","name":"bosniak","image":{"@type":"ImageObject","inLanguage":"bs-BA","@id":"https:\/\/sandzakpress.net\/arhiva\/#\/schema\/person\/image\/","url":"https:\/\/secure.gravatar.com\/avatar\/a04fd330bfe3a36a72a0ad4a6d89fca7?s=96&d=mm&r=pg","contentUrl":"https:\/\/secure.gravatar.com\/avatar\/a04fd330bfe3a36a72a0ad4a6d89fca7?s=96&d=mm&r=pg","caption":"bosniak"},"url":"https:\/\/sandzakpress.net\/arhiva\/author\/bosniak\/"}]}},"_links":{"self":[{"href":"https:\/\/sandzakpress.net\/arhiva\/wp-json\/wp\/v2\/posts\/90648"}],"collection":[{"href":"https:\/\/sandzakpress.net\/arhiva\/wp-json\/wp\/v2\/posts"}],"about":[{"href":"https:\/\/sandzakpress.net\/arhiva\/wp-json\/wp\/v2\/types\/post"}],"author":[{"embeddable":true,"href":"https:\/\/sandzakpress.net\/arhiva\/wp-json\/wp\/v2\/users\/83"}],"replies":[{"embeddable":true,"href":"https:\/\/sandzakpress.net\/arhiva\/wp-json\/wp\/v2\/comments?post=90648"}],"version-history":[{"count":0,"href":"https:\/\/sandzakpress.net\/arhiva\/wp-json\/wp\/v2\/posts\/90648\/revisions"}],"wp:featuredmedia":[{"embeddable":true,"href":"https:\/\/sandzakpress.net\/arhiva\/wp-json\/wp\/v2\/media\/90649"}],"wp:attachment":[{"href":"https:\/\/sandzakpress.net\/arhiva\/wp-json\/wp\/v2\/media?parent=90648"}],"wp:term":[{"taxonomy":"category","embeddable":true,"href":"https:\/\/sandzakpress.net\/arhiva\/wp-json\/wp\/v2\/categories?post=90648"},{"taxonomy":"post_tag","embeddable":true,"href":"https:\/\/sandzakpress.net\/arhiva\/wp-json\/wp\/v2\/tags?post=90648"}],"curies":[{"name":"wp","href":"https:\/\/api.w.org\/{rel}","templated":true}]}}