{"id":90584,"date":"2013-10-10T00:14:10","date_gmt":"2013-10-09T22:14:10","guid":{"rendered":"https:\/\/sandzakpress.net\/arhiva\/?p=90584"},"modified":"2013-10-10T00:14:10","modified_gmt":"2013-10-09T22:14:10","slug":"vdt-zbog-afere-snimak-optuzeno-11-osoba-iz-herceg-novog","status":"publish","type":"post","link":"https:\/\/sandzakpress.net\/arhiva\/vdt-zbog-afere-snimak-optuzeno-11-osoba-iz-herceg-novog\/","title":{"rendered":"VDT: Zbog Afere Snimak optu\u017eeno 11 osoba iz Herceg Novog"},"content":{"rendered":"<p><strong><em><a href=\"https:\/\/sandzakpress.net\/arhiva\/wp-content\/uploads\/2013\/10\/Veselin-Vuckovic-u.jpg\"><img loading=\"lazy\" decoding=\"async\" class=\"alignleft size-medium wp-image-90585\" alt=\"Veselin-Vuckovic-u\" src=\"https:\/\/sandzakpress.net\/arhiva\/wp-content\/uploads\/2013\/10\/Veselin-Vuckovic-u-289x300.jpg\" width=\"289\" height=\"300\" \/><\/a>Crna Gora &#8211; Tu\u017eila\u0161tvo je odbacilo optu\u017ebe protiv vi\u0161e funkcionera DPS-a, me\u0111u kojima je i predsjednik partije Milo \u0110ukanovi\u0107, funkcioneri Branimir Gvozdenovi\u0107, Daliborka Pejovi\u0107, Zoran i Vukica Jeli\u0107, Zoran Vuk\u010devi\u0107, Radivoje Nik\u010devi\u0107, Boro Lazovi\u0107, Tarzan Milo\u0161evi\u0107 , Miodrag \u0110urovi\u0107\u0107, Ivan Novosel, Radivoje Nik\u010devi\u0107, Kujovi\u0107 Abaz, Zarubica Milorad, Vladan Vu\u010deli\u0107, Jovan Martinovi\u0107, Dejan Mandi\u0107 i Husnija \u0160abovi\u0107<\/em><\/strong><\/p>\n<p><strong>\u00a0Vrhovno dr\u017eavno tu\u017eila\u0161tvo je prije objavljivanja Afere Snimak, tokom 2012. i u prvoj polovini 2013. godine, povodom parlamentarnih, lokalnih i predsjedni\u010dkih izbora, radi provjere sumnji da je bilo povrede izbornih prava ili zloupotrebe dr\u017eavnih resursa u politi\u010dke svrhe, formiralo predmete kod Osnovnih dr\u017eavnih tu\u017eila\u0161tava u Herceg Novom, Podgorici, Nik\u0161i\u0107u, Kotoru, Pljevljima, Kola\u0161inu, Ulcinju i Ro\u017eajama, navodi se u informaciji zamjenika Vrhovnog dr\u017eavnog tu\u017eioca.<\/strong><\/p>\n<p>U Informaciji koja je dostavljena Odboru za antikorupciju povodom kontrolnog saslu\u0161anja Vrhovnog dr\u017eavnog tu\u017eioca o mjerama i aktivnostima koje je preduzeo povodom objavljivanja audio snimka i transkripta sa sjednica organa i tijela DPS-a, u koju je Pobjeda imala uvid, navodi se da rezultat tih provjera da je Osnovno dr\u017eavno tu\u017eila\u0161tvo u Herceg Novom optu\u017eilo je 11 osoba zbog krivi\u010dnog djela povreda slobode opredjeljenja pri glasanju.<\/p>\n<p><strong>Herceg Novi<\/strong><\/p>\n<p>&#8211; Sud je donio presudu kojom je sve okrivljene oglasio krivim tako \u0161to je izrekao tri kazne zatvora u trajanju od po 45 dana do \u0161est mjeseci, dok je osam okrivljenih osu\u0111eno na uslovnu osudu. Jednom od okrivljenih u ovom postupku su\u0111eno je u odsustvu zbog \u010dega je uva\u017een njegov zahtjev za ponavljanje postupka i zakazan je novi glavni pretres. Nakon zavr\u0161enog glavnog pretresa, sud je donio presudu kojom je stavio na snagu raniju presudu, stoji u informaciji v.d. Vrhovnog dr\u017eavnog tu\u017eioca\u00a0<strong>Veselina Vu\u010dkovi\u0107a<\/strong><strong>.<\/strong><\/p>\n<p>Poprijavi Centra bezbjednosti Herceg Novi, na osnovu rezultata izvi\u0111aja, optu\u017eena su dva lica.<\/p>\n<p>&#8211; Osnovni sud u Herceg Novom, nakon zavr\u0161enog glavnog pretresa, donio je i javno objavio presudu kojom su optu\u017eena lica osudjena uslovnom osudom. Presuda u ovom predmetu je pravosna\u017ena, ika\u017ee <strong>Vu\u010dkovi\u0107.<\/strong><\/p>\n<p><strong>Podgorica<\/strong><\/p>\n<p>Osnovno dr\u017eavno tu\u017eila\u0161tvo u Podgorici provjeravalo je vi\u0161e desetina sumnji da je bilo zloupotreba u predizborne svrhe, ali je nakon prikupljanja podataka i dokaza tu\u017eila\u0161tvo na\u0161lo da nema osnova za pokretanje krivi\u010dnog postupka.<strong><\/strong><\/p>\n<p>Tu\u017eila\u0161tvo je odbacilo optu\u017ebe protiv vi\u0161e funkcionera DPS-a, me\u0111u kojima je i predsjednik partije Milo \u0110ukanovi\u0107, funkcioneri Branimir Gvozdenovi\u0107, Daliborka Pejovi\u0107, Zoran i Vukica Jeli\u0107, Zoran Vuk\u010devi\u0107, Radivoje Nik\u010devi\u0107, Boro Lazovi\u0107, Tarzan Milo\u0161evi\u0107 , Miodrag \u0110urovi\u0107\u0107, Ivan Novosel, Radivoje Nik\u010devi\u0107, Kujovi\u0107 Abaz, Zarubica Milorad, Vladan Vu\u010deli\u0107, Jovan Martinovi\u0107, Dejan Mandi\u0107 i Husnija \u0160abovi\u0107.<strong><\/strong><\/p>\n<p><strong>Nik\u0161i\u0107<\/strong><\/p>\n<p>Osnovno dr\u017eavno tu\u017eila\u0161tvo u Nik\u0161i\u0107u imalo je u radu krivi\u010dnu prijavu protiv odbornika jedne politi\u010dke partije zbog sumnje da je izvr\u0161io krivi\u010dno djelo falsifikovanje isprave.<\/p>\n<p>Radi provjere iznijetih sumnji tu\u017eilac je saslu\u0161ao 13 svjedoka, pribavio podatke od Uprave za nekretnine, devet crnogorskih banaka, tri mobilna operatera i Univerziteta u Pri\u0161tini.<\/p>\n<p>&#8211; Podaci dobijeni sprovo\u0111enjem ovih radnji osporili su sumnju da je prijavljeni izvr\u0161io krivi\u010dno djelo falsifikovanje isprave, isti\u010de\u00a0<strong>Vu\u010dkovi\u0107.<\/strong><\/p>\n<p><strong>Kotor<\/strong><\/p>\n<p>Kod Osnovnog dr\u017eavnog tu\u017eila\u0161tva u Kotoru formirana su \u010detiri predmeta povodom sumnji da je izvr\u0161eno krivi\u010dno djelo povreda slobode opredjeljenja pri glasanju, pri \u010demu su sva lica u svojim izjavama negirali su da je na njih na bilo koji protivpravan na\u010din vr\u0161en uticaj da na izborima vr\u0161e ili ne vr\u0161e pravo glasa ili da glasaju za ili protiv odredjenog kandidata ili izborne liste.<\/p>\n<p><strong>Pljevlja<\/strong><\/p>\n<p>Osnovno dr\u017eavno tu\u017eila\u0161tvo u Pljevljima formiralo je dva krivi\u010dna predmeta protiv predsjednika op\u0161tine u Pljevljima i predsjednika op\u0161tine u \u017dabljaku zbog sumnje da su uo\u010di parlamentarnih izbora prekomjernim tro\u0161enjem bud\u017eetskih sredstava izvr\u0161ili krivi\u010dno djelo zloupotreba slu\u017ebenog polo\u017eaja.<\/p>\n<p>&#8211; U oba predmeta na osnovu rezultata izvidjaja utvr\u0111eno je da ne postoji osnovana sumnja da je izvr\u0161eno krivi\u010dno djelo za koje se goni po slu\u017ebenoj du\u017enosti, stoji u informaciji zamjenika vrhovnog dr\u017eavnog tu\u017eioca<strong>.<\/strong><\/p>\n<p><strong>Kola\u0161in<\/strong><\/p>\n<p>Kod Osnovnog dr\u017eavnog tu\u017eila\u0161tva u Kola\u0161inu formirana su dva predmeta, gdje je nakon prikupljenih dokaza i provjera utvr\u0111eno da ne postoji osnovana sumnja da je izvr\u0161eno krivi\u010dno djelo za koje se goni po slu\u017ebenoj du\u017enosti, o \u010demu je obavije\u0161ten podnosilac prijave.<\/p>\n<p><strong>Ulcinj<\/strong><\/p>\n<p>Osnovno dr\u017eavno tu\u017eila\u0161tvo u Ulcinju odbacilo je krivi\u010dnu prijavu Mre\u017ee za afirmaciju nevladinog sektora, protiv \u010dlana izbornog \u0161taba DPS-a zbog krivi\u010dnog djela povreda slobode opredjeljenja pri glasanju i falsifikovanje rezultata glasanja, jer je nakon detaljne provjere ocijenjeno da u radnjama prijavljenog nema osnovane sumnje da je izvr\u0161io krivi\u010dno djelo.<\/p>\n<p><strong>Ro\u017eaje<\/strong><\/p>\n<p>Osnovno dr\u017eavno tu\u017eila\u0161tvo u Ro\u017eajama formiralo je dva predmeta povodom prijava MANS-a protiv Gradona\u010delnika op\u0161tine Ro\u017eaje, povodom navodnih zloupotreba u politi\u010dke svrhe bud\u017eetskih sredstava Op\u0161tine Ro\u017eaje.<\/p>\n<p>&#8211; Nakon sprovedenog izvidjaja prijave su odba\u010dene zbog neposotjanja osnovane sumnje da je izvr\u0161eno krivi\u010dno djelo za koje se goni po slu\u017ebenoj du\u017enosti, navodi se u informaciji zamjenika Vrhovnog dr\u017eavnog tu\u017eioca<strong>.<\/strong><\/p>\n<p>Sjednica Odbora za antikorupciju zakazana je za 11. oktobar i na njoj \u0107e se voditi rasprava o ovoj informaciji.<\/p>\n<p>(pobjeda)<\/p>\n","protected":false},"excerpt":{"rendered":"<p>Crna Gora &#8211; Tu\u017eila\u0161tvo je odbacilo optu\u017ebe protiv vi\u0161e funkcionera DPS-a, me\u0111u kojima je i predsjednik partije Milo \u0110ukanovi\u0107, funkcioneri Branimir Gvozdenovi\u0107, Daliborka Pejovi\u0107, Zoran i Vukica Jeli\u0107, Zoran Vuk\u010devi\u0107, Radivoje Nik\u010devi\u0107, Boro Lazovi\u0107, Tarzan Milo\u0161evi\u0107 , Miodrag \u0110urovi\u0107\u0107, Ivan Novosel, Radivoje Nik\u010devi\u0107, Kujovi\u0107 Abaz, Zarubica Milorad, Vladan Vu\u010deli\u0107, Jovan Martinovi\u0107, Dejan Mandi\u0107 i Husnija [&hellip;]<\/p>\n","protected":false},"author":83,"featured_media":90586,"comment_status":"open","ping_status":"open","sticky":false,"template":"","format":"standard","meta":{"footnotes":""},"categories":[10308],"tags":[],"class_list":{"0":"post-90584","1":"post","2":"type-post","3":"status-publish","4":"format-standard","5":"has-post-thumbnail","7":"category-crna-gora"},"yoast_head":"<!-- This site is optimized with the Yoast SEO Premium plugin v23.1 (Yoast SEO v24.9) - https:\/\/yoast.com\/wordpress\/plugins\/seo\/ -->\n<title>VDT: Zbog Afere Snimak optu\u017eeno 11 osoba iz Herceg Novog<\/title>\n<meta name=\"robots\" content=\"index, follow, max-snippet:-1, max-image-preview:large, max-video-preview:-1\" \/>\n<link rel=\"canonical\" href=\"https:\/\/sandzakpress.net\/arhiva\/vdt-zbog-afere-snimak-optuzeno-11-osoba-iz-herceg-novog\/\" \/>\n<meta property=\"og:locale\" content=\"bs_BA\" \/>\n<meta property=\"og:type\" content=\"article\" \/>\n<meta property=\"og:title\" content=\"VDT: Zbog Afere Snimak optu\u017eeno 11 osoba iz Herceg Novog\" \/>\n<meta property=\"og:description\" content=\"Crna Gora &#8211; Tu\u017eila\u0161tvo je odbacilo optu\u017ebe protiv vi\u0161e funkcionera DPS-a, me\u0111u kojima je i predsjednik partije Milo \u0110ukanovi\u0107, funkcioneri Branimir Gvozdenovi\u0107, Daliborka Pejovi\u0107, Zoran i Vukica Jeli\u0107, Zoran Vuk\u010devi\u0107, Radivoje Nik\u010devi\u0107, Boro Lazovi\u0107, Tarzan Milo\u0161evi\u0107 , Miodrag \u0110urovi\u0107\u0107, Ivan Novosel, Radivoje Nik\u010devi\u0107, Kujovi\u0107 Abaz, Zarubica Milorad, Vladan Vu\u010deli\u0107, Jovan Martinovi\u0107, Dejan Mandi\u0107 i Husnija [&hellip;]\" \/>\n<meta property=\"og:url\" content=\"https:\/\/sandzakpress.net\/arhiva\/vdt-zbog-afere-snimak-optuzeno-11-osoba-iz-herceg-novog\/\" \/>\n<meta property=\"og:site_name\" content=\"Sand\u017eak PRESS\" \/>\n<meta property=\"article:published_time\" content=\"2013-10-09T22:14:10+00:00\" \/>\n<meta property=\"og:image\" content=\"https:\/\/sandzakpress.net\/arhiva\/wp-content\/uploads\/2013\/10\/Veselin-Vuckovic-u-289x3001.jpg\" \/>\n\t<meta property=\"og:image:width\" content=\"289\" \/>\n\t<meta property=\"og:image:height\" content=\"300\" \/>\n\t<meta property=\"og:image:type\" content=\"image\/jpeg\" \/>\n<meta name=\"author\" content=\"bosniak\" \/>\n<meta name=\"twitter:card\" content=\"summary_large_image\" \/>\n<meta name=\"twitter:label1\" content=\"Written by\" \/>\n\t<meta name=\"twitter:data1\" content=\"bosniak\" \/>\n\t<meta name=\"twitter:label2\" content=\"Est. reading time\" \/>\n\t<meta name=\"twitter:data2\" content=\"5 minuta\" \/>\n<script type=\"application\/ld+json\" class=\"yoast-schema-graph\">{\"@context\":\"https:\/\/schema.org\",\"@graph\":[{\"@type\":\"Article\",\"@id\":\"https:\/\/sandzakpress.net\/arhiva\/vdt-zbog-afere-snimak-optuzeno-11-osoba-iz-herceg-novog\/#article\",\"isPartOf\":{\"@id\":\"https:\/\/sandzakpress.net\/arhiva\/vdt-zbog-afere-snimak-optuzeno-11-osoba-iz-herceg-novog\/\"},\"author\":{\"name\":\"bosniak\",\"@id\":\"https:\/\/sandzakpress.net\/arhiva\/#\/schema\/person\/c8baee722073534b583ea7bdb2e36c02\"},\"headline\":\"VDT: Zbog Afere Snimak optu\u017eeno 11 osoba iz Herceg Novog\",\"datePublished\":\"2013-10-09T22:14:10+00:00\",\"mainEntityOfPage\":{\"@id\":\"https:\/\/sandzakpress.net\/arhiva\/vdt-zbog-afere-snimak-optuzeno-11-osoba-iz-herceg-novog\/\"},\"wordCount\":931,\"commentCount\":0,\"publisher\":{\"@id\":\"https:\/\/sandzakpress.net\/arhiva\/#\/schema\/person\/6e72b67d6e51910a1117b3b483ba20bd\"},\"image\":{\"@id\":\"https:\/\/sandzakpress.net\/arhiva\/vdt-zbog-afere-snimak-optuzeno-11-osoba-iz-herceg-novog\/#primaryimage\"},\"thumbnailUrl\":\"https:\/\/sandzakpress.net\/arhiva\/wp-content\/uploads\/2013\/10\/Veselin-Vuckovic-u-289x3001.jpg\",\"articleSection\":[\"Crna Gora\"],\"inLanguage\":\"bs-BA\",\"potentialAction\":[{\"@type\":\"CommentAction\",\"name\":\"Comment\",\"target\":[\"https:\/\/sandzakpress.net\/arhiva\/vdt-zbog-afere-snimak-optuzeno-11-osoba-iz-herceg-novog\/#respond\"]}]},{\"@type\":\"WebPage\",\"@id\":\"https:\/\/sandzakpress.net\/arhiva\/vdt-zbog-afere-snimak-optuzeno-11-osoba-iz-herceg-novog\/\",\"url\":\"https:\/\/sandzakpress.net\/arhiva\/vdt-zbog-afere-snimak-optuzeno-11-osoba-iz-herceg-novog\/\",\"name\":\"VDT: Zbog Afere Snimak optu\u017eeno 11 osoba iz Herceg Novog\",\"isPartOf\":{\"@id\":\"https:\/\/sandzakpress.net\/arhiva\/#website\"},\"primaryImageOfPage\":{\"@id\":\"https:\/\/sandzakpress.net\/arhiva\/vdt-zbog-afere-snimak-optuzeno-11-osoba-iz-herceg-novog\/#primaryimage\"},\"image\":{\"@id\":\"https:\/\/sandzakpress.net\/arhiva\/vdt-zbog-afere-snimak-optuzeno-11-osoba-iz-herceg-novog\/#primaryimage\"},\"thumbnailUrl\":\"https:\/\/sandzakpress.net\/arhiva\/wp-content\/uploads\/2013\/10\/Veselin-Vuckovic-u-289x3001.jpg\",\"datePublished\":\"2013-10-09T22:14:10+00:00\",\"breadcrumb\":{\"@id\":\"https:\/\/sandzakpress.net\/arhiva\/vdt-zbog-afere-snimak-optuzeno-11-osoba-iz-herceg-novog\/#breadcrumb\"},\"inLanguage\":\"bs-BA\",\"potentialAction\":[{\"@type\":\"ReadAction\",\"target\":[\"https:\/\/sandzakpress.net\/arhiva\/vdt-zbog-afere-snimak-optuzeno-11-osoba-iz-herceg-novog\/\"]}]},{\"@type\":\"ImageObject\",\"inLanguage\":\"bs-BA\",\"@id\":\"https:\/\/sandzakpress.net\/arhiva\/vdt-zbog-afere-snimak-optuzeno-11-osoba-iz-herceg-novog\/#primaryimage\",\"url\":\"https:\/\/sandzakpress.net\/arhiva\/wp-content\/uploads\/2013\/10\/Veselin-Vuckovic-u-289x3001.jpg\",\"contentUrl\":\"https:\/\/sandzakpress.net\/arhiva\/wp-content\/uploads\/2013\/10\/Veselin-Vuckovic-u-289x3001.jpg\",\"width\":289,\"height\":300},{\"@type\":\"BreadcrumbList\",\"@id\":\"https:\/\/sandzakpress.net\/arhiva\/vdt-zbog-afere-snimak-optuzeno-11-osoba-iz-herceg-novog\/#breadcrumb\",\"itemListElement\":[{\"@type\":\"ListItem\",\"position\":1,\"name\":\"Home\",\"item\":\"https:\/\/sandzakpress.net\/arhiva\/\"},{\"@type\":\"ListItem\",\"position\":2,\"name\":\"VDT: Zbog Afere Snimak optu\u017eeno 11 osoba iz Herceg Novog\"}]},{\"@type\":\"WebSite\",\"@id\":\"https:\/\/sandzakpress.net\/arhiva\/#website\",\"url\":\"https:\/\/sandzakpress.net\/arhiva\/\",\"name\":\"Sand\u017eak PRESS\",\"description\":\"Prve elektronske novine u Sand\u017eaku\",\"publisher\":{\"@id\":\"https:\/\/sandzakpress.net\/arhiva\/#\/schema\/person\/6e72b67d6e51910a1117b3b483ba20bd\"},\"potentialAction\":[{\"@type\":\"SearchAction\",\"target\":{\"@type\":\"EntryPoint\",\"urlTemplate\":\"https:\/\/sandzakpress.net\/arhiva\/?s={search_term_string}\"},\"query-input\":{\"@type\":\"PropertyValueSpecification\",\"valueRequired\":true,\"valueName\":\"search_term_string\"}}],\"inLanguage\":\"bs-BA\"},{\"@type\":[\"Person\",\"Organization\"],\"@id\":\"https:\/\/sandzakpress.net\/arhiva\/#\/schema\/person\/6e72b67d6e51910a1117b3b483ba20bd\",\"name\":\"Kul\",\"image\":{\"@type\":\"ImageObject\",\"inLanguage\":\"bs-BA\",\"@id\":\"https:\/\/sandzakpress.net\/arhiva\/#\/schema\/person\/image\/\",\"url\":\"https:\/\/secure.gravatar.com\/avatar\/42263f39aa27ac04c43cab85c280eb2e?s=96&d=mm&r=pg\",\"contentUrl\":\"https:\/\/secure.gravatar.com\/avatar\/42263f39aa27ac04c43cab85c280eb2e?s=96&d=mm&r=pg\",\"caption\":\"Kul\"},\"logo\":{\"@id\":\"https:\/\/sandzakpress.net\/arhiva\/#\/schema\/person\/image\/\"}},{\"@type\":\"Person\",\"@id\":\"https:\/\/sandzakpress.net\/arhiva\/#\/schema\/person\/c8baee722073534b583ea7bdb2e36c02\",\"name\":\"bosniak\",\"image\":{\"@type\":\"ImageObject\",\"inLanguage\":\"bs-BA\",\"@id\":\"https:\/\/sandzakpress.net\/arhiva\/#\/schema\/person\/image\/\",\"url\":\"https:\/\/secure.gravatar.com\/avatar\/a04fd330bfe3a36a72a0ad4a6d89fca7?s=96&d=mm&r=pg\",\"contentUrl\":\"https:\/\/secure.gravatar.com\/avatar\/a04fd330bfe3a36a72a0ad4a6d89fca7?s=96&d=mm&r=pg\",\"caption\":\"bosniak\"},\"url\":\"https:\/\/sandzakpress.net\/arhiva\/author\/bosniak\/\"}]}<\/script>\n<!-- \/ Yoast SEO Premium plugin. -->","yoast_head_json":{"title":"VDT: Zbog Afere Snimak optu\u017eeno 11 osoba iz Herceg Novog","robots":{"index":"index","follow":"follow","max-snippet":"max-snippet:-1","max-image-preview":"max-image-preview:large","max-video-preview":"max-video-preview:-1"},"canonical":"https:\/\/sandzakpress.net\/arhiva\/vdt-zbog-afere-snimak-optuzeno-11-osoba-iz-herceg-novog\/","og_locale":"bs_BA","og_type":"article","og_title":"VDT: Zbog Afere Snimak optu\u017eeno 11 osoba iz Herceg Novog","og_description":"Crna Gora &#8211; Tu\u017eila\u0161tvo je odbacilo optu\u017ebe protiv vi\u0161e funkcionera DPS-a, me\u0111u kojima je i predsjednik partije Milo \u0110ukanovi\u0107, funkcioneri Branimir Gvozdenovi\u0107, Daliborka Pejovi\u0107, Zoran i Vukica Jeli\u0107, Zoran Vuk\u010devi\u0107, Radivoje Nik\u010devi\u0107, Boro Lazovi\u0107, Tarzan Milo\u0161evi\u0107 , Miodrag \u0110urovi\u0107\u0107, Ivan Novosel, Radivoje Nik\u010devi\u0107, Kujovi\u0107 Abaz, Zarubica Milorad, Vladan Vu\u010deli\u0107, Jovan Martinovi\u0107, Dejan Mandi\u0107 i Husnija [&hellip;]","og_url":"https:\/\/sandzakpress.net\/arhiva\/vdt-zbog-afere-snimak-optuzeno-11-osoba-iz-herceg-novog\/","og_site_name":"Sand\u017eak PRESS","article_published_time":"2013-10-09T22:14:10+00:00","og_image":[{"width":289,"height":300,"url":"https:\/\/sandzakpress.net\/arhiva\/wp-content\/uploads\/2013\/10\/Veselin-Vuckovic-u-289x3001.jpg","type":"image\/jpeg"}],"author":"bosniak","twitter_card":"summary_large_image","twitter_misc":{"Written by":"bosniak","Est. reading time":"5 minuta"},"schema":{"@context":"https:\/\/schema.org","@graph":[{"@type":"Article","@id":"https:\/\/sandzakpress.net\/arhiva\/vdt-zbog-afere-snimak-optuzeno-11-osoba-iz-herceg-novog\/#article","isPartOf":{"@id":"https:\/\/sandzakpress.net\/arhiva\/vdt-zbog-afere-snimak-optuzeno-11-osoba-iz-herceg-novog\/"},"author":{"name":"bosniak","@id":"https:\/\/sandzakpress.net\/arhiva\/#\/schema\/person\/c8baee722073534b583ea7bdb2e36c02"},"headline":"VDT: Zbog Afere Snimak optu\u017eeno 11 osoba iz Herceg Novog","datePublished":"2013-10-09T22:14:10+00:00","mainEntityOfPage":{"@id":"https:\/\/sandzakpress.net\/arhiva\/vdt-zbog-afere-snimak-optuzeno-11-osoba-iz-herceg-novog\/"},"wordCount":931,"commentCount":0,"publisher":{"@id":"https:\/\/sandzakpress.net\/arhiva\/#\/schema\/person\/6e72b67d6e51910a1117b3b483ba20bd"},"image":{"@id":"https:\/\/sandzakpress.net\/arhiva\/vdt-zbog-afere-snimak-optuzeno-11-osoba-iz-herceg-novog\/#primaryimage"},"thumbnailUrl":"https:\/\/sandzakpress.net\/arhiva\/wp-content\/uploads\/2013\/10\/Veselin-Vuckovic-u-289x3001.jpg","articleSection":["Crna Gora"],"inLanguage":"bs-BA","potentialAction":[{"@type":"CommentAction","name":"Comment","target":["https:\/\/sandzakpress.net\/arhiva\/vdt-zbog-afere-snimak-optuzeno-11-osoba-iz-herceg-novog\/#respond"]}]},{"@type":"WebPage","@id":"https:\/\/sandzakpress.net\/arhiva\/vdt-zbog-afere-snimak-optuzeno-11-osoba-iz-herceg-novog\/","url":"https:\/\/sandzakpress.net\/arhiva\/vdt-zbog-afere-snimak-optuzeno-11-osoba-iz-herceg-novog\/","name":"VDT: Zbog Afere Snimak optu\u017eeno 11 osoba iz Herceg Novog","isPartOf":{"@id":"https:\/\/sandzakpress.net\/arhiva\/#website"},"primaryImageOfPage":{"@id":"https:\/\/sandzakpress.net\/arhiva\/vdt-zbog-afere-snimak-optuzeno-11-osoba-iz-herceg-novog\/#primaryimage"},"image":{"@id":"https:\/\/sandzakpress.net\/arhiva\/vdt-zbog-afere-snimak-optuzeno-11-osoba-iz-herceg-novog\/#primaryimage"},"thumbnailUrl":"https:\/\/sandzakpress.net\/arhiva\/wp-content\/uploads\/2013\/10\/Veselin-Vuckovic-u-289x3001.jpg","datePublished":"2013-10-09T22:14:10+00:00","breadcrumb":{"@id":"https:\/\/sandzakpress.net\/arhiva\/vdt-zbog-afere-snimak-optuzeno-11-osoba-iz-herceg-novog\/#breadcrumb"},"inLanguage":"bs-BA","potentialAction":[{"@type":"ReadAction","target":["https:\/\/sandzakpress.net\/arhiva\/vdt-zbog-afere-snimak-optuzeno-11-osoba-iz-herceg-novog\/"]}]},{"@type":"ImageObject","inLanguage":"bs-BA","@id":"https:\/\/sandzakpress.net\/arhiva\/vdt-zbog-afere-snimak-optuzeno-11-osoba-iz-herceg-novog\/#primaryimage","url":"https:\/\/sandzakpress.net\/arhiva\/wp-content\/uploads\/2013\/10\/Veselin-Vuckovic-u-289x3001.jpg","contentUrl":"https:\/\/sandzakpress.net\/arhiva\/wp-content\/uploads\/2013\/10\/Veselin-Vuckovic-u-289x3001.jpg","width":289,"height":300},{"@type":"BreadcrumbList","@id":"https:\/\/sandzakpress.net\/arhiva\/vdt-zbog-afere-snimak-optuzeno-11-osoba-iz-herceg-novog\/#breadcrumb","itemListElement":[{"@type":"ListItem","position":1,"name":"Home","item":"https:\/\/sandzakpress.net\/arhiva\/"},{"@type":"ListItem","position":2,"name":"VDT: Zbog Afere Snimak optu\u017eeno 11 osoba iz Herceg Novog"}]},{"@type":"WebSite","@id":"https:\/\/sandzakpress.net\/arhiva\/#website","url":"https:\/\/sandzakpress.net\/arhiva\/","name":"Sand\u017eak PRESS","description":"Prve elektronske novine u Sand\u017eaku","publisher":{"@id":"https:\/\/sandzakpress.net\/arhiva\/#\/schema\/person\/6e72b67d6e51910a1117b3b483ba20bd"},"potentialAction":[{"@type":"SearchAction","target":{"@type":"EntryPoint","urlTemplate":"https:\/\/sandzakpress.net\/arhiva\/?s={search_term_string}"},"query-input":{"@type":"PropertyValueSpecification","valueRequired":true,"valueName":"search_term_string"}}],"inLanguage":"bs-BA"},{"@type":["Person","Organization"],"@id":"https:\/\/sandzakpress.net\/arhiva\/#\/schema\/person\/6e72b67d6e51910a1117b3b483ba20bd","name":"Kul","image":{"@type":"ImageObject","inLanguage":"bs-BA","@id":"https:\/\/sandzakpress.net\/arhiva\/#\/schema\/person\/image\/","url":"https:\/\/secure.gravatar.com\/avatar\/42263f39aa27ac04c43cab85c280eb2e?s=96&d=mm&r=pg","contentUrl":"https:\/\/secure.gravatar.com\/avatar\/42263f39aa27ac04c43cab85c280eb2e?s=96&d=mm&r=pg","caption":"Kul"},"logo":{"@id":"https:\/\/sandzakpress.net\/arhiva\/#\/schema\/person\/image\/"}},{"@type":"Person","@id":"https:\/\/sandzakpress.net\/arhiva\/#\/schema\/person\/c8baee722073534b583ea7bdb2e36c02","name":"bosniak","image":{"@type":"ImageObject","inLanguage":"bs-BA","@id":"https:\/\/sandzakpress.net\/arhiva\/#\/schema\/person\/image\/","url":"https:\/\/secure.gravatar.com\/avatar\/a04fd330bfe3a36a72a0ad4a6d89fca7?s=96&d=mm&r=pg","contentUrl":"https:\/\/secure.gravatar.com\/avatar\/a04fd330bfe3a36a72a0ad4a6d89fca7?s=96&d=mm&r=pg","caption":"bosniak"},"url":"https:\/\/sandzakpress.net\/arhiva\/author\/bosniak\/"}]}},"_links":{"self":[{"href":"https:\/\/sandzakpress.net\/arhiva\/wp-json\/wp\/v2\/posts\/90584"}],"collection":[{"href":"https:\/\/sandzakpress.net\/arhiva\/wp-json\/wp\/v2\/posts"}],"about":[{"href":"https:\/\/sandzakpress.net\/arhiva\/wp-json\/wp\/v2\/types\/post"}],"author":[{"embeddable":true,"href":"https:\/\/sandzakpress.net\/arhiva\/wp-json\/wp\/v2\/users\/83"}],"replies":[{"embeddable":true,"href":"https:\/\/sandzakpress.net\/arhiva\/wp-json\/wp\/v2\/comments?post=90584"}],"version-history":[{"count":0,"href":"https:\/\/sandzakpress.net\/arhiva\/wp-json\/wp\/v2\/posts\/90584\/revisions"}],"wp:featuredmedia":[{"embeddable":true,"href":"https:\/\/sandzakpress.net\/arhiva\/wp-json\/wp\/v2\/media\/90586"}],"wp:attachment":[{"href":"https:\/\/sandzakpress.net\/arhiva\/wp-json\/wp\/v2\/media?parent=90584"}],"wp:term":[{"taxonomy":"category","embeddable":true,"href":"https:\/\/sandzakpress.net\/arhiva\/wp-json\/wp\/v2\/categories?post=90584"},{"taxonomy":"post_tag","embeddable":true,"href":"https:\/\/sandzakpress.net\/arhiva\/wp-json\/wp\/v2\/tags?post=90584"}],"curies":[{"name":"wp","href":"https:\/\/api.w.org\/{rel}","templated":true}]}}