{"id":90580,"date":"2013-10-10T00:11:59","date_gmt":"2013-10-09T22:11:59","guid":{"rendered":"https:\/\/sandzakpress.net\/arhiva\/?p=90580"},"modified":"2013-10-10T00:11:59","modified_gmt":"2013-10-09T22:11:59","slug":"pljevlja-stradao-dok-je-sjekao-bukvu","status":"publish","type":"post","link":"https:\/\/sandzakpress.net\/arhiva\/pljevlja-stradao-dok-je-sjekao-bukvu\/","title":{"rendered":"Pljevlja: Stradao dok je sjekao bukvu"},"content":{"rendered":"<div id=\"article_text\">\n<p><strong><a href=\"https:\/\/sandzakpress.net\/arhiva\/wp-content\/uploads\/2013\/10\/pljevlja-stradao-dok-je-sjekao-bukvu-slika-317002.jpg\"><img loading=\"lazy\" decoding=\"async\" class=\"alignleft size-medium wp-image-90581\" alt=\"pljevlja-stradao-dok-je-sjekao-bukvu-slika-317002\" src=\"https:\/\/sandzakpress.net\/arhiva\/wp-content\/uploads\/2013\/10\/pljevlja-stradao-dok-je-sjekao-bukvu-slika-317002-300x182.jpg\" width=\"300\" height=\"182\" \/><\/a>Pljevlja &#8211; Milo\u0161 Baranin (68), iz pljevaljskog sela Gliba\u0107i, stradao je dok je sa sinom sjekao drva u mjestu Kraljeva Gora, nedaleko od ku\u0107e.<\/strong><\/p>\n<p>Baranin je preminuo na licu mjesta od povreda koje je zadobio kada je na njega pala bukva, koju je sjekao.<\/p>\n<p>Njegov sin Mile odmah je pozvao Hitnu pomo\u0107, ali su ljekari, kada su stigli u 40-ak kilometara udaljeno selo, mogli samo da konstatuju smrt.<\/p>\n<p>Baranin i njegov sin ostali su sami da \u017eive na selu, nakon \u0161to mu je prije godinu umrla supruga.<\/p>\n<p>(vijesti.me)<\/p>\n<\/div>\n","protected":false},"excerpt":{"rendered":"<p>Pljevlja &#8211; Milo\u0161 Baranin (68), iz pljevaljskog sela Gliba\u0107i, stradao je dok je sa sinom sjekao drva u mjestu Kraljeva Gora, nedaleko od ku\u0107e. Baranin je preminuo na licu mjesta od povreda koje je zadobio kada je na njega pala bukva, koju je sjekao. Njegov sin Mile odmah je pozvao Hitnu pomo\u0107, ali su ljekari, [&hellip;]<\/p>\n","protected":false},"author":83,"featured_media":90582,"comment_status":"open","ping_status":"open","sticky":false,"template":"","format":"standard","meta":{"footnotes":""},"categories":[395,801],"tags":[],"class_list":{"0":"post-90580","1":"post","2":"type-post","3":"status-publish","4":"format-standard","5":"has-post-thumbnail","7":"category-pljevlja_","8":"category-crna_hronika"},"yoast_head":"<!-- This site is optimized with the Yoast SEO Premium plugin v23.1 (Yoast SEO v24.9) - https:\/\/yoast.com\/wordpress\/plugins\/seo\/ -->\n<title>Pljevlja: Stradao dok je sjekao bukvu<\/title>\n<meta name=\"robots\" content=\"index, follow, max-snippet:-1, max-image-preview:large, max-video-preview:-1\" \/>\n<link rel=\"canonical\" href=\"https:\/\/sandzakpress.net\/arhiva\/pljevlja-stradao-dok-je-sjekao-bukvu\/\" \/>\n<meta property=\"og:locale\" content=\"bs_BA\" \/>\n<meta property=\"og:type\" content=\"article\" \/>\n<meta property=\"og:title\" content=\"Pljevlja: Stradao dok je sjekao bukvu\" \/>\n<meta property=\"og:description\" content=\"Pljevlja &#8211; Milo\u0161 Baranin (68), iz pljevaljskog sela Gliba\u0107i, stradao je dok je sa sinom sjekao drva u mjestu Kraljeva Gora, nedaleko od ku\u0107e. Baranin je preminuo na licu mjesta od povreda koje je zadobio kada je na njega pala bukva, koju je sjekao. Njegov sin Mile odmah je pozvao Hitnu pomo\u0107, ali su ljekari, [&hellip;]\" \/>\n<meta property=\"og:url\" content=\"https:\/\/sandzakpress.net\/arhiva\/pljevlja-stradao-dok-je-sjekao-bukvu\/\" \/>\n<meta property=\"og:site_name\" content=\"Sand\u017eak PRESS\" \/>\n<meta property=\"article:published_time\" content=\"2013-10-09T22:11:59+00:00\" \/>\n<meta property=\"og:image\" content=\"https:\/\/sandzakpress.net\/arhiva\/wp-content\/uploads\/2013\/10\/pljevlja-stradao-dok-je-sjekao-bukvu-slika-317002-300x1821.jpg\" \/>\n\t<meta property=\"og:image:width\" content=\"300\" \/>\n\t<meta property=\"og:image:height\" content=\"182\" \/>\n\t<meta property=\"og:image:type\" content=\"image\/jpeg\" \/>\n<meta name=\"author\" content=\"bosniak\" \/>\n<meta name=\"twitter:card\" content=\"summary_large_image\" \/>\n<meta name=\"twitter:label1\" content=\"Written by\" \/>\n\t<meta name=\"twitter:data1\" content=\"bosniak\" \/>\n<script type=\"application\/ld+json\" class=\"yoast-schema-graph\">{\"@context\":\"https:\/\/schema.org\",\"@graph\":[{\"@type\":\"Article\",\"@id\":\"https:\/\/sandzakpress.net\/arhiva\/pljevlja-stradao-dok-je-sjekao-bukvu\/#article\",\"isPartOf\":{\"@id\":\"https:\/\/sandzakpress.net\/arhiva\/pljevlja-stradao-dok-je-sjekao-bukvu\/\"},\"author\":{\"name\":\"bosniak\",\"@id\":\"https:\/\/sandzakpress.net\/arhiva\/#\/schema\/person\/c8baee722073534b583ea7bdb2e36c02\"},\"headline\":\"Pljevlja: Stradao dok je sjekao bukvu\",\"datePublished\":\"2013-10-09T22:11:59+00:00\",\"mainEntityOfPage\":{\"@id\":\"https:\/\/sandzakpress.net\/arhiva\/pljevlja-stradao-dok-je-sjekao-bukvu\/\"},\"wordCount\":96,\"commentCount\":0,\"publisher\":{\"@id\":\"https:\/\/sandzakpress.net\/arhiva\/#\/schema\/person\/6e72b67d6e51910a1117b3b483ba20bd\"},\"image\":{\"@id\":\"https:\/\/sandzakpress.net\/arhiva\/pljevlja-stradao-dok-je-sjekao-bukvu\/#primaryimage\"},\"thumbnailUrl\":\"https:\/\/sandzakpress.net\/arhiva\/wp-content\/uploads\/2013\/10\/pljevlja-stradao-dok-je-sjekao-bukvu-slika-317002-300x1821.jpg\",\"articleSection\":[\"Pljevlja\",\"Hronika\"],\"inLanguage\":\"bs-BA\",\"potentialAction\":[{\"@type\":\"CommentAction\",\"name\":\"Comment\",\"target\":[\"https:\/\/sandzakpress.net\/arhiva\/pljevlja-stradao-dok-je-sjekao-bukvu\/#respond\"]}]},{\"@type\":\"WebPage\",\"@id\":\"https:\/\/sandzakpress.net\/arhiva\/pljevlja-stradao-dok-je-sjekao-bukvu\/\",\"url\":\"https:\/\/sandzakpress.net\/arhiva\/pljevlja-stradao-dok-je-sjekao-bukvu\/\",\"name\":\"Pljevlja: Stradao dok je sjekao bukvu\",\"isPartOf\":{\"@id\":\"https:\/\/sandzakpress.net\/arhiva\/#website\"},\"primaryImageOfPage\":{\"@id\":\"https:\/\/sandzakpress.net\/arhiva\/pljevlja-stradao-dok-je-sjekao-bukvu\/#primaryimage\"},\"image\":{\"@id\":\"https:\/\/sandzakpress.net\/arhiva\/pljevlja-stradao-dok-je-sjekao-bukvu\/#primaryimage\"},\"thumbnailUrl\":\"https:\/\/sandzakpress.net\/arhiva\/wp-content\/uploads\/2013\/10\/pljevlja-stradao-dok-je-sjekao-bukvu-slika-317002-300x1821.jpg\",\"datePublished\":\"2013-10-09T22:11:59+00:00\",\"breadcrumb\":{\"@id\":\"https:\/\/sandzakpress.net\/arhiva\/pljevlja-stradao-dok-je-sjekao-bukvu\/#breadcrumb\"},\"inLanguage\":\"bs-BA\",\"potentialAction\":[{\"@type\":\"ReadAction\",\"target\":[\"https:\/\/sandzakpress.net\/arhiva\/pljevlja-stradao-dok-je-sjekao-bukvu\/\"]}]},{\"@type\":\"ImageObject\",\"inLanguage\":\"bs-BA\",\"@id\":\"https:\/\/sandzakpress.net\/arhiva\/pljevlja-stradao-dok-je-sjekao-bukvu\/#primaryimage\",\"url\":\"https:\/\/sandzakpress.net\/arhiva\/wp-content\/uploads\/2013\/10\/pljevlja-stradao-dok-je-sjekao-bukvu-slika-317002-300x1821.jpg\",\"contentUrl\":\"https:\/\/sandzakpress.net\/arhiva\/wp-content\/uploads\/2013\/10\/pljevlja-stradao-dok-je-sjekao-bukvu-slika-317002-300x1821.jpg\",\"width\":300,\"height\":182},{\"@type\":\"BreadcrumbList\",\"@id\":\"https:\/\/sandzakpress.net\/arhiva\/pljevlja-stradao-dok-je-sjekao-bukvu\/#breadcrumb\",\"itemListElement\":[{\"@type\":\"ListItem\",\"position\":1,\"name\":\"Home\",\"item\":\"https:\/\/sandzakpress.net\/arhiva\/\"},{\"@type\":\"ListItem\",\"position\":2,\"name\":\"Pljevlja: Stradao dok je sjekao bukvu\"}]},{\"@type\":\"WebSite\",\"@id\":\"https:\/\/sandzakpress.net\/arhiva\/#website\",\"url\":\"https:\/\/sandzakpress.net\/arhiva\/\",\"name\":\"Sand\u017eak PRESS\",\"description\":\"Prve elektronske novine u Sand\u017eaku\",\"publisher\":{\"@id\":\"https:\/\/sandzakpress.net\/arhiva\/#\/schema\/person\/6e72b67d6e51910a1117b3b483ba20bd\"},\"potentialAction\":[{\"@type\":\"SearchAction\",\"target\":{\"@type\":\"EntryPoint\",\"urlTemplate\":\"https:\/\/sandzakpress.net\/arhiva\/?s={search_term_string}\"},\"query-input\":{\"@type\":\"PropertyValueSpecification\",\"valueRequired\":true,\"valueName\":\"search_term_string\"}}],\"inLanguage\":\"bs-BA\"},{\"@type\":[\"Person\",\"Organization\"],\"@id\":\"https:\/\/sandzakpress.net\/arhiva\/#\/schema\/person\/6e72b67d6e51910a1117b3b483ba20bd\",\"name\":\"Kul\",\"image\":{\"@type\":\"ImageObject\",\"inLanguage\":\"bs-BA\",\"@id\":\"https:\/\/sandzakpress.net\/arhiva\/#\/schema\/person\/image\/\",\"url\":\"https:\/\/secure.gravatar.com\/avatar\/42263f39aa27ac04c43cab85c280eb2e?s=96&d=mm&r=pg\",\"contentUrl\":\"https:\/\/secure.gravatar.com\/avatar\/42263f39aa27ac04c43cab85c280eb2e?s=96&d=mm&r=pg\",\"caption\":\"Kul\"},\"logo\":{\"@id\":\"https:\/\/sandzakpress.net\/arhiva\/#\/schema\/person\/image\/\"}},{\"@type\":\"Person\",\"@id\":\"https:\/\/sandzakpress.net\/arhiva\/#\/schema\/person\/c8baee722073534b583ea7bdb2e36c02\",\"name\":\"bosniak\",\"image\":{\"@type\":\"ImageObject\",\"inLanguage\":\"bs-BA\",\"@id\":\"https:\/\/sandzakpress.net\/arhiva\/#\/schema\/person\/image\/\",\"url\":\"https:\/\/secure.gravatar.com\/avatar\/a04fd330bfe3a36a72a0ad4a6d89fca7?s=96&d=mm&r=pg\",\"contentUrl\":\"https:\/\/secure.gravatar.com\/avatar\/a04fd330bfe3a36a72a0ad4a6d89fca7?s=96&d=mm&r=pg\",\"caption\":\"bosniak\"},\"url\":\"https:\/\/sandzakpress.net\/arhiva\/author\/bosniak\/\"}]}<\/script>\n<!-- \/ Yoast SEO Premium plugin. -->","yoast_head_json":{"title":"Pljevlja: Stradao dok je sjekao bukvu","robots":{"index":"index","follow":"follow","max-snippet":"max-snippet:-1","max-image-preview":"max-image-preview:large","max-video-preview":"max-video-preview:-1"},"canonical":"https:\/\/sandzakpress.net\/arhiva\/pljevlja-stradao-dok-je-sjekao-bukvu\/","og_locale":"bs_BA","og_type":"article","og_title":"Pljevlja: Stradao dok je sjekao bukvu","og_description":"Pljevlja &#8211; Milo\u0161 Baranin (68), iz pljevaljskog sela Gliba\u0107i, stradao je dok je sa sinom sjekao drva u mjestu Kraljeva Gora, nedaleko od ku\u0107e. Baranin je preminuo na licu mjesta od povreda koje je zadobio kada je na njega pala bukva, koju je sjekao. Njegov sin Mile odmah je pozvao Hitnu pomo\u0107, ali su ljekari, [&hellip;]","og_url":"https:\/\/sandzakpress.net\/arhiva\/pljevlja-stradao-dok-je-sjekao-bukvu\/","og_site_name":"Sand\u017eak PRESS","article_published_time":"2013-10-09T22:11:59+00:00","og_image":[{"width":300,"height":182,"url":"https:\/\/sandzakpress.net\/arhiva\/wp-content\/uploads\/2013\/10\/pljevlja-stradao-dok-je-sjekao-bukvu-slika-317002-300x1821.jpg","type":"image\/jpeg"}],"author":"bosniak","twitter_card":"summary_large_image","twitter_misc":{"Written by":"bosniak"},"schema":{"@context":"https:\/\/schema.org","@graph":[{"@type":"Article","@id":"https:\/\/sandzakpress.net\/arhiva\/pljevlja-stradao-dok-je-sjekao-bukvu\/#article","isPartOf":{"@id":"https:\/\/sandzakpress.net\/arhiva\/pljevlja-stradao-dok-je-sjekao-bukvu\/"},"author":{"name":"bosniak","@id":"https:\/\/sandzakpress.net\/arhiva\/#\/schema\/person\/c8baee722073534b583ea7bdb2e36c02"},"headline":"Pljevlja: Stradao dok je sjekao bukvu","datePublished":"2013-10-09T22:11:59+00:00","mainEntityOfPage":{"@id":"https:\/\/sandzakpress.net\/arhiva\/pljevlja-stradao-dok-je-sjekao-bukvu\/"},"wordCount":96,"commentCount":0,"publisher":{"@id":"https:\/\/sandzakpress.net\/arhiva\/#\/schema\/person\/6e72b67d6e51910a1117b3b483ba20bd"},"image":{"@id":"https:\/\/sandzakpress.net\/arhiva\/pljevlja-stradao-dok-je-sjekao-bukvu\/#primaryimage"},"thumbnailUrl":"https:\/\/sandzakpress.net\/arhiva\/wp-content\/uploads\/2013\/10\/pljevlja-stradao-dok-je-sjekao-bukvu-slika-317002-300x1821.jpg","articleSection":["Pljevlja","Hronika"],"inLanguage":"bs-BA","potentialAction":[{"@type":"CommentAction","name":"Comment","target":["https:\/\/sandzakpress.net\/arhiva\/pljevlja-stradao-dok-je-sjekao-bukvu\/#respond"]}]},{"@type":"WebPage","@id":"https:\/\/sandzakpress.net\/arhiva\/pljevlja-stradao-dok-je-sjekao-bukvu\/","url":"https:\/\/sandzakpress.net\/arhiva\/pljevlja-stradao-dok-je-sjekao-bukvu\/","name":"Pljevlja: Stradao dok je sjekao bukvu","isPartOf":{"@id":"https:\/\/sandzakpress.net\/arhiva\/#website"},"primaryImageOfPage":{"@id":"https:\/\/sandzakpress.net\/arhiva\/pljevlja-stradao-dok-je-sjekao-bukvu\/#primaryimage"},"image":{"@id":"https:\/\/sandzakpress.net\/arhiva\/pljevlja-stradao-dok-je-sjekao-bukvu\/#primaryimage"},"thumbnailUrl":"https:\/\/sandzakpress.net\/arhiva\/wp-content\/uploads\/2013\/10\/pljevlja-stradao-dok-je-sjekao-bukvu-slika-317002-300x1821.jpg","datePublished":"2013-10-09T22:11:59+00:00","breadcrumb":{"@id":"https:\/\/sandzakpress.net\/arhiva\/pljevlja-stradao-dok-je-sjekao-bukvu\/#breadcrumb"},"inLanguage":"bs-BA","potentialAction":[{"@type":"ReadAction","target":["https:\/\/sandzakpress.net\/arhiva\/pljevlja-stradao-dok-je-sjekao-bukvu\/"]}]},{"@type":"ImageObject","inLanguage":"bs-BA","@id":"https:\/\/sandzakpress.net\/arhiva\/pljevlja-stradao-dok-je-sjekao-bukvu\/#primaryimage","url":"https:\/\/sandzakpress.net\/arhiva\/wp-content\/uploads\/2013\/10\/pljevlja-stradao-dok-je-sjekao-bukvu-slika-317002-300x1821.jpg","contentUrl":"https:\/\/sandzakpress.net\/arhiva\/wp-content\/uploads\/2013\/10\/pljevlja-stradao-dok-je-sjekao-bukvu-slika-317002-300x1821.jpg","width":300,"height":182},{"@type":"BreadcrumbList","@id":"https:\/\/sandzakpress.net\/arhiva\/pljevlja-stradao-dok-je-sjekao-bukvu\/#breadcrumb","itemListElement":[{"@type":"ListItem","position":1,"name":"Home","item":"https:\/\/sandzakpress.net\/arhiva\/"},{"@type":"ListItem","position":2,"name":"Pljevlja: Stradao dok je sjekao bukvu"}]},{"@type":"WebSite","@id":"https:\/\/sandzakpress.net\/arhiva\/#website","url":"https:\/\/sandzakpress.net\/arhiva\/","name":"Sand\u017eak PRESS","description":"Prve elektronske novine u Sand\u017eaku","publisher":{"@id":"https:\/\/sandzakpress.net\/arhiva\/#\/schema\/person\/6e72b67d6e51910a1117b3b483ba20bd"},"potentialAction":[{"@type":"SearchAction","target":{"@type":"EntryPoint","urlTemplate":"https:\/\/sandzakpress.net\/arhiva\/?s={search_term_string}"},"query-input":{"@type":"PropertyValueSpecification","valueRequired":true,"valueName":"search_term_string"}}],"inLanguage":"bs-BA"},{"@type":["Person","Organization"],"@id":"https:\/\/sandzakpress.net\/arhiva\/#\/schema\/person\/6e72b67d6e51910a1117b3b483ba20bd","name":"Kul","image":{"@type":"ImageObject","inLanguage":"bs-BA","@id":"https:\/\/sandzakpress.net\/arhiva\/#\/schema\/person\/image\/","url":"https:\/\/secure.gravatar.com\/avatar\/42263f39aa27ac04c43cab85c280eb2e?s=96&d=mm&r=pg","contentUrl":"https:\/\/secure.gravatar.com\/avatar\/42263f39aa27ac04c43cab85c280eb2e?s=96&d=mm&r=pg","caption":"Kul"},"logo":{"@id":"https:\/\/sandzakpress.net\/arhiva\/#\/schema\/person\/image\/"}},{"@type":"Person","@id":"https:\/\/sandzakpress.net\/arhiva\/#\/schema\/person\/c8baee722073534b583ea7bdb2e36c02","name":"bosniak","image":{"@type":"ImageObject","inLanguage":"bs-BA","@id":"https:\/\/sandzakpress.net\/arhiva\/#\/schema\/person\/image\/","url":"https:\/\/secure.gravatar.com\/avatar\/a04fd330bfe3a36a72a0ad4a6d89fca7?s=96&d=mm&r=pg","contentUrl":"https:\/\/secure.gravatar.com\/avatar\/a04fd330bfe3a36a72a0ad4a6d89fca7?s=96&d=mm&r=pg","caption":"bosniak"},"url":"https:\/\/sandzakpress.net\/arhiva\/author\/bosniak\/"}]}},"_links":{"self":[{"href":"https:\/\/sandzakpress.net\/arhiva\/wp-json\/wp\/v2\/posts\/90580"}],"collection":[{"href":"https:\/\/sandzakpress.net\/arhiva\/wp-json\/wp\/v2\/posts"}],"about":[{"href":"https:\/\/sandzakpress.net\/arhiva\/wp-json\/wp\/v2\/types\/post"}],"author":[{"embeddable":true,"href":"https:\/\/sandzakpress.net\/arhiva\/wp-json\/wp\/v2\/users\/83"}],"replies":[{"embeddable":true,"href":"https:\/\/sandzakpress.net\/arhiva\/wp-json\/wp\/v2\/comments?post=90580"}],"version-history":[{"count":0,"href":"https:\/\/sandzakpress.net\/arhiva\/wp-json\/wp\/v2\/posts\/90580\/revisions"}],"wp:featuredmedia":[{"embeddable":true,"href":"https:\/\/sandzakpress.net\/arhiva\/wp-json\/wp\/v2\/media\/90582"}],"wp:attachment":[{"href":"https:\/\/sandzakpress.net\/arhiva\/wp-json\/wp\/v2\/media?parent=90580"}],"wp:term":[{"taxonomy":"category","embeddable":true,"href":"https:\/\/sandzakpress.net\/arhiva\/wp-json\/wp\/v2\/categories?post=90580"},{"taxonomy":"post_tag","embeddable":true,"href":"https:\/\/sandzakpress.net\/arhiva\/wp-json\/wp\/v2\/tags?post=90580"}],"curies":[{"name":"wp","href":"https:\/\/api.w.org\/{rel}","templated":true}]}}