{"id":90484,"date":"2013-10-09T19:47:55","date_gmt":"2013-10-09T17:47:55","guid":{"rendered":"https:\/\/sandzakpress.net\/arhiva\/?p=90484"},"modified":"2013-10-09T19:47:55","modified_gmt":"2013-10-09T17:47:55","slug":"ugljanin-apelovao-da-se-pronadu-napadaci-na-bosnjacke-studente-na-kosovu","status":"publish","type":"post","link":"https:\/\/sandzakpress.net\/arhiva\/ugljanin-apelovao-da-se-pronadu-napadaci-na-bosnjacke-studente-na-kosovu\/","title":{"rendered":"Ugljanin apelovao da se prona\u0111u napada\u010di na bo\u0161nja\u010dke studente na Kosovu"},"content":{"rendered":"<p><strong><img loading=\"lazy\" decoding=\"async\" class=\"alignleft\" alt=\"\" src=\"http:\/\/www.blic.rs\/data\/images\/2011-09-16\/176413_0210-ugljanin-foto-fonet_f.jpg?ver=1316605494\" width=\"376\" height=\"216\" \/>Novi Pazar, Kosovo &#8211; Ministar zadu\u017een za odr\u017eivi razvoj nedovoljno razvijenih podru\u010dja Sulejman Ugljanin zatra\u017eio je od nadle\u017enih institucija da procesuiraju napada\u010de na bo\u0161nja\u010dke studente u Leposavi\u0107u.<\/strong><\/p>\n<p>Ugljanin je ministre Vlade Srbije na ju\u010dera\u0161njoj sjednici upoznao sa napadom na studente u Leposavi\u0107u, 23. Septembra, saop\u0161teno je iz kabineta ministra.<\/p>\n<p>&#8220;Osje\u0107aj sigurnosti bi Bo\u0161njake na sjeveru Kosova motivisao da iza\u0111u na izbore 3. novembra i slobodno izraze svoju politi\u010dku volju&#8221;, navodi se u saop\u0161tenju.<\/p>\n<p>Kako se dodaje, vlada smatra da je neophodno omogu\u0107iti normalne uslove za bo\u0161nja\u010dke studente u Leposavi\u0107u i drugim dijelovima sjevernog Kosova, kao i da se ne sme dozvoliti da napuste Univerzitet.<\/p>\n<p>U saop\u0161tenju se dodaje da se moraju preduzeti konkretne mjere koje bi uvjerile Bo\u0161njake na sjeveru Kosova da su ravnopravni s drugima koji tamo \u017eive i da ne\u0107e biti izlo\u017eeni maltretiranju zbog razli\u010dite nacionalne i vjerske pripadnosti.<\/p>\n<p>Grupa mladi\u0107a je vre\u0111ala i napala \u010detvoricu novopazarskih studenata u kafi\u0107u u Leposavi\u0107u 23. septembra.<\/p>\n","protected":false},"excerpt":{"rendered":"<p>Novi Pazar, Kosovo &#8211; Ministar zadu\u017een za odr\u017eivi razvoj nedovoljno razvijenih podru\u010dja Sulejman Ugljanin zatra\u017eio je od nadle\u017enih institucija da procesuiraju napada\u010de na bo\u0161nja\u010dke studente u Leposavi\u0107u. Ugljanin je ministre Vlade Srbije na ju\u010dera\u0161njoj sjednici upoznao sa napadom na studente u Leposavi\u0107u, 23. Septembra, saop\u0161teno je iz kabineta ministra. &#8220;Osje\u0107aj sigurnosti bi Bo\u0161njake na sjeveru [&hellip;]<\/p>\n","protected":false},"author":83,"featured_media":90485,"comment_status":"open","ping_status":"open","sticky":false,"template":"","format":"standard","meta":{"footnotes":""},"categories":[72,1,2690,8957],"tags":[10255,10269],"class_list":{"0":"post-90484","1":"post","2":"type-post","3":"status-publish","4":"format-standard","5":"has-post-thumbnail","7":"category-novi-pazar","8":"category-politika","9":"category-kosovo-gradovi","10":"category-vijesti-dana","11":"tag-sda","12":"tag-sulejman-ugljanin"},"yoast_head":"<!-- This site is optimized with the Yoast SEO Premium plugin v23.1 (Yoast SEO v24.9) - https:\/\/yoast.com\/wordpress\/plugins\/seo\/ -->\n<title>Ugljanin apelovao da se prona\u0111u napada\u010di na bo\u0161nja\u010dke studente na Kosovu<\/title>\n<meta name=\"robots\" content=\"index, follow, max-snippet:-1, max-image-preview:large, max-video-preview:-1\" \/>\n<link rel=\"canonical\" href=\"https:\/\/sandzakpress.net\/arhiva\/ugljanin-apelovao-da-se-pronadu-napadaci-na-bosnjacke-studente-na-kosovu\/\" \/>\n<meta property=\"og:locale\" content=\"bs_BA\" \/>\n<meta property=\"og:type\" content=\"article\" \/>\n<meta property=\"og:title\" content=\"Ugljanin apelovao da se prona\u0111u napada\u010di na bo\u0161nja\u010dke studente na Kosovu\" \/>\n<meta property=\"og:description\" content=\"Novi Pazar, Kosovo &#8211; Ministar zadu\u017een za odr\u017eivi razvoj nedovoljno razvijenih podru\u010dja Sulejman Ugljanin zatra\u017eio je od nadle\u017enih institucija da procesuiraju napada\u010de na bo\u0161nja\u010dke studente u Leposavi\u0107u. Ugljanin je ministre Vlade Srbije na ju\u010dera\u0161njoj sjednici upoznao sa napadom na studente u Leposavi\u0107u, 23. Septembra, saop\u0161teno je iz kabineta ministra. &#8220;Osje\u0107aj sigurnosti bi Bo\u0161njake na sjeveru [&hellip;]\" \/>\n<meta property=\"og:url\" content=\"https:\/\/sandzakpress.net\/arhiva\/ugljanin-apelovao-da-se-pronadu-napadaci-na-bosnjacke-studente-na-kosovu\/\" \/>\n<meta property=\"og:site_name\" content=\"Sand\u017eak PRESS\" \/>\n<meta property=\"article:published_time\" content=\"2013-10-09T17:47:55+00:00\" \/>\n<meta property=\"og:image\" content=\"https:\/\/sandzakpress.net\/arhiva\/wp-content\/uploads\/2013\/10\/176413_0210-ugljanin-foto-fonet_f.jpg\" \/>\n\t<meta property=\"og:image:width\" content=\"470\" \/>\n\t<meta property=\"og:image:height\" content=\"270\" \/>\n\t<meta property=\"og:image:type\" content=\"image\/jpeg\" \/>\n<meta name=\"author\" content=\"bosniak\" \/>\n<meta name=\"twitter:card\" content=\"summary_large_image\" \/>\n<meta name=\"twitter:label1\" content=\"Written by\" \/>\n\t<meta name=\"twitter:data1\" content=\"bosniak\" \/>\n\t<meta name=\"twitter:label2\" content=\"Est. reading time\" \/>\n\t<meta name=\"twitter:data2\" content=\"1 minuta\" \/>\n<script type=\"application\/ld+json\" class=\"yoast-schema-graph\">{\"@context\":\"https:\/\/schema.org\",\"@graph\":[{\"@type\":\"Article\",\"@id\":\"https:\/\/sandzakpress.net\/arhiva\/ugljanin-apelovao-da-se-pronadu-napadaci-na-bosnjacke-studente-na-kosovu\/#article\",\"isPartOf\":{\"@id\":\"https:\/\/sandzakpress.net\/arhiva\/ugljanin-apelovao-da-se-pronadu-napadaci-na-bosnjacke-studente-na-kosovu\/\"},\"author\":{\"name\":\"bosniak\",\"@id\":\"https:\/\/sandzakpress.net\/arhiva\/#\/schema\/person\/c8baee722073534b583ea7bdb2e36c02\"},\"headline\":\"Ugljanin apelovao da se prona\u0111u napada\u010di na bo\u0161nja\u010dke studente na Kosovu\",\"datePublished\":\"2013-10-09T17:47:55+00:00\",\"mainEntityOfPage\":{\"@id\":\"https:\/\/sandzakpress.net\/arhiva\/ugljanin-apelovao-da-se-pronadu-napadaci-na-bosnjacke-studente-na-kosovu\/\"},\"wordCount\":199,\"commentCount\":7,\"publisher\":{\"@id\":\"https:\/\/sandzakpress.net\/arhiva\/#\/schema\/person\/6e72b67d6e51910a1117b3b483ba20bd\"},\"image\":{\"@id\":\"https:\/\/sandzakpress.net\/arhiva\/ugljanin-apelovao-da-se-pronadu-napadaci-na-bosnjacke-studente-na-kosovu\/#primaryimage\"},\"thumbnailUrl\":\"https:\/\/sandzakpress.net\/arhiva\/wp-content\/uploads\/2013\/10\/176413_0210-ugljanin-foto-fonet_f.jpg\",\"keywords\":[\"SDA\",\"Sulejman Ugljanin\"],\"articleSection\":[\"Novi Pazar\",\"Politika\",\"Kosovo\",\"VIJESTI DANA\"],\"inLanguage\":\"bs-BA\",\"potentialAction\":[{\"@type\":\"CommentAction\",\"name\":\"Comment\",\"target\":[\"https:\/\/sandzakpress.net\/arhiva\/ugljanin-apelovao-da-se-pronadu-napadaci-na-bosnjacke-studente-na-kosovu\/#respond\"]}]},{\"@type\":\"WebPage\",\"@id\":\"https:\/\/sandzakpress.net\/arhiva\/ugljanin-apelovao-da-se-pronadu-napadaci-na-bosnjacke-studente-na-kosovu\/\",\"url\":\"https:\/\/sandzakpress.net\/arhiva\/ugljanin-apelovao-da-se-pronadu-napadaci-na-bosnjacke-studente-na-kosovu\/\",\"name\":\"Ugljanin apelovao da se prona\u0111u napada\u010di na bo\u0161nja\u010dke studente na Kosovu\",\"isPartOf\":{\"@id\":\"https:\/\/sandzakpress.net\/arhiva\/#website\"},\"primaryImageOfPage\":{\"@id\":\"https:\/\/sandzakpress.net\/arhiva\/ugljanin-apelovao-da-se-pronadu-napadaci-na-bosnjacke-studente-na-kosovu\/#primaryimage\"},\"image\":{\"@id\":\"https:\/\/sandzakpress.net\/arhiva\/ugljanin-apelovao-da-se-pronadu-napadaci-na-bosnjacke-studente-na-kosovu\/#primaryimage\"},\"thumbnailUrl\":\"https:\/\/sandzakpress.net\/arhiva\/wp-content\/uploads\/2013\/10\/176413_0210-ugljanin-foto-fonet_f.jpg\",\"datePublished\":\"2013-10-09T17:47:55+00:00\",\"breadcrumb\":{\"@id\":\"https:\/\/sandzakpress.net\/arhiva\/ugljanin-apelovao-da-se-pronadu-napadaci-na-bosnjacke-studente-na-kosovu\/#breadcrumb\"},\"inLanguage\":\"bs-BA\",\"potentialAction\":[{\"@type\":\"ReadAction\",\"target\":[\"https:\/\/sandzakpress.net\/arhiva\/ugljanin-apelovao-da-se-pronadu-napadaci-na-bosnjacke-studente-na-kosovu\/\"]}]},{\"@type\":\"ImageObject\",\"inLanguage\":\"bs-BA\",\"@id\":\"https:\/\/sandzakpress.net\/arhiva\/ugljanin-apelovao-da-se-pronadu-napadaci-na-bosnjacke-studente-na-kosovu\/#primaryimage\",\"url\":\"https:\/\/sandzakpress.net\/arhiva\/wp-content\/uploads\/2013\/10\/176413_0210-ugljanin-foto-fonet_f.jpg\",\"contentUrl\":\"https:\/\/sandzakpress.net\/arhiva\/wp-content\/uploads\/2013\/10\/176413_0210-ugljanin-foto-fonet_f.jpg\",\"width\":470,\"height\":270},{\"@type\":\"BreadcrumbList\",\"@id\":\"https:\/\/sandzakpress.net\/arhiva\/ugljanin-apelovao-da-se-pronadu-napadaci-na-bosnjacke-studente-na-kosovu\/#breadcrumb\",\"itemListElement\":[{\"@type\":\"ListItem\",\"position\":1,\"name\":\"Home\",\"item\":\"https:\/\/sandzakpress.net\/arhiva\/\"},{\"@type\":\"ListItem\",\"position\":2,\"name\":\"Ugljanin apelovao da se prona\u0111u napada\u010di na bo\u0161nja\u010dke studente na Kosovu\"}]},{\"@type\":\"WebSite\",\"@id\":\"https:\/\/sandzakpress.net\/arhiva\/#website\",\"url\":\"https:\/\/sandzakpress.net\/arhiva\/\",\"name\":\"Sand\u017eak PRESS\",\"description\":\"Prve elektronske novine u Sand\u017eaku\",\"publisher\":{\"@id\":\"https:\/\/sandzakpress.net\/arhiva\/#\/schema\/person\/6e72b67d6e51910a1117b3b483ba20bd\"},\"potentialAction\":[{\"@type\":\"SearchAction\",\"target\":{\"@type\":\"EntryPoint\",\"urlTemplate\":\"https:\/\/sandzakpress.net\/arhiva\/?s={search_term_string}\"},\"query-input\":{\"@type\":\"PropertyValueSpecification\",\"valueRequired\":true,\"valueName\":\"search_term_string\"}}],\"inLanguage\":\"bs-BA\"},{\"@type\":[\"Person\",\"Organization\"],\"@id\":\"https:\/\/sandzakpress.net\/arhiva\/#\/schema\/person\/6e72b67d6e51910a1117b3b483ba20bd\",\"name\":\"Kul\",\"image\":{\"@type\":\"ImageObject\",\"inLanguage\":\"bs-BA\",\"@id\":\"https:\/\/sandzakpress.net\/arhiva\/#\/schema\/person\/image\/\",\"url\":\"https:\/\/secure.gravatar.com\/avatar\/42263f39aa27ac04c43cab85c280eb2e?s=96&d=mm&r=pg\",\"contentUrl\":\"https:\/\/secure.gravatar.com\/avatar\/42263f39aa27ac04c43cab85c280eb2e?s=96&d=mm&r=pg\",\"caption\":\"Kul\"},\"logo\":{\"@id\":\"https:\/\/sandzakpress.net\/arhiva\/#\/schema\/person\/image\/\"}},{\"@type\":\"Person\",\"@id\":\"https:\/\/sandzakpress.net\/arhiva\/#\/schema\/person\/c8baee722073534b583ea7bdb2e36c02\",\"name\":\"bosniak\",\"image\":{\"@type\":\"ImageObject\",\"inLanguage\":\"bs-BA\",\"@id\":\"https:\/\/sandzakpress.net\/arhiva\/#\/schema\/person\/image\/\",\"url\":\"https:\/\/secure.gravatar.com\/avatar\/a04fd330bfe3a36a72a0ad4a6d89fca7?s=96&d=mm&r=pg\",\"contentUrl\":\"https:\/\/secure.gravatar.com\/avatar\/a04fd330bfe3a36a72a0ad4a6d89fca7?s=96&d=mm&r=pg\",\"caption\":\"bosniak\"},\"url\":\"https:\/\/sandzakpress.net\/arhiva\/author\/bosniak\/\"}]}<\/script>\n<!-- \/ Yoast SEO Premium plugin. -->","yoast_head_json":{"title":"Ugljanin apelovao da se prona\u0111u napada\u010di na bo\u0161nja\u010dke studente na Kosovu","robots":{"index":"index","follow":"follow","max-snippet":"max-snippet:-1","max-image-preview":"max-image-preview:large","max-video-preview":"max-video-preview:-1"},"canonical":"https:\/\/sandzakpress.net\/arhiva\/ugljanin-apelovao-da-se-pronadu-napadaci-na-bosnjacke-studente-na-kosovu\/","og_locale":"bs_BA","og_type":"article","og_title":"Ugljanin apelovao da se prona\u0111u napada\u010di na bo\u0161nja\u010dke studente na Kosovu","og_description":"Novi Pazar, Kosovo &#8211; Ministar zadu\u017een za odr\u017eivi razvoj nedovoljno razvijenih podru\u010dja Sulejman Ugljanin zatra\u017eio je od nadle\u017enih institucija da procesuiraju napada\u010de na bo\u0161nja\u010dke studente u Leposavi\u0107u. Ugljanin je ministre Vlade Srbije na ju\u010dera\u0161njoj sjednici upoznao sa napadom na studente u Leposavi\u0107u, 23. Septembra, saop\u0161teno je iz kabineta ministra. &#8220;Osje\u0107aj sigurnosti bi Bo\u0161njake na sjeveru [&hellip;]","og_url":"https:\/\/sandzakpress.net\/arhiva\/ugljanin-apelovao-da-se-pronadu-napadaci-na-bosnjacke-studente-na-kosovu\/","og_site_name":"Sand\u017eak PRESS","article_published_time":"2013-10-09T17:47:55+00:00","og_image":[{"width":470,"height":270,"url":"https:\/\/sandzakpress.net\/arhiva\/wp-content\/uploads\/2013\/10\/176413_0210-ugljanin-foto-fonet_f.jpg","type":"image\/jpeg"}],"author":"bosniak","twitter_card":"summary_large_image","twitter_misc":{"Written by":"bosniak","Est. reading time":"1 minuta"},"schema":{"@context":"https:\/\/schema.org","@graph":[{"@type":"Article","@id":"https:\/\/sandzakpress.net\/arhiva\/ugljanin-apelovao-da-se-pronadu-napadaci-na-bosnjacke-studente-na-kosovu\/#article","isPartOf":{"@id":"https:\/\/sandzakpress.net\/arhiva\/ugljanin-apelovao-da-se-pronadu-napadaci-na-bosnjacke-studente-na-kosovu\/"},"author":{"name":"bosniak","@id":"https:\/\/sandzakpress.net\/arhiva\/#\/schema\/person\/c8baee722073534b583ea7bdb2e36c02"},"headline":"Ugljanin apelovao da se prona\u0111u napada\u010di na bo\u0161nja\u010dke studente na Kosovu","datePublished":"2013-10-09T17:47:55+00:00","mainEntityOfPage":{"@id":"https:\/\/sandzakpress.net\/arhiva\/ugljanin-apelovao-da-se-pronadu-napadaci-na-bosnjacke-studente-na-kosovu\/"},"wordCount":199,"commentCount":7,"publisher":{"@id":"https:\/\/sandzakpress.net\/arhiva\/#\/schema\/person\/6e72b67d6e51910a1117b3b483ba20bd"},"image":{"@id":"https:\/\/sandzakpress.net\/arhiva\/ugljanin-apelovao-da-se-pronadu-napadaci-na-bosnjacke-studente-na-kosovu\/#primaryimage"},"thumbnailUrl":"https:\/\/sandzakpress.net\/arhiva\/wp-content\/uploads\/2013\/10\/176413_0210-ugljanin-foto-fonet_f.jpg","keywords":["SDA","Sulejman Ugljanin"],"articleSection":["Novi Pazar","Politika","Kosovo","VIJESTI DANA"],"inLanguage":"bs-BA","potentialAction":[{"@type":"CommentAction","name":"Comment","target":["https:\/\/sandzakpress.net\/arhiva\/ugljanin-apelovao-da-se-pronadu-napadaci-na-bosnjacke-studente-na-kosovu\/#respond"]}]},{"@type":"WebPage","@id":"https:\/\/sandzakpress.net\/arhiva\/ugljanin-apelovao-da-se-pronadu-napadaci-na-bosnjacke-studente-na-kosovu\/","url":"https:\/\/sandzakpress.net\/arhiva\/ugljanin-apelovao-da-se-pronadu-napadaci-na-bosnjacke-studente-na-kosovu\/","name":"Ugljanin apelovao da se prona\u0111u napada\u010di na bo\u0161nja\u010dke studente na Kosovu","isPartOf":{"@id":"https:\/\/sandzakpress.net\/arhiva\/#website"},"primaryImageOfPage":{"@id":"https:\/\/sandzakpress.net\/arhiva\/ugljanin-apelovao-da-se-pronadu-napadaci-na-bosnjacke-studente-na-kosovu\/#primaryimage"},"image":{"@id":"https:\/\/sandzakpress.net\/arhiva\/ugljanin-apelovao-da-se-pronadu-napadaci-na-bosnjacke-studente-na-kosovu\/#primaryimage"},"thumbnailUrl":"https:\/\/sandzakpress.net\/arhiva\/wp-content\/uploads\/2013\/10\/176413_0210-ugljanin-foto-fonet_f.jpg","datePublished":"2013-10-09T17:47:55+00:00","breadcrumb":{"@id":"https:\/\/sandzakpress.net\/arhiva\/ugljanin-apelovao-da-se-pronadu-napadaci-na-bosnjacke-studente-na-kosovu\/#breadcrumb"},"inLanguage":"bs-BA","potentialAction":[{"@type":"ReadAction","target":["https:\/\/sandzakpress.net\/arhiva\/ugljanin-apelovao-da-se-pronadu-napadaci-na-bosnjacke-studente-na-kosovu\/"]}]},{"@type":"ImageObject","inLanguage":"bs-BA","@id":"https:\/\/sandzakpress.net\/arhiva\/ugljanin-apelovao-da-se-pronadu-napadaci-na-bosnjacke-studente-na-kosovu\/#primaryimage","url":"https:\/\/sandzakpress.net\/arhiva\/wp-content\/uploads\/2013\/10\/176413_0210-ugljanin-foto-fonet_f.jpg","contentUrl":"https:\/\/sandzakpress.net\/arhiva\/wp-content\/uploads\/2013\/10\/176413_0210-ugljanin-foto-fonet_f.jpg","width":470,"height":270},{"@type":"BreadcrumbList","@id":"https:\/\/sandzakpress.net\/arhiva\/ugljanin-apelovao-da-se-pronadu-napadaci-na-bosnjacke-studente-na-kosovu\/#breadcrumb","itemListElement":[{"@type":"ListItem","position":1,"name":"Home","item":"https:\/\/sandzakpress.net\/arhiva\/"},{"@type":"ListItem","position":2,"name":"Ugljanin apelovao da se prona\u0111u napada\u010di na bo\u0161nja\u010dke studente na Kosovu"}]},{"@type":"WebSite","@id":"https:\/\/sandzakpress.net\/arhiva\/#website","url":"https:\/\/sandzakpress.net\/arhiva\/","name":"Sand\u017eak PRESS","description":"Prve elektronske novine u Sand\u017eaku","publisher":{"@id":"https:\/\/sandzakpress.net\/arhiva\/#\/schema\/person\/6e72b67d6e51910a1117b3b483ba20bd"},"potentialAction":[{"@type":"SearchAction","target":{"@type":"EntryPoint","urlTemplate":"https:\/\/sandzakpress.net\/arhiva\/?s={search_term_string}"},"query-input":{"@type":"PropertyValueSpecification","valueRequired":true,"valueName":"search_term_string"}}],"inLanguage":"bs-BA"},{"@type":["Person","Organization"],"@id":"https:\/\/sandzakpress.net\/arhiva\/#\/schema\/person\/6e72b67d6e51910a1117b3b483ba20bd","name":"Kul","image":{"@type":"ImageObject","inLanguage":"bs-BA","@id":"https:\/\/sandzakpress.net\/arhiva\/#\/schema\/person\/image\/","url":"https:\/\/secure.gravatar.com\/avatar\/42263f39aa27ac04c43cab85c280eb2e?s=96&d=mm&r=pg","contentUrl":"https:\/\/secure.gravatar.com\/avatar\/42263f39aa27ac04c43cab85c280eb2e?s=96&d=mm&r=pg","caption":"Kul"},"logo":{"@id":"https:\/\/sandzakpress.net\/arhiva\/#\/schema\/person\/image\/"}},{"@type":"Person","@id":"https:\/\/sandzakpress.net\/arhiva\/#\/schema\/person\/c8baee722073534b583ea7bdb2e36c02","name":"bosniak","image":{"@type":"ImageObject","inLanguage":"bs-BA","@id":"https:\/\/sandzakpress.net\/arhiva\/#\/schema\/person\/image\/","url":"https:\/\/secure.gravatar.com\/avatar\/a04fd330bfe3a36a72a0ad4a6d89fca7?s=96&d=mm&r=pg","contentUrl":"https:\/\/secure.gravatar.com\/avatar\/a04fd330bfe3a36a72a0ad4a6d89fca7?s=96&d=mm&r=pg","caption":"bosniak"},"url":"https:\/\/sandzakpress.net\/arhiva\/author\/bosniak\/"}]}},"_links":{"self":[{"href":"https:\/\/sandzakpress.net\/arhiva\/wp-json\/wp\/v2\/posts\/90484"}],"collection":[{"href":"https:\/\/sandzakpress.net\/arhiva\/wp-json\/wp\/v2\/posts"}],"about":[{"href":"https:\/\/sandzakpress.net\/arhiva\/wp-json\/wp\/v2\/types\/post"}],"author":[{"embeddable":true,"href":"https:\/\/sandzakpress.net\/arhiva\/wp-json\/wp\/v2\/users\/83"}],"replies":[{"embeddable":true,"href":"https:\/\/sandzakpress.net\/arhiva\/wp-json\/wp\/v2\/comments?post=90484"}],"version-history":[{"count":0,"href":"https:\/\/sandzakpress.net\/arhiva\/wp-json\/wp\/v2\/posts\/90484\/revisions"}],"wp:featuredmedia":[{"embeddable":true,"href":"https:\/\/sandzakpress.net\/arhiva\/wp-json\/wp\/v2\/media\/90485"}],"wp:attachment":[{"href":"https:\/\/sandzakpress.net\/arhiva\/wp-json\/wp\/v2\/media?parent=90484"}],"wp:term":[{"taxonomy":"category","embeddable":true,"href":"https:\/\/sandzakpress.net\/arhiva\/wp-json\/wp\/v2\/categories?post=90484"},{"taxonomy":"post_tag","embeddable":true,"href":"https:\/\/sandzakpress.net\/arhiva\/wp-json\/wp\/v2\/tags?post=90484"}],"curies":[{"name":"wp","href":"https:\/\/api.w.org\/{rel}","templated":true}]}}