{"id":90480,"date":"2013-10-09T19:43:06","date_gmt":"2013-10-09T17:43:06","guid":{"rendered":"https:\/\/sandzakpress.net\/arhiva\/?p=90480"},"modified":"2013-10-09T19:49:39","modified_gmt":"2013-10-09T17:49:39","slug":"sudenje-mursiju-4-novembra-mirsi-ne-priznaje-sud","status":"publish","type":"post","link":"https:\/\/sandzakpress.net\/arhiva\/sudenje-mursiju-4-novembra-mursi-ne-priznaje-sud","title":{"rendered":"Su\u0111enje Mursiju 4. novembra, Mursi ne priznaje sud"},"content":{"rendered":"<p style=\"text-align: center;\"><img loading=\"lazy\" decoding=\"async\" class=\"aligncenter\" alt=\"Egipat, Muhamed Mursi, Optu\u017ebe, Su\u0111enje, Ubistvo, demonstranti, Protesti, Muslimanska bra\u0107a\" src=\"http:\/\/balkans.aljazeera.net\/sites\/staff.balkans.aljazeera.com\/files\/styles\/aljazeera_article_main_image\/public\/muhamed_mursi_promo_reuters_main.jpg?itok=fI-YuM0o\" width=\"576\" height=\"384\" \/><\/p>\n<p><strong>Egipat &#8211; Usame Mursi, sin svrgnutog predsjednika Egipta Muhameda Mursija, izjavio je u srijedu da njegov otac ne priznaje, niti prihvata bilo kakvo su\u0111enje.<\/strong><\/p>\n<p>Egipatski sud je odlu\u010dio da sudski postupak protiv vojnim udarom svrgnutog predsjednika Mursija po\u010dne 4. novembra, kada \u0107e mu se suditi za podsticanje ubistava demonstranata za vrijeme pro\u0161logodi\u0161njih decembarskih protesta protiv ustavnih reformi.<\/p>\n<p>&#8220;Predsjednik Mursi niti priznaje, niti prihvata bilo kakvo su\u0111enje. Ne priznaje niti sudske postupke vezane za ta su\u0111enja. Mi, kao njegova porodica, tako\u0111er ne\u0107emo priznati sud koji kr\u0161i legitimni poredak, niti su\u0111enja koja su izvan zakona i izvan Ustava&#8221;, kazao je Usame Mursi agenciji Anadolija.<\/p>\n<p>Glasnogovornik Mursijevog pravnog tima, advokat Mustafa Azeb, izjavio je da se advokati Mursijeve odbrane za sada ne namjeravaju pojavljivati\u00a0na sudu.<\/p>\n<p><strong>Legitimni predsjednik<\/strong><\/p>\n<p>Istakav\u0161i da ne priznaju sporni sudski postupak protiv Mursija, Azeb je kazao da je Mursi jo\u0161 uvijek legitimni predsjednik\u00a0<a href=\"http:\/\/balkans.aljazeera.net\/tema\/egipat-u-tranziciji\" target=\"_blank\">Egipta<\/a>\u00a0i da nikada nije bilo rije\u010di o njegovoj ostavci, niti smjeni.<\/p>\n<p>Azeb je naglasio da drugi osumnji\u010deni u postupku nisu u istoj poziciji kao Mursi i dodao da \u0107e advokati odbrane biti spremni za planirana saslu\u0161anja.<\/p>\n<p>&#8220;Od me\u0111unarodnih pravnih institucija \u0107emo tra\u017eiti procesuiranje onih koji procesuiranjem legalnog predsjednika zemlje kr\u0161e zakone i Ustav. Glavni tu\u017eilac pokoravanjem vojnoj vlasti tako\u0111er kr\u0161i zakon&#8221;, zaklju\u010dio je advokat Azeb.<\/p>\n<p>Mursi \u0107e se na\u0107i pred sudom zajedno s jo\u0161 14 optu\u017eenih za ubijanje demonstranata tokom protesta ispred predsjedni\u010dke palate u decembru 2012. godine, gotovo \u0161est mjeseci prije njegovog svrgavanja u vojnom udaru.<\/p>\n<p>Me\u0111u optu\u017eenima kojima po\u010dinje su\u0111enje je i nekoliko Mursijevih savjetnika i lidera Muslimanske bra\u0107e.<\/p>\n<p><strong>Privremeni dekret<\/strong><\/p>\n<p>Najmanje 10 ljudi je ubijeno u sukobima 5. decembra, koji su izbili izme\u0111u Mursijevih pristalica i protivnika, nakon \u0161to je egipatski predsjednik usvojio privremeni dekret kojim je sebi dao \u0161ira ovla\u0161tenja i svoje odluke stavio iznad pravosudnih organa.<\/p>\n<p>Me\u0111utim, Mursijev pokret Muslimanska bra\u0107a tvrdi da su ve\u0107ina ubijenih bili njegove pristalice.<\/p>\n<p>Od njegovog svrgavanja, 3. jula, egipatska vojska Mursija dr\u017ei na tajnoj lokaciji. Njegove pristalice i protivnici vojne vlasti od tada demonstriraju \u0161irom zemlje.<\/p>\n<p>Tokom tih protesta stotine ljudi su poginule u sukobima sa sigurnosnim snagama.<\/p>\n<p><strong>Zatvaranje organizacije<\/strong><\/p>\n<p>Vije\u0107e ministara Egipta saop\u0107ilo je da je organizacija Muslimanska bra\u0107a od srijede zatvorena.<\/p>\n<p>&#8220;Ministar solidarnosti Egipta Ahmed al-Beri zvani\u010dno je objavio da je organizacija Muslimanska bra\u0107a zatvorena. Ova odluka je donesena zbog kr\u0161enja odre\u0111enih zakona od strane Muslimanske bra\u0107e iz pro\u0161losti&#8221;, navedeno je u saop\u0107enju.<\/p>\n<p>Sud u Kairu je pro\u0161log mjeseca donio odluku o zabrani svih aktivnosti navedenog pokreta, o zabrani samog pokreta i zapljeni \u010ditave imovine Muslimanske bra\u0107e.<\/p>\n<p>Nakon te odluke, Vije\u0107e ministara Egipta u utorak je saop\u0107ilo da su Muslimanska bra\u0107a izbrisana sa liste nevladinih organizacija u Egiptu.<\/p>\n<p><em>Izvor: Agencije<\/em><\/p>\n","protected":false},"excerpt":{"rendered":"<p>Egipat &#8211; Usame Mursi, sin svrgnutog predsjednika Egipta Muhameda Mursija, izjavio je u srijedu da njegov otac ne priznaje, niti prihvata bilo kakvo su\u0111enje. Egipatski sud je odlu\u010dio da sudski postupak protiv vojnim udarom svrgnutog predsjednika Mursija po\u010dne 4. novembra, kada \u0107e mu se suditi za podsticanje ubistava demonstranata za vrijeme pro\u0161logodi\u0161njih decembarskih protesta protiv [&hellip;]<\/p>\n","protected":false},"author":83,"featured_media":90481,"comment_status":"open","ping_status":"open","sticky":false,"template":"","format":"standard","meta":{"footnotes":""},"categories":[9,8957],"tags":[10228],"class_list":{"0":"post-90480","1":"post","2":"type-post","3":"status-publish","4":"format-standard","5":"has-post-thumbnail","7":"category-svijet","8":"category-vijesti-dana","9":"tag-egipat"},"yoast_head":"<!-- This site is optimized with the Yoast SEO Premium plugin v23.1 (Yoast SEO v24.9) - https:\/\/yoast.com\/wordpress\/plugins\/seo\/ -->\n<title>Su\u0111enje Mursiju 4. novembra, Mursi ne priznaje sud<\/title>\n<meta name=\"robots\" content=\"index, follow, max-snippet:-1, max-image-preview:large, max-video-preview:-1\" \/>\n<link rel=\"canonical\" href=\"https:\/\/sandzakpress.net\/arhiva\/sudenje-mursiju-4-novembra-mursi-ne-priznaje-sud\/\" \/>\n<meta property=\"og:locale\" content=\"bs_BA\" \/>\n<meta property=\"og:type\" content=\"article\" \/>\n<meta property=\"og:title\" content=\"Su\u0111enje Mursiju 4. novembra, Mursi ne priznaje sud\" \/>\n<meta property=\"og:description\" content=\"Egipat &#8211; Usame Mursi, sin svrgnutog predsjednika Egipta Muhameda Mursija, izjavio je u srijedu da njegov otac ne priznaje, niti prihvata bilo kakvo su\u0111enje. Egipatski sud je odlu\u010dio da sudski postupak protiv vojnim udarom svrgnutog predsjednika Mursija po\u010dne 4. novembra, kada \u0107e mu se suditi za podsticanje ubistava demonstranata za vrijeme pro\u0161logodi\u0161njih decembarskih protesta protiv [&hellip;]\" \/>\n<meta property=\"og:url\" content=\"https:\/\/sandzakpress.net\/arhiva\/sudenje-mursiju-4-novembra-mursi-ne-priznaje-sud\/\" \/>\n<meta property=\"og:site_name\" content=\"Sand\u017eak PRESS\" \/>\n<meta property=\"article:published_time\" content=\"2013-10-09T17:43:06+00:00\" \/>\n<meta property=\"article:modified_time\" content=\"2013-10-09T17:49:39+00:00\" \/>\n<meta property=\"og:image\" content=\"https:\/\/sandzakpress.net\/arhiva\/wp-content\/uploads\/2013\/10\/muhamed_mursi_promo_reuters_main.jpg\" \/>\n\t<meta property=\"og:image:width\" content=\"616\" \/>\n\t<meta property=\"og:image:height\" content=\"411\" \/>\n\t<meta property=\"og:image:type\" content=\"image\/jpeg\" \/>\n<meta name=\"author\" content=\"bosniak\" \/>\n<meta name=\"twitter:card\" content=\"summary_large_image\" \/>\n<meta name=\"twitter:label1\" content=\"Written by\" \/>\n\t<meta name=\"twitter:data1\" content=\"bosniak\" \/>\n\t<meta name=\"twitter:label2\" content=\"Est. reading time\" \/>\n\t<meta name=\"twitter:data2\" content=\"2 minute\" \/>\n<script type=\"application\/ld+json\" class=\"yoast-schema-graph\">{\"@context\":\"https:\/\/schema.org\",\"@graph\":[{\"@type\":\"Article\",\"@id\":\"https:\/\/sandzakpress.net\/arhiva\/sudenje-mursiju-4-novembra-mursi-ne-priznaje-sud\/#article\",\"isPartOf\":{\"@id\":\"https:\/\/sandzakpress.net\/arhiva\/sudenje-mursiju-4-novembra-mursi-ne-priznaje-sud\/\"},\"author\":{\"name\":\"bosniak\",\"@id\":\"https:\/\/sandzakpress.net\/arhiva\/#\/schema\/person\/c8baee722073534b583ea7bdb2e36c02\"},\"headline\":\"Su\u0111enje Mursiju 4. novembra, Mursi ne priznaje sud\",\"datePublished\":\"2013-10-09T17:43:06+00:00\",\"dateModified\":\"2013-10-09T17:49:39+00:00\",\"mainEntityOfPage\":{\"@id\":\"https:\/\/sandzakpress.net\/arhiva\/sudenje-mursiju-4-novembra-mursi-ne-priznaje-sud\/\"},\"wordCount\":491,\"commentCount\":1,\"publisher\":{\"@id\":\"https:\/\/sandzakpress.net\/arhiva\/#\/schema\/person\/6e72b67d6e51910a1117b3b483ba20bd\"},\"image\":{\"@id\":\"https:\/\/sandzakpress.net\/arhiva\/sudenje-mursiju-4-novembra-mursi-ne-priznaje-sud\/#primaryimage\"},\"thumbnailUrl\":\"https:\/\/sandzakpress.net\/arhiva\/wp-content\/uploads\/2013\/10\/muhamed_mursi_promo_reuters_main.jpg\",\"keywords\":[\"Egipat\"],\"articleSection\":[\"Svijet\",\"VIJESTI DANA\"],\"inLanguage\":\"bs-BA\",\"potentialAction\":[{\"@type\":\"CommentAction\",\"name\":\"Comment\",\"target\":[\"https:\/\/sandzakpress.net\/arhiva\/sudenje-mursiju-4-novembra-mursi-ne-priznaje-sud\/#respond\"]}]},{\"@type\":\"WebPage\",\"@id\":\"https:\/\/sandzakpress.net\/arhiva\/sudenje-mursiju-4-novembra-mursi-ne-priznaje-sud\/\",\"url\":\"https:\/\/sandzakpress.net\/arhiva\/sudenje-mursiju-4-novembra-mursi-ne-priznaje-sud\/\",\"name\":\"Su\u0111enje Mursiju 4. novembra, Mursi ne priznaje sud\",\"isPartOf\":{\"@id\":\"https:\/\/sandzakpress.net\/arhiva\/#website\"},\"primaryImageOfPage\":{\"@id\":\"https:\/\/sandzakpress.net\/arhiva\/sudenje-mursiju-4-novembra-mursi-ne-priznaje-sud\/#primaryimage\"},\"image\":{\"@id\":\"https:\/\/sandzakpress.net\/arhiva\/sudenje-mursiju-4-novembra-mursi-ne-priznaje-sud\/#primaryimage\"},\"thumbnailUrl\":\"https:\/\/sandzakpress.net\/arhiva\/wp-content\/uploads\/2013\/10\/muhamed_mursi_promo_reuters_main.jpg\",\"datePublished\":\"2013-10-09T17:43:06+00:00\",\"dateModified\":\"2013-10-09T17:49:39+00:00\",\"breadcrumb\":{\"@id\":\"https:\/\/sandzakpress.net\/arhiva\/sudenje-mursiju-4-novembra-mursi-ne-priznaje-sud\/#breadcrumb\"},\"inLanguage\":\"bs-BA\",\"potentialAction\":[{\"@type\":\"ReadAction\",\"target\":[\"https:\/\/sandzakpress.net\/arhiva\/sudenje-mursiju-4-novembra-mursi-ne-priznaje-sud\/\"]}]},{\"@type\":\"ImageObject\",\"inLanguage\":\"bs-BA\",\"@id\":\"https:\/\/sandzakpress.net\/arhiva\/sudenje-mursiju-4-novembra-mursi-ne-priznaje-sud\/#primaryimage\",\"url\":\"https:\/\/sandzakpress.net\/arhiva\/wp-content\/uploads\/2013\/10\/muhamed_mursi_promo_reuters_main.jpg\",\"contentUrl\":\"https:\/\/sandzakpress.net\/arhiva\/wp-content\/uploads\/2013\/10\/muhamed_mursi_promo_reuters_main.jpg\",\"width\":616,\"height\":411},{\"@type\":\"BreadcrumbList\",\"@id\":\"https:\/\/sandzakpress.net\/arhiva\/sudenje-mursiju-4-novembra-mursi-ne-priznaje-sud\/#breadcrumb\",\"itemListElement\":[{\"@type\":\"ListItem\",\"position\":1,\"name\":\"Home\",\"item\":\"https:\/\/sandzakpress.net\/arhiva\/\"},{\"@type\":\"ListItem\",\"position\":2,\"name\":\"Su\u0111enje Mursiju 4. novembra, Mursi ne priznaje sud\"}]},{\"@type\":\"WebSite\",\"@id\":\"https:\/\/sandzakpress.net\/arhiva\/#website\",\"url\":\"https:\/\/sandzakpress.net\/arhiva\/\",\"name\":\"Sand\u017eak PRESS\",\"description\":\"Prve elektronske novine u Sand\u017eaku\",\"publisher\":{\"@id\":\"https:\/\/sandzakpress.net\/arhiva\/#\/schema\/person\/6e72b67d6e51910a1117b3b483ba20bd\"},\"potentialAction\":[{\"@type\":\"SearchAction\",\"target\":{\"@type\":\"EntryPoint\",\"urlTemplate\":\"https:\/\/sandzakpress.net\/arhiva\/?s={search_term_string}\"},\"query-input\":{\"@type\":\"PropertyValueSpecification\",\"valueRequired\":true,\"valueName\":\"search_term_string\"}}],\"inLanguage\":\"bs-BA\"},{\"@type\":[\"Person\",\"Organization\"],\"@id\":\"https:\/\/sandzakpress.net\/arhiva\/#\/schema\/person\/6e72b67d6e51910a1117b3b483ba20bd\",\"name\":\"Kul\",\"image\":{\"@type\":\"ImageObject\",\"inLanguage\":\"bs-BA\",\"@id\":\"https:\/\/sandzakpress.net\/arhiva\/#\/schema\/person\/image\/\",\"url\":\"https:\/\/secure.gravatar.com\/avatar\/42263f39aa27ac04c43cab85c280eb2e?s=96&d=mm&r=pg\",\"contentUrl\":\"https:\/\/secure.gravatar.com\/avatar\/42263f39aa27ac04c43cab85c280eb2e?s=96&d=mm&r=pg\",\"caption\":\"Kul\"},\"logo\":{\"@id\":\"https:\/\/sandzakpress.net\/arhiva\/#\/schema\/person\/image\/\"}},{\"@type\":\"Person\",\"@id\":\"https:\/\/sandzakpress.net\/arhiva\/#\/schema\/person\/c8baee722073534b583ea7bdb2e36c02\",\"name\":\"bosniak\",\"image\":{\"@type\":\"ImageObject\",\"inLanguage\":\"bs-BA\",\"@id\":\"https:\/\/sandzakpress.net\/arhiva\/#\/schema\/person\/image\/\",\"url\":\"https:\/\/secure.gravatar.com\/avatar\/a04fd330bfe3a36a72a0ad4a6d89fca7?s=96&d=mm&r=pg\",\"contentUrl\":\"https:\/\/secure.gravatar.com\/avatar\/a04fd330bfe3a36a72a0ad4a6d89fca7?s=96&d=mm&r=pg\",\"caption\":\"bosniak\"},\"url\":\"https:\/\/sandzakpress.net\/arhiva\/author\/bosniak\/\"}]}<\/script>\n<!-- \/ Yoast SEO Premium plugin. -->","yoast_head_json":{"title":"Su\u0111enje Mursiju 4. novembra, Mursi ne priznaje sud","robots":{"index":"index","follow":"follow","max-snippet":"max-snippet:-1","max-image-preview":"max-image-preview:large","max-video-preview":"max-video-preview:-1"},"canonical":"https:\/\/sandzakpress.net\/arhiva\/sudenje-mursiju-4-novembra-mursi-ne-priznaje-sud\/","og_locale":"bs_BA","og_type":"article","og_title":"Su\u0111enje Mursiju 4. novembra, Mursi ne priznaje sud","og_description":"Egipat &#8211; Usame Mursi, sin svrgnutog predsjednika Egipta Muhameda Mursija, izjavio je u srijedu da njegov otac ne priznaje, niti prihvata bilo kakvo su\u0111enje. Egipatski sud je odlu\u010dio da sudski postupak protiv vojnim udarom svrgnutog predsjednika Mursija po\u010dne 4. novembra, kada \u0107e mu se suditi za podsticanje ubistava demonstranata za vrijeme pro\u0161logodi\u0161njih decembarskih protesta protiv [&hellip;]","og_url":"https:\/\/sandzakpress.net\/arhiva\/sudenje-mursiju-4-novembra-mursi-ne-priznaje-sud\/","og_site_name":"Sand\u017eak PRESS","article_published_time":"2013-10-09T17:43:06+00:00","article_modified_time":"2013-10-09T17:49:39+00:00","og_image":[{"width":616,"height":411,"url":"https:\/\/sandzakpress.net\/arhiva\/wp-content\/uploads\/2013\/10\/muhamed_mursi_promo_reuters_main.jpg","type":"image\/jpeg"}],"author":"bosniak","twitter_card":"summary_large_image","twitter_misc":{"Written by":"bosniak","Est. reading time":"2 minute"},"schema":{"@context":"https:\/\/schema.org","@graph":[{"@type":"Article","@id":"https:\/\/sandzakpress.net\/arhiva\/sudenje-mursiju-4-novembra-mursi-ne-priznaje-sud\/#article","isPartOf":{"@id":"https:\/\/sandzakpress.net\/arhiva\/sudenje-mursiju-4-novembra-mursi-ne-priznaje-sud\/"},"author":{"name":"bosniak","@id":"https:\/\/sandzakpress.net\/arhiva\/#\/schema\/person\/c8baee722073534b583ea7bdb2e36c02"},"headline":"Su\u0111enje Mursiju 4. novembra, Mursi ne priznaje sud","datePublished":"2013-10-09T17:43:06+00:00","dateModified":"2013-10-09T17:49:39+00:00","mainEntityOfPage":{"@id":"https:\/\/sandzakpress.net\/arhiva\/sudenje-mursiju-4-novembra-mursi-ne-priznaje-sud\/"},"wordCount":491,"commentCount":1,"publisher":{"@id":"https:\/\/sandzakpress.net\/arhiva\/#\/schema\/person\/6e72b67d6e51910a1117b3b483ba20bd"},"image":{"@id":"https:\/\/sandzakpress.net\/arhiva\/sudenje-mursiju-4-novembra-mursi-ne-priznaje-sud\/#primaryimage"},"thumbnailUrl":"https:\/\/sandzakpress.net\/arhiva\/wp-content\/uploads\/2013\/10\/muhamed_mursi_promo_reuters_main.jpg","keywords":["Egipat"],"articleSection":["Svijet","VIJESTI DANA"],"inLanguage":"bs-BA","potentialAction":[{"@type":"CommentAction","name":"Comment","target":["https:\/\/sandzakpress.net\/arhiva\/sudenje-mursiju-4-novembra-mursi-ne-priznaje-sud\/#respond"]}]},{"@type":"WebPage","@id":"https:\/\/sandzakpress.net\/arhiva\/sudenje-mursiju-4-novembra-mursi-ne-priznaje-sud\/","url":"https:\/\/sandzakpress.net\/arhiva\/sudenje-mursiju-4-novembra-mursi-ne-priznaje-sud\/","name":"Su\u0111enje Mursiju 4. novembra, Mursi ne priznaje sud","isPartOf":{"@id":"https:\/\/sandzakpress.net\/arhiva\/#website"},"primaryImageOfPage":{"@id":"https:\/\/sandzakpress.net\/arhiva\/sudenje-mursiju-4-novembra-mursi-ne-priznaje-sud\/#primaryimage"},"image":{"@id":"https:\/\/sandzakpress.net\/arhiva\/sudenje-mursiju-4-novembra-mursi-ne-priznaje-sud\/#primaryimage"},"thumbnailUrl":"https:\/\/sandzakpress.net\/arhiva\/wp-content\/uploads\/2013\/10\/muhamed_mursi_promo_reuters_main.jpg","datePublished":"2013-10-09T17:43:06+00:00","dateModified":"2013-10-09T17:49:39+00:00","breadcrumb":{"@id":"https:\/\/sandzakpress.net\/arhiva\/sudenje-mursiju-4-novembra-mursi-ne-priznaje-sud\/#breadcrumb"},"inLanguage":"bs-BA","potentialAction":[{"@type":"ReadAction","target":["https:\/\/sandzakpress.net\/arhiva\/sudenje-mursiju-4-novembra-mursi-ne-priznaje-sud\/"]}]},{"@type":"ImageObject","inLanguage":"bs-BA","@id":"https:\/\/sandzakpress.net\/arhiva\/sudenje-mursiju-4-novembra-mursi-ne-priznaje-sud\/#primaryimage","url":"https:\/\/sandzakpress.net\/arhiva\/wp-content\/uploads\/2013\/10\/muhamed_mursi_promo_reuters_main.jpg","contentUrl":"https:\/\/sandzakpress.net\/arhiva\/wp-content\/uploads\/2013\/10\/muhamed_mursi_promo_reuters_main.jpg","width":616,"height":411},{"@type":"BreadcrumbList","@id":"https:\/\/sandzakpress.net\/arhiva\/sudenje-mursiju-4-novembra-mursi-ne-priznaje-sud\/#breadcrumb","itemListElement":[{"@type":"ListItem","position":1,"name":"Home","item":"https:\/\/sandzakpress.net\/arhiva\/"},{"@type":"ListItem","position":2,"name":"Su\u0111enje Mursiju 4. novembra, Mursi ne priznaje sud"}]},{"@type":"WebSite","@id":"https:\/\/sandzakpress.net\/arhiva\/#website","url":"https:\/\/sandzakpress.net\/arhiva\/","name":"Sand\u017eak PRESS","description":"Prve elektronske novine u Sand\u017eaku","publisher":{"@id":"https:\/\/sandzakpress.net\/arhiva\/#\/schema\/person\/6e72b67d6e51910a1117b3b483ba20bd"},"potentialAction":[{"@type":"SearchAction","target":{"@type":"EntryPoint","urlTemplate":"https:\/\/sandzakpress.net\/arhiva\/?s={search_term_string}"},"query-input":{"@type":"PropertyValueSpecification","valueRequired":true,"valueName":"search_term_string"}}],"inLanguage":"bs-BA"},{"@type":["Person","Organization"],"@id":"https:\/\/sandzakpress.net\/arhiva\/#\/schema\/person\/6e72b67d6e51910a1117b3b483ba20bd","name":"Kul","image":{"@type":"ImageObject","inLanguage":"bs-BA","@id":"https:\/\/sandzakpress.net\/arhiva\/#\/schema\/person\/image\/","url":"https:\/\/secure.gravatar.com\/avatar\/42263f39aa27ac04c43cab85c280eb2e?s=96&d=mm&r=pg","contentUrl":"https:\/\/secure.gravatar.com\/avatar\/42263f39aa27ac04c43cab85c280eb2e?s=96&d=mm&r=pg","caption":"Kul"},"logo":{"@id":"https:\/\/sandzakpress.net\/arhiva\/#\/schema\/person\/image\/"}},{"@type":"Person","@id":"https:\/\/sandzakpress.net\/arhiva\/#\/schema\/person\/c8baee722073534b583ea7bdb2e36c02","name":"bosniak","image":{"@type":"ImageObject","inLanguage":"bs-BA","@id":"https:\/\/sandzakpress.net\/arhiva\/#\/schema\/person\/image\/","url":"https:\/\/secure.gravatar.com\/avatar\/a04fd330bfe3a36a72a0ad4a6d89fca7?s=96&d=mm&r=pg","contentUrl":"https:\/\/secure.gravatar.com\/avatar\/a04fd330bfe3a36a72a0ad4a6d89fca7?s=96&d=mm&r=pg","caption":"bosniak"},"url":"https:\/\/sandzakpress.net\/arhiva\/author\/bosniak\/"}]}},"_links":{"self":[{"href":"https:\/\/sandzakpress.net\/arhiva\/wp-json\/wp\/v2\/posts\/90480"}],"collection":[{"href":"https:\/\/sandzakpress.net\/arhiva\/wp-json\/wp\/v2\/posts"}],"about":[{"href":"https:\/\/sandzakpress.net\/arhiva\/wp-json\/wp\/v2\/types\/post"}],"author":[{"embeddable":true,"href":"https:\/\/sandzakpress.net\/arhiva\/wp-json\/wp\/v2\/users\/83"}],"replies":[{"embeddable":true,"href":"https:\/\/sandzakpress.net\/arhiva\/wp-json\/wp\/v2\/comments?post=90480"}],"version-history":[{"count":0,"href":"https:\/\/sandzakpress.net\/arhiva\/wp-json\/wp\/v2\/posts\/90480\/revisions"}],"wp:featuredmedia":[{"embeddable":true,"href":"https:\/\/sandzakpress.net\/arhiva\/wp-json\/wp\/v2\/media\/90481"}],"wp:attachment":[{"href":"https:\/\/sandzakpress.net\/arhiva\/wp-json\/wp\/v2\/media?parent=90480"}],"wp:term":[{"taxonomy":"category","embeddable":true,"href":"https:\/\/sandzakpress.net\/arhiva\/wp-json\/wp\/v2\/categories?post=90480"},{"taxonomy":"post_tag","embeddable":true,"href":"https:\/\/sandzakpress.net\/arhiva\/wp-json\/wp\/v2\/tags?post=90480"}],"curies":[{"name":"wp","href":"https:\/\/api.w.org\/{rel}","templated":true}]}}