{"id":90475,"date":"2013-10-09T19:13:52","date_gmt":"2013-10-09T17:13:52","guid":{"rendered":"https:\/\/sandzakpress.net\/arhiva\/?p=90475"},"modified":"2013-10-09T23:06:51","modified_gmt":"2013-10-09T21:06:51","slug":"bdz-sandzaka-ostro-osuduje-istjeravanje-14-radnika-zato-sto-su-trazili-svoja-prava","status":"publish","type":"post","link":"https:\/\/sandzakpress.net\/arhiva\/bdz-sandzaka-ostro-osuduje-istjeravanje-14-radnika-zato-sto-su-trazili-svoja-prava\/","title":{"rendered":"BDZ Sand\u017eaka o\u0161tro osu\u0111uje istjerivanje 14 radnika zato \u0161to su tra\u017eili svoja prava"},"content":{"rendered":"<p><strong><img loading=\"lazy\" decoding=\"async\" class=\"alignleft size-full wp-image-90478\" alt=\"Ajme3-420x279\" src=\"https:\/\/sandzakpress.net\/arhiva\/wp-content\/uploads\/2013\/10\/Ajme3-420x279.jpg\" width=\"420\" height=\"279\" \/>Novi Pazar &#8211; Rasulo koje je ovih dana zahvatilo Sand\u017ea\u010dku demokratsku partiju Rasima Ljaji\u0107a prenosi se i na Gradsku upravu u Novom Pazaru. Broj upo\u0161ljenih u pomenutoj upravi raste zato \u0161to je na snazi strana\u010dko i, zapo\u0161ljavanje po ro\u0111a\u010dkoj liniji visokih \u010dinovnika SDP-a, a sve na \u0161tetu gra\u0111ana koji svojim radom moraju platiti i onako visok broj zapo\u0161ljenih u Javnom sektoru koji je najizra\u017eeniji u novopazarskoj Gradskoj upravi.<\/strong><\/p>\n<p>Takvim nedoma\u0107inskim odnosom, enormnim i neracionalnim tro\u0161enjem bud\u017eeta grad je pred ekonomskim kolapsom a za ovo haoti\u010dno stanje kriva je vlast SDP-a na \u010delu sa gradona\u010delnikom Mehom Mahmutovi\u0107em.<\/p>\n<p>Plate radnicima u preduze\u0107ima \u010diji je osniva\u010d grad Novi Pazar mjesecima kasne. Pored malih, neredovnih zarada, radnici se susre\u0107u sa nehumanim uslovima na poslu, zastarelom tehnikom i alatima, te mobingom od strane partijskih \u0161efova i direktora, koji se prema radnicima pona\u0161aju drsko i diktatorski.<\/p>\n<p>Jo\u0161 jedan u nizu nezapam\u0107enih skandala jeste uru\u010divanje rje\u0161enja o suspenziji \u010detrnaestorici radnika Direkcije za izgradnju grada koji su danima u \u0161trajku, tra\u017ee\u0107i za\u0161titu imovine firme i isplatu li\u010dnih dohodaka. Ovo predstavlja vrhunac cinizma, bahatosti i neodgovornosti vlasti SDP \u2013 a Rasima Ljaji\u0107a. BDZ Sand\u017eaka najo\u0161trije osu\u0111uje ovakvo pona\u0161anje novopazarske Gradske uprave i \u010delnika Direkcije prema radnicima koji na demokratski na\u010din zahtijevaju svoja prava.<\/p>\n<p>BDZ Sand\u017eaka pita gradsku vlast za\u0161to radnici u preduze\u0107ima u vlasni\u0161tvu grada mjesecima ne primaju plate? Da li plate kasne gradona\u010delniku Mahmutovi\u0107u i njegovim saradnicima te, kolika je va\u0161a plata gospodine Mahmutovi\u0107u?<\/p>\n<p>Za\u0161to se, i po \u010dijem nalogu, spaljuju ma\u0161ine Direkcije i uni\u0161tava mehanizacija pomenutog preduze\u0107a?<\/p>\n<p>Za\u0161to su radnici koji mirno i dostojanstveno tra\u017ee svoje zarade dobili rje\u0161enja o suspenziji sa posla?<\/p>\n<p>Evidentno je da se vlast Rasima Ljaji\u0107a nalazi pred kolapsom i da svakodnevno upada iz gre\u0161ke u gre\u0161ku prave\u0107i haoti\u010dne poteze koji za posljedicu imaju sve lo\u0161iji \u017eivot gra\u0111ana Novog Pazara.<\/p>\n<p>Jedini na\u010din da se do nekle ubla\u017ei katastrofa koja je na pomolu u gradskoj upravu u Novom Pazaru jeste da gradona\u010delnik Meho Mahmutovi\u0107 podnese ostavku i tako pomogne svim na\u0161im sugra\u0111anima da na narednim izborima izaberu one koji \u0107e po\u0161tenim radom i zalaganjem Novi Pazar izvesti na put razvoja i prosperiteta.<\/p>\n<p>Informativna slu\u017eba<\/p>\n<p>BDZ Sand\u017eaka, GO Novi Pazar<\/p>\n","protected":false},"excerpt":{"rendered":"<p>Novi Pazar &#8211; Rasulo koje je ovih dana zahvatilo Sand\u017ea\u010dku demokratsku partiju Rasima Ljaji\u0107a prenosi se i na Gradsku upravu u Novom Pazaru. Broj upo\u0161ljenih u pomenutoj upravi raste zato \u0161to je na snazi strana\u010dko i, zapo\u0161ljavanje po ro\u0111a\u010dkoj liniji visokih \u010dinovnika SDP-a, a sve na \u0161tetu gra\u0111ana koji svojim radom moraju platiti i onako [&hellip;]<\/p>\n","protected":false},"author":83,"featured_media":90478,"comment_status":"open","ping_status":"open","sticky":false,"template":"","format":"standard","meta":{"footnotes":""},"categories":[72,1,8957],"tags":[10223,10248,10257,10210],"class_list":{"0":"post-90475","1":"post","2":"type-post","3":"status-publish","4":"format-standard","5":"has-post-thumbnail","7":"category-novi-pazar","8":"category-politika","9":"category-vijesti-dana","10":"tag-bdz","11":"tag-gradska-uprava-novi-pazar","12":"tag-sdp","13":"tag-rasim-ljajic"},"yoast_head":"<!-- This site is optimized with the Yoast SEO Premium plugin v23.1 (Yoast SEO v24.9) - https:\/\/yoast.com\/wordpress\/plugins\/seo\/ -->\n<title>BDZ Sand\u017eaka o\u0161tro osu\u0111uje istjerivanje 14 radnika zato \u0161to su tra\u017eili svoja prava<\/title>\n<meta name=\"robots\" content=\"index, follow, max-snippet:-1, max-image-preview:large, max-video-preview:-1\" \/>\n<link rel=\"canonical\" href=\"https:\/\/sandzakpress.net\/arhiva\/bdz-sandzaka-ostro-osuduje-istjeravanje-14-radnika-zato-sto-su-trazili-svoja-prava\/\" \/>\n<meta property=\"og:locale\" content=\"bs_BA\" \/>\n<meta property=\"og:type\" content=\"article\" \/>\n<meta property=\"og:title\" content=\"BDZ Sand\u017eaka o\u0161tro osu\u0111uje istjerivanje 14 radnika zato \u0161to su tra\u017eili svoja prava\" \/>\n<meta property=\"og:description\" content=\"Novi Pazar &#8211; Rasulo koje je ovih dana zahvatilo Sand\u017ea\u010dku demokratsku partiju Rasima Ljaji\u0107a prenosi se i na Gradsku upravu u Novom Pazaru. Broj upo\u0161ljenih u pomenutoj upravi raste zato \u0161to je na snazi strana\u010dko i, zapo\u0161ljavanje po ro\u0111a\u010dkoj liniji visokih \u010dinovnika SDP-a, a sve na \u0161tetu gra\u0111ana koji svojim radom moraju platiti i onako [&hellip;]\" \/>\n<meta property=\"og:url\" content=\"https:\/\/sandzakpress.net\/arhiva\/bdz-sandzaka-ostro-osuduje-istjeravanje-14-radnika-zato-sto-su-trazili-svoja-prava\/\" \/>\n<meta property=\"og:site_name\" content=\"Sand\u017eak PRESS\" \/>\n<meta property=\"article:published_time\" content=\"2013-10-09T17:13:52+00:00\" \/>\n<meta property=\"article:modified_time\" content=\"2013-10-09T21:06:51+00:00\" \/>\n<meta property=\"og:image\" content=\"https:\/\/sandzakpress.net\/arhiva\/wp-content\/uploads\/2013\/10\/Ajme3-420x279.jpg\" \/>\n\t<meta property=\"og:image:width\" content=\"420\" \/>\n\t<meta property=\"og:image:height\" content=\"279\" \/>\n\t<meta property=\"og:image:type\" content=\"image\/jpeg\" \/>\n<meta name=\"author\" content=\"bosniak\" \/>\n<meta name=\"twitter:card\" content=\"summary_large_image\" \/>\n<meta name=\"twitter:label1\" content=\"Written by\" \/>\n\t<meta name=\"twitter:data1\" content=\"bosniak\" \/>\n\t<meta name=\"twitter:label2\" content=\"Est. reading time\" \/>\n\t<meta name=\"twitter:data2\" content=\"2 minute\" \/>\n<script type=\"application\/ld+json\" class=\"yoast-schema-graph\">{\"@context\":\"https:\/\/schema.org\",\"@graph\":[{\"@type\":\"Article\",\"@id\":\"https:\/\/sandzakpress.net\/arhiva\/bdz-sandzaka-ostro-osuduje-istjeravanje-14-radnika-zato-sto-su-trazili-svoja-prava\/#article\",\"isPartOf\":{\"@id\":\"https:\/\/sandzakpress.net\/arhiva\/bdz-sandzaka-ostro-osuduje-istjeravanje-14-radnika-zato-sto-su-trazili-svoja-prava\/\"},\"author\":{\"name\":\"bosniak\",\"@id\":\"https:\/\/sandzakpress.net\/arhiva\/#\/schema\/person\/c8baee722073534b583ea7bdb2e36c02\"},\"headline\":\"BDZ Sand\u017eaka o\u0161tro osu\u0111uje istjerivanje 14 radnika zato \u0161to su tra\u017eili svoja prava\",\"datePublished\":\"2013-10-09T17:13:52+00:00\",\"dateModified\":\"2013-10-09T21:06:51+00:00\",\"mainEntityOfPage\":{\"@id\":\"https:\/\/sandzakpress.net\/arhiva\/bdz-sandzaka-ostro-osuduje-istjeravanje-14-radnika-zato-sto-su-trazili-svoja-prava\/\"},\"wordCount\":433,\"commentCount\":2,\"publisher\":{\"@id\":\"https:\/\/sandzakpress.net\/arhiva\/#\/schema\/person\/6e72b67d6e51910a1117b3b483ba20bd\"},\"image\":{\"@id\":\"https:\/\/sandzakpress.net\/arhiva\/bdz-sandzaka-ostro-osuduje-istjeravanje-14-radnika-zato-sto-su-trazili-svoja-prava\/#primaryimage\"},\"thumbnailUrl\":\"https:\/\/sandzakpress.net\/arhiva\/wp-content\/uploads\/2013\/10\/Ajme3-420x279.jpg\",\"keywords\":[\"BDZ\",\"Vlast u Novom Pazaru\",\"SDPS\",\"Rasim Ljaji\u0107\"],\"articleSection\":[\"Novi Pazar\",\"Politika\",\"VIJESTI DANA\"],\"inLanguage\":\"bs-BA\",\"potentialAction\":[{\"@type\":\"CommentAction\",\"name\":\"Comment\",\"target\":[\"https:\/\/sandzakpress.net\/arhiva\/bdz-sandzaka-ostro-osuduje-istjeravanje-14-radnika-zato-sto-su-trazili-svoja-prava\/#respond\"]}]},{\"@type\":\"WebPage\",\"@id\":\"https:\/\/sandzakpress.net\/arhiva\/bdz-sandzaka-ostro-osuduje-istjeravanje-14-radnika-zato-sto-su-trazili-svoja-prava\/\",\"url\":\"https:\/\/sandzakpress.net\/arhiva\/bdz-sandzaka-ostro-osuduje-istjeravanje-14-radnika-zato-sto-su-trazili-svoja-prava\/\",\"name\":\"BDZ Sand\u017eaka o\u0161tro osu\u0111uje istjerivanje 14 radnika zato \u0161to su tra\u017eili svoja prava\",\"isPartOf\":{\"@id\":\"https:\/\/sandzakpress.net\/arhiva\/#website\"},\"primaryImageOfPage\":{\"@id\":\"https:\/\/sandzakpress.net\/arhiva\/bdz-sandzaka-ostro-osuduje-istjeravanje-14-radnika-zato-sto-su-trazili-svoja-prava\/#primaryimage\"},\"image\":{\"@id\":\"https:\/\/sandzakpress.net\/arhiva\/bdz-sandzaka-ostro-osuduje-istjeravanje-14-radnika-zato-sto-su-trazili-svoja-prava\/#primaryimage\"},\"thumbnailUrl\":\"https:\/\/sandzakpress.net\/arhiva\/wp-content\/uploads\/2013\/10\/Ajme3-420x279.jpg\",\"datePublished\":\"2013-10-09T17:13:52+00:00\",\"dateModified\":\"2013-10-09T21:06:51+00:00\",\"breadcrumb\":{\"@id\":\"https:\/\/sandzakpress.net\/arhiva\/bdz-sandzaka-ostro-osuduje-istjeravanje-14-radnika-zato-sto-su-trazili-svoja-prava\/#breadcrumb\"},\"inLanguage\":\"bs-BA\",\"potentialAction\":[{\"@type\":\"ReadAction\",\"target\":[\"https:\/\/sandzakpress.net\/arhiva\/bdz-sandzaka-ostro-osuduje-istjeravanje-14-radnika-zato-sto-su-trazili-svoja-prava\/\"]}]},{\"@type\":\"ImageObject\",\"inLanguage\":\"bs-BA\",\"@id\":\"https:\/\/sandzakpress.net\/arhiva\/bdz-sandzaka-ostro-osuduje-istjeravanje-14-radnika-zato-sto-su-trazili-svoja-prava\/#primaryimage\",\"url\":\"https:\/\/sandzakpress.net\/arhiva\/wp-content\/uploads\/2013\/10\/Ajme3-420x279.jpg\",\"contentUrl\":\"https:\/\/sandzakpress.net\/arhiva\/wp-content\/uploads\/2013\/10\/Ajme3-420x279.jpg\",\"width\":420,\"height\":279},{\"@type\":\"BreadcrumbList\",\"@id\":\"https:\/\/sandzakpress.net\/arhiva\/bdz-sandzaka-ostro-osuduje-istjeravanje-14-radnika-zato-sto-su-trazili-svoja-prava\/#breadcrumb\",\"itemListElement\":[{\"@type\":\"ListItem\",\"position\":1,\"name\":\"Home\",\"item\":\"https:\/\/sandzakpress.net\/arhiva\/\"},{\"@type\":\"ListItem\",\"position\":2,\"name\":\"BDZ Sand\u017eaka o\u0161tro osu\u0111uje istjerivanje 14 radnika zato \u0161to su tra\u017eili svoja prava\"}]},{\"@type\":\"WebSite\",\"@id\":\"https:\/\/sandzakpress.net\/arhiva\/#website\",\"url\":\"https:\/\/sandzakpress.net\/arhiva\/\",\"name\":\"Sand\u017eak PRESS\",\"description\":\"Prve elektronske novine u Sand\u017eaku\",\"publisher\":{\"@id\":\"https:\/\/sandzakpress.net\/arhiva\/#\/schema\/person\/6e72b67d6e51910a1117b3b483ba20bd\"},\"potentialAction\":[{\"@type\":\"SearchAction\",\"target\":{\"@type\":\"EntryPoint\",\"urlTemplate\":\"https:\/\/sandzakpress.net\/arhiva\/?s={search_term_string}\"},\"query-input\":{\"@type\":\"PropertyValueSpecification\",\"valueRequired\":true,\"valueName\":\"search_term_string\"}}],\"inLanguage\":\"bs-BA\"},{\"@type\":[\"Person\",\"Organization\"],\"@id\":\"https:\/\/sandzakpress.net\/arhiva\/#\/schema\/person\/6e72b67d6e51910a1117b3b483ba20bd\",\"name\":\"Kul\",\"image\":{\"@type\":\"ImageObject\",\"inLanguage\":\"bs-BA\",\"@id\":\"https:\/\/sandzakpress.net\/arhiva\/#\/schema\/person\/image\/\",\"url\":\"https:\/\/secure.gravatar.com\/avatar\/42263f39aa27ac04c43cab85c280eb2e?s=96&d=mm&r=pg\",\"contentUrl\":\"https:\/\/secure.gravatar.com\/avatar\/42263f39aa27ac04c43cab85c280eb2e?s=96&d=mm&r=pg\",\"caption\":\"Kul\"},\"logo\":{\"@id\":\"https:\/\/sandzakpress.net\/arhiva\/#\/schema\/person\/image\/\"}},{\"@type\":\"Person\",\"@id\":\"https:\/\/sandzakpress.net\/arhiva\/#\/schema\/person\/c8baee722073534b583ea7bdb2e36c02\",\"name\":\"bosniak\",\"image\":{\"@type\":\"ImageObject\",\"inLanguage\":\"bs-BA\",\"@id\":\"https:\/\/sandzakpress.net\/arhiva\/#\/schema\/person\/image\/\",\"url\":\"https:\/\/secure.gravatar.com\/avatar\/a04fd330bfe3a36a72a0ad4a6d89fca7?s=96&d=mm&r=pg\",\"contentUrl\":\"https:\/\/secure.gravatar.com\/avatar\/a04fd330bfe3a36a72a0ad4a6d89fca7?s=96&d=mm&r=pg\",\"caption\":\"bosniak\"},\"url\":\"https:\/\/sandzakpress.net\/arhiva\/author\/bosniak\/\"}]}<\/script>\n<!-- \/ Yoast SEO Premium plugin. -->","yoast_head_json":{"title":"BDZ Sand\u017eaka o\u0161tro osu\u0111uje istjerivanje 14 radnika zato \u0161to su tra\u017eili svoja prava","robots":{"index":"index","follow":"follow","max-snippet":"max-snippet:-1","max-image-preview":"max-image-preview:large","max-video-preview":"max-video-preview:-1"},"canonical":"https:\/\/sandzakpress.net\/arhiva\/bdz-sandzaka-ostro-osuduje-istjeravanje-14-radnika-zato-sto-su-trazili-svoja-prava\/","og_locale":"bs_BA","og_type":"article","og_title":"BDZ Sand\u017eaka o\u0161tro osu\u0111uje istjerivanje 14 radnika zato \u0161to su tra\u017eili svoja prava","og_description":"Novi Pazar &#8211; Rasulo koje je ovih dana zahvatilo Sand\u017ea\u010dku demokratsku partiju Rasima Ljaji\u0107a prenosi se i na Gradsku upravu u Novom Pazaru. Broj upo\u0161ljenih u pomenutoj upravi raste zato \u0161to je na snazi strana\u010dko i, zapo\u0161ljavanje po ro\u0111a\u010dkoj liniji visokih \u010dinovnika SDP-a, a sve na \u0161tetu gra\u0111ana koji svojim radom moraju platiti i onako [&hellip;]","og_url":"https:\/\/sandzakpress.net\/arhiva\/bdz-sandzaka-ostro-osuduje-istjeravanje-14-radnika-zato-sto-su-trazili-svoja-prava\/","og_site_name":"Sand\u017eak PRESS","article_published_time":"2013-10-09T17:13:52+00:00","article_modified_time":"2013-10-09T21:06:51+00:00","og_image":[{"width":420,"height":279,"url":"https:\/\/sandzakpress.net\/arhiva\/wp-content\/uploads\/2013\/10\/Ajme3-420x279.jpg","type":"image\/jpeg"}],"author":"bosniak","twitter_card":"summary_large_image","twitter_misc":{"Written by":"bosniak","Est. reading time":"2 minute"},"schema":{"@context":"https:\/\/schema.org","@graph":[{"@type":"Article","@id":"https:\/\/sandzakpress.net\/arhiva\/bdz-sandzaka-ostro-osuduje-istjeravanje-14-radnika-zato-sto-su-trazili-svoja-prava\/#article","isPartOf":{"@id":"https:\/\/sandzakpress.net\/arhiva\/bdz-sandzaka-ostro-osuduje-istjeravanje-14-radnika-zato-sto-su-trazili-svoja-prava\/"},"author":{"name":"bosniak","@id":"https:\/\/sandzakpress.net\/arhiva\/#\/schema\/person\/c8baee722073534b583ea7bdb2e36c02"},"headline":"BDZ Sand\u017eaka o\u0161tro osu\u0111uje istjerivanje 14 radnika zato \u0161to su tra\u017eili svoja prava","datePublished":"2013-10-09T17:13:52+00:00","dateModified":"2013-10-09T21:06:51+00:00","mainEntityOfPage":{"@id":"https:\/\/sandzakpress.net\/arhiva\/bdz-sandzaka-ostro-osuduje-istjeravanje-14-radnika-zato-sto-su-trazili-svoja-prava\/"},"wordCount":433,"commentCount":2,"publisher":{"@id":"https:\/\/sandzakpress.net\/arhiva\/#\/schema\/person\/6e72b67d6e51910a1117b3b483ba20bd"},"image":{"@id":"https:\/\/sandzakpress.net\/arhiva\/bdz-sandzaka-ostro-osuduje-istjeravanje-14-radnika-zato-sto-su-trazili-svoja-prava\/#primaryimage"},"thumbnailUrl":"https:\/\/sandzakpress.net\/arhiva\/wp-content\/uploads\/2013\/10\/Ajme3-420x279.jpg","keywords":["BDZ","Vlast u Novom Pazaru","SDPS","Rasim Ljaji\u0107"],"articleSection":["Novi Pazar","Politika","VIJESTI DANA"],"inLanguage":"bs-BA","potentialAction":[{"@type":"CommentAction","name":"Comment","target":["https:\/\/sandzakpress.net\/arhiva\/bdz-sandzaka-ostro-osuduje-istjeravanje-14-radnika-zato-sto-su-trazili-svoja-prava\/#respond"]}]},{"@type":"WebPage","@id":"https:\/\/sandzakpress.net\/arhiva\/bdz-sandzaka-ostro-osuduje-istjeravanje-14-radnika-zato-sto-su-trazili-svoja-prava\/","url":"https:\/\/sandzakpress.net\/arhiva\/bdz-sandzaka-ostro-osuduje-istjeravanje-14-radnika-zato-sto-su-trazili-svoja-prava\/","name":"BDZ Sand\u017eaka o\u0161tro osu\u0111uje istjerivanje 14 radnika zato \u0161to su tra\u017eili svoja prava","isPartOf":{"@id":"https:\/\/sandzakpress.net\/arhiva\/#website"},"primaryImageOfPage":{"@id":"https:\/\/sandzakpress.net\/arhiva\/bdz-sandzaka-ostro-osuduje-istjeravanje-14-radnika-zato-sto-su-trazili-svoja-prava\/#primaryimage"},"image":{"@id":"https:\/\/sandzakpress.net\/arhiva\/bdz-sandzaka-ostro-osuduje-istjeravanje-14-radnika-zato-sto-su-trazili-svoja-prava\/#primaryimage"},"thumbnailUrl":"https:\/\/sandzakpress.net\/arhiva\/wp-content\/uploads\/2013\/10\/Ajme3-420x279.jpg","datePublished":"2013-10-09T17:13:52+00:00","dateModified":"2013-10-09T21:06:51+00:00","breadcrumb":{"@id":"https:\/\/sandzakpress.net\/arhiva\/bdz-sandzaka-ostro-osuduje-istjeravanje-14-radnika-zato-sto-su-trazili-svoja-prava\/#breadcrumb"},"inLanguage":"bs-BA","potentialAction":[{"@type":"ReadAction","target":["https:\/\/sandzakpress.net\/arhiva\/bdz-sandzaka-ostro-osuduje-istjeravanje-14-radnika-zato-sto-su-trazili-svoja-prava\/"]}]},{"@type":"ImageObject","inLanguage":"bs-BA","@id":"https:\/\/sandzakpress.net\/arhiva\/bdz-sandzaka-ostro-osuduje-istjeravanje-14-radnika-zato-sto-su-trazili-svoja-prava\/#primaryimage","url":"https:\/\/sandzakpress.net\/arhiva\/wp-content\/uploads\/2013\/10\/Ajme3-420x279.jpg","contentUrl":"https:\/\/sandzakpress.net\/arhiva\/wp-content\/uploads\/2013\/10\/Ajme3-420x279.jpg","width":420,"height":279},{"@type":"BreadcrumbList","@id":"https:\/\/sandzakpress.net\/arhiva\/bdz-sandzaka-ostro-osuduje-istjeravanje-14-radnika-zato-sto-su-trazili-svoja-prava\/#breadcrumb","itemListElement":[{"@type":"ListItem","position":1,"name":"Home","item":"https:\/\/sandzakpress.net\/arhiva\/"},{"@type":"ListItem","position":2,"name":"BDZ Sand\u017eaka o\u0161tro osu\u0111uje istjerivanje 14 radnika zato \u0161to su tra\u017eili svoja prava"}]},{"@type":"WebSite","@id":"https:\/\/sandzakpress.net\/arhiva\/#website","url":"https:\/\/sandzakpress.net\/arhiva\/","name":"Sand\u017eak PRESS","description":"Prve elektronske novine u Sand\u017eaku","publisher":{"@id":"https:\/\/sandzakpress.net\/arhiva\/#\/schema\/person\/6e72b67d6e51910a1117b3b483ba20bd"},"potentialAction":[{"@type":"SearchAction","target":{"@type":"EntryPoint","urlTemplate":"https:\/\/sandzakpress.net\/arhiva\/?s={search_term_string}"},"query-input":{"@type":"PropertyValueSpecification","valueRequired":true,"valueName":"search_term_string"}}],"inLanguage":"bs-BA"},{"@type":["Person","Organization"],"@id":"https:\/\/sandzakpress.net\/arhiva\/#\/schema\/person\/6e72b67d6e51910a1117b3b483ba20bd","name":"Kul","image":{"@type":"ImageObject","inLanguage":"bs-BA","@id":"https:\/\/sandzakpress.net\/arhiva\/#\/schema\/person\/image\/","url":"https:\/\/secure.gravatar.com\/avatar\/42263f39aa27ac04c43cab85c280eb2e?s=96&d=mm&r=pg","contentUrl":"https:\/\/secure.gravatar.com\/avatar\/42263f39aa27ac04c43cab85c280eb2e?s=96&d=mm&r=pg","caption":"Kul"},"logo":{"@id":"https:\/\/sandzakpress.net\/arhiva\/#\/schema\/person\/image\/"}},{"@type":"Person","@id":"https:\/\/sandzakpress.net\/arhiva\/#\/schema\/person\/c8baee722073534b583ea7bdb2e36c02","name":"bosniak","image":{"@type":"ImageObject","inLanguage":"bs-BA","@id":"https:\/\/sandzakpress.net\/arhiva\/#\/schema\/person\/image\/","url":"https:\/\/secure.gravatar.com\/avatar\/a04fd330bfe3a36a72a0ad4a6d89fca7?s=96&d=mm&r=pg","contentUrl":"https:\/\/secure.gravatar.com\/avatar\/a04fd330bfe3a36a72a0ad4a6d89fca7?s=96&d=mm&r=pg","caption":"bosniak"},"url":"https:\/\/sandzakpress.net\/arhiva\/author\/bosniak\/"}]}},"_links":{"self":[{"href":"https:\/\/sandzakpress.net\/arhiva\/wp-json\/wp\/v2\/posts\/90475"}],"collection":[{"href":"https:\/\/sandzakpress.net\/arhiva\/wp-json\/wp\/v2\/posts"}],"about":[{"href":"https:\/\/sandzakpress.net\/arhiva\/wp-json\/wp\/v2\/types\/post"}],"author":[{"embeddable":true,"href":"https:\/\/sandzakpress.net\/arhiva\/wp-json\/wp\/v2\/users\/83"}],"replies":[{"embeddable":true,"href":"https:\/\/sandzakpress.net\/arhiva\/wp-json\/wp\/v2\/comments?post=90475"}],"version-history":[{"count":0,"href":"https:\/\/sandzakpress.net\/arhiva\/wp-json\/wp\/v2\/posts\/90475\/revisions"}],"wp:featuredmedia":[{"embeddable":true,"href":"https:\/\/sandzakpress.net\/arhiva\/wp-json\/wp\/v2\/media\/90478"}],"wp:attachment":[{"href":"https:\/\/sandzakpress.net\/arhiva\/wp-json\/wp\/v2\/media?parent=90475"}],"wp:term":[{"taxonomy":"category","embeddable":true,"href":"https:\/\/sandzakpress.net\/arhiva\/wp-json\/wp\/v2\/categories?post=90475"},{"taxonomy":"post_tag","embeddable":true,"href":"https:\/\/sandzakpress.net\/arhiva\/wp-json\/wp\/v2\/tags?post=90475"}],"curies":[{"name":"wp","href":"https:\/\/api.w.org\/{rel}","templated":true}]}}