{"id":90415,"date":"2013-10-08T18:56:41","date_gmt":"2013-10-08T16:56:41","guid":{"rendered":"https:\/\/sandzakpress.net\/arhiva\/?p=90415"},"modified":"2013-10-09T19:08:45","modified_gmt":"2013-10-09T17:08:45","slug":"bjelopoljac-admir-osmanovic-dobitnik-nagrade-zlatni-vrabac-za-kratkometrazni-film-irvo","status":"publish","type":"post","link":"https:\/\/sandzakpress.net\/arhiva\/bjelopoljac-admir-osmanovic-dobitnik-nagrade-zlatni-vrabac-za-kratkometrazni-film-irvo\/","title":{"rendered":"Bjelopoljac Admir Osmanovi\u0107 dobitnik nagrade \u201eZlatni vrabac\u201c za kratkometra\u017eni film \u201eIrvo\u201c"},"content":{"rendered":"<p><strong><a href=\"https:\/\/sandzakpress.net\/arhiva\/wp-content\/uploads\/2013\/10\/irvo.jpg\"><img loading=\"lazy\" decoding=\"async\" class=\"alignleft size-medium wp-image-90416\" alt=\"irvo\" src=\"https:\/\/sandzakpress.net\/arhiva\/wp-content\/uploads\/2013\/10\/irvo-178x300.jpg\" width=\"178\" height=\"300\" \/><\/a>Bijelo Polje &#8211; Bjelopoljac Admir Osmanovi\u0107 dobio je nagradu \u201eZlatni vrabac\u201c za kratkometra\u017eni film \u201eIrvo\u201c, na Festivalu alternativnog video izraza u Podgorici.<\/strong><\/p>\n<p>\u017diri, filmski teoreti\u010dar Maja Bogojevi\u0107 i reditelji Slobodan Milatovi\u0107 i Branko Baleti\u0107, kazali su da je ostvarenje \u201eIrvo\u201c donosi pri\u010du o \u010dovjeku \u2013 \u201eirvasu sa sjevera\u201c, koji se poigrava sa stereotipima i vicevima o ruralnom dijelu Crne Gore.<\/p>\n<p>Pored \u017eirija, \u201eIrvo\u201c je odu\u0161evio i mnogobrojnu publiku, koja ga je nagradila nagradom \u201eZlatni vrabac\u201c.<\/p>\n<p>&#8211; Dalibor Radovi\u0107 i ja smo do\u0161li na ideju da napravimo kratki film o Irvu, \u010dovjeku sa sjevera. Dalibor igra glavnu ulogu i na odli\u010dan na\u010din iznosi lik Irva. Drago mi je \u0161to je na\u0161 film prihva\u0107en dobro i nadam se da \u0107e ova nagrada inspirisati jo\u0161 neke mlade ljude da stvaraju, ka\u017ee Osmanovi\u0107.<\/p>\n<p>(bijelopolje.co.me)<\/p>\n","protected":false},"excerpt":{"rendered":"<p>Bijelo Polje &#8211; Bjelopoljac Admir Osmanovi\u0107 dobio je nagradu \u201eZlatni vrabac\u201c za kratkometra\u017eni film \u201eIrvo\u201c, na Festivalu alternativnog video izraza u Podgorici. \u017diri, filmski teoreti\u010dar Maja Bogojevi\u0107 i reditelji Slobodan Milatovi\u0107 i Branko Baleti\u0107, kazali su da je ostvarenje \u201eIrvo\u201c donosi pri\u010du o \u010dovjeku \u2013 \u201eirvasu sa sjevera\u201c, koji se poigrava sa stereotipima i vicevima [&hellip;]<\/p>\n","protected":false},"author":83,"featured_media":90417,"comment_status":"open","ping_status":"open","sticky":false,"template":"","format":"standard","meta":{"footnotes":""},"categories":[396,8957],"tags":[10322],"class_list":{"0":"post-90415","1":"post","2":"type-post","3":"status-publish","4":"format-standard","5":"has-post-thumbnail","7":"category-bijelo_polje","8":"category-vijesti-dana","9":"tag-zasluzne-sandzaklije"},"yoast_head":"<!-- This site is optimized with the Yoast SEO Premium plugin v23.1 (Yoast SEO v24.9) - https:\/\/yoast.com\/wordpress\/plugins\/seo\/ -->\n<title>Bjelopoljac Admir Osmanovi\u0107 dobitnik nagrade \u201eZlatni vrabac\u201c za kratkometra\u017eni film \u201eIrvo\u201c<\/title>\n<meta name=\"robots\" content=\"index, follow, max-snippet:-1, max-image-preview:large, max-video-preview:-1\" \/>\n<link rel=\"canonical\" href=\"https:\/\/sandzakpress.net\/arhiva\/bjelopoljac-admir-osmanovic-dobitnik-nagrade-zlatni-vrabac-za-kratkometrazni-film-irvo\/\" \/>\n<meta property=\"og:locale\" content=\"bs_BA\" \/>\n<meta property=\"og:type\" content=\"article\" \/>\n<meta property=\"og:title\" content=\"Bjelopoljac Admir Osmanovi\u0107 dobitnik nagrade \u201eZlatni vrabac\u201c za kratkometra\u017eni film \u201eIrvo\u201c\" \/>\n<meta property=\"og:description\" content=\"Bijelo Polje &#8211; Bjelopoljac Admir Osmanovi\u0107 dobio je nagradu \u201eZlatni vrabac\u201c za kratkometra\u017eni film \u201eIrvo\u201c, na Festivalu alternativnog video izraza u Podgorici. \u017diri, filmski teoreti\u010dar Maja Bogojevi\u0107 i reditelji Slobodan Milatovi\u0107 i Branko Baleti\u0107, kazali su da je ostvarenje \u201eIrvo\u201c donosi pri\u010du o \u010dovjeku \u2013 \u201eirvasu sa sjevera\u201c, koji se poigrava sa stereotipima i vicevima [&hellip;]\" \/>\n<meta property=\"og:url\" content=\"https:\/\/sandzakpress.net\/arhiva\/bjelopoljac-admir-osmanovic-dobitnik-nagrade-zlatni-vrabac-za-kratkometrazni-film-irvo\/\" \/>\n<meta property=\"og:site_name\" content=\"Sand\u017eak PRESS\" \/>\n<meta property=\"article:published_time\" content=\"2013-10-08T16:56:41+00:00\" \/>\n<meta property=\"article:modified_time\" content=\"2013-10-09T17:08:45+00:00\" \/>\n<meta property=\"og:image\" content=\"https:\/\/sandzakpress.net\/arhiva\/wp-content\/uploads\/2013\/10\/irvo-178x3001.jpg\" \/>\n\t<meta property=\"og:image:width\" content=\"178\" \/>\n\t<meta property=\"og:image:height\" content=\"300\" \/>\n\t<meta property=\"og:image:type\" content=\"image\/jpeg\" \/>\n<meta name=\"author\" content=\"bosniak\" \/>\n<meta name=\"twitter:card\" content=\"summary_large_image\" \/>\n<meta name=\"twitter:label1\" content=\"Written by\" \/>\n\t<meta name=\"twitter:data1\" content=\"bosniak\" \/>\n\t<meta name=\"twitter:label2\" content=\"Est. reading time\" \/>\n\t<meta name=\"twitter:data2\" content=\"1 minuta\" \/>\n<script type=\"application\/ld+json\" class=\"yoast-schema-graph\">{\"@context\":\"https:\/\/schema.org\",\"@graph\":[{\"@type\":\"Article\",\"@id\":\"https:\/\/sandzakpress.net\/arhiva\/bjelopoljac-admir-osmanovic-dobitnik-nagrade-zlatni-vrabac-za-kratkometrazni-film-irvo\/#article\",\"isPartOf\":{\"@id\":\"https:\/\/sandzakpress.net\/arhiva\/bjelopoljac-admir-osmanovic-dobitnik-nagrade-zlatni-vrabac-za-kratkometrazni-film-irvo\/\"},\"author\":{\"name\":\"bosniak\",\"@id\":\"https:\/\/sandzakpress.net\/arhiva\/#\/schema\/person\/c8baee722073534b583ea7bdb2e36c02\"},\"headline\":\"Bjelopoljac Admir Osmanovi\u0107 dobitnik nagrade \u201eZlatni vrabac\u201c za kratkometra\u017eni film \u201eIrvo\u201c\",\"datePublished\":\"2013-10-08T16:56:41+00:00\",\"dateModified\":\"2013-10-09T17:08:45+00:00\",\"mainEntityOfPage\":{\"@id\":\"https:\/\/sandzakpress.net\/arhiva\/bjelopoljac-admir-osmanovic-dobitnik-nagrade-zlatni-vrabac-za-kratkometrazni-film-irvo\/\"},\"wordCount\":152,\"commentCount\":0,\"publisher\":{\"@id\":\"https:\/\/sandzakpress.net\/arhiva\/#\/schema\/person\/6e72b67d6e51910a1117b3b483ba20bd\"},\"image\":{\"@id\":\"https:\/\/sandzakpress.net\/arhiva\/bjelopoljac-admir-osmanovic-dobitnik-nagrade-zlatni-vrabac-za-kratkometrazni-film-irvo\/#primaryimage\"},\"thumbnailUrl\":\"https:\/\/sandzakpress.net\/arhiva\/wp-content\/uploads\/2013\/10\/irvo-178x3001.jpg\",\"keywords\":[\"zaslu\u017ene Sand\u017eaklije\"],\"articleSection\":[\"Bijelo Polje\",\"VIJESTI DANA\"],\"inLanguage\":\"bs-BA\",\"potentialAction\":[{\"@type\":\"CommentAction\",\"name\":\"Comment\",\"target\":[\"https:\/\/sandzakpress.net\/arhiva\/bjelopoljac-admir-osmanovic-dobitnik-nagrade-zlatni-vrabac-za-kratkometrazni-film-irvo\/#respond\"]}]},{\"@type\":\"WebPage\",\"@id\":\"https:\/\/sandzakpress.net\/arhiva\/bjelopoljac-admir-osmanovic-dobitnik-nagrade-zlatni-vrabac-za-kratkometrazni-film-irvo\/\",\"url\":\"https:\/\/sandzakpress.net\/arhiva\/bjelopoljac-admir-osmanovic-dobitnik-nagrade-zlatni-vrabac-za-kratkometrazni-film-irvo\/\",\"name\":\"Bjelopoljac Admir Osmanovi\u0107 dobitnik nagrade \u201eZlatni vrabac\u201c za kratkometra\u017eni film \u201eIrvo\u201c\",\"isPartOf\":{\"@id\":\"https:\/\/sandzakpress.net\/arhiva\/#website\"},\"primaryImageOfPage\":{\"@id\":\"https:\/\/sandzakpress.net\/arhiva\/bjelopoljac-admir-osmanovic-dobitnik-nagrade-zlatni-vrabac-za-kratkometrazni-film-irvo\/#primaryimage\"},\"image\":{\"@id\":\"https:\/\/sandzakpress.net\/arhiva\/bjelopoljac-admir-osmanovic-dobitnik-nagrade-zlatni-vrabac-za-kratkometrazni-film-irvo\/#primaryimage\"},\"thumbnailUrl\":\"https:\/\/sandzakpress.net\/arhiva\/wp-content\/uploads\/2013\/10\/irvo-178x3001.jpg\",\"datePublished\":\"2013-10-08T16:56:41+00:00\",\"dateModified\":\"2013-10-09T17:08:45+00:00\",\"breadcrumb\":{\"@id\":\"https:\/\/sandzakpress.net\/arhiva\/bjelopoljac-admir-osmanovic-dobitnik-nagrade-zlatni-vrabac-za-kratkometrazni-film-irvo\/#breadcrumb\"},\"inLanguage\":\"bs-BA\",\"potentialAction\":[{\"@type\":\"ReadAction\",\"target\":[\"https:\/\/sandzakpress.net\/arhiva\/bjelopoljac-admir-osmanovic-dobitnik-nagrade-zlatni-vrabac-za-kratkometrazni-film-irvo\/\"]}]},{\"@type\":\"ImageObject\",\"inLanguage\":\"bs-BA\",\"@id\":\"https:\/\/sandzakpress.net\/arhiva\/bjelopoljac-admir-osmanovic-dobitnik-nagrade-zlatni-vrabac-za-kratkometrazni-film-irvo\/#primaryimage\",\"url\":\"https:\/\/sandzakpress.net\/arhiva\/wp-content\/uploads\/2013\/10\/irvo-178x3001.jpg\",\"contentUrl\":\"https:\/\/sandzakpress.net\/arhiva\/wp-content\/uploads\/2013\/10\/irvo-178x3001.jpg\",\"width\":178,\"height\":300},{\"@type\":\"BreadcrumbList\",\"@id\":\"https:\/\/sandzakpress.net\/arhiva\/bjelopoljac-admir-osmanovic-dobitnik-nagrade-zlatni-vrabac-za-kratkometrazni-film-irvo\/#breadcrumb\",\"itemListElement\":[{\"@type\":\"ListItem\",\"position\":1,\"name\":\"Home\",\"item\":\"https:\/\/sandzakpress.net\/arhiva\/\"},{\"@type\":\"ListItem\",\"position\":2,\"name\":\"Bjelopoljac Admir Osmanovi\u0107 dobitnik nagrade \u201eZlatni vrabac\u201c za kratkometra\u017eni film \u201eIrvo\u201c\"}]},{\"@type\":\"WebSite\",\"@id\":\"https:\/\/sandzakpress.net\/arhiva\/#website\",\"url\":\"https:\/\/sandzakpress.net\/arhiva\/\",\"name\":\"Sand\u017eak PRESS\",\"description\":\"Prve elektronske novine u Sand\u017eaku\",\"publisher\":{\"@id\":\"https:\/\/sandzakpress.net\/arhiva\/#\/schema\/person\/6e72b67d6e51910a1117b3b483ba20bd\"},\"potentialAction\":[{\"@type\":\"SearchAction\",\"target\":{\"@type\":\"EntryPoint\",\"urlTemplate\":\"https:\/\/sandzakpress.net\/arhiva\/?s={search_term_string}\"},\"query-input\":{\"@type\":\"PropertyValueSpecification\",\"valueRequired\":true,\"valueName\":\"search_term_string\"}}],\"inLanguage\":\"bs-BA\"},{\"@type\":[\"Person\",\"Organization\"],\"@id\":\"https:\/\/sandzakpress.net\/arhiva\/#\/schema\/person\/6e72b67d6e51910a1117b3b483ba20bd\",\"name\":\"Kul\",\"image\":{\"@type\":\"ImageObject\",\"inLanguage\":\"bs-BA\",\"@id\":\"https:\/\/sandzakpress.net\/arhiva\/#\/schema\/person\/image\/\",\"url\":\"https:\/\/secure.gravatar.com\/avatar\/42263f39aa27ac04c43cab85c280eb2e?s=96&d=mm&r=pg\",\"contentUrl\":\"https:\/\/secure.gravatar.com\/avatar\/42263f39aa27ac04c43cab85c280eb2e?s=96&d=mm&r=pg\",\"caption\":\"Kul\"},\"logo\":{\"@id\":\"https:\/\/sandzakpress.net\/arhiva\/#\/schema\/person\/image\/\"}},{\"@type\":\"Person\",\"@id\":\"https:\/\/sandzakpress.net\/arhiva\/#\/schema\/person\/c8baee722073534b583ea7bdb2e36c02\",\"name\":\"bosniak\",\"image\":{\"@type\":\"ImageObject\",\"inLanguage\":\"bs-BA\",\"@id\":\"https:\/\/sandzakpress.net\/arhiva\/#\/schema\/person\/image\/\",\"url\":\"https:\/\/secure.gravatar.com\/avatar\/a04fd330bfe3a36a72a0ad4a6d89fca7?s=96&d=mm&r=pg\",\"contentUrl\":\"https:\/\/secure.gravatar.com\/avatar\/a04fd330bfe3a36a72a0ad4a6d89fca7?s=96&d=mm&r=pg\",\"caption\":\"bosniak\"},\"url\":\"https:\/\/sandzakpress.net\/arhiva\/author\/bosniak\/\"}]}<\/script>\n<!-- \/ Yoast SEO Premium plugin. -->","yoast_head_json":{"title":"Bjelopoljac Admir Osmanovi\u0107 dobitnik nagrade \u201eZlatni vrabac\u201c za kratkometra\u017eni film \u201eIrvo\u201c","robots":{"index":"index","follow":"follow","max-snippet":"max-snippet:-1","max-image-preview":"max-image-preview:large","max-video-preview":"max-video-preview:-1"},"canonical":"https:\/\/sandzakpress.net\/arhiva\/bjelopoljac-admir-osmanovic-dobitnik-nagrade-zlatni-vrabac-za-kratkometrazni-film-irvo\/","og_locale":"bs_BA","og_type":"article","og_title":"Bjelopoljac Admir Osmanovi\u0107 dobitnik nagrade \u201eZlatni vrabac\u201c za kratkometra\u017eni film \u201eIrvo\u201c","og_description":"Bijelo Polje &#8211; Bjelopoljac Admir Osmanovi\u0107 dobio je nagradu \u201eZlatni vrabac\u201c za kratkometra\u017eni film \u201eIrvo\u201c, na Festivalu alternativnog video izraza u Podgorici. \u017diri, filmski teoreti\u010dar Maja Bogojevi\u0107 i reditelji Slobodan Milatovi\u0107 i Branko Baleti\u0107, kazali su da je ostvarenje \u201eIrvo\u201c donosi pri\u010du o \u010dovjeku \u2013 \u201eirvasu sa sjevera\u201c, koji se poigrava sa stereotipima i vicevima [&hellip;]","og_url":"https:\/\/sandzakpress.net\/arhiva\/bjelopoljac-admir-osmanovic-dobitnik-nagrade-zlatni-vrabac-za-kratkometrazni-film-irvo\/","og_site_name":"Sand\u017eak PRESS","article_published_time":"2013-10-08T16:56:41+00:00","article_modified_time":"2013-10-09T17:08:45+00:00","og_image":[{"width":178,"height":300,"url":"https:\/\/sandzakpress.net\/arhiva\/wp-content\/uploads\/2013\/10\/irvo-178x3001.jpg","type":"image\/jpeg"}],"author":"bosniak","twitter_card":"summary_large_image","twitter_misc":{"Written by":"bosniak","Est. reading time":"1 minuta"},"schema":{"@context":"https:\/\/schema.org","@graph":[{"@type":"Article","@id":"https:\/\/sandzakpress.net\/arhiva\/bjelopoljac-admir-osmanovic-dobitnik-nagrade-zlatni-vrabac-za-kratkometrazni-film-irvo\/#article","isPartOf":{"@id":"https:\/\/sandzakpress.net\/arhiva\/bjelopoljac-admir-osmanovic-dobitnik-nagrade-zlatni-vrabac-za-kratkometrazni-film-irvo\/"},"author":{"name":"bosniak","@id":"https:\/\/sandzakpress.net\/arhiva\/#\/schema\/person\/c8baee722073534b583ea7bdb2e36c02"},"headline":"Bjelopoljac Admir Osmanovi\u0107 dobitnik nagrade \u201eZlatni vrabac\u201c za kratkometra\u017eni film \u201eIrvo\u201c","datePublished":"2013-10-08T16:56:41+00:00","dateModified":"2013-10-09T17:08:45+00:00","mainEntityOfPage":{"@id":"https:\/\/sandzakpress.net\/arhiva\/bjelopoljac-admir-osmanovic-dobitnik-nagrade-zlatni-vrabac-za-kratkometrazni-film-irvo\/"},"wordCount":152,"commentCount":0,"publisher":{"@id":"https:\/\/sandzakpress.net\/arhiva\/#\/schema\/person\/6e72b67d6e51910a1117b3b483ba20bd"},"image":{"@id":"https:\/\/sandzakpress.net\/arhiva\/bjelopoljac-admir-osmanovic-dobitnik-nagrade-zlatni-vrabac-za-kratkometrazni-film-irvo\/#primaryimage"},"thumbnailUrl":"https:\/\/sandzakpress.net\/arhiva\/wp-content\/uploads\/2013\/10\/irvo-178x3001.jpg","keywords":["zaslu\u017ene Sand\u017eaklije"],"articleSection":["Bijelo Polje","VIJESTI DANA"],"inLanguage":"bs-BA","potentialAction":[{"@type":"CommentAction","name":"Comment","target":["https:\/\/sandzakpress.net\/arhiva\/bjelopoljac-admir-osmanovic-dobitnik-nagrade-zlatni-vrabac-za-kratkometrazni-film-irvo\/#respond"]}]},{"@type":"WebPage","@id":"https:\/\/sandzakpress.net\/arhiva\/bjelopoljac-admir-osmanovic-dobitnik-nagrade-zlatni-vrabac-za-kratkometrazni-film-irvo\/","url":"https:\/\/sandzakpress.net\/arhiva\/bjelopoljac-admir-osmanovic-dobitnik-nagrade-zlatni-vrabac-za-kratkometrazni-film-irvo\/","name":"Bjelopoljac Admir Osmanovi\u0107 dobitnik nagrade \u201eZlatni vrabac\u201c za kratkometra\u017eni film \u201eIrvo\u201c","isPartOf":{"@id":"https:\/\/sandzakpress.net\/arhiva\/#website"},"primaryImageOfPage":{"@id":"https:\/\/sandzakpress.net\/arhiva\/bjelopoljac-admir-osmanovic-dobitnik-nagrade-zlatni-vrabac-za-kratkometrazni-film-irvo\/#primaryimage"},"image":{"@id":"https:\/\/sandzakpress.net\/arhiva\/bjelopoljac-admir-osmanovic-dobitnik-nagrade-zlatni-vrabac-za-kratkometrazni-film-irvo\/#primaryimage"},"thumbnailUrl":"https:\/\/sandzakpress.net\/arhiva\/wp-content\/uploads\/2013\/10\/irvo-178x3001.jpg","datePublished":"2013-10-08T16:56:41+00:00","dateModified":"2013-10-09T17:08:45+00:00","breadcrumb":{"@id":"https:\/\/sandzakpress.net\/arhiva\/bjelopoljac-admir-osmanovic-dobitnik-nagrade-zlatni-vrabac-za-kratkometrazni-film-irvo\/#breadcrumb"},"inLanguage":"bs-BA","potentialAction":[{"@type":"ReadAction","target":["https:\/\/sandzakpress.net\/arhiva\/bjelopoljac-admir-osmanovic-dobitnik-nagrade-zlatni-vrabac-za-kratkometrazni-film-irvo\/"]}]},{"@type":"ImageObject","inLanguage":"bs-BA","@id":"https:\/\/sandzakpress.net\/arhiva\/bjelopoljac-admir-osmanovic-dobitnik-nagrade-zlatni-vrabac-za-kratkometrazni-film-irvo\/#primaryimage","url":"https:\/\/sandzakpress.net\/arhiva\/wp-content\/uploads\/2013\/10\/irvo-178x3001.jpg","contentUrl":"https:\/\/sandzakpress.net\/arhiva\/wp-content\/uploads\/2013\/10\/irvo-178x3001.jpg","width":178,"height":300},{"@type":"BreadcrumbList","@id":"https:\/\/sandzakpress.net\/arhiva\/bjelopoljac-admir-osmanovic-dobitnik-nagrade-zlatni-vrabac-za-kratkometrazni-film-irvo\/#breadcrumb","itemListElement":[{"@type":"ListItem","position":1,"name":"Home","item":"https:\/\/sandzakpress.net\/arhiva\/"},{"@type":"ListItem","position":2,"name":"Bjelopoljac Admir Osmanovi\u0107 dobitnik nagrade \u201eZlatni vrabac\u201c za kratkometra\u017eni film \u201eIrvo\u201c"}]},{"@type":"WebSite","@id":"https:\/\/sandzakpress.net\/arhiva\/#website","url":"https:\/\/sandzakpress.net\/arhiva\/","name":"Sand\u017eak PRESS","description":"Prve elektronske novine u Sand\u017eaku","publisher":{"@id":"https:\/\/sandzakpress.net\/arhiva\/#\/schema\/person\/6e72b67d6e51910a1117b3b483ba20bd"},"potentialAction":[{"@type":"SearchAction","target":{"@type":"EntryPoint","urlTemplate":"https:\/\/sandzakpress.net\/arhiva\/?s={search_term_string}"},"query-input":{"@type":"PropertyValueSpecification","valueRequired":true,"valueName":"search_term_string"}}],"inLanguage":"bs-BA"},{"@type":["Person","Organization"],"@id":"https:\/\/sandzakpress.net\/arhiva\/#\/schema\/person\/6e72b67d6e51910a1117b3b483ba20bd","name":"Kul","image":{"@type":"ImageObject","inLanguage":"bs-BA","@id":"https:\/\/sandzakpress.net\/arhiva\/#\/schema\/person\/image\/","url":"https:\/\/secure.gravatar.com\/avatar\/42263f39aa27ac04c43cab85c280eb2e?s=96&d=mm&r=pg","contentUrl":"https:\/\/secure.gravatar.com\/avatar\/42263f39aa27ac04c43cab85c280eb2e?s=96&d=mm&r=pg","caption":"Kul"},"logo":{"@id":"https:\/\/sandzakpress.net\/arhiva\/#\/schema\/person\/image\/"}},{"@type":"Person","@id":"https:\/\/sandzakpress.net\/arhiva\/#\/schema\/person\/c8baee722073534b583ea7bdb2e36c02","name":"bosniak","image":{"@type":"ImageObject","inLanguage":"bs-BA","@id":"https:\/\/sandzakpress.net\/arhiva\/#\/schema\/person\/image\/","url":"https:\/\/secure.gravatar.com\/avatar\/a04fd330bfe3a36a72a0ad4a6d89fca7?s=96&d=mm&r=pg","contentUrl":"https:\/\/secure.gravatar.com\/avatar\/a04fd330bfe3a36a72a0ad4a6d89fca7?s=96&d=mm&r=pg","caption":"bosniak"},"url":"https:\/\/sandzakpress.net\/arhiva\/author\/bosniak\/"}]}},"_links":{"self":[{"href":"https:\/\/sandzakpress.net\/arhiva\/wp-json\/wp\/v2\/posts\/90415"}],"collection":[{"href":"https:\/\/sandzakpress.net\/arhiva\/wp-json\/wp\/v2\/posts"}],"about":[{"href":"https:\/\/sandzakpress.net\/arhiva\/wp-json\/wp\/v2\/types\/post"}],"author":[{"embeddable":true,"href":"https:\/\/sandzakpress.net\/arhiva\/wp-json\/wp\/v2\/users\/83"}],"replies":[{"embeddable":true,"href":"https:\/\/sandzakpress.net\/arhiva\/wp-json\/wp\/v2\/comments?post=90415"}],"version-history":[{"count":0,"href":"https:\/\/sandzakpress.net\/arhiva\/wp-json\/wp\/v2\/posts\/90415\/revisions"}],"wp:featuredmedia":[{"embeddable":true,"href":"https:\/\/sandzakpress.net\/arhiva\/wp-json\/wp\/v2\/media\/90417"}],"wp:attachment":[{"href":"https:\/\/sandzakpress.net\/arhiva\/wp-json\/wp\/v2\/media?parent=90415"}],"wp:term":[{"taxonomy":"category","embeddable":true,"href":"https:\/\/sandzakpress.net\/arhiva\/wp-json\/wp\/v2\/categories?post=90415"},{"taxonomy":"post_tag","embeddable":true,"href":"https:\/\/sandzakpress.net\/arhiva\/wp-json\/wp\/v2\/tags?post=90415"}],"curies":[{"name":"wp","href":"https:\/\/api.w.org\/{rel}","templated":true}]}}