{"id":9040,"date":"2010-10-12T18:10:58","date_gmt":"2010-10-12T16:10:58","guid":{"rendered":"https:\/\/sandzakpress.net\/arhiva\/?p=9040"},"modified":"2010-10-12T18:10:58","modified_gmt":"2010-10-12T16:10:58","slug":"naredeno-izmjestanje-19-lokala-zbog-tranzita","status":"publish","type":"post","link":"https:\/\/sandzakpress.net\/arhiva\/naredeno-izmjestanje-19-lokala-zbog-tranzita\/","title":{"rendered":"Nare\u0111eno izmje\u0161tanje 19 lokala zbog tranzita"},"content":{"rendered":"<p><strong><a href=\"https:\/\/sandzakpress.net\/arhiva\/wp-content\/uploads\/2010\/10\/sjenica_objekti.jpg\"><img loading=\"lazy\" decoding=\"async\" class=\"alignleft size-full wp-image-9041\" title=\"sjenica_objekti\" src=\"https:\/\/sandzakpress.net\/arhiva\/wp-content\/uploads\/2010\/10\/sjenica_objekti.jpg\" alt=\"\" width=\"225\" height=\"150\" \/><\/a>Sjenica &#8211; Odlukom sjeni\u010dkog Op\u0161tinskog vije\u0107a 19 monta\u017enih, uslu\u017eno trgovinskih poslovnih objekata u privatnom vlasni\u0161tvu, postavljenih na javnim povr\u0161inama pored Zelene pijace i Osnovne \u0161kole \u201e12. decembar\u201c, bi\u0107e izmje\u0161teno do kraja mjeseca, javlja Radio Sto Plus.<\/strong><\/p>\n<p>Dok predstavnici op\u0161tinske vlasti tvrde da je, takva odluka neophodna kako bi se obezbijedilo nesmetano funkcionisanje tranzita, vlasnici pomenutih objekata negoduju.<\/p>\n<p>Oni su danas, na sastanku sa predstavnicima vlasti, rekli da takvu odluku ne prihvataju, uputili zamjerke na to \u0161to, tranziti put, \u201eprolazi kroz centar grada, pored srednje i osnovne \u0161kole\u201c, i skrenuli su pa\u017enju na to, da su, prihodi iz tih lokala, naj\u010de\u0161\u0107e jedini izvor zarada za njihove porodice.<\/p>\n<p>Bilo je i prijedloga da im op\u0161tinska vlast, u zamjenu, na nekom drugom mjestu napravi sli\u010dne objekte, \u0161to vlast nije prihvatila.<\/p>\n<p>Neki od njih su najavili da inventar i robu iz lokala, u znak protesta, ne\u0107e iznositi, ni kada po\u010dne njihovo ru\u0161enje, jer, smatraju oni, takvi objekti se tehni\u010dki, ne mogu izmjestiti ve\u0107 samo ru\u0161iti.<\/p>\n<p>Odluka o izmje\u0161tanju lokala je kona\u010dna, i ve\u0107 sutra \u0107e svi vlasnici pomenutih objekata dobiti rje\u0161enja o tome, poru\u010diju iz op\u0161tine, i mo\u017ee se samo razgovarati o iznala\u017eenju novih lokacija, za \u0161ta \u0107e vlast, kako je re\u010deno, biti otvorena.<\/p>\n<p>Izvor: <strong>Sjenica-info.com<\/strong><\/p>\n","protected":false},"excerpt":{"rendered":"<p>Sjenica &#8211; Odlukom sjeni\u010dkog Op\u0161tinskog vije\u0107a 19 monta\u017enih, uslu\u017eno trgovinskih poslovnih objekata u privatnom vlasni\u0161tvu, postavljenih na javnim povr\u0161inama pored Zelene pijace i Osnovne \u0161kole \u201e12. decembar\u201c, bi\u0107e izmje\u0161teno do kraja mjeseca, javlja Radio Sto Plus. Dok predstavnici op\u0161tinske vlasti tvrde da je, takva odluka neophodna kako bi se obezbijedilo nesmetano funkcionisanje tranzita, vlasnici pomenutih [&hellip;]<\/p>\n","protected":false},"author":83,"featured_media":9041,"comment_status":"open","ping_status":"open","sticky":false,"template":"","format":"standard","meta":{"footnotes":""},"categories":[52,3],"tags":[],"class_list":{"0":"post-9040","1":"post","2":"type-post","3":"status-publish","4":"format-standard","5":"has-post-thumbnail","7":"category-sjenica","8":"category-privreda"},"yoast_head":"<!-- This site is optimized with the Yoast SEO Premium plugin v23.1 (Yoast SEO v24.9) - https:\/\/yoast.com\/wordpress\/plugins\/seo\/ -->\n<title>Nare\u0111eno izmje\u0161tanje 19 lokala zbog tranzita<\/title>\n<meta name=\"robots\" content=\"index, follow, max-snippet:-1, max-image-preview:large, max-video-preview:-1\" \/>\n<link rel=\"canonical\" href=\"https:\/\/sandzakpress.net\/arhiva\/naredeno-izmjestanje-19-lokala-zbog-tranzita\/\" \/>\n<meta property=\"og:locale\" content=\"bs_BA\" \/>\n<meta property=\"og:type\" content=\"article\" \/>\n<meta property=\"og:title\" content=\"Nare\u0111eno izmje\u0161tanje 19 lokala zbog tranzita\" \/>\n<meta property=\"og:description\" content=\"Sjenica &#8211; Odlukom sjeni\u010dkog Op\u0161tinskog vije\u0107a 19 monta\u017enih, uslu\u017eno trgovinskih poslovnih objekata u privatnom vlasni\u0161tvu, postavljenih na javnim povr\u0161inama pored Zelene pijace i Osnovne \u0161kole \u201e12. decembar\u201c, bi\u0107e izmje\u0161teno do kraja mjeseca, javlja Radio Sto Plus. Dok predstavnici op\u0161tinske vlasti tvrde da je, takva odluka neophodna kako bi se obezbijedilo nesmetano funkcionisanje tranzita, vlasnici pomenutih [&hellip;]\" \/>\n<meta property=\"og:url\" content=\"https:\/\/sandzakpress.net\/arhiva\/naredeno-izmjestanje-19-lokala-zbog-tranzita\/\" \/>\n<meta property=\"og:site_name\" content=\"Sand\u017eak PRESS\" \/>\n<meta property=\"article:published_time\" content=\"2010-10-12T16:10:58+00:00\" \/>\n<meta property=\"og:image\" content=\"https:\/\/sandzakpress.net\/arhiva\/wp-content\/uploads\/2010\/10\/sjenica_objekti.jpg\" \/>\n\t<meta property=\"og:image:width\" content=\"225\" \/>\n\t<meta property=\"og:image:height\" content=\"150\" \/>\n\t<meta property=\"og:image:type\" content=\"image\/jpeg\" \/>\n<meta name=\"author\" content=\"bosniak\" \/>\n<meta name=\"twitter:card\" content=\"summary_large_image\" \/>\n<meta name=\"twitter:label1\" content=\"Written by\" \/>\n\t<meta name=\"twitter:data1\" content=\"bosniak\" \/>\n\t<meta name=\"twitter:label2\" content=\"Est. reading time\" \/>\n\t<meta name=\"twitter:data2\" content=\"1 minuta\" \/>\n<script type=\"application\/ld+json\" class=\"yoast-schema-graph\">{\"@context\":\"https:\/\/schema.org\",\"@graph\":[{\"@type\":\"Article\",\"@id\":\"https:\/\/sandzakpress.net\/arhiva\/naredeno-izmjestanje-19-lokala-zbog-tranzita\/#article\",\"isPartOf\":{\"@id\":\"https:\/\/sandzakpress.net\/arhiva\/naredeno-izmjestanje-19-lokala-zbog-tranzita\/\"},\"author\":{\"name\":\"bosniak\",\"@id\":\"https:\/\/sandzakpress.net\/arhiva\/#\/schema\/person\/c8baee722073534b583ea7bdb2e36c02\"},\"headline\":\"Nare\u0111eno izmje\u0161tanje 19 lokala zbog tranzita\",\"datePublished\":\"2010-10-12T16:10:58+00:00\",\"mainEntityOfPage\":{\"@id\":\"https:\/\/sandzakpress.net\/arhiva\/naredeno-izmjestanje-19-lokala-zbog-tranzita\/\"},\"wordCount\":236,\"commentCount\":0,\"publisher\":{\"@id\":\"https:\/\/sandzakpress.net\/arhiva\/#\/schema\/person\/6e72b67d6e51910a1117b3b483ba20bd\"},\"image\":{\"@id\":\"https:\/\/sandzakpress.net\/arhiva\/naredeno-izmjestanje-19-lokala-zbog-tranzita\/#primaryimage\"},\"thumbnailUrl\":\"https:\/\/sandzakpress.net\/arhiva\/wp-content\/uploads\/2010\/10\/sjenica_objekti.jpg\",\"articleSection\":[\"Sjenica\",\"Privreda\"],\"inLanguage\":\"bs-BA\",\"potentialAction\":[{\"@type\":\"CommentAction\",\"name\":\"Comment\",\"target\":[\"https:\/\/sandzakpress.net\/arhiva\/naredeno-izmjestanje-19-lokala-zbog-tranzita\/#respond\"]}]},{\"@type\":\"WebPage\",\"@id\":\"https:\/\/sandzakpress.net\/arhiva\/naredeno-izmjestanje-19-lokala-zbog-tranzita\/\",\"url\":\"https:\/\/sandzakpress.net\/arhiva\/naredeno-izmjestanje-19-lokala-zbog-tranzita\/\",\"name\":\"Nare\u0111eno izmje\u0161tanje 19 lokala zbog tranzita\",\"isPartOf\":{\"@id\":\"https:\/\/sandzakpress.net\/arhiva\/#website\"},\"primaryImageOfPage\":{\"@id\":\"https:\/\/sandzakpress.net\/arhiva\/naredeno-izmjestanje-19-lokala-zbog-tranzita\/#primaryimage\"},\"image\":{\"@id\":\"https:\/\/sandzakpress.net\/arhiva\/naredeno-izmjestanje-19-lokala-zbog-tranzita\/#primaryimage\"},\"thumbnailUrl\":\"https:\/\/sandzakpress.net\/arhiva\/wp-content\/uploads\/2010\/10\/sjenica_objekti.jpg\",\"datePublished\":\"2010-10-12T16:10:58+00:00\",\"breadcrumb\":{\"@id\":\"https:\/\/sandzakpress.net\/arhiva\/naredeno-izmjestanje-19-lokala-zbog-tranzita\/#breadcrumb\"},\"inLanguage\":\"bs-BA\",\"potentialAction\":[{\"@type\":\"ReadAction\",\"target\":[\"https:\/\/sandzakpress.net\/arhiva\/naredeno-izmjestanje-19-lokala-zbog-tranzita\/\"]}]},{\"@type\":\"ImageObject\",\"inLanguage\":\"bs-BA\",\"@id\":\"https:\/\/sandzakpress.net\/arhiva\/naredeno-izmjestanje-19-lokala-zbog-tranzita\/#primaryimage\",\"url\":\"https:\/\/sandzakpress.net\/arhiva\/wp-content\/uploads\/2010\/10\/sjenica_objekti.jpg\",\"contentUrl\":\"https:\/\/sandzakpress.net\/arhiva\/wp-content\/uploads\/2010\/10\/sjenica_objekti.jpg\",\"width\":225,\"height\":150},{\"@type\":\"BreadcrumbList\",\"@id\":\"https:\/\/sandzakpress.net\/arhiva\/naredeno-izmjestanje-19-lokala-zbog-tranzita\/#breadcrumb\",\"itemListElement\":[{\"@type\":\"ListItem\",\"position\":1,\"name\":\"Home\",\"item\":\"https:\/\/sandzakpress.net\/arhiva\/\"},{\"@type\":\"ListItem\",\"position\":2,\"name\":\"Nare\u0111eno izmje\u0161tanje 19 lokala zbog tranzita\"}]},{\"@type\":\"WebSite\",\"@id\":\"https:\/\/sandzakpress.net\/arhiva\/#website\",\"url\":\"https:\/\/sandzakpress.net\/arhiva\/\",\"name\":\"Sand\u017eak PRESS\",\"description\":\"Prve elektronske novine u Sand\u017eaku\",\"publisher\":{\"@id\":\"https:\/\/sandzakpress.net\/arhiva\/#\/schema\/person\/6e72b67d6e51910a1117b3b483ba20bd\"},\"potentialAction\":[{\"@type\":\"SearchAction\",\"target\":{\"@type\":\"EntryPoint\",\"urlTemplate\":\"https:\/\/sandzakpress.net\/arhiva\/?s={search_term_string}\"},\"query-input\":{\"@type\":\"PropertyValueSpecification\",\"valueRequired\":true,\"valueName\":\"search_term_string\"}}],\"inLanguage\":\"bs-BA\"},{\"@type\":[\"Person\",\"Organization\"],\"@id\":\"https:\/\/sandzakpress.net\/arhiva\/#\/schema\/person\/6e72b67d6e51910a1117b3b483ba20bd\",\"name\":\"Kul\",\"image\":{\"@type\":\"ImageObject\",\"inLanguage\":\"bs-BA\",\"@id\":\"https:\/\/sandzakpress.net\/arhiva\/#\/schema\/person\/image\/\",\"url\":\"https:\/\/secure.gravatar.com\/avatar\/42263f39aa27ac04c43cab85c280eb2e?s=96&d=mm&r=pg\",\"contentUrl\":\"https:\/\/secure.gravatar.com\/avatar\/42263f39aa27ac04c43cab85c280eb2e?s=96&d=mm&r=pg\",\"caption\":\"Kul\"},\"logo\":{\"@id\":\"https:\/\/sandzakpress.net\/arhiva\/#\/schema\/person\/image\/\"}},{\"@type\":\"Person\",\"@id\":\"https:\/\/sandzakpress.net\/arhiva\/#\/schema\/person\/c8baee722073534b583ea7bdb2e36c02\",\"name\":\"bosniak\",\"image\":{\"@type\":\"ImageObject\",\"inLanguage\":\"bs-BA\",\"@id\":\"https:\/\/sandzakpress.net\/arhiva\/#\/schema\/person\/image\/\",\"url\":\"https:\/\/secure.gravatar.com\/avatar\/a04fd330bfe3a36a72a0ad4a6d89fca7?s=96&d=mm&r=pg\",\"contentUrl\":\"https:\/\/secure.gravatar.com\/avatar\/a04fd330bfe3a36a72a0ad4a6d89fca7?s=96&d=mm&r=pg\",\"caption\":\"bosniak\"},\"url\":\"https:\/\/sandzakpress.net\/arhiva\/author\/bosniak\/\"}]}<\/script>\n<!-- \/ Yoast SEO Premium plugin. -->","yoast_head_json":{"title":"Nare\u0111eno izmje\u0161tanje 19 lokala zbog tranzita","robots":{"index":"index","follow":"follow","max-snippet":"max-snippet:-1","max-image-preview":"max-image-preview:large","max-video-preview":"max-video-preview:-1"},"canonical":"https:\/\/sandzakpress.net\/arhiva\/naredeno-izmjestanje-19-lokala-zbog-tranzita\/","og_locale":"bs_BA","og_type":"article","og_title":"Nare\u0111eno izmje\u0161tanje 19 lokala zbog tranzita","og_description":"Sjenica &#8211; Odlukom sjeni\u010dkog Op\u0161tinskog vije\u0107a 19 monta\u017enih, uslu\u017eno trgovinskih poslovnih objekata u privatnom vlasni\u0161tvu, postavljenih na javnim povr\u0161inama pored Zelene pijace i Osnovne \u0161kole \u201e12. decembar\u201c, bi\u0107e izmje\u0161teno do kraja mjeseca, javlja Radio Sto Plus. Dok predstavnici op\u0161tinske vlasti tvrde da je, takva odluka neophodna kako bi se obezbijedilo nesmetano funkcionisanje tranzita, vlasnici pomenutih [&hellip;]","og_url":"https:\/\/sandzakpress.net\/arhiva\/naredeno-izmjestanje-19-lokala-zbog-tranzita\/","og_site_name":"Sand\u017eak PRESS","article_published_time":"2010-10-12T16:10:58+00:00","og_image":[{"width":225,"height":150,"url":"https:\/\/sandzakpress.net\/arhiva\/wp-content\/uploads\/2010\/10\/sjenica_objekti.jpg","type":"image\/jpeg"}],"author":"bosniak","twitter_card":"summary_large_image","twitter_misc":{"Written by":"bosniak","Est. reading time":"1 minuta"},"schema":{"@context":"https:\/\/schema.org","@graph":[{"@type":"Article","@id":"https:\/\/sandzakpress.net\/arhiva\/naredeno-izmjestanje-19-lokala-zbog-tranzita\/#article","isPartOf":{"@id":"https:\/\/sandzakpress.net\/arhiva\/naredeno-izmjestanje-19-lokala-zbog-tranzita\/"},"author":{"name":"bosniak","@id":"https:\/\/sandzakpress.net\/arhiva\/#\/schema\/person\/c8baee722073534b583ea7bdb2e36c02"},"headline":"Nare\u0111eno izmje\u0161tanje 19 lokala zbog tranzita","datePublished":"2010-10-12T16:10:58+00:00","mainEntityOfPage":{"@id":"https:\/\/sandzakpress.net\/arhiva\/naredeno-izmjestanje-19-lokala-zbog-tranzita\/"},"wordCount":236,"commentCount":0,"publisher":{"@id":"https:\/\/sandzakpress.net\/arhiva\/#\/schema\/person\/6e72b67d6e51910a1117b3b483ba20bd"},"image":{"@id":"https:\/\/sandzakpress.net\/arhiva\/naredeno-izmjestanje-19-lokala-zbog-tranzita\/#primaryimage"},"thumbnailUrl":"https:\/\/sandzakpress.net\/arhiva\/wp-content\/uploads\/2010\/10\/sjenica_objekti.jpg","articleSection":["Sjenica","Privreda"],"inLanguage":"bs-BA","potentialAction":[{"@type":"CommentAction","name":"Comment","target":["https:\/\/sandzakpress.net\/arhiva\/naredeno-izmjestanje-19-lokala-zbog-tranzita\/#respond"]}]},{"@type":"WebPage","@id":"https:\/\/sandzakpress.net\/arhiva\/naredeno-izmjestanje-19-lokala-zbog-tranzita\/","url":"https:\/\/sandzakpress.net\/arhiva\/naredeno-izmjestanje-19-lokala-zbog-tranzita\/","name":"Nare\u0111eno izmje\u0161tanje 19 lokala zbog tranzita","isPartOf":{"@id":"https:\/\/sandzakpress.net\/arhiva\/#website"},"primaryImageOfPage":{"@id":"https:\/\/sandzakpress.net\/arhiva\/naredeno-izmjestanje-19-lokala-zbog-tranzita\/#primaryimage"},"image":{"@id":"https:\/\/sandzakpress.net\/arhiva\/naredeno-izmjestanje-19-lokala-zbog-tranzita\/#primaryimage"},"thumbnailUrl":"https:\/\/sandzakpress.net\/arhiva\/wp-content\/uploads\/2010\/10\/sjenica_objekti.jpg","datePublished":"2010-10-12T16:10:58+00:00","breadcrumb":{"@id":"https:\/\/sandzakpress.net\/arhiva\/naredeno-izmjestanje-19-lokala-zbog-tranzita\/#breadcrumb"},"inLanguage":"bs-BA","potentialAction":[{"@type":"ReadAction","target":["https:\/\/sandzakpress.net\/arhiva\/naredeno-izmjestanje-19-lokala-zbog-tranzita\/"]}]},{"@type":"ImageObject","inLanguage":"bs-BA","@id":"https:\/\/sandzakpress.net\/arhiva\/naredeno-izmjestanje-19-lokala-zbog-tranzita\/#primaryimage","url":"https:\/\/sandzakpress.net\/arhiva\/wp-content\/uploads\/2010\/10\/sjenica_objekti.jpg","contentUrl":"https:\/\/sandzakpress.net\/arhiva\/wp-content\/uploads\/2010\/10\/sjenica_objekti.jpg","width":225,"height":150},{"@type":"BreadcrumbList","@id":"https:\/\/sandzakpress.net\/arhiva\/naredeno-izmjestanje-19-lokala-zbog-tranzita\/#breadcrumb","itemListElement":[{"@type":"ListItem","position":1,"name":"Home","item":"https:\/\/sandzakpress.net\/arhiva\/"},{"@type":"ListItem","position":2,"name":"Nare\u0111eno izmje\u0161tanje 19 lokala zbog tranzita"}]},{"@type":"WebSite","@id":"https:\/\/sandzakpress.net\/arhiva\/#website","url":"https:\/\/sandzakpress.net\/arhiva\/","name":"Sand\u017eak PRESS","description":"Prve elektronske novine u Sand\u017eaku","publisher":{"@id":"https:\/\/sandzakpress.net\/arhiva\/#\/schema\/person\/6e72b67d6e51910a1117b3b483ba20bd"},"potentialAction":[{"@type":"SearchAction","target":{"@type":"EntryPoint","urlTemplate":"https:\/\/sandzakpress.net\/arhiva\/?s={search_term_string}"},"query-input":{"@type":"PropertyValueSpecification","valueRequired":true,"valueName":"search_term_string"}}],"inLanguage":"bs-BA"},{"@type":["Person","Organization"],"@id":"https:\/\/sandzakpress.net\/arhiva\/#\/schema\/person\/6e72b67d6e51910a1117b3b483ba20bd","name":"Kul","image":{"@type":"ImageObject","inLanguage":"bs-BA","@id":"https:\/\/sandzakpress.net\/arhiva\/#\/schema\/person\/image\/","url":"https:\/\/secure.gravatar.com\/avatar\/42263f39aa27ac04c43cab85c280eb2e?s=96&d=mm&r=pg","contentUrl":"https:\/\/secure.gravatar.com\/avatar\/42263f39aa27ac04c43cab85c280eb2e?s=96&d=mm&r=pg","caption":"Kul"},"logo":{"@id":"https:\/\/sandzakpress.net\/arhiva\/#\/schema\/person\/image\/"}},{"@type":"Person","@id":"https:\/\/sandzakpress.net\/arhiva\/#\/schema\/person\/c8baee722073534b583ea7bdb2e36c02","name":"bosniak","image":{"@type":"ImageObject","inLanguage":"bs-BA","@id":"https:\/\/sandzakpress.net\/arhiva\/#\/schema\/person\/image\/","url":"https:\/\/secure.gravatar.com\/avatar\/a04fd330bfe3a36a72a0ad4a6d89fca7?s=96&d=mm&r=pg","contentUrl":"https:\/\/secure.gravatar.com\/avatar\/a04fd330bfe3a36a72a0ad4a6d89fca7?s=96&d=mm&r=pg","caption":"bosniak"},"url":"https:\/\/sandzakpress.net\/arhiva\/author\/bosniak\/"}]}},"_links":{"self":[{"href":"https:\/\/sandzakpress.net\/arhiva\/wp-json\/wp\/v2\/posts\/9040"}],"collection":[{"href":"https:\/\/sandzakpress.net\/arhiva\/wp-json\/wp\/v2\/posts"}],"about":[{"href":"https:\/\/sandzakpress.net\/arhiva\/wp-json\/wp\/v2\/types\/post"}],"author":[{"embeddable":true,"href":"https:\/\/sandzakpress.net\/arhiva\/wp-json\/wp\/v2\/users\/83"}],"replies":[{"embeddable":true,"href":"https:\/\/sandzakpress.net\/arhiva\/wp-json\/wp\/v2\/comments?post=9040"}],"version-history":[{"count":0,"href":"https:\/\/sandzakpress.net\/arhiva\/wp-json\/wp\/v2\/posts\/9040\/revisions"}],"wp:featuredmedia":[{"embeddable":true,"href":"https:\/\/sandzakpress.net\/arhiva\/wp-json\/wp\/v2\/media\/9041"}],"wp:attachment":[{"href":"https:\/\/sandzakpress.net\/arhiva\/wp-json\/wp\/v2\/media?parent=9040"}],"wp:term":[{"taxonomy":"category","embeddable":true,"href":"https:\/\/sandzakpress.net\/arhiva\/wp-json\/wp\/v2\/categories?post=9040"},{"taxonomy":"post_tag","embeddable":true,"href":"https:\/\/sandzakpress.net\/arhiva\/wp-json\/wp\/v2\/tags?post=9040"}],"curies":[{"name":"wp","href":"https:\/\/api.w.org\/{rel}","templated":true}]}}