{"id":90374,"date":"2013-10-08T19:11:41","date_gmt":"2013-10-08T17:11:41","guid":{"rendered":"https:\/\/sandzakpress.net\/arhiva\/?p=90374"},"modified":"2013-10-09T19:41:08","modified_gmt":"2013-10-09T17:41:08","slug":"u-gislavedu-u-svedskoj-otvorena-dzamija","status":"publish","type":"post","link":"https:\/\/sandzakpress.net\/arhiva\/u-gislavedu-u-svedskoj-otvorena-dzamija\/","title":{"rendered":"U Gislavedu u \u0160vedskoj otvorena bo\u0161nja\u010dka d\u017eamija"},"content":{"rendered":"<p><strong><a href=\"https:\/\/sandzakpress.net\/arhiva\/wp-content\/uploads\/2013\/10\/otv-dzam-gis-sve-10-2013-1.jpg\"><img loading=\"lazy\" decoding=\"async\" class=\"alignleft size-medium wp-image-90375\" alt=\"otv-dzam-gis-sve-10-2013-1\" src=\"https:\/\/sandzakpress.net\/arhiva\/wp-content\/uploads\/2013\/10\/otv-dzam-gis-sve-10-2013-1-300x199.jpg\" width=\"300\" height=\"199\" \/><\/a>\u0160vedska &#8211; U subotu, 5. oktobra 2013., u gradu Gislaved u \u0160vedskoj otvorena je d\u017eamija. Ovoj sve\u010danosti prisustvovao je veliki broj d\u017eematlija iz gotovo svih d\u017eemata Islamske zajednice Bo\u0161njaka u \u0160vedskoj. Izaslanik reisu-l-uleme Husein-ef. Kavazovi\u0107a na ovom skupu bio je zamjenik Muftije tuzlanskog Dr. Sead-ef. Seljubac.<\/strong><\/p>\n<p>Sve\u010danost je otpo\u010dela pred podne namaz presijecanjem vrpce, nakon \u010dega je Dr. Seljubac predao klju\u010d had\u017ei Asimu Curki\u0107u i Avdi D\u017eematu, dvojici d\u017eematlija, koji su uvakufili najvi\u0161e sredstava, da d\u017eamiju i zvani\u010dno otvore.<\/p>\n<p>Poslije klanjanja podne namaza imami Islamske zajednice Bo\u0161njaka u \u0160vedskoj i hor ilahija i kasida D\u017eemata Gislaved izveli su prelijep mevludski program.<\/p>\n<p>U toku programa skupu su se obratili predsjednik D\u017eemata Ibrahim \u0160ljivo, imam Bizat-ef. Abduramanoski, predsjednik Islamske zajednice Bo\u0161njaka u \u0160vedskoj Mustafa-ef. \u0160etki\u0107, glavni imam Idriz-ef. Karaman i na kraju izaslanik Reisu-l-uleme.<\/p>\n<p>Doma\u0107ini su u svom obra\u0107anju upoznali prisutne o najva\u017enijim pojedinostima u toku vo\u0111enja akcije kupovine i preure\u0111enja ovog prostora. Da podsjetimo, ovaj objekat bio je, zapravo, baptisti\u0161ka crkva, koju je D\u017eemat Gislaved kupio, a onda preuredio u d\u017eamiju. Dana\u0161nji i vanjski i unutarnji izgled ni\u010dim ne odaje da je to nekad bila crkva. Allah, d\u017e.\u0161., je dao da je objekat \u010dak okrenut i prema kibli.<\/p>\n<p>Predsjednik i imam D\u017eemata iskoristili su priliku da se zahvale svim vakifima, a njih je bilo sa svih strana, me\u0111u kojima i nekoliko njih koji stalno \u017eive u Bosni i Hercegovini. Zahvaljuju\u0107i svim ovim vakifima objekat, koji je ko\u0161tao oko 120\u00a0000 eura, u potpunosti je otpla\u0107en i to bez uzimanja bilo kakvog kredita.<\/p>\n<p>Poseban ugo\u0111aj bilo je obra\u0107anje izaslanika Reisu-l-uleme Dr. Sead-ef. Seljubca. Odu\u0161evljen svim \u0161to je do tada vidio i \u010duo, te posebno pa\u017enjom kojom su prisutni pratili cijeli program, Sead-ef. je prvo govorio o strpljenju kao jednom od najva\u017enijih svojstava pravog muslimana. A, kako je u sklopu ove sve\u010danosti prou\u010dena i ikrar dova za had\u017eije, koji ove godine na had\u017ed\u017e putuju u organizaciji Islamske zajednice Bo\u0161njaka u \u0160vedskoj, govor o saburu do\u0161ao je kao poru\u010den.<\/p>\n<p>Kao i cijeli govor Dr. Seljubca, originalan je bio i zavr\u0161ni poziv had\u017eijama da u goste Allahu, d\u017e.\u0161., do\u0111u u dru\u0161tvu Njegova posalnika Muhammeda, a.s.<\/p>\n<p>Na kraju programa prou\u010dena je ikrar dova i tada je ve\u0107 bilo vrijeme za ikindiju namaz.<\/p>\n<p>Poslije ikindije namaza vrijedni doma\u0107ini pobrinuli su se da svi gosti ove sve\u010danosti budu po\u010da\u0161\u0107eni lijepom bosanskom hranom.<\/p>\n<p>Ovaj 5. oktobar osta\u0107e u D\u017eematu Gislaved, ali i Islamskoj zajednici Bo\u0161njaka u \u0160vedskoj, upisan zlatnim snovima i te\u0161ko \u0107e ga iko od prisutnih ikad zaboraviti.<\/p>\n<p>(rijaset)<\/p>\n","protected":false},"excerpt":{"rendered":"<p>\u0160vedska &#8211; U subotu, 5. oktobra 2013., u gradu Gislaved u \u0160vedskoj otvorena je d\u017eamija. Ovoj sve\u010danosti prisustvovao je veliki broj d\u017eematlija iz gotovo svih d\u017eemata Islamske zajednice Bo\u0161njaka u \u0160vedskoj. Izaslanik reisu-l-uleme Husein-ef. Kavazovi\u0107a na ovom skupu bio je zamjenik Muftije tuzlanskog Dr. Sead-ef. Seljubac. Sve\u010danost je otpo\u010dela pred podne namaz presijecanjem vrpce, nakon [&hellip;]<\/p>\n","protected":false},"author":83,"featured_media":90376,"comment_status":"open","ping_status":"open","sticky":false,"template":"","format":"standard","meta":{"footnotes":""},"categories":[802,9543,8957],"tags":[10229],"class_list":{"0":"post-90374","1":"post","2":"type-post","3":"status-publish","4":"format-standard","5":"has-post-thumbnail","7":"category-islamska_zajednica","8":"category-svedska-dijaspora-gradovi-vase-vijesti","9":"category-vijesti-dana","10":"tag-islamska-zajednica"},"yoast_head":"<!-- This site is optimized with the Yoast SEO Premium plugin v23.1 (Yoast SEO v24.9) - https:\/\/yoast.com\/wordpress\/plugins\/seo\/ -->\n<title>U Gislavedu u \u0160vedskoj otvorena bo\u0161nja\u010dka d\u017eamija<\/title>\n<meta name=\"robots\" content=\"index, follow, max-snippet:-1, max-image-preview:large, max-video-preview:-1\" \/>\n<link rel=\"canonical\" href=\"https:\/\/sandzakpress.net\/arhiva\/u-gislavedu-u-svedskoj-otvorena-dzamija\/\" \/>\n<meta property=\"og:locale\" content=\"bs_BA\" \/>\n<meta property=\"og:type\" content=\"article\" \/>\n<meta property=\"og:title\" content=\"U Gislavedu u \u0160vedskoj otvorena bo\u0161nja\u010dka d\u017eamija\" \/>\n<meta property=\"og:description\" content=\"\u0160vedska &#8211; U subotu, 5. oktobra 2013., u gradu Gislaved u \u0160vedskoj otvorena je d\u017eamija. Ovoj sve\u010danosti prisustvovao je veliki broj d\u017eematlija iz gotovo svih d\u017eemata Islamske zajednice Bo\u0161njaka u \u0160vedskoj. Izaslanik reisu-l-uleme Husein-ef. Kavazovi\u0107a na ovom skupu bio je zamjenik Muftije tuzlanskog Dr. Sead-ef. Seljubac. Sve\u010danost je otpo\u010dela pred podne namaz presijecanjem vrpce, nakon [&hellip;]\" \/>\n<meta property=\"og:url\" content=\"https:\/\/sandzakpress.net\/arhiva\/u-gislavedu-u-svedskoj-otvorena-dzamija\/\" \/>\n<meta property=\"og:site_name\" content=\"Sand\u017eak PRESS\" \/>\n<meta property=\"article:published_time\" content=\"2013-10-08T17:11:41+00:00\" \/>\n<meta property=\"article:modified_time\" content=\"2013-10-09T17:41:08+00:00\" \/>\n<meta property=\"og:image\" content=\"https:\/\/sandzakpress.net\/arhiva\/wp-content\/uploads\/2013\/10\/otv-dzam-gis-sve-10-2013-1-300x1991.jpg\" \/>\n\t<meta property=\"og:image:width\" content=\"300\" \/>\n\t<meta property=\"og:image:height\" content=\"199\" \/>\n\t<meta property=\"og:image:type\" content=\"image\/jpeg\" \/>\n<meta name=\"author\" content=\"bosniak\" \/>\n<meta name=\"twitter:card\" content=\"summary_large_image\" \/>\n<meta name=\"twitter:label1\" content=\"Written by\" \/>\n\t<meta name=\"twitter:data1\" content=\"bosniak\" \/>\n\t<meta name=\"twitter:label2\" content=\"Est. reading time\" \/>\n\t<meta name=\"twitter:data2\" content=\"2 minute\" \/>\n<script type=\"application\/ld+json\" class=\"yoast-schema-graph\">{\"@context\":\"https:\/\/schema.org\",\"@graph\":[{\"@type\":\"Article\",\"@id\":\"https:\/\/sandzakpress.net\/arhiva\/u-gislavedu-u-svedskoj-otvorena-dzamija\/#article\",\"isPartOf\":{\"@id\":\"https:\/\/sandzakpress.net\/arhiva\/u-gislavedu-u-svedskoj-otvorena-dzamija\/\"},\"author\":{\"name\":\"bosniak\",\"@id\":\"https:\/\/sandzakpress.net\/arhiva\/#\/schema\/person\/c8baee722073534b583ea7bdb2e36c02\"},\"headline\":\"U Gislavedu u \u0160vedskoj otvorena bo\u0161nja\u010dka d\u017eamija\",\"datePublished\":\"2013-10-08T17:11:41+00:00\",\"dateModified\":\"2013-10-09T17:41:08+00:00\",\"mainEntityOfPage\":{\"@id\":\"https:\/\/sandzakpress.net\/arhiva\/u-gislavedu-u-svedskoj-otvorena-dzamija\/\"},\"wordCount\":476,\"commentCount\":3,\"publisher\":{\"@id\":\"https:\/\/sandzakpress.net\/arhiva\/#\/schema\/person\/6e72b67d6e51910a1117b3b483ba20bd\"},\"image\":{\"@id\":\"https:\/\/sandzakpress.net\/arhiva\/u-gislavedu-u-svedskoj-otvorena-dzamija\/#primaryimage\"},\"thumbnailUrl\":\"https:\/\/sandzakpress.net\/arhiva\/wp-content\/uploads\/2013\/10\/otv-dzam-gis-sve-10-2013-1-300x1991.jpg\",\"keywords\":[\"Islamska zajednica\"],\"articleSection\":[\"Islamska zajednica\",\"\u0160vedska\",\"VIJESTI DANA\"],\"inLanguage\":\"bs-BA\",\"potentialAction\":[{\"@type\":\"CommentAction\",\"name\":\"Comment\",\"target\":[\"https:\/\/sandzakpress.net\/arhiva\/u-gislavedu-u-svedskoj-otvorena-dzamija\/#respond\"]}]},{\"@type\":\"WebPage\",\"@id\":\"https:\/\/sandzakpress.net\/arhiva\/u-gislavedu-u-svedskoj-otvorena-dzamija\/\",\"url\":\"https:\/\/sandzakpress.net\/arhiva\/u-gislavedu-u-svedskoj-otvorena-dzamija\/\",\"name\":\"U Gislavedu u \u0160vedskoj otvorena bo\u0161nja\u010dka d\u017eamija\",\"isPartOf\":{\"@id\":\"https:\/\/sandzakpress.net\/arhiva\/#website\"},\"primaryImageOfPage\":{\"@id\":\"https:\/\/sandzakpress.net\/arhiva\/u-gislavedu-u-svedskoj-otvorena-dzamija\/#primaryimage\"},\"image\":{\"@id\":\"https:\/\/sandzakpress.net\/arhiva\/u-gislavedu-u-svedskoj-otvorena-dzamija\/#primaryimage\"},\"thumbnailUrl\":\"https:\/\/sandzakpress.net\/arhiva\/wp-content\/uploads\/2013\/10\/otv-dzam-gis-sve-10-2013-1-300x1991.jpg\",\"datePublished\":\"2013-10-08T17:11:41+00:00\",\"dateModified\":\"2013-10-09T17:41:08+00:00\",\"breadcrumb\":{\"@id\":\"https:\/\/sandzakpress.net\/arhiva\/u-gislavedu-u-svedskoj-otvorena-dzamija\/#breadcrumb\"},\"inLanguage\":\"bs-BA\",\"potentialAction\":[{\"@type\":\"ReadAction\",\"target\":[\"https:\/\/sandzakpress.net\/arhiva\/u-gislavedu-u-svedskoj-otvorena-dzamija\/\"]}]},{\"@type\":\"ImageObject\",\"inLanguage\":\"bs-BA\",\"@id\":\"https:\/\/sandzakpress.net\/arhiva\/u-gislavedu-u-svedskoj-otvorena-dzamija\/#primaryimage\",\"url\":\"https:\/\/sandzakpress.net\/arhiva\/wp-content\/uploads\/2013\/10\/otv-dzam-gis-sve-10-2013-1-300x1991.jpg\",\"contentUrl\":\"https:\/\/sandzakpress.net\/arhiva\/wp-content\/uploads\/2013\/10\/otv-dzam-gis-sve-10-2013-1-300x1991.jpg\",\"width\":300,\"height\":199},{\"@type\":\"BreadcrumbList\",\"@id\":\"https:\/\/sandzakpress.net\/arhiva\/u-gislavedu-u-svedskoj-otvorena-dzamija\/#breadcrumb\",\"itemListElement\":[{\"@type\":\"ListItem\",\"position\":1,\"name\":\"Home\",\"item\":\"https:\/\/sandzakpress.net\/arhiva\/\"},{\"@type\":\"ListItem\",\"position\":2,\"name\":\"U Gislavedu u \u0160vedskoj otvorena bo\u0161nja\u010dka d\u017eamija\"}]},{\"@type\":\"WebSite\",\"@id\":\"https:\/\/sandzakpress.net\/arhiva\/#website\",\"url\":\"https:\/\/sandzakpress.net\/arhiva\/\",\"name\":\"Sand\u017eak PRESS\",\"description\":\"Prve elektronske novine u Sand\u017eaku\",\"publisher\":{\"@id\":\"https:\/\/sandzakpress.net\/arhiva\/#\/schema\/person\/6e72b67d6e51910a1117b3b483ba20bd\"},\"potentialAction\":[{\"@type\":\"SearchAction\",\"target\":{\"@type\":\"EntryPoint\",\"urlTemplate\":\"https:\/\/sandzakpress.net\/arhiva\/?s={search_term_string}\"},\"query-input\":{\"@type\":\"PropertyValueSpecification\",\"valueRequired\":true,\"valueName\":\"search_term_string\"}}],\"inLanguage\":\"bs-BA\"},{\"@type\":[\"Person\",\"Organization\"],\"@id\":\"https:\/\/sandzakpress.net\/arhiva\/#\/schema\/person\/6e72b67d6e51910a1117b3b483ba20bd\",\"name\":\"Kul\",\"image\":{\"@type\":\"ImageObject\",\"inLanguage\":\"bs-BA\",\"@id\":\"https:\/\/sandzakpress.net\/arhiva\/#\/schema\/person\/image\/\",\"url\":\"https:\/\/secure.gravatar.com\/avatar\/42263f39aa27ac04c43cab85c280eb2e?s=96&d=mm&r=pg\",\"contentUrl\":\"https:\/\/secure.gravatar.com\/avatar\/42263f39aa27ac04c43cab85c280eb2e?s=96&d=mm&r=pg\",\"caption\":\"Kul\"},\"logo\":{\"@id\":\"https:\/\/sandzakpress.net\/arhiva\/#\/schema\/person\/image\/\"}},{\"@type\":\"Person\",\"@id\":\"https:\/\/sandzakpress.net\/arhiva\/#\/schema\/person\/c8baee722073534b583ea7bdb2e36c02\",\"name\":\"bosniak\",\"image\":{\"@type\":\"ImageObject\",\"inLanguage\":\"bs-BA\",\"@id\":\"https:\/\/sandzakpress.net\/arhiva\/#\/schema\/person\/image\/\",\"url\":\"https:\/\/secure.gravatar.com\/avatar\/a04fd330bfe3a36a72a0ad4a6d89fca7?s=96&d=mm&r=pg\",\"contentUrl\":\"https:\/\/secure.gravatar.com\/avatar\/a04fd330bfe3a36a72a0ad4a6d89fca7?s=96&d=mm&r=pg\",\"caption\":\"bosniak\"},\"url\":\"https:\/\/sandzakpress.net\/arhiva\/author\/bosniak\/\"}]}<\/script>\n<!-- \/ Yoast SEO Premium plugin. -->","yoast_head_json":{"title":"U Gislavedu u \u0160vedskoj otvorena bo\u0161nja\u010dka d\u017eamija","robots":{"index":"index","follow":"follow","max-snippet":"max-snippet:-1","max-image-preview":"max-image-preview:large","max-video-preview":"max-video-preview:-1"},"canonical":"https:\/\/sandzakpress.net\/arhiva\/u-gislavedu-u-svedskoj-otvorena-dzamija\/","og_locale":"bs_BA","og_type":"article","og_title":"U Gislavedu u \u0160vedskoj otvorena bo\u0161nja\u010dka d\u017eamija","og_description":"\u0160vedska &#8211; U subotu, 5. oktobra 2013., u gradu Gislaved u \u0160vedskoj otvorena je d\u017eamija. Ovoj sve\u010danosti prisustvovao je veliki broj d\u017eematlija iz gotovo svih d\u017eemata Islamske zajednice Bo\u0161njaka u \u0160vedskoj. Izaslanik reisu-l-uleme Husein-ef. Kavazovi\u0107a na ovom skupu bio je zamjenik Muftije tuzlanskog Dr. Sead-ef. Seljubac. Sve\u010danost je otpo\u010dela pred podne namaz presijecanjem vrpce, nakon [&hellip;]","og_url":"https:\/\/sandzakpress.net\/arhiva\/u-gislavedu-u-svedskoj-otvorena-dzamija\/","og_site_name":"Sand\u017eak PRESS","article_published_time":"2013-10-08T17:11:41+00:00","article_modified_time":"2013-10-09T17:41:08+00:00","og_image":[{"width":300,"height":199,"url":"https:\/\/sandzakpress.net\/arhiva\/wp-content\/uploads\/2013\/10\/otv-dzam-gis-sve-10-2013-1-300x1991.jpg","type":"image\/jpeg"}],"author":"bosniak","twitter_card":"summary_large_image","twitter_misc":{"Written by":"bosniak","Est. reading time":"2 minute"},"schema":{"@context":"https:\/\/schema.org","@graph":[{"@type":"Article","@id":"https:\/\/sandzakpress.net\/arhiva\/u-gislavedu-u-svedskoj-otvorena-dzamija\/#article","isPartOf":{"@id":"https:\/\/sandzakpress.net\/arhiva\/u-gislavedu-u-svedskoj-otvorena-dzamija\/"},"author":{"name":"bosniak","@id":"https:\/\/sandzakpress.net\/arhiva\/#\/schema\/person\/c8baee722073534b583ea7bdb2e36c02"},"headline":"U Gislavedu u \u0160vedskoj otvorena bo\u0161nja\u010dka d\u017eamija","datePublished":"2013-10-08T17:11:41+00:00","dateModified":"2013-10-09T17:41:08+00:00","mainEntityOfPage":{"@id":"https:\/\/sandzakpress.net\/arhiva\/u-gislavedu-u-svedskoj-otvorena-dzamija\/"},"wordCount":476,"commentCount":3,"publisher":{"@id":"https:\/\/sandzakpress.net\/arhiva\/#\/schema\/person\/6e72b67d6e51910a1117b3b483ba20bd"},"image":{"@id":"https:\/\/sandzakpress.net\/arhiva\/u-gislavedu-u-svedskoj-otvorena-dzamija\/#primaryimage"},"thumbnailUrl":"https:\/\/sandzakpress.net\/arhiva\/wp-content\/uploads\/2013\/10\/otv-dzam-gis-sve-10-2013-1-300x1991.jpg","keywords":["Islamska zajednica"],"articleSection":["Islamska zajednica","\u0160vedska","VIJESTI DANA"],"inLanguage":"bs-BA","potentialAction":[{"@type":"CommentAction","name":"Comment","target":["https:\/\/sandzakpress.net\/arhiva\/u-gislavedu-u-svedskoj-otvorena-dzamija\/#respond"]}]},{"@type":"WebPage","@id":"https:\/\/sandzakpress.net\/arhiva\/u-gislavedu-u-svedskoj-otvorena-dzamija\/","url":"https:\/\/sandzakpress.net\/arhiva\/u-gislavedu-u-svedskoj-otvorena-dzamija\/","name":"U Gislavedu u \u0160vedskoj otvorena bo\u0161nja\u010dka d\u017eamija","isPartOf":{"@id":"https:\/\/sandzakpress.net\/arhiva\/#website"},"primaryImageOfPage":{"@id":"https:\/\/sandzakpress.net\/arhiva\/u-gislavedu-u-svedskoj-otvorena-dzamija\/#primaryimage"},"image":{"@id":"https:\/\/sandzakpress.net\/arhiva\/u-gislavedu-u-svedskoj-otvorena-dzamija\/#primaryimage"},"thumbnailUrl":"https:\/\/sandzakpress.net\/arhiva\/wp-content\/uploads\/2013\/10\/otv-dzam-gis-sve-10-2013-1-300x1991.jpg","datePublished":"2013-10-08T17:11:41+00:00","dateModified":"2013-10-09T17:41:08+00:00","breadcrumb":{"@id":"https:\/\/sandzakpress.net\/arhiva\/u-gislavedu-u-svedskoj-otvorena-dzamija\/#breadcrumb"},"inLanguage":"bs-BA","potentialAction":[{"@type":"ReadAction","target":["https:\/\/sandzakpress.net\/arhiva\/u-gislavedu-u-svedskoj-otvorena-dzamija\/"]}]},{"@type":"ImageObject","inLanguage":"bs-BA","@id":"https:\/\/sandzakpress.net\/arhiva\/u-gislavedu-u-svedskoj-otvorena-dzamija\/#primaryimage","url":"https:\/\/sandzakpress.net\/arhiva\/wp-content\/uploads\/2013\/10\/otv-dzam-gis-sve-10-2013-1-300x1991.jpg","contentUrl":"https:\/\/sandzakpress.net\/arhiva\/wp-content\/uploads\/2013\/10\/otv-dzam-gis-sve-10-2013-1-300x1991.jpg","width":300,"height":199},{"@type":"BreadcrumbList","@id":"https:\/\/sandzakpress.net\/arhiva\/u-gislavedu-u-svedskoj-otvorena-dzamija\/#breadcrumb","itemListElement":[{"@type":"ListItem","position":1,"name":"Home","item":"https:\/\/sandzakpress.net\/arhiva\/"},{"@type":"ListItem","position":2,"name":"U Gislavedu u \u0160vedskoj otvorena bo\u0161nja\u010dka d\u017eamija"}]},{"@type":"WebSite","@id":"https:\/\/sandzakpress.net\/arhiva\/#website","url":"https:\/\/sandzakpress.net\/arhiva\/","name":"Sand\u017eak PRESS","description":"Prve elektronske novine u Sand\u017eaku","publisher":{"@id":"https:\/\/sandzakpress.net\/arhiva\/#\/schema\/person\/6e72b67d6e51910a1117b3b483ba20bd"},"potentialAction":[{"@type":"SearchAction","target":{"@type":"EntryPoint","urlTemplate":"https:\/\/sandzakpress.net\/arhiva\/?s={search_term_string}"},"query-input":{"@type":"PropertyValueSpecification","valueRequired":true,"valueName":"search_term_string"}}],"inLanguage":"bs-BA"},{"@type":["Person","Organization"],"@id":"https:\/\/sandzakpress.net\/arhiva\/#\/schema\/person\/6e72b67d6e51910a1117b3b483ba20bd","name":"Kul","image":{"@type":"ImageObject","inLanguage":"bs-BA","@id":"https:\/\/sandzakpress.net\/arhiva\/#\/schema\/person\/image\/","url":"https:\/\/secure.gravatar.com\/avatar\/42263f39aa27ac04c43cab85c280eb2e?s=96&d=mm&r=pg","contentUrl":"https:\/\/secure.gravatar.com\/avatar\/42263f39aa27ac04c43cab85c280eb2e?s=96&d=mm&r=pg","caption":"Kul"},"logo":{"@id":"https:\/\/sandzakpress.net\/arhiva\/#\/schema\/person\/image\/"}},{"@type":"Person","@id":"https:\/\/sandzakpress.net\/arhiva\/#\/schema\/person\/c8baee722073534b583ea7bdb2e36c02","name":"bosniak","image":{"@type":"ImageObject","inLanguage":"bs-BA","@id":"https:\/\/sandzakpress.net\/arhiva\/#\/schema\/person\/image\/","url":"https:\/\/secure.gravatar.com\/avatar\/a04fd330bfe3a36a72a0ad4a6d89fca7?s=96&d=mm&r=pg","contentUrl":"https:\/\/secure.gravatar.com\/avatar\/a04fd330bfe3a36a72a0ad4a6d89fca7?s=96&d=mm&r=pg","caption":"bosniak"},"url":"https:\/\/sandzakpress.net\/arhiva\/author\/bosniak\/"}]}},"_links":{"self":[{"href":"https:\/\/sandzakpress.net\/arhiva\/wp-json\/wp\/v2\/posts\/90374"}],"collection":[{"href":"https:\/\/sandzakpress.net\/arhiva\/wp-json\/wp\/v2\/posts"}],"about":[{"href":"https:\/\/sandzakpress.net\/arhiva\/wp-json\/wp\/v2\/types\/post"}],"author":[{"embeddable":true,"href":"https:\/\/sandzakpress.net\/arhiva\/wp-json\/wp\/v2\/users\/83"}],"replies":[{"embeddable":true,"href":"https:\/\/sandzakpress.net\/arhiva\/wp-json\/wp\/v2\/comments?post=90374"}],"version-history":[{"count":0,"href":"https:\/\/sandzakpress.net\/arhiva\/wp-json\/wp\/v2\/posts\/90374\/revisions"}],"wp:featuredmedia":[{"embeddable":true,"href":"https:\/\/sandzakpress.net\/arhiva\/wp-json\/wp\/v2\/media\/90376"}],"wp:attachment":[{"href":"https:\/\/sandzakpress.net\/arhiva\/wp-json\/wp\/v2\/media?parent=90374"}],"wp:term":[{"taxonomy":"category","embeddable":true,"href":"https:\/\/sandzakpress.net\/arhiva\/wp-json\/wp\/v2\/categories?post=90374"},{"taxonomy":"post_tag","embeddable":true,"href":"https:\/\/sandzakpress.net\/arhiva\/wp-json\/wp\/v2\/tags?post=90374"}],"curies":[{"name":"wp","href":"https:\/\/api.w.org\/{rel}","templated":true}]}}