{"id":90283,"date":"2013-10-08T16:31:48","date_gmt":"2013-10-08T14:31:48","guid":{"rendered":"https:\/\/sandzakpress.net\/arhiva\/?p=90283"},"modified":"2013-10-08T16:31:48","modified_gmt":"2013-10-08T14:31:48","slug":"opstina-pljevlja-da-rijesi-stanje-u-sc-ada","status":"publish","type":"post","link":"https:\/\/sandzakpress.net\/arhiva\/opstina-pljevlja-da-rijesi-stanje-u-sc-ada\/","title":{"rendered":"Op\u0161tina Pljevlja da rije\u0161i stanje u SC \u201eAda\u201c"},"content":{"rendered":"<p><b><a href=\"https:\/\/sandzakpress.net\/arhiva\/wp-content\/uploads\/2013\/10\/thumb.php_16.jpg\"><img loading=\"lazy\" decoding=\"async\" class=\"alignleft size-medium wp-image-90284\" alt=\"thumb.php\" src=\"https:\/\/sandzakpress.net\/arhiva\/wp-content\/uploads\/2013\/10\/thumb.php_16-300x225.jpg\" width=\"300\" height=\"225\" \/><\/a>Pljavlja &#8211; Javno pismo predsjedniku op\u0161tine Pljevlja\u00a0 dr Miloju Pupovi\u0107u<\/b><\/p>\n<p>Op\u0161tinski odbor Socijaldemokratske partije Crne Gore, javnim pismom, obratio se predsjendiku op\u0161tine Pljevlja dr Miloju Pupovi\u0107u u kome pozivaju predsjednika Op\u0161tine da preduzeme mjere u cilju rje\u0161avanja problema Sportskog centra \u201cAda\u201d. U OOSDP smatraju da problem treba da rije\u0161ava lokalna uprava u saradnji sa Vladom Crne Gore kako bi se ostvario javni interes u sportu. Iz OOSDP-a isti\u010du da predsjednika Op\u0161tine na to na obavezuju i pozitivni zakonski propisi. Pismo prenosimo u cjelosti.<\/p>\n<p>.Obra\u0107amo Vam se ovim Javnim pismom u \u017eelji i nadi da \u0107ete preduzeti mjere i radnje iz Va\u0161e nadle\u017enosti vezane za finasniranje dvoranskog sporta u Op\u0161tini Pljevlja.<\/p>\n<p>Kao \u0161to Vam je poznato na 29 sjednici SO Pljevlja Odborni\u010dki klub SDP-a podnio je <b>Inicijativu<\/b><b> <\/b><b>za<\/b><b> finansiranje dvoranskih sportova, definisanje pravnog statusa\u00a0 SC ADA DOO sa predlogom zaklju\u010daka. <\/b>Odbornici Va\u0161e partije (SNP) su bili protiv ove inicijative, dok su odbornici DF bili uzdr\u017eani tako da inicijativa nije mogla biti razmatrana na skup\u0161tinskom zasjedanju. Uvjereni smo da je inicijativa prihva\u0107ena SO Pljevlja donijela bi jednoglasne i obavezuju\u0107e a Va\u0161a pozicija bi bila relaksirana jer iza odluka bi stajali odbornici.<\/p>\n<p>Preko medija smo upoznati sa Va\u0161im pismom upu\u0107enom Predsjeniku Vlade Crne Gore gospodinu Milu \u0110ukanovi\u0107u\u00a0 u kome ste upoznali premjera sa problematikom vezanom za SC ADA i gdje tra\u017eite da se nastali problemi rije\u0161e. Pozdravljamo Va\u0161u aktivnost i brigu za dvoranske sportove.Ostaje jedino nejasno i zbunjuju\u0107e da li je ovo lokalni\u00a0 problem koji mi u Pljevljima treba da rje\u0161avamo ili je\u00a0 pak i ovo isklju\u010diva nadle\u017enost Vlade Crne Gore.<\/p>\n<p>Mi u SDP-u smatramo da ovaj problem treba da rije\u0161ava lokalna uprava u saradnji sa Vladom Crne Gore kako bi se ostvario javni interes u sportu na \u0161ta Vas obavezuju i pozitivni zakonski propisi. Svi klubovi u Pljevljima su lokalni klubovi u kojima treniraju, takmi\u010de se djeca i omladina Pljevalja, treniraju ih Pljevljaci, publika je iz Pljevalja i ovo je isklju\u010divo lokalni interes, i kao takav treba ga lokalno rje\u0161avati. Podsje\u0107amo Vas da smo predlo\u017eili model finansiranja dvorane kroz sponzorstvo od strane \u010detiri privredna subjekta (Rudnik uglja AD Pljevlja, Elektroprivreda CG, JP Vodovod,JP Komunalne usluge) koji imaju moralnu obavezu da sponzori\u0161u dvoranski sport iz mnogo poznatih razloga. Na Vama je da uputite zahtjeve i da sa Predsjednicima odbora direktora (Upravnih odbora) ispregovarate \u0161to bi vodilo smanjenju cijene sata kori\u0161\u0107enja dvorane do maksimalnih 5 eura po satu umjesto dosada\u0161njih 35 eura \u0161to bi bilo za sportiste prihvatljivo.Mi kao politi\u010dka partija ne mo\u017eemo upu\u0107ivati zahtjev i pregovarati, ipak prizna\u0107ete to je Va\u0161 djelokrug rada. Vjerujte ovo je sa najvi\u0161im stepenom prioriteta zato \u0161to ve\u0107 ima najava da odre\u0111eni klubovi ne\u0107e prijaviti ekipe.Pla\u0161imo se da ve\u0107 debelo kasnimo. Mo\u017eda Vi i Va\u0161i saradnici imate neki drugi model finasiranja u ovom trenutku kada op\u0161tina kako ste i sami priznali nema para da pomogne.Kada op\u0161tina nema para onda nije sramota zatra\u017eiti pomo\u0107 od drugoga, radi sportista i mladosti ovog grada.<\/p>\n<p>\u0160to se ti\u010de SC ADA on je vlasni\u0161tvu Op\u0161tine Pljevlja 1\/1 i trivijalna obja\u0161njenja da je neko zaboravio da prenese vlasni\u0161tvo na akcionare\u00a0 ne mogu se prihvatiti. Sve dok se u pravnoj proceduri (koju treba Vi da pokrenete) ne doka\u017ee drga\u010dije proisti\u010du sve obaveze vezane za vlasni\u0161tvo nad dvoranom.Za\u0161to do sada nijeste vr\u0161ili gazdovanje i upravljanje SC ADA poznato je samo Vama i Va\u0161im saradnicima.<\/p>\n<p>Gazdovanje i upravljanje dvoranom vr\u0161i odbor direktora \u010diji je jo\u0161 uvijek va\u017ee\u0107i predsjednik Igor Golubovi\u0107 (Ministarstvo finasija),a \u010dlanovi Svetlana Rako\u010devi\u0107 (Direkcija javnih radova) i Velimir Golubovi\u0107(Op\u0161tina Pljevlja). \u010cudi nas da predstavnik Op\u0161tine Pljevlja Velimir Golubovi\u0107 ni jednom nije podnio izvje\u0161taj o svom radu u Odboru direktora i problematici vezanoj za svoj rad (nerad), ili se pak i on utopio u nerad odbora direktora smatraju\u0107i da ne snosi odgovornost za nastalo stanje solidari\u0161u\u0107i se sa ostalim \u010dlanovima Odbora direktora. Sama forma organizacije SC ADA DOO sa odborom direktora na\u010delu je upitna tako da o\u010dekujemo tako\u0111e od Vas da pokrenete inicijativu kod nadle\u017enih organa da se model organizacije upodobi pozitivnim zakonskim propisima.<\/p>\n<p>Na kraju Vam moramo \u010destitati na iskrenosti kada u pomenutom pismu (od 27.09.2013god) navodite <b>\u00b8\u201cda\u00a0 <\/b><b>su<\/b><b> od<\/b><b> kraja<\/b><b> 2011. godine<\/b><b>, uo<\/b><b>\u010deni<\/b><b> zna<\/b><b>\u010dajni<\/b><b> problemi<\/b><b> u<\/b><b> odnosima<\/b><b> izme<\/b><b>\u0111u<\/b><b> ovog<\/b><b> dru<\/b><b>\u0161tva<\/b><b> i<\/b><b> pljevaljskih<\/b><b> sportskih<\/b><b> klubova<\/b><b>\u201c<\/b> \u0161to se i poklapa sa po\u010detkom Va\u0161eg\u00a0 predsjedni\u010dkog mandata.Pitamo se\u00a0 \u0161ta ste \u010dekali do sada?<\/p>\n<p>Obavje\u0161tavamo Vas i\u00a0 javnost da smo na\u0161im partijskim komunikacijama obavjestili Ministarstvo finansija i Direkciju\u00a0 javnih radova o preblemima funkcionisanja SC ADA.<\/p>\n<p>(pvportal.me)<\/p>\n","protected":false},"excerpt":{"rendered":"<p>Pljavlja &#8211; Javno pismo predsjedniku op\u0161tine Pljevlja\u00a0 dr Miloju Pupovi\u0107u Op\u0161tinski odbor Socijaldemokratske partije Crne Gore, javnim pismom, obratio se predsjendiku op\u0161tine Pljevlja dr Miloju Pupovi\u0107u u kome pozivaju predsjednika Op\u0161tine da preduzeme mjere u cilju rje\u0161avanja problema Sportskog centra \u201cAda\u201d. U OOSDP smatraju da problem treba da rije\u0161ava lokalna uprava u saradnji sa Vladom [&hellip;]<\/p>\n","protected":false},"author":83,"featured_media":90285,"comment_status":"open","ping_status":"open","sticky":false,"template":"","format":"standard","meta":{"footnotes":""},"categories":[1,395],"tags":[],"class_list":{"0":"post-90283","1":"post","2":"type-post","3":"status-publish","4":"format-standard","5":"has-post-thumbnail","7":"category-politika","8":"category-pljevlja_"},"yoast_head":"<!-- This site is optimized with the Yoast SEO Premium plugin v23.1 (Yoast SEO v24.9) - https:\/\/yoast.com\/wordpress\/plugins\/seo\/ -->\n<title>Op\u0161tina Pljevlja da rije\u0161i stanje u SC \u201eAda\u201c<\/title>\n<meta name=\"robots\" content=\"index, follow, max-snippet:-1, max-image-preview:large, max-video-preview:-1\" \/>\n<link rel=\"canonical\" href=\"https:\/\/sandzakpress.net\/arhiva\/opstina-pljevlja-da-rijesi-stanje-u-sc-ada\/\" \/>\n<meta property=\"og:locale\" content=\"bs_BA\" \/>\n<meta property=\"og:type\" content=\"article\" \/>\n<meta property=\"og:title\" content=\"Op\u0161tina Pljevlja da rije\u0161i stanje u SC \u201eAda\u201c\" \/>\n<meta property=\"og:description\" content=\"Pljavlja &#8211; Javno pismo predsjedniku op\u0161tine Pljevlja\u00a0 dr Miloju Pupovi\u0107u Op\u0161tinski odbor Socijaldemokratske partije Crne Gore, javnim pismom, obratio se predsjendiku op\u0161tine Pljevlja dr Miloju Pupovi\u0107u u kome pozivaju predsjednika Op\u0161tine da preduzeme mjere u cilju rje\u0161avanja problema Sportskog centra \u201cAda\u201d. U OOSDP smatraju da problem treba da rije\u0161ava lokalna uprava u saradnji sa Vladom [&hellip;]\" \/>\n<meta property=\"og:url\" content=\"https:\/\/sandzakpress.net\/arhiva\/opstina-pljevlja-da-rijesi-stanje-u-sc-ada\/\" \/>\n<meta property=\"og:site_name\" content=\"Sand\u017eak PRESS\" \/>\n<meta property=\"article:published_time\" content=\"2013-10-08T14:31:48+00:00\" \/>\n<meta property=\"og:image\" content=\"https:\/\/sandzakpress.net\/arhiva\/wp-content\/uploads\/2013\/10\/thumb.php_16-300x2251.jpg\" \/>\n\t<meta property=\"og:image:width\" content=\"300\" \/>\n\t<meta property=\"og:image:height\" content=\"225\" \/>\n\t<meta property=\"og:image:type\" content=\"image\/jpeg\" \/>\n<meta name=\"author\" content=\"bosniak\" \/>\n<meta name=\"twitter:card\" content=\"summary_large_image\" \/>\n<meta name=\"twitter:label1\" content=\"Written by\" \/>\n\t<meta name=\"twitter:data1\" content=\"bosniak\" \/>\n\t<meta name=\"twitter:label2\" content=\"Est. reading time\" \/>\n\t<meta name=\"twitter:data2\" content=\"4 minute\" \/>\n<script type=\"application\/ld+json\" class=\"yoast-schema-graph\">{\"@context\":\"https:\/\/schema.org\",\"@graph\":[{\"@type\":\"Article\",\"@id\":\"https:\/\/sandzakpress.net\/arhiva\/opstina-pljevlja-da-rijesi-stanje-u-sc-ada\/#article\",\"isPartOf\":{\"@id\":\"https:\/\/sandzakpress.net\/arhiva\/opstina-pljevlja-da-rijesi-stanje-u-sc-ada\/\"},\"author\":{\"name\":\"bosniak\",\"@id\":\"https:\/\/sandzakpress.net\/arhiva\/#\/schema\/person\/c8baee722073534b583ea7bdb2e36c02\"},\"headline\":\"Op\u0161tina Pljevlja da rije\u0161i stanje u SC \u201eAda\u201c\",\"datePublished\":\"2013-10-08T14:31:48+00:00\",\"mainEntityOfPage\":{\"@id\":\"https:\/\/sandzakpress.net\/arhiva\/opstina-pljevlja-da-rijesi-stanje-u-sc-ada\/\"},\"wordCount\":831,\"commentCount\":0,\"publisher\":{\"@id\":\"https:\/\/sandzakpress.net\/arhiva\/#\/schema\/person\/6e72b67d6e51910a1117b3b483ba20bd\"},\"image\":{\"@id\":\"https:\/\/sandzakpress.net\/arhiva\/opstina-pljevlja-da-rijesi-stanje-u-sc-ada\/#primaryimage\"},\"thumbnailUrl\":\"https:\/\/sandzakpress.net\/arhiva\/wp-content\/uploads\/2013\/10\/thumb.php_16-300x2251.jpg\",\"articleSection\":[\"Politika\",\"Pljevlja\"],\"inLanguage\":\"bs-BA\",\"potentialAction\":[{\"@type\":\"CommentAction\",\"name\":\"Comment\",\"target\":[\"https:\/\/sandzakpress.net\/arhiva\/opstina-pljevlja-da-rijesi-stanje-u-sc-ada\/#respond\"]}]},{\"@type\":\"WebPage\",\"@id\":\"https:\/\/sandzakpress.net\/arhiva\/opstina-pljevlja-da-rijesi-stanje-u-sc-ada\/\",\"url\":\"https:\/\/sandzakpress.net\/arhiva\/opstina-pljevlja-da-rijesi-stanje-u-sc-ada\/\",\"name\":\"Op\u0161tina Pljevlja da rije\u0161i stanje u SC \u201eAda\u201c\",\"isPartOf\":{\"@id\":\"https:\/\/sandzakpress.net\/arhiva\/#website\"},\"primaryImageOfPage\":{\"@id\":\"https:\/\/sandzakpress.net\/arhiva\/opstina-pljevlja-da-rijesi-stanje-u-sc-ada\/#primaryimage\"},\"image\":{\"@id\":\"https:\/\/sandzakpress.net\/arhiva\/opstina-pljevlja-da-rijesi-stanje-u-sc-ada\/#primaryimage\"},\"thumbnailUrl\":\"https:\/\/sandzakpress.net\/arhiva\/wp-content\/uploads\/2013\/10\/thumb.php_16-300x2251.jpg\",\"datePublished\":\"2013-10-08T14:31:48+00:00\",\"breadcrumb\":{\"@id\":\"https:\/\/sandzakpress.net\/arhiva\/opstina-pljevlja-da-rijesi-stanje-u-sc-ada\/#breadcrumb\"},\"inLanguage\":\"bs-BA\",\"potentialAction\":[{\"@type\":\"ReadAction\",\"target\":[\"https:\/\/sandzakpress.net\/arhiva\/opstina-pljevlja-da-rijesi-stanje-u-sc-ada\/\"]}]},{\"@type\":\"ImageObject\",\"inLanguage\":\"bs-BA\",\"@id\":\"https:\/\/sandzakpress.net\/arhiva\/opstina-pljevlja-da-rijesi-stanje-u-sc-ada\/#primaryimage\",\"url\":\"https:\/\/sandzakpress.net\/arhiva\/wp-content\/uploads\/2013\/10\/thumb.php_16-300x2251.jpg\",\"contentUrl\":\"https:\/\/sandzakpress.net\/arhiva\/wp-content\/uploads\/2013\/10\/thumb.php_16-300x2251.jpg\",\"width\":300,\"height\":225},{\"@type\":\"BreadcrumbList\",\"@id\":\"https:\/\/sandzakpress.net\/arhiva\/opstina-pljevlja-da-rijesi-stanje-u-sc-ada\/#breadcrumb\",\"itemListElement\":[{\"@type\":\"ListItem\",\"position\":1,\"name\":\"Home\",\"item\":\"https:\/\/sandzakpress.net\/arhiva\/\"},{\"@type\":\"ListItem\",\"position\":2,\"name\":\"Op\u0161tina Pljevlja da rije\u0161i stanje u SC \u201eAda\u201c\"}]},{\"@type\":\"WebSite\",\"@id\":\"https:\/\/sandzakpress.net\/arhiva\/#website\",\"url\":\"https:\/\/sandzakpress.net\/arhiva\/\",\"name\":\"Sand\u017eak PRESS\",\"description\":\"Prve elektronske novine u Sand\u017eaku\",\"publisher\":{\"@id\":\"https:\/\/sandzakpress.net\/arhiva\/#\/schema\/person\/6e72b67d6e51910a1117b3b483ba20bd\"},\"potentialAction\":[{\"@type\":\"SearchAction\",\"target\":{\"@type\":\"EntryPoint\",\"urlTemplate\":\"https:\/\/sandzakpress.net\/arhiva\/?s={search_term_string}\"},\"query-input\":{\"@type\":\"PropertyValueSpecification\",\"valueRequired\":true,\"valueName\":\"search_term_string\"}}],\"inLanguage\":\"bs-BA\"},{\"@type\":[\"Person\",\"Organization\"],\"@id\":\"https:\/\/sandzakpress.net\/arhiva\/#\/schema\/person\/6e72b67d6e51910a1117b3b483ba20bd\",\"name\":\"Kul\",\"image\":{\"@type\":\"ImageObject\",\"inLanguage\":\"bs-BA\",\"@id\":\"https:\/\/sandzakpress.net\/arhiva\/#\/schema\/person\/image\/\",\"url\":\"https:\/\/secure.gravatar.com\/avatar\/42263f39aa27ac04c43cab85c280eb2e?s=96&d=mm&r=pg\",\"contentUrl\":\"https:\/\/secure.gravatar.com\/avatar\/42263f39aa27ac04c43cab85c280eb2e?s=96&d=mm&r=pg\",\"caption\":\"Kul\"},\"logo\":{\"@id\":\"https:\/\/sandzakpress.net\/arhiva\/#\/schema\/person\/image\/\"}},{\"@type\":\"Person\",\"@id\":\"https:\/\/sandzakpress.net\/arhiva\/#\/schema\/person\/c8baee722073534b583ea7bdb2e36c02\",\"name\":\"bosniak\",\"image\":{\"@type\":\"ImageObject\",\"inLanguage\":\"bs-BA\",\"@id\":\"https:\/\/sandzakpress.net\/arhiva\/#\/schema\/person\/image\/\",\"url\":\"https:\/\/secure.gravatar.com\/avatar\/a04fd330bfe3a36a72a0ad4a6d89fca7?s=96&d=mm&r=pg\",\"contentUrl\":\"https:\/\/secure.gravatar.com\/avatar\/a04fd330bfe3a36a72a0ad4a6d89fca7?s=96&d=mm&r=pg\",\"caption\":\"bosniak\"},\"url\":\"https:\/\/sandzakpress.net\/arhiva\/author\/bosniak\/\"}]}<\/script>\n<!-- \/ Yoast SEO Premium plugin. -->","yoast_head_json":{"title":"Op\u0161tina Pljevlja da rije\u0161i stanje u SC \u201eAda\u201c","robots":{"index":"index","follow":"follow","max-snippet":"max-snippet:-1","max-image-preview":"max-image-preview:large","max-video-preview":"max-video-preview:-1"},"canonical":"https:\/\/sandzakpress.net\/arhiva\/opstina-pljevlja-da-rijesi-stanje-u-sc-ada\/","og_locale":"bs_BA","og_type":"article","og_title":"Op\u0161tina Pljevlja da rije\u0161i stanje u SC \u201eAda\u201c","og_description":"Pljavlja &#8211; Javno pismo predsjedniku op\u0161tine Pljevlja\u00a0 dr Miloju Pupovi\u0107u Op\u0161tinski odbor Socijaldemokratske partije Crne Gore, javnim pismom, obratio se predsjendiku op\u0161tine Pljevlja dr Miloju Pupovi\u0107u u kome pozivaju predsjednika Op\u0161tine da preduzeme mjere u cilju rje\u0161avanja problema Sportskog centra \u201cAda\u201d. U OOSDP smatraju da problem treba da rije\u0161ava lokalna uprava u saradnji sa Vladom [&hellip;]","og_url":"https:\/\/sandzakpress.net\/arhiva\/opstina-pljevlja-da-rijesi-stanje-u-sc-ada\/","og_site_name":"Sand\u017eak PRESS","article_published_time":"2013-10-08T14:31:48+00:00","og_image":[{"width":300,"height":225,"url":"https:\/\/sandzakpress.net\/arhiva\/wp-content\/uploads\/2013\/10\/thumb.php_16-300x2251.jpg","type":"image\/jpeg"}],"author":"bosniak","twitter_card":"summary_large_image","twitter_misc":{"Written by":"bosniak","Est. reading time":"4 minute"},"schema":{"@context":"https:\/\/schema.org","@graph":[{"@type":"Article","@id":"https:\/\/sandzakpress.net\/arhiva\/opstina-pljevlja-da-rijesi-stanje-u-sc-ada\/#article","isPartOf":{"@id":"https:\/\/sandzakpress.net\/arhiva\/opstina-pljevlja-da-rijesi-stanje-u-sc-ada\/"},"author":{"name":"bosniak","@id":"https:\/\/sandzakpress.net\/arhiva\/#\/schema\/person\/c8baee722073534b583ea7bdb2e36c02"},"headline":"Op\u0161tina Pljevlja da rije\u0161i stanje u SC \u201eAda\u201c","datePublished":"2013-10-08T14:31:48+00:00","mainEntityOfPage":{"@id":"https:\/\/sandzakpress.net\/arhiva\/opstina-pljevlja-da-rijesi-stanje-u-sc-ada\/"},"wordCount":831,"commentCount":0,"publisher":{"@id":"https:\/\/sandzakpress.net\/arhiva\/#\/schema\/person\/6e72b67d6e51910a1117b3b483ba20bd"},"image":{"@id":"https:\/\/sandzakpress.net\/arhiva\/opstina-pljevlja-da-rijesi-stanje-u-sc-ada\/#primaryimage"},"thumbnailUrl":"https:\/\/sandzakpress.net\/arhiva\/wp-content\/uploads\/2013\/10\/thumb.php_16-300x2251.jpg","articleSection":["Politika","Pljevlja"],"inLanguage":"bs-BA","potentialAction":[{"@type":"CommentAction","name":"Comment","target":["https:\/\/sandzakpress.net\/arhiva\/opstina-pljevlja-da-rijesi-stanje-u-sc-ada\/#respond"]}]},{"@type":"WebPage","@id":"https:\/\/sandzakpress.net\/arhiva\/opstina-pljevlja-da-rijesi-stanje-u-sc-ada\/","url":"https:\/\/sandzakpress.net\/arhiva\/opstina-pljevlja-da-rijesi-stanje-u-sc-ada\/","name":"Op\u0161tina Pljevlja da rije\u0161i stanje u SC \u201eAda\u201c","isPartOf":{"@id":"https:\/\/sandzakpress.net\/arhiva\/#website"},"primaryImageOfPage":{"@id":"https:\/\/sandzakpress.net\/arhiva\/opstina-pljevlja-da-rijesi-stanje-u-sc-ada\/#primaryimage"},"image":{"@id":"https:\/\/sandzakpress.net\/arhiva\/opstina-pljevlja-da-rijesi-stanje-u-sc-ada\/#primaryimage"},"thumbnailUrl":"https:\/\/sandzakpress.net\/arhiva\/wp-content\/uploads\/2013\/10\/thumb.php_16-300x2251.jpg","datePublished":"2013-10-08T14:31:48+00:00","breadcrumb":{"@id":"https:\/\/sandzakpress.net\/arhiva\/opstina-pljevlja-da-rijesi-stanje-u-sc-ada\/#breadcrumb"},"inLanguage":"bs-BA","potentialAction":[{"@type":"ReadAction","target":["https:\/\/sandzakpress.net\/arhiva\/opstina-pljevlja-da-rijesi-stanje-u-sc-ada\/"]}]},{"@type":"ImageObject","inLanguage":"bs-BA","@id":"https:\/\/sandzakpress.net\/arhiva\/opstina-pljevlja-da-rijesi-stanje-u-sc-ada\/#primaryimage","url":"https:\/\/sandzakpress.net\/arhiva\/wp-content\/uploads\/2013\/10\/thumb.php_16-300x2251.jpg","contentUrl":"https:\/\/sandzakpress.net\/arhiva\/wp-content\/uploads\/2013\/10\/thumb.php_16-300x2251.jpg","width":300,"height":225},{"@type":"BreadcrumbList","@id":"https:\/\/sandzakpress.net\/arhiva\/opstina-pljevlja-da-rijesi-stanje-u-sc-ada\/#breadcrumb","itemListElement":[{"@type":"ListItem","position":1,"name":"Home","item":"https:\/\/sandzakpress.net\/arhiva\/"},{"@type":"ListItem","position":2,"name":"Op\u0161tina Pljevlja da rije\u0161i stanje u SC \u201eAda\u201c"}]},{"@type":"WebSite","@id":"https:\/\/sandzakpress.net\/arhiva\/#website","url":"https:\/\/sandzakpress.net\/arhiva\/","name":"Sand\u017eak PRESS","description":"Prve elektronske novine u Sand\u017eaku","publisher":{"@id":"https:\/\/sandzakpress.net\/arhiva\/#\/schema\/person\/6e72b67d6e51910a1117b3b483ba20bd"},"potentialAction":[{"@type":"SearchAction","target":{"@type":"EntryPoint","urlTemplate":"https:\/\/sandzakpress.net\/arhiva\/?s={search_term_string}"},"query-input":{"@type":"PropertyValueSpecification","valueRequired":true,"valueName":"search_term_string"}}],"inLanguage":"bs-BA"},{"@type":["Person","Organization"],"@id":"https:\/\/sandzakpress.net\/arhiva\/#\/schema\/person\/6e72b67d6e51910a1117b3b483ba20bd","name":"Kul","image":{"@type":"ImageObject","inLanguage":"bs-BA","@id":"https:\/\/sandzakpress.net\/arhiva\/#\/schema\/person\/image\/","url":"https:\/\/secure.gravatar.com\/avatar\/42263f39aa27ac04c43cab85c280eb2e?s=96&d=mm&r=pg","contentUrl":"https:\/\/secure.gravatar.com\/avatar\/42263f39aa27ac04c43cab85c280eb2e?s=96&d=mm&r=pg","caption":"Kul"},"logo":{"@id":"https:\/\/sandzakpress.net\/arhiva\/#\/schema\/person\/image\/"}},{"@type":"Person","@id":"https:\/\/sandzakpress.net\/arhiva\/#\/schema\/person\/c8baee722073534b583ea7bdb2e36c02","name":"bosniak","image":{"@type":"ImageObject","inLanguage":"bs-BA","@id":"https:\/\/sandzakpress.net\/arhiva\/#\/schema\/person\/image\/","url":"https:\/\/secure.gravatar.com\/avatar\/a04fd330bfe3a36a72a0ad4a6d89fca7?s=96&d=mm&r=pg","contentUrl":"https:\/\/secure.gravatar.com\/avatar\/a04fd330bfe3a36a72a0ad4a6d89fca7?s=96&d=mm&r=pg","caption":"bosniak"},"url":"https:\/\/sandzakpress.net\/arhiva\/author\/bosniak\/"}]}},"_links":{"self":[{"href":"https:\/\/sandzakpress.net\/arhiva\/wp-json\/wp\/v2\/posts\/90283"}],"collection":[{"href":"https:\/\/sandzakpress.net\/arhiva\/wp-json\/wp\/v2\/posts"}],"about":[{"href":"https:\/\/sandzakpress.net\/arhiva\/wp-json\/wp\/v2\/types\/post"}],"author":[{"embeddable":true,"href":"https:\/\/sandzakpress.net\/arhiva\/wp-json\/wp\/v2\/users\/83"}],"replies":[{"embeddable":true,"href":"https:\/\/sandzakpress.net\/arhiva\/wp-json\/wp\/v2\/comments?post=90283"}],"version-history":[{"count":0,"href":"https:\/\/sandzakpress.net\/arhiva\/wp-json\/wp\/v2\/posts\/90283\/revisions"}],"wp:featuredmedia":[{"embeddable":true,"href":"https:\/\/sandzakpress.net\/arhiva\/wp-json\/wp\/v2\/media\/90285"}],"wp:attachment":[{"href":"https:\/\/sandzakpress.net\/arhiva\/wp-json\/wp\/v2\/media?parent=90283"}],"wp:term":[{"taxonomy":"category","embeddable":true,"href":"https:\/\/sandzakpress.net\/arhiva\/wp-json\/wp\/v2\/categories?post=90283"},{"taxonomy":"post_tag","embeddable":true,"href":"https:\/\/sandzakpress.net\/arhiva\/wp-json\/wp\/v2\/tags?post=90283"}],"curies":[{"name":"wp","href":"https:\/\/api.w.org\/{rel}","templated":true}]}}