{"id":90219,"date":"2013-10-07T23:33:58","date_gmt":"2013-10-07T21:33:58","guid":{"rendered":"https:\/\/sandzakpress.net\/arhiva\/?p=90219"},"modified":"2013-10-07T23:33:58","modified_gmt":"2013-10-07T21:33:58","slug":"na-vojnoj-akademiji-i-kadeti-iz-bih-crne-gore-i-kosova","status":"publish","type":"post","link":"https:\/\/sandzakpress.net\/arhiva\/na-vojnoj-akademiji-i-kadeti-iz-bih-crne-gore-i-kosova\/","title":{"rendered":"Na vojnoj akademiji i kadeti iz BiH, Crne Gore i Kosova"},"content":{"rendered":"<p><strong><a href=\"https:\/\/sandzakpress.net\/arhiva\/wp-content\/uploads\/2013\/10\/akademija.jpg\"><img loading=\"lazy\" decoding=\"async\" class=\"alignleft size-medium wp-image-90220\" alt=\"akademija\" src=\"https:\/\/sandzakpress.net\/arhiva\/wp-content\/uploads\/2013\/10\/akademija-300x225.jpg\" width=\"300\" height=\"225\" \/><\/a>Crna Gora, Makedonija, BiH &#8211; Polaganjem zakletve u kasarni \u201cGoce Del\u010dev\u201d u Skoplju po\u010dela je nova 2013.\/14. \u0161kolska godina na vojnoj akademiji \u201cGeneral Mihailo Apostolski\u201d.<\/strong><\/p>\n<p>Na manifestaciji polaganja zakletve 31 kadeta u\u010destvovali su makedonski ministar odbrane Talat D\u017eaferi, na\u010delnik general\u0161taba Goran\u010do Kotevski, zamjenik ministra odbrane Emil Dimitrijev, zamjenik kosovskog ministra odbrane Jasmina Vati\u0107, dekan vojne akademije Or\u0107e Popovski, predstavnici NATO snaga, generali te \u010dlanovi porodica kadeta.<\/p>\n<p>Zakletvu je polo\u017eilo 26 kadeta iz Makedonije, po dva sa Kosova i iz Crne Gore i jedan iz Bosne i Hercegovine.<\/p>\n<p>Obrativ\u0161i se prisutnima, makedonski ministar odbrane Talat Caferi kadetima je po\u017eelio uspje\u0161no \u010detverogodi\u0161nje obrazovanje.<\/p>\n<p>Naglasiv\u0161i kako se u novoj generaciji kadeta nalaze samo najbolji, Caferi je istakao da vojna akademija pru\u017ea najbolje obrazovanje u skladu sa standardima NATO-a, tako da \u0107e \u010dasnici mo\u0107i ispuniti i najzahtjevnije zadatke u me\u0111unarodnim misijama.<\/p>\n<p>Usvajanjem Zakona o vojnoj akademiji 1995. godine, sa radom je po\u010dela i Akademija \u201cGeneral Mihailo Apostolski\u201d, koja trenutno radi u saradnji sa Univerzitetom \u201cGoce Del\u010dev\u201d. Nakon prekida prijema novih polaznika u periodu od 2003. do 2008. godine, akademija je, odlukom makedonske vlade, nastavila sa radom 2009. godine.<\/p>\n<p>(bosnjak-ks.info)<\/p>\n","protected":false},"excerpt":{"rendered":"<p>Crna Gora, Makedonija, BiH &#8211; Polaganjem zakletve u kasarni \u201cGoce Del\u010dev\u201d u Skoplju po\u010dela je nova 2013.\/14. \u0161kolska godina na vojnoj akademiji \u201cGeneral Mihailo Apostolski\u201d. Na manifestaciji polaganja zakletve 31 kadeta u\u010destvovali su makedonski ministar odbrane Talat D\u017eaferi, na\u010delnik general\u0161taba Goran\u010do Kotevski, zamjenik ministra odbrane Emil Dimitrijev, zamjenik kosovskog ministra odbrane Jasmina Vati\u0107, dekan vojne [&hellip;]<\/p>\n","protected":false},"author":83,"featured_media":90221,"comment_status":"open","ping_status":"open","sticky":false,"template":"","format":"standard","meta":{"footnotes":""},"categories":[2860,10308,2691,4],"tags":[],"class_list":{"0":"post-90219","1":"post","2":"type-post","3":"status-publish","4":"format-standard","5":"has-post-thumbnail","7":"category-bosna-i-hercegovina-gradovi","8":"category-crna-gora","9":"category-makedonija","10":"category-obrazovanje"},"yoast_head":"<!-- This site is optimized with the Yoast SEO Premium plugin v23.1 (Yoast SEO v24.9) - https:\/\/yoast.com\/wordpress\/plugins\/seo\/ -->\n<title>Na vojnoj akademiji i kadeti iz BiH, Crne Gore i Kosova<\/title>\n<meta name=\"robots\" content=\"index, follow, max-snippet:-1, max-image-preview:large, max-video-preview:-1\" \/>\n<link rel=\"canonical\" href=\"https:\/\/sandzakpress.net\/arhiva\/na-vojnoj-akademiji-i-kadeti-iz-bih-crne-gore-i-kosova\/\" \/>\n<meta property=\"og:locale\" content=\"bs_BA\" \/>\n<meta property=\"og:type\" content=\"article\" \/>\n<meta property=\"og:title\" content=\"Na vojnoj akademiji i kadeti iz BiH, Crne Gore i Kosova\" \/>\n<meta property=\"og:description\" content=\"Crna Gora, Makedonija, BiH &#8211; Polaganjem zakletve u kasarni \u201cGoce Del\u010dev\u201d u Skoplju po\u010dela je nova 2013.\/14. \u0161kolska godina na vojnoj akademiji \u201cGeneral Mihailo Apostolski\u201d. Na manifestaciji polaganja zakletve 31 kadeta u\u010destvovali su makedonski ministar odbrane Talat D\u017eaferi, na\u010delnik general\u0161taba Goran\u010do Kotevski, zamjenik ministra odbrane Emil Dimitrijev, zamjenik kosovskog ministra odbrane Jasmina Vati\u0107, dekan vojne [&hellip;]\" \/>\n<meta property=\"og:url\" content=\"https:\/\/sandzakpress.net\/arhiva\/na-vojnoj-akademiji-i-kadeti-iz-bih-crne-gore-i-kosova\/\" \/>\n<meta property=\"og:site_name\" content=\"Sand\u017eak PRESS\" \/>\n<meta property=\"article:published_time\" content=\"2013-10-07T21:33:58+00:00\" \/>\n<meta property=\"og:image\" content=\"https:\/\/sandzakpress.net\/arhiva\/wp-content\/uploads\/2013\/10\/akademija-300x2251.jpg\" \/>\n\t<meta property=\"og:image:width\" content=\"300\" \/>\n\t<meta property=\"og:image:height\" content=\"225\" \/>\n\t<meta property=\"og:image:type\" content=\"image\/jpeg\" \/>\n<meta name=\"author\" content=\"bosniak\" \/>\n<meta name=\"twitter:card\" content=\"summary_large_image\" \/>\n<meta name=\"twitter:label1\" content=\"Written by\" \/>\n\t<meta name=\"twitter:data1\" content=\"bosniak\" \/>\n\t<meta name=\"twitter:label2\" content=\"Est. reading time\" \/>\n\t<meta name=\"twitter:data2\" content=\"1 minuta\" \/>\n<script type=\"application\/ld+json\" class=\"yoast-schema-graph\">{\"@context\":\"https:\/\/schema.org\",\"@graph\":[{\"@type\":\"Article\",\"@id\":\"https:\/\/sandzakpress.net\/arhiva\/na-vojnoj-akademiji-i-kadeti-iz-bih-crne-gore-i-kosova\/#article\",\"isPartOf\":{\"@id\":\"https:\/\/sandzakpress.net\/arhiva\/na-vojnoj-akademiji-i-kadeti-iz-bih-crne-gore-i-kosova\/\"},\"author\":{\"name\":\"bosniak\",\"@id\":\"https:\/\/sandzakpress.net\/arhiva\/#\/schema\/person\/c8baee722073534b583ea7bdb2e36c02\"},\"headline\":\"Na vojnoj akademiji i kadeti iz BiH, Crne Gore i Kosova\",\"datePublished\":\"2013-10-07T21:33:58+00:00\",\"mainEntityOfPage\":{\"@id\":\"https:\/\/sandzakpress.net\/arhiva\/na-vojnoj-akademiji-i-kadeti-iz-bih-crne-gore-i-kosova\/\"},\"wordCount\":209,\"commentCount\":0,\"publisher\":{\"@id\":\"https:\/\/sandzakpress.net\/arhiva\/#\/schema\/person\/6e72b67d6e51910a1117b3b483ba20bd\"},\"image\":{\"@id\":\"https:\/\/sandzakpress.net\/arhiva\/na-vojnoj-akademiji-i-kadeti-iz-bih-crne-gore-i-kosova\/#primaryimage\"},\"thumbnailUrl\":\"https:\/\/sandzakpress.net\/arhiva\/wp-content\/uploads\/2013\/10\/akademija-300x2251.jpg\",\"articleSection\":[\"Bosna i Hercegovina\",\"Crna Gora\",\"Makedonija\",\"Obrazovanje\"],\"inLanguage\":\"bs-BA\",\"potentialAction\":[{\"@type\":\"CommentAction\",\"name\":\"Comment\",\"target\":[\"https:\/\/sandzakpress.net\/arhiva\/na-vojnoj-akademiji-i-kadeti-iz-bih-crne-gore-i-kosova\/#respond\"]}]},{\"@type\":\"WebPage\",\"@id\":\"https:\/\/sandzakpress.net\/arhiva\/na-vojnoj-akademiji-i-kadeti-iz-bih-crne-gore-i-kosova\/\",\"url\":\"https:\/\/sandzakpress.net\/arhiva\/na-vojnoj-akademiji-i-kadeti-iz-bih-crne-gore-i-kosova\/\",\"name\":\"Na vojnoj akademiji i kadeti iz BiH, Crne Gore i Kosova\",\"isPartOf\":{\"@id\":\"https:\/\/sandzakpress.net\/arhiva\/#website\"},\"primaryImageOfPage\":{\"@id\":\"https:\/\/sandzakpress.net\/arhiva\/na-vojnoj-akademiji-i-kadeti-iz-bih-crne-gore-i-kosova\/#primaryimage\"},\"image\":{\"@id\":\"https:\/\/sandzakpress.net\/arhiva\/na-vojnoj-akademiji-i-kadeti-iz-bih-crne-gore-i-kosova\/#primaryimage\"},\"thumbnailUrl\":\"https:\/\/sandzakpress.net\/arhiva\/wp-content\/uploads\/2013\/10\/akademija-300x2251.jpg\",\"datePublished\":\"2013-10-07T21:33:58+00:00\",\"breadcrumb\":{\"@id\":\"https:\/\/sandzakpress.net\/arhiva\/na-vojnoj-akademiji-i-kadeti-iz-bih-crne-gore-i-kosova\/#breadcrumb\"},\"inLanguage\":\"bs-BA\",\"potentialAction\":[{\"@type\":\"ReadAction\",\"target\":[\"https:\/\/sandzakpress.net\/arhiva\/na-vojnoj-akademiji-i-kadeti-iz-bih-crne-gore-i-kosova\/\"]}]},{\"@type\":\"ImageObject\",\"inLanguage\":\"bs-BA\",\"@id\":\"https:\/\/sandzakpress.net\/arhiva\/na-vojnoj-akademiji-i-kadeti-iz-bih-crne-gore-i-kosova\/#primaryimage\",\"url\":\"https:\/\/sandzakpress.net\/arhiva\/wp-content\/uploads\/2013\/10\/akademija-300x2251.jpg\",\"contentUrl\":\"https:\/\/sandzakpress.net\/arhiva\/wp-content\/uploads\/2013\/10\/akademija-300x2251.jpg\",\"width\":300,\"height\":225},{\"@type\":\"BreadcrumbList\",\"@id\":\"https:\/\/sandzakpress.net\/arhiva\/na-vojnoj-akademiji-i-kadeti-iz-bih-crne-gore-i-kosova\/#breadcrumb\",\"itemListElement\":[{\"@type\":\"ListItem\",\"position\":1,\"name\":\"Home\",\"item\":\"https:\/\/sandzakpress.net\/arhiva\/\"},{\"@type\":\"ListItem\",\"position\":2,\"name\":\"Na vojnoj akademiji i kadeti iz BiH, Crne Gore i Kosova\"}]},{\"@type\":\"WebSite\",\"@id\":\"https:\/\/sandzakpress.net\/arhiva\/#website\",\"url\":\"https:\/\/sandzakpress.net\/arhiva\/\",\"name\":\"Sand\u017eak PRESS\",\"description\":\"Prve elektronske novine u Sand\u017eaku\",\"publisher\":{\"@id\":\"https:\/\/sandzakpress.net\/arhiva\/#\/schema\/person\/6e72b67d6e51910a1117b3b483ba20bd\"},\"potentialAction\":[{\"@type\":\"SearchAction\",\"target\":{\"@type\":\"EntryPoint\",\"urlTemplate\":\"https:\/\/sandzakpress.net\/arhiva\/?s={search_term_string}\"},\"query-input\":{\"@type\":\"PropertyValueSpecification\",\"valueRequired\":true,\"valueName\":\"search_term_string\"}}],\"inLanguage\":\"bs-BA\"},{\"@type\":[\"Person\",\"Organization\"],\"@id\":\"https:\/\/sandzakpress.net\/arhiva\/#\/schema\/person\/6e72b67d6e51910a1117b3b483ba20bd\",\"name\":\"Kul\",\"image\":{\"@type\":\"ImageObject\",\"inLanguage\":\"bs-BA\",\"@id\":\"https:\/\/sandzakpress.net\/arhiva\/#\/schema\/person\/image\/\",\"url\":\"https:\/\/secure.gravatar.com\/avatar\/42263f39aa27ac04c43cab85c280eb2e?s=96&d=mm&r=pg\",\"contentUrl\":\"https:\/\/secure.gravatar.com\/avatar\/42263f39aa27ac04c43cab85c280eb2e?s=96&d=mm&r=pg\",\"caption\":\"Kul\"},\"logo\":{\"@id\":\"https:\/\/sandzakpress.net\/arhiva\/#\/schema\/person\/image\/\"}},{\"@type\":\"Person\",\"@id\":\"https:\/\/sandzakpress.net\/arhiva\/#\/schema\/person\/c8baee722073534b583ea7bdb2e36c02\",\"name\":\"bosniak\",\"image\":{\"@type\":\"ImageObject\",\"inLanguage\":\"bs-BA\",\"@id\":\"https:\/\/sandzakpress.net\/arhiva\/#\/schema\/person\/image\/\",\"url\":\"https:\/\/secure.gravatar.com\/avatar\/a04fd330bfe3a36a72a0ad4a6d89fca7?s=96&d=mm&r=pg\",\"contentUrl\":\"https:\/\/secure.gravatar.com\/avatar\/a04fd330bfe3a36a72a0ad4a6d89fca7?s=96&d=mm&r=pg\",\"caption\":\"bosniak\"},\"url\":\"https:\/\/sandzakpress.net\/arhiva\/author\/bosniak\/\"}]}<\/script>\n<!-- \/ Yoast SEO Premium plugin. -->","yoast_head_json":{"title":"Na vojnoj akademiji i kadeti iz BiH, Crne Gore i Kosova","robots":{"index":"index","follow":"follow","max-snippet":"max-snippet:-1","max-image-preview":"max-image-preview:large","max-video-preview":"max-video-preview:-1"},"canonical":"https:\/\/sandzakpress.net\/arhiva\/na-vojnoj-akademiji-i-kadeti-iz-bih-crne-gore-i-kosova\/","og_locale":"bs_BA","og_type":"article","og_title":"Na vojnoj akademiji i kadeti iz BiH, Crne Gore i Kosova","og_description":"Crna Gora, Makedonija, BiH &#8211; Polaganjem zakletve u kasarni \u201cGoce Del\u010dev\u201d u Skoplju po\u010dela je nova 2013.\/14. \u0161kolska godina na vojnoj akademiji \u201cGeneral Mihailo Apostolski\u201d. Na manifestaciji polaganja zakletve 31 kadeta u\u010destvovali su makedonski ministar odbrane Talat D\u017eaferi, na\u010delnik general\u0161taba Goran\u010do Kotevski, zamjenik ministra odbrane Emil Dimitrijev, zamjenik kosovskog ministra odbrane Jasmina Vati\u0107, dekan vojne [&hellip;]","og_url":"https:\/\/sandzakpress.net\/arhiva\/na-vojnoj-akademiji-i-kadeti-iz-bih-crne-gore-i-kosova\/","og_site_name":"Sand\u017eak PRESS","article_published_time":"2013-10-07T21:33:58+00:00","og_image":[{"width":300,"height":225,"url":"https:\/\/sandzakpress.net\/arhiva\/wp-content\/uploads\/2013\/10\/akademija-300x2251.jpg","type":"image\/jpeg"}],"author":"bosniak","twitter_card":"summary_large_image","twitter_misc":{"Written by":"bosniak","Est. reading time":"1 minuta"},"schema":{"@context":"https:\/\/schema.org","@graph":[{"@type":"Article","@id":"https:\/\/sandzakpress.net\/arhiva\/na-vojnoj-akademiji-i-kadeti-iz-bih-crne-gore-i-kosova\/#article","isPartOf":{"@id":"https:\/\/sandzakpress.net\/arhiva\/na-vojnoj-akademiji-i-kadeti-iz-bih-crne-gore-i-kosova\/"},"author":{"name":"bosniak","@id":"https:\/\/sandzakpress.net\/arhiva\/#\/schema\/person\/c8baee722073534b583ea7bdb2e36c02"},"headline":"Na vojnoj akademiji i kadeti iz BiH, Crne Gore i Kosova","datePublished":"2013-10-07T21:33:58+00:00","mainEntityOfPage":{"@id":"https:\/\/sandzakpress.net\/arhiva\/na-vojnoj-akademiji-i-kadeti-iz-bih-crne-gore-i-kosova\/"},"wordCount":209,"commentCount":0,"publisher":{"@id":"https:\/\/sandzakpress.net\/arhiva\/#\/schema\/person\/6e72b67d6e51910a1117b3b483ba20bd"},"image":{"@id":"https:\/\/sandzakpress.net\/arhiva\/na-vojnoj-akademiji-i-kadeti-iz-bih-crne-gore-i-kosova\/#primaryimage"},"thumbnailUrl":"https:\/\/sandzakpress.net\/arhiva\/wp-content\/uploads\/2013\/10\/akademija-300x2251.jpg","articleSection":["Bosna i Hercegovina","Crna Gora","Makedonija","Obrazovanje"],"inLanguage":"bs-BA","potentialAction":[{"@type":"CommentAction","name":"Comment","target":["https:\/\/sandzakpress.net\/arhiva\/na-vojnoj-akademiji-i-kadeti-iz-bih-crne-gore-i-kosova\/#respond"]}]},{"@type":"WebPage","@id":"https:\/\/sandzakpress.net\/arhiva\/na-vojnoj-akademiji-i-kadeti-iz-bih-crne-gore-i-kosova\/","url":"https:\/\/sandzakpress.net\/arhiva\/na-vojnoj-akademiji-i-kadeti-iz-bih-crne-gore-i-kosova\/","name":"Na vojnoj akademiji i kadeti iz BiH, Crne Gore i Kosova","isPartOf":{"@id":"https:\/\/sandzakpress.net\/arhiva\/#website"},"primaryImageOfPage":{"@id":"https:\/\/sandzakpress.net\/arhiva\/na-vojnoj-akademiji-i-kadeti-iz-bih-crne-gore-i-kosova\/#primaryimage"},"image":{"@id":"https:\/\/sandzakpress.net\/arhiva\/na-vojnoj-akademiji-i-kadeti-iz-bih-crne-gore-i-kosova\/#primaryimage"},"thumbnailUrl":"https:\/\/sandzakpress.net\/arhiva\/wp-content\/uploads\/2013\/10\/akademija-300x2251.jpg","datePublished":"2013-10-07T21:33:58+00:00","breadcrumb":{"@id":"https:\/\/sandzakpress.net\/arhiva\/na-vojnoj-akademiji-i-kadeti-iz-bih-crne-gore-i-kosova\/#breadcrumb"},"inLanguage":"bs-BA","potentialAction":[{"@type":"ReadAction","target":["https:\/\/sandzakpress.net\/arhiva\/na-vojnoj-akademiji-i-kadeti-iz-bih-crne-gore-i-kosova\/"]}]},{"@type":"ImageObject","inLanguage":"bs-BA","@id":"https:\/\/sandzakpress.net\/arhiva\/na-vojnoj-akademiji-i-kadeti-iz-bih-crne-gore-i-kosova\/#primaryimage","url":"https:\/\/sandzakpress.net\/arhiva\/wp-content\/uploads\/2013\/10\/akademija-300x2251.jpg","contentUrl":"https:\/\/sandzakpress.net\/arhiva\/wp-content\/uploads\/2013\/10\/akademija-300x2251.jpg","width":300,"height":225},{"@type":"BreadcrumbList","@id":"https:\/\/sandzakpress.net\/arhiva\/na-vojnoj-akademiji-i-kadeti-iz-bih-crne-gore-i-kosova\/#breadcrumb","itemListElement":[{"@type":"ListItem","position":1,"name":"Home","item":"https:\/\/sandzakpress.net\/arhiva\/"},{"@type":"ListItem","position":2,"name":"Na vojnoj akademiji i kadeti iz BiH, Crne Gore i Kosova"}]},{"@type":"WebSite","@id":"https:\/\/sandzakpress.net\/arhiva\/#website","url":"https:\/\/sandzakpress.net\/arhiva\/","name":"Sand\u017eak PRESS","description":"Prve elektronske novine u Sand\u017eaku","publisher":{"@id":"https:\/\/sandzakpress.net\/arhiva\/#\/schema\/person\/6e72b67d6e51910a1117b3b483ba20bd"},"potentialAction":[{"@type":"SearchAction","target":{"@type":"EntryPoint","urlTemplate":"https:\/\/sandzakpress.net\/arhiva\/?s={search_term_string}"},"query-input":{"@type":"PropertyValueSpecification","valueRequired":true,"valueName":"search_term_string"}}],"inLanguage":"bs-BA"},{"@type":["Person","Organization"],"@id":"https:\/\/sandzakpress.net\/arhiva\/#\/schema\/person\/6e72b67d6e51910a1117b3b483ba20bd","name":"Kul","image":{"@type":"ImageObject","inLanguage":"bs-BA","@id":"https:\/\/sandzakpress.net\/arhiva\/#\/schema\/person\/image\/","url":"https:\/\/secure.gravatar.com\/avatar\/42263f39aa27ac04c43cab85c280eb2e?s=96&d=mm&r=pg","contentUrl":"https:\/\/secure.gravatar.com\/avatar\/42263f39aa27ac04c43cab85c280eb2e?s=96&d=mm&r=pg","caption":"Kul"},"logo":{"@id":"https:\/\/sandzakpress.net\/arhiva\/#\/schema\/person\/image\/"}},{"@type":"Person","@id":"https:\/\/sandzakpress.net\/arhiva\/#\/schema\/person\/c8baee722073534b583ea7bdb2e36c02","name":"bosniak","image":{"@type":"ImageObject","inLanguage":"bs-BA","@id":"https:\/\/sandzakpress.net\/arhiva\/#\/schema\/person\/image\/","url":"https:\/\/secure.gravatar.com\/avatar\/a04fd330bfe3a36a72a0ad4a6d89fca7?s=96&d=mm&r=pg","contentUrl":"https:\/\/secure.gravatar.com\/avatar\/a04fd330bfe3a36a72a0ad4a6d89fca7?s=96&d=mm&r=pg","caption":"bosniak"},"url":"https:\/\/sandzakpress.net\/arhiva\/author\/bosniak\/"}]}},"_links":{"self":[{"href":"https:\/\/sandzakpress.net\/arhiva\/wp-json\/wp\/v2\/posts\/90219"}],"collection":[{"href":"https:\/\/sandzakpress.net\/arhiva\/wp-json\/wp\/v2\/posts"}],"about":[{"href":"https:\/\/sandzakpress.net\/arhiva\/wp-json\/wp\/v2\/types\/post"}],"author":[{"embeddable":true,"href":"https:\/\/sandzakpress.net\/arhiva\/wp-json\/wp\/v2\/users\/83"}],"replies":[{"embeddable":true,"href":"https:\/\/sandzakpress.net\/arhiva\/wp-json\/wp\/v2\/comments?post=90219"}],"version-history":[{"count":0,"href":"https:\/\/sandzakpress.net\/arhiva\/wp-json\/wp\/v2\/posts\/90219\/revisions"}],"wp:featuredmedia":[{"embeddable":true,"href":"https:\/\/sandzakpress.net\/arhiva\/wp-json\/wp\/v2\/media\/90221"}],"wp:attachment":[{"href":"https:\/\/sandzakpress.net\/arhiva\/wp-json\/wp\/v2\/media?parent=90219"}],"wp:term":[{"taxonomy":"category","embeddable":true,"href":"https:\/\/sandzakpress.net\/arhiva\/wp-json\/wp\/v2\/categories?post=90219"},{"taxonomy":"post_tag","embeddable":true,"href":"https:\/\/sandzakpress.net\/arhiva\/wp-json\/wp\/v2\/tags?post=90219"}],"curies":[{"name":"wp","href":"https:\/\/api.w.org\/{rel}","templated":true}]}}