{"id":90190,"date":"2013-10-07T23:16:48","date_gmt":"2013-10-07T21:16:48","guid":{"rendered":"https:\/\/sandzakpress.net\/arhiva\/?p=90190"},"modified":"2013-10-07T23:16:48","modified_gmt":"2013-10-07T21:16:48","slug":"osnovan-savjet-mladih-dps-a-petnjica","status":"publish","type":"post","link":"https:\/\/sandzakpress.net\/arhiva\/osnovan-savjet-mladih-dps-a-petnjica\/","title":{"rendered":"Osnovan Savjet mladih DPS-a Petnjica"},"content":{"rendered":"<p><strong><a href=\"https:\/\/sandzakpress.net\/arhiva\/wp-content\/uploads\/2013\/10\/petnjica.jpg\"><img loading=\"lazy\" decoding=\"async\" class=\"alignleft size-medium wp-image-90191\" alt=\"petnjica\" src=\"https:\/\/sandzakpress.net\/arhiva\/wp-content\/uploads\/2013\/10\/petnjica-300x152.jpg\" width=\"300\" height=\"152\" \/><\/a>Petnjica &#8211; Prva izborna konferencija Savjeta mladih Demokratske partije socijalista DPS Petnjica odr\u017eana je ju\u010de u najmla\u0111oj crnogorskoj op\u0161tini.<\/strong><\/p>\n<div>\n<p>Jednoglasnom podr\u0161kom za predsjednika SM DPS Petnjica izabran je<strong> Selvudin Saboti\u0107<\/strong>.<\/p>\n<p>Na prijedlog predsjednika SM DPS Petnjica izabrani su potpredsjednici <strong>Elmir Muratovi\u0107, Mihrija \u0160krijelj, Asmir Agovi\u0107<\/strong>, a za sekretara <strong>Sausan Huremovi\u0107<\/strong>.<\/p>\n<p>\u201cOp\u0161tinski obor SM DPS Petnjica broji 65 \u010dlanova, uz mogu\u0107nost pro\u0161irenja\u201d, saop\u0161teno je iz Savjeta mladih DPS-a.<\/p>\n<p>Konferenciji su prisustvovali i obratili se predsjednik SM DPS <strong>Nikola Pe\u0161i\u0107,<\/strong> predsjednik OO DPS Petnjica <strong>Samir Agovi\u0107<\/strong>, \u010dlan predsjedni\u0161tva DPS CG <strong>Mevludin Nuhod\u017ei\u0107<\/strong>. Konferenciji su prisustvovali i \u0161efovi mjesnih odbor i mini izbornih \u0161tabova DPS Petnjica.<\/p>\n<p>Predsjednik Savjeta mladih DPS-a Nikola istakao je veliki zna\u010daj mladih u Petnjici u daljem razvoju i funkcionisanju najmla\u0111e op\u0161tine u Crnoj Gori \u00a0sa uvjerenjem da \u0107e isti biti donosioci pravih odluka za dobrobit Petnjice i njenih stanovnika.<\/p>\n<p>Izabrani predsjednik Selvudin Saboti\u0107 zadovoljan je \u0161to \u0107e biti predstavnik jedne generacije \u201ckoja zavre\u0111uje svako uva\u017eavanje\u201d.<\/p>\n<p>Predsjednik SM je najavio ubrzo formiranje Savjeta mladih u svim mjesnim odborima.<\/p>\n<p>(cdm.me)<\/p>\n<\/div>\n","protected":false},"excerpt":{"rendered":"<p>Petnjica &#8211; Prva izborna konferencija Savjeta mladih Demokratske partije socijalista DPS Petnjica odr\u017eana je ju\u010de u najmla\u0111oj crnogorskoj op\u0161tini. Jednoglasnom podr\u0161kom za predsjednika SM DPS Petnjica izabran je Selvudin Saboti\u0107. Na prijedlog predsjednika SM DPS Petnjica izabrani su potpredsjednici Elmir Muratovi\u0107, Mihrija \u0160krijelj, Asmir Agovi\u0107, a za sekretara Sausan Huremovi\u0107. \u201cOp\u0161tinski obor SM DPS Petnjica [&hellip;]<\/p>\n","protected":false},"author":83,"featured_media":90192,"comment_status":"open","ping_status":"open","sticky":false,"template":"","format":"standard","meta":{"footnotes":""},"categories":[10174],"tags":[],"class_list":{"0":"post-90190","1":"post","2":"type-post","3":"status-publish","4":"format-standard","5":"has-post-thumbnail","7":"category-petnjica-vase-vijesti"},"yoast_head":"<!-- This site is optimized with the Yoast SEO Premium plugin v23.1 (Yoast SEO v24.9) - https:\/\/yoast.com\/wordpress\/plugins\/seo\/ -->\n<title>Osnovan Savjet mladih DPS-a Petnjica<\/title>\n<meta name=\"robots\" content=\"index, follow, max-snippet:-1, max-image-preview:large, max-video-preview:-1\" \/>\n<link rel=\"canonical\" href=\"https:\/\/sandzakpress.net\/arhiva\/osnovan-savjet-mladih-dps-a-petnjica\/\" \/>\n<meta property=\"og:locale\" content=\"bs_BA\" \/>\n<meta property=\"og:type\" content=\"article\" \/>\n<meta property=\"og:title\" content=\"Osnovan Savjet mladih DPS-a Petnjica\" \/>\n<meta property=\"og:description\" content=\"Petnjica &#8211; Prva izborna konferencija Savjeta mladih Demokratske partije socijalista DPS Petnjica odr\u017eana je ju\u010de u najmla\u0111oj crnogorskoj op\u0161tini. Jednoglasnom podr\u0161kom za predsjednika SM DPS Petnjica izabran je Selvudin Saboti\u0107. Na prijedlog predsjednika SM DPS Petnjica izabrani su potpredsjednici Elmir Muratovi\u0107, Mihrija \u0160krijelj, Asmir Agovi\u0107, a za sekretara Sausan Huremovi\u0107. \u201cOp\u0161tinski obor SM DPS Petnjica [&hellip;]\" \/>\n<meta property=\"og:url\" content=\"https:\/\/sandzakpress.net\/arhiva\/osnovan-savjet-mladih-dps-a-petnjica\/\" \/>\n<meta property=\"og:site_name\" content=\"Sand\u017eak PRESS\" \/>\n<meta property=\"article:published_time\" content=\"2013-10-07T21:16:48+00:00\" \/>\n<meta property=\"og:image\" content=\"https:\/\/sandzakpress.net\/arhiva\/wp-content\/uploads\/2013\/10\/petnjica-300x1521.jpg\" \/>\n\t<meta property=\"og:image:width\" content=\"300\" \/>\n\t<meta property=\"og:image:height\" content=\"152\" \/>\n\t<meta property=\"og:image:type\" content=\"image\/jpeg\" \/>\n<meta name=\"author\" content=\"bosniak\" \/>\n<meta name=\"twitter:card\" content=\"summary_large_image\" \/>\n<meta name=\"twitter:label1\" content=\"Written by\" \/>\n\t<meta name=\"twitter:data1\" content=\"bosniak\" \/>\n\t<meta name=\"twitter:label2\" content=\"Est. reading time\" \/>\n\t<meta name=\"twitter:data2\" content=\"1 minuta\" \/>\n<script type=\"application\/ld+json\" class=\"yoast-schema-graph\">{\"@context\":\"https:\/\/schema.org\",\"@graph\":[{\"@type\":\"Article\",\"@id\":\"https:\/\/sandzakpress.net\/arhiva\/osnovan-savjet-mladih-dps-a-petnjica\/#article\",\"isPartOf\":{\"@id\":\"https:\/\/sandzakpress.net\/arhiva\/osnovan-savjet-mladih-dps-a-petnjica\/\"},\"author\":{\"name\":\"bosniak\",\"@id\":\"https:\/\/sandzakpress.net\/arhiva\/#\/schema\/person\/c8baee722073534b583ea7bdb2e36c02\"},\"headline\":\"Osnovan Savjet mladih DPS-a Petnjica\",\"datePublished\":\"2013-10-07T21:16:48+00:00\",\"mainEntityOfPage\":{\"@id\":\"https:\/\/sandzakpress.net\/arhiva\/osnovan-savjet-mladih-dps-a-petnjica\/\"},\"wordCount\":191,\"commentCount\":1,\"publisher\":{\"@id\":\"https:\/\/sandzakpress.net\/arhiva\/#\/schema\/person\/6e72b67d6e51910a1117b3b483ba20bd\"},\"image\":{\"@id\":\"https:\/\/sandzakpress.net\/arhiva\/osnovan-savjet-mladih-dps-a-petnjica\/#primaryimage\"},\"thumbnailUrl\":\"https:\/\/sandzakpress.net\/arhiva\/wp-content\/uploads\/2013\/10\/petnjica-300x1521.jpg\",\"articleSection\":[\"Petnjica\"],\"inLanguage\":\"bs-BA\",\"potentialAction\":[{\"@type\":\"CommentAction\",\"name\":\"Comment\",\"target\":[\"https:\/\/sandzakpress.net\/arhiva\/osnovan-savjet-mladih-dps-a-petnjica\/#respond\"]}]},{\"@type\":\"WebPage\",\"@id\":\"https:\/\/sandzakpress.net\/arhiva\/osnovan-savjet-mladih-dps-a-petnjica\/\",\"url\":\"https:\/\/sandzakpress.net\/arhiva\/osnovan-savjet-mladih-dps-a-petnjica\/\",\"name\":\"Osnovan Savjet mladih DPS-a Petnjica\",\"isPartOf\":{\"@id\":\"https:\/\/sandzakpress.net\/arhiva\/#website\"},\"primaryImageOfPage\":{\"@id\":\"https:\/\/sandzakpress.net\/arhiva\/osnovan-savjet-mladih-dps-a-petnjica\/#primaryimage\"},\"image\":{\"@id\":\"https:\/\/sandzakpress.net\/arhiva\/osnovan-savjet-mladih-dps-a-petnjica\/#primaryimage\"},\"thumbnailUrl\":\"https:\/\/sandzakpress.net\/arhiva\/wp-content\/uploads\/2013\/10\/petnjica-300x1521.jpg\",\"datePublished\":\"2013-10-07T21:16:48+00:00\",\"breadcrumb\":{\"@id\":\"https:\/\/sandzakpress.net\/arhiva\/osnovan-savjet-mladih-dps-a-petnjica\/#breadcrumb\"},\"inLanguage\":\"bs-BA\",\"potentialAction\":[{\"@type\":\"ReadAction\",\"target\":[\"https:\/\/sandzakpress.net\/arhiva\/osnovan-savjet-mladih-dps-a-petnjica\/\"]}]},{\"@type\":\"ImageObject\",\"inLanguage\":\"bs-BA\",\"@id\":\"https:\/\/sandzakpress.net\/arhiva\/osnovan-savjet-mladih-dps-a-petnjica\/#primaryimage\",\"url\":\"https:\/\/sandzakpress.net\/arhiva\/wp-content\/uploads\/2013\/10\/petnjica-300x1521.jpg\",\"contentUrl\":\"https:\/\/sandzakpress.net\/arhiva\/wp-content\/uploads\/2013\/10\/petnjica-300x1521.jpg\",\"width\":300,\"height\":152},{\"@type\":\"BreadcrumbList\",\"@id\":\"https:\/\/sandzakpress.net\/arhiva\/osnovan-savjet-mladih-dps-a-petnjica\/#breadcrumb\",\"itemListElement\":[{\"@type\":\"ListItem\",\"position\":1,\"name\":\"Home\",\"item\":\"https:\/\/sandzakpress.net\/arhiva\/\"},{\"@type\":\"ListItem\",\"position\":2,\"name\":\"Osnovan Savjet mladih DPS-a Petnjica\"}]},{\"@type\":\"WebSite\",\"@id\":\"https:\/\/sandzakpress.net\/arhiva\/#website\",\"url\":\"https:\/\/sandzakpress.net\/arhiva\/\",\"name\":\"Sand\u017eak PRESS\",\"description\":\"Prve elektronske novine u Sand\u017eaku\",\"publisher\":{\"@id\":\"https:\/\/sandzakpress.net\/arhiva\/#\/schema\/person\/6e72b67d6e51910a1117b3b483ba20bd\"},\"potentialAction\":[{\"@type\":\"SearchAction\",\"target\":{\"@type\":\"EntryPoint\",\"urlTemplate\":\"https:\/\/sandzakpress.net\/arhiva\/?s={search_term_string}\"},\"query-input\":{\"@type\":\"PropertyValueSpecification\",\"valueRequired\":true,\"valueName\":\"search_term_string\"}}],\"inLanguage\":\"bs-BA\"},{\"@type\":[\"Person\",\"Organization\"],\"@id\":\"https:\/\/sandzakpress.net\/arhiva\/#\/schema\/person\/6e72b67d6e51910a1117b3b483ba20bd\",\"name\":\"Kul\",\"image\":{\"@type\":\"ImageObject\",\"inLanguage\":\"bs-BA\",\"@id\":\"https:\/\/sandzakpress.net\/arhiva\/#\/schema\/person\/image\/\",\"url\":\"https:\/\/secure.gravatar.com\/avatar\/42263f39aa27ac04c43cab85c280eb2e?s=96&d=mm&r=pg\",\"contentUrl\":\"https:\/\/secure.gravatar.com\/avatar\/42263f39aa27ac04c43cab85c280eb2e?s=96&d=mm&r=pg\",\"caption\":\"Kul\"},\"logo\":{\"@id\":\"https:\/\/sandzakpress.net\/arhiva\/#\/schema\/person\/image\/\"}},{\"@type\":\"Person\",\"@id\":\"https:\/\/sandzakpress.net\/arhiva\/#\/schema\/person\/c8baee722073534b583ea7bdb2e36c02\",\"name\":\"bosniak\",\"image\":{\"@type\":\"ImageObject\",\"inLanguage\":\"bs-BA\",\"@id\":\"https:\/\/sandzakpress.net\/arhiva\/#\/schema\/person\/image\/\",\"url\":\"https:\/\/secure.gravatar.com\/avatar\/a04fd330bfe3a36a72a0ad4a6d89fca7?s=96&d=mm&r=pg\",\"contentUrl\":\"https:\/\/secure.gravatar.com\/avatar\/a04fd330bfe3a36a72a0ad4a6d89fca7?s=96&d=mm&r=pg\",\"caption\":\"bosniak\"},\"url\":\"https:\/\/sandzakpress.net\/arhiva\/author\/bosniak\/\"}]}<\/script>\n<!-- \/ Yoast SEO Premium plugin. -->","yoast_head_json":{"title":"Osnovan Savjet mladih DPS-a Petnjica","robots":{"index":"index","follow":"follow","max-snippet":"max-snippet:-1","max-image-preview":"max-image-preview:large","max-video-preview":"max-video-preview:-1"},"canonical":"https:\/\/sandzakpress.net\/arhiva\/osnovan-savjet-mladih-dps-a-petnjica\/","og_locale":"bs_BA","og_type":"article","og_title":"Osnovan Savjet mladih DPS-a Petnjica","og_description":"Petnjica &#8211; Prva izborna konferencija Savjeta mladih Demokratske partije socijalista DPS Petnjica odr\u017eana je ju\u010de u najmla\u0111oj crnogorskoj op\u0161tini. Jednoglasnom podr\u0161kom za predsjednika SM DPS Petnjica izabran je Selvudin Saboti\u0107. Na prijedlog predsjednika SM DPS Petnjica izabrani su potpredsjednici Elmir Muratovi\u0107, Mihrija \u0160krijelj, Asmir Agovi\u0107, a za sekretara Sausan Huremovi\u0107. \u201cOp\u0161tinski obor SM DPS Petnjica [&hellip;]","og_url":"https:\/\/sandzakpress.net\/arhiva\/osnovan-savjet-mladih-dps-a-petnjica\/","og_site_name":"Sand\u017eak PRESS","article_published_time":"2013-10-07T21:16:48+00:00","og_image":[{"width":300,"height":152,"url":"https:\/\/sandzakpress.net\/arhiva\/wp-content\/uploads\/2013\/10\/petnjica-300x1521.jpg","type":"image\/jpeg"}],"author":"bosniak","twitter_card":"summary_large_image","twitter_misc":{"Written by":"bosniak","Est. reading time":"1 minuta"},"schema":{"@context":"https:\/\/schema.org","@graph":[{"@type":"Article","@id":"https:\/\/sandzakpress.net\/arhiva\/osnovan-savjet-mladih-dps-a-petnjica\/#article","isPartOf":{"@id":"https:\/\/sandzakpress.net\/arhiva\/osnovan-savjet-mladih-dps-a-petnjica\/"},"author":{"name":"bosniak","@id":"https:\/\/sandzakpress.net\/arhiva\/#\/schema\/person\/c8baee722073534b583ea7bdb2e36c02"},"headline":"Osnovan Savjet mladih DPS-a Petnjica","datePublished":"2013-10-07T21:16:48+00:00","mainEntityOfPage":{"@id":"https:\/\/sandzakpress.net\/arhiva\/osnovan-savjet-mladih-dps-a-petnjica\/"},"wordCount":191,"commentCount":1,"publisher":{"@id":"https:\/\/sandzakpress.net\/arhiva\/#\/schema\/person\/6e72b67d6e51910a1117b3b483ba20bd"},"image":{"@id":"https:\/\/sandzakpress.net\/arhiva\/osnovan-savjet-mladih-dps-a-petnjica\/#primaryimage"},"thumbnailUrl":"https:\/\/sandzakpress.net\/arhiva\/wp-content\/uploads\/2013\/10\/petnjica-300x1521.jpg","articleSection":["Petnjica"],"inLanguage":"bs-BA","potentialAction":[{"@type":"CommentAction","name":"Comment","target":["https:\/\/sandzakpress.net\/arhiva\/osnovan-savjet-mladih-dps-a-petnjica\/#respond"]}]},{"@type":"WebPage","@id":"https:\/\/sandzakpress.net\/arhiva\/osnovan-savjet-mladih-dps-a-petnjica\/","url":"https:\/\/sandzakpress.net\/arhiva\/osnovan-savjet-mladih-dps-a-petnjica\/","name":"Osnovan Savjet mladih DPS-a Petnjica","isPartOf":{"@id":"https:\/\/sandzakpress.net\/arhiva\/#website"},"primaryImageOfPage":{"@id":"https:\/\/sandzakpress.net\/arhiva\/osnovan-savjet-mladih-dps-a-petnjica\/#primaryimage"},"image":{"@id":"https:\/\/sandzakpress.net\/arhiva\/osnovan-savjet-mladih-dps-a-petnjica\/#primaryimage"},"thumbnailUrl":"https:\/\/sandzakpress.net\/arhiva\/wp-content\/uploads\/2013\/10\/petnjica-300x1521.jpg","datePublished":"2013-10-07T21:16:48+00:00","breadcrumb":{"@id":"https:\/\/sandzakpress.net\/arhiva\/osnovan-savjet-mladih-dps-a-petnjica\/#breadcrumb"},"inLanguage":"bs-BA","potentialAction":[{"@type":"ReadAction","target":["https:\/\/sandzakpress.net\/arhiva\/osnovan-savjet-mladih-dps-a-petnjica\/"]}]},{"@type":"ImageObject","inLanguage":"bs-BA","@id":"https:\/\/sandzakpress.net\/arhiva\/osnovan-savjet-mladih-dps-a-petnjica\/#primaryimage","url":"https:\/\/sandzakpress.net\/arhiva\/wp-content\/uploads\/2013\/10\/petnjica-300x1521.jpg","contentUrl":"https:\/\/sandzakpress.net\/arhiva\/wp-content\/uploads\/2013\/10\/petnjica-300x1521.jpg","width":300,"height":152},{"@type":"BreadcrumbList","@id":"https:\/\/sandzakpress.net\/arhiva\/osnovan-savjet-mladih-dps-a-petnjica\/#breadcrumb","itemListElement":[{"@type":"ListItem","position":1,"name":"Home","item":"https:\/\/sandzakpress.net\/arhiva\/"},{"@type":"ListItem","position":2,"name":"Osnovan Savjet mladih DPS-a Petnjica"}]},{"@type":"WebSite","@id":"https:\/\/sandzakpress.net\/arhiva\/#website","url":"https:\/\/sandzakpress.net\/arhiva\/","name":"Sand\u017eak PRESS","description":"Prve elektronske novine u Sand\u017eaku","publisher":{"@id":"https:\/\/sandzakpress.net\/arhiva\/#\/schema\/person\/6e72b67d6e51910a1117b3b483ba20bd"},"potentialAction":[{"@type":"SearchAction","target":{"@type":"EntryPoint","urlTemplate":"https:\/\/sandzakpress.net\/arhiva\/?s={search_term_string}"},"query-input":{"@type":"PropertyValueSpecification","valueRequired":true,"valueName":"search_term_string"}}],"inLanguage":"bs-BA"},{"@type":["Person","Organization"],"@id":"https:\/\/sandzakpress.net\/arhiva\/#\/schema\/person\/6e72b67d6e51910a1117b3b483ba20bd","name":"Kul","image":{"@type":"ImageObject","inLanguage":"bs-BA","@id":"https:\/\/sandzakpress.net\/arhiva\/#\/schema\/person\/image\/","url":"https:\/\/secure.gravatar.com\/avatar\/42263f39aa27ac04c43cab85c280eb2e?s=96&d=mm&r=pg","contentUrl":"https:\/\/secure.gravatar.com\/avatar\/42263f39aa27ac04c43cab85c280eb2e?s=96&d=mm&r=pg","caption":"Kul"},"logo":{"@id":"https:\/\/sandzakpress.net\/arhiva\/#\/schema\/person\/image\/"}},{"@type":"Person","@id":"https:\/\/sandzakpress.net\/arhiva\/#\/schema\/person\/c8baee722073534b583ea7bdb2e36c02","name":"bosniak","image":{"@type":"ImageObject","inLanguage":"bs-BA","@id":"https:\/\/sandzakpress.net\/arhiva\/#\/schema\/person\/image\/","url":"https:\/\/secure.gravatar.com\/avatar\/a04fd330bfe3a36a72a0ad4a6d89fca7?s=96&d=mm&r=pg","contentUrl":"https:\/\/secure.gravatar.com\/avatar\/a04fd330bfe3a36a72a0ad4a6d89fca7?s=96&d=mm&r=pg","caption":"bosniak"},"url":"https:\/\/sandzakpress.net\/arhiva\/author\/bosniak\/"}]}},"_links":{"self":[{"href":"https:\/\/sandzakpress.net\/arhiva\/wp-json\/wp\/v2\/posts\/90190"}],"collection":[{"href":"https:\/\/sandzakpress.net\/arhiva\/wp-json\/wp\/v2\/posts"}],"about":[{"href":"https:\/\/sandzakpress.net\/arhiva\/wp-json\/wp\/v2\/types\/post"}],"author":[{"embeddable":true,"href":"https:\/\/sandzakpress.net\/arhiva\/wp-json\/wp\/v2\/users\/83"}],"replies":[{"embeddable":true,"href":"https:\/\/sandzakpress.net\/arhiva\/wp-json\/wp\/v2\/comments?post=90190"}],"version-history":[{"count":0,"href":"https:\/\/sandzakpress.net\/arhiva\/wp-json\/wp\/v2\/posts\/90190\/revisions"}],"wp:featuredmedia":[{"embeddable":true,"href":"https:\/\/sandzakpress.net\/arhiva\/wp-json\/wp\/v2\/media\/90192"}],"wp:attachment":[{"href":"https:\/\/sandzakpress.net\/arhiva\/wp-json\/wp\/v2\/media?parent=90190"}],"wp:term":[{"taxonomy":"category","embeddable":true,"href":"https:\/\/sandzakpress.net\/arhiva\/wp-json\/wp\/v2\/categories?post=90190"},{"taxonomy":"post_tag","embeddable":true,"href":"https:\/\/sandzakpress.net\/arhiva\/wp-json\/wp\/v2\/tags?post=90190"}],"curies":[{"name":"wp","href":"https:\/\/api.w.org\/{rel}","templated":true}]}}