{"id":90105,"date":"2013-10-07T20:19:22","date_gmt":"2013-10-07T18:19:22","guid":{"rendered":"https:\/\/sandzakpress.net\/arhiva\/?p=90105"},"modified":"2013-10-07T20:19:22","modified_gmt":"2013-10-07T18:19:22","slug":"bosnjaci-u-crnoj-gori-svoji-na-svome","status":"publish","type":"post","link":"https:\/\/sandzakpress.net\/arhiva\/bosnjaci-u-crnoj-gori-svoji-na-svome\/","title":{"rendered":"Bo\u0161njaci u Crnoj Gori svoji na svome"},"content":{"rendered":"<p><strong><a href=\"https:\/\/sandzakpress.net\/arhiva\/wp-content\/uploads\/2013\/10\/bonjaci_u_crnoj_gori_svoji_na_svome_rps20131006190333.jpg\"><img loading=\"lazy\" decoding=\"async\" class=\"alignleft size-medium wp-image-90106\" alt=\"bonjaci_u_crnoj_gori_svoji_na_svome_rps20131006190333\" src=\"https:\/\/sandzakpress.net\/arhiva\/wp-content\/uploads\/2013\/10\/bonjaci_u_crnoj_gori_svoji_na_svome_rps20131006190333-300x225.jpg\" width=\"300\" height=\"225\" \/><\/a>Crna Gora &#8211; U multimedijalnoj sali Op\u0161tine Tivat sino\u0107 je odr\u017eana tribina na temu \u201eBudi dio budu\u0107nosti Tivta&#8221;, koju je organizovala NVO \u201eGalaksi-Galaxy\u201c u saradnji sa op\u0161tinom Tivat<\/strong><\/p>\n<p>Predava\u010di na tribini bili su prof. dr \u0160erbo Rastoder i dr Novak Ad\u017ei\u0107, a sve prisutne pozdravili su Admir Be\u0107irovi\u0107, predsjednik i Erfat Muli\u0107 direktor ove NVO i u ime Op\u0161tine Tivat Darka Ognjanovi\u0107.<\/p>\n<p>\u201eNa dr\u017eavnom prostoru Crne Gore Bo\u0161njaci biti\u0161u ve\u0107 stolje\u0107ima. Ali, 20. vijek je bio, na nivou Crne Gore zbog ideologije tame, surov prema Bo\u0161nja\u010dkoj zajednici. Savremena Crna Gora, ukoliko pretenduje da u punom smislu i kapacitetu implementira medjunarodne standarde na koje se obavezala, i ukoliko do kraja \u017eeli da ispo\u0161tuje Ustav, i ukoliko \u017eeli da primjeni nacionalno zakonodavstvo bez ikakve razlike u odnosu na pripadni\u0161tvo naciji, vjeri, kulturi, obi\u010dajima, tradiciji, onda mora uzeti u obzir \u010dinjenicu da je Bo\u0161nja\u010dki narod u Crnoj Gori\u00a0 konstitutivan narod. Da je Bo\u0161nja\u010dki narod u Crnoj Gori potvrdio svojim lojalnim odnosom prema obnovi crnogorske dr\u017eavne nezavisnosti, svojim ogromnim doprinosom obnove slobodne i nezavisne Crne Gore, da je u toj Crnoj Gori on svoj na svome i da sva prava koja pripadaju ve\u0107inskom ili i drugim narodima, pripadaju i Bo\u0161nja\u010dkom narodu\u201c \u2013 rekao je dr Novak Ad\u017ei\u0107.<\/p>\n<p>\u201eSvi veliki religijski sistemi na ovim prostorima su do\u0161li sa osvaja\u010dima. To je istorijski fakat. Ovo govorim zbog jednog stereotipa koji je vrlo prisutan i vrlo ra\u0161iren da je \u0161irenje islama vr\u0161eno ma\u010dem i no\u017eem. To mo\u017ee da se doka\u017ee da je svako osvajanje neka vrsta nasilja. Osmanlije su na ovim prostorima bili 600-700 godina. Postavlja \u00a0se pitanje ako bi nasilno bila islamizacija, i ako bi svake godine nasilno islamizirao 1 posto stanovni\u0161tva, \u0161ta bi se desilo? Desilo bi se to da bi \u0161est puta ljudi primili istu vjeru. Ne jednom, nego \u0161est puta. Naravno, nisam od onih koji ovu \u010dinjenicu \u017eeli idealizovati, ali je vrlo \u010desto isti\u010dem. To je jedan aspekt. Drugo, \u010dinjenica je da su osmansku okupaciju pre\u017eivjeli sve religije, sve kulture, svi obi\u010daji i svi jezici. I da tamo gdje su Osmanlije vladale 6 vjekova, a to je prostor danas 25 nezavisnih dr\u017eava, u svakoj imate sa\u010duvan jezik, kulturu i tradiciju. Ne \u017eelim da name\u0107em zaklju\u010dak ali navodim neke \u010dinjenice o kojima vrijedi razmi\u0161ljati\u201c \u2013 rekao je dr \u0160erbo Ratoder.<\/p>\n<p>(radiotivat.com)<\/p>\n","protected":false},"excerpt":{"rendered":"<p>Crna Gora &#8211; U multimedijalnoj sali Op\u0161tine Tivat sino\u0107 je odr\u017eana tribina na temu \u201eBudi dio budu\u0107nosti Tivta&#8221;, koju je organizovala NVO \u201eGalaksi-Galaxy\u201c u saradnji sa op\u0161tinom Tivat Predava\u010di na tribini bili su prof. dr \u0160erbo Rastoder i dr Novak Ad\u017ei\u0107, a sve prisutne pozdravili su Admir Be\u0107irovi\u0107, predsjednik i Erfat Muli\u0107 direktor ove NVO [&hellip;]<\/p>\n","protected":false},"author":83,"featured_media":90107,"comment_status":"open","ping_status":"open","sticky":false,"template":"","format":"standard","meta":{"footnotes":""},"categories":[800,10308],"tags":[],"class_list":{"0":"post-90105","1":"post","2":"type-post","3":"status-publish","4":"format-standard","5":"has-post-thumbnail","7":"category-nacija","8":"category-crna-gora"},"yoast_head":"<!-- This site is optimized with the Yoast SEO Premium plugin v23.1 (Yoast SEO v24.9) - https:\/\/yoast.com\/wordpress\/plugins\/seo\/ -->\n<title>Bo\u0161njaci u Crnoj Gori svoji na svome<\/title>\n<meta name=\"robots\" content=\"index, follow, max-snippet:-1, max-image-preview:large, max-video-preview:-1\" \/>\n<link rel=\"canonical\" href=\"https:\/\/sandzakpress.net\/arhiva\/bosnjaci-u-crnoj-gori-svoji-na-svome\/\" \/>\n<meta property=\"og:locale\" content=\"bs_BA\" \/>\n<meta property=\"og:type\" content=\"article\" \/>\n<meta property=\"og:title\" content=\"Bo\u0161njaci u Crnoj Gori svoji na svome\" \/>\n<meta property=\"og:description\" content=\"Crna Gora &#8211; U multimedijalnoj sali Op\u0161tine Tivat sino\u0107 je odr\u017eana tribina na temu \u201eBudi dio budu\u0107nosti Tivta&#8221;, koju je organizovala NVO \u201eGalaksi-Galaxy\u201c u saradnji sa op\u0161tinom Tivat Predava\u010di na tribini bili su prof. dr \u0160erbo Rastoder i dr Novak Ad\u017ei\u0107, a sve prisutne pozdravili su Admir Be\u0107irovi\u0107, predsjednik i Erfat Muli\u0107 direktor ove NVO [&hellip;]\" \/>\n<meta property=\"og:url\" content=\"https:\/\/sandzakpress.net\/arhiva\/bosnjaci-u-crnoj-gori-svoji-na-svome\/\" \/>\n<meta property=\"og:site_name\" content=\"Sand\u017eak PRESS\" \/>\n<meta property=\"article:published_time\" content=\"2013-10-07T18:19:22+00:00\" \/>\n<meta property=\"og:image\" content=\"https:\/\/sandzakpress.net\/arhiva\/wp-content\/uploads\/2013\/10\/bonjaci_u_crnoj_gori_svoji_na_svome_rps20131006190333-300x2251.jpg\" \/>\n\t<meta property=\"og:image:width\" content=\"300\" \/>\n\t<meta property=\"og:image:height\" content=\"225\" \/>\n\t<meta property=\"og:image:type\" content=\"image\/jpeg\" \/>\n<meta name=\"author\" content=\"bosniak\" \/>\n<meta name=\"twitter:card\" content=\"summary_large_image\" \/>\n<meta name=\"twitter:label1\" content=\"Written by\" \/>\n\t<meta name=\"twitter:data1\" content=\"bosniak\" \/>\n\t<meta name=\"twitter:label2\" content=\"Est. reading time\" \/>\n\t<meta name=\"twitter:data2\" content=\"2 minute\" \/>\n<script type=\"application\/ld+json\" class=\"yoast-schema-graph\">{\"@context\":\"https:\/\/schema.org\",\"@graph\":[{\"@type\":\"Article\",\"@id\":\"https:\/\/sandzakpress.net\/arhiva\/bosnjaci-u-crnoj-gori-svoji-na-svome\/#article\",\"isPartOf\":{\"@id\":\"https:\/\/sandzakpress.net\/arhiva\/bosnjaci-u-crnoj-gori-svoji-na-svome\/\"},\"author\":{\"name\":\"bosniak\",\"@id\":\"https:\/\/sandzakpress.net\/arhiva\/#\/schema\/person\/c8baee722073534b583ea7bdb2e36c02\"},\"headline\":\"Bo\u0161njaci u Crnoj Gori svoji na svome\",\"datePublished\":\"2013-10-07T18:19:22+00:00\",\"mainEntityOfPage\":{\"@id\":\"https:\/\/sandzakpress.net\/arhiva\/bosnjaci-u-crnoj-gori-svoji-na-svome\/\"},\"wordCount\":423,\"commentCount\":0,\"publisher\":{\"@id\":\"https:\/\/sandzakpress.net\/arhiva\/#\/schema\/person\/6e72b67d6e51910a1117b3b483ba20bd\"},\"image\":{\"@id\":\"https:\/\/sandzakpress.net\/arhiva\/bosnjaci-u-crnoj-gori-svoji-na-svome\/#primaryimage\"},\"thumbnailUrl\":\"https:\/\/sandzakpress.net\/arhiva\/wp-content\/uploads\/2013\/10\/bonjaci_u_crnoj_gori_svoji_na_svome_rps20131006190333-300x2251.jpg\",\"articleSection\":[\"Nacija\",\"Crna Gora\"],\"inLanguage\":\"bs-BA\",\"potentialAction\":[{\"@type\":\"CommentAction\",\"name\":\"Comment\",\"target\":[\"https:\/\/sandzakpress.net\/arhiva\/bosnjaci-u-crnoj-gori-svoji-na-svome\/#respond\"]}]},{\"@type\":\"WebPage\",\"@id\":\"https:\/\/sandzakpress.net\/arhiva\/bosnjaci-u-crnoj-gori-svoji-na-svome\/\",\"url\":\"https:\/\/sandzakpress.net\/arhiva\/bosnjaci-u-crnoj-gori-svoji-na-svome\/\",\"name\":\"Bo\u0161njaci u Crnoj Gori svoji na svome\",\"isPartOf\":{\"@id\":\"https:\/\/sandzakpress.net\/arhiva\/#website\"},\"primaryImageOfPage\":{\"@id\":\"https:\/\/sandzakpress.net\/arhiva\/bosnjaci-u-crnoj-gori-svoji-na-svome\/#primaryimage\"},\"image\":{\"@id\":\"https:\/\/sandzakpress.net\/arhiva\/bosnjaci-u-crnoj-gori-svoji-na-svome\/#primaryimage\"},\"thumbnailUrl\":\"https:\/\/sandzakpress.net\/arhiva\/wp-content\/uploads\/2013\/10\/bonjaci_u_crnoj_gori_svoji_na_svome_rps20131006190333-300x2251.jpg\",\"datePublished\":\"2013-10-07T18:19:22+00:00\",\"breadcrumb\":{\"@id\":\"https:\/\/sandzakpress.net\/arhiva\/bosnjaci-u-crnoj-gori-svoji-na-svome\/#breadcrumb\"},\"inLanguage\":\"bs-BA\",\"potentialAction\":[{\"@type\":\"ReadAction\",\"target\":[\"https:\/\/sandzakpress.net\/arhiva\/bosnjaci-u-crnoj-gori-svoji-na-svome\/\"]}]},{\"@type\":\"ImageObject\",\"inLanguage\":\"bs-BA\",\"@id\":\"https:\/\/sandzakpress.net\/arhiva\/bosnjaci-u-crnoj-gori-svoji-na-svome\/#primaryimage\",\"url\":\"https:\/\/sandzakpress.net\/arhiva\/wp-content\/uploads\/2013\/10\/bonjaci_u_crnoj_gori_svoji_na_svome_rps20131006190333-300x2251.jpg\",\"contentUrl\":\"https:\/\/sandzakpress.net\/arhiva\/wp-content\/uploads\/2013\/10\/bonjaci_u_crnoj_gori_svoji_na_svome_rps20131006190333-300x2251.jpg\",\"width\":300,\"height\":225},{\"@type\":\"BreadcrumbList\",\"@id\":\"https:\/\/sandzakpress.net\/arhiva\/bosnjaci-u-crnoj-gori-svoji-na-svome\/#breadcrumb\",\"itemListElement\":[{\"@type\":\"ListItem\",\"position\":1,\"name\":\"Home\",\"item\":\"https:\/\/sandzakpress.net\/arhiva\/\"},{\"@type\":\"ListItem\",\"position\":2,\"name\":\"Bo\u0161njaci u Crnoj Gori svoji na svome\"}]},{\"@type\":\"WebSite\",\"@id\":\"https:\/\/sandzakpress.net\/arhiva\/#website\",\"url\":\"https:\/\/sandzakpress.net\/arhiva\/\",\"name\":\"Sand\u017eak PRESS\",\"description\":\"Prve elektronske novine u Sand\u017eaku\",\"publisher\":{\"@id\":\"https:\/\/sandzakpress.net\/arhiva\/#\/schema\/person\/6e72b67d6e51910a1117b3b483ba20bd\"},\"potentialAction\":[{\"@type\":\"SearchAction\",\"target\":{\"@type\":\"EntryPoint\",\"urlTemplate\":\"https:\/\/sandzakpress.net\/arhiva\/?s={search_term_string}\"},\"query-input\":{\"@type\":\"PropertyValueSpecification\",\"valueRequired\":true,\"valueName\":\"search_term_string\"}}],\"inLanguage\":\"bs-BA\"},{\"@type\":[\"Person\",\"Organization\"],\"@id\":\"https:\/\/sandzakpress.net\/arhiva\/#\/schema\/person\/6e72b67d6e51910a1117b3b483ba20bd\",\"name\":\"Kul\",\"image\":{\"@type\":\"ImageObject\",\"inLanguage\":\"bs-BA\",\"@id\":\"https:\/\/sandzakpress.net\/arhiva\/#\/schema\/person\/image\/\",\"url\":\"https:\/\/secure.gravatar.com\/avatar\/42263f39aa27ac04c43cab85c280eb2e?s=96&d=mm&r=pg\",\"contentUrl\":\"https:\/\/secure.gravatar.com\/avatar\/42263f39aa27ac04c43cab85c280eb2e?s=96&d=mm&r=pg\",\"caption\":\"Kul\"},\"logo\":{\"@id\":\"https:\/\/sandzakpress.net\/arhiva\/#\/schema\/person\/image\/\"}},{\"@type\":\"Person\",\"@id\":\"https:\/\/sandzakpress.net\/arhiva\/#\/schema\/person\/c8baee722073534b583ea7bdb2e36c02\",\"name\":\"bosniak\",\"image\":{\"@type\":\"ImageObject\",\"inLanguage\":\"bs-BA\",\"@id\":\"https:\/\/sandzakpress.net\/arhiva\/#\/schema\/person\/image\/\",\"url\":\"https:\/\/secure.gravatar.com\/avatar\/a04fd330bfe3a36a72a0ad4a6d89fca7?s=96&d=mm&r=pg\",\"contentUrl\":\"https:\/\/secure.gravatar.com\/avatar\/a04fd330bfe3a36a72a0ad4a6d89fca7?s=96&d=mm&r=pg\",\"caption\":\"bosniak\"},\"url\":\"https:\/\/sandzakpress.net\/arhiva\/author\/bosniak\/\"}]}<\/script>\n<!-- \/ Yoast SEO Premium plugin. -->","yoast_head_json":{"title":"Bo\u0161njaci u Crnoj Gori svoji na svome","robots":{"index":"index","follow":"follow","max-snippet":"max-snippet:-1","max-image-preview":"max-image-preview:large","max-video-preview":"max-video-preview:-1"},"canonical":"https:\/\/sandzakpress.net\/arhiva\/bosnjaci-u-crnoj-gori-svoji-na-svome\/","og_locale":"bs_BA","og_type":"article","og_title":"Bo\u0161njaci u Crnoj Gori svoji na svome","og_description":"Crna Gora &#8211; U multimedijalnoj sali Op\u0161tine Tivat sino\u0107 je odr\u017eana tribina na temu \u201eBudi dio budu\u0107nosti Tivta&#8221;, koju je organizovala NVO \u201eGalaksi-Galaxy\u201c u saradnji sa op\u0161tinom Tivat Predava\u010di na tribini bili su prof. dr \u0160erbo Rastoder i dr Novak Ad\u017ei\u0107, a sve prisutne pozdravili su Admir Be\u0107irovi\u0107, predsjednik i Erfat Muli\u0107 direktor ove NVO [&hellip;]","og_url":"https:\/\/sandzakpress.net\/arhiva\/bosnjaci-u-crnoj-gori-svoji-na-svome\/","og_site_name":"Sand\u017eak PRESS","article_published_time":"2013-10-07T18:19:22+00:00","og_image":[{"width":300,"height":225,"url":"https:\/\/sandzakpress.net\/arhiva\/wp-content\/uploads\/2013\/10\/bonjaci_u_crnoj_gori_svoji_na_svome_rps20131006190333-300x2251.jpg","type":"image\/jpeg"}],"author":"bosniak","twitter_card":"summary_large_image","twitter_misc":{"Written by":"bosniak","Est. reading time":"2 minute"},"schema":{"@context":"https:\/\/schema.org","@graph":[{"@type":"Article","@id":"https:\/\/sandzakpress.net\/arhiva\/bosnjaci-u-crnoj-gori-svoji-na-svome\/#article","isPartOf":{"@id":"https:\/\/sandzakpress.net\/arhiva\/bosnjaci-u-crnoj-gori-svoji-na-svome\/"},"author":{"name":"bosniak","@id":"https:\/\/sandzakpress.net\/arhiva\/#\/schema\/person\/c8baee722073534b583ea7bdb2e36c02"},"headline":"Bo\u0161njaci u Crnoj Gori svoji na svome","datePublished":"2013-10-07T18:19:22+00:00","mainEntityOfPage":{"@id":"https:\/\/sandzakpress.net\/arhiva\/bosnjaci-u-crnoj-gori-svoji-na-svome\/"},"wordCount":423,"commentCount":0,"publisher":{"@id":"https:\/\/sandzakpress.net\/arhiva\/#\/schema\/person\/6e72b67d6e51910a1117b3b483ba20bd"},"image":{"@id":"https:\/\/sandzakpress.net\/arhiva\/bosnjaci-u-crnoj-gori-svoji-na-svome\/#primaryimage"},"thumbnailUrl":"https:\/\/sandzakpress.net\/arhiva\/wp-content\/uploads\/2013\/10\/bonjaci_u_crnoj_gori_svoji_na_svome_rps20131006190333-300x2251.jpg","articleSection":["Nacija","Crna Gora"],"inLanguage":"bs-BA","potentialAction":[{"@type":"CommentAction","name":"Comment","target":["https:\/\/sandzakpress.net\/arhiva\/bosnjaci-u-crnoj-gori-svoji-na-svome\/#respond"]}]},{"@type":"WebPage","@id":"https:\/\/sandzakpress.net\/arhiva\/bosnjaci-u-crnoj-gori-svoji-na-svome\/","url":"https:\/\/sandzakpress.net\/arhiva\/bosnjaci-u-crnoj-gori-svoji-na-svome\/","name":"Bo\u0161njaci u Crnoj Gori svoji na svome","isPartOf":{"@id":"https:\/\/sandzakpress.net\/arhiva\/#website"},"primaryImageOfPage":{"@id":"https:\/\/sandzakpress.net\/arhiva\/bosnjaci-u-crnoj-gori-svoji-na-svome\/#primaryimage"},"image":{"@id":"https:\/\/sandzakpress.net\/arhiva\/bosnjaci-u-crnoj-gori-svoji-na-svome\/#primaryimage"},"thumbnailUrl":"https:\/\/sandzakpress.net\/arhiva\/wp-content\/uploads\/2013\/10\/bonjaci_u_crnoj_gori_svoji_na_svome_rps20131006190333-300x2251.jpg","datePublished":"2013-10-07T18:19:22+00:00","breadcrumb":{"@id":"https:\/\/sandzakpress.net\/arhiva\/bosnjaci-u-crnoj-gori-svoji-na-svome\/#breadcrumb"},"inLanguage":"bs-BA","potentialAction":[{"@type":"ReadAction","target":["https:\/\/sandzakpress.net\/arhiva\/bosnjaci-u-crnoj-gori-svoji-na-svome\/"]}]},{"@type":"ImageObject","inLanguage":"bs-BA","@id":"https:\/\/sandzakpress.net\/arhiva\/bosnjaci-u-crnoj-gori-svoji-na-svome\/#primaryimage","url":"https:\/\/sandzakpress.net\/arhiva\/wp-content\/uploads\/2013\/10\/bonjaci_u_crnoj_gori_svoji_na_svome_rps20131006190333-300x2251.jpg","contentUrl":"https:\/\/sandzakpress.net\/arhiva\/wp-content\/uploads\/2013\/10\/bonjaci_u_crnoj_gori_svoji_na_svome_rps20131006190333-300x2251.jpg","width":300,"height":225},{"@type":"BreadcrumbList","@id":"https:\/\/sandzakpress.net\/arhiva\/bosnjaci-u-crnoj-gori-svoji-na-svome\/#breadcrumb","itemListElement":[{"@type":"ListItem","position":1,"name":"Home","item":"https:\/\/sandzakpress.net\/arhiva\/"},{"@type":"ListItem","position":2,"name":"Bo\u0161njaci u Crnoj Gori svoji na svome"}]},{"@type":"WebSite","@id":"https:\/\/sandzakpress.net\/arhiva\/#website","url":"https:\/\/sandzakpress.net\/arhiva\/","name":"Sand\u017eak PRESS","description":"Prve elektronske novine u Sand\u017eaku","publisher":{"@id":"https:\/\/sandzakpress.net\/arhiva\/#\/schema\/person\/6e72b67d6e51910a1117b3b483ba20bd"},"potentialAction":[{"@type":"SearchAction","target":{"@type":"EntryPoint","urlTemplate":"https:\/\/sandzakpress.net\/arhiva\/?s={search_term_string}"},"query-input":{"@type":"PropertyValueSpecification","valueRequired":true,"valueName":"search_term_string"}}],"inLanguage":"bs-BA"},{"@type":["Person","Organization"],"@id":"https:\/\/sandzakpress.net\/arhiva\/#\/schema\/person\/6e72b67d6e51910a1117b3b483ba20bd","name":"Kul","image":{"@type":"ImageObject","inLanguage":"bs-BA","@id":"https:\/\/sandzakpress.net\/arhiva\/#\/schema\/person\/image\/","url":"https:\/\/secure.gravatar.com\/avatar\/42263f39aa27ac04c43cab85c280eb2e?s=96&d=mm&r=pg","contentUrl":"https:\/\/secure.gravatar.com\/avatar\/42263f39aa27ac04c43cab85c280eb2e?s=96&d=mm&r=pg","caption":"Kul"},"logo":{"@id":"https:\/\/sandzakpress.net\/arhiva\/#\/schema\/person\/image\/"}},{"@type":"Person","@id":"https:\/\/sandzakpress.net\/arhiva\/#\/schema\/person\/c8baee722073534b583ea7bdb2e36c02","name":"bosniak","image":{"@type":"ImageObject","inLanguage":"bs-BA","@id":"https:\/\/sandzakpress.net\/arhiva\/#\/schema\/person\/image\/","url":"https:\/\/secure.gravatar.com\/avatar\/a04fd330bfe3a36a72a0ad4a6d89fca7?s=96&d=mm&r=pg","contentUrl":"https:\/\/secure.gravatar.com\/avatar\/a04fd330bfe3a36a72a0ad4a6d89fca7?s=96&d=mm&r=pg","caption":"bosniak"},"url":"https:\/\/sandzakpress.net\/arhiva\/author\/bosniak\/"}]}},"_links":{"self":[{"href":"https:\/\/sandzakpress.net\/arhiva\/wp-json\/wp\/v2\/posts\/90105"}],"collection":[{"href":"https:\/\/sandzakpress.net\/arhiva\/wp-json\/wp\/v2\/posts"}],"about":[{"href":"https:\/\/sandzakpress.net\/arhiva\/wp-json\/wp\/v2\/types\/post"}],"author":[{"embeddable":true,"href":"https:\/\/sandzakpress.net\/arhiva\/wp-json\/wp\/v2\/users\/83"}],"replies":[{"embeddable":true,"href":"https:\/\/sandzakpress.net\/arhiva\/wp-json\/wp\/v2\/comments?post=90105"}],"version-history":[{"count":0,"href":"https:\/\/sandzakpress.net\/arhiva\/wp-json\/wp\/v2\/posts\/90105\/revisions"}],"wp:featuredmedia":[{"embeddable":true,"href":"https:\/\/sandzakpress.net\/arhiva\/wp-json\/wp\/v2\/media\/90107"}],"wp:attachment":[{"href":"https:\/\/sandzakpress.net\/arhiva\/wp-json\/wp\/v2\/media?parent=90105"}],"wp:term":[{"taxonomy":"category","embeddable":true,"href":"https:\/\/sandzakpress.net\/arhiva\/wp-json\/wp\/v2\/categories?post=90105"},{"taxonomy":"post_tag","embeddable":true,"href":"https:\/\/sandzakpress.net\/arhiva\/wp-json\/wp\/v2\/tags?post=90105"}],"curies":[{"name":"wp","href":"https:\/\/api.w.org\/{rel}","templated":true}]}}