{"id":89911,"date":"2013-10-05T21:52:12","date_gmt":"2013-10-05T19:52:12","guid":{"rendered":"https:\/\/sandzakpress.net\/arhiva\/?p=89911"},"modified":"2013-10-05T21:52:12","modified_gmt":"2013-10-05T19:52:12","slug":"ustrajanoscu-u-cinjenju-dobra-do-prvog-jubilarnog-broja-eimaan-casopisa","status":"publish","type":"post","link":"https:\/\/sandzakpress.net\/arhiva\/ustrajanoscu-u-cinjenju-dobra-do-prvog-jubilarnog-broja-eimaan-casopisa\/","title":{"rendered":"Ustrajano\u0161\u0107u u \u010dinjenju dobra do prvog jubilarnog broja \u201eEimaan\u201c \u010dasopisa!"},"content":{"rendered":"<p><strong><a href=\"https:\/\/sandzakpress.net\/arhiva\/wp-content\/uploads\/2013\/10\/a990cdc1b42f106d4099aa482eb5f778.jpg\"><img loading=\"lazy\" decoding=\"async\" class=\"alignleft size-medium wp-image-89912\" alt=\"a990cdc1b42f106d4099aa482eb5f778\" src=\"https:\/\/sandzakpress.net\/arhiva\/wp-content\/uploads\/2013\/10\/a990cdc1b42f106d4099aa482eb5f778-300x211.jpg\" width=\"300\" height=\"211\" \/><\/a>Austrija, Njema\u010dka, \u0160vicarska &#8211; Vjernici koji potpoma\u017eu izgradnju d\u017eamija nose cijenjenu titulu vakifa, da ih Allah s.v.t. nagradi na oba svijeta. Ali nezaboravimo one \u201enevidljive\u201c vakife. Pitate se ko su ti nevidljivi vakifi? I za\u0161to su nevidljivi?<\/strong><\/p>\n<p>Imena te vrste vakifa nisu zapisana na nekim plo\u010dama ili spomenicima. Nevidljivi vakifi na\u0161eg Islamskog Kulutrnog Centra Grac su pored anonimnih vakifa, i \u010ditaoci prvog austrijskog \u010dasopisa na njema\u010dkom jeziku za mlade muslimane i muslimanke koji nosi ime \u201eEimaan\u201c i koji je u oktobru do\u010deako prvi jubilej. U prva tri izdanja je Islamski Kulturni Centar Grac od\u0161tampao preko 1900 komada, a samo Allah s.v.t. zna koliko znanja je ra\u0161ireno ovim putem, \u0161to je jo\u0161 va\u017enije jer Poslanik s.a.v.s. ka\u017ee: <b>&#8221;Prenesite od mene pa makar jedan ajet.\u201c<\/b> (Buharija)<\/p>\n<p>Ovaj projekat su pokrenuli mlade d\u017eematlije i d\u017eematlijke krajem 2012. godine i svojim doborovoljnim radom i anga\u017emanom u ime Allaha s.v.t. poma\u017eu duhovni odgoj djece u dijaspori, a usput i izgradnju dugo o\u010dekivanog Islamskog Kulturnog Centra u Gracu<b>. Naime, sav prihod \u010dasopisa \u201eEimaan\u201c ide u izgradnju IKC-Grac.<\/b><\/p>\n<p>Eimaan izlazi 4 puta godi\u0161nje na njema\u010dkom jeziku, ko\u0161ta 2.20\u20ac, a mogu\u0107a je i godi\u0161nja pretplata \u0161irom Austrije, Njema\u010dke i \u0160vicarske. U Eimaan-u bivaju obra\u0111ene teme direktno vezane za islam, ali i mnoge druge koje bi djeci mogle privu\u0107i pa\u017enju i interesovanje za islam \u0161to je i glavni cilj ovog \u010dasopisa.<\/p>\n<p>Eimaan je \u010dasopis kojeg su podr\u017eali predsjednik Islamske Zajednice Austrije (IGGi\u00d6) dr. Fuat Sanac, predsjednica Islamske pedago\u0161ke akademije (IRPA) mr. Amena Shakir, Islamska Zajednica Bo\u0161njaka u Austriji (IZBA) i mnogi drugi.<\/p>\n<p>U narednim mjesecima je u planu kooperacija sa d\u017eematima u Austriji i uvo\u0111enje Eimaan \u010dasopisa u mektebsko \u0161tivo. Ve\u0107 je dosta d\u017eemata realizovalo ovu mogu\u0107nost. Rad ovih mladih ljudi je vidljiv, to potvr\u0111uje i tira\u017e koji je od prvog broja porastao sa 250 na 600 komada.<\/p>\n<p>Zahvaljujemo se svim \u010ditaocima \u201eEimaan-a\u201c i roditeljima koji podr\u017eavaju ovaj projekat i odgoj svoje djece u duhu islama. Neka Vas Allah s.v.t. nagradi! Amin.<\/p>\n<p>(izba.at)<\/p>\n","protected":false},"excerpt":{"rendered":"<p>Austrija, Njema\u010dka, \u0160vicarska &#8211; Vjernici koji potpoma\u017eu izgradnju d\u017eamija nose cijenjenu titulu vakifa, da ih Allah s.v.t. nagradi na oba svijeta. Ali nezaboravimo one \u201enevidljive\u201c vakife. Pitate se ko su ti nevidljivi vakifi? I za\u0161to su nevidljivi? Imena te vrste vakifa nisu zapisana na nekim plo\u010dama ili spomenicima. Nevidljivi vakifi na\u0161eg Islamskog Kulutrnog Centra Grac [&hellip;]<\/p>\n","protected":false},"author":83,"featured_media":89913,"comment_status":"open","ping_status":"open","sticky":false,"template":"","format":"standard","meta":{"footnotes":""},"categories":[9538,9539,9544,802],"tags":[],"class_list":{"0":"post-89911","1":"post","2":"type-post","3":"status-publish","4":"format-standard","5":"has-post-thumbnail","7":"category-njemacka-dijaspora-gradovi-vase-vijesti","8":"category-austrija-dijaspora-gradovi-vase-vijesti","9":"category-svicarska-dijaspora-gradovi-vase-vijesti","10":"category-islamska_zajednica"},"yoast_head":"<!-- This site is optimized with the Yoast SEO Premium plugin v23.1 (Yoast SEO v24.9) - https:\/\/yoast.com\/wordpress\/plugins\/seo\/ -->\n<title>Ustrajano\u0161\u0107u u \u010dinjenju dobra do prvog jubilarnog broja \u201eEimaan\u201c \u010dasopisa!<\/title>\n<meta name=\"robots\" content=\"index, follow, max-snippet:-1, max-image-preview:large, max-video-preview:-1\" \/>\n<link rel=\"canonical\" href=\"https:\/\/sandzakpress.net\/arhiva\/ustrajanoscu-u-cinjenju-dobra-do-prvog-jubilarnog-broja-eimaan-casopisa\/\" \/>\n<meta property=\"og:locale\" content=\"bs_BA\" \/>\n<meta property=\"og:type\" content=\"article\" \/>\n<meta property=\"og:title\" content=\"Ustrajano\u0161\u0107u u \u010dinjenju dobra do prvog jubilarnog broja \u201eEimaan\u201c \u010dasopisa!\" \/>\n<meta property=\"og:description\" content=\"Austrija, Njema\u010dka, \u0160vicarska &#8211; Vjernici koji potpoma\u017eu izgradnju d\u017eamija nose cijenjenu titulu vakifa, da ih Allah s.v.t. nagradi na oba svijeta. Ali nezaboravimo one \u201enevidljive\u201c vakife. Pitate se ko su ti nevidljivi vakifi? I za\u0161to su nevidljivi? Imena te vrste vakifa nisu zapisana na nekim plo\u010dama ili spomenicima. Nevidljivi vakifi na\u0161eg Islamskog Kulutrnog Centra Grac [&hellip;]\" \/>\n<meta property=\"og:url\" content=\"https:\/\/sandzakpress.net\/arhiva\/ustrajanoscu-u-cinjenju-dobra-do-prvog-jubilarnog-broja-eimaan-casopisa\/\" \/>\n<meta property=\"og:site_name\" content=\"Sand\u017eak PRESS\" \/>\n<meta property=\"article:published_time\" content=\"2013-10-05T19:52:12+00:00\" \/>\n<meta property=\"og:image\" content=\"https:\/\/sandzakpress.net\/arhiva\/wp-content\/uploads\/2013\/10\/a990cdc1b42f106d4099aa482eb5f778-300x2111.jpg\" \/>\n\t<meta property=\"og:image:width\" content=\"300\" \/>\n\t<meta property=\"og:image:height\" content=\"211\" \/>\n\t<meta property=\"og:image:type\" content=\"image\/jpeg\" \/>\n<meta name=\"author\" content=\"bosniak\" \/>\n<meta name=\"twitter:card\" content=\"summary_large_image\" \/>\n<meta name=\"twitter:label1\" content=\"Written by\" \/>\n\t<meta name=\"twitter:data1\" content=\"bosniak\" \/>\n\t<meta name=\"twitter:label2\" content=\"Est. reading time\" \/>\n\t<meta name=\"twitter:data2\" content=\"2 minute\" \/>\n<script type=\"application\/ld+json\" class=\"yoast-schema-graph\">{\"@context\":\"https:\/\/schema.org\",\"@graph\":[{\"@type\":\"Article\",\"@id\":\"https:\/\/sandzakpress.net\/arhiva\/ustrajanoscu-u-cinjenju-dobra-do-prvog-jubilarnog-broja-eimaan-casopisa\/#article\",\"isPartOf\":{\"@id\":\"https:\/\/sandzakpress.net\/arhiva\/ustrajanoscu-u-cinjenju-dobra-do-prvog-jubilarnog-broja-eimaan-casopisa\/\"},\"author\":{\"name\":\"bosniak\",\"@id\":\"https:\/\/sandzakpress.net\/arhiva\/#\/schema\/person\/c8baee722073534b583ea7bdb2e36c02\"},\"headline\":\"Ustrajano\u0161\u0107u u \u010dinjenju dobra do prvog jubilarnog broja \u201eEimaan\u201c \u010dasopisa!\",\"datePublished\":\"2013-10-05T19:52:12+00:00\",\"mainEntityOfPage\":{\"@id\":\"https:\/\/sandzakpress.net\/arhiva\/ustrajanoscu-u-cinjenju-dobra-do-prvog-jubilarnog-broja-eimaan-casopisa\/\"},\"wordCount\":376,\"commentCount\":0,\"publisher\":{\"@id\":\"https:\/\/sandzakpress.net\/arhiva\/#\/schema\/person\/6e72b67d6e51910a1117b3b483ba20bd\"},\"image\":{\"@id\":\"https:\/\/sandzakpress.net\/arhiva\/ustrajanoscu-u-cinjenju-dobra-do-prvog-jubilarnog-broja-eimaan-casopisa\/#primaryimage\"},\"thumbnailUrl\":\"https:\/\/sandzakpress.net\/arhiva\/wp-content\/uploads\/2013\/10\/a990cdc1b42f106d4099aa482eb5f778-300x2111.jpg\",\"articleSection\":[\"Njema\u010dka\",\"Austrija\",\"\u0160vicarska\",\"Islamska zajednica\"],\"inLanguage\":\"bs-BA\",\"potentialAction\":[{\"@type\":\"CommentAction\",\"name\":\"Comment\",\"target\":[\"https:\/\/sandzakpress.net\/arhiva\/ustrajanoscu-u-cinjenju-dobra-do-prvog-jubilarnog-broja-eimaan-casopisa\/#respond\"]}]},{\"@type\":\"WebPage\",\"@id\":\"https:\/\/sandzakpress.net\/arhiva\/ustrajanoscu-u-cinjenju-dobra-do-prvog-jubilarnog-broja-eimaan-casopisa\/\",\"url\":\"https:\/\/sandzakpress.net\/arhiva\/ustrajanoscu-u-cinjenju-dobra-do-prvog-jubilarnog-broja-eimaan-casopisa\/\",\"name\":\"Ustrajano\u0161\u0107u u \u010dinjenju dobra do prvog jubilarnog broja \u201eEimaan\u201c \u010dasopisa!\",\"isPartOf\":{\"@id\":\"https:\/\/sandzakpress.net\/arhiva\/#website\"},\"primaryImageOfPage\":{\"@id\":\"https:\/\/sandzakpress.net\/arhiva\/ustrajanoscu-u-cinjenju-dobra-do-prvog-jubilarnog-broja-eimaan-casopisa\/#primaryimage\"},\"image\":{\"@id\":\"https:\/\/sandzakpress.net\/arhiva\/ustrajanoscu-u-cinjenju-dobra-do-prvog-jubilarnog-broja-eimaan-casopisa\/#primaryimage\"},\"thumbnailUrl\":\"https:\/\/sandzakpress.net\/arhiva\/wp-content\/uploads\/2013\/10\/a990cdc1b42f106d4099aa482eb5f778-300x2111.jpg\",\"datePublished\":\"2013-10-05T19:52:12+00:00\",\"breadcrumb\":{\"@id\":\"https:\/\/sandzakpress.net\/arhiva\/ustrajanoscu-u-cinjenju-dobra-do-prvog-jubilarnog-broja-eimaan-casopisa\/#breadcrumb\"},\"inLanguage\":\"bs-BA\",\"potentialAction\":[{\"@type\":\"ReadAction\",\"target\":[\"https:\/\/sandzakpress.net\/arhiva\/ustrajanoscu-u-cinjenju-dobra-do-prvog-jubilarnog-broja-eimaan-casopisa\/\"]}]},{\"@type\":\"ImageObject\",\"inLanguage\":\"bs-BA\",\"@id\":\"https:\/\/sandzakpress.net\/arhiva\/ustrajanoscu-u-cinjenju-dobra-do-prvog-jubilarnog-broja-eimaan-casopisa\/#primaryimage\",\"url\":\"https:\/\/sandzakpress.net\/arhiva\/wp-content\/uploads\/2013\/10\/a990cdc1b42f106d4099aa482eb5f778-300x2111.jpg\",\"contentUrl\":\"https:\/\/sandzakpress.net\/arhiva\/wp-content\/uploads\/2013\/10\/a990cdc1b42f106d4099aa482eb5f778-300x2111.jpg\",\"width\":300,\"height\":211},{\"@type\":\"BreadcrumbList\",\"@id\":\"https:\/\/sandzakpress.net\/arhiva\/ustrajanoscu-u-cinjenju-dobra-do-prvog-jubilarnog-broja-eimaan-casopisa\/#breadcrumb\",\"itemListElement\":[{\"@type\":\"ListItem\",\"position\":1,\"name\":\"Home\",\"item\":\"https:\/\/sandzakpress.net\/arhiva\/\"},{\"@type\":\"ListItem\",\"position\":2,\"name\":\"Ustrajano\u0161\u0107u u \u010dinjenju dobra do prvog jubilarnog broja \u201eEimaan\u201c \u010dasopisa!\"}]},{\"@type\":\"WebSite\",\"@id\":\"https:\/\/sandzakpress.net\/arhiva\/#website\",\"url\":\"https:\/\/sandzakpress.net\/arhiva\/\",\"name\":\"Sand\u017eak PRESS\",\"description\":\"Prve elektronske novine u Sand\u017eaku\",\"publisher\":{\"@id\":\"https:\/\/sandzakpress.net\/arhiva\/#\/schema\/person\/6e72b67d6e51910a1117b3b483ba20bd\"},\"potentialAction\":[{\"@type\":\"SearchAction\",\"target\":{\"@type\":\"EntryPoint\",\"urlTemplate\":\"https:\/\/sandzakpress.net\/arhiva\/?s={search_term_string}\"},\"query-input\":{\"@type\":\"PropertyValueSpecification\",\"valueRequired\":true,\"valueName\":\"search_term_string\"}}],\"inLanguage\":\"bs-BA\"},{\"@type\":[\"Person\",\"Organization\"],\"@id\":\"https:\/\/sandzakpress.net\/arhiva\/#\/schema\/person\/6e72b67d6e51910a1117b3b483ba20bd\",\"name\":\"Kul\",\"image\":{\"@type\":\"ImageObject\",\"inLanguage\":\"bs-BA\",\"@id\":\"https:\/\/sandzakpress.net\/arhiva\/#\/schema\/person\/image\/\",\"url\":\"https:\/\/secure.gravatar.com\/avatar\/42263f39aa27ac04c43cab85c280eb2e?s=96&d=mm&r=pg\",\"contentUrl\":\"https:\/\/secure.gravatar.com\/avatar\/42263f39aa27ac04c43cab85c280eb2e?s=96&d=mm&r=pg\",\"caption\":\"Kul\"},\"logo\":{\"@id\":\"https:\/\/sandzakpress.net\/arhiva\/#\/schema\/person\/image\/\"}},{\"@type\":\"Person\",\"@id\":\"https:\/\/sandzakpress.net\/arhiva\/#\/schema\/person\/c8baee722073534b583ea7bdb2e36c02\",\"name\":\"bosniak\",\"image\":{\"@type\":\"ImageObject\",\"inLanguage\":\"bs-BA\",\"@id\":\"https:\/\/sandzakpress.net\/arhiva\/#\/schema\/person\/image\/\",\"url\":\"https:\/\/secure.gravatar.com\/avatar\/a04fd330bfe3a36a72a0ad4a6d89fca7?s=96&d=mm&r=pg\",\"contentUrl\":\"https:\/\/secure.gravatar.com\/avatar\/a04fd330bfe3a36a72a0ad4a6d89fca7?s=96&d=mm&r=pg\",\"caption\":\"bosniak\"},\"url\":\"https:\/\/sandzakpress.net\/arhiva\/author\/bosniak\/\"}]}<\/script>\n<!-- \/ Yoast SEO Premium plugin. -->","yoast_head_json":{"title":"Ustrajano\u0161\u0107u u \u010dinjenju dobra do prvog jubilarnog broja \u201eEimaan\u201c \u010dasopisa!","robots":{"index":"index","follow":"follow","max-snippet":"max-snippet:-1","max-image-preview":"max-image-preview:large","max-video-preview":"max-video-preview:-1"},"canonical":"https:\/\/sandzakpress.net\/arhiva\/ustrajanoscu-u-cinjenju-dobra-do-prvog-jubilarnog-broja-eimaan-casopisa\/","og_locale":"bs_BA","og_type":"article","og_title":"Ustrajano\u0161\u0107u u \u010dinjenju dobra do prvog jubilarnog broja \u201eEimaan\u201c \u010dasopisa!","og_description":"Austrija, Njema\u010dka, \u0160vicarska &#8211; Vjernici koji potpoma\u017eu izgradnju d\u017eamija nose cijenjenu titulu vakifa, da ih Allah s.v.t. nagradi na oba svijeta. Ali nezaboravimo one \u201enevidljive\u201c vakife. Pitate se ko su ti nevidljivi vakifi? I za\u0161to su nevidljivi? Imena te vrste vakifa nisu zapisana na nekim plo\u010dama ili spomenicima. Nevidljivi vakifi na\u0161eg Islamskog Kulutrnog Centra Grac [&hellip;]","og_url":"https:\/\/sandzakpress.net\/arhiva\/ustrajanoscu-u-cinjenju-dobra-do-prvog-jubilarnog-broja-eimaan-casopisa\/","og_site_name":"Sand\u017eak PRESS","article_published_time":"2013-10-05T19:52:12+00:00","og_image":[{"width":300,"height":211,"url":"https:\/\/sandzakpress.net\/arhiva\/wp-content\/uploads\/2013\/10\/a990cdc1b42f106d4099aa482eb5f778-300x2111.jpg","type":"image\/jpeg"}],"author":"bosniak","twitter_card":"summary_large_image","twitter_misc":{"Written by":"bosniak","Est. reading time":"2 minute"},"schema":{"@context":"https:\/\/schema.org","@graph":[{"@type":"Article","@id":"https:\/\/sandzakpress.net\/arhiva\/ustrajanoscu-u-cinjenju-dobra-do-prvog-jubilarnog-broja-eimaan-casopisa\/#article","isPartOf":{"@id":"https:\/\/sandzakpress.net\/arhiva\/ustrajanoscu-u-cinjenju-dobra-do-prvog-jubilarnog-broja-eimaan-casopisa\/"},"author":{"name":"bosniak","@id":"https:\/\/sandzakpress.net\/arhiva\/#\/schema\/person\/c8baee722073534b583ea7bdb2e36c02"},"headline":"Ustrajano\u0161\u0107u u \u010dinjenju dobra do prvog jubilarnog broja \u201eEimaan\u201c \u010dasopisa!","datePublished":"2013-10-05T19:52:12+00:00","mainEntityOfPage":{"@id":"https:\/\/sandzakpress.net\/arhiva\/ustrajanoscu-u-cinjenju-dobra-do-prvog-jubilarnog-broja-eimaan-casopisa\/"},"wordCount":376,"commentCount":0,"publisher":{"@id":"https:\/\/sandzakpress.net\/arhiva\/#\/schema\/person\/6e72b67d6e51910a1117b3b483ba20bd"},"image":{"@id":"https:\/\/sandzakpress.net\/arhiva\/ustrajanoscu-u-cinjenju-dobra-do-prvog-jubilarnog-broja-eimaan-casopisa\/#primaryimage"},"thumbnailUrl":"https:\/\/sandzakpress.net\/arhiva\/wp-content\/uploads\/2013\/10\/a990cdc1b42f106d4099aa482eb5f778-300x2111.jpg","articleSection":["Njema\u010dka","Austrija","\u0160vicarska","Islamska zajednica"],"inLanguage":"bs-BA","potentialAction":[{"@type":"CommentAction","name":"Comment","target":["https:\/\/sandzakpress.net\/arhiva\/ustrajanoscu-u-cinjenju-dobra-do-prvog-jubilarnog-broja-eimaan-casopisa\/#respond"]}]},{"@type":"WebPage","@id":"https:\/\/sandzakpress.net\/arhiva\/ustrajanoscu-u-cinjenju-dobra-do-prvog-jubilarnog-broja-eimaan-casopisa\/","url":"https:\/\/sandzakpress.net\/arhiva\/ustrajanoscu-u-cinjenju-dobra-do-prvog-jubilarnog-broja-eimaan-casopisa\/","name":"Ustrajano\u0161\u0107u u \u010dinjenju dobra do prvog jubilarnog broja \u201eEimaan\u201c \u010dasopisa!","isPartOf":{"@id":"https:\/\/sandzakpress.net\/arhiva\/#website"},"primaryImageOfPage":{"@id":"https:\/\/sandzakpress.net\/arhiva\/ustrajanoscu-u-cinjenju-dobra-do-prvog-jubilarnog-broja-eimaan-casopisa\/#primaryimage"},"image":{"@id":"https:\/\/sandzakpress.net\/arhiva\/ustrajanoscu-u-cinjenju-dobra-do-prvog-jubilarnog-broja-eimaan-casopisa\/#primaryimage"},"thumbnailUrl":"https:\/\/sandzakpress.net\/arhiva\/wp-content\/uploads\/2013\/10\/a990cdc1b42f106d4099aa482eb5f778-300x2111.jpg","datePublished":"2013-10-05T19:52:12+00:00","breadcrumb":{"@id":"https:\/\/sandzakpress.net\/arhiva\/ustrajanoscu-u-cinjenju-dobra-do-prvog-jubilarnog-broja-eimaan-casopisa\/#breadcrumb"},"inLanguage":"bs-BA","potentialAction":[{"@type":"ReadAction","target":["https:\/\/sandzakpress.net\/arhiva\/ustrajanoscu-u-cinjenju-dobra-do-prvog-jubilarnog-broja-eimaan-casopisa\/"]}]},{"@type":"ImageObject","inLanguage":"bs-BA","@id":"https:\/\/sandzakpress.net\/arhiva\/ustrajanoscu-u-cinjenju-dobra-do-prvog-jubilarnog-broja-eimaan-casopisa\/#primaryimage","url":"https:\/\/sandzakpress.net\/arhiva\/wp-content\/uploads\/2013\/10\/a990cdc1b42f106d4099aa482eb5f778-300x2111.jpg","contentUrl":"https:\/\/sandzakpress.net\/arhiva\/wp-content\/uploads\/2013\/10\/a990cdc1b42f106d4099aa482eb5f778-300x2111.jpg","width":300,"height":211},{"@type":"BreadcrumbList","@id":"https:\/\/sandzakpress.net\/arhiva\/ustrajanoscu-u-cinjenju-dobra-do-prvog-jubilarnog-broja-eimaan-casopisa\/#breadcrumb","itemListElement":[{"@type":"ListItem","position":1,"name":"Home","item":"https:\/\/sandzakpress.net\/arhiva\/"},{"@type":"ListItem","position":2,"name":"Ustrajano\u0161\u0107u u \u010dinjenju dobra do prvog jubilarnog broja \u201eEimaan\u201c \u010dasopisa!"}]},{"@type":"WebSite","@id":"https:\/\/sandzakpress.net\/arhiva\/#website","url":"https:\/\/sandzakpress.net\/arhiva\/","name":"Sand\u017eak PRESS","description":"Prve elektronske novine u Sand\u017eaku","publisher":{"@id":"https:\/\/sandzakpress.net\/arhiva\/#\/schema\/person\/6e72b67d6e51910a1117b3b483ba20bd"},"potentialAction":[{"@type":"SearchAction","target":{"@type":"EntryPoint","urlTemplate":"https:\/\/sandzakpress.net\/arhiva\/?s={search_term_string}"},"query-input":{"@type":"PropertyValueSpecification","valueRequired":true,"valueName":"search_term_string"}}],"inLanguage":"bs-BA"},{"@type":["Person","Organization"],"@id":"https:\/\/sandzakpress.net\/arhiva\/#\/schema\/person\/6e72b67d6e51910a1117b3b483ba20bd","name":"Kul","image":{"@type":"ImageObject","inLanguage":"bs-BA","@id":"https:\/\/sandzakpress.net\/arhiva\/#\/schema\/person\/image\/","url":"https:\/\/secure.gravatar.com\/avatar\/42263f39aa27ac04c43cab85c280eb2e?s=96&d=mm&r=pg","contentUrl":"https:\/\/secure.gravatar.com\/avatar\/42263f39aa27ac04c43cab85c280eb2e?s=96&d=mm&r=pg","caption":"Kul"},"logo":{"@id":"https:\/\/sandzakpress.net\/arhiva\/#\/schema\/person\/image\/"}},{"@type":"Person","@id":"https:\/\/sandzakpress.net\/arhiva\/#\/schema\/person\/c8baee722073534b583ea7bdb2e36c02","name":"bosniak","image":{"@type":"ImageObject","inLanguage":"bs-BA","@id":"https:\/\/sandzakpress.net\/arhiva\/#\/schema\/person\/image\/","url":"https:\/\/secure.gravatar.com\/avatar\/a04fd330bfe3a36a72a0ad4a6d89fca7?s=96&d=mm&r=pg","contentUrl":"https:\/\/secure.gravatar.com\/avatar\/a04fd330bfe3a36a72a0ad4a6d89fca7?s=96&d=mm&r=pg","caption":"bosniak"},"url":"https:\/\/sandzakpress.net\/arhiva\/author\/bosniak\/"}]}},"_links":{"self":[{"href":"https:\/\/sandzakpress.net\/arhiva\/wp-json\/wp\/v2\/posts\/89911"}],"collection":[{"href":"https:\/\/sandzakpress.net\/arhiva\/wp-json\/wp\/v2\/posts"}],"about":[{"href":"https:\/\/sandzakpress.net\/arhiva\/wp-json\/wp\/v2\/types\/post"}],"author":[{"embeddable":true,"href":"https:\/\/sandzakpress.net\/arhiva\/wp-json\/wp\/v2\/users\/83"}],"replies":[{"embeddable":true,"href":"https:\/\/sandzakpress.net\/arhiva\/wp-json\/wp\/v2\/comments?post=89911"}],"version-history":[{"count":0,"href":"https:\/\/sandzakpress.net\/arhiva\/wp-json\/wp\/v2\/posts\/89911\/revisions"}],"wp:featuredmedia":[{"embeddable":true,"href":"https:\/\/sandzakpress.net\/arhiva\/wp-json\/wp\/v2\/media\/89913"}],"wp:attachment":[{"href":"https:\/\/sandzakpress.net\/arhiva\/wp-json\/wp\/v2\/media?parent=89911"}],"wp:term":[{"taxonomy":"category","embeddable":true,"href":"https:\/\/sandzakpress.net\/arhiva\/wp-json\/wp\/v2\/categories?post=89911"},{"taxonomy":"post_tag","embeddable":true,"href":"https:\/\/sandzakpress.net\/arhiva\/wp-json\/wp\/v2\/tags?post=89911"}],"curies":[{"name":"wp","href":"https:\/\/api.w.org\/{rel}","templated":true}]}}