{"id":89813,"date":"2013-10-05T01:33:13","date_gmt":"2013-10-04T23:33:13","guid":{"rendered":"https:\/\/sandzakpress.net\/arhiva\/?p=89813"},"modified":"2013-10-05T01:33:13","modified_gmt":"2013-10-04T23:33:13","slug":"novo-u-svicarskoj-svaka-odrasla-osoba-ce-dobijati-2500-franaka-mjesecno-i-ako-ne-radi","status":"publish","type":"post","link":"https:\/\/sandzakpress.net\/arhiva\/novo-u-svicarskoj-svaka-odrasla-osoba-ce-dobijati-2500-franaka-mjesecno-i-ako-ne-radi\/","title":{"rendered":"Novo u \u0160vicarskoj: Svaka odrasla osoba \u0107e dobijati 2500 franaka mjese\u010dno, i ako ne radi"},"content":{"rendered":"<p><strong><a href=\"https:\/\/sandzakpress.net\/arhiva\/wp-content\/uploads\/2013\/10\/165388_banjaluka01-svicarski-franak_f.jpg\"><img loading=\"lazy\" decoding=\"async\" class=\"alignleft size-medium wp-image-89814\" alt=\"165388_banjaluka01-svicarski-franak_f\" src=\"https:\/\/sandzakpress.net\/arhiva\/wp-content\/uploads\/2013\/10\/165388_banjaluka01-svicarski-franak_f-300x172.jpg\" width=\"300\" height=\"172\" \/><\/a>\u0160vicarska &#8211; Osnovna zarada od 2500 franaka \u0107e biti za svakoga. Me\u0111utim svako ko \u017eeli mnogo vi\u0161e od toga mora raditi, stoji u inicijativi.<\/strong><\/p>\n<p>Svaka odrasla osoba u \u0160vicarskoj treba uzeti 2500 franaka svaki mjesec kao minimum za egzistenciju, bez obzira da li radi ili ne.<\/p>\n<p>Ovo \u0107e im omogu\u0107iti \u201cpristojno ljudsko dostojanstvo i sudjelovanje u javnom \u017eivotu\u201d.<\/p>\n<p>Ovako je tra\u017eio komitet koji je izradio inicijativu za \u201cbezuslovni osnovni dohodak\u201d, inicijativa koja je potpisana od 126 hiljada gra\u0111ana da bih bila uvedena na glasanje u toj zemlji.<\/p>\n<p>Interesantan tekst navodi da je osnovna plata svima 2.500 franaka. Ali svako ko \u017eeli vi\u0161e, mora\u00a0 raditi.<\/p>\n<p>Dok za djecu predla\u017eu prihode od 625 franaka odnosno \u010detvrtinu prihoda za odrasle.<\/p>\n<p>Moto komiteta ove inicijative je \u201cTo je ono \u0161to je potrebno svakome ili svakoj, treba primijeniti na sve, bezuslovno\u201d.<\/p>\n<p>(bosnjak-ks.info)<\/p>\n","protected":false},"excerpt":{"rendered":"<p>\u0160vicarska &#8211; Osnovna zarada od 2500 franaka \u0107e biti za svakoga. Me\u0111utim svako ko \u017eeli mnogo vi\u0161e od toga mora raditi, stoji u inicijativi. Svaka odrasla osoba u \u0160vicarskoj treba uzeti 2500 franaka svaki mjesec kao minimum za egzistenciju, bez obzira da li radi ili ne. Ovo \u0107e im omogu\u0107iti \u201cpristojno ljudsko dostojanstvo i sudjelovanje [&hellip;]<\/p>\n","protected":false},"author":83,"featured_media":89815,"comment_status":"open","ping_status":"open","sticky":false,"template":"","format":"standard","meta":{"footnotes":""},"categories":[9544,9],"tags":[],"class_list":{"0":"post-89813","1":"post","2":"type-post","3":"status-publish","4":"format-standard","5":"has-post-thumbnail","7":"category-svicarska-dijaspora-gradovi-vase-vijesti","8":"category-svijet"},"yoast_head":"<!-- This site is optimized with the Yoast SEO Premium plugin v23.1 (Yoast SEO v24.9) - https:\/\/yoast.com\/wordpress\/plugins\/seo\/ -->\n<title>Novo u \u0160vicarskoj: Svaka odrasla osoba \u0107e dobijati 2500 franaka mjese\u010dno, i ako ne radi<\/title>\n<meta name=\"robots\" content=\"index, follow, max-snippet:-1, max-image-preview:large, max-video-preview:-1\" \/>\n<link rel=\"canonical\" href=\"https:\/\/sandzakpress.net\/arhiva\/novo-u-svicarskoj-svaka-odrasla-osoba-ce-dobijati-2500-franaka-mjesecno-i-ako-ne-radi\/\" \/>\n<meta property=\"og:locale\" content=\"bs_BA\" \/>\n<meta property=\"og:type\" content=\"article\" \/>\n<meta property=\"og:title\" content=\"Novo u \u0160vicarskoj: Svaka odrasla osoba \u0107e dobijati 2500 franaka mjese\u010dno, i ako ne radi\" \/>\n<meta property=\"og:description\" content=\"\u0160vicarska &#8211; Osnovna zarada od 2500 franaka \u0107e biti za svakoga. Me\u0111utim svako ko \u017eeli mnogo vi\u0161e od toga mora raditi, stoji u inicijativi. Svaka odrasla osoba u \u0160vicarskoj treba uzeti 2500 franaka svaki mjesec kao minimum za egzistenciju, bez obzira da li radi ili ne. Ovo \u0107e im omogu\u0107iti \u201cpristojno ljudsko dostojanstvo i sudjelovanje [&hellip;]\" \/>\n<meta property=\"og:url\" content=\"https:\/\/sandzakpress.net\/arhiva\/novo-u-svicarskoj-svaka-odrasla-osoba-ce-dobijati-2500-franaka-mjesecno-i-ako-ne-radi\/\" \/>\n<meta property=\"og:site_name\" content=\"Sand\u017eak PRESS\" \/>\n<meta property=\"article:published_time\" content=\"2013-10-04T23:33:13+00:00\" \/>\n<meta property=\"og:image\" content=\"https:\/\/sandzakpress.net\/arhiva\/wp-content\/uploads\/2013\/10\/165388_banjaluka01-svicarski-franak_f-300x1721.jpg\" \/>\n\t<meta property=\"og:image:width\" content=\"300\" \/>\n\t<meta property=\"og:image:height\" content=\"172\" \/>\n\t<meta property=\"og:image:type\" content=\"image\/jpeg\" \/>\n<meta name=\"author\" content=\"bosniak\" \/>\n<meta name=\"twitter:card\" content=\"summary_large_image\" \/>\n<meta name=\"twitter:label1\" content=\"Written by\" \/>\n\t<meta name=\"twitter:data1\" content=\"bosniak\" \/>\n\t<meta name=\"twitter:label2\" content=\"Est. reading time\" \/>\n\t<meta name=\"twitter:data2\" content=\"1 minuta\" \/>\n<script type=\"application\/ld+json\" class=\"yoast-schema-graph\">{\"@context\":\"https:\/\/schema.org\",\"@graph\":[{\"@type\":\"Article\",\"@id\":\"https:\/\/sandzakpress.net\/arhiva\/novo-u-svicarskoj-svaka-odrasla-osoba-ce-dobijati-2500-franaka-mjesecno-i-ako-ne-radi\/#article\",\"isPartOf\":{\"@id\":\"https:\/\/sandzakpress.net\/arhiva\/novo-u-svicarskoj-svaka-odrasla-osoba-ce-dobijati-2500-franaka-mjesecno-i-ako-ne-radi\/\"},\"author\":{\"name\":\"bosniak\",\"@id\":\"https:\/\/sandzakpress.net\/arhiva\/#\/schema\/person\/c8baee722073534b583ea7bdb2e36c02\"},\"headline\":\"Novo u \u0160vicarskoj: Svaka odrasla osoba \u0107e dobijati 2500 franaka mjese\u010dno, i ako ne radi\",\"datePublished\":\"2013-10-04T23:33:13+00:00\",\"mainEntityOfPage\":{\"@id\":\"https:\/\/sandzakpress.net\/arhiva\/novo-u-svicarskoj-svaka-odrasla-osoba-ce-dobijati-2500-franaka-mjesecno-i-ako-ne-radi\/\"},\"wordCount\":155,\"commentCount\":0,\"publisher\":{\"@id\":\"https:\/\/sandzakpress.net\/arhiva\/#\/schema\/person\/6e72b67d6e51910a1117b3b483ba20bd\"},\"image\":{\"@id\":\"https:\/\/sandzakpress.net\/arhiva\/novo-u-svicarskoj-svaka-odrasla-osoba-ce-dobijati-2500-franaka-mjesecno-i-ako-ne-radi\/#primaryimage\"},\"thumbnailUrl\":\"https:\/\/sandzakpress.net\/arhiva\/wp-content\/uploads\/2013\/10\/165388_banjaluka01-svicarski-franak_f-300x1721.jpg\",\"articleSection\":[\"\u0160vicarska\",\"Svijet\"],\"inLanguage\":\"bs-BA\",\"potentialAction\":[{\"@type\":\"CommentAction\",\"name\":\"Comment\",\"target\":[\"https:\/\/sandzakpress.net\/arhiva\/novo-u-svicarskoj-svaka-odrasla-osoba-ce-dobijati-2500-franaka-mjesecno-i-ako-ne-radi\/#respond\"]}]},{\"@type\":\"WebPage\",\"@id\":\"https:\/\/sandzakpress.net\/arhiva\/novo-u-svicarskoj-svaka-odrasla-osoba-ce-dobijati-2500-franaka-mjesecno-i-ako-ne-radi\/\",\"url\":\"https:\/\/sandzakpress.net\/arhiva\/novo-u-svicarskoj-svaka-odrasla-osoba-ce-dobijati-2500-franaka-mjesecno-i-ako-ne-radi\/\",\"name\":\"Novo u \u0160vicarskoj: Svaka odrasla osoba \u0107e dobijati 2500 franaka mjese\u010dno, i ako ne radi\",\"isPartOf\":{\"@id\":\"https:\/\/sandzakpress.net\/arhiva\/#website\"},\"primaryImageOfPage\":{\"@id\":\"https:\/\/sandzakpress.net\/arhiva\/novo-u-svicarskoj-svaka-odrasla-osoba-ce-dobijati-2500-franaka-mjesecno-i-ako-ne-radi\/#primaryimage\"},\"image\":{\"@id\":\"https:\/\/sandzakpress.net\/arhiva\/novo-u-svicarskoj-svaka-odrasla-osoba-ce-dobijati-2500-franaka-mjesecno-i-ako-ne-radi\/#primaryimage\"},\"thumbnailUrl\":\"https:\/\/sandzakpress.net\/arhiva\/wp-content\/uploads\/2013\/10\/165388_banjaluka01-svicarski-franak_f-300x1721.jpg\",\"datePublished\":\"2013-10-04T23:33:13+00:00\",\"breadcrumb\":{\"@id\":\"https:\/\/sandzakpress.net\/arhiva\/novo-u-svicarskoj-svaka-odrasla-osoba-ce-dobijati-2500-franaka-mjesecno-i-ako-ne-radi\/#breadcrumb\"},\"inLanguage\":\"bs-BA\",\"potentialAction\":[{\"@type\":\"ReadAction\",\"target\":[\"https:\/\/sandzakpress.net\/arhiva\/novo-u-svicarskoj-svaka-odrasla-osoba-ce-dobijati-2500-franaka-mjesecno-i-ako-ne-radi\/\"]}]},{\"@type\":\"ImageObject\",\"inLanguage\":\"bs-BA\",\"@id\":\"https:\/\/sandzakpress.net\/arhiva\/novo-u-svicarskoj-svaka-odrasla-osoba-ce-dobijati-2500-franaka-mjesecno-i-ako-ne-radi\/#primaryimage\",\"url\":\"https:\/\/sandzakpress.net\/arhiva\/wp-content\/uploads\/2013\/10\/165388_banjaluka01-svicarski-franak_f-300x1721.jpg\",\"contentUrl\":\"https:\/\/sandzakpress.net\/arhiva\/wp-content\/uploads\/2013\/10\/165388_banjaluka01-svicarski-franak_f-300x1721.jpg\",\"width\":300,\"height\":172},{\"@type\":\"BreadcrumbList\",\"@id\":\"https:\/\/sandzakpress.net\/arhiva\/novo-u-svicarskoj-svaka-odrasla-osoba-ce-dobijati-2500-franaka-mjesecno-i-ako-ne-radi\/#breadcrumb\",\"itemListElement\":[{\"@type\":\"ListItem\",\"position\":1,\"name\":\"Home\",\"item\":\"https:\/\/sandzakpress.net\/arhiva\/\"},{\"@type\":\"ListItem\",\"position\":2,\"name\":\"Novo u \u0160vicarskoj: Svaka odrasla osoba \u0107e dobijati 2500 franaka mjese\u010dno, i ako ne radi\"}]},{\"@type\":\"WebSite\",\"@id\":\"https:\/\/sandzakpress.net\/arhiva\/#website\",\"url\":\"https:\/\/sandzakpress.net\/arhiva\/\",\"name\":\"Sand\u017eak PRESS\",\"description\":\"Prve elektronske novine u Sand\u017eaku\",\"publisher\":{\"@id\":\"https:\/\/sandzakpress.net\/arhiva\/#\/schema\/person\/6e72b67d6e51910a1117b3b483ba20bd\"},\"potentialAction\":[{\"@type\":\"SearchAction\",\"target\":{\"@type\":\"EntryPoint\",\"urlTemplate\":\"https:\/\/sandzakpress.net\/arhiva\/?s={search_term_string}\"},\"query-input\":{\"@type\":\"PropertyValueSpecification\",\"valueRequired\":true,\"valueName\":\"search_term_string\"}}],\"inLanguage\":\"bs-BA\"},{\"@type\":[\"Person\",\"Organization\"],\"@id\":\"https:\/\/sandzakpress.net\/arhiva\/#\/schema\/person\/6e72b67d6e51910a1117b3b483ba20bd\",\"name\":\"Kul\",\"image\":{\"@type\":\"ImageObject\",\"inLanguage\":\"bs-BA\",\"@id\":\"https:\/\/sandzakpress.net\/arhiva\/#\/schema\/person\/image\/\",\"url\":\"https:\/\/secure.gravatar.com\/avatar\/42263f39aa27ac04c43cab85c280eb2e?s=96&d=mm&r=pg\",\"contentUrl\":\"https:\/\/secure.gravatar.com\/avatar\/42263f39aa27ac04c43cab85c280eb2e?s=96&d=mm&r=pg\",\"caption\":\"Kul\"},\"logo\":{\"@id\":\"https:\/\/sandzakpress.net\/arhiva\/#\/schema\/person\/image\/\"}},{\"@type\":\"Person\",\"@id\":\"https:\/\/sandzakpress.net\/arhiva\/#\/schema\/person\/c8baee722073534b583ea7bdb2e36c02\",\"name\":\"bosniak\",\"image\":{\"@type\":\"ImageObject\",\"inLanguage\":\"bs-BA\",\"@id\":\"https:\/\/sandzakpress.net\/arhiva\/#\/schema\/person\/image\/\",\"url\":\"https:\/\/secure.gravatar.com\/avatar\/a04fd330bfe3a36a72a0ad4a6d89fca7?s=96&d=mm&r=pg\",\"contentUrl\":\"https:\/\/secure.gravatar.com\/avatar\/a04fd330bfe3a36a72a0ad4a6d89fca7?s=96&d=mm&r=pg\",\"caption\":\"bosniak\"},\"url\":\"https:\/\/sandzakpress.net\/arhiva\/author\/bosniak\/\"}]}<\/script>\n<!-- \/ Yoast SEO Premium plugin. -->","yoast_head_json":{"title":"Novo u \u0160vicarskoj: Svaka odrasla osoba \u0107e dobijati 2500 franaka mjese\u010dno, i ako ne radi","robots":{"index":"index","follow":"follow","max-snippet":"max-snippet:-1","max-image-preview":"max-image-preview:large","max-video-preview":"max-video-preview:-1"},"canonical":"https:\/\/sandzakpress.net\/arhiva\/novo-u-svicarskoj-svaka-odrasla-osoba-ce-dobijati-2500-franaka-mjesecno-i-ako-ne-radi\/","og_locale":"bs_BA","og_type":"article","og_title":"Novo u \u0160vicarskoj: Svaka odrasla osoba \u0107e dobijati 2500 franaka mjese\u010dno, i ako ne radi","og_description":"\u0160vicarska &#8211; Osnovna zarada od 2500 franaka \u0107e biti za svakoga. Me\u0111utim svako ko \u017eeli mnogo vi\u0161e od toga mora raditi, stoji u inicijativi. Svaka odrasla osoba u \u0160vicarskoj treba uzeti 2500 franaka svaki mjesec kao minimum za egzistenciju, bez obzira da li radi ili ne. Ovo \u0107e im omogu\u0107iti \u201cpristojno ljudsko dostojanstvo i sudjelovanje [&hellip;]","og_url":"https:\/\/sandzakpress.net\/arhiva\/novo-u-svicarskoj-svaka-odrasla-osoba-ce-dobijati-2500-franaka-mjesecno-i-ako-ne-radi\/","og_site_name":"Sand\u017eak PRESS","article_published_time":"2013-10-04T23:33:13+00:00","og_image":[{"width":300,"height":172,"url":"https:\/\/sandzakpress.net\/arhiva\/wp-content\/uploads\/2013\/10\/165388_banjaluka01-svicarski-franak_f-300x1721.jpg","type":"image\/jpeg"}],"author":"bosniak","twitter_card":"summary_large_image","twitter_misc":{"Written by":"bosniak","Est. reading time":"1 minuta"},"schema":{"@context":"https:\/\/schema.org","@graph":[{"@type":"Article","@id":"https:\/\/sandzakpress.net\/arhiva\/novo-u-svicarskoj-svaka-odrasla-osoba-ce-dobijati-2500-franaka-mjesecno-i-ako-ne-radi\/#article","isPartOf":{"@id":"https:\/\/sandzakpress.net\/arhiva\/novo-u-svicarskoj-svaka-odrasla-osoba-ce-dobijati-2500-franaka-mjesecno-i-ako-ne-radi\/"},"author":{"name":"bosniak","@id":"https:\/\/sandzakpress.net\/arhiva\/#\/schema\/person\/c8baee722073534b583ea7bdb2e36c02"},"headline":"Novo u \u0160vicarskoj: Svaka odrasla osoba \u0107e dobijati 2500 franaka mjese\u010dno, i ako ne radi","datePublished":"2013-10-04T23:33:13+00:00","mainEntityOfPage":{"@id":"https:\/\/sandzakpress.net\/arhiva\/novo-u-svicarskoj-svaka-odrasla-osoba-ce-dobijati-2500-franaka-mjesecno-i-ako-ne-radi\/"},"wordCount":155,"commentCount":0,"publisher":{"@id":"https:\/\/sandzakpress.net\/arhiva\/#\/schema\/person\/6e72b67d6e51910a1117b3b483ba20bd"},"image":{"@id":"https:\/\/sandzakpress.net\/arhiva\/novo-u-svicarskoj-svaka-odrasla-osoba-ce-dobijati-2500-franaka-mjesecno-i-ako-ne-radi\/#primaryimage"},"thumbnailUrl":"https:\/\/sandzakpress.net\/arhiva\/wp-content\/uploads\/2013\/10\/165388_banjaluka01-svicarski-franak_f-300x1721.jpg","articleSection":["\u0160vicarska","Svijet"],"inLanguage":"bs-BA","potentialAction":[{"@type":"CommentAction","name":"Comment","target":["https:\/\/sandzakpress.net\/arhiva\/novo-u-svicarskoj-svaka-odrasla-osoba-ce-dobijati-2500-franaka-mjesecno-i-ako-ne-radi\/#respond"]}]},{"@type":"WebPage","@id":"https:\/\/sandzakpress.net\/arhiva\/novo-u-svicarskoj-svaka-odrasla-osoba-ce-dobijati-2500-franaka-mjesecno-i-ako-ne-radi\/","url":"https:\/\/sandzakpress.net\/arhiva\/novo-u-svicarskoj-svaka-odrasla-osoba-ce-dobijati-2500-franaka-mjesecno-i-ako-ne-radi\/","name":"Novo u \u0160vicarskoj: Svaka odrasla osoba \u0107e dobijati 2500 franaka mjese\u010dno, i ako ne radi","isPartOf":{"@id":"https:\/\/sandzakpress.net\/arhiva\/#website"},"primaryImageOfPage":{"@id":"https:\/\/sandzakpress.net\/arhiva\/novo-u-svicarskoj-svaka-odrasla-osoba-ce-dobijati-2500-franaka-mjesecno-i-ako-ne-radi\/#primaryimage"},"image":{"@id":"https:\/\/sandzakpress.net\/arhiva\/novo-u-svicarskoj-svaka-odrasla-osoba-ce-dobijati-2500-franaka-mjesecno-i-ako-ne-radi\/#primaryimage"},"thumbnailUrl":"https:\/\/sandzakpress.net\/arhiva\/wp-content\/uploads\/2013\/10\/165388_banjaluka01-svicarski-franak_f-300x1721.jpg","datePublished":"2013-10-04T23:33:13+00:00","breadcrumb":{"@id":"https:\/\/sandzakpress.net\/arhiva\/novo-u-svicarskoj-svaka-odrasla-osoba-ce-dobijati-2500-franaka-mjesecno-i-ako-ne-radi\/#breadcrumb"},"inLanguage":"bs-BA","potentialAction":[{"@type":"ReadAction","target":["https:\/\/sandzakpress.net\/arhiva\/novo-u-svicarskoj-svaka-odrasla-osoba-ce-dobijati-2500-franaka-mjesecno-i-ako-ne-radi\/"]}]},{"@type":"ImageObject","inLanguage":"bs-BA","@id":"https:\/\/sandzakpress.net\/arhiva\/novo-u-svicarskoj-svaka-odrasla-osoba-ce-dobijati-2500-franaka-mjesecno-i-ako-ne-radi\/#primaryimage","url":"https:\/\/sandzakpress.net\/arhiva\/wp-content\/uploads\/2013\/10\/165388_banjaluka01-svicarski-franak_f-300x1721.jpg","contentUrl":"https:\/\/sandzakpress.net\/arhiva\/wp-content\/uploads\/2013\/10\/165388_banjaluka01-svicarski-franak_f-300x1721.jpg","width":300,"height":172},{"@type":"BreadcrumbList","@id":"https:\/\/sandzakpress.net\/arhiva\/novo-u-svicarskoj-svaka-odrasla-osoba-ce-dobijati-2500-franaka-mjesecno-i-ako-ne-radi\/#breadcrumb","itemListElement":[{"@type":"ListItem","position":1,"name":"Home","item":"https:\/\/sandzakpress.net\/arhiva\/"},{"@type":"ListItem","position":2,"name":"Novo u \u0160vicarskoj: Svaka odrasla osoba \u0107e dobijati 2500 franaka mjese\u010dno, i ako ne radi"}]},{"@type":"WebSite","@id":"https:\/\/sandzakpress.net\/arhiva\/#website","url":"https:\/\/sandzakpress.net\/arhiva\/","name":"Sand\u017eak PRESS","description":"Prve elektronske novine u Sand\u017eaku","publisher":{"@id":"https:\/\/sandzakpress.net\/arhiva\/#\/schema\/person\/6e72b67d6e51910a1117b3b483ba20bd"},"potentialAction":[{"@type":"SearchAction","target":{"@type":"EntryPoint","urlTemplate":"https:\/\/sandzakpress.net\/arhiva\/?s={search_term_string}"},"query-input":{"@type":"PropertyValueSpecification","valueRequired":true,"valueName":"search_term_string"}}],"inLanguage":"bs-BA"},{"@type":["Person","Organization"],"@id":"https:\/\/sandzakpress.net\/arhiva\/#\/schema\/person\/6e72b67d6e51910a1117b3b483ba20bd","name":"Kul","image":{"@type":"ImageObject","inLanguage":"bs-BA","@id":"https:\/\/sandzakpress.net\/arhiva\/#\/schema\/person\/image\/","url":"https:\/\/secure.gravatar.com\/avatar\/42263f39aa27ac04c43cab85c280eb2e?s=96&d=mm&r=pg","contentUrl":"https:\/\/secure.gravatar.com\/avatar\/42263f39aa27ac04c43cab85c280eb2e?s=96&d=mm&r=pg","caption":"Kul"},"logo":{"@id":"https:\/\/sandzakpress.net\/arhiva\/#\/schema\/person\/image\/"}},{"@type":"Person","@id":"https:\/\/sandzakpress.net\/arhiva\/#\/schema\/person\/c8baee722073534b583ea7bdb2e36c02","name":"bosniak","image":{"@type":"ImageObject","inLanguage":"bs-BA","@id":"https:\/\/sandzakpress.net\/arhiva\/#\/schema\/person\/image\/","url":"https:\/\/secure.gravatar.com\/avatar\/a04fd330bfe3a36a72a0ad4a6d89fca7?s=96&d=mm&r=pg","contentUrl":"https:\/\/secure.gravatar.com\/avatar\/a04fd330bfe3a36a72a0ad4a6d89fca7?s=96&d=mm&r=pg","caption":"bosniak"},"url":"https:\/\/sandzakpress.net\/arhiva\/author\/bosniak\/"}]}},"_links":{"self":[{"href":"https:\/\/sandzakpress.net\/arhiva\/wp-json\/wp\/v2\/posts\/89813"}],"collection":[{"href":"https:\/\/sandzakpress.net\/arhiva\/wp-json\/wp\/v2\/posts"}],"about":[{"href":"https:\/\/sandzakpress.net\/arhiva\/wp-json\/wp\/v2\/types\/post"}],"author":[{"embeddable":true,"href":"https:\/\/sandzakpress.net\/arhiva\/wp-json\/wp\/v2\/users\/83"}],"replies":[{"embeddable":true,"href":"https:\/\/sandzakpress.net\/arhiva\/wp-json\/wp\/v2\/comments?post=89813"}],"version-history":[{"count":0,"href":"https:\/\/sandzakpress.net\/arhiva\/wp-json\/wp\/v2\/posts\/89813\/revisions"}],"wp:featuredmedia":[{"embeddable":true,"href":"https:\/\/sandzakpress.net\/arhiva\/wp-json\/wp\/v2\/media\/89815"}],"wp:attachment":[{"href":"https:\/\/sandzakpress.net\/arhiva\/wp-json\/wp\/v2\/media?parent=89813"}],"wp:term":[{"taxonomy":"category","embeddable":true,"href":"https:\/\/sandzakpress.net\/arhiva\/wp-json\/wp\/v2\/categories?post=89813"},{"taxonomy":"post_tag","embeddable":true,"href":"https:\/\/sandzakpress.net\/arhiva\/wp-json\/wp\/v2\/tags?post=89813"}],"curies":[{"name":"wp","href":"https:\/\/api.w.org\/{rel}","templated":true}]}}