{"id":89806,"date":"2013-10-05T01:28:52","date_gmt":"2013-10-04T23:28:52","guid":{"rendered":"https:\/\/sandzakpress.net\/arhiva\/?p=89806"},"modified":"2013-10-05T01:28:52","modified_gmt":"2013-10-04T23:28:52","slug":"ako-je-ovo-normalno-za-eu-kraj","status":"publish","type":"post","link":"https:\/\/sandzakpress.net\/arhiva\/ako-je-ovo-normalno-za-eu-kraj\/","title":{"rendered":"&#8220;Ako je ovo normalno za EU &#8211; kraj&#8221;"},"content":{"rendered":"<p><strong><a href=\"https:\/\/sandzakpress.net\/arhiva\/wp-content\/uploads\/2013\/10\/1190915845524e9f7cdc8b8299592540_orig.jpg\"><img loading=\"lazy\" decoding=\"async\" class=\"alignleft size-medium wp-image-89807\" alt=\"1190915845524e9f7cdc8b8299592540_orig\" src=\"https:\/\/sandzakpress.net\/arhiva\/wp-content\/uploads\/2013\/10\/1190915845524e9f7cdc8b8299592540_orig-300x182.jpg\" width=\"300\" height=\"182\" \/><\/a>Srbija &#8211; Premijer Ivica Da\u010di\u0107 ka\u017ee da odluke Pri\u0161tine o zabrani njegovog odlaska na Kosovo predstavljaju direktnu opstrukciju Briselskog sporazuma.<\/strong><\/p>\n<p>On je istakao da svojim stavom ni na koji na\u010din ne ucenjuje EU i poru\u010dio da, ako EU ovu situaciju smatra normalnom, on &#8220;nema interesa da vi\u0161e u\u010destvuje u dijalogu sa Pri\u0161tinom&#8221;.<\/p>\n<p>Da\u010di\u0107 je rekao da je dobio najave da \u0107e Pri\u0161tina donijeti takve odluke i da je o tome obavestio \u0161efa delegacije EU i predstavnike zemalja Kvinte (SAD, Britanija, Francuska, Nema\u010dka i Italija).<\/p>\n<p>&#8220;Neki predstavnici zemalja EU poslali su mi poruku da ne mogu ja da ucenjujem Evropsku uniju. <strong>Ljudi, osvjestite se! Nama su zabranili ulazak na Kosovo, odlu\u010dite prvo o tome, a lako \u0107ete posle sa mojim ucjenama.<\/strong> Nikakvih ucjena nema. Vodite dijalog sa onim ko mo\u017ee da ode na Kosovo&#8221;, rekao je Da\u010di\u0107 na konferenciji za novinare sa potpredsjednikom turske vlade Bekirom Bozdagom.<\/p>\n<p>On je primjetio da su se najvi\u0161i evropski zvani\u010dnici hitno oglasili povodom nekih zabrana nedavno donijetih u Srbiji, a da se povodom ovoga jo\u0161 niko nije oglasio.<\/p>\n<p><strong>&#8220;Ako je to za Evropsku uniju normalno, nemam vi\u0161e interesa da u\u010destvujem u tome&#8221;, rekao je Da\u010di\u0107. <\/strong><\/p>\n<p>On je naglasio da je Srbija za mir i dijalog, ali da niko ne mo\u017ee da je poni\u017eava. Kako je dodao, interes Srbije je da se ovaj pregovara\u010dki proces nastavi.<\/p>\n<p><strong>&#8220;Evropska komisija se jo\u0161 nije oglasila povodom ovoga. Dosta je bilo takvog odnosa. Mi koji smo u vladi zbog dr\u017eavnog interesa smo rizikovali i \u017eivot i karijere i sada \u0107e neko da nas poni\u017eava i da donosi ovakve odluke. Ako neko ne shvata &#8211; ovo je direktna opstrukcija Briselskog sporazuma.&#8221; <\/strong><\/p>\n<p>Da\u010di\u0107 je dodao da je prihvatio poziv visoke predstavnice EU da u ponedeljak do\u0111e u Brisel da razgovara o svim problemima.<\/p>\n<p>&#8220;Ne\u0107u dozvoliti da me iko poni\u017eava. Neka tra\u017ee drugoga za pregovore, n<strong>adam se da ovo ne\u0107e biti moj posljednji odlazak u Brisel na dijalog, a ako i bude tako &#8211; ne\u0107e mi ba\u0161 nedostajati<\/strong>&#8220;, poru\u010dio je on.<\/p>\n<p>Da\u010di\u0107 je rekao da je smisao njegove posjete koja je bila najavljena za po podne u \u0160trpcu da pozove Srbe da iza\u0111u na izbore koje je raspisala Pri\u0161tina i koji \u0107e se obaviti u skladu sa pri\u0161tinskim pravilima.<\/p>\n<p>Premijer Srbije je rekao da se ne mo\u017ee govoriti o povjerenju u dijalogu, ako je njemu kao potpisniku Briselskog sporazuma onemogu\u0107eno da ode na Kosovo.<\/p>\n<p>&#8220;Smatramo da je ova odluka usmjerena protiv Briselskog sporazuma i da je u pitanje doveden kredibilitet i Brisela, a ne samo moj. <strong>Ja sam dostojan da sedim pored Ketrin E\u0161ton, ali ne mogu na KIM? To je uvrjeda i za E\u0161ton<\/strong>&#8220;, rekao je Da\u010di\u0107.<\/p>\n<p>Podsetiv\u0161i da je kosovska ministarka Fljora \u010citaku bila u posjeti Beogradu, Da\u010di\u0107 je naglasio da je ovo pitanje za njega principijelno.<\/p>\n<p>&#8220;Ili u ne\u010demu u\u010destvujemo iskreno i otvoreno, ili je sve ovo prazna pri\u010da.&#8221; Da\u010di\u0107 je istakao da samo o\u010dekuje da se sprovede ono \u0161to je dogovoreno i dodao da na Kosovo ne \u017eeli da ulazi ni kri\u0161om ni silom i da je kao premijer po\u0161tovao proceduru.<\/p>\n<p>(b92)<\/p>\n","protected":false},"excerpt":{"rendered":"<p>Srbija &#8211; Premijer Ivica Da\u010di\u0107 ka\u017ee da odluke Pri\u0161tine o zabrani njegovog odlaska na Kosovo predstavljaju direktnu opstrukciju Briselskog sporazuma. On je istakao da svojim stavom ni na koji na\u010din ne ucenjuje EU i poru\u010dio da, ako EU ovu situaciju smatra normalnom, on &#8220;nema interesa da vi\u0161e u\u010destvuje u dijalogu sa Pri\u0161tinom&#8221;. Da\u010di\u0107 je rekao [&hellip;]<\/p>\n","protected":false},"author":83,"featured_media":89808,"comment_status":"open","ping_status":"open","sticky":false,"template":"","format":"standard","meta":{"footnotes":""},"categories":[10307],"tags":[],"class_list":{"0":"post-89806","1":"post","2":"type-post","3":"status-publish","4":"format-standard","5":"has-post-thumbnail","7":"category-srbija"},"yoast_head":"<!-- This site is optimized with the Yoast SEO Premium plugin v23.1 (Yoast SEO v24.9) - https:\/\/yoast.com\/wordpress\/plugins\/seo\/ -->\n<title>&quot;Ako je ovo normalno za EU - kraj&quot;<\/title>\n<meta name=\"robots\" content=\"index, follow, max-snippet:-1, max-image-preview:large, max-video-preview:-1\" \/>\n<link rel=\"canonical\" href=\"https:\/\/sandzakpress.net\/arhiva\/ako-je-ovo-normalno-za-eu-kraj\/\" \/>\n<meta property=\"og:locale\" content=\"bs_BA\" \/>\n<meta property=\"og:type\" content=\"article\" \/>\n<meta property=\"og:title\" content=\"&quot;Ako je ovo normalno za EU - kraj&quot;\" \/>\n<meta property=\"og:description\" content=\"Srbija &#8211; Premijer Ivica Da\u010di\u0107 ka\u017ee da odluke Pri\u0161tine o zabrani njegovog odlaska na Kosovo predstavljaju direktnu opstrukciju Briselskog sporazuma. On je istakao da svojim stavom ni na koji na\u010din ne ucenjuje EU i poru\u010dio da, ako EU ovu situaciju smatra normalnom, on &#8220;nema interesa da vi\u0161e u\u010destvuje u dijalogu sa Pri\u0161tinom&#8221;. Da\u010di\u0107 je rekao [&hellip;]\" \/>\n<meta property=\"og:url\" content=\"https:\/\/sandzakpress.net\/arhiva\/ako-je-ovo-normalno-za-eu-kraj\/\" \/>\n<meta property=\"og:site_name\" content=\"Sand\u017eak PRESS\" \/>\n<meta property=\"article:published_time\" content=\"2013-10-04T23:28:52+00:00\" \/>\n<meta property=\"og:image\" content=\"https:\/\/sandzakpress.net\/arhiva\/wp-content\/uploads\/2013\/10\/1190915845524e9f7cdc8b8299592540_orig-300x1821.jpg\" \/>\n\t<meta property=\"og:image:width\" content=\"300\" \/>\n\t<meta property=\"og:image:height\" content=\"182\" \/>\n\t<meta property=\"og:image:type\" content=\"image\/jpeg\" \/>\n<meta name=\"author\" content=\"bosniak\" \/>\n<meta name=\"twitter:card\" content=\"summary_large_image\" \/>\n<meta name=\"twitter:label1\" content=\"Written by\" \/>\n\t<meta name=\"twitter:data1\" content=\"bosniak\" \/>\n\t<meta name=\"twitter:label2\" content=\"Est. reading time\" \/>\n\t<meta name=\"twitter:data2\" content=\"3 minute\" \/>\n<script type=\"application\/ld+json\" class=\"yoast-schema-graph\">{\"@context\":\"https:\/\/schema.org\",\"@graph\":[{\"@type\":\"Article\",\"@id\":\"https:\/\/sandzakpress.net\/arhiva\/ako-je-ovo-normalno-za-eu-kraj\/#article\",\"isPartOf\":{\"@id\":\"https:\/\/sandzakpress.net\/arhiva\/ako-je-ovo-normalno-za-eu-kraj\/\"},\"author\":{\"name\":\"bosniak\",\"@id\":\"https:\/\/sandzakpress.net\/arhiva\/#\/schema\/person\/c8baee722073534b583ea7bdb2e36c02\"},\"headline\":\"&#8220;Ako je ovo normalno za EU &#8211; kraj&#8221;\",\"datePublished\":\"2013-10-04T23:28:52+00:00\",\"mainEntityOfPage\":{\"@id\":\"https:\/\/sandzakpress.net\/arhiva\/ako-je-ovo-normalno-za-eu-kraj\/\"},\"wordCount\":561,\"commentCount\":0,\"publisher\":{\"@id\":\"https:\/\/sandzakpress.net\/arhiva\/#\/schema\/person\/6e72b67d6e51910a1117b3b483ba20bd\"},\"image\":{\"@id\":\"https:\/\/sandzakpress.net\/arhiva\/ako-je-ovo-normalno-za-eu-kraj\/#primaryimage\"},\"thumbnailUrl\":\"https:\/\/sandzakpress.net\/arhiva\/wp-content\/uploads\/2013\/10\/1190915845524e9f7cdc8b8299592540_orig-300x1821.jpg\",\"articleSection\":[\"Srbija\"],\"inLanguage\":\"bs-BA\",\"potentialAction\":[{\"@type\":\"CommentAction\",\"name\":\"Comment\",\"target\":[\"https:\/\/sandzakpress.net\/arhiva\/ako-je-ovo-normalno-za-eu-kraj\/#respond\"]}]},{\"@type\":\"WebPage\",\"@id\":\"https:\/\/sandzakpress.net\/arhiva\/ako-je-ovo-normalno-za-eu-kraj\/\",\"url\":\"https:\/\/sandzakpress.net\/arhiva\/ako-je-ovo-normalno-za-eu-kraj\/\",\"name\":\"\\\"Ako je ovo normalno za EU - kraj\\\"\",\"isPartOf\":{\"@id\":\"https:\/\/sandzakpress.net\/arhiva\/#website\"},\"primaryImageOfPage\":{\"@id\":\"https:\/\/sandzakpress.net\/arhiva\/ako-je-ovo-normalno-za-eu-kraj\/#primaryimage\"},\"image\":{\"@id\":\"https:\/\/sandzakpress.net\/arhiva\/ako-je-ovo-normalno-za-eu-kraj\/#primaryimage\"},\"thumbnailUrl\":\"https:\/\/sandzakpress.net\/arhiva\/wp-content\/uploads\/2013\/10\/1190915845524e9f7cdc8b8299592540_orig-300x1821.jpg\",\"datePublished\":\"2013-10-04T23:28:52+00:00\",\"breadcrumb\":{\"@id\":\"https:\/\/sandzakpress.net\/arhiva\/ako-je-ovo-normalno-za-eu-kraj\/#breadcrumb\"},\"inLanguage\":\"bs-BA\",\"potentialAction\":[{\"@type\":\"ReadAction\",\"target\":[\"https:\/\/sandzakpress.net\/arhiva\/ako-je-ovo-normalno-za-eu-kraj\/\"]}]},{\"@type\":\"ImageObject\",\"inLanguage\":\"bs-BA\",\"@id\":\"https:\/\/sandzakpress.net\/arhiva\/ako-je-ovo-normalno-za-eu-kraj\/#primaryimage\",\"url\":\"https:\/\/sandzakpress.net\/arhiva\/wp-content\/uploads\/2013\/10\/1190915845524e9f7cdc8b8299592540_orig-300x1821.jpg\",\"contentUrl\":\"https:\/\/sandzakpress.net\/arhiva\/wp-content\/uploads\/2013\/10\/1190915845524e9f7cdc8b8299592540_orig-300x1821.jpg\",\"width\":300,\"height\":182},{\"@type\":\"BreadcrumbList\",\"@id\":\"https:\/\/sandzakpress.net\/arhiva\/ako-je-ovo-normalno-za-eu-kraj\/#breadcrumb\",\"itemListElement\":[{\"@type\":\"ListItem\",\"position\":1,\"name\":\"Home\",\"item\":\"https:\/\/sandzakpress.net\/arhiva\/\"},{\"@type\":\"ListItem\",\"position\":2,\"name\":\"&#8220;Ako je ovo normalno za EU &#8211; kraj&#8221;\"}]},{\"@type\":\"WebSite\",\"@id\":\"https:\/\/sandzakpress.net\/arhiva\/#website\",\"url\":\"https:\/\/sandzakpress.net\/arhiva\/\",\"name\":\"Sand\u017eak PRESS\",\"description\":\"Prve elektronske novine u Sand\u017eaku\",\"publisher\":{\"@id\":\"https:\/\/sandzakpress.net\/arhiva\/#\/schema\/person\/6e72b67d6e51910a1117b3b483ba20bd\"},\"potentialAction\":[{\"@type\":\"SearchAction\",\"target\":{\"@type\":\"EntryPoint\",\"urlTemplate\":\"https:\/\/sandzakpress.net\/arhiva\/?s={search_term_string}\"},\"query-input\":{\"@type\":\"PropertyValueSpecification\",\"valueRequired\":true,\"valueName\":\"search_term_string\"}}],\"inLanguage\":\"bs-BA\"},{\"@type\":[\"Person\",\"Organization\"],\"@id\":\"https:\/\/sandzakpress.net\/arhiva\/#\/schema\/person\/6e72b67d6e51910a1117b3b483ba20bd\",\"name\":\"Kul\",\"image\":{\"@type\":\"ImageObject\",\"inLanguage\":\"bs-BA\",\"@id\":\"https:\/\/sandzakpress.net\/arhiva\/#\/schema\/person\/image\/\",\"url\":\"https:\/\/secure.gravatar.com\/avatar\/42263f39aa27ac04c43cab85c280eb2e?s=96&d=mm&r=pg\",\"contentUrl\":\"https:\/\/secure.gravatar.com\/avatar\/42263f39aa27ac04c43cab85c280eb2e?s=96&d=mm&r=pg\",\"caption\":\"Kul\"},\"logo\":{\"@id\":\"https:\/\/sandzakpress.net\/arhiva\/#\/schema\/person\/image\/\"}},{\"@type\":\"Person\",\"@id\":\"https:\/\/sandzakpress.net\/arhiva\/#\/schema\/person\/c8baee722073534b583ea7bdb2e36c02\",\"name\":\"bosniak\",\"image\":{\"@type\":\"ImageObject\",\"inLanguage\":\"bs-BA\",\"@id\":\"https:\/\/sandzakpress.net\/arhiva\/#\/schema\/person\/image\/\",\"url\":\"https:\/\/secure.gravatar.com\/avatar\/a04fd330bfe3a36a72a0ad4a6d89fca7?s=96&d=mm&r=pg\",\"contentUrl\":\"https:\/\/secure.gravatar.com\/avatar\/a04fd330bfe3a36a72a0ad4a6d89fca7?s=96&d=mm&r=pg\",\"caption\":\"bosniak\"},\"url\":\"https:\/\/sandzakpress.net\/arhiva\/author\/bosniak\/\"}]}<\/script>\n<!-- \/ Yoast SEO Premium plugin. -->","yoast_head_json":{"title":"\"Ako je ovo normalno za EU - kraj\"","robots":{"index":"index","follow":"follow","max-snippet":"max-snippet:-1","max-image-preview":"max-image-preview:large","max-video-preview":"max-video-preview:-1"},"canonical":"https:\/\/sandzakpress.net\/arhiva\/ako-je-ovo-normalno-za-eu-kraj\/","og_locale":"bs_BA","og_type":"article","og_title":"\"Ako je ovo normalno za EU - kraj\"","og_description":"Srbija &#8211; Premijer Ivica Da\u010di\u0107 ka\u017ee da odluke Pri\u0161tine o zabrani njegovog odlaska na Kosovo predstavljaju direktnu opstrukciju Briselskog sporazuma. On je istakao da svojim stavom ni na koji na\u010din ne ucenjuje EU i poru\u010dio da, ako EU ovu situaciju smatra normalnom, on &#8220;nema interesa da vi\u0161e u\u010destvuje u dijalogu sa Pri\u0161tinom&#8221;. Da\u010di\u0107 je rekao [&hellip;]","og_url":"https:\/\/sandzakpress.net\/arhiva\/ako-je-ovo-normalno-za-eu-kraj\/","og_site_name":"Sand\u017eak PRESS","article_published_time":"2013-10-04T23:28:52+00:00","og_image":[{"width":300,"height":182,"url":"https:\/\/sandzakpress.net\/arhiva\/wp-content\/uploads\/2013\/10\/1190915845524e9f7cdc8b8299592540_orig-300x1821.jpg","type":"image\/jpeg"}],"author":"bosniak","twitter_card":"summary_large_image","twitter_misc":{"Written by":"bosniak","Est. reading time":"3 minute"},"schema":{"@context":"https:\/\/schema.org","@graph":[{"@type":"Article","@id":"https:\/\/sandzakpress.net\/arhiva\/ako-je-ovo-normalno-za-eu-kraj\/#article","isPartOf":{"@id":"https:\/\/sandzakpress.net\/arhiva\/ako-je-ovo-normalno-za-eu-kraj\/"},"author":{"name":"bosniak","@id":"https:\/\/sandzakpress.net\/arhiva\/#\/schema\/person\/c8baee722073534b583ea7bdb2e36c02"},"headline":"&#8220;Ako je ovo normalno za EU &#8211; kraj&#8221;","datePublished":"2013-10-04T23:28:52+00:00","mainEntityOfPage":{"@id":"https:\/\/sandzakpress.net\/arhiva\/ako-je-ovo-normalno-za-eu-kraj\/"},"wordCount":561,"commentCount":0,"publisher":{"@id":"https:\/\/sandzakpress.net\/arhiva\/#\/schema\/person\/6e72b67d6e51910a1117b3b483ba20bd"},"image":{"@id":"https:\/\/sandzakpress.net\/arhiva\/ako-je-ovo-normalno-za-eu-kraj\/#primaryimage"},"thumbnailUrl":"https:\/\/sandzakpress.net\/arhiva\/wp-content\/uploads\/2013\/10\/1190915845524e9f7cdc8b8299592540_orig-300x1821.jpg","articleSection":["Srbija"],"inLanguage":"bs-BA","potentialAction":[{"@type":"CommentAction","name":"Comment","target":["https:\/\/sandzakpress.net\/arhiva\/ako-je-ovo-normalno-za-eu-kraj\/#respond"]}]},{"@type":"WebPage","@id":"https:\/\/sandzakpress.net\/arhiva\/ako-je-ovo-normalno-za-eu-kraj\/","url":"https:\/\/sandzakpress.net\/arhiva\/ako-je-ovo-normalno-za-eu-kraj\/","name":"\"Ako je ovo normalno za EU - kraj\"","isPartOf":{"@id":"https:\/\/sandzakpress.net\/arhiva\/#website"},"primaryImageOfPage":{"@id":"https:\/\/sandzakpress.net\/arhiva\/ako-je-ovo-normalno-za-eu-kraj\/#primaryimage"},"image":{"@id":"https:\/\/sandzakpress.net\/arhiva\/ako-je-ovo-normalno-za-eu-kraj\/#primaryimage"},"thumbnailUrl":"https:\/\/sandzakpress.net\/arhiva\/wp-content\/uploads\/2013\/10\/1190915845524e9f7cdc8b8299592540_orig-300x1821.jpg","datePublished":"2013-10-04T23:28:52+00:00","breadcrumb":{"@id":"https:\/\/sandzakpress.net\/arhiva\/ako-je-ovo-normalno-za-eu-kraj\/#breadcrumb"},"inLanguage":"bs-BA","potentialAction":[{"@type":"ReadAction","target":["https:\/\/sandzakpress.net\/arhiva\/ako-je-ovo-normalno-za-eu-kraj\/"]}]},{"@type":"ImageObject","inLanguage":"bs-BA","@id":"https:\/\/sandzakpress.net\/arhiva\/ako-je-ovo-normalno-za-eu-kraj\/#primaryimage","url":"https:\/\/sandzakpress.net\/arhiva\/wp-content\/uploads\/2013\/10\/1190915845524e9f7cdc8b8299592540_orig-300x1821.jpg","contentUrl":"https:\/\/sandzakpress.net\/arhiva\/wp-content\/uploads\/2013\/10\/1190915845524e9f7cdc8b8299592540_orig-300x1821.jpg","width":300,"height":182},{"@type":"BreadcrumbList","@id":"https:\/\/sandzakpress.net\/arhiva\/ako-je-ovo-normalno-za-eu-kraj\/#breadcrumb","itemListElement":[{"@type":"ListItem","position":1,"name":"Home","item":"https:\/\/sandzakpress.net\/arhiva\/"},{"@type":"ListItem","position":2,"name":"&#8220;Ako je ovo normalno za EU &#8211; kraj&#8221;"}]},{"@type":"WebSite","@id":"https:\/\/sandzakpress.net\/arhiva\/#website","url":"https:\/\/sandzakpress.net\/arhiva\/","name":"Sand\u017eak PRESS","description":"Prve elektronske novine u Sand\u017eaku","publisher":{"@id":"https:\/\/sandzakpress.net\/arhiva\/#\/schema\/person\/6e72b67d6e51910a1117b3b483ba20bd"},"potentialAction":[{"@type":"SearchAction","target":{"@type":"EntryPoint","urlTemplate":"https:\/\/sandzakpress.net\/arhiva\/?s={search_term_string}"},"query-input":{"@type":"PropertyValueSpecification","valueRequired":true,"valueName":"search_term_string"}}],"inLanguage":"bs-BA"},{"@type":["Person","Organization"],"@id":"https:\/\/sandzakpress.net\/arhiva\/#\/schema\/person\/6e72b67d6e51910a1117b3b483ba20bd","name":"Kul","image":{"@type":"ImageObject","inLanguage":"bs-BA","@id":"https:\/\/sandzakpress.net\/arhiva\/#\/schema\/person\/image\/","url":"https:\/\/secure.gravatar.com\/avatar\/42263f39aa27ac04c43cab85c280eb2e?s=96&d=mm&r=pg","contentUrl":"https:\/\/secure.gravatar.com\/avatar\/42263f39aa27ac04c43cab85c280eb2e?s=96&d=mm&r=pg","caption":"Kul"},"logo":{"@id":"https:\/\/sandzakpress.net\/arhiva\/#\/schema\/person\/image\/"}},{"@type":"Person","@id":"https:\/\/sandzakpress.net\/arhiva\/#\/schema\/person\/c8baee722073534b583ea7bdb2e36c02","name":"bosniak","image":{"@type":"ImageObject","inLanguage":"bs-BA","@id":"https:\/\/sandzakpress.net\/arhiva\/#\/schema\/person\/image\/","url":"https:\/\/secure.gravatar.com\/avatar\/a04fd330bfe3a36a72a0ad4a6d89fca7?s=96&d=mm&r=pg","contentUrl":"https:\/\/secure.gravatar.com\/avatar\/a04fd330bfe3a36a72a0ad4a6d89fca7?s=96&d=mm&r=pg","caption":"bosniak"},"url":"https:\/\/sandzakpress.net\/arhiva\/author\/bosniak\/"}]}},"_links":{"self":[{"href":"https:\/\/sandzakpress.net\/arhiva\/wp-json\/wp\/v2\/posts\/89806"}],"collection":[{"href":"https:\/\/sandzakpress.net\/arhiva\/wp-json\/wp\/v2\/posts"}],"about":[{"href":"https:\/\/sandzakpress.net\/arhiva\/wp-json\/wp\/v2\/types\/post"}],"author":[{"embeddable":true,"href":"https:\/\/sandzakpress.net\/arhiva\/wp-json\/wp\/v2\/users\/83"}],"replies":[{"embeddable":true,"href":"https:\/\/sandzakpress.net\/arhiva\/wp-json\/wp\/v2\/comments?post=89806"}],"version-history":[{"count":0,"href":"https:\/\/sandzakpress.net\/arhiva\/wp-json\/wp\/v2\/posts\/89806\/revisions"}],"wp:featuredmedia":[{"embeddable":true,"href":"https:\/\/sandzakpress.net\/arhiva\/wp-json\/wp\/v2\/media\/89808"}],"wp:attachment":[{"href":"https:\/\/sandzakpress.net\/arhiva\/wp-json\/wp\/v2\/media?parent=89806"}],"wp:term":[{"taxonomy":"category","embeddable":true,"href":"https:\/\/sandzakpress.net\/arhiva\/wp-json\/wp\/v2\/categories?post=89806"},{"taxonomy":"post_tag","embeddable":true,"href":"https:\/\/sandzakpress.net\/arhiva\/wp-json\/wp\/v2\/tags?post=89806"}],"curies":[{"name":"wp","href":"https:\/\/api.w.org\/{rel}","templated":true}]}}