{"id":8976,"date":"2010-10-07T01:54:10","date_gmt":"2010-10-06T23:54:10","guid":{"rendered":"https:\/\/sandzakpress.net\/arhiva\/?p=8976"},"modified":"2010-10-07T01:56:52","modified_gmt":"2010-10-06T23:56:52","slug":"za-i-protiv-skupa-u-nedjelju","status":"publish","type":"post","link":"https:\/\/sandzakpress.net\/arhiva\/za-i-protiv-skupa-u-nedjelju\/","title":{"rendered":"Za i protiv skupa u nedjelju"},"content":{"rendered":"<p><strong><a href=\"https:\/\/sandzakpress.net\/arhiva\/wp-content\/uploads\/2010\/10\/velika-1279829020.jpg\"><img loading=\"lazy\" decoding=\"async\" class=\"alignleft size-medium wp-image-8977\" title=\"velika-1279829020\" src=\"https:\/\/sandzakpress.net\/arhiva\/wp-content\/uploads\/2010\/10\/velika-1279829020-300x144.jpg\" alt=\"\" width=\"191\" height=\"91\" \/><\/a>&#8220;Novi Pazar &#8211;\u00a0 Za srpski Novi Pazar&#8221; je, kako je naslovljeno,\u00a0 molitveni skup koji su najavili Srbi iz Ra\u0161ke na \u010delu sa Darkom Panovi\u0107em. Najava odr\u017eavanja ovog skupa, izazvalo je razli\u010dite reakcije me\u0111u Bo\u0161njacima i Srbima.<\/strong><\/p>\n<p>&#8230;&#8230;&#8230;&#8230;&#8230;&#8230;&#8230;&#8230;&#8230;&#8230;&#8230;&#8230;&#8230;&#8230;&#8230;&#8230;&#8230;.<strong><br \/>\n<\/strong><\/p>\n<h2><span style=\"color: #ff0000;\"><strong>PROTIV SKUPA<\/strong><\/span><\/h2>\n<h3><strong>&#8212;&gt; Sead \u0160a\u0107irovi\u0107 <\/strong><\/h3>\n<p>\u201eTo bi bilo isto kao da Bo\u0161njaci u Kraljevu ili Ra\u0161ki, gdje su Srbi ve\u0107ina, idu da organizuju skup sa vjerskim obilje\u017ejima. &#8221;<\/p>\n<p>Da taj skup organizuju novopazarski Srbi, da ga predvode sve\u0161tenici, to bi ulivalo sigurnost i ne bismo imali ni\u0161ta protiv, \u010dak bismo se uklju\u010dili da sprije\u010dimo da neko ne napravi nekakav incident. Ovako imam utisak da je sve smi\u0161ljeno da se poremete i me\u0111unacionalni odnosi ovdje.<\/p>\n<p>Po\u0161to to moraju da dozvole, a znaju da nije popularno, onda ho\u0107e da pa\u017enju javnosti usmjere na drugu stranu, ka Novom Pazaru gde bi Bo\u0161njaci opet bili krivci.&#8221;<\/p>\n<h3><strong><\/strong><strong>&#8212;&gt;<\/strong>Tomica Milenkovi\u0107<\/h3>\n<p>\u201eI ja sam o tom skupu \u010duo iz medija. Crkva ne mo\u017ee nikome da zabrani da nosi krstove i ikone, ali mi (sve\u0161tenici iz Sand\u017eaka) u ovaj skup nismo ni na koji na\u010din uklju\u010deni.\u201c<\/p>\n<h3><strong><\/strong><strong>&#8212;&gt;<\/strong>Milan Veselinovi\u0107<\/h3>\n<p>\u201eAko i bude tog skupa, bi\u0107e vrlo malo u\u010desnika. Ne mo\u017ee tako ne\u0161to da se organizuje bez politi\u010dkih stranaka, a ovog puta nijedna nije uklju\u010dena. To su samo odjeci muftijinih zahtjeva za autonomiju Sand\u017eaka.\u201c<\/p>\n<h2><strong><span style=\"color: #339966;\">ZA SKUP<\/span><\/strong><\/h2>\n<h3><strong><\/strong><strong>&#8212;&gt;<\/strong>Esad D\u017eud\u017eevi\u0107<\/h3>\n<p>&#8220;Krst kao simbol sam po sebi i crkvena duhovna muzika ne mogu da budu provokacija za muslimane, jer imamo slu\u010dajeve da muslimani na stadionima ili u sportskim halama pjevaju ilahije i kaside, islamsku duhovnu muziku.&#8221;<\/p>\n<p>Izvor: <strong>SandzakPRESS.net<\/strong><\/p>\n","protected":false},"excerpt":{"rendered":"<p>&#8220;Novi Pazar &#8211;\u00a0 Za srpski Novi Pazar&#8221; je, kako je naslovljeno,\u00a0 molitveni skup koji su najavili Srbi iz Ra\u0161ke na \u010delu sa Darkom Panovi\u0107em. Najava odr\u017eavanja ovog skupa, izazvalo je razli\u010dite reakcije me\u0111u Bo\u0161njacima i Srbima. &#8230;&#8230;&#8230;&#8230;&#8230;&#8230;&#8230;&#8230;&#8230;&#8230;&#8230;&#8230;&#8230;&#8230;&#8230;&#8230;&#8230;. PROTIV SKUPA &#8212;&gt; Sead \u0160a\u0107irovi\u0107 \u201eTo bi bilo isto kao da Bo\u0161njaci u Kraljevu ili Ra\u0161ki, gdje su [&hellip;]<\/p>\n","protected":false},"author":83,"featured_media":8977,"comment_status":"open","ping_status":"open","sticky":false,"template":"","format":"standard","meta":{"footnotes":""},"categories":[72,1],"tags":[],"class_list":{"0":"post-8976","1":"post","2":"type-post","3":"status-publish","4":"format-standard","5":"has-post-thumbnail","7":"category-novi-pazar","8":"category-politika"},"yoast_head":"<!-- This site is optimized with the Yoast SEO Premium plugin v23.1 (Yoast SEO v24.9) - https:\/\/yoast.com\/wordpress\/plugins\/seo\/ -->\n<title>Za i protiv skupa u nedjelju<\/title>\n<meta name=\"robots\" content=\"index, follow, max-snippet:-1, max-image-preview:large, max-video-preview:-1\" \/>\n<link rel=\"canonical\" href=\"https:\/\/sandzakpress.net\/arhiva\/za-i-protiv-skupa-u-nedjelju\/\" \/>\n<meta property=\"og:locale\" content=\"bs_BA\" \/>\n<meta property=\"og:type\" content=\"article\" \/>\n<meta property=\"og:title\" content=\"Za i protiv skupa u nedjelju\" \/>\n<meta property=\"og:description\" content=\"&#8220;Novi Pazar &#8211;\u00a0 Za srpski Novi Pazar&#8221; je, kako je naslovljeno,\u00a0 molitveni skup koji su najavili Srbi iz Ra\u0161ke na \u010delu sa Darkom Panovi\u0107em. Najava odr\u017eavanja ovog skupa, izazvalo je razli\u010dite reakcije me\u0111u Bo\u0161njacima i Srbima. &#8230;&#8230;&#8230;&#8230;&#8230;&#8230;&#8230;&#8230;&#8230;&#8230;&#8230;&#8230;&#8230;&#8230;&#8230;&#8230;&#8230;. PROTIV SKUPA &#8212;&gt; Sead \u0160a\u0107irovi\u0107 \u201eTo bi bilo isto kao da Bo\u0161njaci u Kraljevu ili Ra\u0161ki, gdje su [&hellip;]\" \/>\n<meta property=\"og:url\" content=\"https:\/\/sandzakpress.net\/arhiva\/za-i-protiv-skupa-u-nedjelju\/\" \/>\n<meta property=\"og:site_name\" content=\"Sand\u017eak PRESS\" \/>\n<meta property=\"article:published_time\" content=\"2010-10-06T23:54:10+00:00\" \/>\n<meta property=\"article:modified_time\" content=\"2010-10-06T23:56:52+00:00\" \/>\n<meta property=\"og:image\" content=\"https:\/\/sandzakpress.net\/arhiva\/wp-content\/uploads\/2010\/10\/velika-1279829020.jpg\" \/>\n\t<meta property=\"og:image:width\" content=\"616\" \/>\n\t<meta property=\"og:image:height\" content=\"297\" \/>\n\t<meta property=\"og:image:type\" content=\"image\/jpeg\" \/>\n<meta name=\"author\" content=\"bosniak\" \/>\n<meta name=\"twitter:card\" content=\"summary_large_image\" \/>\n<meta name=\"twitter:label1\" content=\"Written by\" \/>\n\t<meta name=\"twitter:data1\" content=\"bosniak\" \/>\n\t<meta name=\"twitter:label2\" content=\"Est. reading time\" \/>\n\t<meta name=\"twitter:data2\" content=\"1 minuta\" \/>\n<script type=\"application\/ld+json\" class=\"yoast-schema-graph\">{\"@context\":\"https:\/\/schema.org\",\"@graph\":[{\"@type\":\"Article\",\"@id\":\"https:\/\/sandzakpress.net\/arhiva\/za-i-protiv-skupa-u-nedjelju\/#article\",\"isPartOf\":{\"@id\":\"https:\/\/sandzakpress.net\/arhiva\/za-i-protiv-skupa-u-nedjelju\/\"},\"author\":{\"name\":\"bosniak\",\"@id\":\"https:\/\/sandzakpress.net\/arhiva\/#\/schema\/person\/c8baee722073534b583ea7bdb2e36c02\"},\"headline\":\"Za i protiv skupa u nedjelju\",\"datePublished\":\"2010-10-06T23:54:10+00:00\",\"dateModified\":\"2010-10-06T23:56:52+00:00\",\"mainEntityOfPage\":{\"@id\":\"https:\/\/sandzakpress.net\/arhiva\/za-i-protiv-skupa-u-nedjelju\/\"},\"wordCount\":300,\"commentCount\":50,\"publisher\":{\"@id\":\"https:\/\/sandzakpress.net\/arhiva\/#\/schema\/person\/6e72b67d6e51910a1117b3b483ba20bd\"},\"image\":{\"@id\":\"https:\/\/sandzakpress.net\/arhiva\/za-i-protiv-skupa-u-nedjelju\/#primaryimage\"},\"thumbnailUrl\":\"https:\/\/sandzakpress.net\/arhiva\/wp-content\/uploads\/2010\/10\/velika-1279829020.jpg\",\"articleSection\":[\"Novi Pazar\",\"Politika\"],\"inLanguage\":\"bs-BA\",\"potentialAction\":[{\"@type\":\"CommentAction\",\"name\":\"Comment\",\"target\":[\"https:\/\/sandzakpress.net\/arhiva\/za-i-protiv-skupa-u-nedjelju\/#respond\"]}]},{\"@type\":\"WebPage\",\"@id\":\"https:\/\/sandzakpress.net\/arhiva\/za-i-protiv-skupa-u-nedjelju\/\",\"url\":\"https:\/\/sandzakpress.net\/arhiva\/za-i-protiv-skupa-u-nedjelju\/\",\"name\":\"Za i protiv skupa u nedjelju\",\"isPartOf\":{\"@id\":\"https:\/\/sandzakpress.net\/arhiva\/#website\"},\"primaryImageOfPage\":{\"@id\":\"https:\/\/sandzakpress.net\/arhiva\/za-i-protiv-skupa-u-nedjelju\/#primaryimage\"},\"image\":{\"@id\":\"https:\/\/sandzakpress.net\/arhiva\/za-i-protiv-skupa-u-nedjelju\/#primaryimage\"},\"thumbnailUrl\":\"https:\/\/sandzakpress.net\/arhiva\/wp-content\/uploads\/2010\/10\/velika-1279829020.jpg\",\"datePublished\":\"2010-10-06T23:54:10+00:00\",\"dateModified\":\"2010-10-06T23:56:52+00:00\",\"breadcrumb\":{\"@id\":\"https:\/\/sandzakpress.net\/arhiva\/za-i-protiv-skupa-u-nedjelju\/#breadcrumb\"},\"inLanguage\":\"bs-BA\",\"potentialAction\":[{\"@type\":\"ReadAction\",\"target\":[\"https:\/\/sandzakpress.net\/arhiva\/za-i-protiv-skupa-u-nedjelju\/\"]}]},{\"@type\":\"ImageObject\",\"inLanguage\":\"bs-BA\",\"@id\":\"https:\/\/sandzakpress.net\/arhiva\/za-i-protiv-skupa-u-nedjelju\/#primaryimage\",\"url\":\"https:\/\/sandzakpress.net\/arhiva\/wp-content\/uploads\/2010\/10\/velika-1279829020.jpg\",\"contentUrl\":\"https:\/\/sandzakpress.net\/arhiva\/wp-content\/uploads\/2010\/10\/velika-1279829020.jpg\",\"width\":616,\"height\":297},{\"@type\":\"BreadcrumbList\",\"@id\":\"https:\/\/sandzakpress.net\/arhiva\/za-i-protiv-skupa-u-nedjelju\/#breadcrumb\",\"itemListElement\":[{\"@type\":\"ListItem\",\"position\":1,\"name\":\"Home\",\"item\":\"https:\/\/sandzakpress.net\/arhiva\/\"},{\"@type\":\"ListItem\",\"position\":2,\"name\":\"Za i protiv skupa u nedjelju\"}]},{\"@type\":\"WebSite\",\"@id\":\"https:\/\/sandzakpress.net\/arhiva\/#website\",\"url\":\"https:\/\/sandzakpress.net\/arhiva\/\",\"name\":\"Sand\u017eak PRESS\",\"description\":\"Prve elektronske novine u Sand\u017eaku\",\"publisher\":{\"@id\":\"https:\/\/sandzakpress.net\/arhiva\/#\/schema\/person\/6e72b67d6e51910a1117b3b483ba20bd\"},\"potentialAction\":[{\"@type\":\"SearchAction\",\"target\":{\"@type\":\"EntryPoint\",\"urlTemplate\":\"https:\/\/sandzakpress.net\/arhiva\/?s={search_term_string}\"},\"query-input\":{\"@type\":\"PropertyValueSpecification\",\"valueRequired\":true,\"valueName\":\"search_term_string\"}}],\"inLanguage\":\"bs-BA\"},{\"@type\":[\"Person\",\"Organization\"],\"@id\":\"https:\/\/sandzakpress.net\/arhiva\/#\/schema\/person\/6e72b67d6e51910a1117b3b483ba20bd\",\"name\":\"Kul\",\"image\":{\"@type\":\"ImageObject\",\"inLanguage\":\"bs-BA\",\"@id\":\"https:\/\/sandzakpress.net\/arhiva\/#\/schema\/person\/image\/\",\"url\":\"https:\/\/secure.gravatar.com\/avatar\/42263f39aa27ac04c43cab85c280eb2e?s=96&d=mm&r=pg\",\"contentUrl\":\"https:\/\/secure.gravatar.com\/avatar\/42263f39aa27ac04c43cab85c280eb2e?s=96&d=mm&r=pg\",\"caption\":\"Kul\"},\"logo\":{\"@id\":\"https:\/\/sandzakpress.net\/arhiva\/#\/schema\/person\/image\/\"}},{\"@type\":\"Person\",\"@id\":\"https:\/\/sandzakpress.net\/arhiva\/#\/schema\/person\/c8baee722073534b583ea7bdb2e36c02\",\"name\":\"bosniak\",\"image\":{\"@type\":\"ImageObject\",\"inLanguage\":\"bs-BA\",\"@id\":\"https:\/\/sandzakpress.net\/arhiva\/#\/schema\/person\/image\/\",\"url\":\"https:\/\/secure.gravatar.com\/avatar\/a04fd330bfe3a36a72a0ad4a6d89fca7?s=96&d=mm&r=pg\",\"contentUrl\":\"https:\/\/secure.gravatar.com\/avatar\/a04fd330bfe3a36a72a0ad4a6d89fca7?s=96&d=mm&r=pg\",\"caption\":\"bosniak\"},\"url\":\"https:\/\/sandzakpress.net\/arhiva\/author\/bosniak\/\"}]}<\/script>\n<!-- \/ Yoast SEO Premium plugin. -->","yoast_head_json":{"title":"Za i protiv skupa u nedjelju","robots":{"index":"index","follow":"follow","max-snippet":"max-snippet:-1","max-image-preview":"max-image-preview:large","max-video-preview":"max-video-preview:-1"},"canonical":"https:\/\/sandzakpress.net\/arhiva\/za-i-protiv-skupa-u-nedjelju\/","og_locale":"bs_BA","og_type":"article","og_title":"Za i protiv skupa u nedjelju","og_description":"&#8220;Novi Pazar &#8211;\u00a0 Za srpski Novi Pazar&#8221; je, kako je naslovljeno,\u00a0 molitveni skup koji su najavili Srbi iz Ra\u0161ke na \u010delu sa Darkom Panovi\u0107em. Najava odr\u017eavanja ovog skupa, izazvalo je razli\u010dite reakcije me\u0111u Bo\u0161njacima i Srbima. &#8230;&#8230;&#8230;&#8230;&#8230;&#8230;&#8230;&#8230;&#8230;&#8230;&#8230;&#8230;&#8230;&#8230;&#8230;&#8230;&#8230;. PROTIV SKUPA &#8212;&gt; Sead \u0160a\u0107irovi\u0107 \u201eTo bi bilo isto kao da Bo\u0161njaci u Kraljevu ili Ra\u0161ki, gdje su [&hellip;]","og_url":"https:\/\/sandzakpress.net\/arhiva\/za-i-protiv-skupa-u-nedjelju\/","og_site_name":"Sand\u017eak PRESS","article_published_time":"2010-10-06T23:54:10+00:00","article_modified_time":"2010-10-06T23:56:52+00:00","og_image":[{"width":616,"height":297,"url":"https:\/\/sandzakpress.net\/arhiva\/wp-content\/uploads\/2010\/10\/velika-1279829020.jpg","type":"image\/jpeg"}],"author":"bosniak","twitter_card":"summary_large_image","twitter_misc":{"Written by":"bosniak","Est. reading time":"1 minuta"},"schema":{"@context":"https:\/\/schema.org","@graph":[{"@type":"Article","@id":"https:\/\/sandzakpress.net\/arhiva\/za-i-protiv-skupa-u-nedjelju\/#article","isPartOf":{"@id":"https:\/\/sandzakpress.net\/arhiva\/za-i-protiv-skupa-u-nedjelju\/"},"author":{"name":"bosniak","@id":"https:\/\/sandzakpress.net\/arhiva\/#\/schema\/person\/c8baee722073534b583ea7bdb2e36c02"},"headline":"Za i protiv skupa u nedjelju","datePublished":"2010-10-06T23:54:10+00:00","dateModified":"2010-10-06T23:56:52+00:00","mainEntityOfPage":{"@id":"https:\/\/sandzakpress.net\/arhiva\/za-i-protiv-skupa-u-nedjelju\/"},"wordCount":300,"commentCount":50,"publisher":{"@id":"https:\/\/sandzakpress.net\/arhiva\/#\/schema\/person\/6e72b67d6e51910a1117b3b483ba20bd"},"image":{"@id":"https:\/\/sandzakpress.net\/arhiva\/za-i-protiv-skupa-u-nedjelju\/#primaryimage"},"thumbnailUrl":"https:\/\/sandzakpress.net\/arhiva\/wp-content\/uploads\/2010\/10\/velika-1279829020.jpg","articleSection":["Novi Pazar","Politika"],"inLanguage":"bs-BA","potentialAction":[{"@type":"CommentAction","name":"Comment","target":["https:\/\/sandzakpress.net\/arhiva\/za-i-protiv-skupa-u-nedjelju\/#respond"]}]},{"@type":"WebPage","@id":"https:\/\/sandzakpress.net\/arhiva\/za-i-protiv-skupa-u-nedjelju\/","url":"https:\/\/sandzakpress.net\/arhiva\/za-i-protiv-skupa-u-nedjelju\/","name":"Za i protiv skupa u nedjelju","isPartOf":{"@id":"https:\/\/sandzakpress.net\/arhiva\/#website"},"primaryImageOfPage":{"@id":"https:\/\/sandzakpress.net\/arhiva\/za-i-protiv-skupa-u-nedjelju\/#primaryimage"},"image":{"@id":"https:\/\/sandzakpress.net\/arhiva\/za-i-protiv-skupa-u-nedjelju\/#primaryimage"},"thumbnailUrl":"https:\/\/sandzakpress.net\/arhiva\/wp-content\/uploads\/2010\/10\/velika-1279829020.jpg","datePublished":"2010-10-06T23:54:10+00:00","dateModified":"2010-10-06T23:56:52+00:00","breadcrumb":{"@id":"https:\/\/sandzakpress.net\/arhiva\/za-i-protiv-skupa-u-nedjelju\/#breadcrumb"},"inLanguage":"bs-BA","potentialAction":[{"@type":"ReadAction","target":["https:\/\/sandzakpress.net\/arhiva\/za-i-protiv-skupa-u-nedjelju\/"]}]},{"@type":"ImageObject","inLanguage":"bs-BA","@id":"https:\/\/sandzakpress.net\/arhiva\/za-i-protiv-skupa-u-nedjelju\/#primaryimage","url":"https:\/\/sandzakpress.net\/arhiva\/wp-content\/uploads\/2010\/10\/velika-1279829020.jpg","contentUrl":"https:\/\/sandzakpress.net\/arhiva\/wp-content\/uploads\/2010\/10\/velika-1279829020.jpg","width":616,"height":297},{"@type":"BreadcrumbList","@id":"https:\/\/sandzakpress.net\/arhiva\/za-i-protiv-skupa-u-nedjelju\/#breadcrumb","itemListElement":[{"@type":"ListItem","position":1,"name":"Home","item":"https:\/\/sandzakpress.net\/arhiva\/"},{"@type":"ListItem","position":2,"name":"Za i protiv skupa u nedjelju"}]},{"@type":"WebSite","@id":"https:\/\/sandzakpress.net\/arhiva\/#website","url":"https:\/\/sandzakpress.net\/arhiva\/","name":"Sand\u017eak PRESS","description":"Prve elektronske novine u Sand\u017eaku","publisher":{"@id":"https:\/\/sandzakpress.net\/arhiva\/#\/schema\/person\/6e72b67d6e51910a1117b3b483ba20bd"},"potentialAction":[{"@type":"SearchAction","target":{"@type":"EntryPoint","urlTemplate":"https:\/\/sandzakpress.net\/arhiva\/?s={search_term_string}"},"query-input":{"@type":"PropertyValueSpecification","valueRequired":true,"valueName":"search_term_string"}}],"inLanguage":"bs-BA"},{"@type":["Person","Organization"],"@id":"https:\/\/sandzakpress.net\/arhiva\/#\/schema\/person\/6e72b67d6e51910a1117b3b483ba20bd","name":"Kul","image":{"@type":"ImageObject","inLanguage":"bs-BA","@id":"https:\/\/sandzakpress.net\/arhiva\/#\/schema\/person\/image\/","url":"https:\/\/secure.gravatar.com\/avatar\/42263f39aa27ac04c43cab85c280eb2e?s=96&d=mm&r=pg","contentUrl":"https:\/\/secure.gravatar.com\/avatar\/42263f39aa27ac04c43cab85c280eb2e?s=96&d=mm&r=pg","caption":"Kul"},"logo":{"@id":"https:\/\/sandzakpress.net\/arhiva\/#\/schema\/person\/image\/"}},{"@type":"Person","@id":"https:\/\/sandzakpress.net\/arhiva\/#\/schema\/person\/c8baee722073534b583ea7bdb2e36c02","name":"bosniak","image":{"@type":"ImageObject","inLanguage":"bs-BA","@id":"https:\/\/sandzakpress.net\/arhiva\/#\/schema\/person\/image\/","url":"https:\/\/secure.gravatar.com\/avatar\/a04fd330bfe3a36a72a0ad4a6d89fca7?s=96&d=mm&r=pg","contentUrl":"https:\/\/secure.gravatar.com\/avatar\/a04fd330bfe3a36a72a0ad4a6d89fca7?s=96&d=mm&r=pg","caption":"bosniak"},"url":"https:\/\/sandzakpress.net\/arhiva\/author\/bosniak\/"}]}},"_links":{"self":[{"href":"https:\/\/sandzakpress.net\/arhiva\/wp-json\/wp\/v2\/posts\/8976"}],"collection":[{"href":"https:\/\/sandzakpress.net\/arhiva\/wp-json\/wp\/v2\/posts"}],"about":[{"href":"https:\/\/sandzakpress.net\/arhiva\/wp-json\/wp\/v2\/types\/post"}],"author":[{"embeddable":true,"href":"https:\/\/sandzakpress.net\/arhiva\/wp-json\/wp\/v2\/users\/83"}],"replies":[{"embeddable":true,"href":"https:\/\/sandzakpress.net\/arhiva\/wp-json\/wp\/v2\/comments?post=8976"}],"version-history":[{"count":0,"href":"https:\/\/sandzakpress.net\/arhiva\/wp-json\/wp\/v2\/posts\/8976\/revisions"}],"wp:featuredmedia":[{"embeddable":true,"href":"https:\/\/sandzakpress.net\/arhiva\/wp-json\/wp\/v2\/media\/8977"}],"wp:attachment":[{"href":"https:\/\/sandzakpress.net\/arhiva\/wp-json\/wp\/v2\/media?parent=8976"}],"wp:term":[{"taxonomy":"category","embeddable":true,"href":"https:\/\/sandzakpress.net\/arhiva\/wp-json\/wp\/v2\/categories?post=8976"},{"taxonomy":"post_tag","embeddable":true,"href":"https:\/\/sandzakpress.net\/arhiva\/wp-json\/wp\/v2\/tags?post=8976"}],"curies":[{"name":"wp","href":"https:\/\/api.w.org\/{rel}","templated":true}]}}