{"id":89658,"date":"2013-10-04T23:08:14","date_gmt":"2013-10-04T21:08:14","guid":{"rendered":"https:\/\/sandzakpress.net\/arhiva\/?p=89658"},"modified":"2013-10-04T23:08:14","modified_gmt":"2013-10-04T21:08:14","slug":"iz-drugog-ugla-ko-ce-i-kako-na-lokalne-izbore-u-petnjici-sdp-zatvorila-ulazna-vrata","status":"publish","type":"post","link":"https:\/\/sandzakpress.net\/arhiva\/iz-drugog-ugla-ko-ce-i-kako-na-lokalne-izbore-u-petnjici-sdp-zatvorila-ulazna-vrata\/","title":{"rendered":"Iz drugog ugla: Ko \u0107e i kako na lokalne izbore u Petnjici \u2013 SDP zatvorila \u201eulazna\u201c vrata"},"content":{"rendered":"<div>\n<p><strong><a href=\"https:\/\/sandzakpress.net\/arhiva\/wp-content\/uploads\/2013\/10\/Petnjica-0210-2013-Bato014-300x168.jpg\"><img loading=\"lazy\" decoding=\"async\" class=\"alignleft size-full wp-image-89659\" alt=\"Petnjica-0210-2013-Bato014-300x168\" src=\"https:\/\/sandzakpress.net\/arhiva\/wp-content\/uploads\/2013\/10\/Petnjica-0210-2013-Bato014-300x168.jpg\" width=\"300\" height=\"168\" \/><\/a>Petnjica &#8211; Pored socijaldemokrata sa samostalnom listom kandidata za odbornike i\u0107i \u0107e, gotovo je izvjesno, i Pozitivna Crna Gora, a za koju \u0107e se varijantu odlu\u010diti Bo\u0161nja\u010dka stranka i Demokratska partija socijalista ostaje da se vidi<\/strong><\/p>\n<p>PETNJICA \u2013 Desetak dana uo\u010di isteka roka za predaju izbornih lista za u\u010de\u0161\u0107e na novembarskim lokalnim izborima, jo\u0161 se pouzdano ne zna \u2013 da li \u0107e se sve politi\u010dke stranke i partije odlu\u010diti za samostalan nastup ili \u0107e ulaziti u predizborne saveze, koji bi im garantovali bolji izborni rezultat, makar matemati\u010dki? Sigurno je samo jedno:<\/p>\n<p>Socijaldemokratska partija od samog po\u010detka \u201ezaklju\u010dala\u201c je sva ulazna politi\u010dka vrata i definitivno se opredijelila za samostalnu listu odborni\u010dkih kandidata. Lokalno rukovodstvo, na \u010delu sa dr Almirom Rebronjom, za takvu odluku, osim gotovo nepodijeljene podr\u0161ke \u010dlanstva, dobilo je i \u201ezeleno svijetlo\u201c od podgori\u010dke partijske centrale i lidera socijaldemokrata Ranka Krivokapi\u0107a \u2013 li\u010dno. U Op\u0161tinskom odboru nagla\u0161avaju:<\/p>\n<p><strong>Sami pa \u0161to bude<\/strong><\/p>\n<p>&#8211; \u017delimo da se, u pogledu povjerenja Petnji\u010dana, odmjerimo sa svima i kona\u010dno odagnamo sve rezerve i sumnje u politi\u010dki kredibilitet partije i ljudi u njoj, a poslije 16. novembra, kada se zbroje izborni rezultati otvori\u0107emo \u0161irom vrata za sve sa kojima dijelimo sli\u010dne vrijednosti i \u010dvrsta opredjeljenja da se ovaj kraj razvija mnogo intenzivnije nego do sada. Bilo kakve kalkulacije druge vrste nas ne zanimaju i bira\u010di \u0107e to prepoznati i znati da cijene. \u0160to \u0107e drugi raditi i na koji na\u010din \u0107e na izborima u\u010destvovati druge partije i stranke, apsolutno nas ne zanima, mada smatramo da bi bilo najpo\u0161tenije da se koalicije prave tek poslije izbora\u2026<\/p>\n<p>Kako trenutno stvari stoje, na sli\u010dan na\u010din razmi\u0161lja se i unutar naju\u017eeg lokalnog vo\u0111stva Bo\u0161nja\u010dke stranke. Predsjednik najmasovnijeg mjesnog odbora (petnji\u010dkog) Aldin Muratovi\u0107 posebno nagla\u0161ava zna\u010daj \u010dinjenice da se radi o prvim op\u0161tinskim izborima, na kojima \u0107e ovda\u0161nji bira\u010di poslije 56 godina neposredno odlu\u010divati o sastavu sopstvenog parlamenta, a samim tim i budu\u0107e izvr\u0161ne vlasti. Zato bi, smatra, politi\u010dki bilo najpo\u0161tenije da sve stranke iza\u0111u sa zasebnim listama i gra\u0111anima ponude autenti\u010dne programe, pa neka sami prepoznaju i presude \u2013 ko je ko i za \u0161ta se zala\u017ee.<\/p>\n<p>&#8211; To je na\u0161 generalni stav, ali svakako, daleko smo jo\u0161 od definitivne odluke, jer je i vremena i prostora za dodatne analize, pa i odluke, sasvim dovoljno, ka\u017ee Pobjedin sagovornik. Ono \u0161to je, me\u0111utim, sigurno jeste da rejting stranke stalno raste, a posebno je zna\u010dajno da nam pristupa sve ve\u0107i broj mladih, koji su i budu\u0107nost ne samo ovog kraja. Primjera radi, na posljednjim parlamentarnim izborima za dr\u017eavnu vlast dobili smo preko 100 odsto glasova vi\u0161e, nego na izborima na nivou Berana, dvije godine ranije. Takav skok nije zabilje\u017eila ni jedna politi\u010dka grupacija, ni ovdje ni bilo \u0111e u Crnoj Gori.<\/p>\n<p><strong>\u00a0\u010ceki\u0107 i nakovanj<\/strong><\/p>\n<p>Ni u najmla\u0111oj stranci na ovda\u0161njoj politi\u010dkoj sceni nije jo\u0161 sve \u201ezaklju\u010dano\u201c, jer u rukovodstvima Pozitivne i na petnji\u010dkom i na crnogorskom nivou, razmatraju sve opcije, svjesni da se makar \u201einfrastrukturno\u201c nijesu ni primakli takozvanim tradicionalnim takmacima za odborni\u010dke mandate. Saradnici predsjednika, odnosno koordinatora lokalnog odbora Nihada Kr\u0161i\u0107a \u2013 nezvani\u010dno, dodu\u0161e, isti\u010du u razgovoru za Pobjedu da ih ta \u010dinjenica ne samo \u0161to ne obeshrabruje, nego ih dodatno motivi\u0161e da na najbolji mogu\u0107i na\u010din ispune dio politi\u010dkog prostora za, po njihovim procjenama \u2013 veliki broj, naro\u010dito mladih ljudi, kojima su dojadila stara strana\u010dka i partijska lica i uop\u0161teni, frazeolo\u0161kiprogrami koji gotovo i nemaju ozbiljnijih dodirnih ta\u010daka sa realnim \u017eivotom i potrebama gra\u0111ana.<\/p>\n<p>Tako\u0111e su, kako ka\u017eu, svjesni da \u0107e lokalni \u201etradicionalisti\u201c sa jo\u0161 respektabilnim zalihama manipulativnih potencijala poku\u0161avati tokom predizborne kampanje da ih raznim metodama uklje\u0161tavaju izme\u0111u \u010deki\u0107a i nakovanja, ali se uzdaju u racionalnost zna\u010dajnog dijela bira\u010dkog tijela mla\u0111ih godi\u0161ta i odlu\u010dnost da definitivno ra\u0161\u010diste sa dosada\u0161njim statusom amorfne glasa\u010dke mase koja bezuslovno slijedi takozvane velike stranke i partije i njihove potro\u0161ene lokalne lidere. Zato vjeruju da \u0107e, uprkos svemu, na novembarskim izborima dobiti dovoljan broj glasova, za dovoljan broj mandata; taman koliko je potrebno da participiraju u budu\u0107oj vlasti.<\/p>\n<p><strong>\u00a0Mandat manje-vi\u0161e\u2026<\/strong><\/p>\n<p>U Demokratskoj partiji socijalista pripreme za novembarske izbore teku bez problema, uz uvjerenje da \u0107e bez ikakvih problema osvojiti, u najgorem slu\u010daju \u2013 15 od ukupnog broja mandata, a ima ih 31. Za sada, makar zvani\u010dnih razgovora o mogu\u0107im predizbornim koalicijama nema, ali izbor eventualnih prirodnih partnera je neupitan. Obje stranke sa kojima \u010dine vlast na dr\u017eavnom nivou mogle bi biti \u201eu igri\u201c, a Bo\u0161nja\u010dka stranka \u010dak i u predizbornoj koaliciji. Koordinator petnji\u010dkog odbora DPS Samir Agovi\u0107 jo\u0161 ranije je u razgovoru za na\u0161 list objasnio da kako god ko iza\u0161ao na lokalne izbore, partija \u010dijim ogrankom rukovodi odnije\u0107e ubjedljivu pobjedu. Sva interna istra\u017eivanja kazuju, naime, da DPS nema konkurenta koji bi mogao ozbiljnije ugroziti njenu poziciju \u2013 pa je samo pitanje mo\u017ee li osvojiti apsolutnu ve\u0107inu ili \u0107e nedostajati jedan ili dva mandata?<\/p>\n<p>Kako god, od oko desetak hiljada stanovnika novokonstituisane op\u0161tine, pravo glasa ima\u0107e oko 6300. Trenutno je izvjesno da \u0107e na izbore i\u0107i Bo\u0161nja\u010dka stranka, Pozitivna Crna Gora, Socijaldemokratska partija i Demokratska partija socijalista, a mogu\u0107e su i kandidatske liste jo\u0161 jedne nacionalne stranke Bo\u0161njaka (u osnivanju), kao i Demokratskog fronta. Kompletan predizborni i izborni proces je u nadle\u017enosti Op\u0161tinske izborne komisije Berana, a finansijska \u201ekonstrukcija\u201c bi\u0107e zatvorena iz dr\u017eavnog bud\u017eeta.<\/p>\n<p>(pobjeda)<\/p>\n<\/div>\n","protected":false},"excerpt":{"rendered":"<p>Petnjica &#8211; Pored socijaldemokrata sa samostalnom listom kandidata za odbornike i\u0107i \u0107e, gotovo je izvjesno, i Pozitivna Crna Gora, a za koju \u0107e se varijantu odlu\u010diti Bo\u0161nja\u010dka stranka i Demokratska partija socijalista ostaje da se vidi PETNJICA \u2013 Desetak dana uo\u010di isteka roka za predaju izbornih lista za u\u010de\u0161\u0107e na novembarskim lokalnim izborima, jo\u0161 se [&hellip;]<\/p>\n","protected":false},"author":83,"featured_media":89659,"comment_status":"open","ping_status":"open","sticky":false,"template":"","format":"standard","meta":{"footnotes":""},"categories":[1,10174],"tags":[],"class_list":{"0":"post-89658","1":"post","2":"type-post","3":"status-publish","4":"format-standard","5":"has-post-thumbnail","7":"category-politika","8":"category-petnjica-vase-vijesti"},"yoast_head":"<!-- This site is optimized with the Yoast SEO Premium plugin v23.1 (Yoast SEO v24.9) - https:\/\/yoast.com\/wordpress\/plugins\/seo\/ -->\n<title>Iz drugog ugla: Ko \u0107e i kako na lokalne izbore u Petnjici \u2013 SDP zatvorila \u201eulazna\u201c vrata<\/title>\n<meta name=\"robots\" content=\"index, follow, max-snippet:-1, max-image-preview:large, max-video-preview:-1\" \/>\n<link rel=\"canonical\" href=\"https:\/\/sandzakpress.net\/arhiva\/iz-drugog-ugla-ko-ce-i-kako-na-lokalne-izbore-u-petnjici-sdp-zatvorila-ulazna-vrata\/\" \/>\n<meta property=\"og:locale\" content=\"bs_BA\" \/>\n<meta property=\"og:type\" content=\"article\" \/>\n<meta property=\"og:title\" content=\"Iz drugog ugla: Ko \u0107e i kako na lokalne izbore u Petnjici \u2013 SDP zatvorila \u201eulazna\u201c vrata\" \/>\n<meta property=\"og:description\" content=\"Petnjica &#8211; Pored socijaldemokrata sa samostalnom listom kandidata za odbornike i\u0107i \u0107e, gotovo je izvjesno, i Pozitivna Crna Gora, a za koju \u0107e se varijantu odlu\u010diti Bo\u0161nja\u010dka stranka i Demokratska partija socijalista ostaje da se vidi PETNJICA \u2013 Desetak dana uo\u010di isteka roka za predaju izbornih lista za u\u010de\u0161\u0107e na novembarskim lokalnim izborima, jo\u0161 se [&hellip;]\" \/>\n<meta property=\"og:url\" content=\"https:\/\/sandzakpress.net\/arhiva\/iz-drugog-ugla-ko-ce-i-kako-na-lokalne-izbore-u-petnjici-sdp-zatvorila-ulazna-vrata\/\" \/>\n<meta property=\"og:site_name\" content=\"Sand\u017eak PRESS\" \/>\n<meta property=\"article:published_time\" content=\"2013-10-04T21:08:14+00:00\" \/>\n<meta property=\"og:image\" content=\"https:\/\/sandzakpress.net\/arhiva\/wp-content\/uploads\/2013\/10\/Petnjica-0210-2013-Bato014-300x168.jpg\" \/>\n\t<meta property=\"og:image:width\" content=\"300\" \/>\n\t<meta property=\"og:image:height\" content=\"168\" \/>\n\t<meta property=\"og:image:type\" content=\"image\/jpeg\" \/>\n<meta name=\"author\" content=\"bosniak\" \/>\n<meta name=\"twitter:card\" content=\"summary_large_image\" \/>\n<meta name=\"twitter:label1\" content=\"Written by\" \/>\n\t<meta name=\"twitter:data1\" content=\"bosniak\" \/>\n\t<meta name=\"twitter:label2\" content=\"Est. reading time\" \/>\n\t<meta name=\"twitter:data2\" content=\"5 minuta\" \/>\n<script type=\"application\/ld+json\" class=\"yoast-schema-graph\">{\"@context\":\"https:\/\/schema.org\",\"@graph\":[{\"@type\":\"Article\",\"@id\":\"https:\/\/sandzakpress.net\/arhiva\/iz-drugog-ugla-ko-ce-i-kako-na-lokalne-izbore-u-petnjici-sdp-zatvorila-ulazna-vrata\/#article\",\"isPartOf\":{\"@id\":\"https:\/\/sandzakpress.net\/arhiva\/iz-drugog-ugla-ko-ce-i-kako-na-lokalne-izbore-u-petnjici-sdp-zatvorila-ulazna-vrata\/\"},\"author\":{\"name\":\"bosniak\",\"@id\":\"https:\/\/sandzakpress.net\/arhiva\/#\/schema\/person\/c8baee722073534b583ea7bdb2e36c02\"},\"headline\":\"Iz drugog ugla: Ko \u0107e i kako na lokalne izbore u Petnjici \u2013 SDP zatvorila \u201eulazna\u201c vrata\",\"datePublished\":\"2013-10-04T21:08:14+00:00\",\"mainEntityOfPage\":{\"@id\":\"https:\/\/sandzakpress.net\/arhiva\/iz-drugog-ugla-ko-ce-i-kako-na-lokalne-izbore-u-petnjici-sdp-zatvorila-ulazna-vrata\/\"},\"wordCount\":984,\"commentCount\":0,\"publisher\":{\"@id\":\"https:\/\/sandzakpress.net\/arhiva\/#\/schema\/person\/6e72b67d6e51910a1117b3b483ba20bd\"},\"image\":{\"@id\":\"https:\/\/sandzakpress.net\/arhiva\/iz-drugog-ugla-ko-ce-i-kako-na-lokalne-izbore-u-petnjici-sdp-zatvorila-ulazna-vrata\/#primaryimage\"},\"thumbnailUrl\":\"https:\/\/sandzakpress.net\/arhiva\/wp-content\/uploads\/2013\/10\/Petnjica-0210-2013-Bato014-300x168.jpg\",\"articleSection\":[\"Politika\",\"Petnjica\"],\"inLanguage\":\"bs-BA\",\"potentialAction\":[{\"@type\":\"CommentAction\",\"name\":\"Comment\",\"target\":[\"https:\/\/sandzakpress.net\/arhiva\/iz-drugog-ugla-ko-ce-i-kako-na-lokalne-izbore-u-petnjici-sdp-zatvorila-ulazna-vrata\/#respond\"]}]},{\"@type\":\"WebPage\",\"@id\":\"https:\/\/sandzakpress.net\/arhiva\/iz-drugog-ugla-ko-ce-i-kako-na-lokalne-izbore-u-petnjici-sdp-zatvorila-ulazna-vrata\/\",\"url\":\"https:\/\/sandzakpress.net\/arhiva\/iz-drugog-ugla-ko-ce-i-kako-na-lokalne-izbore-u-petnjici-sdp-zatvorila-ulazna-vrata\/\",\"name\":\"Iz drugog ugla: Ko \u0107e i kako na lokalne izbore u Petnjici \u2013 SDP zatvorila \u201eulazna\u201c vrata\",\"isPartOf\":{\"@id\":\"https:\/\/sandzakpress.net\/arhiva\/#website\"},\"primaryImageOfPage\":{\"@id\":\"https:\/\/sandzakpress.net\/arhiva\/iz-drugog-ugla-ko-ce-i-kako-na-lokalne-izbore-u-petnjici-sdp-zatvorila-ulazna-vrata\/#primaryimage\"},\"image\":{\"@id\":\"https:\/\/sandzakpress.net\/arhiva\/iz-drugog-ugla-ko-ce-i-kako-na-lokalne-izbore-u-petnjici-sdp-zatvorila-ulazna-vrata\/#primaryimage\"},\"thumbnailUrl\":\"https:\/\/sandzakpress.net\/arhiva\/wp-content\/uploads\/2013\/10\/Petnjica-0210-2013-Bato014-300x168.jpg\",\"datePublished\":\"2013-10-04T21:08:14+00:00\",\"breadcrumb\":{\"@id\":\"https:\/\/sandzakpress.net\/arhiva\/iz-drugog-ugla-ko-ce-i-kako-na-lokalne-izbore-u-petnjici-sdp-zatvorila-ulazna-vrata\/#breadcrumb\"},\"inLanguage\":\"bs-BA\",\"potentialAction\":[{\"@type\":\"ReadAction\",\"target\":[\"https:\/\/sandzakpress.net\/arhiva\/iz-drugog-ugla-ko-ce-i-kako-na-lokalne-izbore-u-petnjici-sdp-zatvorila-ulazna-vrata\/\"]}]},{\"@type\":\"ImageObject\",\"inLanguage\":\"bs-BA\",\"@id\":\"https:\/\/sandzakpress.net\/arhiva\/iz-drugog-ugla-ko-ce-i-kako-na-lokalne-izbore-u-petnjici-sdp-zatvorila-ulazna-vrata\/#primaryimage\",\"url\":\"https:\/\/sandzakpress.net\/arhiva\/wp-content\/uploads\/2013\/10\/Petnjica-0210-2013-Bato014-300x168.jpg\",\"contentUrl\":\"https:\/\/sandzakpress.net\/arhiva\/wp-content\/uploads\/2013\/10\/Petnjica-0210-2013-Bato014-300x168.jpg\",\"width\":300,\"height\":168},{\"@type\":\"BreadcrumbList\",\"@id\":\"https:\/\/sandzakpress.net\/arhiva\/iz-drugog-ugla-ko-ce-i-kako-na-lokalne-izbore-u-petnjici-sdp-zatvorila-ulazna-vrata\/#breadcrumb\",\"itemListElement\":[{\"@type\":\"ListItem\",\"position\":1,\"name\":\"Home\",\"item\":\"https:\/\/sandzakpress.net\/arhiva\/\"},{\"@type\":\"ListItem\",\"position\":2,\"name\":\"Iz drugog ugla: Ko \u0107e i kako na lokalne izbore u Petnjici \u2013 SDP zatvorila \u201eulazna\u201c vrata\"}]},{\"@type\":\"WebSite\",\"@id\":\"https:\/\/sandzakpress.net\/arhiva\/#website\",\"url\":\"https:\/\/sandzakpress.net\/arhiva\/\",\"name\":\"Sand\u017eak PRESS\",\"description\":\"Prve elektronske novine u Sand\u017eaku\",\"publisher\":{\"@id\":\"https:\/\/sandzakpress.net\/arhiva\/#\/schema\/person\/6e72b67d6e51910a1117b3b483ba20bd\"},\"potentialAction\":[{\"@type\":\"SearchAction\",\"target\":{\"@type\":\"EntryPoint\",\"urlTemplate\":\"https:\/\/sandzakpress.net\/arhiva\/?s={search_term_string}\"},\"query-input\":{\"@type\":\"PropertyValueSpecification\",\"valueRequired\":true,\"valueName\":\"search_term_string\"}}],\"inLanguage\":\"bs-BA\"},{\"@type\":[\"Person\",\"Organization\"],\"@id\":\"https:\/\/sandzakpress.net\/arhiva\/#\/schema\/person\/6e72b67d6e51910a1117b3b483ba20bd\",\"name\":\"Kul\",\"image\":{\"@type\":\"ImageObject\",\"inLanguage\":\"bs-BA\",\"@id\":\"https:\/\/sandzakpress.net\/arhiva\/#\/schema\/person\/image\/\",\"url\":\"https:\/\/secure.gravatar.com\/avatar\/42263f39aa27ac04c43cab85c280eb2e?s=96&d=mm&r=pg\",\"contentUrl\":\"https:\/\/secure.gravatar.com\/avatar\/42263f39aa27ac04c43cab85c280eb2e?s=96&d=mm&r=pg\",\"caption\":\"Kul\"},\"logo\":{\"@id\":\"https:\/\/sandzakpress.net\/arhiva\/#\/schema\/person\/image\/\"}},{\"@type\":\"Person\",\"@id\":\"https:\/\/sandzakpress.net\/arhiva\/#\/schema\/person\/c8baee722073534b583ea7bdb2e36c02\",\"name\":\"bosniak\",\"image\":{\"@type\":\"ImageObject\",\"inLanguage\":\"bs-BA\",\"@id\":\"https:\/\/sandzakpress.net\/arhiva\/#\/schema\/person\/image\/\",\"url\":\"https:\/\/secure.gravatar.com\/avatar\/a04fd330bfe3a36a72a0ad4a6d89fca7?s=96&d=mm&r=pg\",\"contentUrl\":\"https:\/\/secure.gravatar.com\/avatar\/a04fd330bfe3a36a72a0ad4a6d89fca7?s=96&d=mm&r=pg\",\"caption\":\"bosniak\"},\"url\":\"https:\/\/sandzakpress.net\/arhiva\/author\/bosniak\/\"}]}<\/script>\n<!-- \/ Yoast SEO Premium plugin. -->","yoast_head_json":{"title":"Iz drugog ugla: Ko \u0107e i kako na lokalne izbore u Petnjici \u2013 SDP zatvorila \u201eulazna\u201c vrata","robots":{"index":"index","follow":"follow","max-snippet":"max-snippet:-1","max-image-preview":"max-image-preview:large","max-video-preview":"max-video-preview:-1"},"canonical":"https:\/\/sandzakpress.net\/arhiva\/iz-drugog-ugla-ko-ce-i-kako-na-lokalne-izbore-u-petnjici-sdp-zatvorila-ulazna-vrata\/","og_locale":"bs_BA","og_type":"article","og_title":"Iz drugog ugla: Ko \u0107e i kako na lokalne izbore u Petnjici \u2013 SDP zatvorila \u201eulazna\u201c vrata","og_description":"Petnjica &#8211; Pored socijaldemokrata sa samostalnom listom kandidata za odbornike i\u0107i \u0107e, gotovo je izvjesno, i Pozitivna Crna Gora, a za koju \u0107e se varijantu odlu\u010diti Bo\u0161nja\u010dka stranka i Demokratska partija socijalista ostaje da se vidi PETNJICA \u2013 Desetak dana uo\u010di isteka roka za predaju izbornih lista za u\u010de\u0161\u0107e na novembarskim lokalnim izborima, jo\u0161 se [&hellip;]","og_url":"https:\/\/sandzakpress.net\/arhiva\/iz-drugog-ugla-ko-ce-i-kako-na-lokalne-izbore-u-petnjici-sdp-zatvorila-ulazna-vrata\/","og_site_name":"Sand\u017eak PRESS","article_published_time":"2013-10-04T21:08:14+00:00","og_image":[{"width":300,"height":168,"url":"https:\/\/sandzakpress.net\/arhiva\/wp-content\/uploads\/2013\/10\/Petnjica-0210-2013-Bato014-300x168.jpg","type":"image\/jpeg"}],"author":"bosniak","twitter_card":"summary_large_image","twitter_misc":{"Written by":"bosniak","Est. reading time":"5 minuta"},"schema":{"@context":"https:\/\/schema.org","@graph":[{"@type":"Article","@id":"https:\/\/sandzakpress.net\/arhiva\/iz-drugog-ugla-ko-ce-i-kako-na-lokalne-izbore-u-petnjici-sdp-zatvorila-ulazna-vrata\/#article","isPartOf":{"@id":"https:\/\/sandzakpress.net\/arhiva\/iz-drugog-ugla-ko-ce-i-kako-na-lokalne-izbore-u-petnjici-sdp-zatvorila-ulazna-vrata\/"},"author":{"name":"bosniak","@id":"https:\/\/sandzakpress.net\/arhiva\/#\/schema\/person\/c8baee722073534b583ea7bdb2e36c02"},"headline":"Iz drugog ugla: Ko \u0107e i kako na lokalne izbore u Petnjici \u2013 SDP zatvorila \u201eulazna\u201c vrata","datePublished":"2013-10-04T21:08:14+00:00","mainEntityOfPage":{"@id":"https:\/\/sandzakpress.net\/arhiva\/iz-drugog-ugla-ko-ce-i-kako-na-lokalne-izbore-u-petnjici-sdp-zatvorila-ulazna-vrata\/"},"wordCount":984,"commentCount":0,"publisher":{"@id":"https:\/\/sandzakpress.net\/arhiva\/#\/schema\/person\/6e72b67d6e51910a1117b3b483ba20bd"},"image":{"@id":"https:\/\/sandzakpress.net\/arhiva\/iz-drugog-ugla-ko-ce-i-kako-na-lokalne-izbore-u-petnjici-sdp-zatvorila-ulazna-vrata\/#primaryimage"},"thumbnailUrl":"https:\/\/sandzakpress.net\/arhiva\/wp-content\/uploads\/2013\/10\/Petnjica-0210-2013-Bato014-300x168.jpg","articleSection":["Politika","Petnjica"],"inLanguage":"bs-BA","potentialAction":[{"@type":"CommentAction","name":"Comment","target":["https:\/\/sandzakpress.net\/arhiva\/iz-drugog-ugla-ko-ce-i-kako-na-lokalne-izbore-u-petnjici-sdp-zatvorila-ulazna-vrata\/#respond"]}]},{"@type":"WebPage","@id":"https:\/\/sandzakpress.net\/arhiva\/iz-drugog-ugla-ko-ce-i-kako-na-lokalne-izbore-u-petnjici-sdp-zatvorila-ulazna-vrata\/","url":"https:\/\/sandzakpress.net\/arhiva\/iz-drugog-ugla-ko-ce-i-kako-na-lokalne-izbore-u-petnjici-sdp-zatvorila-ulazna-vrata\/","name":"Iz drugog ugla: Ko \u0107e i kako na lokalne izbore u Petnjici \u2013 SDP zatvorila \u201eulazna\u201c vrata","isPartOf":{"@id":"https:\/\/sandzakpress.net\/arhiva\/#website"},"primaryImageOfPage":{"@id":"https:\/\/sandzakpress.net\/arhiva\/iz-drugog-ugla-ko-ce-i-kako-na-lokalne-izbore-u-petnjici-sdp-zatvorila-ulazna-vrata\/#primaryimage"},"image":{"@id":"https:\/\/sandzakpress.net\/arhiva\/iz-drugog-ugla-ko-ce-i-kako-na-lokalne-izbore-u-petnjici-sdp-zatvorila-ulazna-vrata\/#primaryimage"},"thumbnailUrl":"https:\/\/sandzakpress.net\/arhiva\/wp-content\/uploads\/2013\/10\/Petnjica-0210-2013-Bato014-300x168.jpg","datePublished":"2013-10-04T21:08:14+00:00","breadcrumb":{"@id":"https:\/\/sandzakpress.net\/arhiva\/iz-drugog-ugla-ko-ce-i-kako-na-lokalne-izbore-u-petnjici-sdp-zatvorila-ulazna-vrata\/#breadcrumb"},"inLanguage":"bs-BA","potentialAction":[{"@type":"ReadAction","target":["https:\/\/sandzakpress.net\/arhiva\/iz-drugog-ugla-ko-ce-i-kako-na-lokalne-izbore-u-petnjici-sdp-zatvorila-ulazna-vrata\/"]}]},{"@type":"ImageObject","inLanguage":"bs-BA","@id":"https:\/\/sandzakpress.net\/arhiva\/iz-drugog-ugla-ko-ce-i-kako-na-lokalne-izbore-u-petnjici-sdp-zatvorila-ulazna-vrata\/#primaryimage","url":"https:\/\/sandzakpress.net\/arhiva\/wp-content\/uploads\/2013\/10\/Petnjica-0210-2013-Bato014-300x168.jpg","contentUrl":"https:\/\/sandzakpress.net\/arhiva\/wp-content\/uploads\/2013\/10\/Petnjica-0210-2013-Bato014-300x168.jpg","width":300,"height":168},{"@type":"BreadcrumbList","@id":"https:\/\/sandzakpress.net\/arhiva\/iz-drugog-ugla-ko-ce-i-kako-na-lokalne-izbore-u-petnjici-sdp-zatvorila-ulazna-vrata\/#breadcrumb","itemListElement":[{"@type":"ListItem","position":1,"name":"Home","item":"https:\/\/sandzakpress.net\/arhiva\/"},{"@type":"ListItem","position":2,"name":"Iz drugog ugla: Ko \u0107e i kako na lokalne izbore u Petnjici \u2013 SDP zatvorila \u201eulazna\u201c vrata"}]},{"@type":"WebSite","@id":"https:\/\/sandzakpress.net\/arhiva\/#website","url":"https:\/\/sandzakpress.net\/arhiva\/","name":"Sand\u017eak PRESS","description":"Prve elektronske novine u Sand\u017eaku","publisher":{"@id":"https:\/\/sandzakpress.net\/arhiva\/#\/schema\/person\/6e72b67d6e51910a1117b3b483ba20bd"},"potentialAction":[{"@type":"SearchAction","target":{"@type":"EntryPoint","urlTemplate":"https:\/\/sandzakpress.net\/arhiva\/?s={search_term_string}"},"query-input":{"@type":"PropertyValueSpecification","valueRequired":true,"valueName":"search_term_string"}}],"inLanguage":"bs-BA"},{"@type":["Person","Organization"],"@id":"https:\/\/sandzakpress.net\/arhiva\/#\/schema\/person\/6e72b67d6e51910a1117b3b483ba20bd","name":"Kul","image":{"@type":"ImageObject","inLanguage":"bs-BA","@id":"https:\/\/sandzakpress.net\/arhiva\/#\/schema\/person\/image\/","url":"https:\/\/secure.gravatar.com\/avatar\/42263f39aa27ac04c43cab85c280eb2e?s=96&d=mm&r=pg","contentUrl":"https:\/\/secure.gravatar.com\/avatar\/42263f39aa27ac04c43cab85c280eb2e?s=96&d=mm&r=pg","caption":"Kul"},"logo":{"@id":"https:\/\/sandzakpress.net\/arhiva\/#\/schema\/person\/image\/"}},{"@type":"Person","@id":"https:\/\/sandzakpress.net\/arhiva\/#\/schema\/person\/c8baee722073534b583ea7bdb2e36c02","name":"bosniak","image":{"@type":"ImageObject","inLanguage":"bs-BA","@id":"https:\/\/sandzakpress.net\/arhiva\/#\/schema\/person\/image\/","url":"https:\/\/secure.gravatar.com\/avatar\/a04fd330bfe3a36a72a0ad4a6d89fca7?s=96&d=mm&r=pg","contentUrl":"https:\/\/secure.gravatar.com\/avatar\/a04fd330bfe3a36a72a0ad4a6d89fca7?s=96&d=mm&r=pg","caption":"bosniak"},"url":"https:\/\/sandzakpress.net\/arhiva\/author\/bosniak\/"}]}},"_links":{"self":[{"href":"https:\/\/sandzakpress.net\/arhiva\/wp-json\/wp\/v2\/posts\/89658"}],"collection":[{"href":"https:\/\/sandzakpress.net\/arhiva\/wp-json\/wp\/v2\/posts"}],"about":[{"href":"https:\/\/sandzakpress.net\/arhiva\/wp-json\/wp\/v2\/types\/post"}],"author":[{"embeddable":true,"href":"https:\/\/sandzakpress.net\/arhiva\/wp-json\/wp\/v2\/users\/83"}],"replies":[{"embeddable":true,"href":"https:\/\/sandzakpress.net\/arhiva\/wp-json\/wp\/v2\/comments?post=89658"}],"version-history":[{"count":0,"href":"https:\/\/sandzakpress.net\/arhiva\/wp-json\/wp\/v2\/posts\/89658\/revisions"}],"wp:featuredmedia":[{"embeddable":true,"href":"https:\/\/sandzakpress.net\/arhiva\/wp-json\/wp\/v2\/media\/89659"}],"wp:attachment":[{"href":"https:\/\/sandzakpress.net\/arhiva\/wp-json\/wp\/v2\/media?parent=89658"}],"wp:term":[{"taxonomy":"category","embeddable":true,"href":"https:\/\/sandzakpress.net\/arhiva\/wp-json\/wp\/v2\/categories?post=89658"},{"taxonomy":"post_tag","embeddable":true,"href":"https:\/\/sandzakpress.net\/arhiva\/wp-json\/wp\/v2\/tags?post=89658"}],"curies":[{"name":"wp","href":"https:\/\/api.w.org\/{rel}","templated":true}]}}