{"id":89567,"date":"2013-10-03T21:25:27","date_gmt":"2013-10-03T19:25:27","guid":{"rendered":"https:\/\/sandzakpress.net\/arhiva\/?p=89567"},"modified":"2013-10-03T21:27:15","modified_gmt":"2013-10-03T19:27:15","slug":"eston-dacic-i-taci-7-oktobra-u-briselu","status":"publish","type":"post","link":"https:\/\/sandzakpress.net\/arhiva\/eston-dacic-i-taci-7-oktobra-u-briselu\/","title":{"rendered":"E\u0161ton, Da\u010di\u0107 i Ta\u010di 7. oktobra u Briselu"},"content":{"rendered":"<p><strong><a href=\"https:\/\/sandzakpress.net\/arhiva\/wp-content\/uploads\/2013\/10\/110103.jpg\"><img loading=\"lazy\" decoding=\"async\" class=\"alignleft size-medium wp-image-89568\" alt=\"110103\" src=\"https:\/\/sandzakpress.net\/arhiva\/wp-content\/uploads\/2013\/10\/110103-300x199.jpg\" width=\"300\" height=\"199\" \/><\/a>Kosovo, Srbija &#8211; Novi sastanak premijera Srbije Ivice Da\u010di\u0107a, kosovskog premijera Ha\u0161ima Ta\u010dija i visoke predstavnice EU Ketrin E\u0161ton bi\u0107e odr\u017ean u ponedeljak, 7. oktobra u Briselu, saop\u0161tila je danas njena kancelarija.<\/strong><\/p>\n<p>&#8220;Cilj sastanka je da se analizira napredak u primjeni briselskog sporazuma, a posebno uo\u010di lokalnih izbora na Kosovu 3. novembra&#8221;, navedeno je u saop\u0161tenju.<\/p>\n<div><strong>Da\u010di\u0107 obavestio Brisel o mogu\u0107em prekidu dijaloga<\/strong><\/div>\n<p>&nbsp;<\/p>\n<div><img decoding=\"async\" alt=\"\" src=\"http:\/\/www.tanjug.rs\/items\/male\/110105.jpg\" align=\"left\" \/><\/div>\n<div>\n<p>Predsjednik Vlade Srbije Ivica Da\u010di\u0107 sino\u0107 je upozorio Brisel da \u0107e prekinuti u\u010de\u0161\u0107e u pregovorima ukoliko Pri\u0161tina ne bude dozvoljavala srpskim zvani\u010dnicima da posje\u0107uju Kosovo i Metohiju do kraja izborne kampanje.<\/p>\n<p>\u201eUpozorio sam Brisel i ambasadore Kvinte da je odluka vlasti u Pri\u0161tini skandalozna i da predstavlja udarac mirovnom procesu&#8221;, rekao je Da\u010di\u0107 za Politiku.<\/p>\n<p>\u201eAko ja kao potpisnik briselskog sporazuma i predstavnici vlade koji su ga podr\u017eali i radili na njegovoj implementaciji, ne mo\u017eemo na Kosovo da odemo i pozovemo Srbe da iza\u0111u na lokalne izbore, onda se postavlja pitanje svrsishodnosti mog daljeg u\u010de\u0161\u0107a u dijalogu&#8221;, rekao je Da\u010di\u0107, koji je planirao da posjeti op\u0161tinu \u0160trpce, ali su ga pri\u0161tinske vlasti obavijestile da ta posjeta nije odobrena.<\/p>\n<p>Da\u010di\u0107 je ocjenio da je ovim potezom Pri\u0161tine doveden u pitanje kredibilitet Brisela pod \u010dijim okriljem se dijalog odvija. Predsjednik Vlade je tako\u0111e najavio da \u0107e srpske vlasti sutra razgovarati o daljim koracima i zatra\u017eiti stav Evropske unije po ovom pitanju.<\/p>\n<p>Zamjenik kosovskog premijera Hajredin Ku\u0107i izjavio je da kada po\u010dne kampanja za lokalne izbore na Kosovu, nijednom zvani\u010dniku Srbije ne\u0107e biti dozvoljen dolazak na Kosovo.<\/p>\n<p>Zabrana dolaska zvani\u010dnika Srbije na Kosovo traja\u0107e do 1. novembra kada se kampanja zavr\u0161ava, rekao je Ku\u0107i Tanjugu.<\/p>\n<\/div>\n<p>&nbsp;<\/p>\n<div><strong>Hod\u017eaj: Odluka je kona\u010dna<\/strong><\/div>\n<p>Kosovski ministar spoljnih poslova Enver Hod\u017eaj izjavio je da je odluka vlade Kosova da se srpskim zvani\u010dnicima ne dozvoli ulazak na Kosovo i Metohiju dok traje kampanja za lokalne izbore, zakazane za 3. novembar, definitivna i da se nikako ne mo\u017ee promjeniti.<\/p>\n<p>&#8220;Nemamo vi\u0161e \u0161ta da dodajemo onome \u0161to je rekao zamjenik premijera Hajredin Ku\u0107i. Nijedan zvani\u010dnik Srbije ne mo\u017ee do\u0107i na Kosovo dok se ne zavr\u0161i izborna kampanja&#8221;, rekao je Hod\u017eaj Tanjugu.<\/p>\n<p>(tanjug.rs)<\/p>\n","protected":false},"excerpt":{"rendered":"<p>Kosovo, Srbija &#8211; Novi sastanak premijera Srbije Ivice Da\u010di\u0107a, kosovskog premijera Ha\u0161ima Ta\u010dija i visoke predstavnice EU Ketrin E\u0161ton bi\u0107e odr\u017ean u ponedeljak, 7. oktobra u Briselu, saop\u0161tila je danas njena kancelarija. &#8220;Cilj sastanka je da se analizira napredak u primjeni briselskog sporazuma, a posebno uo\u010di lokalnih izbora na Kosovu 3. novembra&#8221;, navedeno je u [&hellip;]<\/p>\n","protected":false},"author":83,"featured_media":89569,"comment_status":"open","ping_status":"open","sticky":false,"template":"","format":"standard","meta":{"footnotes":""},"categories":[2690,10307],"tags":[],"class_list":{"0":"post-89567","1":"post","2":"type-post","3":"status-publish","4":"format-standard","5":"has-post-thumbnail","7":"category-kosovo-gradovi","8":"category-srbija"},"yoast_head":"<!-- This site is optimized with the Yoast SEO Premium plugin v23.1 (Yoast SEO v24.9) - https:\/\/yoast.com\/wordpress\/plugins\/seo\/ -->\n<title>E\u0161ton, Da\u010di\u0107 i Ta\u010di 7. oktobra u Briselu<\/title>\n<meta name=\"robots\" content=\"index, follow, max-snippet:-1, max-image-preview:large, max-video-preview:-1\" \/>\n<link rel=\"canonical\" href=\"https:\/\/sandzakpress.net\/arhiva\/eston-dacic-i-taci-7-oktobra-u-briselu\/\" \/>\n<meta property=\"og:locale\" content=\"bs_BA\" \/>\n<meta property=\"og:type\" content=\"article\" \/>\n<meta property=\"og:title\" content=\"E\u0161ton, Da\u010di\u0107 i Ta\u010di 7. oktobra u Briselu\" \/>\n<meta property=\"og:description\" content=\"Kosovo, Srbija &#8211; Novi sastanak premijera Srbije Ivice Da\u010di\u0107a, kosovskog premijera Ha\u0161ima Ta\u010dija i visoke predstavnice EU Ketrin E\u0161ton bi\u0107e odr\u017ean u ponedeljak, 7. oktobra u Briselu, saop\u0161tila je danas njena kancelarija. &#8220;Cilj sastanka je da se analizira napredak u primjeni briselskog sporazuma, a posebno uo\u010di lokalnih izbora na Kosovu 3. novembra&#8221;, navedeno je u [&hellip;]\" \/>\n<meta property=\"og:url\" content=\"https:\/\/sandzakpress.net\/arhiva\/eston-dacic-i-taci-7-oktobra-u-briselu\/\" \/>\n<meta property=\"og:site_name\" content=\"Sand\u017eak PRESS\" \/>\n<meta property=\"article:published_time\" content=\"2013-10-03T19:25:27+00:00\" \/>\n<meta property=\"article:modified_time\" content=\"2013-10-03T19:27:15+00:00\" \/>\n<meta property=\"og:image\" content=\"https:\/\/sandzakpress.net\/arhiva\/wp-content\/uploads\/2013\/10\/110103-300x1991.jpg\" \/>\n\t<meta property=\"og:image:width\" content=\"300\" \/>\n\t<meta property=\"og:image:height\" content=\"199\" \/>\n\t<meta property=\"og:image:type\" content=\"image\/jpeg\" \/>\n<meta name=\"author\" content=\"bosniak\" \/>\n<meta name=\"twitter:card\" content=\"summary_large_image\" \/>\n<meta name=\"twitter:label1\" content=\"Written by\" \/>\n\t<meta name=\"twitter:data1\" content=\"bosniak\" \/>\n\t<meta name=\"twitter:label2\" content=\"Est. reading time\" \/>\n\t<meta name=\"twitter:data2\" content=\"2 minute\" \/>\n<script type=\"application\/ld+json\" class=\"yoast-schema-graph\">{\"@context\":\"https:\/\/schema.org\",\"@graph\":[{\"@type\":\"Article\",\"@id\":\"https:\/\/sandzakpress.net\/arhiva\/eston-dacic-i-taci-7-oktobra-u-briselu\/#article\",\"isPartOf\":{\"@id\":\"https:\/\/sandzakpress.net\/arhiva\/eston-dacic-i-taci-7-oktobra-u-briselu\/\"},\"author\":{\"name\":\"bosniak\",\"@id\":\"https:\/\/sandzakpress.net\/arhiva\/#\/schema\/person\/c8baee722073534b583ea7bdb2e36c02\"},\"headline\":\"E\u0161ton, Da\u010di\u0107 i Ta\u010di 7. oktobra u Briselu\",\"datePublished\":\"2013-10-03T19:25:27+00:00\",\"dateModified\":\"2013-10-03T19:27:15+00:00\",\"mainEntityOfPage\":{\"@id\":\"https:\/\/sandzakpress.net\/arhiva\/eston-dacic-i-taci-7-oktobra-u-briselu\/\"},\"wordCount\":404,\"commentCount\":0,\"publisher\":{\"@id\":\"https:\/\/sandzakpress.net\/arhiva\/#\/schema\/person\/6e72b67d6e51910a1117b3b483ba20bd\"},\"image\":{\"@id\":\"https:\/\/sandzakpress.net\/arhiva\/eston-dacic-i-taci-7-oktobra-u-briselu\/#primaryimage\"},\"thumbnailUrl\":\"https:\/\/sandzakpress.net\/arhiva\/wp-content\/uploads\/2013\/10\/110103-300x1991.jpg\",\"articleSection\":[\"Kosovo\",\"Srbija\"],\"inLanguage\":\"bs-BA\",\"potentialAction\":[{\"@type\":\"CommentAction\",\"name\":\"Comment\",\"target\":[\"https:\/\/sandzakpress.net\/arhiva\/eston-dacic-i-taci-7-oktobra-u-briselu\/#respond\"]}]},{\"@type\":\"WebPage\",\"@id\":\"https:\/\/sandzakpress.net\/arhiva\/eston-dacic-i-taci-7-oktobra-u-briselu\/\",\"url\":\"https:\/\/sandzakpress.net\/arhiva\/eston-dacic-i-taci-7-oktobra-u-briselu\/\",\"name\":\"E\u0161ton, Da\u010di\u0107 i Ta\u010di 7. oktobra u Briselu\",\"isPartOf\":{\"@id\":\"https:\/\/sandzakpress.net\/arhiva\/#website\"},\"primaryImageOfPage\":{\"@id\":\"https:\/\/sandzakpress.net\/arhiva\/eston-dacic-i-taci-7-oktobra-u-briselu\/#primaryimage\"},\"image\":{\"@id\":\"https:\/\/sandzakpress.net\/arhiva\/eston-dacic-i-taci-7-oktobra-u-briselu\/#primaryimage\"},\"thumbnailUrl\":\"https:\/\/sandzakpress.net\/arhiva\/wp-content\/uploads\/2013\/10\/110103-300x1991.jpg\",\"datePublished\":\"2013-10-03T19:25:27+00:00\",\"dateModified\":\"2013-10-03T19:27:15+00:00\",\"breadcrumb\":{\"@id\":\"https:\/\/sandzakpress.net\/arhiva\/eston-dacic-i-taci-7-oktobra-u-briselu\/#breadcrumb\"},\"inLanguage\":\"bs-BA\",\"potentialAction\":[{\"@type\":\"ReadAction\",\"target\":[\"https:\/\/sandzakpress.net\/arhiva\/eston-dacic-i-taci-7-oktobra-u-briselu\/\"]}]},{\"@type\":\"ImageObject\",\"inLanguage\":\"bs-BA\",\"@id\":\"https:\/\/sandzakpress.net\/arhiva\/eston-dacic-i-taci-7-oktobra-u-briselu\/#primaryimage\",\"url\":\"https:\/\/sandzakpress.net\/arhiva\/wp-content\/uploads\/2013\/10\/110103-300x1991.jpg\",\"contentUrl\":\"https:\/\/sandzakpress.net\/arhiva\/wp-content\/uploads\/2013\/10\/110103-300x1991.jpg\",\"width\":300,\"height\":199},{\"@type\":\"BreadcrumbList\",\"@id\":\"https:\/\/sandzakpress.net\/arhiva\/eston-dacic-i-taci-7-oktobra-u-briselu\/#breadcrumb\",\"itemListElement\":[{\"@type\":\"ListItem\",\"position\":1,\"name\":\"Home\",\"item\":\"https:\/\/sandzakpress.net\/arhiva\/\"},{\"@type\":\"ListItem\",\"position\":2,\"name\":\"E\u0161ton, Da\u010di\u0107 i Ta\u010di 7. oktobra u Briselu\"}]},{\"@type\":\"WebSite\",\"@id\":\"https:\/\/sandzakpress.net\/arhiva\/#website\",\"url\":\"https:\/\/sandzakpress.net\/arhiva\/\",\"name\":\"Sand\u017eak PRESS\",\"description\":\"Prve elektronske novine u Sand\u017eaku\",\"publisher\":{\"@id\":\"https:\/\/sandzakpress.net\/arhiva\/#\/schema\/person\/6e72b67d6e51910a1117b3b483ba20bd\"},\"potentialAction\":[{\"@type\":\"SearchAction\",\"target\":{\"@type\":\"EntryPoint\",\"urlTemplate\":\"https:\/\/sandzakpress.net\/arhiva\/?s={search_term_string}\"},\"query-input\":{\"@type\":\"PropertyValueSpecification\",\"valueRequired\":true,\"valueName\":\"search_term_string\"}}],\"inLanguage\":\"bs-BA\"},{\"@type\":[\"Person\",\"Organization\"],\"@id\":\"https:\/\/sandzakpress.net\/arhiva\/#\/schema\/person\/6e72b67d6e51910a1117b3b483ba20bd\",\"name\":\"Kul\",\"image\":{\"@type\":\"ImageObject\",\"inLanguage\":\"bs-BA\",\"@id\":\"https:\/\/sandzakpress.net\/arhiva\/#\/schema\/person\/image\/\",\"url\":\"https:\/\/secure.gravatar.com\/avatar\/42263f39aa27ac04c43cab85c280eb2e?s=96&d=mm&r=pg\",\"contentUrl\":\"https:\/\/secure.gravatar.com\/avatar\/42263f39aa27ac04c43cab85c280eb2e?s=96&d=mm&r=pg\",\"caption\":\"Kul\"},\"logo\":{\"@id\":\"https:\/\/sandzakpress.net\/arhiva\/#\/schema\/person\/image\/\"}},{\"@type\":\"Person\",\"@id\":\"https:\/\/sandzakpress.net\/arhiva\/#\/schema\/person\/c8baee722073534b583ea7bdb2e36c02\",\"name\":\"bosniak\",\"image\":{\"@type\":\"ImageObject\",\"inLanguage\":\"bs-BA\",\"@id\":\"https:\/\/sandzakpress.net\/arhiva\/#\/schema\/person\/image\/\",\"url\":\"https:\/\/secure.gravatar.com\/avatar\/a04fd330bfe3a36a72a0ad4a6d89fca7?s=96&d=mm&r=pg\",\"contentUrl\":\"https:\/\/secure.gravatar.com\/avatar\/a04fd330bfe3a36a72a0ad4a6d89fca7?s=96&d=mm&r=pg\",\"caption\":\"bosniak\"},\"url\":\"https:\/\/sandzakpress.net\/arhiva\/author\/bosniak\/\"}]}<\/script>\n<!-- \/ Yoast SEO Premium plugin. -->","yoast_head_json":{"title":"E\u0161ton, Da\u010di\u0107 i Ta\u010di 7. oktobra u Briselu","robots":{"index":"index","follow":"follow","max-snippet":"max-snippet:-1","max-image-preview":"max-image-preview:large","max-video-preview":"max-video-preview:-1"},"canonical":"https:\/\/sandzakpress.net\/arhiva\/eston-dacic-i-taci-7-oktobra-u-briselu\/","og_locale":"bs_BA","og_type":"article","og_title":"E\u0161ton, Da\u010di\u0107 i Ta\u010di 7. oktobra u Briselu","og_description":"Kosovo, Srbija &#8211; Novi sastanak premijera Srbije Ivice Da\u010di\u0107a, kosovskog premijera Ha\u0161ima Ta\u010dija i visoke predstavnice EU Ketrin E\u0161ton bi\u0107e odr\u017ean u ponedeljak, 7. oktobra u Briselu, saop\u0161tila je danas njena kancelarija. &#8220;Cilj sastanka je da se analizira napredak u primjeni briselskog sporazuma, a posebno uo\u010di lokalnih izbora na Kosovu 3. novembra&#8221;, navedeno je u [&hellip;]","og_url":"https:\/\/sandzakpress.net\/arhiva\/eston-dacic-i-taci-7-oktobra-u-briselu\/","og_site_name":"Sand\u017eak PRESS","article_published_time":"2013-10-03T19:25:27+00:00","article_modified_time":"2013-10-03T19:27:15+00:00","og_image":[{"width":300,"height":199,"url":"https:\/\/sandzakpress.net\/arhiva\/wp-content\/uploads\/2013\/10\/110103-300x1991.jpg","type":"image\/jpeg"}],"author":"bosniak","twitter_card":"summary_large_image","twitter_misc":{"Written by":"bosniak","Est. reading time":"2 minute"},"schema":{"@context":"https:\/\/schema.org","@graph":[{"@type":"Article","@id":"https:\/\/sandzakpress.net\/arhiva\/eston-dacic-i-taci-7-oktobra-u-briselu\/#article","isPartOf":{"@id":"https:\/\/sandzakpress.net\/arhiva\/eston-dacic-i-taci-7-oktobra-u-briselu\/"},"author":{"name":"bosniak","@id":"https:\/\/sandzakpress.net\/arhiva\/#\/schema\/person\/c8baee722073534b583ea7bdb2e36c02"},"headline":"E\u0161ton, Da\u010di\u0107 i Ta\u010di 7. oktobra u Briselu","datePublished":"2013-10-03T19:25:27+00:00","dateModified":"2013-10-03T19:27:15+00:00","mainEntityOfPage":{"@id":"https:\/\/sandzakpress.net\/arhiva\/eston-dacic-i-taci-7-oktobra-u-briselu\/"},"wordCount":404,"commentCount":0,"publisher":{"@id":"https:\/\/sandzakpress.net\/arhiva\/#\/schema\/person\/6e72b67d6e51910a1117b3b483ba20bd"},"image":{"@id":"https:\/\/sandzakpress.net\/arhiva\/eston-dacic-i-taci-7-oktobra-u-briselu\/#primaryimage"},"thumbnailUrl":"https:\/\/sandzakpress.net\/arhiva\/wp-content\/uploads\/2013\/10\/110103-300x1991.jpg","articleSection":["Kosovo","Srbija"],"inLanguage":"bs-BA","potentialAction":[{"@type":"CommentAction","name":"Comment","target":["https:\/\/sandzakpress.net\/arhiva\/eston-dacic-i-taci-7-oktobra-u-briselu\/#respond"]}]},{"@type":"WebPage","@id":"https:\/\/sandzakpress.net\/arhiva\/eston-dacic-i-taci-7-oktobra-u-briselu\/","url":"https:\/\/sandzakpress.net\/arhiva\/eston-dacic-i-taci-7-oktobra-u-briselu\/","name":"E\u0161ton, Da\u010di\u0107 i Ta\u010di 7. oktobra u Briselu","isPartOf":{"@id":"https:\/\/sandzakpress.net\/arhiva\/#website"},"primaryImageOfPage":{"@id":"https:\/\/sandzakpress.net\/arhiva\/eston-dacic-i-taci-7-oktobra-u-briselu\/#primaryimage"},"image":{"@id":"https:\/\/sandzakpress.net\/arhiva\/eston-dacic-i-taci-7-oktobra-u-briselu\/#primaryimage"},"thumbnailUrl":"https:\/\/sandzakpress.net\/arhiva\/wp-content\/uploads\/2013\/10\/110103-300x1991.jpg","datePublished":"2013-10-03T19:25:27+00:00","dateModified":"2013-10-03T19:27:15+00:00","breadcrumb":{"@id":"https:\/\/sandzakpress.net\/arhiva\/eston-dacic-i-taci-7-oktobra-u-briselu\/#breadcrumb"},"inLanguage":"bs-BA","potentialAction":[{"@type":"ReadAction","target":["https:\/\/sandzakpress.net\/arhiva\/eston-dacic-i-taci-7-oktobra-u-briselu\/"]}]},{"@type":"ImageObject","inLanguage":"bs-BA","@id":"https:\/\/sandzakpress.net\/arhiva\/eston-dacic-i-taci-7-oktobra-u-briselu\/#primaryimage","url":"https:\/\/sandzakpress.net\/arhiva\/wp-content\/uploads\/2013\/10\/110103-300x1991.jpg","contentUrl":"https:\/\/sandzakpress.net\/arhiva\/wp-content\/uploads\/2013\/10\/110103-300x1991.jpg","width":300,"height":199},{"@type":"BreadcrumbList","@id":"https:\/\/sandzakpress.net\/arhiva\/eston-dacic-i-taci-7-oktobra-u-briselu\/#breadcrumb","itemListElement":[{"@type":"ListItem","position":1,"name":"Home","item":"https:\/\/sandzakpress.net\/arhiva\/"},{"@type":"ListItem","position":2,"name":"E\u0161ton, Da\u010di\u0107 i Ta\u010di 7. oktobra u Briselu"}]},{"@type":"WebSite","@id":"https:\/\/sandzakpress.net\/arhiva\/#website","url":"https:\/\/sandzakpress.net\/arhiva\/","name":"Sand\u017eak PRESS","description":"Prve elektronske novine u Sand\u017eaku","publisher":{"@id":"https:\/\/sandzakpress.net\/arhiva\/#\/schema\/person\/6e72b67d6e51910a1117b3b483ba20bd"},"potentialAction":[{"@type":"SearchAction","target":{"@type":"EntryPoint","urlTemplate":"https:\/\/sandzakpress.net\/arhiva\/?s={search_term_string}"},"query-input":{"@type":"PropertyValueSpecification","valueRequired":true,"valueName":"search_term_string"}}],"inLanguage":"bs-BA"},{"@type":["Person","Organization"],"@id":"https:\/\/sandzakpress.net\/arhiva\/#\/schema\/person\/6e72b67d6e51910a1117b3b483ba20bd","name":"Kul","image":{"@type":"ImageObject","inLanguage":"bs-BA","@id":"https:\/\/sandzakpress.net\/arhiva\/#\/schema\/person\/image\/","url":"https:\/\/secure.gravatar.com\/avatar\/42263f39aa27ac04c43cab85c280eb2e?s=96&d=mm&r=pg","contentUrl":"https:\/\/secure.gravatar.com\/avatar\/42263f39aa27ac04c43cab85c280eb2e?s=96&d=mm&r=pg","caption":"Kul"},"logo":{"@id":"https:\/\/sandzakpress.net\/arhiva\/#\/schema\/person\/image\/"}},{"@type":"Person","@id":"https:\/\/sandzakpress.net\/arhiva\/#\/schema\/person\/c8baee722073534b583ea7bdb2e36c02","name":"bosniak","image":{"@type":"ImageObject","inLanguage":"bs-BA","@id":"https:\/\/sandzakpress.net\/arhiva\/#\/schema\/person\/image\/","url":"https:\/\/secure.gravatar.com\/avatar\/a04fd330bfe3a36a72a0ad4a6d89fca7?s=96&d=mm&r=pg","contentUrl":"https:\/\/secure.gravatar.com\/avatar\/a04fd330bfe3a36a72a0ad4a6d89fca7?s=96&d=mm&r=pg","caption":"bosniak"},"url":"https:\/\/sandzakpress.net\/arhiva\/author\/bosniak\/"}]}},"_links":{"self":[{"href":"https:\/\/sandzakpress.net\/arhiva\/wp-json\/wp\/v2\/posts\/89567"}],"collection":[{"href":"https:\/\/sandzakpress.net\/arhiva\/wp-json\/wp\/v2\/posts"}],"about":[{"href":"https:\/\/sandzakpress.net\/arhiva\/wp-json\/wp\/v2\/types\/post"}],"author":[{"embeddable":true,"href":"https:\/\/sandzakpress.net\/arhiva\/wp-json\/wp\/v2\/users\/83"}],"replies":[{"embeddable":true,"href":"https:\/\/sandzakpress.net\/arhiva\/wp-json\/wp\/v2\/comments?post=89567"}],"version-history":[{"count":0,"href":"https:\/\/sandzakpress.net\/arhiva\/wp-json\/wp\/v2\/posts\/89567\/revisions"}],"wp:featuredmedia":[{"embeddable":true,"href":"https:\/\/sandzakpress.net\/arhiva\/wp-json\/wp\/v2\/media\/89569"}],"wp:attachment":[{"href":"https:\/\/sandzakpress.net\/arhiva\/wp-json\/wp\/v2\/media?parent=89567"}],"wp:term":[{"taxonomy":"category","embeddable":true,"href":"https:\/\/sandzakpress.net\/arhiva\/wp-json\/wp\/v2\/categories?post=89567"},{"taxonomy":"post_tag","embeddable":true,"href":"https:\/\/sandzakpress.net\/arhiva\/wp-json\/wp\/v2\/tags?post=89567"}],"curies":[{"name":"wp","href":"https:\/\/api.w.org\/{rel}","templated":true}]}}