{"id":89402,"date":"2013-10-03T13:58:42","date_gmt":"2013-10-03T11:58:42","guid":{"rendered":"https:\/\/sandzakpress.net\/arhiva\/?p=89402"},"modified":"2013-10-03T13:58:42","modified_gmt":"2013-10-03T11:58:42","slug":"razocarao-si-me-smutljivce","status":"publish","type":"post","link":"https:\/\/sandzakpress.net\/arhiva\/razocarao-si-me-smutljivce\/","title":{"rendered":"Razo\u010darao si me smutljiv\u010de"},"content":{"rendered":"<figure style=\"width: 217px\" class=\"wp-caption alignleft\"><a href=\"http:\/\/www.sbk.eu.com\/wp-content\/uploads\/2013\/10\/Suad-Zukorlic1.jpg\"><img loading=\"lazy\" decoding=\"async\" alt=\"Suad Zukorlic1\" src=\"http:\/\/www.sbk.eu.com\/wp-content\/uploads\/2013\/10\/Suad-Zukorlic1.jpg\" width=\"217\" height=\"239\" \/><\/a><figcaption class=\"wp-caption-text\">Autor: Suad Zukorli\u0107<\/figcaption><\/figure>\n<p>Euziubillahimine\u0161\u0161ejtanirrad\u017eim Bismillahirrahmanirrahim<\/p>\n<p>Elhamdulillahirabbilalemin Wes selatu wesselamu ala Sejjidina Muhammed,we ala alihi we sahbihi ed\u017emein<\/p>\n<p>Razo\u010darao si me smutljiv\u010de.<\/p>\n<p>Nedavno su novine Dnevni avaz objavile krajnje gnusan i provokativan tekst koji je imao za namjeru udariti na \u010dast i obraz Sand\u017ea\u010dkog Muftije Muamera ef. Zukorli\u0107a, te neistine su uzburkale osje\u0107anja Bo\u0161njaka \u0161irom svijeta. Zbog ovog su se \u0161irom bo\u0161nja\u010dkog svijeta podigli talasi srd\u017ebe, jedan za drugim. Svaki Bo\u0161njak reaguje na ovo. Jasno je za Bo\u0161njake da je ovo uvreda za cjelu naciju, mnogi pi\u0161u pisma i izra\u017eavaju svoju ljutnju.<\/p>\n<p>Iako je sloboda govora jedno od osnovnih prava \u010dovjeka, ovo pravo se ne smije zloupotrebljavati i mora imati neke granice. Kada se sloboda govora zloupotrijebi za omalova\u017eavanja vjerskih i nacionalnih lidera, njom se naru\u0161ava i sama sloboda. Duhovne i vjerske vrijednosti, postaju \u017ertva osobe koja koristi ovu slobodu za ostvarivanje svojih ciljeva. Dnevni Avaz su podr\u017eavaju\u0107i svoga vlasnika Fahrudina Radon\u010di\u0107a nastojale povrijediti i slobodu, naciju i vjeru koju predvodi Sand\u017ea\u010dki Muftija Muamer ef. Zukorli\u0107.<\/p>\n<p><img loading=\"lazy\" decoding=\"async\" class=\"alignright\" alt=\"130924063\" src=\"http:\/\/www.sandzaklive.rs\/images\/thumbnails\/images\/Ostalo\/130924063-410x305.jpg\" width=\"410\" height=\"305\" \/>Jedna od najneprihvatljivijih zavjera antibo\u0161nja\u010dkog lobija na Balkanu predstavlja vrije\u0111anje vjerskih i nacionalnih vo\u0111a. Razlozi napada na vjerske lidere, vjerske objekte i atentati na bo\u0161nja\u010dke mislioce imaju korjene u dalekoj historiji. Bez sumnje napadi koji su po\u010deli prije nekoliko stolje\u0107a nad Bo\u0161njacima, na\u017ealost, nastavljeni su danas u modernom svijetu. Scenario teksta uvrjedljivog sadr\u017eaja na ra\u010dun Sand\u017ea\u010dkog Muftije Zukorli\u0107a koju je napisao Dnevni avaz, ne predstavlja mi\u0161ljenje pojedinca ve\u0107 sugeriraju na kolektivne zavjere protiv Bo\u0161njaka na Balkanu,\u010diji je medijski pokrovitelj Fahrudin Radon\u010di\u0107 sa svojom privatnom antibo\u0161nja\u010dkom novinom. Ono \u0161to je najzanimljivije u neosnovanom omalova\u017eavanju Sand\u017ea\u010dkog Muftije Muamera ef. Zukorli\u0107a je svestrana podr\u0161ka pojedinih bo\u0161nja\u010dkih ministara i premijera dr\u017eava iz regiona Balkana, kojima o\u010dito smeta vizija i ideja o\u010duvanja bo\u0161nja\u010dkog jedinstva i islama kao vjere na Balkanu. Dok Muftija Muamer ef. Zukorli\u0107 \u010dasno i iskreno nosi amanet, Fahrudin Radon\u010di\u0107 i njegovi prijatelji sve ove godine, skrivaju\u0107i se iza la\u017enog patriotizma gomilaju svoje bogastvo na ne zakonit na\u010din. Okru\u017een zidinama u svom tornju \u201cAntiBo\u0161nja\u010dkog avaza\u201d Fahruidn Radon\u010di\u0107 je izgubio svaki osje\u0107aj za moral; nemoral je prihva\u0107en u ime slobode, a stid je potpuno nestao.<\/p>\n<p>Bo\u017ee sa\u010duvaj Bosnu od ovakvih \u0161ejtana !!!<\/p>\n<p>Suad Zukorlic Privrednik iz Kassela- Njema\u010dka<\/p>\n","protected":false},"excerpt":{"rendered":"<p>Suad Zukorli\u0107<\/p>\n","protected":false},"author":83,"featured_media":89403,"comment_status":"open","ping_status":"open","sticky":false,"template":"","format":"standard","meta":{"footnotes":""},"categories":[9538,10196],"tags":[10214,10375],"class_list":{"0":"post-89402","1":"post","2":"type-post","3":"status-publish","4":"format-standard","5":"has-post-thumbnail","7":"category-njemacka-dijaspora-gradovi-vase-vijesti","8":"category-iz-pera-nasih-autora","9":"tag-fahrudin-radoncic","10":"tag-suad-zukorlic"},"yoast_head":"<!-- This site is optimized with the Yoast SEO Premium plugin v23.1 (Yoast SEO v24.9) - https:\/\/yoast.com\/wordpress\/plugins\/seo\/ -->\n<title>Razo\u010darao si me smutljiv\u010de<\/title>\n<meta name=\"robots\" content=\"index, follow, max-snippet:-1, max-image-preview:large, max-video-preview:-1\" \/>\n<link rel=\"canonical\" href=\"https:\/\/sandzakpress.net\/arhiva\/razocarao-si-me-smutljivce\/\" \/>\n<meta property=\"og:locale\" content=\"bs_BA\" \/>\n<meta property=\"og:type\" content=\"article\" \/>\n<meta property=\"og:title\" content=\"Razo\u010darao si me smutljiv\u010de\" \/>\n<meta property=\"og:description\" content=\"Suad Zukorli\u0107\" \/>\n<meta property=\"og:url\" content=\"https:\/\/sandzakpress.net\/arhiva\/razocarao-si-me-smutljivce\/\" \/>\n<meta property=\"og:site_name\" content=\"Sand\u017eak PRESS\" \/>\n<meta property=\"article:published_time\" content=\"2013-10-03T11:58:42+00:00\" \/>\n<meta property=\"og:image\" content=\"https:\/\/sandzakpress.net\/arhiva\/wp-content\/uploads\/2013\/10\/Suad-Zukorlic1.jpg\" \/>\n\t<meta property=\"og:image:width\" content=\"217\" \/>\n\t<meta property=\"og:image:height\" content=\"239\" \/>\n\t<meta property=\"og:image:type\" content=\"image\/jpeg\" \/>\n<meta name=\"author\" content=\"bosniak\" \/>\n<meta name=\"twitter:card\" content=\"summary_large_image\" \/>\n<meta name=\"twitter:label1\" content=\"Written by\" \/>\n\t<meta name=\"twitter:data1\" content=\"bosniak\" \/>\n\t<meta name=\"twitter:label2\" content=\"Est. reading time\" \/>\n\t<meta name=\"twitter:data2\" content=\"2 minute\" \/>\n<script type=\"application\/ld+json\" class=\"yoast-schema-graph\">{\"@context\":\"https:\/\/schema.org\",\"@graph\":[{\"@type\":\"Article\",\"@id\":\"https:\/\/sandzakpress.net\/arhiva\/razocarao-si-me-smutljivce\/#article\",\"isPartOf\":{\"@id\":\"https:\/\/sandzakpress.net\/arhiva\/razocarao-si-me-smutljivce\/\"},\"author\":{\"name\":\"bosniak\",\"@id\":\"https:\/\/sandzakpress.net\/arhiva\/#\/schema\/person\/c8baee722073534b583ea7bdb2e36c02\"},\"headline\":\"Razo\u010darao si me smutljiv\u010de\",\"datePublished\":\"2013-10-03T11:58:42+00:00\",\"mainEntityOfPage\":{\"@id\":\"https:\/\/sandzakpress.net\/arhiva\/razocarao-si-me-smutljivce\/\"},\"wordCount\":442,\"commentCount\":4,\"publisher\":{\"@id\":\"https:\/\/sandzakpress.net\/arhiva\/#\/schema\/person\/6e72b67d6e51910a1117b3b483ba20bd\"},\"image\":{\"@id\":\"https:\/\/sandzakpress.net\/arhiva\/razocarao-si-me-smutljivce\/#primaryimage\"},\"thumbnailUrl\":\"https:\/\/sandzakpress.net\/arhiva\/wp-content\/uploads\/2013\/10\/Suad-Zukorlic1.jpg\",\"keywords\":[\"Fahrudin Radon\u010di\u0107\",\"Suad Zukorli\u0107\"],\"articleSection\":[\"Njema\u010dka\",\"Iz pera na\u0161ih autora\"],\"inLanguage\":\"bs-BA\",\"potentialAction\":[{\"@type\":\"CommentAction\",\"name\":\"Comment\",\"target\":[\"https:\/\/sandzakpress.net\/arhiva\/razocarao-si-me-smutljivce\/#respond\"]}]},{\"@type\":\"WebPage\",\"@id\":\"https:\/\/sandzakpress.net\/arhiva\/razocarao-si-me-smutljivce\/\",\"url\":\"https:\/\/sandzakpress.net\/arhiva\/razocarao-si-me-smutljivce\/\",\"name\":\"Razo\u010darao si me smutljiv\u010de\",\"isPartOf\":{\"@id\":\"https:\/\/sandzakpress.net\/arhiva\/#website\"},\"primaryImageOfPage\":{\"@id\":\"https:\/\/sandzakpress.net\/arhiva\/razocarao-si-me-smutljivce\/#primaryimage\"},\"image\":{\"@id\":\"https:\/\/sandzakpress.net\/arhiva\/razocarao-si-me-smutljivce\/#primaryimage\"},\"thumbnailUrl\":\"https:\/\/sandzakpress.net\/arhiva\/wp-content\/uploads\/2013\/10\/Suad-Zukorlic1.jpg\",\"datePublished\":\"2013-10-03T11:58:42+00:00\",\"breadcrumb\":{\"@id\":\"https:\/\/sandzakpress.net\/arhiva\/razocarao-si-me-smutljivce\/#breadcrumb\"},\"inLanguage\":\"bs-BA\",\"potentialAction\":[{\"@type\":\"ReadAction\",\"target\":[\"https:\/\/sandzakpress.net\/arhiva\/razocarao-si-me-smutljivce\/\"]}]},{\"@type\":\"ImageObject\",\"inLanguage\":\"bs-BA\",\"@id\":\"https:\/\/sandzakpress.net\/arhiva\/razocarao-si-me-smutljivce\/#primaryimage\",\"url\":\"https:\/\/sandzakpress.net\/arhiva\/wp-content\/uploads\/2013\/10\/Suad-Zukorlic1.jpg\",\"contentUrl\":\"https:\/\/sandzakpress.net\/arhiva\/wp-content\/uploads\/2013\/10\/Suad-Zukorlic1.jpg\",\"width\":217,\"height\":239},{\"@type\":\"BreadcrumbList\",\"@id\":\"https:\/\/sandzakpress.net\/arhiva\/razocarao-si-me-smutljivce\/#breadcrumb\",\"itemListElement\":[{\"@type\":\"ListItem\",\"position\":1,\"name\":\"Home\",\"item\":\"https:\/\/sandzakpress.net\/arhiva\/\"},{\"@type\":\"ListItem\",\"position\":2,\"name\":\"Razo\u010darao si me smutljiv\u010de\"}]},{\"@type\":\"WebSite\",\"@id\":\"https:\/\/sandzakpress.net\/arhiva\/#website\",\"url\":\"https:\/\/sandzakpress.net\/arhiva\/\",\"name\":\"Sand\u017eak PRESS\",\"description\":\"Prve elektronske novine u Sand\u017eaku\",\"publisher\":{\"@id\":\"https:\/\/sandzakpress.net\/arhiva\/#\/schema\/person\/6e72b67d6e51910a1117b3b483ba20bd\"},\"potentialAction\":[{\"@type\":\"SearchAction\",\"target\":{\"@type\":\"EntryPoint\",\"urlTemplate\":\"https:\/\/sandzakpress.net\/arhiva\/?s={search_term_string}\"},\"query-input\":{\"@type\":\"PropertyValueSpecification\",\"valueRequired\":true,\"valueName\":\"search_term_string\"}}],\"inLanguage\":\"bs-BA\"},{\"@type\":[\"Person\",\"Organization\"],\"@id\":\"https:\/\/sandzakpress.net\/arhiva\/#\/schema\/person\/6e72b67d6e51910a1117b3b483ba20bd\",\"name\":\"Kul\",\"image\":{\"@type\":\"ImageObject\",\"inLanguage\":\"bs-BA\",\"@id\":\"https:\/\/sandzakpress.net\/arhiva\/#\/schema\/person\/image\/\",\"url\":\"https:\/\/secure.gravatar.com\/avatar\/42263f39aa27ac04c43cab85c280eb2e?s=96&d=mm&r=pg\",\"contentUrl\":\"https:\/\/secure.gravatar.com\/avatar\/42263f39aa27ac04c43cab85c280eb2e?s=96&d=mm&r=pg\",\"caption\":\"Kul\"},\"logo\":{\"@id\":\"https:\/\/sandzakpress.net\/arhiva\/#\/schema\/person\/image\/\"}},{\"@type\":\"Person\",\"@id\":\"https:\/\/sandzakpress.net\/arhiva\/#\/schema\/person\/c8baee722073534b583ea7bdb2e36c02\",\"name\":\"bosniak\",\"image\":{\"@type\":\"ImageObject\",\"inLanguage\":\"bs-BA\",\"@id\":\"https:\/\/sandzakpress.net\/arhiva\/#\/schema\/person\/image\/\",\"url\":\"https:\/\/secure.gravatar.com\/avatar\/a04fd330bfe3a36a72a0ad4a6d89fca7?s=96&d=mm&r=pg\",\"contentUrl\":\"https:\/\/secure.gravatar.com\/avatar\/a04fd330bfe3a36a72a0ad4a6d89fca7?s=96&d=mm&r=pg\",\"caption\":\"bosniak\"},\"url\":\"https:\/\/sandzakpress.net\/arhiva\/author\/bosniak\/\"}]}<\/script>\n<!-- \/ Yoast SEO Premium plugin. -->","yoast_head_json":{"title":"Razo\u010darao si me smutljiv\u010de","robots":{"index":"index","follow":"follow","max-snippet":"max-snippet:-1","max-image-preview":"max-image-preview:large","max-video-preview":"max-video-preview:-1"},"canonical":"https:\/\/sandzakpress.net\/arhiva\/razocarao-si-me-smutljivce\/","og_locale":"bs_BA","og_type":"article","og_title":"Razo\u010darao si me smutljiv\u010de","og_description":"Suad Zukorli\u0107","og_url":"https:\/\/sandzakpress.net\/arhiva\/razocarao-si-me-smutljivce\/","og_site_name":"Sand\u017eak PRESS","article_published_time":"2013-10-03T11:58:42+00:00","og_image":[{"width":217,"height":239,"url":"https:\/\/sandzakpress.net\/arhiva\/wp-content\/uploads\/2013\/10\/Suad-Zukorlic1.jpg","type":"image\/jpeg"}],"author":"bosniak","twitter_card":"summary_large_image","twitter_misc":{"Written by":"bosniak","Est. reading time":"2 minute"},"schema":{"@context":"https:\/\/schema.org","@graph":[{"@type":"Article","@id":"https:\/\/sandzakpress.net\/arhiva\/razocarao-si-me-smutljivce\/#article","isPartOf":{"@id":"https:\/\/sandzakpress.net\/arhiva\/razocarao-si-me-smutljivce\/"},"author":{"name":"bosniak","@id":"https:\/\/sandzakpress.net\/arhiva\/#\/schema\/person\/c8baee722073534b583ea7bdb2e36c02"},"headline":"Razo\u010darao si me smutljiv\u010de","datePublished":"2013-10-03T11:58:42+00:00","mainEntityOfPage":{"@id":"https:\/\/sandzakpress.net\/arhiva\/razocarao-si-me-smutljivce\/"},"wordCount":442,"commentCount":4,"publisher":{"@id":"https:\/\/sandzakpress.net\/arhiva\/#\/schema\/person\/6e72b67d6e51910a1117b3b483ba20bd"},"image":{"@id":"https:\/\/sandzakpress.net\/arhiva\/razocarao-si-me-smutljivce\/#primaryimage"},"thumbnailUrl":"https:\/\/sandzakpress.net\/arhiva\/wp-content\/uploads\/2013\/10\/Suad-Zukorlic1.jpg","keywords":["Fahrudin Radon\u010di\u0107","Suad Zukorli\u0107"],"articleSection":["Njema\u010dka","Iz pera na\u0161ih autora"],"inLanguage":"bs-BA","potentialAction":[{"@type":"CommentAction","name":"Comment","target":["https:\/\/sandzakpress.net\/arhiva\/razocarao-si-me-smutljivce\/#respond"]}]},{"@type":"WebPage","@id":"https:\/\/sandzakpress.net\/arhiva\/razocarao-si-me-smutljivce\/","url":"https:\/\/sandzakpress.net\/arhiva\/razocarao-si-me-smutljivce\/","name":"Razo\u010darao si me smutljiv\u010de","isPartOf":{"@id":"https:\/\/sandzakpress.net\/arhiva\/#website"},"primaryImageOfPage":{"@id":"https:\/\/sandzakpress.net\/arhiva\/razocarao-si-me-smutljivce\/#primaryimage"},"image":{"@id":"https:\/\/sandzakpress.net\/arhiva\/razocarao-si-me-smutljivce\/#primaryimage"},"thumbnailUrl":"https:\/\/sandzakpress.net\/arhiva\/wp-content\/uploads\/2013\/10\/Suad-Zukorlic1.jpg","datePublished":"2013-10-03T11:58:42+00:00","breadcrumb":{"@id":"https:\/\/sandzakpress.net\/arhiva\/razocarao-si-me-smutljivce\/#breadcrumb"},"inLanguage":"bs-BA","potentialAction":[{"@type":"ReadAction","target":["https:\/\/sandzakpress.net\/arhiva\/razocarao-si-me-smutljivce\/"]}]},{"@type":"ImageObject","inLanguage":"bs-BA","@id":"https:\/\/sandzakpress.net\/arhiva\/razocarao-si-me-smutljivce\/#primaryimage","url":"https:\/\/sandzakpress.net\/arhiva\/wp-content\/uploads\/2013\/10\/Suad-Zukorlic1.jpg","contentUrl":"https:\/\/sandzakpress.net\/arhiva\/wp-content\/uploads\/2013\/10\/Suad-Zukorlic1.jpg","width":217,"height":239},{"@type":"BreadcrumbList","@id":"https:\/\/sandzakpress.net\/arhiva\/razocarao-si-me-smutljivce\/#breadcrumb","itemListElement":[{"@type":"ListItem","position":1,"name":"Home","item":"https:\/\/sandzakpress.net\/arhiva\/"},{"@type":"ListItem","position":2,"name":"Razo\u010darao si me smutljiv\u010de"}]},{"@type":"WebSite","@id":"https:\/\/sandzakpress.net\/arhiva\/#website","url":"https:\/\/sandzakpress.net\/arhiva\/","name":"Sand\u017eak PRESS","description":"Prve elektronske novine u Sand\u017eaku","publisher":{"@id":"https:\/\/sandzakpress.net\/arhiva\/#\/schema\/person\/6e72b67d6e51910a1117b3b483ba20bd"},"potentialAction":[{"@type":"SearchAction","target":{"@type":"EntryPoint","urlTemplate":"https:\/\/sandzakpress.net\/arhiva\/?s={search_term_string}"},"query-input":{"@type":"PropertyValueSpecification","valueRequired":true,"valueName":"search_term_string"}}],"inLanguage":"bs-BA"},{"@type":["Person","Organization"],"@id":"https:\/\/sandzakpress.net\/arhiva\/#\/schema\/person\/6e72b67d6e51910a1117b3b483ba20bd","name":"Kul","image":{"@type":"ImageObject","inLanguage":"bs-BA","@id":"https:\/\/sandzakpress.net\/arhiva\/#\/schema\/person\/image\/","url":"https:\/\/secure.gravatar.com\/avatar\/42263f39aa27ac04c43cab85c280eb2e?s=96&d=mm&r=pg","contentUrl":"https:\/\/secure.gravatar.com\/avatar\/42263f39aa27ac04c43cab85c280eb2e?s=96&d=mm&r=pg","caption":"Kul"},"logo":{"@id":"https:\/\/sandzakpress.net\/arhiva\/#\/schema\/person\/image\/"}},{"@type":"Person","@id":"https:\/\/sandzakpress.net\/arhiva\/#\/schema\/person\/c8baee722073534b583ea7bdb2e36c02","name":"bosniak","image":{"@type":"ImageObject","inLanguage":"bs-BA","@id":"https:\/\/sandzakpress.net\/arhiva\/#\/schema\/person\/image\/","url":"https:\/\/secure.gravatar.com\/avatar\/a04fd330bfe3a36a72a0ad4a6d89fca7?s=96&d=mm&r=pg","contentUrl":"https:\/\/secure.gravatar.com\/avatar\/a04fd330bfe3a36a72a0ad4a6d89fca7?s=96&d=mm&r=pg","caption":"bosniak"},"url":"https:\/\/sandzakpress.net\/arhiva\/author\/bosniak\/"}]}},"_links":{"self":[{"href":"https:\/\/sandzakpress.net\/arhiva\/wp-json\/wp\/v2\/posts\/89402"}],"collection":[{"href":"https:\/\/sandzakpress.net\/arhiva\/wp-json\/wp\/v2\/posts"}],"about":[{"href":"https:\/\/sandzakpress.net\/arhiva\/wp-json\/wp\/v2\/types\/post"}],"author":[{"embeddable":true,"href":"https:\/\/sandzakpress.net\/arhiva\/wp-json\/wp\/v2\/users\/83"}],"replies":[{"embeddable":true,"href":"https:\/\/sandzakpress.net\/arhiva\/wp-json\/wp\/v2\/comments?post=89402"}],"version-history":[{"count":0,"href":"https:\/\/sandzakpress.net\/arhiva\/wp-json\/wp\/v2\/posts\/89402\/revisions"}],"wp:featuredmedia":[{"embeddable":true,"href":"https:\/\/sandzakpress.net\/arhiva\/wp-json\/wp\/v2\/media\/89403"}],"wp:attachment":[{"href":"https:\/\/sandzakpress.net\/arhiva\/wp-json\/wp\/v2\/media?parent=89402"}],"wp:term":[{"taxonomy":"category","embeddable":true,"href":"https:\/\/sandzakpress.net\/arhiva\/wp-json\/wp\/v2\/categories?post=89402"},{"taxonomy":"post_tag","embeddable":true,"href":"https:\/\/sandzakpress.net\/arhiva\/wp-json\/wp\/v2\/tags?post=89402"}],"curies":[{"name":"wp","href":"https:\/\/api.w.org\/{rel}","templated":true}]}}