{"id":89332,"date":"2013-10-02T21:24:18","date_gmt":"2013-10-02T19:24:18","guid":{"rendered":"https:\/\/sandzakpress.net\/arhiva\/?p=89332"},"modified":"2013-10-02T21:24:18","modified_gmt":"2013-10-02T19:24:18","slug":"takmicenje-ucaca-kurana-u-zagrebu-nuhambasic-i-latifovic-iz-sandzaka-osvojili-nagrade","status":"publish","type":"post","link":"https:\/\/sandzakpress.net\/arhiva\/takmicenje-ucaca-kurana-u-zagrebu-nuhambasic-i-latifovic-iz-sandzaka-osvojili-nagrade\/","title":{"rendered":"Takmi\u010denje u\u010da\u010da Kur'ana u Zagrebu: Nuhamba\u0161i\u0107 i Latifovi\u0107 iz Sand\u017eaka osvojili nagrade"},"content":{"rendered":"<p><strong><a href=\"https:\/\/sandzakpress.net\/arhiva\/wp-content\/uploads\/2013\/10\/takmicenje-zagreb.jpg\"><img loading=\"lazy\" decoding=\"async\" class=\"alignleft size-medium wp-image-89333\" alt=\"takmicenje zagreb\" src=\"https:\/\/sandzakpress.net\/arhiva\/wp-content\/uploads\/2013\/10\/takmicenje-zagreb-300x200.jpg\" width=\"300\" height=\"200\" \/><\/a>Novi Pazar, Hrvatska &#8211; Me\u0161ihat Islamske zajednice u Hrvatskoj, Med\u017elis Islamske zajednice Zagreb, Svjetska organizacija za hifz iz D\u017eidde (Saudijska Arabija) i Ministarstvo vakufa \u00a0dr\u017eave Katar povodom 26. obljetnice sve\u010danog otvorenja Zagreba\u010dke d\u017eamije organizirali su 20. Europsko natjecanje u\u010da\u010da Kur\u2019ana (daklem, jubilearno). Natjecanje je odr\u017eano 27. i 28. rujna 2013. u Zagreba\u010dkoj d\u017eamiji, a sve\u010danost otvorenja uprili\u010dena je u \u010detvrtak 26. rujna, poslije ak\u0161am namaza, u Kongresnoj dvorani \u201eHad\u017ei Salim \u0160abi\u0107\u201c. \u00a0Sve\u010danom otvorenju prisustvovali su mnogi ugledni gosti iz vjerskog, kulturnog i politi\u010dkog \u017eivota grada Zagreba i Hrvatske, kao i predstavnici diplomatskog kora iz muslimanskih\/islamskih zemalja akreditiranih u Zagrebu.<\/strong><\/p>\n<p>Natjecanje je zavr\u0161eno u subotu, 28. rujna, progla\u0161enjem pobjednika i tradicionalnim Velikim mevludom na arapskom, bosanskom, albanskom i turskom jeziku, kojega su izveli svi natjecatelji.<\/p>\n<p>Pobjednike je odredila Ocjenjiva\u010dka komisija sastavljena od \u0161estorice hafiza: kurra hfz. Aziz Alili, predsjednik (Hrvatska), hfz. Mensur Malki\u0107 (BiH), kurra hfz. Farid Ouyalize (Francuska), kurra hfz. Bargouth Abdullah Al-Muhib (Saudijska Arabija), kurra hfz. Selman Okomu\u015f (Turska) i kurra\u00a0hfz. Bajram Ajeti (Makedonija).<\/p>\n<p>Ukupni pobjednik 20. Europskog natjecanja u\u010da\u010da Kur\u2019ana je Ahmet Sar\u0131kaya (TURSKA), koji je pobijedio \u00a0u kategoriji Hifza cijelog Kur\u2019ana. On je dobio nagradu \u00a0putovanje na had\u017e kao i\u00a0nagradu i plaketu \u201eHad\u017ei Fadil Fazli\u0107. Nagradu putovanja na had\u017e dobio je i njegov muhafiz\u00a0kurra hfz. Selman Okomu\u015f.<\/p>\n<h1>POBJEDNICI PO KATEGORIJAMA<\/h1>\n<h3>KATEGORIJA \u2013 HIFZ CIJELOG KUR\u2019ANA<\/h3>\n<p><img loading=\"lazy\" decoding=\"async\" alt=\"IMG_9983\" src=\"http:\/\/islamska-zajednica.hr\/wp-content\/uploads\/2013\/09\/IMG_9983-e1380449385622.jpg\" width=\"600\" height=\"407\" \/><br \/>\n1. Ahmet Sar\u0131kaya (TURSKA) 98,50 bodova<\/p>\n<p><a href=\"http:\/\/islamska-zajednica.hr\/wp-content\/uploads\/2013\/09\/IMG_9980-e1380449359545.jpg\"><img loading=\"lazy\" decoding=\"async\" alt=\"IMG_9980\" src=\"http:\/\/islamska-zajednica.hr\/wp-content\/uploads\/2013\/09\/IMG_9980-e1380449359545.jpg\" width=\"600\" height=\"434\" \/><br \/>\n<\/a>2. Emrah Litri\u0107 (BIH) 95,00 bodova<\/p>\n<div align=\"center\">\n<p><a href=\"http:\/\/islamska-zajednica.hr\/wp-content\/uploads\/2013\/09\/IMG_9979-e1380621528786.jpg\"><img loading=\"lazy\" decoding=\"async\" title=\"IMG_9979\" alt=\"IMG_9979\" src=\"http:\/\/islamska-zajednica.hr\/wp-content\/uploads\/2013\/09\/IMG_9979-e1380621528786.jpg\" width=\"600\" height=\"496\" \/><\/a><\/p>\n<\/div>\n<p><a href=\"http:\/\/islamska-zajednica.hr\/wp-content\/uploads\/2013\/09\/IMG_9983-e1380449385622.jpg\">3. Omar Mukhtar (NIZOZEMSKA) 94,50<\/a>\u00a0bodova<\/p>\n<h3>KATEGORIJA \u2013 HIFZ 15 D\u017dUZEVA<\/h3>\n<p>&nbsp;<\/p>\n<p><a href=\"http:\/\/islamska-zajednica.hr\/wp-content\/uploads\/2013\/09\/IMG_9972-e1380450323892.jpg\"><img loading=\"lazy\" decoding=\"async\" title=\"IMG_9972\" alt=\"IMG_9972\" src=\"http:\/\/islamska-zajednica.hr\/wp-content\/uploads\/2013\/09\/IMG_9972-e1380622892306.jpg\" width=\"600\" height=\"396\" \/><\/a><\/p>\n<p>1. Imad Laouani (FRANCUSKA)<strong>\u00a0<\/strong>93,00 bodova<\/p>\n<p><a href=\"http:\/\/islamska-zajednica.hr\/wp-content\/uploads\/2013\/09\/IMG_9970.jpg\"><img loading=\"lazy\" decoding=\"async\" alt=\"IMG_9970\" src=\"http:\/\/islamska-zajednica.hr\/wp-content\/uploads\/2013\/09\/IMG_9970-e1380450249836.jpg\" width=\"600\" height=\"472\" \/><br \/>\n<\/a><\/p>\n<p>2. Boochahba Mohamed (BELGIJA) 91,33 bodova<\/p>\n<p><a href=\"http:\/\/islamska-zajednica.hr\/wp-content\/uploads\/2013\/09\/IMG_9967.jpg\"><img loading=\"lazy\" decoding=\"async\" alt=\"IMG_9967\" src=\"http:\/\/islamska-zajednica.hr\/wp-content\/uploads\/2013\/09\/IMG_9967-e1380450157592.jpg\" width=\"600\" height=\"459\" \/><br \/>\n<\/a><\/p>\n<p>3. Jusuf Be\u0107oja (BIH)<strong>\u00a0<\/strong>89,00 bodova<\/p>\n<h3>KATEGORIJA \u2013 HIFZ 5 D\u017dUZEVA<\/h3>\n<p align=\"center\"><a href=\"http:\/\/islamska-zajednica.hr\/wp-content\/uploads\/2013\/09\/IMG_9965.jpg\"><img loading=\"lazy\" decoding=\"async\" alt=\"IMG_9965\" src=\"http:\/\/islamska-zajednica.hr\/wp-content\/uploads\/2013\/09\/IMG_9965-e1380451003165.jpg\" width=\"600\" height=\"423\" \/><br \/>\n<\/a><\/p>\n<p align=\"center\">1. Ammar Nuhamba\u0161i\u0107 (SRBIJA) 94,50 bodova<\/p>\n<p align=\"center\"><img loading=\"lazy\" decoding=\"async\" title=\"IMG_9964\" alt=\"IMG_9964\" src=\"http:\/\/islamska-zajednica.hr\/wp-content\/uploads\/2013\/09\/IMG_9964-e1380622435823.jpg\" width=\"600\" height=\"400\" \/><\/p>\n<p align=\"center\">2. Ibrahim Ramizi (MAKEDONIJA) 92,17 bodova<\/p>\n<p>&nbsp;<\/p>\n<p><a href=\"http:\/\/islamska-zajednica.hr\/wp-content\/uploads\/2013\/09\/IMG_9961.jpg\"><img loading=\"lazy\" decoding=\"async\" alt=\"IMG_9961\" src=\"http:\/\/islamska-zajednica.hr\/wp-content\/uploads\/2013\/09\/IMG_9961-e1380450802409.jpg\" width=\"600\" height=\"400\" \/><br \/>\n<\/a>3. Harun \u010corbo (BIH) 91,00 bodova<\/p>\n<h3>KATEGORIJA \u00a0&#8211; TILAVET<\/h3>\n<p><a href=\"http:\/\/islamska-zajednica.hr\/wp-content\/uploads\/2013\/09\/IMG_9960-e1380453235635.jpg\"><img loading=\"lazy\" decoding=\"async\" title=\"IMG_9960\" alt=\"IMG_9960\" src=\"http:\/\/islamska-zajednica.hr\/wp-content\/uploads\/2013\/09\/IMG_9960-e1380622054786.jpg\" width=\"600\" height=\"400\" \/><\/a><\/p>\n<p>1. Abderrahmane Toukane (ITALIJA) 97,33 bodova<\/p>\n<div align=\"center\"><img loading=\"lazy\" decoding=\"async\" alt=\"IMG_9958\" src=\"http:\/\/islamska-zajednica.hr\/wp-content\/uploads\/2013\/09\/IMG_9958-e1380453208672.jpg\" width=\"600\" height=\"400\" \/><\/div>\n<p>2. Furkan \u00c7\u0131nar (TURSKA) 97,00 bodova<\/p>\n<p><a href=\"http:\/\/islamska-zajednica.hr\/wp-content\/uploads\/2013\/09\/IMG_9957.jpg\"><img loading=\"lazy\" decoding=\"async\" alt=\"IMG_9957\" src=\"http:\/\/islamska-zajednica.hr\/wp-content\/uploads\/2013\/09\/IMG_9957-e1380453185562.jpg\" width=\"600\" height=\"400\" \/><br \/>\n<\/a>3. Ensar Latifovi\u0107 (SRBIJA) 92,00 bodova<\/p>\n<h3>KATEGORIJA \u00a0&#8211; TILAVET MEDRESA<\/h3>\n<p>&nbsp;<\/p>\n<div align=\"center\"><img loading=\"lazy\" decoding=\"async\" title=\"IMG_9956\" alt=\"IMG_9956\" src=\"http:\/\/islamska-zajednica.hr\/wp-content\/uploads\/2013\/09\/IMG_9956-e1380525798995.jpg\" width=\"600\" height=\"400\" \/><\/p>\n<p>1. Ahmed Alili (ISLAMSKA GIMNAZIJA DR. AHMEDA SMAJLOVI\u0106A \u2013 ZAGREB) 95,67 bodova<\/p><\/div>\n<div align=\"center\"><\/div>\n<p><a href=\"http:\/\/islamska-zajednica.hr\/wp-content\/uploads\/2013\/09\/IMG_9952.jpg\"><img loading=\"lazy\" decoding=\"async\" alt=\"IMG_9952\" src=\"http:\/\/islamska-zajednica.hr\/wp-content\/uploads\/2013\/09\/IMG_9952-e1380453717348.jpg\" width=\"600\" height=\"400\" \/><\/a><\/p>\n<p>2. Behija Spahi\u0107 (BEHRAMBEGOVA MEDRESA \u2013 TUZLA) 88,67 bodova<\/p>\n<p>&nbsp;<\/p>\n<p><a href=\"http:\/\/islamska-zajednica.hr\/wp-content\/uploads\/2013\/09\/IMG_9951.jpg\"><img loading=\"lazy\" decoding=\"async\" alt=\"IMG_9951\" src=\"http:\/\/islamska-zajednica.hr\/wp-content\/uploads\/2013\/09\/IMG_9951-e1380453686137.jpg\" width=\"600\" height=\"400\" \/><\/a><\/p>\n<p>3. Abdulatif Muhamed (GAZI HUSREV BEGOVA MEDRESA \u2013 SARAJ) 87,00 bodova<\/p>\n<p>(mesihat)<\/p>\n","protected":false},"excerpt":{"rendered":"<p>Novi Pazar, Hrvatska &#8211; Me\u0161ihat Islamske zajednice u Hrvatskoj, Med\u017elis Islamske zajednice Zagreb, Svjetska organizacija za hifz iz D\u017eidde (Saudijska Arabija) i Ministarstvo vakufa \u00a0dr\u017eave Katar povodom 26. obljetnice sve\u010danog otvorenja Zagreba\u010dke d\u017eamije organizirali su 20. Europsko natjecanje u\u010da\u010da Kur\u2019ana (daklem, jubilearno). Natjecanje je odr\u017eano 27. i 28. rujna 2013. u Zagreba\u010dkoj d\u017eamiji, a sve\u010danost [&hellip;]<\/p>\n","protected":false},"author":83,"featured_media":89334,"comment_status":"open","ping_status":"open","sticky":false,"template":"","format":"standard","meta":{"footnotes":""},"categories":[72,802,10306],"tags":[],"class_list":{"0":"post-89332","1":"post","2":"type-post","3":"status-publish","4":"format-standard","5":"has-post-thumbnail","7":"category-novi-pazar","8":"category-islamska_zajednica","9":"category-hrvatska"},"yoast_head":"<!-- This site is optimized with the Yoast SEO Premium plugin v23.1 (Yoast SEO v24.9) - https:\/\/yoast.com\/wordpress\/plugins\/seo\/ -->\n<title>Takmi\u010denje u\u010da\u010da Kur&#039;ana u Zagrebu: Nuhamba\u0161i\u0107 i Latifovi\u0107 iz Sand\u017eaka osvojili nagrade<\/title>\n<meta name=\"robots\" content=\"index, follow, max-snippet:-1, max-image-preview:large, max-video-preview:-1\" \/>\n<link rel=\"canonical\" href=\"https:\/\/sandzakpress.net\/arhiva\/takmicenje-ucaca-kurana-u-zagrebu-nuhambasic-i-latifovic-iz-sandzaka-osvojili-nagrade\/\" \/>\n<meta property=\"og:locale\" content=\"bs_BA\" \/>\n<meta property=\"og:type\" content=\"article\" \/>\n<meta property=\"og:title\" content=\"Takmi\u010denje u\u010da\u010da Kur&#039;ana u Zagrebu: Nuhamba\u0161i\u0107 i Latifovi\u0107 iz Sand\u017eaka osvojili nagrade\" \/>\n<meta property=\"og:description\" content=\"Novi Pazar, Hrvatska &#8211; Me\u0161ihat Islamske zajednice u Hrvatskoj, Med\u017elis Islamske zajednice Zagreb, Svjetska organizacija za hifz iz D\u017eidde (Saudijska Arabija) i Ministarstvo vakufa \u00a0dr\u017eave Katar povodom 26. obljetnice sve\u010danog otvorenja Zagreba\u010dke d\u017eamije organizirali su 20. Europsko natjecanje u\u010da\u010da Kur\u2019ana (daklem, jubilearno). Natjecanje je odr\u017eano 27. i 28. rujna 2013. u Zagreba\u010dkoj d\u017eamiji, a sve\u010danost [&hellip;]\" \/>\n<meta property=\"og:url\" content=\"https:\/\/sandzakpress.net\/arhiva\/takmicenje-ucaca-kurana-u-zagrebu-nuhambasic-i-latifovic-iz-sandzaka-osvojili-nagrade\/\" \/>\n<meta property=\"og:site_name\" content=\"Sand\u017eak PRESS\" \/>\n<meta property=\"article:published_time\" content=\"2013-10-02T19:24:18+00:00\" \/>\n<meta property=\"og:image\" content=\"https:\/\/sandzakpress.net\/arhiva\/wp-content\/uploads\/2013\/10\/takmicenje-zagreb-300x2001.jpg\" \/>\n\t<meta property=\"og:image:width\" content=\"300\" \/>\n\t<meta property=\"og:image:height\" content=\"200\" \/>\n\t<meta property=\"og:image:type\" content=\"image\/jpeg\" \/>\n<meta name=\"author\" content=\"bosniak\" \/>\n<meta name=\"twitter:card\" content=\"summary_large_image\" \/>\n<meta name=\"twitter:label1\" content=\"Written by\" \/>\n\t<meta name=\"twitter:data1\" content=\"bosniak\" \/>\n\t<meta name=\"twitter:label2\" content=\"Est. reading time\" \/>\n\t<meta name=\"twitter:data2\" content=\"2 minute\" \/>\n<script type=\"application\/ld+json\" class=\"yoast-schema-graph\">{\"@context\":\"https:\/\/schema.org\",\"@graph\":[{\"@type\":\"Article\",\"@id\":\"https:\/\/sandzakpress.net\/arhiva\/takmicenje-ucaca-kurana-u-zagrebu-nuhambasic-i-latifovic-iz-sandzaka-osvojili-nagrade\/#article\",\"isPartOf\":{\"@id\":\"https:\/\/sandzakpress.net\/arhiva\/takmicenje-ucaca-kurana-u-zagrebu-nuhambasic-i-latifovic-iz-sandzaka-osvojili-nagrade\/\"},\"author\":{\"name\":\"bosniak\",\"@id\":\"https:\/\/sandzakpress.net\/arhiva\/#\/schema\/person\/c8baee722073534b583ea7bdb2e36c02\"},\"headline\":\"Takmi\u010denje u\u010da\u010da Kur'ana u Zagrebu: Nuhamba\u0161i\u0107 i Latifovi\u0107 iz Sand\u017eaka osvojili nagrade\",\"datePublished\":\"2013-10-02T19:24:18+00:00\",\"mainEntityOfPage\":{\"@id\":\"https:\/\/sandzakpress.net\/arhiva\/takmicenje-ucaca-kurana-u-zagrebu-nuhambasic-i-latifovic-iz-sandzaka-osvojili-nagrade\/\"},\"wordCount\":355,\"commentCount\":0,\"publisher\":{\"@id\":\"https:\/\/sandzakpress.net\/arhiva\/#\/schema\/person\/6e72b67d6e51910a1117b3b483ba20bd\"},\"image\":{\"@id\":\"https:\/\/sandzakpress.net\/arhiva\/takmicenje-ucaca-kurana-u-zagrebu-nuhambasic-i-latifovic-iz-sandzaka-osvojili-nagrade\/#primaryimage\"},\"thumbnailUrl\":\"https:\/\/sandzakpress.net\/arhiva\/wp-content\/uploads\/2013\/10\/takmicenje-zagreb-300x2001.jpg\",\"articleSection\":[\"Novi Pazar\",\"Islamska zajednica\",\"Hrvatska\"],\"inLanguage\":\"bs-BA\",\"potentialAction\":[{\"@type\":\"CommentAction\",\"name\":\"Comment\",\"target\":[\"https:\/\/sandzakpress.net\/arhiva\/takmicenje-ucaca-kurana-u-zagrebu-nuhambasic-i-latifovic-iz-sandzaka-osvojili-nagrade\/#respond\"]}]},{\"@type\":\"WebPage\",\"@id\":\"https:\/\/sandzakpress.net\/arhiva\/takmicenje-ucaca-kurana-u-zagrebu-nuhambasic-i-latifovic-iz-sandzaka-osvojili-nagrade\/\",\"url\":\"https:\/\/sandzakpress.net\/arhiva\/takmicenje-ucaca-kurana-u-zagrebu-nuhambasic-i-latifovic-iz-sandzaka-osvojili-nagrade\/\",\"name\":\"Takmi\u010denje u\u010da\u010da Kur'ana u Zagrebu: Nuhamba\u0161i\u0107 i Latifovi\u0107 iz Sand\u017eaka osvojili nagrade\",\"isPartOf\":{\"@id\":\"https:\/\/sandzakpress.net\/arhiva\/#website\"},\"primaryImageOfPage\":{\"@id\":\"https:\/\/sandzakpress.net\/arhiva\/takmicenje-ucaca-kurana-u-zagrebu-nuhambasic-i-latifovic-iz-sandzaka-osvojili-nagrade\/#primaryimage\"},\"image\":{\"@id\":\"https:\/\/sandzakpress.net\/arhiva\/takmicenje-ucaca-kurana-u-zagrebu-nuhambasic-i-latifovic-iz-sandzaka-osvojili-nagrade\/#primaryimage\"},\"thumbnailUrl\":\"https:\/\/sandzakpress.net\/arhiva\/wp-content\/uploads\/2013\/10\/takmicenje-zagreb-300x2001.jpg\",\"datePublished\":\"2013-10-02T19:24:18+00:00\",\"breadcrumb\":{\"@id\":\"https:\/\/sandzakpress.net\/arhiva\/takmicenje-ucaca-kurana-u-zagrebu-nuhambasic-i-latifovic-iz-sandzaka-osvojili-nagrade\/#breadcrumb\"},\"inLanguage\":\"bs-BA\",\"potentialAction\":[{\"@type\":\"ReadAction\",\"target\":[\"https:\/\/sandzakpress.net\/arhiva\/takmicenje-ucaca-kurana-u-zagrebu-nuhambasic-i-latifovic-iz-sandzaka-osvojili-nagrade\/\"]}]},{\"@type\":\"ImageObject\",\"inLanguage\":\"bs-BA\",\"@id\":\"https:\/\/sandzakpress.net\/arhiva\/takmicenje-ucaca-kurana-u-zagrebu-nuhambasic-i-latifovic-iz-sandzaka-osvojili-nagrade\/#primaryimage\",\"url\":\"https:\/\/sandzakpress.net\/arhiva\/wp-content\/uploads\/2013\/10\/takmicenje-zagreb-300x2001.jpg\",\"contentUrl\":\"https:\/\/sandzakpress.net\/arhiva\/wp-content\/uploads\/2013\/10\/takmicenje-zagreb-300x2001.jpg\",\"width\":300,\"height\":200},{\"@type\":\"BreadcrumbList\",\"@id\":\"https:\/\/sandzakpress.net\/arhiva\/takmicenje-ucaca-kurana-u-zagrebu-nuhambasic-i-latifovic-iz-sandzaka-osvojili-nagrade\/#breadcrumb\",\"itemListElement\":[{\"@type\":\"ListItem\",\"position\":1,\"name\":\"Home\",\"item\":\"https:\/\/sandzakpress.net\/arhiva\/\"},{\"@type\":\"ListItem\",\"position\":2,\"name\":\"Takmi\u010denje u\u010da\u010da Kur'ana u Zagrebu: Nuhamba\u0161i\u0107 i Latifovi\u0107 iz Sand\u017eaka osvojili nagrade\"}]},{\"@type\":\"WebSite\",\"@id\":\"https:\/\/sandzakpress.net\/arhiva\/#website\",\"url\":\"https:\/\/sandzakpress.net\/arhiva\/\",\"name\":\"Sand\u017eak PRESS\",\"description\":\"Prve elektronske novine u Sand\u017eaku\",\"publisher\":{\"@id\":\"https:\/\/sandzakpress.net\/arhiva\/#\/schema\/person\/6e72b67d6e51910a1117b3b483ba20bd\"},\"potentialAction\":[{\"@type\":\"SearchAction\",\"target\":{\"@type\":\"EntryPoint\",\"urlTemplate\":\"https:\/\/sandzakpress.net\/arhiva\/?s={search_term_string}\"},\"query-input\":{\"@type\":\"PropertyValueSpecification\",\"valueRequired\":true,\"valueName\":\"search_term_string\"}}],\"inLanguage\":\"bs-BA\"},{\"@type\":[\"Person\",\"Organization\"],\"@id\":\"https:\/\/sandzakpress.net\/arhiva\/#\/schema\/person\/6e72b67d6e51910a1117b3b483ba20bd\",\"name\":\"Kul\",\"image\":{\"@type\":\"ImageObject\",\"inLanguage\":\"bs-BA\",\"@id\":\"https:\/\/sandzakpress.net\/arhiva\/#\/schema\/person\/image\/\",\"url\":\"https:\/\/secure.gravatar.com\/avatar\/42263f39aa27ac04c43cab85c280eb2e?s=96&d=mm&r=pg\",\"contentUrl\":\"https:\/\/secure.gravatar.com\/avatar\/42263f39aa27ac04c43cab85c280eb2e?s=96&d=mm&r=pg\",\"caption\":\"Kul\"},\"logo\":{\"@id\":\"https:\/\/sandzakpress.net\/arhiva\/#\/schema\/person\/image\/\"}},{\"@type\":\"Person\",\"@id\":\"https:\/\/sandzakpress.net\/arhiva\/#\/schema\/person\/c8baee722073534b583ea7bdb2e36c02\",\"name\":\"bosniak\",\"image\":{\"@type\":\"ImageObject\",\"inLanguage\":\"bs-BA\",\"@id\":\"https:\/\/sandzakpress.net\/arhiva\/#\/schema\/person\/image\/\",\"url\":\"https:\/\/secure.gravatar.com\/avatar\/a04fd330bfe3a36a72a0ad4a6d89fca7?s=96&d=mm&r=pg\",\"contentUrl\":\"https:\/\/secure.gravatar.com\/avatar\/a04fd330bfe3a36a72a0ad4a6d89fca7?s=96&d=mm&r=pg\",\"caption\":\"bosniak\"},\"url\":\"https:\/\/sandzakpress.net\/arhiva\/author\/bosniak\/\"}]}<\/script>\n<!-- \/ Yoast SEO Premium plugin. -->","yoast_head_json":{"title":"Takmi\u010denje u\u010da\u010da Kur'ana u Zagrebu: Nuhamba\u0161i\u0107 i Latifovi\u0107 iz Sand\u017eaka osvojili nagrade","robots":{"index":"index","follow":"follow","max-snippet":"max-snippet:-1","max-image-preview":"max-image-preview:large","max-video-preview":"max-video-preview:-1"},"canonical":"https:\/\/sandzakpress.net\/arhiva\/takmicenje-ucaca-kurana-u-zagrebu-nuhambasic-i-latifovic-iz-sandzaka-osvojili-nagrade\/","og_locale":"bs_BA","og_type":"article","og_title":"Takmi\u010denje u\u010da\u010da Kur'ana u Zagrebu: Nuhamba\u0161i\u0107 i Latifovi\u0107 iz Sand\u017eaka osvojili nagrade","og_description":"Novi Pazar, Hrvatska &#8211; Me\u0161ihat Islamske zajednice u Hrvatskoj, Med\u017elis Islamske zajednice Zagreb, Svjetska organizacija za hifz iz D\u017eidde (Saudijska Arabija) i Ministarstvo vakufa \u00a0dr\u017eave Katar povodom 26. obljetnice sve\u010danog otvorenja Zagreba\u010dke d\u017eamije organizirali su 20. Europsko natjecanje u\u010da\u010da Kur\u2019ana (daklem, jubilearno). Natjecanje je odr\u017eano 27. i 28. rujna 2013. u Zagreba\u010dkoj d\u017eamiji, a sve\u010danost [&hellip;]","og_url":"https:\/\/sandzakpress.net\/arhiva\/takmicenje-ucaca-kurana-u-zagrebu-nuhambasic-i-latifovic-iz-sandzaka-osvojili-nagrade\/","og_site_name":"Sand\u017eak PRESS","article_published_time":"2013-10-02T19:24:18+00:00","og_image":[{"width":300,"height":200,"url":"https:\/\/sandzakpress.net\/arhiva\/wp-content\/uploads\/2013\/10\/takmicenje-zagreb-300x2001.jpg","type":"image\/jpeg"}],"author":"bosniak","twitter_card":"summary_large_image","twitter_misc":{"Written by":"bosniak","Est. reading time":"2 minute"},"schema":{"@context":"https:\/\/schema.org","@graph":[{"@type":"Article","@id":"https:\/\/sandzakpress.net\/arhiva\/takmicenje-ucaca-kurana-u-zagrebu-nuhambasic-i-latifovic-iz-sandzaka-osvojili-nagrade\/#article","isPartOf":{"@id":"https:\/\/sandzakpress.net\/arhiva\/takmicenje-ucaca-kurana-u-zagrebu-nuhambasic-i-latifovic-iz-sandzaka-osvojili-nagrade\/"},"author":{"name":"bosniak","@id":"https:\/\/sandzakpress.net\/arhiva\/#\/schema\/person\/c8baee722073534b583ea7bdb2e36c02"},"headline":"Takmi\u010denje u\u010da\u010da Kur'ana u Zagrebu: Nuhamba\u0161i\u0107 i Latifovi\u0107 iz Sand\u017eaka osvojili nagrade","datePublished":"2013-10-02T19:24:18+00:00","mainEntityOfPage":{"@id":"https:\/\/sandzakpress.net\/arhiva\/takmicenje-ucaca-kurana-u-zagrebu-nuhambasic-i-latifovic-iz-sandzaka-osvojili-nagrade\/"},"wordCount":355,"commentCount":0,"publisher":{"@id":"https:\/\/sandzakpress.net\/arhiva\/#\/schema\/person\/6e72b67d6e51910a1117b3b483ba20bd"},"image":{"@id":"https:\/\/sandzakpress.net\/arhiva\/takmicenje-ucaca-kurana-u-zagrebu-nuhambasic-i-latifovic-iz-sandzaka-osvojili-nagrade\/#primaryimage"},"thumbnailUrl":"https:\/\/sandzakpress.net\/arhiva\/wp-content\/uploads\/2013\/10\/takmicenje-zagreb-300x2001.jpg","articleSection":["Novi Pazar","Islamska zajednica","Hrvatska"],"inLanguage":"bs-BA","potentialAction":[{"@type":"CommentAction","name":"Comment","target":["https:\/\/sandzakpress.net\/arhiva\/takmicenje-ucaca-kurana-u-zagrebu-nuhambasic-i-latifovic-iz-sandzaka-osvojili-nagrade\/#respond"]}]},{"@type":"WebPage","@id":"https:\/\/sandzakpress.net\/arhiva\/takmicenje-ucaca-kurana-u-zagrebu-nuhambasic-i-latifovic-iz-sandzaka-osvojili-nagrade\/","url":"https:\/\/sandzakpress.net\/arhiva\/takmicenje-ucaca-kurana-u-zagrebu-nuhambasic-i-latifovic-iz-sandzaka-osvojili-nagrade\/","name":"Takmi\u010denje u\u010da\u010da Kur'ana u Zagrebu: Nuhamba\u0161i\u0107 i Latifovi\u0107 iz Sand\u017eaka osvojili nagrade","isPartOf":{"@id":"https:\/\/sandzakpress.net\/arhiva\/#website"},"primaryImageOfPage":{"@id":"https:\/\/sandzakpress.net\/arhiva\/takmicenje-ucaca-kurana-u-zagrebu-nuhambasic-i-latifovic-iz-sandzaka-osvojili-nagrade\/#primaryimage"},"image":{"@id":"https:\/\/sandzakpress.net\/arhiva\/takmicenje-ucaca-kurana-u-zagrebu-nuhambasic-i-latifovic-iz-sandzaka-osvojili-nagrade\/#primaryimage"},"thumbnailUrl":"https:\/\/sandzakpress.net\/arhiva\/wp-content\/uploads\/2013\/10\/takmicenje-zagreb-300x2001.jpg","datePublished":"2013-10-02T19:24:18+00:00","breadcrumb":{"@id":"https:\/\/sandzakpress.net\/arhiva\/takmicenje-ucaca-kurana-u-zagrebu-nuhambasic-i-latifovic-iz-sandzaka-osvojili-nagrade\/#breadcrumb"},"inLanguage":"bs-BA","potentialAction":[{"@type":"ReadAction","target":["https:\/\/sandzakpress.net\/arhiva\/takmicenje-ucaca-kurana-u-zagrebu-nuhambasic-i-latifovic-iz-sandzaka-osvojili-nagrade\/"]}]},{"@type":"ImageObject","inLanguage":"bs-BA","@id":"https:\/\/sandzakpress.net\/arhiva\/takmicenje-ucaca-kurana-u-zagrebu-nuhambasic-i-latifovic-iz-sandzaka-osvojili-nagrade\/#primaryimage","url":"https:\/\/sandzakpress.net\/arhiva\/wp-content\/uploads\/2013\/10\/takmicenje-zagreb-300x2001.jpg","contentUrl":"https:\/\/sandzakpress.net\/arhiva\/wp-content\/uploads\/2013\/10\/takmicenje-zagreb-300x2001.jpg","width":300,"height":200},{"@type":"BreadcrumbList","@id":"https:\/\/sandzakpress.net\/arhiva\/takmicenje-ucaca-kurana-u-zagrebu-nuhambasic-i-latifovic-iz-sandzaka-osvojili-nagrade\/#breadcrumb","itemListElement":[{"@type":"ListItem","position":1,"name":"Home","item":"https:\/\/sandzakpress.net\/arhiva\/"},{"@type":"ListItem","position":2,"name":"Takmi\u010denje u\u010da\u010da Kur'ana u Zagrebu: Nuhamba\u0161i\u0107 i Latifovi\u0107 iz Sand\u017eaka osvojili nagrade"}]},{"@type":"WebSite","@id":"https:\/\/sandzakpress.net\/arhiva\/#website","url":"https:\/\/sandzakpress.net\/arhiva\/","name":"Sand\u017eak PRESS","description":"Prve elektronske novine u Sand\u017eaku","publisher":{"@id":"https:\/\/sandzakpress.net\/arhiva\/#\/schema\/person\/6e72b67d6e51910a1117b3b483ba20bd"},"potentialAction":[{"@type":"SearchAction","target":{"@type":"EntryPoint","urlTemplate":"https:\/\/sandzakpress.net\/arhiva\/?s={search_term_string}"},"query-input":{"@type":"PropertyValueSpecification","valueRequired":true,"valueName":"search_term_string"}}],"inLanguage":"bs-BA"},{"@type":["Person","Organization"],"@id":"https:\/\/sandzakpress.net\/arhiva\/#\/schema\/person\/6e72b67d6e51910a1117b3b483ba20bd","name":"Kul","image":{"@type":"ImageObject","inLanguage":"bs-BA","@id":"https:\/\/sandzakpress.net\/arhiva\/#\/schema\/person\/image\/","url":"https:\/\/secure.gravatar.com\/avatar\/42263f39aa27ac04c43cab85c280eb2e?s=96&d=mm&r=pg","contentUrl":"https:\/\/secure.gravatar.com\/avatar\/42263f39aa27ac04c43cab85c280eb2e?s=96&d=mm&r=pg","caption":"Kul"},"logo":{"@id":"https:\/\/sandzakpress.net\/arhiva\/#\/schema\/person\/image\/"}},{"@type":"Person","@id":"https:\/\/sandzakpress.net\/arhiva\/#\/schema\/person\/c8baee722073534b583ea7bdb2e36c02","name":"bosniak","image":{"@type":"ImageObject","inLanguage":"bs-BA","@id":"https:\/\/sandzakpress.net\/arhiva\/#\/schema\/person\/image\/","url":"https:\/\/secure.gravatar.com\/avatar\/a04fd330bfe3a36a72a0ad4a6d89fca7?s=96&d=mm&r=pg","contentUrl":"https:\/\/secure.gravatar.com\/avatar\/a04fd330bfe3a36a72a0ad4a6d89fca7?s=96&d=mm&r=pg","caption":"bosniak"},"url":"https:\/\/sandzakpress.net\/arhiva\/author\/bosniak\/"}]}},"_links":{"self":[{"href":"https:\/\/sandzakpress.net\/arhiva\/wp-json\/wp\/v2\/posts\/89332"}],"collection":[{"href":"https:\/\/sandzakpress.net\/arhiva\/wp-json\/wp\/v2\/posts"}],"about":[{"href":"https:\/\/sandzakpress.net\/arhiva\/wp-json\/wp\/v2\/types\/post"}],"author":[{"embeddable":true,"href":"https:\/\/sandzakpress.net\/arhiva\/wp-json\/wp\/v2\/users\/83"}],"replies":[{"embeddable":true,"href":"https:\/\/sandzakpress.net\/arhiva\/wp-json\/wp\/v2\/comments?post=89332"}],"version-history":[{"count":0,"href":"https:\/\/sandzakpress.net\/arhiva\/wp-json\/wp\/v2\/posts\/89332\/revisions"}],"wp:featuredmedia":[{"embeddable":true,"href":"https:\/\/sandzakpress.net\/arhiva\/wp-json\/wp\/v2\/media\/89334"}],"wp:attachment":[{"href":"https:\/\/sandzakpress.net\/arhiva\/wp-json\/wp\/v2\/media?parent=89332"}],"wp:term":[{"taxonomy":"category","embeddable":true,"href":"https:\/\/sandzakpress.net\/arhiva\/wp-json\/wp\/v2\/categories?post=89332"},{"taxonomy":"post_tag","embeddable":true,"href":"https:\/\/sandzakpress.net\/arhiva\/wp-json\/wp\/v2\/tags?post=89332"}],"curies":[{"name":"wp","href":"https:\/\/api.w.org\/{rel}","templated":true}]}}