{"id":89278,"date":"2013-10-02T20:26:00","date_gmt":"2013-10-02T18:26:00","guid":{"rendered":"https:\/\/sandzakpress.net\/arhiva\/?p=89278"},"modified":"2013-10-02T20:26:00","modified_gmt":"2013-10-02T18:26:00","slug":"predsjednik-banu-akademik-muhic-naglasava-vaznost-popisa-za-bosnjake-u-i-izvan-bih","status":"publish","type":"post","link":"https:\/\/sandzakpress.net\/arhiva\/predsjednik-banu-akademik-muhic-naglasava-vaznost-popisa-za-bosnjake-u-i-izvan-bih\/","title":{"rendered":"Predsjednik BANU akademik Muhi\u0107 nagla\u0161ava va\u017enost popisa za Bo\u0161njake u i izvan BiH"},"content":{"rendered":"<p><strong><a href=\"https:\/\/sandzakpress.net\/arhiva\/wp-content\/uploads\/2013\/10\/muhic-registracija.jpg\"><img loading=\"lazy\" decoding=\"async\" class=\"alignleft size-medium wp-image-89279\" alt=\"muhic-registracija\" src=\"https:\/\/sandzakpress.net\/arhiva\/wp-content\/uploads\/2013\/10\/muhic-registracija-300x111.jpg\" width=\"300\" height=\"111\" \/><\/a>BiH, Amerika &#8211; Predsjednik Bo\u0161nja\u010dke akademije nauka i umjetnosti (BANU) akademik Ferid Muhi\u0107, uputio je danas pismo gospodinu Emiru Ramui\u0107u, direktoru za istra\u017eivanje genocida \u2013 Kanada.<\/strong><\/p>\n<p>Pismo prenosimo u cjelosti:<\/p>\n<p>&#8211; Po\u0161tovani kolega Emir Rami\u0107, dragi prijatelju,<\/p>\n<p>Prije pet godina, Bo\u0161njaci Republike Makedonije i na\u0161i politi\u010dki pretstavnici, poslanici u Parlamentu Makedonije, \u00a0pitali su me koji datum da se odredi kao Dan Bo\u0161njaka.<\/p>\n<p>Prethodno su ve\u0107 bili ustanovljeni datumi, \u00a0Dan (obnovljene) Dr\u017eavnosti, kao i Dan Bo\u0161nja\u010dke Zastave.<\/p>\n<p>Po\u0161to su Bo\u0161njaci eksplicitno uklju\u010deni i u Ustav Republike Makedonije, tra\u017eio se datum koji \u0107e biti promovisan kao praznik \u00a0nacionalni praznik Bo\u0161njaka, pa tako i kao nacionalni praznik Bo\u0161njaka u Makedoniji, da bi mogao u\u0107i u spisak dr\u017eavnih praznika republijke Makedonije.<\/p>\n<p>Moj prijedlog da to bude 28 septembar, dan obnavljanja istorijskog nacionalnog imena Bo\u0161njaka, jednoglasno je prihva\u0107en i od tada se obilje\u017eava kao\u00a0<b>Dan Bo\u0161njaka<\/b>.<\/p>\n<p>Ovim \u00a0Vas \u017eelim ujedno informisati o tome da smo datum koji Vi predla\u017eete ve\u0107 prihvatili kao Dan Bo\u0161njaka, da se, u skladu s tim, bezrezervno sla\u017eemo sa prijedlogom da to bude univerzalni Nacionalni Dan Bo\u0161njaka, i da izrazim svoje iznena\u0111enje \u0161to to do sada nije ve\u0107 u\u010dinjeno.<\/p>\n<p>Eto, zaista me je za\u010dudila \u010dinjenica da mi to tek sada realizujemo i u Bosni i Hercegovini kao mati\u010dnoj dr\u017eavi Bo\u0161njaka, posebno ako se ima u vidu da je odluka o obnovaljanju na\u0161eg istorijskog nacionalog imena donijeta oficijalno prije punih 20 godina i da je na\u0161e nacionalno ime\u00a0<b>Bo\u0161njaci<\/b>\u00a0legitimisano \u010dlanom 7 ustava Bosne i Hercegovine, dakle, najvi\u0161om zakonskom odnosno, pravno obavezuju\u0107om instancom.<\/p>\n<p>Dragi Emire, vi ste ve\u0107 obavili ogroman posao, ali o\u010digledno ima jo\u0161 mnogo toga da uradimo, posebno da vratimo samopo\u0161tovanje svim Bo\u0161njacima u Bosni i Hercegovini i u cijelom svijetu, gdje god mi \u017eivimo!<\/p>\n<p>Pozdravljaju\u0107i ovu inicijativu, za koju sam bio uvjeren da je ve\u0107 odavno\u00a0<i>fait accompli<\/i>, dakle\u00a0<i>\u00a0zavr\u0161ena stvar<\/i>, \u010dvrsto sam uvjeren da \u0107e na popisu koji po\u010dinje danas, Bo\u0161njaci listom potvrditi da su se probudili iz kolektivne amnezije u koju su ih cijelo stolje\u0107e svim sredstvima propagande i prinude, gurali oni koji bi da Bosnu i Hercegovinu otmu od Bo\u0161njaka! Jer danas ve\u0107, zahvaljuju\u0107i svim patriotskim organizacijama i pojedincima, a \u00a0u velikoj mjeri i Vama i Va\u0161em radu, Bo\u0161njaci znaju da jesu oni koji jesu!<\/p>\n<p>Neka ovaj popis potvrdi da nama Bo\u0161njacima nisu potrebni nikakvi tutori ni du\u0161ebri\u017enici, i da \u0107e svaki Bo\u0161njak od danas pa dovijeka, ako Bog da, biti Bo\u0161njak koji zna, voli i u potpunosti prihvata sebe kao Bo\u0161njaka!<\/p>\n<p>S po\u0161tovanjem,<\/p>\n<p>(banu.eu.com)<\/p>\n","protected":false},"excerpt":{"rendered":"<p>BiH, Amerika &#8211; Predsjednik Bo\u0161nja\u010dke akademije nauka i umjetnosti (BANU) akademik Ferid Muhi\u0107, uputio je danas pismo gospodinu Emiru Ramui\u0107u, direktoru za istra\u017eivanje genocida \u2013 Kanada. Pismo prenosimo u cjelosti: &#8211; Po\u0161tovani kolega Emir Rami\u0107, dragi prijatelju, Prije pet godina, Bo\u0161njaci Republike Makedonije i na\u0161i politi\u010dki pretstavnici, poslanici u Parlamentu Makedonije, \u00a0pitali su me koji [&hellip;]<\/p>\n","protected":false},"author":83,"featured_media":89280,"comment_status":"open","ping_status":"open","sticky":false,"template":"","format":"standard","meta":{"footnotes":""},"categories":[800,2860,3012],"tags":[],"class_list":{"0":"post-89278","1":"post","2":"type-post","3":"status-publish","4":"format-standard","5":"has-post-thumbnail","7":"category-nacija","8":"category-bosna-i-hercegovina-gradovi","9":"category-amerika-gradovi"},"yoast_head":"<!-- This site is optimized with the Yoast SEO Premium plugin v23.1 (Yoast SEO v24.9) - https:\/\/yoast.com\/wordpress\/plugins\/seo\/ -->\n<title>Predsjednik BANU akademik Muhi\u0107 nagla\u0161ava va\u017enost popisa za Bo\u0161njake u i izvan BiH<\/title>\n<meta name=\"robots\" content=\"index, follow, max-snippet:-1, max-image-preview:large, max-video-preview:-1\" \/>\n<link rel=\"canonical\" href=\"https:\/\/sandzakpress.net\/arhiva\/predsjednik-banu-akademik-muhic-naglasava-vaznost-popisa-za-bosnjake-u-i-izvan-bih\/\" \/>\n<meta property=\"og:locale\" content=\"bs_BA\" \/>\n<meta property=\"og:type\" content=\"article\" \/>\n<meta property=\"og:title\" content=\"Predsjednik BANU akademik Muhi\u0107 nagla\u0161ava va\u017enost popisa za Bo\u0161njake u i izvan BiH\" \/>\n<meta property=\"og:description\" content=\"BiH, Amerika &#8211; Predsjednik Bo\u0161nja\u010dke akademije nauka i umjetnosti (BANU) akademik Ferid Muhi\u0107, uputio je danas pismo gospodinu Emiru Ramui\u0107u, direktoru za istra\u017eivanje genocida \u2013 Kanada. Pismo prenosimo u cjelosti: &#8211; Po\u0161tovani kolega Emir Rami\u0107, dragi prijatelju, Prije pet godina, Bo\u0161njaci Republike Makedonije i na\u0161i politi\u010dki pretstavnici, poslanici u Parlamentu Makedonije, \u00a0pitali su me koji [&hellip;]\" \/>\n<meta property=\"og:url\" content=\"https:\/\/sandzakpress.net\/arhiva\/predsjednik-banu-akademik-muhic-naglasava-vaznost-popisa-za-bosnjake-u-i-izvan-bih\/\" \/>\n<meta property=\"og:site_name\" content=\"Sand\u017eak PRESS\" \/>\n<meta property=\"article:published_time\" content=\"2013-10-02T18:26:00+00:00\" \/>\n<meta property=\"og:image\" content=\"https:\/\/sandzakpress.net\/arhiva\/wp-content\/uploads\/2013\/10\/muhic-registracija-300x1111.jpg\" \/>\n\t<meta property=\"og:image:width\" content=\"300\" \/>\n\t<meta property=\"og:image:height\" content=\"111\" \/>\n\t<meta property=\"og:image:type\" content=\"image\/jpeg\" \/>\n<meta name=\"author\" content=\"bosniak\" \/>\n<meta name=\"twitter:card\" content=\"summary_large_image\" \/>\n<meta name=\"twitter:label1\" content=\"Written by\" \/>\n\t<meta name=\"twitter:data1\" content=\"bosniak\" \/>\n\t<meta name=\"twitter:label2\" content=\"Est. reading time\" \/>\n\t<meta name=\"twitter:data2\" content=\"2 minute\" \/>\n<script type=\"application\/ld+json\" class=\"yoast-schema-graph\">{\"@context\":\"https:\/\/schema.org\",\"@graph\":[{\"@type\":\"Article\",\"@id\":\"https:\/\/sandzakpress.net\/arhiva\/predsjednik-banu-akademik-muhic-naglasava-vaznost-popisa-za-bosnjake-u-i-izvan-bih\/#article\",\"isPartOf\":{\"@id\":\"https:\/\/sandzakpress.net\/arhiva\/predsjednik-banu-akademik-muhic-naglasava-vaznost-popisa-za-bosnjake-u-i-izvan-bih\/\"},\"author\":{\"name\":\"bosniak\",\"@id\":\"https:\/\/sandzakpress.net\/arhiva\/#\/schema\/person\/c8baee722073534b583ea7bdb2e36c02\"},\"headline\":\"Predsjednik BANU akademik Muhi\u0107 nagla\u0161ava va\u017enost popisa za Bo\u0161njake u i izvan BiH\",\"datePublished\":\"2013-10-02T18:26:00+00:00\",\"mainEntityOfPage\":{\"@id\":\"https:\/\/sandzakpress.net\/arhiva\/predsjednik-banu-akademik-muhic-naglasava-vaznost-popisa-za-bosnjake-u-i-izvan-bih\/\"},\"wordCount\":481,\"commentCount\":1,\"publisher\":{\"@id\":\"https:\/\/sandzakpress.net\/arhiva\/#\/schema\/person\/6e72b67d6e51910a1117b3b483ba20bd\"},\"image\":{\"@id\":\"https:\/\/sandzakpress.net\/arhiva\/predsjednik-banu-akademik-muhic-naglasava-vaznost-popisa-za-bosnjake-u-i-izvan-bih\/#primaryimage\"},\"thumbnailUrl\":\"https:\/\/sandzakpress.net\/arhiva\/wp-content\/uploads\/2013\/10\/muhic-registracija-300x1111.jpg\",\"articleSection\":[\"Nacija\",\"Bosna i Hercegovina\",\"Amerika\"],\"inLanguage\":\"bs-BA\",\"potentialAction\":[{\"@type\":\"CommentAction\",\"name\":\"Comment\",\"target\":[\"https:\/\/sandzakpress.net\/arhiva\/predsjednik-banu-akademik-muhic-naglasava-vaznost-popisa-za-bosnjake-u-i-izvan-bih\/#respond\"]}]},{\"@type\":\"WebPage\",\"@id\":\"https:\/\/sandzakpress.net\/arhiva\/predsjednik-banu-akademik-muhic-naglasava-vaznost-popisa-za-bosnjake-u-i-izvan-bih\/\",\"url\":\"https:\/\/sandzakpress.net\/arhiva\/predsjednik-banu-akademik-muhic-naglasava-vaznost-popisa-za-bosnjake-u-i-izvan-bih\/\",\"name\":\"Predsjednik BANU akademik Muhi\u0107 nagla\u0161ava va\u017enost popisa za Bo\u0161njake u i izvan BiH\",\"isPartOf\":{\"@id\":\"https:\/\/sandzakpress.net\/arhiva\/#website\"},\"primaryImageOfPage\":{\"@id\":\"https:\/\/sandzakpress.net\/arhiva\/predsjednik-banu-akademik-muhic-naglasava-vaznost-popisa-za-bosnjake-u-i-izvan-bih\/#primaryimage\"},\"image\":{\"@id\":\"https:\/\/sandzakpress.net\/arhiva\/predsjednik-banu-akademik-muhic-naglasava-vaznost-popisa-za-bosnjake-u-i-izvan-bih\/#primaryimage\"},\"thumbnailUrl\":\"https:\/\/sandzakpress.net\/arhiva\/wp-content\/uploads\/2013\/10\/muhic-registracija-300x1111.jpg\",\"datePublished\":\"2013-10-02T18:26:00+00:00\",\"breadcrumb\":{\"@id\":\"https:\/\/sandzakpress.net\/arhiva\/predsjednik-banu-akademik-muhic-naglasava-vaznost-popisa-za-bosnjake-u-i-izvan-bih\/#breadcrumb\"},\"inLanguage\":\"bs-BA\",\"potentialAction\":[{\"@type\":\"ReadAction\",\"target\":[\"https:\/\/sandzakpress.net\/arhiva\/predsjednik-banu-akademik-muhic-naglasava-vaznost-popisa-za-bosnjake-u-i-izvan-bih\/\"]}]},{\"@type\":\"ImageObject\",\"inLanguage\":\"bs-BA\",\"@id\":\"https:\/\/sandzakpress.net\/arhiva\/predsjednik-banu-akademik-muhic-naglasava-vaznost-popisa-za-bosnjake-u-i-izvan-bih\/#primaryimage\",\"url\":\"https:\/\/sandzakpress.net\/arhiva\/wp-content\/uploads\/2013\/10\/muhic-registracija-300x1111.jpg\",\"contentUrl\":\"https:\/\/sandzakpress.net\/arhiva\/wp-content\/uploads\/2013\/10\/muhic-registracija-300x1111.jpg\",\"width\":300,\"height\":111},{\"@type\":\"BreadcrumbList\",\"@id\":\"https:\/\/sandzakpress.net\/arhiva\/predsjednik-banu-akademik-muhic-naglasava-vaznost-popisa-za-bosnjake-u-i-izvan-bih\/#breadcrumb\",\"itemListElement\":[{\"@type\":\"ListItem\",\"position\":1,\"name\":\"Home\",\"item\":\"https:\/\/sandzakpress.net\/arhiva\/\"},{\"@type\":\"ListItem\",\"position\":2,\"name\":\"Predsjednik BANU akademik Muhi\u0107 nagla\u0161ava va\u017enost popisa za Bo\u0161njake u i izvan BiH\"}]},{\"@type\":\"WebSite\",\"@id\":\"https:\/\/sandzakpress.net\/arhiva\/#website\",\"url\":\"https:\/\/sandzakpress.net\/arhiva\/\",\"name\":\"Sand\u017eak PRESS\",\"description\":\"Prve elektronske novine u Sand\u017eaku\",\"publisher\":{\"@id\":\"https:\/\/sandzakpress.net\/arhiva\/#\/schema\/person\/6e72b67d6e51910a1117b3b483ba20bd\"},\"potentialAction\":[{\"@type\":\"SearchAction\",\"target\":{\"@type\":\"EntryPoint\",\"urlTemplate\":\"https:\/\/sandzakpress.net\/arhiva\/?s={search_term_string}\"},\"query-input\":{\"@type\":\"PropertyValueSpecification\",\"valueRequired\":true,\"valueName\":\"search_term_string\"}}],\"inLanguage\":\"bs-BA\"},{\"@type\":[\"Person\",\"Organization\"],\"@id\":\"https:\/\/sandzakpress.net\/arhiva\/#\/schema\/person\/6e72b67d6e51910a1117b3b483ba20bd\",\"name\":\"Kul\",\"image\":{\"@type\":\"ImageObject\",\"inLanguage\":\"bs-BA\",\"@id\":\"https:\/\/sandzakpress.net\/arhiva\/#\/schema\/person\/image\/\",\"url\":\"https:\/\/secure.gravatar.com\/avatar\/42263f39aa27ac04c43cab85c280eb2e?s=96&d=mm&r=pg\",\"contentUrl\":\"https:\/\/secure.gravatar.com\/avatar\/42263f39aa27ac04c43cab85c280eb2e?s=96&d=mm&r=pg\",\"caption\":\"Kul\"},\"logo\":{\"@id\":\"https:\/\/sandzakpress.net\/arhiva\/#\/schema\/person\/image\/\"}},{\"@type\":\"Person\",\"@id\":\"https:\/\/sandzakpress.net\/arhiva\/#\/schema\/person\/c8baee722073534b583ea7bdb2e36c02\",\"name\":\"bosniak\",\"image\":{\"@type\":\"ImageObject\",\"inLanguage\":\"bs-BA\",\"@id\":\"https:\/\/sandzakpress.net\/arhiva\/#\/schema\/person\/image\/\",\"url\":\"https:\/\/secure.gravatar.com\/avatar\/a04fd330bfe3a36a72a0ad4a6d89fca7?s=96&d=mm&r=pg\",\"contentUrl\":\"https:\/\/secure.gravatar.com\/avatar\/a04fd330bfe3a36a72a0ad4a6d89fca7?s=96&d=mm&r=pg\",\"caption\":\"bosniak\"},\"url\":\"https:\/\/sandzakpress.net\/arhiva\/author\/bosniak\/\"}]}<\/script>\n<!-- \/ Yoast SEO Premium plugin. -->","yoast_head_json":{"title":"Predsjednik BANU akademik Muhi\u0107 nagla\u0161ava va\u017enost popisa za Bo\u0161njake u i izvan BiH","robots":{"index":"index","follow":"follow","max-snippet":"max-snippet:-1","max-image-preview":"max-image-preview:large","max-video-preview":"max-video-preview:-1"},"canonical":"https:\/\/sandzakpress.net\/arhiva\/predsjednik-banu-akademik-muhic-naglasava-vaznost-popisa-za-bosnjake-u-i-izvan-bih\/","og_locale":"bs_BA","og_type":"article","og_title":"Predsjednik BANU akademik Muhi\u0107 nagla\u0161ava va\u017enost popisa za Bo\u0161njake u i izvan BiH","og_description":"BiH, Amerika &#8211; Predsjednik Bo\u0161nja\u010dke akademije nauka i umjetnosti (BANU) akademik Ferid Muhi\u0107, uputio je danas pismo gospodinu Emiru Ramui\u0107u, direktoru za istra\u017eivanje genocida \u2013 Kanada. Pismo prenosimo u cjelosti: &#8211; Po\u0161tovani kolega Emir Rami\u0107, dragi prijatelju, Prije pet godina, Bo\u0161njaci Republike Makedonije i na\u0161i politi\u010dki pretstavnici, poslanici u Parlamentu Makedonije, \u00a0pitali su me koji [&hellip;]","og_url":"https:\/\/sandzakpress.net\/arhiva\/predsjednik-banu-akademik-muhic-naglasava-vaznost-popisa-za-bosnjake-u-i-izvan-bih\/","og_site_name":"Sand\u017eak PRESS","article_published_time":"2013-10-02T18:26:00+00:00","og_image":[{"width":300,"height":111,"url":"https:\/\/sandzakpress.net\/arhiva\/wp-content\/uploads\/2013\/10\/muhic-registracija-300x1111.jpg","type":"image\/jpeg"}],"author":"bosniak","twitter_card":"summary_large_image","twitter_misc":{"Written by":"bosniak","Est. reading time":"2 minute"},"schema":{"@context":"https:\/\/schema.org","@graph":[{"@type":"Article","@id":"https:\/\/sandzakpress.net\/arhiva\/predsjednik-banu-akademik-muhic-naglasava-vaznost-popisa-za-bosnjake-u-i-izvan-bih\/#article","isPartOf":{"@id":"https:\/\/sandzakpress.net\/arhiva\/predsjednik-banu-akademik-muhic-naglasava-vaznost-popisa-za-bosnjake-u-i-izvan-bih\/"},"author":{"name":"bosniak","@id":"https:\/\/sandzakpress.net\/arhiva\/#\/schema\/person\/c8baee722073534b583ea7bdb2e36c02"},"headline":"Predsjednik BANU akademik Muhi\u0107 nagla\u0161ava va\u017enost popisa za Bo\u0161njake u i izvan BiH","datePublished":"2013-10-02T18:26:00+00:00","mainEntityOfPage":{"@id":"https:\/\/sandzakpress.net\/arhiva\/predsjednik-banu-akademik-muhic-naglasava-vaznost-popisa-za-bosnjake-u-i-izvan-bih\/"},"wordCount":481,"commentCount":1,"publisher":{"@id":"https:\/\/sandzakpress.net\/arhiva\/#\/schema\/person\/6e72b67d6e51910a1117b3b483ba20bd"},"image":{"@id":"https:\/\/sandzakpress.net\/arhiva\/predsjednik-banu-akademik-muhic-naglasava-vaznost-popisa-za-bosnjake-u-i-izvan-bih\/#primaryimage"},"thumbnailUrl":"https:\/\/sandzakpress.net\/arhiva\/wp-content\/uploads\/2013\/10\/muhic-registracija-300x1111.jpg","articleSection":["Nacija","Bosna i Hercegovina","Amerika"],"inLanguage":"bs-BA","potentialAction":[{"@type":"CommentAction","name":"Comment","target":["https:\/\/sandzakpress.net\/arhiva\/predsjednik-banu-akademik-muhic-naglasava-vaznost-popisa-za-bosnjake-u-i-izvan-bih\/#respond"]}]},{"@type":"WebPage","@id":"https:\/\/sandzakpress.net\/arhiva\/predsjednik-banu-akademik-muhic-naglasava-vaznost-popisa-za-bosnjake-u-i-izvan-bih\/","url":"https:\/\/sandzakpress.net\/arhiva\/predsjednik-banu-akademik-muhic-naglasava-vaznost-popisa-za-bosnjake-u-i-izvan-bih\/","name":"Predsjednik BANU akademik Muhi\u0107 nagla\u0161ava va\u017enost popisa za Bo\u0161njake u i izvan BiH","isPartOf":{"@id":"https:\/\/sandzakpress.net\/arhiva\/#website"},"primaryImageOfPage":{"@id":"https:\/\/sandzakpress.net\/arhiva\/predsjednik-banu-akademik-muhic-naglasava-vaznost-popisa-za-bosnjake-u-i-izvan-bih\/#primaryimage"},"image":{"@id":"https:\/\/sandzakpress.net\/arhiva\/predsjednik-banu-akademik-muhic-naglasava-vaznost-popisa-za-bosnjake-u-i-izvan-bih\/#primaryimage"},"thumbnailUrl":"https:\/\/sandzakpress.net\/arhiva\/wp-content\/uploads\/2013\/10\/muhic-registracija-300x1111.jpg","datePublished":"2013-10-02T18:26:00+00:00","breadcrumb":{"@id":"https:\/\/sandzakpress.net\/arhiva\/predsjednik-banu-akademik-muhic-naglasava-vaznost-popisa-za-bosnjake-u-i-izvan-bih\/#breadcrumb"},"inLanguage":"bs-BA","potentialAction":[{"@type":"ReadAction","target":["https:\/\/sandzakpress.net\/arhiva\/predsjednik-banu-akademik-muhic-naglasava-vaznost-popisa-za-bosnjake-u-i-izvan-bih\/"]}]},{"@type":"ImageObject","inLanguage":"bs-BA","@id":"https:\/\/sandzakpress.net\/arhiva\/predsjednik-banu-akademik-muhic-naglasava-vaznost-popisa-za-bosnjake-u-i-izvan-bih\/#primaryimage","url":"https:\/\/sandzakpress.net\/arhiva\/wp-content\/uploads\/2013\/10\/muhic-registracija-300x1111.jpg","contentUrl":"https:\/\/sandzakpress.net\/arhiva\/wp-content\/uploads\/2013\/10\/muhic-registracija-300x1111.jpg","width":300,"height":111},{"@type":"BreadcrumbList","@id":"https:\/\/sandzakpress.net\/arhiva\/predsjednik-banu-akademik-muhic-naglasava-vaznost-popisa-za-bosnjake-u-i-izvan-bih\/#breadcrumb","itemListElement":[{"@type":"ListItem","position":1,"name":"Home","item":"https:\/\/sandzakpress.net\/arhiva\/"},{"@type":"ListItem","position":2,"name":"Predsjednik BANU akademik Muhi\u0107 nagla\u0161ava va\u017enost popisa za Bo\u0161njake u i izvan BiH"}]},{"@type":"WebSite","@id":"https:\/\/sandzakpress.net\/arhiva\/#website","url":"https:\/\/sandzakpress.net\/arhiva\/","name":"Sand\u017eak PRESS","description":"Prve elektronske novine u Sand\u017eaku","publisher":{"@id":"https:\/\/sandzakpress.net\/arhiva\/#\/schema\/person\/6e72b67d6e51910a1117b3b483ba20bd"},"potentialAction":[{"@type":"SearchAction","target":{"@type":"EntryPoint","urlTemplate":"https:\/\/sandzakpress.net\/arhiva\/?s={search_term_string}"},"query-input":{"@type":"PropertyValueSpecification","valueRequired":true,"valueName":"search_term_string"}}],"inLanguage":"bs-BA"},{"@type":["Person","Organization"],"@id":"https:\/\/sandzakpress.net\/arhiva\/#\/schema\/person\/6e72b67d6e51910a1117b3b483ba20bd","name":"Kul","image":{"@type":"ImageObject","inLanguage":"bs-BA","@id":"https:\/\/sandzakpress.net\/arhiva\/#\/schema\/person\/image\/","url":"https:\/\/secure.gravatar.com\/avatar\/42263f39aa27ac04c43cab85c280eb2e?s=96&d=mm&r=pg","contentUrl":"https:\/\/secure.gravatar.com\/avatar\/42263f39aa27ac04c43cab85c280eb2e?s=96&d=mm&r=pg","caption":"Kul"},"logo":{"@id":"https:\/\/sandzakpress.net\/arhiva\/#\/schema\/person\/image\/"}},{"@type":"Person","@id":"https:\/\/sandzakpress.net\/arhiva\/#\/schema\/person\/c8baee722073534b583ea7bdb2e36c02","name":"bosniak","image":{"@type":"ImageObject","inLanguage":"bs-BA","@id":"https:\/\/sandzakpress.net\/arhiva\/#\/schema\/person\/image\/","url":"https:\/\/secure.gravatar.com\/avatar\/a04fd330bfe3a36a72a0ad4a6d89fca7?s=96&d=mm&r=pg","contentUrl":"https:\/\/secure.gravatar.com\/avatar\/a04fd330bfe3a36a72a0ad4a6d89fca7?s=96&d=mm&r=pg","caption":"bosniak"},"url":"https:\/\/sandzakpress.net\/arhiva\/author\/bosniak\/"}]}},"_links":{"self":[{"href":"https:\/\/sandzakpress.net\/arhiva\/wp-json\/wp\/v2\/posts\/89278"}],"collection":[{"href":"https:\/\/sandzakpress.net\/arhiva\/wp-json\/wp\/v2\/posts"}],"about":[{"href":"https:\/\/sandzakpress.net\/arhiva\/wp-json\/wp\/v2\/types\/post"}],"author":[{"embeddable":true,"href":"https:\/\/sandzakpress.net\/arhiva\/wp-json\/wp\/v2\/users\/83"}],"replies":[{"embeddable":true,"href":"https:\/\/sandzakpress.net\/arhiva\/wp-json\/wp\/v2\/comments?post=89278"}],"version-history":[{"count":0,"href":"https:\/\/sandzakpress.net\/arhiva\/wp-json\/wp\/v2\/posts\/89278\/revisions"}],"wp:featuredmedia":[{"embeddable":true,"href":"https:\/\/sandzakpress.net\/arhiva\/wp-json\/wp\/v2\/media\/89280"}],"wp:attachment":[{"href":"https:\/\/sandzakpress.net\/arhiva\/wp-json\/wp\/v2\/media?parent=89278"}],"wp:term":[{"taxonomy":"category","embeddable":true,"href":"https:\/\/sandzakpress.net\/arhiva\/wp-json\/wp\/v2\/categories?post=89278"},{"taxonomy":"post_tag","embeddable":true,"href":"https:\/\/sandzakpress.net\/arhiva\/wp-json\/wp\/v2\/tags?post=89278"}],"curies":[{"name":"wp","href":"https:\/\/api.w.org\/{rel}","templated":true}]}}